{"id":251,"count":90,"description":"Somos educadores desde hace un cuarto de siglo, en diversas disciplinas. Aqu\u00ed est\u00e1 lo que hacemos en la intersecci\u00f3n entre educaci\u00f3n y gastronom\u00eda.","link":"https:\/\/le-fort.org\/cocina\/categoria\/educacion\/","name":"Educaci\u00f3n","slug":"educacion","taxonomy":"category","parent":0,"meta":[],"_links":{"self":[{"href":"https:\/\/le-fort.org\/cocina\/wp-json\/wp\/v2\/categories\/251","targetHints":{"allow":["GET"]}}],"collection":[{"href":"https:\/\/le-fort.org\/cocina\/wp-json\/wp\/v2\/categories"}],"about":[{"href":"https:\/\/le-fort.org\/cocina\/wp-json\/wp\/v2\/taxonomies\/category"}],"wp:post_type":[{"href":"https:\/\/le-fort.org\/cocina\/wp-json\/wp\/v2\/posts?categories=251"}],"curies":[{"name":"wp","href":"https:\/\/api.w.org\/{rel}","templated":true}]}}