{"id":10234,"date":"2017-11-25T21:30:06","date_gmt":"2017-11-26T02:30:06","guid":{"rendered":"https:\/\/le-fort.org\/?p=10234"},"modified":"2022-01-05T10:05:06","modified_gmt":"2022-01-05T15:05:06","slug":"guia-de-tecnicas-culinarias-ecuador","status":"publish","type":"post","link":"https:\/\/le-fort.org\/cocina\/guia-de-tecnicas-culinarias-ecuador\/","title":{"rendered":"Gu\u00eda de T\u00e9cnicas Culinarias"},"content":{"rendered":"<p>El pasado 23 de noviembre se present\u00f3 en sociedad la <a href=\"https:\/\/chefs.ec\/publicaciones\/guia-de-tecnicas-culinarias\/\" target=\"_blank\" rel=\"noopener\"><strong>Gu\u00eda de T\u00e9cnicas Culinarias<\/strong><\/a>. Este es un proyecto de World Chefs (ex WACS), que tiene como objetivo\u00a0contribuir a profesionalizar la cocina para contribuir a que tome el sitial que le corresponde en el escenario tur\u00edstico mundial. Es un hermoso proyecto en el que participamos los miembros de Le-Fort.org: <a href=\"https:\/\/le-fort.org\/nuestro-proyecto\/marell\/\">Marell<\/a> y <a href=\"https:\/\/le-fort.org\/nuestro-proyecto\/rodrigo\/\">Rodrigo<\/a>.<!--more--><\/p>\n<figure id=\"attachment_10298\" aria-describedby=\"caption-attachment-10298\" style=\"width: 900px\" class=\"wp-caption aligncenter\"><img data-recalc-dims=\"1\" loading=\"lazy\" decoding=\"async\" data-attachment-id=\"10298\" data-permalink=\"https:\/\/le-fort.org\/cocina\/guia-de-tecnicas-culinarias-ecuador\/logo-worldchefs\/\" data-orig-file=\"https:\/\/i0.wp.com\/le-fort.org\/cocina\/wp-content\/uploads\/2017\/11\/logo-worldchefs.jpg?fit=900%2C635&amp;ssl=1\" data-orig-size=\"900,635\" data-comments-opened=\"0\" data-image-meta=\"{&quot;aperture&quot;:&quot;0&quot;,&quot;credit&quot;:&quot;&quot;,&quot;camera&quot;:&quot;&quot;,&quot;caption&quot;:&quot;&quot;,&quot;created_timestamp&quot;:&quot;0&quot;,&quot;copyright&quot;:&quot;&quot;,&quot;focal_length&quot;:&quot;0&quot;,&quot;iso&quot;:&quot;0&quot;,&quot;shutter_speed&quot;:&quot;0&quot;,&quot;title&quot;:&quot;&quot;,&quot;orientation&quot;:&quot;0&quot;}\" data-image-title=\"logo-worldchefs\" data-image-description=\"\" data-image-caption=\"&lt;p&gt;El proyecto proviene de World Chefs&lt;\/p&gt;\n\" data-large-file=\"https:\/\/i0.wp.com\/le-fort.org\/cocina\/wp-content\/uploads\/2017\/11\/logo-worldchefs.jpg?fit=900%2C635&amp;ssl=1\" class=\"size-full wp-image-10298\" src=\"https:\/\/i0.wp.com\/le-fort.org\/wp-content\/uploads\/2017\/11\/logo-worldchefs.jpg?resize=900%2C635&#038;ssl=1\" alt=\"El proyecto proviene de World Chefs\" width=\"900\" height=\"635\" srcset=\"https:\/\/i0.wp.com\/le-fort.org\/cocina\/wp-content\/uploads\/2017\/11\/logo-worldchefs.jpg?w=900&amp;ssl=1 900w, https:\/\/i0.wp.com\/le-fort.org\/cocina\/wp-content\/uploads\/2017\/11\/logo-worldchefs.jpg?resize=600%2C423&amp;ssl=1 600w\" sizes=\"auto, (max-width: 900px) 100vw, 900px\" \/><figcaption id=\"caption-attachment-10298\" class=\"wp-caption-text\">El proyecto proviene de World Chefs<\/figcaption><\/figure>\n<p>La presentaci\u00f3n fue en las oficinas de Nestl\u00e9 en Quito, un jueves lluvioso que temimos conspirara contra la llegada de los invitados. Lo bueno es que lleg\u00f3 un nutrido y entusiasta grupo en el que tuvimos la alegr\u00eda de reencontrarnos con amigos a quienes no ve\u00edamos desde hace tiempo, y por supuesto de conocer a nuevas personas.<\/p>\n<figure id=\"attachment_10300\" aria-describedby=\"caption-attachment-10300\" style=\"width: 1280px\" class=\"wp-caption aligncenter\"><img data-recalc-dims=\"1\" loading=\"lazy\" decoding=\"async\" data-attachment-id=\"10300\" data-permalink=\"https:\/\/le-fort.org\/cocina\/guia-de-tecnicas-culinarias-ecuador\/autores\/\" data-orig-file=\"https:\/\/i0.wp.com\/le-fort.org\/cocina\/wp-content\/uploads\/2017\/11\/autores.jpg?fit=1280%2C720&amp;ssl=1\" data-orig-size=\"1280,720\" data-comments-opened=\"0\" data-image-meta=\"{&quot;aperture&quot;:&quot;0&quot;,&quot;credit&quot;:&quot;&quot;,&quot;camera&quot;:&quot;&quot;,&quot;caption&quot;:&quot;&quot;,&quot;created_timestamp&quot;:&quot;0&quot;,&quot;copyright&quot;:&quot;&quot;,&quot;focal_length&quot;:&quot;0&quot;,&quot;iso&quot;:&quot;0&quot;,&quot;shutter_speed&quot;:&quot;0&quot;,&quot;title&quot;:&quot;&quot;,&quot;orientation&quot;:&quot;0&quot;}\" data-image-title=\"autores\" data-image-description=\"\" data-image-caption=\"&lt;p&gt;Algunos de los autores de la Gu\u00eda de T\u00e9cnicas Culinarias&lt;\/p&gt;\n\" data-large-file=\"https:\/\/i0.wp.com\/le-fort.org\/cocina\/wp-content\/uploads\/2017\/11\/autores.jpg?fit=1200%2C675&amp;ssl=1\" class=\"size-large wp-image-10300\" src=\"https:\/\/i0.wp.com\/le-fort.org\/wp-content\/uploads\/2017\/11\/autores-1280x720.jpg?resize=1200%2C675&#038;ssl=1\" alt=\"Algunos de los autores de la Gu\u00eda de T\u00e9cnicas Culinarias\" width=\"1200\" height=\"675\" srcset=\"https:\/\/i0.wp.com\/le-fort.org\/cocina\/wp-content\/uploads\/2017\/11\/autores.jpg?w=1280&amp;ssl=1 1280w, https:\/\/i0.wp.com\/le-fort.org\/cocina\/wp-content\/uploads\/2017\/11\/autores.jpg?resize=600%2C338&amp;ssl=1 600w\" sizes=\"auto, (max-width: 1200px) 100vw, 1200px\" \/><figcaption id=\"caption-attachment-10300\" class=\"wp-caption-text\">Algunos de los autores de la Gu\u00eda de T\u00e9cnicas Culinarias en la presentaci\u00f3n.<\/figcaption><\/figure>\n<figure id=\"attachment_10302\" aria-describedby=\"caption-attachment-10302\" style=\"width: 1280px\" class=\"wp-caption aligncenter\"><img data-recalc-dims=\"1\" loading=\"lazy\" decoding=\"async\" data-attachment-id=\"10302\" data-permalink=\"https:\/\/le-fort.org\/cocina\/guia-de-tecnicas-culinarias-ecuador\/preso-1\/\" data-orig-file=\"https:\/\/i0.wp.com\/le-fort.org\/cocina\/wp-content\/uploads\/2017\/11\/preso-1.jpg?fit=1280%2C720&amp;ssl=1\" data-orig-size=\"1280,720\" data-comments-opened=\"0\" data-image-meta=\"{&quot;aperture&quot;:&quot;0&quot;,&quot;credit&quot;:&quot;&quot;,&quot;camera&quot;:&quot;&quot;,&quot;caption&quot;:&quot;&quot;,&quot;created_timestamp&quot;:&quot;0&quot;,&quot;copyright&quot;:&quot;&quot;,&quot;focal_length&quot;:&quot;0&quot;,&quot;iso&quot;:&quot;0&quot;,&quot;shutter_speed&quot;:&quot;0&quot;,&quot;title&quot;:&quot;&quot;,&quot;orientation&quot;:&quot;0&quot;}\" data-image-title=\"preso-1\" data-image-description=\"\" data-image-caption=\"&lt;p&gt;Quedamos muy entusiasmados por la buena convocatoria.&lt;\/p&gt;\n\" data-large-file=\"https:\/\/i0.wp.com\/le-fort.org\/cocina\/wp-content\/uploads\/2017\/11\/preso-1.jpg?fit=1200%2C675&amp;ssl=1\" class=\"size-large wp-image-10302\" src=\"https:\/\/i0.wp.com\/le-fort.org\/wp-content\/uploads\/2017\/11\/preso-1-1280x720.jpg?resize=1200%2C675&#038;ssl=1\" alt=\"Gu\u00eda de T\u00e9cnicas Culinarias\" width=\"1200\" height=\"675\" srcset=\"https:\/\/i0.wp.com\/le-fort.org\/cocina\/wp-content\/uploads\/2017\/11\/preso-1.jpg?w=1280&amp;ssl=1 1280w, https:\/\/i0.wp.com\/le-fort.org\/cocina\/wp-content\/uploads\/2017\/11\/preso-1.jpg?resize=600%2C338&amp;ssl=1 600w\" sizes=\"auto, (max-width: 1200px) 100vw, 1200px\" \/><figcaption id=\"caption-attachment-10302\" class=\"wp-caption-text\">Quedamos muy entusiasmados por la buena convocatoria.<\/figcaption><\/figure>\n<figure id=\"attachment_10301\" aria-describedby=\"caption-attachment-10301\" style=\"width: 1280px\" class=\"wp-caption aligncenter\"><img data-recalc-dims=\"1\" loading=\"lazy\" decoding=\"async\" data-attachment-id=\"10301\" data-permalink=\"https:\/\/le-fort.org\/cocina\/guia-de-tecnicas-culinarias-ecuador\/edgar\/\" data-orig-file=\"https:\/\/i0.wp.com\/le-fort.org\/cocina\/wp-content\/uploads\/2017\/11\/edgar.jpg?fit=1280%2C720&amp;ssl=1\" data-orig-size=\"1280,720\" data-comments-opened=\"0\" data-image-meta=\"{&quot;aperture&quot;:&quot;0&quot;,&quot;credit&quot;:&quot;&quot;,&quot;camera&quot;:&quot;&quot;,&quot;caption&quot;:&quot;&quot;,&quot;created_timestamp&quot;:&quot;0&quot;,&quot;copyright&quot;:&quot;&quot;,&quot;focal_length&quot;:&quot;0&quot;,&quot;iso&quot;:&quot;0&quot;,&quot;shutter_speed&quot;:&quot;0&quot;,&quot;title&quot;:&quot;&quot;,&quot;orientation&quot;:&quot;0&quot;}\" data-image-title=\"edgar\" data-image-description=\"\" data-image-caption=\"&lt;p&gt;Edgar Dom\u00ednguez, Director de Nestl\u00e9 Professional, comparti\u00f3 con nosotros a trav\u00e9s de videoconferencia.&lt;\/p&gt;\n\" data-large-file=\"https:\/\/i0.wp.com\/le-fort.org\/cocina\/wp-content\/uploads\/2017\/11\/edgar.jpg?fit=1200%2C675&amp;ssl=1\" class=\"size-large wp-image-10301\" src=\"https:\/\/i0.wp.com\/le-fort.org\/wp-content\/uploads\/2017\/11\/edgar-1280x720.jpg?resize=1200%2C675&#038;ssl=1\" alt=\"Edgar Dom\u00ednguez en videoconferencia.\" width=\"1200\" height=\"675\" srcset=\"https:\/\/i0.wp.com\/le-fort.org\/cocina\/wp-content\/uploads\/2017\/11\/edgar.jpg?w=1280&amp;ssl=1 1280w, https:\/\/i0.wp.com\/le-fort.org\/cocina\/wp-content\/uploads\/2017\/11\/edgar.jpg?resize=600%2C338&amp;ssl=1 600w\" sizes=\"auto, (max-width: 1200px) 100vw, 1200px\" \/><figcaption id=\"caption-attachment-10301\" class=\"wp-caption-text\">Edgar Dom\u00ednguez, Director de Nestl\u00e9 Professional, comparti\u00f3 con nosotros a trav\u00e9s de videoconferencia.<\/figcaption><\/figure>\n<figure id=\"attachment_10308\" aria-describedby=\"caption-attachment-10308\" style=\"width: 1280px\" class=\"wp-caption aligncenter\"><img data-recalc-dims=\"1\" loading=\"lazy\" decoding=\"async\" data-attachment-id=\"10308\" data-permalink=\"https:\/\/le-fort.org\/cocina\/guia-de-tecnicas-culinarias-ecuador\/hablando\/\" data-orig-file=\"https:\/\/i0.wp.com\/le-fort.org\/cocina\/wp-content\/uploads\/2017\/11\/hablando.jpg?fit=1280%2C720&amp;ssl=1\" data-orig-size=\"1280,720\" data-comments-opened=\"0\" data-image-meta=\"{&quot;aperture&quot;:&quot;0&quot;,&quot;credit&quot;:&quot;&quot;,&quot;camera&quot;:&quot;&quot;,&quot;caption&quot;:&quot;&quot;,&quot;created_timestamp&quot;:&quot;0&quot;,&quot;copyright&quot;:&quot;&quot;,&quot;focal_length&quot;:&quot;0&quot;,&quot;iso&quot;:&quot;0&quot;,&quot;shutter_speed&quot;:&quot;0&quot;,&quot;title&quot;:&quot;&quot;,&quot;orientation&quot;:&quot;0&quot;}\" data-image-title=\"hablando\" data-image-description=\"\" data-image-caption=\"&lt;p&gt;Daniela Arcos de Nestl\u00e9, Mauricio Armend\u00e1riz de Worls Chefs y Rodrigo, explicando el alcance del proyecto&lt;\/p&gt;\n\" data-large-file=\"https:\/\/i0.wp.com\/le-fort.org\/cocina\/wp-content\/uploads\/2017\/11\/hablando.jpg?fit=1200%2C675&amp;ssl=1\" class=\"size-large wp-image-10308\" src=\"https:\/\/i0.wp.com\/le-fort.org\/wp-content\/uploads\/2017\/11\/hablando-1280x720.jpg?resize=1200%2C675&#038;ssl=1\" alt=\"Explicando la Gu\u00eda de T\u00e9cnicas Culinarias\" width=\"1200\" height=\"675\" srcset=\"https:\/\/i0.wp.com\/le-fort.org\/cocina\/wp-content\/uploads\/2017\/11\/hablando.jpg?w=1280&amp;ssl=1 1280w, https:\/\/i0.wp.com\/le-fort.org\/cocina\/wp-content\/uploads\/2017\/11\/hablando.jpg?resize=600%2C338&amp;ssl=1 600w\" sizes=\"auto, (max-width: 1200px) 100vw, 1200px\" \/><figcaption id=\"caption-attachment-10308\" class=\"wp-caption-text\">Daniela Arcos de Nestl\u00e9, Mauricio Armend\u00e1riz de World Chefs y Rodrigo, explicando el alcance del proyecto<\/figcaption><\/figure>\n<p>En la presentaci\u00f3n se explic\u00f3 el alcance del proyecto, se explic\u00f3 c\u00f3mo integrarse a \u00e9l, ya que es un proyecto que requiere muchas manos y cabezas, y se mostraron algunas c\u00e1psulas de conocimiento gastron\u00f3mico en forma de afiche.<\/p>\n<figure id=\"attachment_10303\" aria-describedby=\"caption-attachment-10303\" style=\"width: 1280px\" class=\"wp-caption aligncenter\"><img data-recalc-dims=\"1\" loading=\"lazy\" decoding=\"async\" data-attachment-id=\"10303\" data-permalink=\"https:\/\/le-fort.org\/cocina\/guia-de-tecnicas-culinarias-ecuador\/carteles-reunion-nestle-09\/\" data-orig-file=\"https:\/\/i0.wp.com\/le-fort.org\/cocina\/wp-content\/uploads\/2017\/11\/carteles-reunion-nestle-09.jpg?fit=1500%2C1000&amp;ssl=1\" data-orig-size=\"1500,1000\" data-comments-opened=\"0\" data-image-meta=\"{&quot;aperture&quot;:&quot;0&quot;,&quot;credit&quot;:&quot;&quot;,&quot;camera&quot;:&quot;&quot;,&quot;caption&quot;:&quot;&quot;,&quot;created_timestamp&quot;:&quot;0&quot;,&quot;copyright&quot;:&quot;Le-Fort.Org 2017&quot;,&quot;focal_length&quot;:&quot;0&quot;,&quot;iso&quot;:&quot;0&quot;,&quot;shutter_speed&quot;:&quot;0&quot;,&quot;title&quot;:&quot;&quot;,&quot;orientation&quot;:&quot;1&quot;}\" data-image-title=\"carteles reunion nestle-09\" data-image-description=\"\" data-image-caption=\"&lt;p&gt;Ficha sobre la fritura. Imagen propiedad de World Chefs y Nestl\u00e9.&lt;\/p&gt;\n\" data-large-file=\"https:\/\/i0.wp.com\/le-fort.org\/cocina\/wp-content\/uploads\/2017\/11\/carteles-reunion-nestle-09.jpg?fit=1200%2C801&amp;ssl=1\" class=\"size-large wp-image-10303\" src=\"https:\/\/i0.wp.com\/le-fort.org\/wp-content\/uploads\/2017\/11\/carteles-reunion-nestle-09-1280x854.jpg?resize=1200%2C801&#038;ssl=1\" alt=\"Ficha sobre la fritura. Imagen propiedad de World Chefs y Nestl\u00e9.\" width=\"1200\" height=\"801\" srcset=\"https:\/\/i0.wp.com\/le-fort.org\/cocina\/wp-content\/uploads\/2017\/11\/carteles-reunion-nestle-09.jpg?resize=1280%2C854&amp;ssl=1 1280w, https:\/\/i0.wp.com\/le-fort.org\/cocina\/wp-content\/uploads\/2017\/11\/carteles-reunion-nestle-09.jpg?resize=600%2C400&amp;ssl=1 600w, https:\/\/i0.wp.com\/le-fort.org\/cocina\/wp-content\/uploads\/2017\/11\/carteles-reunion-nestle-09.jpg?w=1500&amp;ssl=1 1500w\" sizes=\"auto, (max-width: 1200px) 100vw, 1200px\" \/><figcaption id=\"caption-attachment-10303\" class=\"wp-caption-text\">Ficha sobre la fritura. Imagen propiedad de World Chefs y Nestl\u00e9.<\/figcaption><\/figure>\n<p>La historia comenz\u00f3 mucho antes, eso s\u00ed.<\/p>\n<h2>El Proyecto<\/h2>\n<p>La Gu\u00eda de t\u00e9cnicas culinarias es una iniciativa de\u00a0<em>World Chefs<\/em>, y proviene de la necesidad de profesionalizar la cocina para contribuir a que tome el sitial que le corresponde en el escenario tur\u00edstico mundial.<\/p>\n<p>El a\u00f1o 2017 es el A\u00f1o Internacional del Turismo Sostenible para el Desarrollo, y queremos estar presentes en las iniciativas de la Organizaci\u00f3n Mundial del Turismo (UNWTO). Esta es una iniciativa destinada \u2014indirectamente\u2014 a restablecer la confianza del consumidor, desarrollando y ofreciendo material de aprendizaje para estudiantes formales y cocineros emp\u00edricos, con la esperanza de que\u00a0 constituya una modificaci\u00f3n del hacer local y tambi\u00e9n de de los programas educativos; que impulse la educaci\u00f3n en turismo sostenible y ponga de relieve su contribuci\u00f3n a los objetivos de desarrollo sostenible para el 2030 de la UNESCO.<\/p>\n<p>El proyecto inicia en Ecuador, para despu\u00e9s ser difundido con el apoyo de Nestl\u00e9 en diversos pa\u00edses de la regi\u00f3n.<\/p>\n<h2>El Equipo<\/h2>\n<p>Tuvimos la suerte de interactuar con un excelente equipo de profesionales que representan los objetivos del proyecto: un enfoque internacional con presencia de diversos pa\u00edses de la regi\u00f3n (Ecuador, Argentina y Chile); con representaci\u00f3n de g\u00e9nero, aunque distamos de la paridad de g\u00e9nero que se busca; con buena presencia \u00a0geogr\u00e1fica del Ecuador: costa y sierra, sur y norte; multidisciplinario: administraci\u00f3n, ciencias de la salud, pedagog\u00eda, andragog\u00eda, qu\u00edmica, y por supuesto bien balanceado en las diversas especialidades culinarias.<\/p>\n<figure id=\"attachment_10293\" aria-describedby=\"caption-attachment-10293\" style=\"width: 1280px\" class=\"wp-caption aligncenter\"><img data-recalc-dims=\"1\" loading=\"lazy\" decoding=\"async\" data-attachment-id=\"10293\" data-permalink=\"https:\/\/le-fort.org\/cocina\/guia-de-tecnicas-culinarias-ecuador\/trabajando-3\/\" data-orig-file=\"https:\/\/i0.wp.com\/le-fort.org\/cocina\/wp-content\/uploads\/2017\/11\/trabajando.jpg?fit=1280%2C720&amp;ssl=1\" data-orig-size=\"1280,720\" data-comments-opened=\"0\" data-image-meta=\"{&quot;aperture&quot;:&quot;0&quot;,&quot;credit&quot;:&quot;&quot;,&quot;camera&quot;:&quot;&quot;,&quot;caption&quot;:&quot;&quot;,&quot;created_timestamp&quot;:&quot;0&quot;,&quot;copyright&quot;:&quot;&quot;,&quot;focal_length&quot;:&quot;0&quot;,&quot;iso&quot;:&quot;0&quot;,&quot;shutter_speed&quot;:&quot;0&quot;,&quot;title&quot;:&quot;&quot;,&quot;orientation&quot;:&quot;0&quot;}\" data-image-title=\"trabajando\" data-image-description=\"\" data-image-caption=\"&lt;p&gt;Trabajando en los textos&lt;\/p&gt;\n\" data-large-file=\"https:\/\/i0.wp.com\/le-fort.org\/cocina\/wp-content\/uploads\/2017\/11\/trabajando.jpg?fit=1200%2C675&amp;ssl=1\" class=\"size-large wp-image-10293\" src=\"https:\/\/i0.wp.com\/le-fort.org\/wp-content\/uploads\/2017\/11\/trabajando-1280x720.jpg?resize=1200%2C675&#038;ssl=1\" alt=\"Trabajando en la Gu\u00eda de T\u00e9cnicas Culinarias\" width=\"1200\" height=\"675\" srcset=\"https:\/\/i0.wp.com\/le-fort.org\/cocina\/wp-content\/uploads\/2017\/11\/trabajando.jpg?w=1280&amp;ssl=1 1280w, https:\/\/i0.wp.com\/le-fort.org\/cocina\/wp-content\/uploads\/2017\/11\/trabajando.jpg?resize=600%2C338&amp;ssl=1 600w\" sizes=\"auto, (max-width: 1200px) 100vw, 1200px\" \/><figcaption id=\"caption-attachment-10293\" class=\"wp-caption-text\">Trabajando en los textos<\/figcaption><\/figure>\n<p>Se realiz\u00f3 una convocatoria abierta a trav\u00e9s de redes sociales, y desde esa entusiasta respuesta se conform\u00f3 el siguiente equipo:<\/p>\n<ul>\n<li>Ing. Mauricio Armend\u00e1riz. Coordinaci\u00f3n World Chefs<\/li>\n<li>T\u00e9cnico Juan Armendaris. Productos culinarios.<\/li>\n<li>Mgtr. Juan Pablo Casas. Sistematizaci\u00f3n de procesos<\/li>\n<li><em>Sommelier<\/em>\u00a0In\u00e9s D\u2019Amico. Representante Nestl\u00e9 Professional<\/li>\n<li>Lic. Rodrigo Duarte. Coordinaci\u00f3n del proyecto, qu\u00edmica<\/li>\n<li>Ing. Jimmy Gonz\u00e1lez. T\u00e9cnico cocina ecuatoriana<\/li>\n<li>Mgtr. Javier L\u00f3pez. Indexaci\u00f3n contenido acad\u00e9mico<\/li>\n<li>Mgtr. Alejandro Pacheco. Metodolog\u00eda de investigaci\u00f3n<\/li>\n<li>Admin. Hotelero Darwin Proa\u00f1o. Contraparte hoteler\u00eda<\/li>\n<li>Lic. Marell Rojas. Supervisi\u00f3n fotograf\u00eda<\/li>\n<li>Ing. Jos\u00e9 Rafael S\u00e1nchez:\u00a0<em>Food styling<\/em><\/li>\n<li>Francisco Caizapanta. Fot\u00f3graf\u00eda<\/li>\n<li>Jos\u00e9 Luis Tutach\u00e1. Dise\u00f1o<\/li>\n<\/ul>\n<figure id=\"attachment_10294\" aria-describedby=\"caption-attachment-10294\" style=\"width: 1280px\" class=\"wp-caption aligncenter\"><img data-recalc-dims=\"1\" loading=\"lazy\" decoding=\"async\" data-attachment-id=\"10294\" data-permalink=\"https:\/\/le-fort.org\/cocina\/guia-de-tecnicas-culinarias-ecuador\/dramatis-personae-2\/\" data-orig-file=\"https:\/\/i0.wp.com\/le-fort.org\/cocina\/wp-content\/uploads\/2017\/11\/dramatis-personae.jpg?fit=1280%2C720&amp;ssl=1\" data-orig-size=\"1280,720\" data-comments-opened=\"0\" data-image-meta=\"{&quot;aperture&quot;:&quot;0&quot;,&quot;credit&quot;:&quot;&quot;,&quot;camera&quot;:&quot;&quot;,&quot;caption&quot;:&quot;&quot;,&quot;created_timestamp&quot;:&quot;0&quot;,&quot;copyright&quot;:&quot;&quot;,&quot;focal_length&quot;:&quot;0&quot;,&quot;iso&quot;:&quot;0&quot;,&quot;shutter_speed&quot;:&quot;0&quot;,&quot;title&quot;:&quot;&quot;,&quot;orientation&quot;:&quot;0&quot;}\" data-image-title=\"dramatis-personae\" data-image-description=\"\" data-image-caption=\"&lt;p&gt;Un excelente equipo &lt;\/p&gt;\n\" data-large-file=\"https:\/\/i0.wp.com\/le-fort.org\/cocina\/wp-content\/uploads\/2017\/11\/dramatis-personae.jpg?fit=1200%2C675&amp;ssl=1\" class=\"size-large wp-image-10294\" src=\"https:\/\/i0.wp.com\/le-fort.org\/wp-content\/uploads\/2017\/11\/dramatis-personae-1280x720.jpg?resize=1200%2C675&#038;ssl=1\" alt=\"Gu\u00eda de T\u00e9cnicas Culinarias: Un excelente equipo \" width=\"1200\" height=\"675\" srcset=\"https:\/\/i0.wp.com\/le-fort.org\/cocina\/wp-content\/uploads\/2017\/11\/dramatis-personae.jpg?w=1280&amp;ssl=1 1280w, https:\/\/i0.wp.com\/le-fort.org\/cocina\/wp-content\/uploads\/2017\/11\/dramatis-personae.jpg?resize=600%2C338&amp;ssl=1 600w\" sizes=\"auto, (max-width: 1200px) 100vw, 1200px\" \/><figcaption id=\"caption-attachment-10294\" class=\"wp-caption-text\">Un excelente equipo<\/figcaption><\/figure>\n<p>El enfoque andrag\u00f3gico de este proyecto se orienta hacia la diversidad. Debido a la heterogeneidad de la audiencia, tanto en cultura, como en edad como en nivel de instrucci\u00f3n, se ha optado por presentar el material did\u00e1ctico como diversos productos para la transferencia de las c\u00e1psulas de conocimiento para las distintas competencias. En esta etapa hemos hecho \u00e9nfasis en el afiche, ya que comunica en forma r\u00e1pida, concisa y visual, evitando las largas lecturas que dejar\u00edan fuera a parte de la audiencia. La idea es que el material generado y sistematizado est\u00e9 disponible para toda la comunidad, desde los <em>millennials<\/em> y la Generaci\u00f3n Z que est\u00e1n en las aulas e iniciando su vida laboral, hasta los cocineros emp\u00edricos con d\u00e9cadas de experiencia que deciden sistematizar sus conocimientos y obtener reconocimiento por ellos.<\/p>\n<p>El proyecto nos encant\u00f3. Es un proyecto con alma, y se puede hacer mucho en \u00e9l, no s\u00f3lo por Ecuador (donde se entronca perfectamente con las certificaciones SETEC) sino por la regi\u00f3n. Estamos fascinados.<\/p>\n<figure id=\"attachment_10305\" aria-describedby=\"caption-attachment-10305\" style=\"width: 1280px\" class=\"wp-caption aligncenter\"><img data-recalc-dims=\"1\" loading=\"lazy\" decoding=\"async\" data-attachment-id=\"10305\" data-permalink=\"https:\/\/le-fort.org\/cocina\/guia-de-tecnicas-culinarias-ecuador\/almuerzo\/\" data-orig-file=\"https:\/\/i0.wp.com\/le-fort.org\/cocina\/wp-content\/uploads\/2017\/11\/almuerzo.jpg?fit=1280%2C720&amp;ssl=1\" data-orig-size=\"1280,720\" data-comments-opened=\"0\" data-image-meta=\"{&quot;aperture&quot;:&quot;0&quot;,&quot;credit&quot;:&quot;&quot;,&quot;camera&quot;:&quot;&quot;,&quot;caption&quot;:&quot;&quot;,&quot;created_timestamp&quot;:&quot;0&quot;,&quot;copyright&quot;:&quot;&quot;,&quot;focal_length&quot;:&quot;0&quot;,&quot;iso&quot;:&quot;0&quot;,&quot;shutter_speed&quot;:&quot;0&quot;,&quot;title&quot;:&quot;&quot;,&quot;orientation&quot;:&quot;0&quot;}\" data-image-title=\"almuerzo\" data-image-description=\"\" data-image-caption=\"&lt;p&gt;No todo va a ser trabajo \u00bfno?&lt;\/p&gt;\n\" data-large-file=\"https:\/\/i0.wp.com\/le-fort.org\/cocina\/wp-content\/uploads\/2017\/11\/almuerzo.jpg?fit=1200%2C675&amp;ssl=1\" class=\"size-large wp-image-10305\" src=\"https:\/\/i0.wp.com\/le-fort.org\/wp-content\/uploads\/2017\/11\/almuerzo-1280x720.jpg?resize=1200%2C675&#038;ssl=1\" alt=\"Gu\u00eda de T\u00e9cnicas Culinarias. Pausa de almuerzo\" width=\"1200\" height=\"675\" srcset=\"https:\/\/i0.wp.com\/le-fort.org\/cocina\/wp-content\/uploads\/2017\/11\/almuerzo.jpg?w=1280&amp;ssl=1 1280w, https:\/\/i0.wp.com\/le-fort.org\/cocina\/wp-content\/uploads\/2017\/11\/almuerzo.jpg?resize=600%2C338&amp;ssl=1 600w\" sizes=\"auto, (max-width: 1200px) 100vw, 1200px\" \/><figcaption id=\"caption-attachment-10305\" class=\"wp-caption-text\">No todo va a ser trabajo \u00bfno?<\/figcaption><\/figure>\n","protected":false},"excerpt":{"rendered":"<p>La Gu\u00eda de T\u00e9cnicas Culinarias es un proyecto de World Chefs con apoyo de Nestl\u00e9 que persigue generar material educativo en gastronom\u00eda.<\/p>\n","protected":false},"author":1,"featured_media":10295,"comment_status":"closed","ping_status":"closed","sticky":false,"template":"","format":"standard","meta":{"_jetpack_newsletter_access":"","_jetpack_dont_email_post_to_subs":false,"_jetpack_newsletter_tier_id":0,"_jetpack_memberships_contains_paywalled_content":false,"_jetpack_memberships_contains_paid_content":false,"footnotes":""},"categories":[251],"tags":[784,711,96,727,714,724,726],"class_list":["post-10234","post","type-post","status-publish","format-standard","has-post-thumbnail","hentry","category-educacion","tag-alianzas","tag-asociacion-de-chefs-del-ecuador","tag-comida-ecuatoriana","tag-educacion","tag-nestle","tag-top","tag-world-chefs","entry","has-media"],"jetpack_featured_media_url":"https:\/\/i0.wp.com\/le-fort.org\/cocina\/wp-content\/uploads\/2017\/11\/gtc-hd.jpg?fit=1500%2C500&ssl=1","jetpack_shortlink":"https:\/\/wp.me\/pghKer-2F4","jetpack_sharing_enabled":true,"jetpack-related-posts":[{"id":12422,"url":"https:\/\/le-fort.org\/cocina\/guia-de-tecnicas-culinarias-en-santa-elena\/","url_meta":{"origin":10234,"position":0},"title":"Presentaci\u00f3n de la Gu\u00eda de T\u00e9cnicas Culinarias en Santa Elena","author":"Le-Fort.org","date":"26 de Abril, 2018","format":false,"excerpt":"Tuvimos el placer de guiar la presentaci\u00f3n de la Gu\u00eda de T\u00e9cnicas Culinarias en la ciudad de Santa Elena","rel":"","context":"En &quot;General&quot;","block_context":{"text":"General","link":"https:\/\/le-fort.org\/cocina\/categoria\/general\/"},"img":{"alt_text":"","src":"https:\/\/i0.wp.com\/le-fort.org\/cocina\/wp-content\/uploads\/2018\/04\/guina-hd.jpg?fit=1200%2C400&ssl=1&resize=350%2C200","width":350,"height":200,"srcset":"https:\/\/i0.wp.com\/le-fort.org\/cocina\/wp-content\/uploads\/2018\/04\/guina-hd.jpg?fit=1200%2C400&ssl=1&resize=350%2C200 1x, https:\/\/i0.wp.com\/le-fort.org\/cocina\/wp-content\/uploads\/2018\/04\/guina-hd.jpg?fit=1200%2C400&ssl=1&resize=525%2C300 1.5x, https:\/\/i0.wp.com\/le-fort.org\/cocina\/wp-content\/uploads\/2018\/04\/guina-hd.jpg?fit=1200%2C400&ssl=1&resize=700%2C400 2x, https:\/\/i0.wp.com\/le-fort.org\/cocina\/wp-content\/uploads\/2018\/04\/guina-hd.jpg?fit=1200%2C400&ssl=1&resize=1050%2C600 3x"},"classes":[]},{"id":12333,"url":"https:\/\/le-fort.org\/cocina\/guia-de-tecnicas-culinarias\/","url_meta":{"origin":10234,"position":1},"title":"Gu\u00eda de T\u00e9cnicas Culinarias: WorldCHEFS, Nestl\u00e9 y ACE","author":"Le-Fort.org","date":"12 de Abril, 2018","format":false,"excerpt":"La Gu\u00eda de T\u00e9cnicas Culinarias y nuestro granito de arena en su preparaci\u00f3n. Estamos felices y agradecidos de haber tenido la oportunidad de participar en este excelente proyecto.","rel":"","context":"En &quot;Educaci\u00f3n&quot;","block_context":{"text":"Educaci\u00f3n","link":"https:\/\/le-fort.org\/cocina\/categoria\/educacion\/"},"img":{"alt_text":"","src":"https:\/\/i0.wp.com\/le-fort.org\/cocina\/wp-content\/uploads\/2018\/04\/guia-hd.jpg?fit=1200%2C400&ssl=1&resize=350%2C200","width":350,"height":200,"srcset":"https:\/\/i0.wp.com\/le-fort.org\/cocina\/wp-content\/uploads\/2018\/04\/guia-hd.jpg?fit=1200%2C400&ssl=1&resize=350%2C200 1x, https:\/\/i0.wp.com\/le-fort.org\/cocina\/wp-content\/uploads\/2018\/04\/guia-hd.jpg?fit=1200%2C400&ssl=1&resize=525%2C300 1.5x, https:\/\/i0.wp.com\/le-fort.org\/cocina\/wp-content\/uploads\/2018\/04\/guia-hd.jpg?fit=1200%2C400&ssl=1&resize=700%2C400 2x, https:\/\/i0.wp.com\/le-fort.org\/cocina\/wp-content\/uploads\/2018\/04\/guia-hd.jpg?fit=1200%2C400&ssl=1&resize=1050%2C600 3x"},"classes":[]},{"id":12322,"url":"https:\/\/le-fort.org\/cocina\/workshop-ciencia-cocina-quito\/","url_meta":{"origin":10234,"position":2},"title":"Workshop Ciencia y Cocina en Quito","author":"Le-Fort.org","date":"11 de Abril, 2018","format":false,"excerpt":"Workshop de Ciencia y Cocina en Quito, en el Swiss\u00f4tel, organizado por la Asociaci\u00f3n de Chefs del Ecuador, con expositores internacionales","rel":"","context":"En &quot;Educaci\u00f3n&quot;","block_context":{"text":"Educaci\u00f3n","link":"https:\/\/le-fort.org\/cocina\/categoria\/educacion\/"},"img":{"alt_text":"","src":"https:\/\/i0.wp.com\/le-fort.org\/cocina\/wp-content\/uploads\/2018\/04\/wkshp-hd.jpg?fit=1200%2C400&ssl=1&resize=350%2C200","width":350,"height":200,"srcset":"https:\/\/i0.wp.com\/le-fort.org\/cocina\/wp-content\/uploads\/2018\/04\/wkshp-hd.jpg?fit=1200%2C400&ssl=1&resize=350%2C200 1x, https:\/\/i0.wp.com\/le-fort.org\/cocina\/wp-content\/uploads\/2018\/04\/wkshp-hd.jpg?fit=1200%2C400&ssl=1&resize=525%2C300 1.5x, https:\/\/i0.wp.com\/le-fort.org\/cocina\/wp-content\/uploads\/2018\/04\/wkshp-hd.jpg?fit=1200%2C400&ssl=1&resize=700%2C400 2x, https:\/\/i0.wp.com\/le-fort.org\/cocina\/wp-content\/uploads\/2018\/04\/wkshp-hd.jpg?fit=1200%2C400&ssl=1&resize=1050%2C600 3x"},"classes":[]},{"id":12542,"url":"https:\/\/le-fort.org\/cocina\/guia-de-tecnicas-culinarias-azogues-canar\/","url_meta":{"origin":10234,"position":3},"title":"Gu\u00eda de T\u00e9cnicas Culinarias en Azogues, Ca\u00f1ar","author":"Le-Fort.org","date":"23 de Mayo, 2018","format":false,"excerpt":"El 22 de mayo de 2018 estuvimos presentando la Gu\u00eda de T\u00e9cnicas Culinarias en la hermosa ciudad de Azogues, Ca\u00f1ar, en conjunto con la Asociaci\u00f3n de Chefs del Ecuador de la provincia, representada por el chef Milton Sambonino. Rueda de prensa En la ma\u00f1ana tuvimos una rueda de prensa en\u2026","rel":"","context":"En &quot;General&quot;","block_context":{"text":"General","link":"https:\/\/le-fort.org\/cocina\/categoria\/general\/"},"img":{"alt_text":"","src":"https:\/\/i0.wp.com\/le-fort.org\/cocina\/wp-content\/uploads\/2018\/05\/azogues-hd.jpg?fit=1200%2C400&ssl=1&resize=350%2C200","width":350,"height":200,"srcset":"https:\/\/i0.wp.com\/le-fort.org\/cocina\/wp-content\/uploads\/2018\/05\/azogues-hd.jpg?fit=1200%2C400&ssl=1&resize=350%2C200 1x, https:\/\/i0.wp.com\/le-fort.org\/cocina\/wp-content\/uploads\/2018\/05\/azogues-hd.jpg?fit=1200%2C400&ssl=1&resize=525%2C300 1.5x, https:\/\/i0.wp.com\/le-fort.org\/cocina\/wp-content\/uploads\/2018\/05\/azogues-hd.jpg?fit=1200%2C400&ssl=1&resize=700%2C400 2x, https:\/\/i0.wp.com\/le-fort.org\/cocina\/wp-content\/uploads\/2018\/05\/azogues-hd.jpg?fit=1200%2C400&ssl=1&resize=1050%2C600 3x"},"classes":[]},{"id":15061,"url":"https:\/\/le-fort.org\/cocina\/proyecto-origenes-asociacion-de-chefs-del-ecuador\/","url_meta":{"origin":10234,"position":4},"title":"Proyecto Or\u00edgenes, de la Asociaci\u00f3n de Chefs del Ecuador","author":"Le-Fort.org","date":"2 de Octubre, 2020","format":false,"excerpt":"El Proyecto Or\u00edgenes, de la Asociaci\u00f3n de Chefs del Ecuador entrega un hermoso libro para descarga gratuita con lo mejor de la cocina del Ecuador.","rel":"","context":"En &quot;Ecuador&quot;","block_context":{"text":"Ecuador","link":"https:\/\/le-fort.org\/cocina\/categoria\/ecuador\/"},"img":{"alt_text":"","src":"https:\/\/i0.wp.com\/le-fort.org\/cocina\/wp-content\/uploads\/2020\/10\/origenes-hd.jpg?fit=1200%2C400&ssl=1&resize=350%2C200","width":350,"height":200,"srcset":"https:\/\/i0.wp.com\/le-fort.org\/cocina\/wp-content\/uploads\/2020\/10\/origenes-hd.jpg?fit=1200%2C400&ssl=1&resize=350%2C200 1x, https:\/\/i0.wp.com\/le-fort.org\/cocina\/wp-content\/uploads\/2020\/10\/origenes-hd.jpg?fit=1200%2C400&ssl=1&resize=525%2C300 1.5x, https:\/\/i0.wp.com\/le-fort.org\/cocina\/wp-content\/uploads\/2020\/10\/origenes-hd.jpg?fit=1200%2C400&ssl=1&resize=700%2C400 2x, https:\/\/i0.wp.com\/le-fort.org\/cocina\/wp-content\/uploads\/2020\/10\/origenes-hd.jpg?fit=1200%2C400&ssl=1&resize=1050%2C600 3x"},"classes":[]},{"id":9780,"url":"https:\/\/le-fort.org\/cocina\/dia-internacional-del-chef-2017\/","url_meta":{"origin":10234,"position":5},"title":"D\u00eda del Chef 2017","author":"Le-Fort.org","date":"20 de Octubre, 2017","format":false,"excerpt":"D\u00eda Internacional del Chef 2017. Fuimos invitados a colaborar en la celebraci\u00f3n del d\u00eda del Chef ense\u00f1ando nutrici\u00f3n a ni\u00f1os. Excelente experiencia. Gracias a la Asociaci\u00f3n de Chefs del Ecuador y a Nestl\u00e9 Professional.","rel":"","context":"En &quot;General&quot;","block_context":{"text":"General","link":"https:\/\/le-fort.org\/cocina\/categoria\/general\/"},"img":{"alt_text":"","src":"https:\/\/i0.wp.com\/le-fort.org\/cocina\/wp-content\/uploads\/2017\/10\/dia-chef-hd.jpg?fit=1200%2C400&ssl=1&resize=350%2C200","width":350,"height":200,"srcset":"https:\/\/i0.wp.com\/le-fort.org\/cocina\/wp-content\/uploads\/2017\/10\/dia-chef-hd.jpg?fit=1200%2C400&ssl=1&resize=350%2C200 1x, https:\/\/i0.wp.com\/le-fort.org\/cocina\/wp-content\/uploads\/2017\/10\/dia-chef-hd.jpg?fit=1200%2C400&ssl=1&resize=525%2C300 1.5x, https:\/\/i0.wp.com\/le-fort.org\/cocina\/wp-content\/uploads\/2017\/10\/dia-chef-hd.jpg?fit=1200%2C400&ssl=1&resize=700%2C400 2x, https:\/\/i0.wp.com\/le-fort.org\/cocina\/wp-content\/uploads\/2017\/10\/dia-chef-hd.jpg?fit=1200%2C400&ssl=1&resize=1050%2C600 3x"},"classes":[]}],"_links":{"self":[{"href":"https:\/\/le-fort.org\/cocina\/wp-json\/wp\/v2\/posts\/10234","targetHints":{"allow":["GET"]}}],"collection":[{"href":"https:\/\/le-fort.org\/cocina\/wp-json\/wp\/v2\/posts"}],"about":[{"href":"https:\/\/le-fort.org\/cocina\/wp-json\/wp\/v2\/types\/post"}],"author":[{"embeddable":true,"href":"https:\/\/le-fort.org\/cocina\/wp-json\/wp\/v2\/users\/1"}],"replies":[{"embeddable":true,"href":"https:\/\/le-fort.org\/cocina\/wp-json\/wp\/v2\/comments?post=10234"}],"version-history":[{"count":2,"href":"https:\/\/le-fort.org\/cocina\/wp-json\/wp\/v2\/posts\/10234\/revisions"}],"predecessor-version":[{"id":16285,"href":"https:\/\/le-fort.org\/cocina\/wp-json\/wp\/v2\/posts\/10234\/revisions\/16285"}],"wp:featuredmedia":[{"embeddable":true,"href":"https:\/\/le-fort.org\/cocina\/wp-json\/wp\/v2\/media\/10295"}],"wp:attachment":[{"href":"https:\/\/le-fort.org\/cocina\/wp-json\/wp\/v2\/media?parent=10234"}],"wp:term":[{"taxonomy":"category","embeddable":true,"href":"https:\/\/le-fort.org\/cocina\/wp-json\/wp\/v2\/categories?post=10234"},{"taxonomy":"post_tag","embeddable":true,"href":"https:\/\/le-fort.org\/cocina\/wp-json\/wp\/v2\/tags?post=10234"}],"curies":[{"name":"wp","href":"https:\/\/api.w.org\/{rel}","templated":true}]}}