{"id":10397,"date":"2017-11-28T16:39:57","date_gmt":"2017-11-28T21:39:57","guid":{"rendered":"https:\/\/www.le-fort.org\/?p=10397"},"modified":"2022-01-05T10:05:43","modified_gmt":"2022-01-05T15:05:43","slug":"finito-sandwich-ambato","status":"publish","type":"post","link":"https:\/\/le-fort.org\/cocina\/finito-sandwich-ambato\/","title":{"rendered":"Finito"},"content":{"rendered":"<p>El finito es un s\u00e1nduche que nos encant\u00f3, y que s\u00f3lo hemos encontrado en la pizzer\u00eda <a href=\"https:\/\/www.facebook.com\/LaCigarraPizzaArtesanal\/\" target=\"_blank\" rel=\"noopener\">La Cigarra<\/a> en Ambato. Nos recuerda un chivito uruguayo m\u00e1s sencillo.<!--more--><\/p>\n<p>Viene en dos variedades: al pan, con un costo de $8,00 y al plato, con un costo de $10,50. Efectivamente, el finito al plato es m\u00e1s comida que un finito al pan, lo que justifica plenamente la diferencia de precio.<\/p>\n<figure id=\"attachment_10398\" aria-describedby=\"caption-attachment-10398\" style=\"width: 1280px\" class=\"wp-caption aligncenter\"><img data-recalc-dims=\"1\" loading=\"lazy\" decoding=\"async\" data-attachment-id=\"10398\" data-permalink=\"https:\/\/le-fort.org\/cocina\/finito-sandwich-ambato\/finito\/\" data-orig-file=\"https:\/\/i0.wp.com\/le-fort.org\/cocina\/wp-content\/uploads\/2017\/12\/finito.jpg?fit=1280%2C720&amp;ssl=1\" data-orig-size=\"1280,720\" data-comments-opened=\"0\" data-image-meta=\"{&quot;aperture&quot;:&quot;0&quot;,&quot;credit&quot;:&quot;&quot;,&quot;camera&quot;:&quot;&quot;,&quot;caption&quot;:&quot;&quot;,&quot;created_timestamp&quot;:&quot;0&quot;,&quot;copyright&quot;:&quot;&quot;,&quot;focal_length&quot;:&quot;0&quot;,&quot;iso&quot;:&quot;0&quot;,&quot;shutter_speed&quot;:&quot;0&quot;,&quot;title&quot;:&quot;&quot;,&quot;orientation&quot;:&quot;0&quot;}\" data-image-title=\"finito\" data-image-description=\"\" data-image-caption=\"&lt;p&gt;Finito, en gloria y majestad&lt;\/p&gt;\n\" data-large-file=\"https:\/\/i0.wp.com\/le-fort.org\/cocina\/wp-content\/uploads\/2017\/12\/finito.jpg?fit=1200%2C675&amp;ssl=1\" class=\"size-large wp-image-10398\" src=\"https:\/\/i0.wp.com\/www.le-fort.org\/wp-content\/uploads\/2017\/12\/finito-1280x720.jpg?resize=1200%2C675&#038;ssl=1\" alt=\"Finito\" width=\"1200\" height=\"675\" srcset=\"https:\/\/i0.wp.com\/le-fort.org\/cocina\/wp-content\/uploads\/2017\/12\/finito.jpg?w=1280&amp;ssl=1 1280w, https:\/\/i0.wp.com\/le-fort.org\/cocina\/wp-content\/uploads\/2017\/12\/finito.jpg?resize=600%2C338&amp;ssl=1 600w\" sizes=\"auto, (max-width: 1200px) 100vw, 1200px\" \/><figcaption id=\"caption-attachment-10398\" class=\"wp-caption-text\">Finito, en gloria y majestad<\/figcaption><\/figure>\n<p>El s\u00e1nduche viene en pan tornillo, y tiene carne, jam\u00f3n, queso, y pimiento verde. Quiz\u00e1 se nos quede alg\u00fan ingrediente en el tintero, pero s\u00f3lo lo devoramos: no lo revisamos mucho.<\/p>\n<p>El pan, como buen pan de Ambato: muy bueno. La carne deldad\u00edsima, que permite tranquilamente comerla con los dientes, buen queso, y los vegetales justos: dando sabor sin ser excesivos.<\/p>\n<p>El local, La Cigarra, nos encant\u00f3. Es un local tradicional, con horno de le\u00f1a (ya que el local es eminentemente una pizzer\u00eda), muy bien atendido, tranquilo, y si bien tiene un televisor, se puede conversar sin problemas. No es barato. Tampoco es caro. Tiene ese encanto de restaurante viejo.<\/p>\n<p>Se recomienda tambi\u00e9n la pizza, con entusiasmo.<\/p>\n Otra vista de un finito. julio 2017\n<p>Si andas por Ambato, definitivamente deber\u00edas probarlo.<\/p>\n","protected":false},"excerpt":{"rendered":"<p>El finito es un s\u00e1nduche que nos encant\u00f3, y que s\u00f3lo hemos encontrado en la pizzer\u00eda La Cigarra en Ambato. Nos recuerda un chivito uruguayo m\u00e1s sencillo.<\/p>\n","protected":false},"author":1,"featured_media":10399,"comment_status":"closed","ping_status":"closed","sticky":false,"template":"","format":"standard","meta":{"_jetpack_newsletter_access":"","_jetpack_dont_email_post_to_subs":false,"_jetpack_newsletter_tier_id":0,"_jetpack_memberships_contains_paywalled_content":false,"_jetpack_memberships_contains_paid_content":false,"footnotes":""},"categories":[622],"tags":[150,729,730],"class_list":["post-10397","post","type-post","status-publish","format-standard","has-post-thumbnail","hentry","category-sandwich","tag-ambato","tag-gastronomia-de-tungurahua","tag-la-cigarra","entry","has-media"],"jetpack_featured_media_url":"https:\/\/i0.wp.com\/le-fort.org\/cocina\/wp-content\/uploads\/2017\/12\/finito-hd.jpg?fit=1500%2C500&ssl=1","jetpack_shortlink":"https:\/\/wp.me\/pghKer-2HH","jetpack_sharing_enabled":true,"jetpack-related-posts":[{"id":1055,"url":"https:\/\/le-fort.org\/cocina\/la-casa-del-sanduche-ambato-ecuador\/","url_meta":{"origin":10397,"position":0},"title":"La Casa del S\u00e1nduche \u2013Ambato, Ecuador","author":"Maestro Sanguchero","date":"24 de Junio, 2013","format":false,"excerpt":"La casa del s\u00e1nduche es una sanducher\u00eda en la ciudad de Ambato, con muy buenos s\u00e1nduches y excelente chocolate caliente, adem\u00e1s de otros productos.","rel":"","context":"En &quot;Ecuador&quot;","block_context":{"text":"Ecuador","link":"https:\/\/le-fort.org\/cocina\/categoria\/ecuador\/"},"img":{"alt_text":"","src":"https:\/\/i0.wp.com\/le-fort.org\/cocina\/wp-content\/uploads\/2013\/06\/hd-casa-del-sanduche-700x395.jpg?fit=700%2C395&ssl=1&resize=350%2C200","width":350,"height":200,"srcset":"https:\/\/i0.wp.com\/le-fort.org\/cocina\/wp-content\/uploads\/2013\/06\/hd-casa-del-sanduche-700x395.jpg?fit=700%2C395&ssl=1&resize=350%2C200 1x, https:\/\/i0.wp.com\/le-fort.org\/cocina\/wp-content\/uploads\/2013\/06\/hd-casa-del-sanduche-700x395.jpg?fit=700%2C395&ssl=1&resize=525%2C300 1.5x, https:\/\/i0.wp.com\/le-fort.org\/cocina\/wp-content\/uploads\/2013\/06\/hd-casa-del-sanduche-700x395.jpg?fit=700%2C395&ssl=1&resize=700%2C400 2x"},"classes":[]},{"id":4447,"url":"https:\/\/le-fort.org\/cocina\/la-fuente-chilena-de-ambato\/","url_meta":{"origin":10397,"position":1},"title":"La Fuente Chilena de Ambato","author":"Le-Fort.org","date":"23 de Junio, 2013","format":false,"excerpt":"Por casualidad conocimos la Fuente Chilena en Ambato: Acogedor local, buenos s\u00e1nguches, buenas empanadas y gente muy agradable. Una muy agradable experiencia.","rel":"","context":"En &quot;Locales&quot;","block_context":{"text":"Locales","link":"https:\/\/le-fort.org\/cocina\/categoria\/locales\/"},"img":{"alt_text":"","src":"https:\/\/i0.wp.com\/le-fort.org\/cocina\/wp-content\/uploads\/2013\/06\/empanada-hd.jpg?fit=620%2C250&ssl=1&resize=350%2C200","width":350,"height":200,"srcset":"https:\/\/i0.wp.com\/le-fort.org\/cocina\/wp-content\/uploads\/2013\/06\/empanada-hd.jpg?fit=620%2C250&ssl=1&resize=350%2C200 1x, https:\/\/i0.wp.com\/le-fort.org\/cocina\/wp-content\/uploads\/2013\/06\/empanada-hd.jpg?fit=620%2C250&ssl=1&resize=525%2C300 1.5x"},"classes":[]},{"id":11170,"url":"https:\/\/le-fort.org\/cocina\/sanduches-de-america-del-sur\/","url_meta":{"origin":10397,"position":2},"title":"S\u00e1nduches de Am\u00e9rica del Sur","author":"Maestro Sanguchero","date":"20 de Mayo, 2016","format":false,"excerpt":"S\u00e1nduches de Am\u00e9rica del Sur en La Libertad, Santa Elena.","rel":"","context":"En &quot;Educaci\u00f3n&quot;","block_context":{"text":"Educaci\u00f3n","link":"https:\/\/le-fort.org\/cocina\/categoria\/educacion\/"},"img":{"alt_text":"","src":"https:\/\/i0.wp.com\/le-fort.org\/cocina\/wp-content\/uploads\/2016\/05\/as-luco-hd.jpg?fit=1200%2C400&ssl=1&resize=350%2C200","width":350,"height":200,"srcset":"https:\/\/i0.wp.com\/le-fort.org\/cocina\/wp-content\/uploads\/2016\/05\/as-luco-hd.jpg?fit=1200%2C400&ssl=1&resize=350%2C200 1x, https:\/\/i0.wp.com\/le-fort.org\/cocina\/wp-content\/uploads\/2016\/05\/as-luco-hd.jpg?fit=1200%2C400&ssl=1&resize=525%2C300 1.5x, https:\/\/i0.wp.com\/le-fort.org\/cocina\/wp-content\/uploads\/2016\/05\/as-luco-hd.jpg?fit=1200%2C400&ssl=1&resize=700%2C400 2x, https:\/\/i0.wp.com\/le-fort.org\/cocina\/wp-content\/uploads\/2016\/05\/as-luco-hd.jpg?fit=1200%2C400&ssl=1&resize=1050%2C600 3x"},"classes":[]},{"id":1494,"url":"https:\/\/le-fort.org\/cocina\/dona-piedad-sanduches-de-pernil-en-cuenca\/","url_meta":{"origin":10397,"position":3},"title":"Do\u00f1a Piedad: S\u00e1nduches de Pernil","author":"Maestro Sanguchero","date":"19 de Febrero, 2015","format":false,"excerpt":"Los s\u00e1nduches de do\u00f1a Piedad son unos deliciosos y peque\u00f1os s\u00e1nduches de pernil que te entregan inmediatamente, solos o en combo con jugo de coco. Llevan 40 a\u00f1os de s\u00e1nguches.","rel":"","context":"En &quot;Cerdo&quot;","block_context":{"text":"Cerdo","link":"https:\/\/le-fort.org\/cocina\/categoria\/cerdo\/"},"img":{"alt_text":"","src":"https:\/\/i0.wp.com\/le-fort.org\/cocina\/wp-content\/uploads\/2015\/02\/piedad-hd.jpg?fit=1200%2C400&ssl=1&resize=350%2C200","width":350,"height":200,"srcset":"https:\/\/i0.wp.com\/le-fort.org\/cocina\/wp-content\/uploads\/2015\/02\/piedad-hd.jpg?fit=1200%2C400&ssl=1&resize=350%2C200 1x, https:\/\/i0.wp.com\/le-fort.org\/cocina\/wp-content\/uploads\/2015\/02\/piedad-hd.jpg?fit=1200%2C400&ssl=1&resize=525%2C300 1.5x, https:\/\/i0.wp.com\/le-fort.org\/cocina\/wp-content\/uploads\/2015\/02\/piedad-hd.jpg?fit=1200%2C400&ssl=1&resize=700%2C400 2x, https:\/\/i0.wp.com\/le-fort.org\/cocina\/wp-content\/uploads\/2015\/02\/piedad-hd.jpg?fit=1200%2C400&ssl=1&resize=1050%2C600 3x"},"classes":[]},{"id":5158,"url":"https:\/\/le-fort.org\/cocina\/trufas-y-bombones-chocolerito\/","url_meta":{"origin":10397,"position":4},"title":"Trufas y Bombones Chocolerito","author":"Le-Fort.org","date":"25 de Enero, 2014","format":false,"excerpt":"Los productos Salinerito son muy buenos. Conoc\u00edamos los quesos, pero nos quedamos maravillados al conocer las trufas. Son maravillosas!","rel":"","context":"En &quot;Reposter\u00eda&quot;","block_context":{"text":"Reposter\u00eda","link":"https:\/\/le-fort.org\/cocina\/categoria\/reposteria\/"},"img":{"alt_text":"","src":"https:\/\/i0.wp.com\/le-fort.org\/cocina\/wp-content\/uploads\/2014\/01\/trufas-hd.jpg?fit=1200%2C400&ssl=1&resize=350%2C200","width":350,"height":200,"srcset":"https:\/\/i0.wp.com\/le-fort.org\/cocina\/wp-content\/uploads\/2014\/01\/trufas-hd.jpg?fit=1200%2C400&ssl=1&resize=350%2C200 1x, https:\/\/i0.wp.com\/le-fort.org\/cocina\/wp-content\/uploads\/2014\/01\/trufas-hd.jpg?fit=1200%2C400&ssl=1&resize=525%2C300 1.5x, https:\/\/i0.wp.com\/le-fort.org\/cocina\/wp-content\/uploads\/2014\/01\/trufas-hd.jpg?fit=1200%2C400&ssl=1&resize=700%2C400 2x, https:\/\/i0.wp.com\/le-fort.org\/cocina\/wp-content\/uploads\/2014\/01\/trufas-hd.jpg?fit=1200%2C400&ssl=1&resize=1050%2C600 3x"},"classes":[]},{"id":9542,"url":"https:\/\/le-fort.org\/cocina\/tejas-de-pan\/","url_meta":{"origin":10397,"position":5},"title":"Tejas de Pan","author":"Le-Fort.org","date":"24 de Junio, 2017","format":false,"excerpt":"Receta f\u00e1cil de tejas de pan para decorar platos. Se preparan con harina, agua y aceite.","rel":"","context":"En &quot;General&quot;","block_context":{"text":"General","link":"https:\/\/le-fort.org\/cocina\/categoria\/general\/"},"img":{"alt_text":"","src":"https:\/\/i0.wp.com\/le-fort.org\/cocina\/wp-content\/uploads\/2017\/06\/tuile-hd.jpg?fit=1200%2C400&ssl=1&resize=350%2C200","width":350,"height":200,"srcset":"https:\/\/i0.wp.com\/le-fort.org\/cocina\/wp-content\/uploads\/2017\/06\/tuile-hd.jpg?fit=1200%2C400&ssl=1&resize=350%2C200 1x, https:\/\/i0.wp.com\/le-fort.org\/cocina\/wp-content\/uploads\/2017\/06\/tuile-hd.jpg?fit=1200%2C400&ssl=1&resize=525%2C300 1.5x, https:\/\/i0.wp.com\/le-fort.org\/cocina\/wp-content\/uploads\/2017\/06\/tuile-hd.jpg?fit=1200%2C400&ssl=1&resize=700%2C400 2x, https:\/\/i0.wp.com\/le-fort.org\/cocina\/wp-content\/uploads\/2017\/06\/tuile-hd.jpg?fit=1200%2C400&ssl=1&resize=1050%2C600 3x"},"classes":[]}],"_links":{"self":[{"href":"https:\/\/le-fort.org\/cocina\/wp-json\/wp\/v2\/posts\/10397","targetHints":{"allow":["GET"]}}],"collection":[{"href":"https:\/\/le-fort.org\/cocina\/wp-json\/wp\/v2\/posts"}],"about":[{"href":"https:\/\/le-fort.org\/cocina\/wp-json\/wp\/v2\/types\/post"}],"author":[{"embeddable":true,"href":"https:\/\/le-fort.org\/cocina\/wp-json\/wp\/v2\/users\/1"}],"replies":[{"embeddable":true,"href":"https:\/\/le-fort.org\/cocina\/wp-json\/wp\/v2\/comments?post=10397"}],"version-history":[{"count":1,"href":"https:\/\/le-fort.org\/cocina\/wp-json\/wp\/v2\/posts\/10397\/revisions"}],"predecessor-version":[{"id":16293,"href":"https:\/\/le-fort.org\/cocina\/wp-json\/wp\/v2\/posts\/10397\/revisions\/16293"}],"wp:featuredmedia":[{"embeddable":true,"href":"https:\/\/le-fort.org\/cocina\/wp-json\/wp\/v2\/media\/10399"}],"wp:attachment":[{"href":"https:\/\/le-fort.org\/cocina\/wp-json\/wp\/v2\/media?parent=10397"}],"wp:term":[{"taxonomy":"category","embeddable":true,"href":"https:\/\/le-fort.org\/cocina\/wp-json\/wp\/v2\/categories?post=10397"},{"taxonomy":"post_tag","embeddable":true,"href":"https:\/\/le-fort.org\/cocina\/wp-json\/wp\/v2\/tags?post=10397"}],"curies":[{"name":"wp","href":"https:\/\/api.w.org\/{rel}","templated":true}]}}