{"id":10620,"date":"2017-06-29T23:00:08","date_gmt":"2017-06-30T04:00:08","guid":{"rendered":"https:\/\/www.le-fort.org\/?p=10620"},"modified":"2022-01-14T11:38:12","modified_gmt":"2022-01-14T16:38:12","slug":"babel-i-dia-del-noqui","status":"publish","type":"post","link":"https:\/\/le-fort.org\/cocina\/babel-i-dia-del-noqui\/","title":{"rendered":"Babel I: D\u00eda del \u00d1oqui"},"content":{"rendered":"<p>Inauguramos <a href=\"https:\/\/www.le-fort.org\/babel\/\" target=\"_blank\" rel=\"noopener\">Babel <\/a>con una tradici\u00f3n \u00edtalo-argentina: los \u00f1oquis del 29, tambi\u00e9n conocidos como &#8220;<a href=\"https:\/\/www.le-fort.org\/dia-del-noqui\/\" target=\"_blank\" rel=\"noopener\">el d\u00eda del \u00f1oqui<\/a>&#8221; Nos pareci\u00f3 una buena idea para Babel I<!--more--><\/p>\n<p>Adem\u00e1s de inaugurar Babel, preinauguramos la pizzer\u00eda le-fort.org, que hemos estado construyendo de a poco, con trabajo, b\u00fasqueda de gangas y el conocimiento de nuevos amigos.<\/p>\n<p><img data-recalc-dims=\"1\" loading=\"lazy\" decoding=\"async\" data-attachment-id=\"10621\" data-permalink=\"https:\/\/le-fort.org\/cocina\/babel-i-dia-del-noqui\/babel-1-hd\/\" data-orig-file=\"https:\/\/i0.wp.com\/le-fort.org\/cocina\/wp-content\/uploads\/2017\/12\/babel-1-hd.jpg?fit=1500%2C900&amp;ssl=1\" data-orig-size=\"1500,900\" data-comments-opened=\"0\" data-image-meta=\"{&quot;aperture&quot;:&quot;0&quot;,&quot;credit&quot;:&quot;&quot;,&quot;camera&quot;:&quot;&quot;,&quot;caption&quot;:&quot;&quot;,&quot;created_timestamp&quot;:&quot;0&quot;,&quot;copyright&quot;:&quot;&quot;,&quot;focal_length&quot;:&quot;0&quot;,&quot;iso&quot;:&quot;0&quot;,&quot;shutter_speed&quot;:&quot;0&quot;,&quot;title&quot;:&quot;&quot;,&quot;orientation&quot;:&quot;0&quot;}\" data-image-title=\"babel-1-hd\" data-image-description=\"\" data-image-caption=\"\" data-large-file=\"https:\/\/i0.wp.com\/le-fort.org\/cocina\/wp-content\/uploads\/2017\/12\/babel-1-hd.jpg?fit=1200%2C720&amp;ssl=1\" class=\"aligncenter size-large wp-image-10621\" src=\"https:\/\/i0.wp.com\/www.le-fort.org\/wp-content\/uploads\/2017\/12\/babel-1-hd-1280x768.jpg?resize=1200%2C720&#038;ssl=1\" alt=\"Babel I: Preinauguraci\u00f3n de Comer.me\" width=\"1200\" height=\"720\" srcset=\"https:\/\/i0.wp.com\/le-fort.org\/cocina\/wp-content\/uploads\/2017\/12\/babel-1-hd.jpg?resize=1280%2C768&amp;ssl=1 1280w, https:\/\/i0.wp.com\/le-fort.org\/cocina\/wp-content\/uploads\/2017\/12\/babel-1-hd.jpg?resize=600%2C360&amp;ssl=1 600w, https:\/\/i0.wp.com\/le-fort.org\/cocina\/wp-content\/uploads\/2017\/12\/babel-1-hd.jpg?w=1500&amp;ssl=1 1500w\" sizes=\"auto, (max-width: 1200px) 100vw, 1200px\" \/><\/p>\n<p>Tuvimos una afluencia de lo m\u00e1s internacional. Finalmente en Babel I nos reunimos tres chilenos, una india, un alban\u00e9s y dos ecuatorianos. Definitivamente cosmopolita para un lugar como Nab\u00f3n.<\/p>\n<h2>Men\u00fa<\/h2>\n<p>El men\u00fa de nuestro primer Babel fue:<\/p>\n<ul>\n<li>Antipasto<\/li>\n<li>\u00d1oquis con tres salsas\n<ul>\n<li>Pesto<\/li>\n<li>Norma<\/li>\n<li>Carbonara<img data-recalc-dims=\"1\" loading=\"lazy\" decoding=\"async\" data-attachment-id=\"10623\" data-permalink=\"https:\/\/le-fort.org\/cocina\/babel-i-dia-del-noqui\/gnocchi-2\/\" data-orig-file=\"https:\/\/i0.wp.com\/le-fort.org\/cocina\/wp-content\/uploads\/2017\/12\/gnocchi.jpg?fit=1500%2C900&amp;ssl=1\" data-orig-size=\"1500,900\" data-comments-opened=\"0\" data-image-meta=\"{&quot;aperture&quot;:&quot;0&quot;,&quot;credit&quot;:&quot;&quot;,&quot;camera&quot;:&quot;&quot;,&quot;caption&quot;:&quot;&quot;,&quot;created_timestamp&quot;:&quot;0&quot;,&quot;copyright&quot;:&quot;&quot;,&quot;focal_length&quot;:&quot;0&quot;,&quot;iso&quot;:&quot;0&quot;,&quot;shutter_speed&quot;:&quot;0&quot;,&quot;title&quot;:&quot;&quot;,&quot;orientation&quot;:&quot;0&quot;}\" data-image-title=\"gnocchi\" data-image-description=\"\" data-image-caption=\"\" data-large-file=\"https:\/\/i0.wp.com\/le-fort.org\/cocina\/wp-content\/uploads\/2017\/12\/gnocchi.jpg?fit=1200%2C720&amp;ssl=1\" class=\"aligncenter size-large wp-image-10623\" src=\"https:\/\/i0.wp.com\/www.le-fort.org\/wp-content\/uploads\/2017\/12\/gnocchi-1280x768.jpg?resize=1200%2C720&#038;ssl=1\" alt=\"\" width=\"1200\" height=\"720\" srcset=\"https:\/\/i0.wp.com\/le-fort.org\/cocina\/wp-content\/uploads\/2017\/12\/gnocchi.jpg?resize=1280%2C768&amp;ssl=1 1280w, https:\/\/i0.wp.com\/le-fort.org\/cocina\/wp-content\/uploads\/2017\/12\/gnocchi.jpg?resize=600%2C360&amp;ssl=1 600w, https:\/\/i0.wp.com\/le-fort.org\/cocina\/wp-content\/uploads\/2017\/12\/gnocchi.jpg?w=1500&amp;ssl=1 1500w\" sizes=\"auto, (max-width: 1200px) 100vw, 1200px\" \/><\/li>\n<\/ul>\n<\/li>\n<li>Panna cotta al cioccolato<img data-recalc-dims=\"1\" loading=\"lazy\" decoding=\"async\" data-attachment-id=\"10625\" data-permalink=\"https:\/\/le-fort.org\/cocina\/babel-i-dia-del-noqui\/pannacotta\/\" data-orig-file=\"https:\/\/i0.wp.com\/le-fort.org\/cocina\/wp-content\/uploads\/2017\/12\/pannacotta.jpg?fit=1500%2C900&amp;ssl=1\" data-orig-size=\"1500,900\" data-comments-opened=\"0\" data-image-meta=\"{&quot;aperture&quot;:&quot;0&quot;,&quot;credit&quot;:&quot;&quot;,&quot;camera&quot;:&quot;&quot;,&quot;caption&quot;:&quot;&quot;,&quot;created_timestamp&quot;:&quot;0&quot;,&quot;copyright&quot;:&quot;&quot;,&quot;focal_length&quot;:&quot;0&quot;,&quot;iso&quot;:&quot;0&quot;,&quot;shutter_speed&quot;:&quot;0&quot;,&quot;title&quot;:&quot;&quot;,&quot;orientation&quot;:&quot;0&quot;}\" data-image-title=\"pannacotta\" data-image-description=\"\" data-image-caption=\"\" data-large-file=\"https:\/\/i0.wp.com\/le-fort.org\/cocina\/wp-content\/uploads\/2017\/12\/pannacotta.jpg?fit=1200%2C720&amp;ssl=1\" class=\"aligncenter size-large wp-image-10625\" src=\"https:\/\/i0.wp.com\/www.le-fort.org\/wp-content\/uploads\/2017\/12\/pannacotta-1280x768.jpg?resize=1200%2C720&#038;ssl=1\" alt=\"\" width=\"1200\" height=\"720\" srcset=\"https:\/\/i0.wp.com\/le-fort.org\/cocina\/wp-content\/uploads\/2017\/12\/pannacotta.jpg?resize=1280%2C768&amp;ssl=1 1280w, https:\/\/i0.wp.com\/le-fort.org\/cocina\/wp-content\/uploads\/2017\/12\/pannacotta.jpg?resize=600%2C360&amp;ssl=1 600w, https:\/\/i0.wp.com\/le-fort.org\/cocina\/wp-content\/uploads\/2017\/12\/pannacotta.jpg?w=1500&amp;ssl=1 1500w\" sizes=\"auto, (max-width: 1200px) 100vw, 1200px\" \/><\/li>\n<li>Caf\u00e9 con Biscotti<\/li>\n<li>Soda italiana<\/li>\n<\/ul>\n<p>Lo pasamos muy bien. Conversamos, nos re\u00edmos y nuestros comensales supieron disculpar graciosamente los errores y situaciones de implementaci\u00f3n.<\/p>\n<p>No sabemos a\u00fan en qu\u00e9 consistir\u00e1 Babel II, pero avisaremos oportunamente \ud83d\ude42<\/p>\n<p>\u00a1Nos vemos en la pr\u00f3xima Babel!<\/p>\n","protected":false},"excerpt":{"rendered":"<p>Babel I: D\u00eda del \u00d1oqui. Tradici\u00f3n que guardamos intermitentemente desde hace a\u00f1os. Es un buen comienzo.<\/p>\n","protected":false},"author":1,"featured_media":10616,"comment_status":"closed","ping_status":"closed","sticky":false,"template":"","format":"standard","meta":{"_jetpack_newsletter_access":"","_jetpack_dont_email_post_to_subs":false,"_jetpack_newsletter_tier_id":0,"_jetpack_memberships_contains_paywalled_content":false,"_jetpack_memberships_contains_paid_content":false,"footnotes":""},"categories":[19],"tags":[735,70,16,76],"class_list":["post-10620","post","type-post","status-publish","format-standard","has-post-thumbnail","hentry","category-cocina-comida","tag-babel","tag-comida-italiana","tag-dia-del-noqui","tag-noqui","entry","has-media"],"jetpack_featured_media_url":"https:\/\/i0.wp.com\/le-fort.org\/cocina\/wp-content\/uploads\/2017\/12\/babel-grande.jpg?fit=1500%2C500&ssl=1","jetpack_shortlink":"https:\/\/wp.me\/pghKer-2Li","jetpack_sharing_enabled":true,"jetpack-related-posts":[{"id":10823,"url":"https:\/\/le-fort.org\/cocina\/resumen-del-2017\/","url_meta":{"origin":10620,"position":0},"title":"Resumen del 2017","author":"Le-Fort.org","date":"24 de Diciembre, 2017","format":false,"excerpt":"El 2017 fue un buen a\u00f1o en lo que se refiere al quehacer gastron\u00f3mico en la cocina, en el aula y en la mesa. Participamos en bellos proyectos y eventos, conocimos gente buena e interesante y fue un a\u00f1o de cambios y crecimiento, tambi\u00e9n de metas cumplidas. Algunos puntos altos\u2026","rel":"","context":"En &quot;Cavilaciones&quot;","block_context":{"text":"Cavilaciones","link":"https:\/\/le-fort.org\/cocina\/categoria\/cavilaciones\/"},"img":{"alt_text":"","src":"https:\/\/i0.wp.com\/le-fort.org\/cocina\/wp-content\/uploads\/2017\/07\/ambato-hd.jpg?fit=1200%2C400&ssl=1&resize=350%2C200","width":350,"height":200,"srcset":"https:\/\/i0.wp.com\/le-fort.org\/cocina\/wp-content\/uploads\/2017\/07\/ambato-hd.jpg?fit=1200%2C400&ssl=1&resize=350%2C200 1x, https:\/\/i0.wp.com\/le-fort.org\/cocina\/wp-content\/uploads\/2017\/07\/ambato-hd.jpg?fit=1200%2C400&ssl=1&resize=525%2C300 1.5x, https:\/\/i0.wp.com\/le-fort.org\/cocina\/wp-content\/uploads\/2017\/07\/ambato-hd.jpg?fit=1200%2C400&ssl=1&resize=700%2C400 2x, https:\/\/i0.wp.com\/le-fort.org\/cocina\/wp-content\/uploads\/2017\/07\/ambato-hd.jpg?fit=1200%2C400&ssl=1&resize=1050%2C600 3x"},"classes":[]},{"id":12342,"url":"https:\/\/le-fort.org\/cocina\/babel-vii-comida-india\/","url_meta":{"origin":10620,"position":1},"title":"Babel VII: Comida India","author":"Le-Fort.org","date":"14 de Abril, 2018","format":false,"excerpt":"Nos demoramos con Babel VII, pero lleg\u00f3. El tema elegido fue cocina india, y preparamos nuestros favoritos. Se sumaron amigos para una muy buena velada.","rel":"","context":"En &quot;General&quot;","block_context":{"text":"General","link":"https:\/\/le-fort.org\/cocina\/categoria\/general\/"},"img":{"alt_text":"","src":"https:\/\/i0.wp.com\/le-fort.org\/cocina\/wp-content\/uploads\/2018\/04\/babel-vii-hd.jpg?fit=1200%2C400&ssl=1&resize=350%2C200","width":350,"height":200,"srcset":"https:\/\/i0.wp.com\/le-fort.org\/cocina\/wp-content\/uploads\/2018\/04\/babel-vii-hd.jpg?fit=1200%2C400&ssl=1&resize=350%2C200 1x, https:\/\/i0.wp.com\/le-fort.org\/cocina\/wp-content\/uploads\/2018\/04\/babel-vii-hd.jpg?fit=1200%2C400&ssl=1&resize=525%2C300 1.5x, https:\/\/i0.wp.com\/le-fort.org\/cocina\/wp-content\/uploads\/2018\/04\/babel-vii-hd.jpg?fit=1200%2C400&ssl=1&resize=700%2C400 2x, https:\/\/i0.wp.com\/le-fort.org\/cocina\/wp-content\/uploads\/2018\/04\/babel-vii-hd.jpg?fit=1200%2C400&ssl=1&resize=1050%2C600 3x"},"classes":[]},{"id":10873,"url":"https:\/\/le-fort.org\/cocina\/babel-vi-hanukkah\/","url_meta":{"origin":10620,"position":2},"title":"Babel VI: Hanukkah","author":"Le-Fort.org","date":"20 de Diciembre, 2017","format":false,"excerpt":"Hanukkah: la fiesta de las luces.","rel":"","context":"En &quot;Comida&quot;","block_context":{"text":"Comida","link":"https:\/\/le-fort.org\/cocina\/categoria\/cocina-comida\/"},"img":{"alt_text":"","src":"https:\/\/i0.wp.com\/le-fort.org\/cocina\/wp-content\/uploads\/2017\/12\/hanukkah-hd-1.jpg?fit=1200%2C400&ssl=1&resize=350%2C200","width":350,"height":200,"srcset":"https:\/\/i0.wp.com\/le-fort.org\/cocina\/wp-content\/uploads\/2017\/12\/hanukkah-hd-1.jpg?fit=1200%2C400&ssl=1&resize=350%2C200 1x, https:\/\/i0.wp.com\/le-fort.org\/cocina\/wp-content\/uploads\/2017\/12\/hanukkah-hd-1.jpg?fit=1200%2C400&ssl=1&resize=525%2C300 1.5x, https:\/\/i0.wp.com\/le-fort.org\/cocina\/wp-content\/uploads\/2017\/12\/hanukkah-hd-1.jpg?fit=1200%2C400&ssl=1&resize=700%2C400 2x, https:\/\/i0.wp.com\/le-fort.org\/cocina\/wp-content\/uploads\/2017\/12\/hanukkah-hd-1.jpg?fit=1200%2C400&ssl=1&resize=1050%2C600 3x"},"classes":[]},{"id":10644,"url":"https:\/\/le-fort.org\/cocina\/babel-v-pizza-no-pizza\/","url_meta":{"origin":10620,"position":3},"title":"Babel V: Pizza, no Pizza, y Despedida","author":"Le-Fort.org","date":"18 de Noviembre, 2017","format":false,"excerpt":"Babel V uni\u00f3 la pizza y la no pizza: pizzas de EE.UU. y Argentina y no pizzas de Alsacia y Armenia. Buena despedida de nuestra estancia en Nab\u00f3n.","rel":"","context":"En &quot;Comida&quot;","block_context":{"text":"Comida","link":"https:\/\/le-fort.org\/cocina\/categoria\/cocina-comida\/"},"img":{"alt_text":"","src":"https:\/\/i0.wp.com\/le-fort.org\/cocina\/wp-content\/uploads\/2017\/12\/sauerkraut-hd.jpg?fit=1200%2C400&ssl=1&resize=350%2C200","width":350,"height":200,"srcset":"https:\/\/i0.wp.com\/le-fort.org\/cocina\/wp-content\/uploads\/2017\/12\/sauerkraut-hd.jpg?fit=1200%2C400&ssl=1&resize=350%2C200 1x, https:\/\/i0.wp.com\/le-fort.org\/cocina\/wp-content\/uploads\/2017\/12\/sauerkraut-hd.jpg?fit=1200%2C400&ssl=1&resize=525%2C300 1.5x, https:\/\/i0.wp.com\/le-fort.org\/cocina\/wp-content\/uploads\/2017\/12\/sauerkraut-hd.jpg?fit=1200%2C400&ssl=1&resize=700%2C400 2x, https:\/\/i0.wp.com\/le-fort.org\/cocina\/wp-content\/uploads\/2017\/12\/sauerkraut-hd.jpg?fit=1200%2C400&ssl=1&resize=1050%2C600 3x"},"classes":[]},{"id":4565,"url":"https:\/\/le-fort.org\/cocina\/dia-del-noqui-una-vez-mas\/","url_meta":{"origin":10620,"position":4},"title":"D\u00eda del \u00d1oqui, una vez m\u00e1s","author":"Le-Fort.org","date":"2 de Julio, 2013","format":false,"excerpt":"Almuerzo del d\u00eda del \u00f1oqui, con \u00f1oquis de zapallo y papa y salsa picante de calamares, tomate y curry","rel":"","context":"En &quot;Comida&quot;","block_context":{"text":"Comida","link":"https:\/\/le-fort.org\/cocina\/categoria\/cocina-comida\/"},"img":{"alt_text":"","src":"https:\/\/i0.wp.com\/le-fort.org\/cocina\/wp-content\/uploads\/2013\/07\/noqui-diva-hd.jpg?fit=1200%2C400&ssl=1&resize=350%2C200","width":350,"height":200,"srcset":"https:\/\/i0.wp.com\/le-fort.org\/cocina\/wp-content\/uploads\/2013\/07\/noqui-diva-hd.jpg?fit=1200%2C400&ssl=1&resize=350%2C200 1x, https:\/\/i0.wp.com\/le-fort.org\/cocina\/wp-content\/uploads\/2013\/07\/noqui-diva-hd.jpg?fit=1200%2C400&ssl=1&resize=525%2C300 1.5x, https:\/\/i0.wp.com\/le-fort.org\/cocina\/wp-content\/uploads\/2013\/07\/noqui-diva-hd.jpg?fit=1200%2C400&ssl=1&resize=700%2C400 2x, https:\/\/i0.wp.com\/le-fort.org\/cocina\/wp-content\/uploads\/2013\/07\/noqui-diva-hd.jpg?fit=1200%2C400&ssl=1&resize=1050%2C600 3x"},"classes":[]},{"id":1823,"url":"https:\/\/le-fort.org\/cocina\/dia-del-noqui\/","url_meta":{"origin":10620,"position":5},"title":"D\u00eda del \u00d1oqui: 29 de cada Mes","author":"Le-Fort.org","date":"29 de Abril, 2012","format":false,"excerpt":"Algunos comentarios sobre el d\u00eda del \u00f1oqui y su oportunista celebraci\u00f3n en nuestra casa.","rel":"","context":"En &quot;Comida&quot;","block_context":{"text":"Comida","link":"https:\/\/le-fort.org\/cocina\/categoria\/cocina-comida\/"},"img":{"alt_text":"","src":"https:\/\/i0.wp.com\/le-fort.org\/cocina\/wp-content\/uploads\/2012\/04\/hd1.jpg?fit=800%2C300&ssl=1&resize=350%2C200","width":350,"height":200,"srcset":"https:\/\/i0.wp.com\/le-fort.org\/cocina\/wp-content\/uploads\/2012\/04\/hd1.jpg?fit=800%2C300&ssl=1&resize=350%2C200 1x, https:\/\/i0.wp.com\/le-fort.org\/cocina\/wp-content\/uploads\/2012\/04\/hd1.jpg?fit=800%2C300&ssl=1&resize=525%2C300 1.5x, https:\/\/i0.wp.com\/le-fort.org\/cocina\/wp-content\/uploads\/2012\/04\/hd1.jpg?fit=800%2C300&ssl=1&resize=700%2C400 2x"},"classes":[]}],"_links":{"self":[{"href":"https:\/\/le-fort.org\/cocina\/wp-json\/wp\/v2\/posts\/10620","targetHints":{"allow":["GET"]}}],"collection":[{"href":"https:\/\/le-fort.org\/cocina\/wp-json\/wp\/v2\/posts"}],"about":[{"href":"https:\/\/le-fort.org\/cocina\/wp-json\/wp\/v2\/types\/post"}],"author":[{"embeddable":true,"href":"https:\/\/le-fort.org\/cocina\/wp-json\/wp\/v2\/users\/1"}],"replies":[{"embeddable":true,"href":"https:\/\/le-fort.org\/cocina\/wp-json\/wp\/v2\/comments?post=10620"}],"version-history":[{"count":1,"href":"https:\/\/le-fort.org\/cocina\/wp-json\/wp\/v2\/posts\/10620\/revisions"}],"predecessor-version":[{"id":16356,"href":"https:\/\/le-fort.org\/cocina\/wp-json\/wp\/v2\/posts\/10620\/revisions\/16356"}],"wp:featuredmedia":[{"embeddable":true,"href":"https:\/\/le-fort.org\/cocina\/wp-json\/wp\/v2\/media\/10616"}],"wp:attachment":[{"href":"https:\/\/le-fort.org\/cocina\/wp-json\/wp\/v2\/media?parent=10620"}],"wp:term":[{"taxonomy":"category","embeddable":true,"href":"https:\/\/le-fort.org\/cocina\/wp-json\/wp\/v2\/categories?post=10620"},{"taxonomy":"post_tag","embeddable":true,"href":"https:\/\/le-fort.org\/cocina\/wp-json\/wp\/v2\/tags?post=10620"}],"curies":[{"name":"wp","href":"https:\/\/api.w.org\/{rel}","templated":true}]}}