{"id":10838,"date":"2017-12-16T10:52:49","date_gmt":"2017-12-16T15:52:49","guid":{"rendered":"https:\/\/www.le-fort.org\/?p=10838"},"modified":"2018-11-18T19:45:52","modified_gmt":"2018-11-19T00:45:52","slug":"recetas-fiestas-fin-de-ano","status":"publish","type":"post","link":"https:\/\/le-fort.org\/cocina\/recetas-fiestas-fin-de-ano\/","title":{"rendered":"Recetas de fiestas de fin de A\u00f1o"},"content":{"rendered":"<p>Las fiestas de fin de a\u00f1o tienen el elemento com\u00fan de comer bien y mucho. Las tradiciones var\u00edan seg\u00fan la cultura y el lugar, pero hay un tema recurrente que son los productos de guarda (frutos secos, fruta confitada, licores) y la abundancia.<!--more--><\/p>\n<p>Aqu\u00ed unimos recetas de Navidad\u00a0 y de Januca, familiares y del mundo, de dulce y saladas. Esperamos que encuentres algo que te sea de utilidad.<\/p>\n<p><img data-recalc-dims=\"1\" loading=\"lazy\" decoding=\"async\" data-attachment-id=\"5918\" data-permalink=\"https:\/\/le-fort.org\/cocina\/receta-de-panforte-de-siena\/rombos-panforte\/\" data-orig-file=\"https:\/\/i0.wp.com\/le-fort.org\/cocina\/wp-content\/uploads\/2014\/12\/rombos-panforte.jpg?fit=800%2C600&amp;ssl=1\" data-orig-size=\"800,600\" data-comments-opened=\"0\" data-image-meta=\"{&quot;aperture&quot;:&quot;0&quot;,&quot;credit&quot;:&quot;&quot;,&quot;camera&quot;:&quot;&quot;,&quot;caption&quot;:&quot;&quot;,&quot;created_timestamp&quot;:&quot;0&quot;,&quot;copyright&quot;:&quot;&quot;,&quot;focal_length&quot;:&quot;0&quot;,&quot;iso&quot;:&quot;0&quot;,&quot;shutter_speed&quot;:&quot;0&quot;,&quot;title&quot;:&quot;&quot;,&quot;orientation&quot;:&quot;0&quot;}\" data-image-title=\"rombos-panforte\" data-image-description=\"\" data-image-caption=\"\" data-large-file=\"https:\/\/i0.wp.com\/le-fort.org\/cocina\/wp-content\/uploads\/2014\/12\/rombos-panforte.jpg?fit=800%2C600&amp;ssl=1\" class=\"aligncenter size-full wp-image-5918\" src=\"https:\/\/i0.wp.com\/www.le-fort.org\/wp-content\/uploads\/2014\/12\/rombos-panforte.jpg?resize=800%2C600&#038;ssl=1\" alt=\"Recetas de fin de a\u00f1o: Panforte\" width=\"800\" height=\"600\" srcset=\"https:\/\/i0.wp.com\/le-fort.org\/cocina\/wp-content\/uploads\/2014\/12\/rombos-panforte.jpg?w=800&amp;ssl=1 800w, https:\/\/i0.wp.com\/le-fort.org\/cocina\/wp-content\/uploads\/2014\/12\/rombos-panforte.jpg?resize=600%2C450&amp;ssl=1 600w\" sizes=\"auto, (max-width: 800px) 100vw, 800px\" \/><\/p>\n<div class=\"listado\"><div class=\"display-posts-listing\"><div class=\"listing-item\"><a class=\"image\" href=\"https:\/\/le-fort.org\/cocina\/especias-de-navidad\/\"><img loading=\"lazy\" decoding=\"async\" width=\"1200\" height=\"400\" src=\"https:\/\/i0.wp.com\/le-fort.org\/cocina\/wp-content\/uploads\/2018\/11\/especias-lebkuchen-hd.jpg?fit=1200%2C400&amp;ssl=1\" class=\"attachment-large size-large wp-post-image\" alt=\"\" srcset=\"https:\/\/i0.wp.com\/le-fort.org\/cocina\/wp-content\/uploads\/2018\/11\/especias-lebkuchen-hd.jpg?w=1500&amp;ssl=1 1500w, https:\/\/i0.wp.com\/le-fort.org\/cocina\/wp-content\/uploads\/2018\/11\/especias-lebkuchen-hd.jpg?resize=600%2C200&amp;ssl=1 600w, https:\/\/i0.wp.com\/le-fort.org\/cocina\/wp-content\/uploads\/2018\/11\/especias-lebkuchen-hd.jpg?resize=1280%2C427&amp;ssl=1 1280w, https:\/\/i0.wp.com\/le-fort.org\/cocina\/wp-content\/uploads\/2018\/11\/especias-lebkuchen-hd.jpg?resize=3%2C1&amp;ssl=1 3w\" sizes=\"auto, (max-width: 1200px) 100vw, 1200px\" data-attachment-id=\"13486\" data-permalink=\"https:\/\/le-fort.org\/cocina\/especias-de-navidad\/especias-lebkuchen-hd\/\" data-orig-file=\"https:\/\/i0.wp.com\/le-fort.org\/cocina\/wp-content\/uploads\/2018\/11\/especias-lebkuchen-hd.jpg?fit=1500%2C500&amp;ssl=1\" data-orig-size=\"1500,500\" data-comments-opened=\"0\" data-image-meta=\"{&quot;aperture&quot;:&quot;0&quot;,&quot;credit&quot;:&quot;&quot;,&quot;camera&quot;:&quot;&quot;,&quot;caption&quot;:&quot;&quot;,&quot;created_timestamp&quot;:&quot;0&quot;,&quot;copyright&quot;:&quot;&quot;,&quot;focal_length&quot;:&quot;0&quot;,&quot;iso&quot;:&quot;0&quot;,&quot;shutter_speed&quot;:&quot;0&quot;,&quot;title&quot;:&quot;&quot;,&quot;orientation&quot;:&quot;0&quot;}\" data-image-title=\"especias-lebkuchen-hd\" data-image-description=\"\" data-image-caption=\"\" data-large-file=\"https:\/\/i0.wp.com\/le-fort.org\/cocina\/wp-content\/uploads\/2018\/11\/especias-lebkuchen-hd.jpg?fit=1200%2C400&amp;ssl=1\" \/><\/a> <a class=\"title\" href=\"https:\/\/le-fort.org\/cocina\/especias-de-navidad\/\">Especias de Navidad<\/a> <span class=\"excerpt-dash\">-<\/span> <span class=\"excerpt\">Receta de mezcla de especias de navidad alemanas (Lebkuchengew\u00fcrz)<\/span><\/div><div class=\"listing-item\"><a class=\"image\" href=\"https:\/\/le-fort.org\/cocina\/lebkuchen-galletas-alemanas\/\"><img loading=\"lazy\" decoding=\"async\" width=\"1200\" height=\"400\" src=\"https:\/\/i0.wp.com\/le-fort.org\/cocina\/wp-content\/uploads\/2018\/11\/lebkuchen-hd.jpg?fit=1200%2C400&amp;ssl=1\" class=\"attachment-large size-large wp-post-image\" alt=\"\" srcset=\"https:\/\/i0.wp.com\/le-fort.org\/cocina\/wp-content\/uploads\/2018\/11\/lebkuchen-hd.jpg?w=1500&amp;ssl=1 1500w, https:\/\/i0.wp.com\/le-fort.org\/cocina\/wp-content\/uploads\/2018\/11\/lebkuchen-hd.jpg?resize=600%2C200&amp;ssl=1 600w, https:\/\/i0.wp.com\/le-fort.org\/cocina\/wp-content\/uploads\/2018\/11\/lebkuchen-hd.jpg?resize=1280%2C427&amp;ssl=1 1280w, https:\/\/i0.wp.com\/le-fort.org\/cocina\/wp-content\/uploads\/2018\/11\/lebkuchen-hd.jpg?resize=3%2C1&amp;ssl=1 3w\" sizes=\"auto, (max-width: 1200px) 100vw, 1200px\" data-attachment-id=\"13474\" data-permalink=\"https:\/\/le-fort.org\/cocina\/lebkuchen-galletas-alemanas\/lebkuchen-hd\/\" data-orig-file=\"https:\/\/i0.wp.com\/le-fort.org\/cocina\/wp-content\/uploads\/2018\/11\/lebkuchen-hd.jpg?fit=1500%2C500&amp;ssl=1\" data-orig-size=\"1500,500\" data-comments-opened=\"0\" data-image-meta=\"{&quot;aperture&quot;:&quot;0&quot;,&quot;credit&quot;:&quot;&quot;,&quot;camera&quot;:&quot;&quot;,&quot;caption&quot;:&quot;&quot;,&quot;created_timestamp&quot;:&quot;0&quot;,&quot;copyright&quot;:&quot;&quot;,&quot;focal_length&quot;:&quot;0&quot;,&quot;iso&quot;:&quot;0&quot;,&quot;shutter_speed&quot;:&quot;0&quot;,&quot;title&quot;:&quot;&quot;,&quot;orientation&quot;:&quot;0&quot;}\" data-image-title=\"lebkuchen-hd\" data-image-description=\"\" data-image-caption=\"\" data-large-file=\"https:\/\/i0.wp.com\/le-fort.org\/cocina\/wp-content\/uploads\/2018\/11\/lebkuchen-hd.jpg?fit=1200%2C400&amp;ssl=1\" \/><\/a> <a class=\"title\" href=\"https:\/\/le-fort.org\/cocina\/lebkuchen-galletas-alemanas\/\">Lebkuchen: Galletas Alemanas<\/a> <span class=\"excerpt-dash\">-<\/span> <span class=\"excerpt\">Lebkuchen, galletas alemanas de navidad, muy especiadas. Duran much\u00edsimo.<\/span><\/div><div class=\"listing-item\"><a class=\"image\" href=\"https:\/\/le-fort.org\/cocina\/casa-de-jengibre\/\"><img loading=\"lazy\" decoding=\"async\" width=\"1200\" height=\"400\" src=\"https:\/\/i0.wp.com\/le-fort.org\/cocina\/wp-content\/uploads\/2018\/11\/casita-hd.jpg?fit=1200%2C400&amp;ssl=1\" class=\"attachment-large size-large wp-post-image\" alt=\"\" srcset=\"https:\/\/i0.wp.com\/le-fort.org\/cocina\/wp-content\/uploads\/2018\/11\/casita-hd.jpg?w=1500&amp;ssl=1 1500w, https:\/\/i0.wp.com\/le-fort.org\/cocina\/wp-content\/uploads\/2018\/11\/casita-hd.jpg?resize=600%2C200&amp;ssl=1 600w, https:\/\/i0.wp.com\/le-fort.org\/cocina\/wp-content\/uploads\/2018\/11\/casita-hd.jpg?resize=1280%2C427&amp;ssl=1 1280w, https:\/\/i0.wp.com\/le-fort.org\/cocina\/wp-content\/uploads\/2018\/11\/casita-hd.jpg?resize=3%2C1&amp;ssl=1 3w\" sizes=\"auto, (max-width: 1200px) 100vw, 1200px\" data-attachment-id=\"13463\" data-permalink=\"https:\/\/le-fort.org\/cocina\/casa-de-jengibre\/casita-hd\/\" data-orig-file=\"https:\/\/i0.wp.com\/le-fort.org\/cocina\/wp-content\/uploads\/2018\/11\/casita-hd.jpg?fit=1500%2C500&amp;ssl=1\" data-orig-size=\"1500,500\" data-comments-opened=\"0\" data-image-meta=\"{&quot;aperture&quot;:&quot;0&quot;,&quot;credit&quot;:&quot;&quot;,&quot;camera&quot;:&quot;&quot;,&quot;caption&quot;:&quot;&quot;,&quot;created_timestamp&quot;:&quot;0&quot;,&quot;copyright&quot;:&quot;&quot;,&quot;focal_length&quot;:&quot;0&quot;,&quot;iso&quot;:&quot;0&quot;,&quot;shutter_speed&quot;:&quot;0&quot;,&quot;title&quot;:&quot;&quot;,&quot;orientation&quot;:&quot;0&quot;}\" data-image-title=\"casita-hd\" data-image-description=\"\" data-image-caption=\"\" data-large-file=\"https:\/\/i0.wp.com\/le-fort.org\/cocina\/wp-content\/uploads\/2018\/11\/casita-hd.jpg?fit=1200%2C400&amp;ssl=1\" \/><\/a> <a class=\"title\" href=\"https:\/\/le-fort.org\/cocina\/casa-de-jengibre\/\">Casa de Jengibre<\/a> <span class=\"excerpt-dash\">-<\/span> <span class=\"excerpt\">Varios videos que muestran c\u00f3mo preparar una casa de Jengibre para fiestas de fin de a\u00f1o.<\/span><\/div><div class=\"listing-item\"><a class=\"image\" href=\"https:\/\/le-fort.org\/cocina\/babel-vi-hanukkah\/\"><img loading=\"lazy\" decoding=\"async\" width=\"1200\" height=\"400\" src=\"https:\/\/i0.wp.com\/le-fort.org\/cocina\/wp-content\/uploads\/2017\/12\/hanukkah-hd-1.jpg?fit=1200%2C400&amp;ssl=1\" class=\"attachment-large size-large wp-post-image\" alt=\"\" srcset=\"https:\/\/i0.wp.com\/le-fort.org\/cocina\/wp-content\/uploads\/2017\/12\/hanukkah-hd-1.jpg?w=2100&amp;ssl=1 2100w, https:\/\/i0.wp.com\/le-fort.org\/cocina\/wp-content\/uploads\/2017\/12\/hanukkah-hd-1.jpg?resize=600%2C200&amp;ssl=1 600w, https:\/\/i0.wp.com\/le-fort.org\/cocina\/wp-content\/uploads\/2017\/12\/hanukkah-hd-1.jpg?resize=1280%2C427&amp;ssl=1 1280w\" sizes=\"auto, (max-width: 1200px) 100vw, 1200px\" data-attachment-id=\"10882\" data-permalink=\"https:\/\/le-fort.org\/cocina\/babel-vi-hanukkah\/hanukkah-hd-2\/\" data-orig-file=\"https:\/\/i0.wp.com\/le-fort.org\/cocina\/wp-content\/uploads\/2017\/12\/hanukkah-hd-1.jpg?fit=2100%2C700&amp;ssl=1\" data-orig-size=\"2100,700\" data-comments-opened=\"0\" data-image-meta=\"{&quot;aperture&quot;:&quot;0&quot;,&quot;credit&quot;:&quot;&quot;,&quot;camera&quot;:&quot;&quot;,&quot;caption&quot;:&quot;&quot;,&quot;created_timestamp&quot;:&quot;0&quot;,&quot;copyright&quot;:&quot;&quot;,&quot;focal_length&quot;:&quot;0&quot;,&quot;iso&quot;:&quot;0&quot;,&quot;shutter_speed&quot;:&quot;0&quot;,&quot;title&quot;:&quot;&quot;,&quot;orientation&quot;:&quot;0&quot;}\" data-image-title=\"hanukkah-hd\" data-image-description=\"\" data-image-caption=\"\" data-large-file=\"https:\/\/i0.wp.com\/le-fort.org\/cocina\/wp-content\/uploads\/2017\/12\/hanukkah-hd-1.jpg?fit=1200%2C400&amp;ssl=1\" \/><\/a> <a class=\"title\" href=\"https:\/\/le-fort.org\/cocina\/babel-vi-hanukkah\/\">Babel VI: Hanukkah<\/a> <span class=\"excerpt-dash\">-<\/span> <span class=\"excerpt\">Hanukkah: la fiesta de las luces.<\/span><\/div><div class=\"listing-item\"><a class=\"image\" href=\"https:\/\/le-fort.org\/cocina\/galletas-de-jengibre\/\"><img loading=\"lazy\" decoding=\"async\" width=\"1200\" height=\"400\" src=\"https:\/\/i0.wp.com\/le-fort.org\/cocina\/wp-content\/uploads\/2017\/12\/galletas-hd.jpg?fit=1200%2C400&amp;ssl=1\" class=\"attachment-large size-large wp-post-image\" alt=\"\" srcset=\"https:\/\/i0.wp.com\/le-fort.org\/cocina\/wp-content\/uploads\/2017\/12\/galletas-hd.jpg?w=1500&amp;ssl=1 1500w, https:\/\/i0.wp.com\/le-fort.org\/cocina\/wp-content\/uploads\/2017\/12\/galletas-hd.jpg?resize=600%2C200&amp;ssl=1 600w, https:\/\/i0.wp.com\/le-fort.org\/cocina\/wp-content\/uploads\/2017\/12\/galletas-hd.jpg?resize=1280%2C427&amp;ssl=1 1280w\" sizes=\"auto, (max-width: 1200px) 100vw, 1200px\" data-attachment-id=\"10855\" data-permalink=\"https:\/\/le-fort.org\/cocina\/galletas-de-jengibre\/galletas-hd-2\/\" data-orig-file=\"https:\/\/i0.wp.com\/le-fort.org\/cocina\/wp-content\/uploads\/2017\/12\/galletas-hd.jpg?fit=1500%2C500&amp;ssl=1\" data-orig-size=\"1500,500\" data-comments-opened=\"0\" data-image-meta=\"{&quot;aperture&quot;:&quot;0&quot;,&quot;credit&quot;:&quot;&quot;,&quot;camera&quot;:&quot;&quot;,&quot;caption&quot;:&quot;&quot;,&quot;created_timestamp&quot;:&quot;0&quot;,&quot;copyright&quot;:&quot;&quot;,&quot;focal_length&quot;:&quot;0&quot;,&quot;iso&quot;:&quot;0&quot;,&quot;shutter_speed&quot;:&quot;0&quot;,&quot;title&quot;:&quot;&quot;,&quot;orientation&quot;:&quot;0&quot;}\" data-image-title=\"galletas-hd\" data-image-description=\"\" data-image-caption=\"\" data-large-file=\"https:\/\/i0.wp.com\/le-fort.org\/cocina\/wp-content\/uploads\/2017\/12\/galletas-hd.jpg?fit=1200%2C400&amp;ssl=1\" \/><\/a> <a class=\"title\" href=\"https:\/\/le-fort.org\/cocina\/galletas-de-jengibre\/\">Galletas de Jengibre<\/a> <span class=\"excerpt-dash\">-<\/span> <span class=\"excerpt\">Receta de galletas de jengibre, endulzadas con az\u00facar morena y con otras especias m\u00e1s. Su origen es medieval y son muy populares en Europa.<\/span><\/div><div class=\"listing-item\"><a class=\"image\" href=\"https:\/\/le-fort.org\/cocina\/kashmiri-pulao\/\"><img loading=\"lazy\" decoding=\"async\" width=\"1200\" height=\"400\" src=\"https:\/\/i0.wp.com\/le-fort.org\/cocina\/wp-content\/uploads\/2017\/12\/kashmiri-hd.jpg?fit=1200%2C400&amp;ssl=1\" class=\"attachment-large size-large wp-post-image\" alt=\"\" srcset=\"https:\/\/i0.wp.com\/le-fort.org\/cocina\/wp-content\/uploads\/2017\/12\/kashmiri-hd.jpg?w=1500&amp;ssl=1 1500w, https:\/\/i0.wp.com\/le-fort.org\/cocina\/wp-content\/uploads\/2017\/12\/kashmiri-hd.jpg?resize=600%2C200&amp;ssl=1 600w, https:\/\/i0.wp.com\/le-fort.org\/cocina\/wp-content\/uploads\/2017\/12\/kashmiri-hd.jpg?resize=1280%2C427&amp;ssl=1 1280w\" sizes=\"auto, (max-width: 1200px) 100vw, 1200px\" data-attachment-id=\"10592\" data-permalink=\"https:\/\/le-fort.org\/cocina\/kashmiri-pulao\/kashmiri-hd\/\" data-orig-file=\"https:\/\/i0.wp.com\/le-fort.org\/cocina\/wp-content\/uploads\/2017\/12\/kashmiri-hd.jpg?fit=1500%2C500&amp;ssl=1\" data-orig-size=\"1500,500\" data-comments-opened=\"0\" data-image-meta=\"{&quot;aperture&quot;:&quot;0&quot;,&quot;credit&quot;:&quot;&quot;,&quot;camera&quot;:&quot;&quot;,&quot;caption&quot;:&quot;&quot;,&quot;created_timestamp&quot;:&quot;0&quot;,&quot;copyright&quot;:&quot;&quot;,&quot;focal_length&quot;:&quot;0&quot;,&quot;iso&quot;:&quot;0&quot;,&quot;shutter_speed&quot;:&quot;0&quot;,&quot;title&quot;:&quot;&quot;,&quot;orientation&quot;:&quot;0&quot;}\" data-image-title=\"kashmiri-hd\" data-image-description=\"\" data-image-caption=\"\" data-large-file=\"https:\/\/i0.wp.com\/le-fort.org\/cocina\/wp-content\/uploads\/2017\/12\/kashmiri-hd.jpg?fit=1200%2C400&amp;ssl=1\" \/><\/a> <a class=\"title\" href=\"https:\/\/le-fort.org\/cocina\/kashmiri-pulao\/\">Kashmiri Pulao<\/a> <span class=\"excerpt-dash\">-<\/span> <span class=\"excerpt\">Receta de arroz con frutos secos de India<\/span><\/div><div class=\"listing-item\"><a class=\"image\" href=\"https:\/\/le-fort.org\/cocina\/lokshen-kugel-budin-dulce-fideos\/\"><img loading=\"lazy\" decoding=\"async\" width=\"1200\" height=\"400\" src=\"https:\/\/i0.wp.com\/le-fort.org\/cocina\/wp-content\/uploads\/2017\/11\/kugel-hd.jpg?fit=1200%2C400&amp;ssl=1\" class=\"attachment-large size-large wp-post-image\" alt=\"\" srcset=\"https:\/\/i0.wp.com\/le-fort.org\/cocina\/wp-content\/uploads\/2017\/11\/kugel-hd.jpg?w=1500&amp;ssl=1 1500w, https:\/\/i0.wp.com\/le-fort.org\/cocina\/wp-content\/uploads\/2017\/11\/kugel-hd.jpg?resize=600%2C200&amp;ssl=1 600w, https:\/\/i0.wp.com\/le-fort.org\/cocina\/wp-content\/uploads\/2017\/11\/kugel-hd.jpg?resize=1280%2C427&amp;ssl=1 1280w\" sizes=\"auto, (max-width: 1200px) 100vw, 1200px\" data-attachment-id=\"10220\" data-permalink=\"https:\/\/le-fort.org\/cocina\/lokshen-kugel-budin-dulce-fideos\/kugel-hd\/\" data-orig-file=\"https:\/\/i0.wp.com\/le-fort.org\/cocina\/wp-content\/uploads\/2017\/11\/kugel-hd.jpg?fit=1500%2C500&amp;ssl=1\" data-orig-size=\"1500,500\" data-comments-opened=\"0\" data-image-meta=\"{&quot;aperture&quot;:&quot;0&quot;,&quot;credit&quot;:&quot;&quot;,&quot;camera&quot;:&quot;&quot;,&quot;caption&quot;:&quot;&quot;,&quot;created_timestamp&quot;:&quot;0&quot;,&quot;copyright&quot;:&quot;&quot;,&quot;focal_length&quot;:&quot;0&quot;,&quot;iso&quot;:&quot;0&quot;,&quot;shutter_speed&quot;:&quot;0&quot;,&quot;title&quot;:&quot;&quot;,&quot;orientation&quot;:&quot;0&quot;}\" data-image-title=\"kugel-hd\" data-image-description=\"\" data-image-caption=\"\" data-large-file=\"https:\/\/i0.wp.com\/le-fort.org\/cocina\/wp-content\/uploads\/2017\/11\/kugel-hd.jpg?fit=1200%2C400&amp;ssl=1\" \/><\/a> <a class=\"title\" href=\"https:\/\/le-fort.org\/cocina\/lokshen-kugel-budin-dulce-fideos\/\">Lokshen Kugel<\/a> <span class=\"excerpt-dash\">-<\/span> <span class=\"excerpt\">El lokshen kugel o kigel es un bud\u00ecn de fideos jud\u00edo delicioso, mejor de lo que su descripci\u00f3n puede sugerir. Es como leche asada con fideos.<\/span><\/div><div class=\"listing-item\"><a class=\"image\" href=\"https:\/\/le-fort.org\/cocina\/pan-de-pascua-ii\/\"><img loading=\"lazy\" decoding=\"async\" width=\"1200\" height=\"400\" src=\"https:\/\/i0.wp.com\/le-fort.org\/cocina\/wp-content\/uploads\/2015\/12\/pan-de-pascua-hd.jpg?fit=1200%2C400&amp;ssl=1\" class=\"attachment-large size-large wp-post-image\" alt=\"\" srcset=\"https:\/\/i0.wp.com\/le-fort.org\/cocina\/wp-content\/uploads\/2015\/12\/pan-de-pascua-hd.jpg?w=1200&amp;ssl=1 1200w, https:\/\/i0.wp.com\/le-fort.org\/cocina\/wp-content\/uploads\/2015\/12\/pan-de-pascua-hd.jpg?resize=600%2C200&amp;ssl=1 600w\" sizes=\"auto, (max-width: 1200px) 100vw, 1200px\" data-attachment-id=\"7091\" data-permalink=\"https:\/\/le-fort.org\/cocina\/pan-de-pascua-ii\/pan-de-pascua-hd-3\/\" data-orig-file=\"https:\/\/i0.wp.com\/le-fort.org\/cocina\/wp-content\/uploads\/2015\/12\/pan-de-pascua-hd.jpg?fit=1200%2C400&amp;ssl=1\" data-orig-size=\"1200,400\" data-comments-opened=\"0\" data-image-meta=\"{&quot;aperture&quot;:&quot;0&quot;,&quot;credit&quot;:&quot;&quot;,&quot;camera&quot;:&quot;&quot;,&quot;caption&quot;:&quot;&quot;,&quot;created_timestamp&quot;:&quot;0&quot;,&quot;copyright&quot;:&quot;&quot;,&quot;focal_length&quot;:&quot;0&quot;,&quot;iso&quot;:&quot;0&quot;,&quot;shutter_speed&quot;:&quot;0&quot;,&quot;title&quot;:&quot;&quot;,&quot;orientation&quot;:&quot;0&quot;}\" data-image-title=\"pan-de-pascua-hd\" data-image-description=\"\" data-image-caption=\"\" data-large-file=\"https:\/\/i0.wp.com\/le-fort.org\/cocina\/wp-content\/uploads\/2015\/12\/pan-de-pascua-hd.jpg?fit=1200%2C400&amp;ssl=1\" \/><\/a> <a class=\"title\" href=\"https:\/\/le-fort.org\/cocina\/pan-de-pascua-ii\/\">Pan de Pascua &#8211; Receta Familiar<\/a> <span class=\"excerpt-dash\">-<\/span> <span class=\"excerpt\">Esta es nuestra receta familiar de pan de pascua.<\/span><\/div><div class=\"listing-item\"><a class=\"image\" href=\"https:\/\/le-fort.org\/cocina\/mazapan-de-almendra\/\"><img loading=\"lazy\" decoding=\"async\" width=\"1200\" height=\"400\" src=\"https:\/\/i0.wp.com\/le-fort.org\/cocina\/wp-content\/uploads\/2015\/11\/mazapan-hd.jpg?fit=1200%2C400&amp;ssl=1\" class=\"attachment-large size-large wp-post-image\" alt=\"\" srcset=\"https:\/\/i0.wp.com\/le-fort.org\/cocina\/wp-content\/uploads\/2015\/11\/mazapan-hd.jpg?w=1200&amp;ssl=1 1200w, https:\/\/i0.wp.com\/le-fort.org\/cocina\/wp-content\/uploads\/2015\/11\/mazapan-hd.jpg?resize=600%2C200&amp;ssl=1 600w\" sizes=\"auto, (max-width: 1200px) 100vw, 1200px\" data-attachment-id=\"6959\" data-permalink=\"https:\/\/le-fort.org\/cocina\/mazapan-de-almendra\/mazapan-hd\/\" data-orig-file=\"https:\/\/i0.wp.com\/le-fort.org\/cocina\/wp-content\/uploads\/2015\/11\/mazapan-hd.jpg?fit=1200%2C400&amp;ssl=1\" data-orig-size=\"1200,400\" data-comments-opened=\"0\" data-image-meta=\"{&quot;aperture&quot;:&quot;0&quot;,&quot;credit&quot;:&quot;&quot;,&quot;camera&quot;:&quot;&quot;,&quot;caption&quot;:&quot;&quot;,&quot;created_timestamp&quot;:&quot;0&quot;,&quot;copyright&quot;:&quot;&quot;,&quot;focal_length&quot;:&quot;0&quot;,&quot;iso&quot;:&quot;0&quot;,&quot;shutter_speed&quot;:&quot;0&quot;,&quot;title&quot;:&quot;&quot;,&quot;orientation&quot;:&quot;0&quot;}\" data-image-title=\"mazapan-hd\" data-image-description=\"\" data-image-caption=\"\" data-large-file=\"https:\/\/i0.wp.com\/le-fort.org\/cocina\/wp-content\/uploads\/2015\/11\/mazapan-hd.jpg?fit=1200%2C400&amp;ssl=1\" \/><\/a> <a class=\"title\" href=\"https:\/\/le-fort.org\/cocina\/mazapan-de-almendra\/\">Mazap\u00e1n de Almendra<\/a> <span class=\"excerpt-dash\">-<\/span> <span class=\"excerpt\">Receta de mazap\u00e1n de almendra, a partir de almendras, az\u00facar, clara de huevo y esencias.<\/span><\/div><div class=\"listing-item\"><a class=\"image\" href=\"https:\/\/le-fort.org\/cocina\/receta-de-panforte-de-siena\/\"><img loading=\"lazy\" decoding=\"async\" width=\"1200\" height=\"400\" src=\"https:\/\/i0.wp.com\/le-fort.org\/cocina\/wp-content\/uploads\/2014\/12\/panforte-hd-2.jpg?fit=1200%2C400&amp;ssl=1\" class=\"attachment-large size-large wp-post-image\" alt=\"\" srcset=\"https:\/\/i0.wp.com\/le-fort.org\/cocina\/wp-content\/uploads\/2014\/12\/panforte-hd-2.jpg?w=1200&amp;ssl=1 1200w, https:\/\/i0.wp.com\/le-fort.org\/cocina\/wp-content\/uploads\/2014\/12\/panforte-hd-2.jpg?resize=600%2C200&amp;ssl=1 600w\" sizes=\"auto, (max-width: 1200px) 100vw, 1200px\" data-attachment-id=\"5915\" data-permalink=\"https:\/\/le-fort.org\/cocina\/receta-de-panforte-de-siena\/panforte-hd-2\/\" data-orig-file=\"https:\/\/i0.wp.com\/le-fort.org\/cocina\/wp-content\/uploads\/2014\/12\/panforte-hd-2.jpg?fit=1200%2C400&amp;ssl=1\" data-orig-size=\"1200,400\" data-comments-opened=\"0\" data-image-meta=\"{&quot;aperture&quot;:&quot;0&quot;,&quot;credit&quot;:&quot;&quot;,&quot;camera&quot;:&quot;&quot;,&quot;caption&quot;:&quot;&quot;,&quot;created_timestamp&quot;:&quot;0&quot;,&quot;copyright&quot;:&quot;&quot;,&quot;focal_length&quot;:&quot;0&quot;,&quot;iso&quot;:&quot;0&quot;,&quot;shutter_speed&quot;:&quot;0&quot;,&quot;title&quot;:&quot;&quot;,&quot;orientation&quot;:&quot;0&quot;}\" data-image-title=\"panforte-hd-2\" data-image-description=\"\" data-image-caption=\"\" data-large-file=\"https:\/\/i0.wp.com\/le-fort.org\/cocina\/wp-content\/uploads\/2014\/12\/panforte-hd-2.jpg?fit=1200%2C400&amp;ssl=1\" \/><\/a> <a class=\"title\" href=\"https:\/\/le-fort.org\/cocina\/receta-de-panforte-de-siena\/\">Panforte de Siena<\/a> <span class=\"excerpt-dash\">-<\/span> <span class=\"excerpt\">Receta de Panforte di Siena. Tan buena es, que desde Lider.cl nos robaron el texto para un recetario sin pedir ni permiso.<\/span><\/div><div class=\"listing-item\"><a class=\"image\" href=\"https:\/\/le-fort.org\/cocina\/mazapan-de-nuez\/\"><img loading=\"lazy\" decoding=\"async\" width=\"1200\" height=\"400\" src=\"https:\/\/i0.wp.com\/le-fort.org\/cocina\/wp-content\/uploads\/2014\/08\/mazapan-nuez-hd.jpg?fit=1200%2C400&amp;ssl=1\" class=\"attachment-large size-large wp-post-image\" alt=\"\" srcset=\"https:\/\/i0.wp.com\/le-fort.org\/cocina\/wp-content\/uploads\/2014\/08\/mazapan-nuez-hd.jpg?w=1200&amp;ssl=1 1200w, https:\/\/i0.wp.com\/le-fort.org\/cocina\/wp-content\/uploads\/2014\/08\/mazapan-nuez-hd.jpg?resize=600%2C200&amp;ssl=1 600w\" sizes=\"auto, (max-width: 1200px) 100vw, 1200px\" data-attachment-id=\"5582\" data-permalink=\"https:\/\/le-fort.org\/cocina\/mazapan-de-nuez\/mazapan-nuez-hd\/\" data-orig-file=\"https:\/\/i0.wp.com\/le-fort.org\/cocina\/wp-content\/uploads\/2014\/08\/mazapan-nuez-hd.jpg?fit=1200%2C400&amp;ssl=1\" data-orig-size=\"1200,400\" data-comments-opened=\"0\" data-image-meta=\"{&quot;aperture&quot;:&quot;0&quot;,&quot;credit&quot;:&quot;&quot;,&quot;camera&quot;:&quot;&quot;,&quot;caption&quot;:&quot;&quot;,&quot;created_timestamp&quot;:&quot;0&quot;,&quot;copyright&quot;:&quot;&quot;,&quot;focal_length&quot;:&quot;0&quot;,&quot;iso&quot;:&quot;0&quot;,&quot;shutter_speed&quot;:&quot;0&quot;,&quot;title&quot;:&quot;&quot;,&quot;orientation&quot;:&quot;0&quot;}\" data-image-title=\"mazapan-nuez-hd\" data-image-description=\"\" data-image-caption=\"\" data-large-file=\"https:\/\/i0.wp.com\/le-fort.org\/cocina\/wp-content\/uploads\/2014\/08\/mazapan-nuez-hd.jpg?fit=1200%2C400&amp;ssl=1\" \/><\/a> <a class=\"title\" href=\"https:\/\/le-fort.org\/cocina\/mazapan-de-nuez\/\">Mazap\u00e1n de Nuez<\/a> <span class=\"excerpt-dash\">-<\/span> <span class=\"excerpt\">Receta de mazap\u00e1n de nuez, con leche condensada y galletas molidas, seg\u00fan la antigua receta familiar.<\/span><\/div><div class=\"listing-item\"><a class=\"image\" href=\"https:\/\/le-fort.org\/cocina\/donas-rosquillas-doughnuts-o-como-quieras-llamarlas\/\"><img loading=\"lazy\" decoding=\"async\" width=\"614\" height=\"225\" src=\"https:\/\/i0.wp.com\/le-fort.org\/cocina\/wp-content\/uploads\/2013\/05\/hd2.jpg?fit=614%2C225&amp;ssl=1\" class=\"attachment-large size-large wp-post-image\" alt=\"\" srcset=\"https:\/\/i0.wp.com\/le-fort.org\/cocina\/wp-content\/uploads\/2013\/05\/hd2.jpg?w=614&amp;ssl=1 614w, https:\/\/i0.wp.com\/le-fort.org\/cocina\/wp-content\/uploads\/2013\/05\/hd2.jpg?resize=600%2C220&amp;ssl=1 600w\" sizes=\"auto, (max-width: 614px) 100vw, 614px\" data-attachment-id=\"3477\" data-permalink=\"https:\/\/le-fort.org\/cocina\/donas-rosquillas-doughnuts-o-como-quieras-llamarlas\/hd-9\/\" data-orig-file=\"https:\/\/i0.wp.com\/le-fort.org\/cocina\/wp-content\/uploads\/2013\/05\/hd2.jpg?fit=614%2C225&amp;ssl=1\" data-orig-size=\"614,225\" data-comments-opened=\"0\" data-image-meta=\"{&quot;aperture&quot;:&quot;0&quot;,&quot;credit&quot;:&quot;&quot;,&quot;camera&quot;:&quot;&quot;,&quot;caption&quot;:&quot;&quot;,&quot;created_timestamp&quot;:&quot;0&quot;,&quot;copyright&quot;:&quot;&quot;,&quot;focal_length&quot;:&quot;0&quot;,&quot;iso&quot;:&quot;0&quot;,&quot;shutter_speed&quot;:&quot;0&quot;,&quot;title&quot;:&quot;&quot;,&quot;orientation&quot;:&quot;0&quot;}\" data-image-title=\"hd\" data-image-description=\"\" data-image-caption=\"\" data-large-file=\"https:\/\/i0.wp.com\/le-fort.org\/cocina\/wp-content\/uploads\/2013\/05\/hd2.jpg?fit=614%2C225&amp;ssl=1\" \/><\/a> <a class=\"title\" href=\"https:\/\/le-fort.org\/cocina\/donas-rosquillas-doughnuts-o-como-quieras-llamarlas\/\">Donas, Rosquillas, Doughnuts o como quieras llamarlas<\/a> <span class=\"excerpt-dash\">-<\/span> <span class=\"excerpt\">Receta de donas (o rosquillas o donuts) glaseadas. Son f\u00e1ciles de hacer y por lo mismo son un verdadero peligro para la esbeltez y la salud cardiovascular.<\/span><\/div><div class=\"listing-item\"><a class=\"image\" href=\"https:\/\/le-fort.org\/cocina\/berlines-con-crema-pastelera\/\"><img loading=\"lazy\" decoding=\"async\" width=\"960\" height=\"413\" src=\"https:\/\/i0.wp.com\/le-fort.org\/cocina\/wp-content\/uploads\/2013\/02\/P1280023-001.jpg?fit=960%2C413&amp;ssl=1\" class=\"attachment-large size-large wp-post-image\" alt=\"\" srcset=\"https:\/\/i0.wp.com\/le-fort.org\/cocina\/wp-content\/uploads\/2013\/02\/P1280023-001.jpg?w=960&amp;ssl=1 960w, https:\/\/i0.wp.com\/le-fort.org\/cocina\/wp-content\/uploads\/2013\/02\/P1280023-001.jpg?resize=600%2C258&amp;ssl=1 600w\" sizes=\"auto, (max-width: 960px) 100vw, 960px\" data-attachment-id=\"3471\" data-permalink=\"https:\/\/le-fort.org\/cocina\/berlines-con-crema-pastelera\/p1280023-001\/\" data-orig-file=\"https:\/\/i0.wp.com\/le-fort.org\/cocina\/wp-content\/uploads\/2013\/02\/P1280023-001.jpg?fit=960%2C413&amp;ssl=1\" data-orig-size=\"960,413\" data-comments-opened=\"0\" data-image-meta=\"{&quot;aperture&quot;:&quot;3.2&quot;,&quot;credit&quot;:&quot;Picasa&quot;,&quot;camera&quot;:&quot;DMC-FZ100&quot;,&quot;caption&quot;:&quot;&quot;,&quot;created_timestamp&quot;:&quot;1360174774&quot;,&quot;copyright&quot;:&quot;&quot;,&quot;focal_length&quot;:&quot;9.2&quot;,&quot;iso&quot;:&quot;160&quot;,&quot;shutter_speed&quot;:&quot;0.016666666666667&quot;,&quot;title&quot;:&quot;&quot;,&quot;orientation&quot;:&quot;0&quot;}\" data-image-title=\"P1280023-001\" data-image-description=\"\" data-image-caption=\"\" data-large-file=\"https:\/\/i0.wp.com\/le-fort.org\/cocina\/wp-content\/uploads\/2013\/02\/P1280023-001.jpg?fit=960%2C413&amp;ssl=1\" \/><\/a> <a class=\"title\" href=\"https:\/\/le-fort.org\/cocina\/berlines-con-crema-pastelera\/\">Berlines. Fritos, por supuesto<\/a> <span class=\"excerpt-dash\">-<\/span> <span class=\"excerpt\">Receta de Berlines fritos f\u00e1ciles, rellenos con Crema Pastelera. Se puede modificar el relleno para que sea mermelada, manjar blanco o dulce de membrillo tambi\u00e9n.<\/span><\/div><div class=\"listing-item\"><a class=\"image\" href=\"https:\/\/le-fort.org\/cocina\/receta-pan-de-pascua\/\"><img loading=\"lazy\" decoding=\"async\" width=\"1000\" height=\"288\" src=\"https:\/\/i0.wp.com\/le-fort.org\/cocina\/wp-content\/uploads\/2012\/11\/pdp.jpg?fit=1000%2C288&amp;ssl=1\" class=\"attachment-large size-large wp-post-image\" alt=\"\" srcset=\"https:\/\/i0.wp.com\/le-fort.org\/cocina\/wp-content\/uploads\/2012\/11\/pdp.jpg?w=1000&amp;ssl=1 1000w, https:\/\/i0.wp.com\/le-fort.org\/cocina\/wp-content\/uploads\/2012\/11\/pdp.jpg?resize=600%2C173&amp;ssl=1 600w\" sizes=\"auto, (max-width: 1000px) 100vw, 1000px\" data-attachment-id=\"5075\" data-permalink=\"https:\/\/le-fort.org\/cocina\/receta-pan-de-pascua\/pdp\/\" data-orig-file=\"https:\/\/i0.wp.com\/le-fort.org\/cocina\/wp-content\/uploads\/2012\/11\/pdp.jpg?fit=1000%2C288&amp;ssl=1\" data-orig-size=\"1000,288\" data-comments-opened=\"0\" data-image-meta=\"{&quot;aperture&quot;:&quot;0&quot;,&quot;credit&quot;:&quot;&quot;,&quot;camera&quot;:&quot;&quot;,&quot;caption&quot;:&quot;&quot;,&quot;created_timestamp&quot;:&quot;0&quot;,&quot;copyright&quot;:&quot;&quot;,&quot;focal_length&quot;:&quot;0&quot;,&quot;iso&quot;:&quot;0&quot;,&quot;shutter_speed&quot;:&quot;0&quot;,&quot;title&quot;:&quot;&quot;,&quot;orientation&quot;:&quot;0&quot;}\" data-image-title=\"pdp\" data-image-description=\"\" data-image-caption=\"\" data-large-file=\"https:\/\/i0.wp.com\/le-fort.org\/cocina\/wp-content\/uploads\/2012\/11\/pdp.jpg?fit=1000%2C288&amp;ssl=1\" \/><\/a> <a class=\"title\" href=\"https:\/\/le-fort.org\/cocina\/receta-pan-de-pascua\/\">Pan de Pascua &#8211; Fruitcake<\/a> <span class=\"excerpt-dash\">-<\/span> <span class=\"excerpt\">Pan de Pascua tipo fruitcake: Requiere tiempo y ron. Vale la pena.<\/span><\/div><\/div><\/div>\n<hr class=\"clear\" \/>\n<p>Si buscas una receta de fiestas que no est\u00e9 aqu\u00ed, por favor cont\u00e1ctanos para ver si la tenemos por ah\u00ed.<\/p>\n","protected":false},"excerpt":{"rendered":"<p>Recetas de fiestas de fin de a\u00f1o: Navidad, Hanukkah, Kwanzaa, etc. Hay un hilo conductor que es el comer bien, ya sean preparaciones dulces o saladas.<\/p>\n","protected":false},"author":1,"featured_media":10877,"comment_status":"closed","ping_status":"closed","sticky":false,"template":"","format":"standard","meta":{"_jetpack_newsletter_access":"","_jetpack_dont_email_post_to_subs":false,"_jetpack_newsletter_tier_id":0,"_jetpack_memberships_contains_paywalled_content":false,"_jetpack_memberships_contains_paid_content":false,"footnotes":""},"categories":[1],"tags":[741,200,201,362],"class_list":["post-10838","post","type-post","status-publish","format-standard","has-post-thumbnail","hentry","category-general","tag-hanukkah","tag-navidad","tag-recopilacion","tag-recopilaciones","entry","has-media"],"jetpack_featured_media_url":"https:\/\/i0.wp.com\/le-fort.org\/cocina\/wp-content\/uploads\/2017\/12\/hanukkah-hd.jpg?fit=2100%2C700&ssl=1","jetpack_shortlink":"https:\/\/wp.me\/pghKer-2OO","jetpack_sharing_enabled":true,"jetpack-related-posts":[{"id":10873,"url":"https:\/\/le-fort.org\/cocina\/babel-vi-hanukkah\/","url_meta":{"origin":10838,"position":0},"title":"Babel VI: Hanukkah","author":"Le-Fort.org","date":"20 de Diciembre, 2017","format":false,"excerpt":"Hanukkah: la fiesta de las luces.","rel":"","context":"En &quot;Comida&quot;","block_context":{"text":"Comida","link":"https:\/\/le-fort.org\/cocina\/categoria\/cocina-comida\/"},"img":{"alt_text":"","src":"https:\/\/i0.wp.com\/le-fort.org\/cocina\/wp-content\/uploads\/2017\/12\/hanukkah-hd-1.jpg?fit=1200%2C400&ssl=1&resize=350%2C200","width":350,"height":200,"srcset":"https:\/\/i0.wp.com\/le-fort.org\/cocina\/wp-content\/uploads\/2017\/12\/hanukkah-hd-1.jpg?fit=1200%2C400&ssl=1&resize=350%2C200 1x, https:\/\/i0.wp.com\/le-fort.org\/cocina\/wp-content\/uploads\/2017\/12\/hanukkah-hd-1.jpg?fit=1200%2C400&ssl=1&resize=525%2C300 1.5x, https:\/\/i0.wp.com\/le-fort.org\/cocina\/wp-content\/uploads\/2017\/12\/hanukkah-hd-1.jpg?fit=1200%2C400&ssl=1&resize=700%2C400 2x, https:\/\/i0.wp.com\/le-fort.org\/cocina\/wp-content\/uploads\/2017\/12\/hanukkah-hd-1.jpg?fit=1200%2C400&ssl=1&resize=1050%2C600 3x"},"classes":[]},{"id":14598,"url":"https:\/\/le-fort.org\/cocina\/talleres-fin-de-ano-2019-loja\/","url_meta":{"origin":10838,"position":1},"title":"Talleres Fin de A\u00f1o 2019","author":"Le-Fort.org","date":"28 de Octubre, 2019","format":false,"excerpt":"Programa de talleres culinarios de fin de a\u00f1o 2019 para la ciudad de Loja.","rel":"","context":"En &quot;General&quot;","block_context":{"text":"General","link":"https:\/\/le-fort.org\/cocina\/categoria\/general\/"},"img":{"alt_text":"Hanukkah","src":"https:\/\/i0.wp.com\/le-fort.org\/cocina\/wp-content\/uploads\/2017\/12\/hanukkah-hd.jpg?fit=1200%2C400&ssl=1&resize=350%2C200","width":350,"height":200,"srcset":"https:\/\/i0.wp.com\/le-fort.org\/cocina\/wp-content\/uploads\/2017\/12\/hanukkah-hd.jpg?fit=1200%2C400&ssl=1&resize=350%2C200 1x, https:\/\/i0.wp.com\/le-fort.org\/cocina\/wp-content\/uploads\/2017\/12\/hanukkah-hd.jpg?fit=1200%2C400&ssl=1&resize=525%2C300 1.5x, https:\/\/i0.wp.com\/le-fort.org\/cocina\/wp-content\/uploads\/2017\/12\/hanukkah-hd.jpg?fit=1200%2C400&ssl=1&resize=700%2C400 2x, https:\/\/i0.wp.com\/le-fort.org\/cocina\/wp-content\/uploads\/2017\/12\/hanukkah-hd.jpg?fit=1200%2C400&ssl=1&resize=1050%2C600 3x"},"classes":[]},{"id":13484,"url":"https:\/\/le-fort.org\/cocina\/especias-de-navidad\/","url_meta":{"origin":10838,"position":2},"title":"Especias de Navidad","author":"Le-Fort.org","date":"22 de Noviembre, 2018","format":false,"excerpt":"Receta de mezcla de especias de navidad alemanas (Lebkuchengew\u00fcrz)","rel":"","context":"En &quot;Recetas&quot;","block_context":{"text":"Recetas","link":"https:\/\/le-fort.org\/cocina\/categoria\/recetas\/"},"img":{"alt_text":"","src":"https:\/\/i0.wp.com\/le-fort.org\/cocina\/wp-content\/uploads\/2018\/11\/especias-lebkuchen-hd.jpg?fit=1200%2C400&ssl=1&resize=350%2C200","width":350,"height":200,"srcset":"https:\/\/i0.wp.com\/le-fort.org\/cocina\/wp-content\/uploads\/2018\/11\/especias-lebkuchen-hd.jpg?fit=1200%2C400&ssl=1&resize=350%2C200 1x, https:\/\/i0.wp.com\/le-fort.org\/cocina\/wp-content\/uploads\/2018\/11\/especias-lebkuchen-hd.jpg?fit=1200%2C400&ssl=1&resize=525%2C300 1.5x, https:\/\/i0.wp.com\/le-fort.org\/cocina\/wp-content\/uploads\/2018\/11\/especias-lebkuchen-hd.jpg?fit=1200%2C400&ssl=1&resize=700%2C400 2x, https:\/\/i0.wp.com\/le-fort.org\/cocina\/wp-content\/uploads\/2018\/11\/especias-lebkuchen-hd.jpg?fit=1200%2C400&ssl=1&resize=1050%2C600 3x"},"classes":[]},{"id":3122,"url":"https:\/\/le-fort.org\/cocina\/berlines-con-crema-pastelera\/","url_meta":{"origin":10838,"position":3},"title":"Berlines. Fritos, por supuesto","author":"Le-Fort.org","date":"7 de Febrero, 2013","format":false,"excerpt":"Receta de Berlines fritos f\u00e1ciles, rellenos con Crema Pastelera. Se puede modificar el relleno para que sea mermelada, manjar blanco o dulce de membrillo tambi\u00e9n.","rel":"","context":"En &quot;Recetas&quot;","block_context":{"text":"Recetas","link":"https:\/\/le-fort.org\/cocina\/categoria\/recetas\/"},"img":{"alt_text":"","src":"https:\/\/i0.wp.com\/le-fort.org\/cocina\/wp-content\/uploads\/2013\/02\/P1280023-001.jpg?fit=960%2C413&ssl=1&resize=350%2C200","width":350,"height":200,"srcset":"https:\/\/i0.wp.com\/le-fort.org\/cocina\/wp-content\/uploads\/2013\/02\/P1280023-001.jpg?fit=960%2C413&ssl=1&resize=350%2C200 1x, https:\/\/i0.wp.com\/le-fort.org\/cocina\/wp-content\/uploads\/2013\/02\/P1280023-001.jpg?fit=960%2C413&ssl=1&resize=525%2C300 1.5x, https:\/\/i0.wp.com\/le-fort.org\/cocina\/wp-content\/uploads\/2013\/02\/P1280023-001.jpg?fit=960%2C413&ssl=1&resize=700%2C400 2x"},"classes":[]},{"id":13460,"url":"https:\/\/le-fort.org\/cocina\/casa-de-jengibre\/","url_meta":{"origin":10838,"position":4},"title":"Casa de Jengibre","author":"Le-Fort.org","date":"17 de Noviembre, 2018","format":false,"excerpt":"Varios videos que muestran c\u00f3mo preparar una casa de Jengibre para fiestas de fin de a\u00f1o.","rel":"","context":"En &quot;Reposter\u00eda&quot;","block_context":{"text":"Reposter\u00eda","link":"https:\/\/le-fort.org\/cocina\/categoria\/reposteria\/"},"img":{"alt_text":"","src":"https:\/\/i0.wp.com\/le-fort.org\/cocina\/wp-content\/uploads\/2018\/11\/casita-hd.jpg?fit=1200%2C400&ssl=1&resize=350%2C200","width":350,"height":200,"srcset":"https:\/\/i0.wp.com\/le-fort.org\/cocina\/wp-content\/uploads\/2018\/11\/casita-hd.jpg?fit=1200%2C400&ssl=1&resize=350%2C200 1x, https:\/\/i0.wp.com\/le-fort.org\/cocina\/wp-content\/uploads\/2018\/11\/casita-hd.jpg?fit=1200%2C400&ssl=1&resize=525%2C300 1.5x, https:\/\/i0.wp.com\/le-fort.org\/cocina\/wp-content\/uploads\/2018\/11\/casita-hd.jpg?fit=1200%2C400&ssl=1&resize=700%2C400 2x, https:\/\/i0.wp.com\/le-fort.org\/cocina\/wp-content\/uploads\/2018\/11\/casita-hd.jpg?fit=1200%2C400&ssl=1&resize=1050%2C600 3x"},"classes":[]},{"id":3470,"url":"https:\/\/le-fort.org\/cocina\/donas-rosquillas-doughnuts-o-como-quieras-llamarlas\/","url_meta":{"origin":10838,"position":5},"title":"Donas, Rosquillas, Doughnuts o como quieras llamarlas","author":"Le-Fort.org","date":"3 de Mayo, 2013","format":false,"excerpt":"Receta de donas (o rosquillas o donuts) glaseadas. Son f\u00e1ciles de hacer y por lo mismo son un verdadero peligro para la esbeltez y la salud cardiovascular.","rel":"","context":"En &quot;Recetas&quot;","block_context":{"text":"Recetas","link":"https:\/\/le-fort.org\/cocina\/categoria\/recetas\/"},"img":{"alt_text":"","src":"https:\/\/i0.wp.com\/le-fort.org\/cocina\/wp-content\/uploads\/2013\/05\/hd2.jpg?fit=614%2C225&ssl=1&resize=350%2C200","width":350,"height":200,"srcset":"https:\/\/i0.wp.com\/le-fort.org\/cocina\/wp-content\/uploads\/2013\/05\/hd2.jpg?fit=614%2C225&ssl=1&resize=350%2C200 1x, https:\/\/i0.wp.com\/le-fort.org\/cocina\/wp-content\/uploads\/2013\/05\/hd2.jpg?fit=614%2C225&ssl=1&resize=525%2C300 1.5x"},"classes":[]}],"_links":{"self":[{"href":"https:\/\/le-fort.org\/cocina\/wp-json\/wp\/v2\/posts\/10838","targetHints":{"allow":["GET"]}}],"collection":[{"href":"https:\/\/le-fort.org\/cocina\/wp-json\/wp\/v2\/posts"}],"about":[{"href":"https:\/\/le-fort.org\/cocina\/wp-json\/wp\/v2\/types\/post"}],"author":[{"embeddable":true,"href":"https:\/\/le-fort.org\/cocina\/wp-json\/wp\/v2\/users\/1"}],"replies":[{"embeddable":true,"href":"https:\/\/le-fort.org\/cocina\/wp-json\/wp\/v2\/comments?post=10838"}],"version-history":[{"count":1,"href":"https:\/\/le-fort.org\/cocina\/wp-json\/wp\/v2\/posts\/10838\/revisions"}],"predecessor-version":[{"id":13468,"href":"https:\/\/le-fort.org\/cocina\/wp-json\/wp\/v2\/posts\/10838\/revisions\/13468"}],"wp:featuredmedia":[{"embeddable":true,"href":"https:\/\/le-fort.org\/cocina\/wp-json\/wp\/v2\/media\/10877"}],"wp:attachment":[{"href":"https:\/\/le-fort.org\/cocina\/wp-json\/wp\/v2\/media?parent=10838"}],"wp:term":[{"taxonomy":"category","embeddable":true,"href":"https:\/\/le-fort.org\/cocina\/wp-json\/wp\/v2\/categories?post=10838"},{"taxonomy":"post_tag","embeddable":true,"href":"https:\/\/le-fort.org\/cocina\/wp-json\/wp\/v2\/tags?post=10838"}],"curies":[{"name":"wp","href":"https:\/\/api.w.org\/{rel}","templated":true}]}}