{"id":10873,"date":"2017-12-20T00:26:46","date_gmt":"2017-12-20T05:26:46","guid":{"rendered":"https:\/\/www.le-fort.org\/?p=10873"},"modified":"2018-10-16T18:37:10","modified_gmt":"2018-10-16T23:37:10","slug":"babel-vi-hanukkah","status":"publish","type":"post","link":"https:\/\/le-fort.org\/cocina\/babel-vi-hanukkah\/","title":{"rendered":"Babel VI: Hanukkah"},"content":{"rendered":"<p>Hanukkah es la fiesta de las luces de la tradici\u00f3n jud\u00eda. \u00bfQu\u00e9 mejor que celebrar Babel VI con amigos justo para Hanukkah? As\u00ed fue nuestro primer <a href=\"https:\/\/www.le-fort.org\/babel\/\">Babel<\/a> fuera de Nab\u00f3n, despu\u00e9s de la despedida de <a href=\"https:\/\/www.le-fort.org\/babel-v-pizza-no-pizza\/\">Babel V<\/a>.<!--more--><\/p>\n<p><img data-recalc-dims=\"1\" loading=\"lazy\" decoding=\"async\" data-attachment-id=\"10884\" data-permalink=\"https:\/\/le-fort.org\/cocina\/babel-vi-hanukkah\/keftas-hd\/\" data-orig-file=\"https:\/\/i0.wp.com\/le-fort.org\/cocina\/wp-content\/uploads\/2017\/12\/keftas-hd.jpg?fit=1500%2C500&amp;ssl=1\" data-orig-size=\"1500,500\" data-comments-opened=\"0\" data-image-meta=\"{&quot;aperture&quot;:&quot;0&quot;,&quot;credit&quot;:&quot;&quot;,&quot;camera&quot;:&quot;&quot;,&quot;caption&quot;:&quot;&quot;,&quot;created_timestamp&quot;:&quot;0&quot;,&quot;copyright&quot;:&quot;&quot;,&quot;focal_length&quot;:&quot;0&quot;,&quot;iso&quot;:&quot;0&quot;,&quot;shutter_speed&quot;:&quot;0&quot;,&quot;title&quot;:&quot;&quot;,&quot;orientation&quot;:&quot;0&quot;}\" data-image-title=\"keftas-hd\" data-image-description=\"&lt;p&gt;keftes&lt;\/p&gt;\n\" data-image-caption=\"\" data-large-file=\"https:\/\/i0.wp.com\/le-fort.org\/cocina\/wp-content\/uploads\/2017\/12\/keftas-hd.jpg?fit=1200%2C400&amp;ssl=1\" class=\"aligncenter size-large wp-image-10884\" src=\"https:\/\/i0.wp.com\/www.le-fort.org\/wp-content\/uploads\/2017\/12\/keftas-hd-1280x427.jpg?resize=755%2C252&#038;ssl=1\" alt=\"\" width=\"755\" height=\"252\" srcset=\"https:\/\/i0.wp.com\/le-fort.org\/cocina\/wp-content\/uploads\/2017\/12\/keftas-hd.jpg?resize=1280%2C427&amp;ssl=1 1280w, https:\/\/i0.wp.com\/le-fort.org\/cocina\/wp-content\/uploads\/2017\/12\/keftas-hd.jpg?resize=600%2C200&amp;ssl=1 600w, https:\/\/i0.wp.com\/le-fort.org\/cocina\/wp-content\/uploads\/2017\/12\/keftas-hd.jpg?w=1500&amp;ssl=1 1500w\" sizes=\"auto, (max-width: 755px) 100vw, 755px\" \/><\/p>\n<p>\u00bfQu\u00e9 es Hanukkah?<\/p>\n<p><span style=\"color: #767676; font-size: 19px; font-style: italic;\">&#8230;es una festividad judaica. Celebrada durante ocho d\u00edas, conmemora la derrota de los helenos y la recuperaci\u00f3n de la independencia jud\u00eda a manos de los macabeos sobre los griegos sel\u00e9ucidas, y la posterior purificaci\u00f3n del Segundo Templo de Jerusal\u00e9n de los \u00edconos paganos, en el siglo II a. C.<br \/>\n(fuente: Wikipedia)<\/span><\/p>\n<p>El gran protagonista de esta celebraci\u00f3n es el aceite. Debido a que en el relato una m\u00ednima cantidad de aceite ardi\u00f3 ocho d\u00edas, en esta festividad se comen muchos alimentos fritos. No quisimos alejarnos de tan golosa tradici\u00f3n y tambi\u00e9n estructuramos este Babel de la mano del aceite.<\/p>\n<p>Por ser una festividad, este Babel fue por invitaci\u00f3n. No se cobr\u00f3 nada.<\/p>\n<figure id=\"attachment_10875\" aria-describedby=\"caption-attachment-10875\" style=\"width: 755px\" class=\"wp-caption aligncenter\"><img data-recalc-dims=\"1\" loading=\"lazy\" decoding=\"async\" data-attachment-id=\"10875\" data-permalink=\"https:\/\/le-fort.org\/cocina\/babel-vi-hanukkah\/dramatis-personae-4\/\" data-orig-file=\"https:\/\/i0.wp.com\/le-fort.org\/cocina\/wp-content\/uploads\/2017\/12\/dramatis-personae-1.jpg?fit=1280%2C720&amp;ssl=1\" data-orig-size=\"1280,720\" data-comments-opened=\"0\" data-image-meta=\"{&quot;aperture&quot;:&quot;0&quot;,&quot;credit&quot;:&quot;&quot;,&quot;camera&quot;:&quot;&quot;,&quot;caption&quot;:&quot;&quot;,&quot;created_timestamp&quot;:&quot;0&quot;,&quot;copyright&quot;:&quot;&quot;,&quot;focal_length&quot;:&quot;0&quot;,&quot;iso&quot;:&quot;0&quot;,&quot;shutter_speed&quot;:&quot;0&quot;,&quot;title&quot;:&quot;&quot;,&quot;orientation&quot;:&quot;0&quot;}\" data-image-title=\"dramatis-personae\" data-image-description=\"\" data-image-caption=\"&lt;p&gt;Nuesta familia y amigos.&lt;\/p&gt;\n\" data-large-file=\"https:\/\/i0.wp.com\/le-fort.org\/cocina\/wp-content\/uploads\/2017\/12\/dramatis-personae-1.jpg?fit=1200%2C675&amp;ssl=1\" class=\"size-large wp-image-10875\" src=\"https:\/\/i0.wp.com\/www.le-fort.org\/wp-content\/uploads\/2017\/12\/dramatis-personae-1-1280x720.jpg?resize=755%2C425&#038;ssl=1\" alt=\"Familia y amigos en Babel VI: Hanukkah\" width=\"755\" height=\"425\" srcset=\"https:\/\/i0.wp.com\/le-fort.org\/cocina\/wp-content\/uploads\/2017\/12\/dramatis-personae-1.jpg?w=1280&amp;ssl=1 1280w, https:\/\/i0.wp.com\/le-fort.org\/cocina\/wp-content\/uploads\/2017\/12\/dramatis-personae-1.jpg?resize=600%2C338&amp;ssl=1 600w\" sizes=\"auto, (max-width: 755px) 100vw, 755px\" \/><figcaption id=\"caption-attachment-10875\" class=\"wp-caption-text\">Nuesta familia y amigos.<\/figcaption><\/figure>\n<h2>Men\u00fa de Babel VI: Hanukkah<\/h2>\n<p>La idea fue visitar cl\u00e1sicos de nuestro men\u00fa y a la vez investigar y probar cosas nuevas.<\/p>\n<p>Comenzamos (c\u00f3mo no) por los <em>latkes<\/em>, fritos de papa y cebolla, servidos con crema \u00e1cida y pur\u00e9 de manzana. Todo muy tradicional.<\/p>\n<figure id=\"attachment_10878\" aria-describedby=\"caption-attachment-10878\" style=\"width: 755px\" class=\"wp-caption aligncenter\"><img data-recalc-dims=\"1\" loading=\"lazy\" decoding=\"async\" data-attachment-id=\"10878\" data-permalink=\"https:\/\/le-fort.org\/cocina\/babel-vi-hanukkah\/latkes\/\" data-orig-file=\"https:\/\/i0.wp.com\/le-fort.org\/cocina\/wp-content\/uploads\/2017\/12\/latkes.jpg?fit=1280%2C720&amp;ssl=1\" data-orig-size=\"1280,720\" data-comments-opened=\"0\" data-image-meta=\"{&quot;aperture&quot;:&quot;0&quot;,&quot;credit&quot;:&quot;&quot;,&quot;camera&quot;:&quot;&quot;,&quot;caption&quot;:&quot;&quot;,&quot;created_timestamp&quot;:&quot;0&quot;,&quot;copyright&quot;:&quot;&quot;,&quot;focal_length&quot;:&quot;0&quot;,&quot;iso&quot;:&quot;0&quot;,&quot;shutter_speed&quot;:&quot;0&quot;,&quot;title&quot;:&quot;&quot;,&quot;orientation&quot;:&quot;0&quot;}\" data-image-title=\"latkes\" data-image-description=\"\" data-image-caption=\"&lt;p&gt;Latkes&lt;\/p&gt;\n\" data-large-file=\"https:\/\/i0.wp.com\/le-fort.org\/cocina\/wp-content\/uploads\/2017\/12\/latkes.jpg?fit=1200%2C675&amp;ssl=1\" class=\"size-large wp-image-10878\" src=\"https:\/\/i0.wp.com\/www.le-fort.org\/wp-content\/uploads\/2017\/12\/latkes-1280x720.jpg?resize=755%2C425&#038;ssl=1\" alt=\"Latkes de Hanukkah\" width=\"755\" height=\"425\" srcset=\"https:\/\/i0.wp.com\/le-fort.org\/cocina\/wp-content\/uploads\/2017\/12\/latkes.jpg?w=1280&amp;ssl=1 1280w, https:\/\/i0.wp.com\/le-fort.org\/cocina\/wp-content\/uploads\/2017\/12\/latkes.jpg?resize=600%2C338&amp;ssl=1 600w\" sizes=\"auto, (max-width: 755px) 100vw, 755px\" \/><figcaption id=\"caption-attachment-10878\" class=\"wp-caption-text\">Latkes<\/figcaption><\/figure>\n<p>Proseguimos con una receta jud\u00eda de Siria: keftes garaz. Alb\u00f3ndigas agridulces en salsa de vino, tamarindo y guindas, que sustituimos por ar\u00e1ndanos rojos. Realmente deliciosa. Se incorpora a nuestra rotaci\u00f3n culinaria. La servimos sobre cusc\u00fas.<\/p>\n<figure id=\"attachment_10874\" aria-describedby=\"caption-attachment-10874\" style=\"width: 755px\" class=\"wp-caption aligncenter\"><img data-recalc-dims=\"1\" loading=\"lazy\" decoding=\"async\" data-attachment-id=\"10874\" data-permalink=\"https:\/\/le-fort.org\/cocina\/babel-vi-hanukkah\/cuscus\/\" data-orig-file=\"https:\/\/i0.wp.com\/le-fort.org\/cocina\/wp-content\/uploads\/2017\/12\/cuscus.jpg?fit=1280%2C720&amp;ssl=1\" data-orig-size=\"1280,720\" data-comments-opened=\"0\" data-image-meta=\"{&quot;aperture&quot;:&quot;0&quot;,&quot;credit&quot;:&quot;&quot;,&quot;camera&quot;:&quot;&quot;,&quot;caption&quot;:&quot;&quot;,&quot;created_timestamp&quot;:&quot;0&quot;,&quot;copyright&quot;:&quot;&quot;,&quot;focal_length&quot;:&quot;0&quot;,&quot;iso&quot;:&quot;0&quot;,&quot;shutter_speed&quot;:&quot;0&quot;,&quot;title&quot;:&quot;&quot;,&quot;orientation&quot;:&quot;0&quot;}\" data-image-title=\"cuscus\" data-image-description=\"\" data-image-caption=\"&lt;p&gt;Keftes&lt;\/p&gt;\n\" data-large-file=\"https:\/\/i0.wp.com\/le-fort.org\/cocina\/wp-content\/uploads\/2017\/12\/cuscus.jpg?fit=1200%2C675&amp;ssl=1\" class=\"size-large wp-image-10874\" src=\"https:\/\/i0.wp.com\/www.le-fort.org\/wp-content\/uploads\/2017\/12\/cuscus-1280x720.jpg?resize=755%2C425&#038;ssl=1\" alt=\"keftes de Babel VI: Hanukkah\" width=\"755\" height=\"425\" srcset=\"https:\/\/i0.wp.com\/le-fort.org\/cocina\/wp-content\/uploads\/2017\/12\/cuscus.jpg?w=1280&amp;ssl=1 1280w, https:\/\/i0.wp.com\/le-fort.org\/cocina\/wp-content\/uploads\/2017\/12\/cuscus.jpg?resize=600%2C338&amp;ssl=1 600w\" sizes=\"auto, (max-width: 755px) 100vw, 755px\" \/><figcaption id=\"caption-attachment-10874\" class=\"wp-caption-text\">Keftes<\/figcaption><\/figure>\n<p>No todo el aceite es fritura. Ensalada de hinojo con naranja, aderezado generosamente con aceite de oliva.<\/p>\n<figure id=\"attachment_10887\" aria-describedby=\"caption-attachment-10887\" style=\"width: 755px\" class=\"wp-caption aligncenter\"><img data-recalc-dims=\"1\" loading=\"lazy\" decoding=\"async\" data-attachment-id=\"10887\" data-permalink=\"https:\/\/le-fort.org\/cocina\/babel-vi-hanukkah\/ensalada-2\/\" data-orig-file=\"https:\/\/i0.wp.com\/le-fort.org\/cocina\/wp-content\/uploads\/2017\/12\/ensalada.jpg?fit=1280%2C720&amp;ssl=1\" data-orig-size=\"1280,720\" data-comments-opened=\"0\" data-image-meta=\"{&quot;aperture&quot;:&quot;0&quot;,&quot;credit&quot;:&quot;&quot;,&quot;camera&quot;:&quot;&quot;,&quot;caption&quot;:&quot;&quot;,&quot;created_timestamp&quot;:&quot;0&quot;,&quot;copyright&quot;:&quot;&quot;,&quot;focal_length&quot;:&quot;0&quot;,&quot;iso&quot;:&quot;0&quot;,&quot;shutter_speed&quot;:&quot;0&quot;,&quot;title&quot;:&quot;&quot;,&quot;orientation&quot;:&quot;0&quot;}\" data-image-title=\"ensalada\" data-image-description=\"\" data-image-caption=\"&lt;p&gt;Ensalada de hinojo y naranja&lt;\/p&gt;\n\" data-large-file=\"https:\/\/i0.wp.com\/le-fort.org\/cocina\/wp-content\/uploads\/2017\/12\/ensalada.jpg?fit=1200%2C675&amp;ssl=1\" class=\"size-large wp-image-10887\" src=\"https:\/\/i0.wp.com\/www.le-fort.org\/wp-content\/uploads\/2017\/12\/ensalada-1280x720.jpg?resize=755%2C425&#038;ssl=1\" alt=\"Ensalada de hinojo y naranja\" width=\"755\" height=\"425\" srcset=\"https:\/\/i0.wp.com\/le-fort.org\/cocina\/wp-content\/uploads\/2017\/12\/ensalada.jpg?w=1280&amp;ssl=1 1280w, https:\/\/i0.wp.com\/le-fort.org\/cocina\/wp-content\/uploads\/2017\/12\/ensalada.jpg?resize=600%2C338&amp;ssl=1 600w\" sizes=\"auto, (max-width: 755px) 100vw, 755px\" \/><figcaption id=\"caption-attachment-10887\" class=\"wp-caption-text\">Ensalada de hinojo y naranja<\/figcaption><\/figure>\n<p>\u00bfDe postre? qu\u00e9 m\u00e1s cl\u00e1sico que unos deliciosos <em>sufganiyot<\/em>, sospechosamente parecidos a los berlines.<\/p>\n<figure id=\"attachment_10880\" aria-describedby=\"caption-attachment-10880\" style=\"width: 755px\" class=\"wp-caption aligncenter\"><img data-recalc-dims=\"1\" loading=\"lazy\" decoding=\"async\" data-attachment-id=\"10880\" data-permalink=\"https:\/\/le-fort.org\/cocina\/babel-vi-hanukkah\/sufganiyot-2\/\" data-orig-file=\"https:\/\/i0.wp.com\/le-fort.org\/cocina\/wp-content\/uploads\/2017\/12\/sufganiyot-2.jpg?fit=1280%2C720&amp;ssl=1\" data-orig-size=\"1280,720\" data-comments-opened=\"0\" data-image-meta=\"{&quot;aperture&quot;:&quot;0&quot;,&quot;credit&quot;:&quot;&quot;,&quot;camera&quot;:&quot;&quot;,&quot;caption&quot;:&quot;&quot;,&quot;created_timestamp&quot;:&quot;0&quot;,&quot;copyright&quot;:&quot;&quot;,&quot;focal_length&quot;:&quot;0&quot;,&quot;iso&quot;:&quot;0&quot;,&quot;shutter_speed&quot;:&quot;0&quot;,&quot;title&quot;:&quot;&quot;,&quot;orientation&quot;:&quot;0&quot;}\" data-image-title=\"sufganiyot-2\" data-image-description=\"\" data-image-caption=\"&lt;p&gt;Sufgani\u00e1 a medio comer. Delicioso.&lt;\/p&gt;\n\" data-large-file=\"https:\/\/i0.wp.com\/le-fort.org\/cocina\/wp-content\/uploads\/2017\/12\/sufganiyot-2.jpg?fit=1200%2C675&amp;ssl=1\" class=\"size-large wp-image-10880\" src=\"https:\/\/i0.wp.com\/www.le-fort.org\/wp-content\/uploads\/2017\/12\/sufganiyot-2-1280x720.jpg?resize=755%2C425&#038;ssl=1\" alt=\"Sufgani\u00e1 de Hanukkah\" width=\"755\" height=\"425\" srcset=\"https:\/\/i0.wp.com\/le-fort.org\/cocina\/wp-content\/uploads\/2017\/12\/sufganiyot-2.jpg?w=1280&amp;ssl=1 1280w, https:\/\/i0.wp.com\/le-fort.org\/cocina\/wp-content\/uploads\/2017\/12\/sufganiyot-2.jpg?resize=600%2C338&amp;ssl=1 600w\" sizes=\"auto, (max-width: 755px) 100vw, 755px\" \/><figcaption id=\"caption-attachment-10880\" class=\"wp-caption-text\">Sufgani\u00e1 a medio comer. Delicioso.<\/figcaption><\/figure>\n<p>Caf\u00e9, por supuesto, y tambi\u00e9n por supuesto, <em>gelt<\/em> para todos. Una historia del <em>Januc\u00e1 gelt<\/em> es que despu\u00e9s de derrotar a los sel\u00e9ucidas y recobrar la libertad, acu\u00f1aron monedas conmemorativas. Se convirtieron en chocolate en la d\u00e9cada de 1920, y en este caso preferimos chocolate a dinero.<\/p>\n<figure id=\"attachment_10881\" aria-describedby=\"caption-attachment-10881\" style=\"width: 755px\" class=\"wp-caption aligncenter\"><img data-recalc-dims=\"1\" loading=\"lazy\" decoding=\"async\" data-attachment-id=\"10881\" data-permalink=\"https:\/\/le-fort.org\/cocina\/babel-vi-hanukkah\/gelt-2\/\" data-orig-file=\"https:\/\/i0.wp.com\/le-fort.org\/cocina\/wp-content\/uploads\/2017\/12\/gelt-1.jpg?fit=1280%2C720&amp;ssl=1\" data-orig-size=\"1280,720\" data-comments-opened=\"0\" data-image-meta=\"{&quot;aperture&quot;:&quot;0&quot;,&quot;credit&quot;:&quot;&quot;,&quot;camera&quot;:&quot;&quot;,&quot;caption&quot;:&quot;&quot;,&quot;created_timestamp&quot;:&quot;0&quot;,&quot;copyright&quot;:&quot;&quot;,&quot;focal_length&quot;:&quot;0&quot;,&quot;iso&quot;:&quot;0&quot;,&quot;shutter_speed&quot;:&quot;0&quot;,&quot;title&quot;:&quot;&quot;,&quot;orientation&quot;:&quot;0&quot;}\" data-image-title=\"gelt\" data-image-description=\"\" data-image-caption=\"&lt;p&gt;Januc\u00e1 guelt&lt;\/p&gt;\n\" data-large-file=\"https:\/\/i0.wp.com\/le-fort.org\/cocina\/wp-content\/uploads\/2017\/12\/gelt-1.jpg?fit=1200%2C675&amp;ssl=1\" class=\"size-large wp-image-10881\" src=\"https:\/\/i0.wp.com\/www.le-fort.org\/wp-content\/uploads\/2017\/12\/gelt-1-1280x720.jpg?resize=755%2C425&#038;ssl=1\" alt=\"Hanukkah Gelt\" width=\"755\" height=\"425\" srcset=\"https:\/\/i0.wp.com\/le-fort.org\/cocina\/wp-content\/uploads\/2017\/12\/gelt-1.jpg?w=1280&amp;ssl=1 1280w, https:\/\/i0.wp.com\/le-fort.org\/cocina\/wp-content\/uploads\/2017\/12\/gelt-1.jpg?resize=600%2C338&amp;ssl=1 600w\" sizes=\"auto, (max-width: 755px) 100vw, 755px\" \/><figcaption id=\"caption-attachment-10881\" class=\"wp-caption-text\">Januc\u00e1 guelt<\/figcaption><\/figure>\n<p>Tambi\u00e9n hubo <a href=\"https:\/\/www.le-fort.org\/galletas-de-jengibre\/\">galletas de navida<\/a>d, pero eso no corresponde directamente a la tradici\u00f3n jud\u00eda.<\/p>\n<p>Quedamos felices y agradecidos por los visitantes y por haber celebrado un nuevo Babel. Ahora comenzamos a pensar en Babel VII.<\/p>\n","protected":false},"excerpt":{"rendered":"<p>Hanukkah: la fiesta de las luces.<\/p>\n","protected":false},"author":1,"featured_media":10882,"comment_status":"closed","ping_status":"closed","sticky":false,"template":"","format":"standard","meta":{"_jetpack_newsletter_access":"","_jetpack_dont_email_post_to_subs":false,"_jetpack_newsletter_tier_id":0,"_jetpack_memberships_contains_paywalled_content":false,"_jetpack_memberships_contains_paid_content":false,"footnotes":""},"categories":[19],"tags":[735,652,738],"class_list":["post-10873","post","type-post","status-publish","format-standard","has-post-thumbnail","hentry","category-cocina-comida","tag-babel","tag-comida-judia","tag-recetas-navidenas","entry","has-media"],"jetpack_featured_media_url":"https:\/\/i0.wp.com\/le-fort.org\/cocina\/wp-content\/uploads\/2017\/12\/hanukkah-hd-1.jpg?fit=2100%2C700&ssl=1","jetpack_shortlink":"https:\/\/wp.me\/pghKer-2Pn","jetpack_sharing_enabled":true,"jetpack-related-posts":[{"id":10823,"url":"https:\/\/le-fort.org\/cocina\/resumen-del-2017\/","url_meta":{"origin":10873,"position":0},"title":"Resumen del 2017","author":"Le-Fort.org","date":"24 de Diciembre, 2017","format":false,"excerpt":"El 2017 fue un buen a\u00f1o en lo que se refiere al quehacer gastron\u00f3mico en la cocina, en el aula y en la mesa. Participamos en bellos proyectos y eventos, conocimos gente buena e interesante y fue un a\u00f1o de cambios y crecimiento, tambi\u00e9n de metas cumplidas. Algunos puntos altos\u2026","rel":"","context":"En &quot;Cavilaciones&quot;","block_context":{"text":"Cavilaciones","link":"https:\/\/le-fort.org\/cocina\/categoria\/cavilaciones\/"},"img":{"alt_text":"","src":"https:\/\/i0.wp.com\/le-fort.org\/cocina\/wp-content\/uploads\/2017\/07\/ambato-hd.jpg?fit=1200%2C400&ssl=1&resize=350%2C200","width":350,"height":200,"srcset":"https:\/\/i0.wp.com\/le-fort.org\/cocina\/wp-content\/uploads\/2017\/07\/ambato-hd.jpg?fit=1200%2C400&ssl=1&resize=350%2C200 1x, https:\/\/i0.wp.com\/le-fort.org\/cocina\/wp-content\/uploads\/2017\/07\/ambato-hd.jpg?fit=1200%2C400&ssl=1&resize=525%2C300 1.5x, https:\/\/i0.wp.com\/le-fort.org\/cocina\/wp-content\/uploads\/2017\/07\/ambato-hd.jpg?fit=1200%2C400&ssl=1&resize=700%2C400 2x, https:\/\/i0.wp.com\/le-fort.org\/cocina\/wp-content\/uploads\/2017\/07\/ambato-hd.jpg?fit=1200%2C400&ssl=1&resize=1050%2C600 3x"},"classes":[]},{"id":12342,"url":"https:\/\/le-fort.org\/cocina\/babel-vii-comida-india\/","url_meta":{"origin":10873,"position":1},"title":"Babel VII: Comida India","author":"Le-Fort.org","date":"14 de Abril, 2018","format":false,"excerpt":"Nos demoramos con Babel VII, pero lleg\u00f3. El tema elegido fue cocina india, y preparamos nuestros favoritos. Se sumaron amigos para una muy buena velada.","rel":"","context":"En &quot;General&quot;","block_context":{"text":"General","link":"https:\/\/le-fort.org\/cocina\/categoria\/general\/"},"img":{"alt_text":"","src":"https:\/\/i0.wp.com\/le-fort.org\/cocina\/wp-content\/uploads\/2018\/04\/babel-vii-hd.jpg?fit=1200%2C400&ssl=1&resize=350%2C200","width":350,"height":200,"srcset":"https:\/\/i0.wp.com\/le-fort.org\/cocina\/wp-content\/uploads\/2018\/04\/babel-vii-hd.jpg?fit=1200%2C400&ssl=1&resize=350%2C200 1x, https:\/\/i0.wp.com\/le-fort.org\/cocina\/wp-content\/uploads\/2018\/04\/babel-vii-hd.jpg?fit=1200%2C400&ssl=1&resize=525%2C300 1.5x, https:\/\/i0.wp.com\/le-fort.org\/cocina\/wp-content\/uploads\/2018\/04\/babel-vii-hd.jpg?fit=1200%2C400&ssl=1&resize=700%2C400 2x, https:\/\/i0.wp.com\/le-fort.org\/cocina\/wp-content\/uploads\/2018\/04\/babel-vii-hd.jpg?fit=1200%2C400&ssl=1&resize=1050%2C600 3x"},"classes":[]},{"id":10644,"url":"https:\/\/le-fort.org\/cocina\/babel-v-pizza-no-pizza\/","url_meta":{"origin":10873,"position":2},"title":"Babel V: Pizza, no Pizza, y Despedida","author":"Le-Fort.org","date":"18 de Noviembre, 2017","format":false,"excerpt":"Babel V uni\u00f3 la pizza y la no pizza: pizzas de EE.UU. y Argentina y no pizzas de Alsacia y Armenia. Buena despedida de nuestra estancia en Nab\u00f3n.","rel":"","context":"En &quot;Comida&quot;","block_context":{"text":"Comida","link":"https:\/\/le-fort.org\/cocina\/categoria\/cocina-comida\/"},"img":{"alt_text":"","src":"https:\/\/i0.wp.com\/le-fort.org\/cocina\/wp-content\/uploads\/2017\/12\/sauerkraut-hd.jpg?fit=1200%2C400&ssl=1&resize=350%2C200","width":350,"height":200,"srcset":"https:\/\/i0.wp.com\/le-fort.org\/cocina\/wp-content\/uploads\/2017\/12\/sauerkraut-hd.jpg?fit=1200%2C400&ssl=1&resize=350%2C200 1x, https:\/\/i0.wp.com\/le-fort.org\/cocina\/wp-content\/uploads\/2017\/12\/sauerkraut-hd.jpg?fit=1200%2C400&ssl=1&resize=525%2C300 1.5x, https:\/\/i0.wp.com\/le-fort.org\/cocina\/wp-content\/uploads\/2017\/12\/sauerkraut-hd.jpg?fit=1200%2C400&ssl=1&resize=700%2C400 2x, https:\/\/i0.wp.com\/le-fort.org\/cocina\/wp-content\/uploads\/2017\/12\/sauerkraut-hd.jpg?fit=1200%2C400&ssl=1&resize=1050%2C600 3x"},"classes":[]},{"id":10838,"url":"https:\/\/le-fort.org\/cocina\/recetas-fiestas-fin-de-ano\/","url_meta":{"origin":10873,"position":3},"title":"Recetas de fiestas de fin de A\u00f1o","author":"Le-Fort.org","date":"16 de Diciembre, 2017","format":false,"excerpt":"Recetas de fiestas de fin de a\u00f1o: Navidad, Hanukkah, Kwanzaa, etc. Hay un hilo conductor que es el comer bien, ya sean preparaciones dulces o saladas.","rel":"","context":"En &quot;General&quot;","block_context":{"text":"General","link":"https:\/\/le-fort.org\/cocina\/categoria\/general\/"},"img":{"alt_text":"Hanukkah","src":"https:\/\/i0.wp.com\/le-fort.org\/cocina\/wp-content\/uploads\/2017\/12\/hanukkah-hd.jpg?fit=1200%2C400&ssl=1&resize=350%2C200","width":350,"height":200,"srcset":"https:\/\/i0.wp.com\/le-fort.org\/cocina\/wp-content\/uploads\/2017\/12\/hanukkah-hd.jpg?fit=1200%2C400&ssl=1&resize=350%2C200 1x, https:\/\/i0.wp.com\/le-fort.org\/cocina\/wp-content\/uploads\/2017\/12\/hanukkah-hd.jpg?fit=1200%2C400&ssl=1&resize=525%2C300 1.5x, https:\/\/i0.wp.com\/le-fort.org\/cocina\/wp-content\/uploads\/2017\/12\/hanukkah-hd.jpg?fit=1200%2C400&ssl=1&resize=700%2C400 2x, https:\/\/i0.wp.com\/le-fort.org\/cocina\/wp-content\/uploads\/2017\/12\/hanukkah-hd.jpg?fit=1200%2C400&ssl=1&resize=1050%2C600 3x"},"classes":[]},{"id":10620,"url":"https:\/\/le-fort.org\/cocina\/babel-i-dia-del-noqui\/","url_meta":{"origin":10873,"position":4},"title":"Babel I: D\u00eda del \u00d1oqui","author":"Le-Fort.org","date":"29 de Junio, 2017","format":false,"excerpt":"Babel I: D\u00eda del \u00d1oqui. Tradici\u00f3n que guardamos intermitentemente desde hace a\u00f1os. Es un buen comienzo.","rel":"","context":"En &quot;Comida&quot;","block_context":{"text":"Comida","link":"https:\/\/le-fort.org\/cocina\/categoria\/cocina-comida\/"},"img":{"alt_text":"","src":"https:\/\/i0.wp.com\/le-fort.org\/cocina\/wp-content\/uploads\/2017\/12\/babel-grande.jpg?fit=1200%2C400&ssl=1&resize=350%2C200","width":350,"height":200,"srcset":"https:\/\/i0.wp.com\/le-fort.org\/cocina\/wp-content\/uploads\/2017\/12\/babel-grande.jpg?fit=1200%2C400&ssl=1&resize=350%2C200 1x, https:\/\/i0.wp.com\/le-fort.org\/cocina\/wp-content\/uploads\/2017\/12\/babel-grande.jpg?fit=1200%2C400&ssl=1&resize=525%2C300 1.5x, https:\/\/i0.wp.com\/le-fort.org\/cocina\/wp-content\/uploads\/2017\/12\/babel-grande.jpg?fit=1200%2C400&ssl=1&resize=700%2C400 2x, https:\/\/i0.wp.com\/le-fort.org\/cocina\/wp-content\/uploads\/2017\/12\/babel-grande.jpg?fit=1200%2C400&ssl=1&resize=1050%2C600 3x"},"classes":[]},{"id":3470,"url":"https:\/\/le-fort.org\/cocina\/donas-rosquillas-doughnuts-o-como-quieras-llamarlas\/","url_meta":{"origin":10873,"position":5},"title":"Donas, Rosquillas, Doughnuts o como quieras llamarlas","author":"Le-Fort.org","date":"3 de Mayo, 2013","format":false,"excerpt":"Receta de donas (o rosquillas o donuts) glaseadas. Son f\u00e1ciles de hacer y por lo mismo son un verdadero peligro para la esbeltez y la salud cardiovascular.","rel":"","context":"En &quot;Recetas&quot;","block_context":{"text":"Recetas","link":"https:\/\/le-fort.org\/cocina\/categoria\/recetas\/"},"img":{"alt_text":"","src":"https:\/\/i0.wp.com\/le-fort.org\/cocina\/wp-content\/uploads\/2013\/05\/hd2.jpg?fit=614%2C225&ssl=1&resize=350%2C200","width":350,"height":200,"srcset":"https:\/\/i0.wp.com\/le-fort.org\/cocina\/wp-content\/uploads\/2013\/05\/hd2.jpg?fit=614%2C225&ssl=1&resize=350%2C200 1x, https:\/\/i0.wp.com\/le-fort.org\/cocina\/wp-content\/uploads\/2013\/05\/hd2.jpg?fit=614%2C225&ssl=1&resize=525%2C300 1.5x"},"classes":[]}],"_links":{"self":[{"href":"https:\/\/le-fort.org\/cocina\/wp-json\/wp\/v2\/posts\/10873","targetHints":{"allow":["GET"]}}],"collection":[{"href":"https:\/\/le-fort.org\/cocina\/wp-json\/wp\/v2\/posts"}],"about":[{"href":"https:\/\/le-fort.org\/cocina\/wp-json\/wp\/v2\/types\/post"}],"author":[{"embeddable":true,"href":"https:\/\/le-fort.org\/cocina\/wp-json\/wp\/v2\/users\/1"}],"replies":[{"embeddable":true,"href":"https:\/\/le-fort.org\/cocina\/wp-json\/wp\/v2\/comments?post=10873"}],"version-history":[{"count":1,"href":"https:\/\/le-fort.org\/cocina\/wp-json\/wp\/v2\/posts\/10873\/revisions"}],"predecessor-version":[{"id":13344,"href":"https:\/\/le-fort.org\/cocina\/wp-json\/wp\/v2\/posts\/10873\/revisions\/13344"}],"wp:featuredmedia":[{"embeddable":true,"href":"https:\/\/le-fort.org\/cocina\/wp-json\/wp\/v2\/media\/10882"}],"wp:attachment":[{"href":"https:\/\/le-fort.org\/cocina\/wp-json\/wp\/v2\/media?parent=10873"}],"wp:term":[{"taxonomy":"category","embeddable":true,"href":"https:\/\/le-fort.org\/cocina\/wp-json\/wp\/v2\/categories?post=10873"},{"taxonomy":"post_tag","embeddable":true,"href":"https:\/\/le-fort.org\/cocina\/wp-json\/wp\/v2\/tags?post=10873"}],"curies":[{"name":"wp","href":"https:\/\/api.w.org\/{rel}","templated":true}]}}