{"id":11355,"date":"2018-01-13T11:18:00","date_gmt":"2018-01-13T16:18:00","guid":{"rendered":"https:\/\/www.le-fort.org\/?p=11355"},"modified":"2022-01-05T10:03:12","modified_gmt":"2022-01-05T15:03:12","slug":"graduacion-chefs-santa-elena","status":"publish","type":"post","link":"https:\/\/le-fort.org\/cocina\/graduacion-chefs-santa-elena\/","title":{"rendered":"Graduaci\u00f3n en Santa Elena"},"content":{"rendered":"<p>Tuvimos la alegr\u00eda de representar a la <a href=\"https:\/\/chefs.ec\" target=\"_blank\" rel=\"noopener\">Asociaci\u00f3n de Chefs del Ecuador<\/a> en la graduaci\u00f3n de la cuarta generaci\u00f3n de Chefs de Partida de la Escuela de Alta Cocina Arte Chef\u00a0en Salinas, Santa Elena.<!--more--><\/p>\n<p>Este evento fue particularmente significativo para nosotros, porque aqu\u00ed fue donde estudiamos y obtuvimos nuestras primeras certificaciones. Por ello es un doble placer volver a participar de la vida de la Escuela. Otro punto que hizo este evento especial para nosotros, fue que los Chefs que se graduaron fueron alumnos nuestros: de Rodrigo en Introducci\u00f3n a los Alimentos y de Marell en Administraci\u00f3n y en Costos.<\/p>\n<h2>La Graduaci\u00f3n<\/h2>\n<figure id=\"attachment_11399\" aria-describedby=\"caption-attachment-11399\" style=\"width: 755px\" class=\"wp-caption aligncenter\"><img data-recalc-dims=\"1\" loading=\"lazy\" decoding=\"async\" data-attachment-id=\"11399\" data-permalink=\"https:\/\/le-fort.org\/cocina\/graduacion-chefs-santa-elena\/sunset\/\" data-orig-file=\"https:\/\/i0.wp.com\/le-fort.org\/cocina\/wp-content\/uploads\/2018\/01\/sunset.jpg?fit=1280%2C720&amp;ssl=1\" data-orig-size=\"1280,720\" data-comments-opened=\"0\" data-image-meta=\"{&quot;aperture&quot;:&quot;0&quot;,&quot;credit&quot;:&quot;&quot;,&quot;camera&quot;:&quot;&quot;,&quot;caption&quot;:&quot;&quot;,&quot;created_timestamp&quot;:&quot;0&quot;,&quot;copyright&quot;:&quot;&quot;,&quot;focal_length&quot;:&quot;0&quot;,&quot;iso&quot;:&quot;0&quot;,&quot;shutter_speed&quot;:&quot;0&quot;,&quot;title&quot;:&quot;&quot;,&quot;orientation&quot;:&quot;0&quot;}\" data-image-title=\"sunset\" data-image-description=\"\" data-image-caption=\"&lt;p&gt;La ceremonia comenz\u00f3 al final del d\u00eda&lt;\/p&gt;\n\" data-large-file=\"https:\/\/i0.wp.com\/le-fort.org\/cocina\/wp-content\/uploads\/2018\/01\/sunset.jpg?fit=1200%2C675&amp;ssl=1\" class=\"size-large wp-image-11399\" src=\"https:\/\/i0.wp.com\/www.le-fort.org\/wp-content\/uploads\/2018\/01\/sunset-1280x720.jpg?resize=755%2C425&#038;ssl=1\" alt=\"Puesta de sol el d\u00eda de la graduaci\u00f3n\" width=\"755\" height=\"425\" srcset=\"https:\/\/i0.wp.com\/le-fort.org\/cocina\/wp-content\/uploads\/2018\/01\/sunset.jpg?w=1280&amp;ssl=1 1280w, https:\/\/i0.wp.com\/le-fort.org\/cocina\/wp-content\/uploads\/2018\/01\/sunset.jpg?resize=600%2C338&amp;ssl=1 600w\" sizes=\"auto, (max-width: 755px) 100vw, 755px\" \/><figcaption id=\"caption-attachment-11399\" class=\"wp-caption-text\">La ceremonia comenz\u00f3 al final del d\u00eda<\/figcaption><\/figure>\n<p>La ceremonia de graduaci\u00f3n se realiz\u00f3 en el edificio Rayo Rojo de la Base Naval de Salinas. En el \u00faltimo piso hay un sal\u00f3n de eventos con una vista hermosa.<\/p>\n<p>Comenzamos un poco tarde, porque hubo que esperar a algunas autoridades (nosotros somos inocentes: llegamos a la hora).<\/p>\n<figure id=\"attachment_11359\" aria-describedby=\"caption-attachment-11359\" style=\"width: 755px\" class=\"wp-caption aligncenter\"><img data-recalc-dims=\"1\" loading=\"lazy\" decoding=\"async\" data-attachment-id=\"11359\" data-permalink=\"https:\/\/le-fort.org\/cocina\/graduacion-chefs-santa-elena\/img_9873\/\" data-orig-file=\"https:\/\/i0.wp.com\/le-fort.org\/cocina\/wp-content\/uploads\/2018\/01\/IMG_9873.jpg?fit=1280%2C720&amp;ssl=1\" data-orig-size=\"1280,720\" data-comments-opened=\"0\" data-image-meta=\"{&quot;aperture&quot;:&quot;4.5&quot;,&quot;credit&quot;:&quot;@roduar&quot;,&quot;camera&quot;:&quot;Canon PowerShot SX50 HS&quot;,&quot;caption&quot;:&quot;&quot;,&quot;created_timestamp&quot;:&quot;1515783368&quot;,&quot;copyright&quot;:&quot;&quot;,&quot;focal_length&quot;:&quot;13.814&quot;,&quot;iso&quot;:&quot;800&quot;,&quot;shutter_speed&quot;:&quot;0.066666666666667&quot;,&quot;title&quot;:&quot;&quot;,&quot;orientation&quot;:&quot;0&quot;}\" data-image-title=\"IMG_9873\" data-image-description=\"\" data-image-caption=\"\" data-large-file=\"https:\/\/i0.wp.com\/le-fort.org\/cocina\/wp-content\/uploads\/2018\/01\/IMG_9873.jpg?fit=1200%2C675&amp;ssl=1\" class=\"wp-image-11359 size-large\" src=\"https:\/\/i0.wp.com\/www.le-fort.org\/wp-content\/uploads\/2018\/01\/IMG_9873-1280x720.jpg?resize=755%2C425&#038;ssl=1\" alt=\"El Chef Patricio Iza, Director de la Escuela de Alta Cocina Arte Chef, dando la bienvenida a la Ceremonia de Graduaci\u00f3n\" width=\"755\" height=\"425\" srcset=\"https:\/\/i0.wp.com\/le-fort.org\/cocina\/wp-content\/uploads\/2018\/01\/IMG_9873.jpg?w=1280&amp;ssl=1 1280w, https:\/\/i0.wp.com\/le-fort.org\/cocina\/wp-content\/uploads\/2018\/01\/IMG_9873.jpg?resize=600%2C338&amp;ssl=1 600w\" sizes=\"auto, (max-width: 755px) 100vw, 755px\" \/><figcaption id=\"caption-attachment-11359\" class=\"wp-caption-text\">El Chef Patricio Iza, Director de la Escuela de Alta Cocina Arte Chef, dando la bienvenida a la Ceremonia de Graduaci\u00f3n<\/figcaption><\/figure>\n<figure id=\"attachment_11360\" aria-describedby=\"caption-attachment-11360\" style=\"width: 755px\" class=\"wp-caption aligncenter\"><img data-recalc-dims=\"1\" loading=\"lazy\" decoding=\"async\" data-attachment-id=\"11360\" data-permalink=\"https:\/\/le-fort.org\/cocina\/graduacion-chefs-santa-elena\/img_9875\/\" data-orig-file=\"https:\/\/i0.wp.com\/le-fort.org\/cocina\/wp-content\/uploads\/2018\/01\/IMG_9875.jpg?fit=1280%2C720&amp;ssl=1\" data-orig-size=\"1280,720\" data-comments-opened=\"0\" data-image-meta=\"{&quot;aperture&quot;:&quot;4.5&quot;,&quot;credit&quot;:&quot;@roduar&quot;,&quot;camera&quot;:&quot;Canon PowerShot SX50 HS&quot;,&quot;caption&quot;:&quot;&quot;,&quot;created_timestamp&quot;:&quot;1515783749&quot;,&quot;copyright&quot;:&quot;&quot;,&quot;focal_length&quot;:&quot;10.692&quot;,&quot;iso&quot;:&quot;800&quot;,&quot;shutter_speed&quot;:&quot;0.05&quot;,&quot;title&quot;:&quot;&quot;,&quot;orientation&quot;:&quot;0&quot;}\" data-image-title=\"IMG_9875\" data-image-description=\"\" data-image-caption=\"\" data-large-file=\"https:\/\/i0.wp.com\/le-fort.org\/cocina\/wp-content\/uploads\/2018\/01\/IMG_9875.jpg?fit=1200%2C675&amp;ssl=1\" class=\"wp-image-11360 size-large\" src=\"https:\/\/i0.wp.com\/www.le-fort.org\/wp-content\/uploads\/2018\/01\/IMG_9875-1280x720.jpg?resize=755%2C425&#038;ssl=1\" alt=\"La Chef Lcda. Marell Rojas Le-Fort, hablando sobre la importancia del estudio continuo, y la importancia del fracaso.\" width=\"755\" height=\"425\" srcset=\"https:\/\/i0.wp.com\/le-fort.org\/cocina\/wp-content\/uploads\/2018\/01\/IMG_9875.jpg?w=1280&amp;ssl=1 1280w, https:\/\/i0.wp.com\/le-fort.org\/cocina\/wp-content\/uploads\/2018\/01\/IMG_9875.jpg?resize=600%2C338&amp;ssl=1 600w\" sizes=\"auto, (max-width: 755px) 100vw, 755px\" \/><figcaption id=\"caption-attachment-11360\" class=\"wp-caption-text\">La Chef Lcda. Marell Rojas Le-Fort, en representaci\u00f3n de la Asociaci\u00f3n de Chefs del Ecuador, hablando sobre la importancia del estudio continuo, y la importancia del fracaso.<\/figcaption><\/figure>\n<figure id=\"attachment_11362\" aria-describedby=\"caption-attachment-11362\" style=\"width: 755px\" class=\"wp-caption aligncenter\"><img data-recalc-dims=\"1\" loading=\"lazy\" decoding=\"async\" data-attachment-id=\"11362\" data-permalink=\"https:\/\/le-fort.org\/cocina\/graduacion-chefs-santa-elena\/img_9886\/\" data-orig-file=\"https:\/\/i0.wp.com\/le-fort.org\/cocina\/wp-content\/uploads\/2018\/01\/IMG_9886.jpg?fit=1280%2C720&amp;ssl=1\" data-orig-size=\"1280,720\" data-comments-opened=\"0\" data-image-meta=\"{&quot;aperture&quot;:&quot;5&quot;,&quot;credit&quot;:&quot;@roduar&quot;,&quot;camera&quot;:&quot;Canon PowerShot SX50 HS&quot;,&quot;caption&quot;:&quot;&quot;,&quot;created_timestamp&quot;:&quot;1515785367&quot;,&quot;copyright&quot;:&quot;&quot;,&quot;focal_length&quot;:&quot;15.205&quot;,&quot;iso&quot;:&quot;800&quot;,&quot;shutter_speed&quot;:&quot;0.076923076923077&quot;,&quot;title&quot;:&quot;&quot;,&quot;orientation&quot;:&quot;0&quot;}\" data-image-title=\"IMG_9886\" data-image-description=\"\" data-image-caption=\"\" data-large-file=\"https:\/\/i0.wp.com\/le-fort.org\/cocina\/wp-content\/uploads\/2018\/01\/IMG_9886.jpg?fit=1200%2C675&amp;ssl=1\" class=\"wp-image-11362 size-large\" src=\"https:\/\/i0.wp.com\/www.le-fort.org\/wp-content\/uploads\/2018\/01\/IMG_9886-1280x720.jpg?resize=755%2C425&#038;ssl=1\" alt=\"La Chef Myriam Robalino, Subdirectora de la Escuela de Alta Cocina Arte Chef, cont\u00e1ndonos sobre la evoluci\u00f3n del proyecto de la Escuela\" width=\"755\" height=\"425\" srcset=\"https:\/\/i0.wp.com\/le-fort.org\/cocina\/wp-content\/uploads\/2018\/01\/IMG_9886.jpg?w=1280&amp;ssl=1 1280w, https:\/\/i0.wp.com\/le-fort.org\/cocina\/wp-content\/uploads\/2018\/01\/IMG_9886.jpg?resize=600%2C338&amp;ssl=1 600w\" sizes=\"auto, (max-width: 755px) 100vw, 755px\" \/><figcaption id=\"caption-attachment-11362\" class=\"wp-caption-text\">La Chef Myriam Robalino, Subdirectora de la Escuela de Alta Cocina Arte Chef, cont\u00e1ndonos sobre la evoluci\u00f3n del proyecto de la Escuela<\/figcaption><\/figure>\n<figure id=\"attachment_11363\" aria-describedby=\"caption-attachment-11363\" style=\"width: 755px\" class=\"wp-caption aligncenter\"><img data-recalc-dims=\"1\" loading=\"lazy\" decoding=\"async\" data-attachment-id=\"11363\" data-permalink=\"https:\/\/le-fort.org\/cocina\/graduacion-chefs-santa-elena\/img_9894\/\" data-orig-file=\"https:\/\/i0.wp.com\/le-fort.org\/cocina\/wp-content\/uploads\/2018\/01\/IMG_9894.jpg?fit=1280%2C720&amp;ssl=1\" data-orig-size=\"1280,720\" data-comments-opened=\"0\" data-image-meta=\"{&quot;aperture&quot;:&quot;4.5&quot;,&quot;credit&quot;:&quot;@roduar&quot;,&quot;camera&quot;:&quot;Canon PowerShot SX50 HS&quot;,&quot;caption&quot;:&quot;&quot;,&quot;created_timestamp&quot;:&quot;1515785542&quot;,&quot;copyright&quot;:&quot;&quot;,&quot;focal_length&quot;:&quot;13.021&quot;,&quot;iso&quot;:&quot;800&quot;,&quot;shutter_speed&quot;:&quot;0.076923076923077&quot;,&quot;title&quot;:&quot;&quot;,&quot;orientation&quot;:&quot;0&quot;}\" data-image-title=\"IMG_9894\" data-image-description=\"\" data-image-caption=\"\" data-large-file=\"https:\/\/i0.wp.com\/le-fort.org\/cocina\/wp-content\/uploads\/2018\/01\/IMG_9894.jpg?fit=1200%2C675&amp;ssl=1\" class=\"wp-image-11363 size-large\" src=\"https:\/\/i0.wp.com\/www.le-fort.org\/wp-content\/uploads\/2018\/01\/IMG_9894-1280x720.jpg?resize=755%2C425&#038;ssl=1\" alt=\"La Chef Andrea Carolina Chango, mejor estudiante de su generaci\u00f3n hablando sobre su experiencia como aprendiz, y sobre el poder de transformaci\u00f3n de la Cocina.\" width=\"755\" height=\"425\" srcset=\"https:\/\/i0.wp.com\/le-fort.org\/cocina\/wp-content\/uploads\/2018\/01\/IMG_9894.jpg?w=1280&amp;ssl=1 1280w, https:\/\/i0.wp.com\/le-fort.org\/cocina\/wp-content\/uploads\/2018\/01\/IMG_9894.jpg?resize=600%2C338&amp;ssl=1 600w\" sizes=\"auto, (max-width: 755px) 100vw, 755px\" \/><figcaption id=\"caption-attachment-11363\" class=\"wp-caption-text\">La Chef Andrea Carolina Chango, mejor estudiante de su generaci\u00f3n hablando sobre su experiencia como aprendiz, y sobre el poder de transformaci\u00f3n de la Cocina.<\/figcaption><\/figure>\n<figure id=\"attachment_11366\" aria-describedby=\"caption-attachment-11366\" style=\"width: 755px\" class=\"wp-caption aligncenter\"><img data-recalc-dims=\"1\" loading=\"lazy\" decoding=\"async\" data-attachment-id=\"11366\" data-permalink=\"https:\/\/le-fort.org\/cocina\/graduacion-chefs-santa-elena\/img_9906\/\" data-orig-file=\"https:\/\/i0.wp.com\/le-fort.org\/cocina\/wp-content\/uploads\/2018\/01\/IMG_9906.jpg?fit=1280%2C720&amp;ssl=1\" data-orig-size=\"1280,720\" data-comments-opened=\"0\" data-image-meta=\"{&quot;aperture&quot;:&quot;3.4&quot;,&quot;credit&quot;:&quot;@roduar&quot;,&quot;camera&quot;:&quot;Canon PowerShot SX50 HS&quot;,&quot;caption&quot;:&quot;&quot;,&quot;created_timestamp&quot;:&quot;1515786329&quot;,&quot;copyright&quot;:&quot;&quot;,&quot;focal_length&quot;:&quot;4.3&quot;,&quot;iso&quot;:&quot;800&quot;,&quot;shutter_speed&quot;:&quot;0.033333333333333&quot;,&quot;title&quot;:&quot;&quot;,&quot;orientation&quot;:&quot;0&quot;}\" data-image-title=\"IMG_9906\" data-image-description=\"\" data-image-caption=\"\" data-large-file=\"https:\/\/i0.wp.com\/le-fort.org\/cocina\/wp-content\/uploads\/2018\/01\/IMG_9906.jpg?fit=1200%2C675&amp;ssl=1\" class=\"wp-image-11366 size-large\" src=\"https:\/\/i0.wp.com\/www.le-fort.org\/wp-content\/uploads\/2018\/01\/IMG_9906-1280x720.jpg?resize=755%2C425&#038;ssl=1\" alt=\"Justo reconocimiento al Chef Dino Pilligua, probablemente el mejor instructor de la Escuela, entregado por el Chef Ricardo Mor\u00e1n.\" width=\"755\" height=\"425\" srcset=\"https:\/\/i0.wp.com\/le-fort.org\/cocina\/wp-content\/uploads\/2018\/01\/IMG_9906.jpg?w=1280&amp;ssl=1 1280w, https:\/\/i0.wp.com\/le-fort.org\/cocina\/wp-content\/uploads\/2018\/01\/IMG_9906.jpg?resize=600%2C338&amp;ssl=1 600w\" sizes=\"auto, (max-width: 755px) 100vw, 755px\" \/><figcaption id=\"caption-attachment-11366\" class=\"wp-caption-text\">Justo reconocimiento al Chef Dino Pilligua, probablemente el mejor instructor de la Escuela, entregado por el Chef Ricardo Mor\u00e1n.<\/figcaption><\/figure>\n<figure id=\"attachment_11368\" aria-describedby=\"caption-attachment-11368\" style=\"width: 755px\" class=\"wp-caption aligncenter\"><img data-recalc-dims=\"1\" loading=\"lazy\" decoding=\"async\" data-attachment-id=\"11368\" data-permalink=\"https:\/\/le-fort.org\/cocina\/graduacion-chefs-santa-elena\/img_9910\/\" data-orig-file=\"https:\/\/i0.wp.com\/le-fort.org\/cocina\/wp-content\/uploads\/2018\/01\/IMG_9910.jpg?fit=1280%2C720&amp;ssl=1\" data-orig-size=\"1280,720\" data-comments-opened=\"0\" data-image-meta=\"{&quot;aperture&quot;:&quot;3.5&quot;,&quot;credit&quot;:&quot;@roduar&quot;,&quot;camera&quot;:&quot;Canon PowerShot SX50 HS&quot;,&quot;caption&quot;:&quot;&quot;,&quot;created_timestamp&quot;:&quot;1515786619&quot;,&quot;copyright&quot;:&quot;&quot;,&quot;focal_length&quot;:&quot;5.977&quot;,&quot;iso&quot;:&quot;800&quot;,&quot;shutter_speed&quot;:&quot;0.066666666666667&quot;,&quot;title&quot;:&quot;&quot;,&quot;orientation&quot;:&quot;0&quot;}\" data-image-title=\"IMG_9910\" data-image-description=\"\" data-image-caption=\"\" data-large-file=\"https:\/\/i0.wp.com\/le-fort.org\/cocina\/wp-content\/uploads\/2018\/01\/IMG_9910.jpg?fit=1200%2C675&amp;ssl=1\" class=\"wp-image-11368 size-large\" src=\"https:\/\/i0.wp.com\/www.le-fort.org\/wp-content\/uploads\/2018\/01\/IMG_9910-1280x720.jpg?resize=755%2C425&#038;ssl=1\" alt=\"El Chef Guido Rodr\u00edguez entreg\u00e1ndole una placa recordatoria al Chef Patricio Iza.\" width=\"755\" height=\"425\" srcset=\"https:\/\/i0.wp.com\/le-fort.org\/cocina\/wp-content\/uploads\/2018\/01\/IMG_9910.jpg?w=1280&amp;ssl=1 1280w, https:\/\/i0.wp.com\/le-fort.org\/cocina\/wp-content\/uploads\/2018\/01\/IMG_9910.jpg?resize=600%2C338&amp;ssl=1 600w\" sizes=\"auto, (max-width: 755px) 100vw, 755px\" \/><figcaption id=\"caption-attachment-11368\" class=\"wp-caption-text\">El Chef Guido Rodr\u00edguez entreg\u00e1ndole una placa recordatoria al Chef Patricio Iza.<\/figcaption><\/figure>\n<figure id=\"attachment_11370\" aria-describedby=\"caption-attachment-11370\" style=\"width: 755px\" class=\"wp-caption aligncenter\"><img data-recalc-dims=\"1\" loading=\"lazy\" decoding=\"async\" data-attachment-id=\"11370\" data-permalink=\"https:\/\/le-fort.org\/cocina\/graduacion-chefs-santa-elena\/img_9929\/\" data-orig-file=\"https:\/\/i0.wp.com\/le-fort.org\/cocina\/wp-content\/uploads\/2018\/01\/IMG_9929.jpg?fit=1280%2C720&amp;ssl=1\" data-orig-size=\"1280,720\" data-comments-opened=\"0\" data-image-meta=\"{&quot;aperture&quot;:&quot;5&quot;,&quot;credit&quot;:&quot;@roduar&quot;,&quot;camera&quot;:&quot;Canon PowerShot SX50 HS&quot;,&quot;caption&quot;:&quot;&quot;,&quot;created_timestamp&quot;:&quot;1515787398&quot;,&quot;copyright&quot;:&quot;&quot;,&quot;focal_length&quot;:&quot;14.945&quot;,&quot;iso&quot;:&quot;800&quot;,&quot;shutter_speed&quot;:&quot;0.125&quot;,&quot;title&quot;:&quot;&quot;,&quot;orientation&quot;:&quot;0&quot;}\" data-image-title=\"IMG_9929\" data-image-description=\"\" data-image-caption=\"\" data-large-file=\"https:\/\/i0.wp.com\/le-fort.org\/cocina\/wp-content\/uploads\/2018\/01\/IMG_9929.jpg?fit=1200%2C675&amp;ssl=1\" class=\"wp-image-11370 size-large\" src=\"https:\/\/i0.wp.com\/www.le-fort.org\/wp-content\/uploads\/2018\/01\/IMG_9929-1280x720.jpg?resize=755%2C425&#038;ssl=1\" alt=\"El Chef Rogger De La Rosa y la Chef Myriam Robalino. Es el Chef m\u00e1s joven en graduarse de la Escuela\" width=\"755\" height=\"425\" srcset=\"https:\/\/i0.wp.com\/le-fort.org\/cocina\/wp-content\/uploads\/2018\/01\/IMG_9929.jpg?w=1280&amp;ssl=1 1280w, https:\/\/i0.wp.com\/le-fort.org\/cocina\/wp-content\/uploads\/2018\/01\/IMG_9929.jpg?resize=600%2C338&amp;ssl=1 600w\" sizes=\"auto, (max-width: 755px) 100vw, 755px\" \/><figcaption id=\"caption-attachment-11370\" class=\"wp-caption-text\">El Chef Rogger De La Rosa y la Chef Myriam Robalino. Es el Chef m\u00e1s joven en graduarse de la Escuela<\/figcaption><\/figure>\n<p>En nuestra calidad de representantes de la Asochefs, dirigimos algunas palabras, sobre la importancia de educarnos siempre y tambi\u00e9n sobre lo que est\u00e1 pasando en el mundo y en Ecuador en el quehacer culinario.<\/p>\n<p>Luego vino la entrega de certificados, tocas y medallas, y reconocimiento a los 3 mejores estudiantes de la generaci\u00f3n. Se tom\u00f3 el juramento, y los 19 flamantes Chefs ya est\u00e1n graduados.<\/p>\n<p>Para finalizar, recibimos un video mensaje del Ing. Mauricio Armend\u00e1riz, Director de la Asociaci\u00f3n de Chefs del Ecuador.<\/p>\n<p>Pasamos a las fotograf\u00edas de rigor, y el resto ya fue celebraci\u00f3n.<\/p>\n<figure id=\"attachment_11374\" aria-describedby=\"caption-attachment-11374\" style=\"width: 755px\" class=\"wp-caption aligncenter\"><img data-recalc-dims=\"1\" loading=\"lazy\" decoding=\"async\" data-attachment-id=\"11374\" data-permalink=\"https:\/\/le-fort.org\/cocina\/graduacion-chefs-santa-elena\/img_9946\/\" data-orig-file=\"https:\/\/i0.wp.com\/le-fort.org\/cocina\/wp-content\/uploads\/2018\/01\/IMG_9946.jpg?fit=1280%2C720&amp;ssl=1\" data-orig-size=\"1280,720\" data-comments-opened=\"0\" data-image-meta=\"{&quot;aperture&quot;:&quot;3.4&quot;,&quot;credit&quot;:&quot;@roduar&quot;,&quot;camera&quot;:&quot;Canon PowerShot SX50 HS&quot;,&quot;caption&quot;:&quot;&quot;,&quot;created_timestamp&quot;:&quot;1515787797&quot;,&quot;copyright&quot;:&quot;&quot;,&quot;focal_length&quot;:&quot;4.3&quot;,&quot;iso&quot;:&quot;800&quot;,&quot;shutter_speed&quot;:&quot;0.033333333333333&quot;,&quot;title&quot;:&quot;&quot;,&quot;orientation&quot;:&quot;0&quot;}\" data-image-title=\"IMG_9946\" data-image-description=\"\" data-image-caption=\"\" data-large-file=\"https:\/\/i0.wp.com\/le-fort.org\/cocina\/wp-content\/uploads\/2018\/01\/IMG_9946.jpg?fit=1200%2C675&amp;ssl=1\" class=\"wp-image-11374 size-large\" src=\"https:\/\/i0.wp.com\/www.le-fort.org\/wp-content\/uploads\/2018\/01\/IMG_9946-1280x720.jpg?resize=755%2C425&#038;ssl=1\" alt=\"Los nuevos Chefs de Partida\" width=\"755\" height=\"425\" srcset=\"https:\/\/i0.wp.com\/le-fort.org\/cocina\/wp-content\/uploads\/2018\/01\/IMG_9946.jpg?w=1280&amp;ssl=1 1280w, https:\/\/i0.wp.com\/le-fort.org\/cocina\/wp-content\/uploads\/2018\/01\/IMG_9946.jpg?resize=600%2C338&amp;ssl=1 600w\" sizes=\"auto, (max-width: 755px) 100vw, 755px\" \/><figcaption id=\"caption-attachment-11374\" class=\"wp-caption-text\">Los nuevos Chefs de Partida<\/figcaption><\/figure>\n<figure id=\"attachment_11376\" aria-describedby=\"caption-attachment-11376\" style=\"width: 755px\" class=\"wp-caption aligncenter\"><img data-recalc-dims=\"1\" loading=\"lazy\" decoding=\"async\" data-attachment-id=\"11376\" data-permalink=\"https:\/\/le-fort.org\/cocina\/graduacion-chefs-santa-elena\/img_9952\/\" data-orig-file=\"https:\/\/i0.wp.com\/le-fort.org\/cocina\/wp-content\/uploads\/2018\/01\/IMG_9952.jpg?fit=1280%2C720&amp;ssl=1\" data-orig-size=\"1280,720\" data-comments-opened=\"0\" data-image-meta=\"{&quot;aperture&quot;:&quot;3.4&quot;,&quot;credit&quot;:&quot;@roduar&quot;,&quot;camera&quot;:&quot;Canon PowerShot SX50 HS&quot;,&quot;caption&quot;:&quot;&quot;,&quot;created_timestamp&quot;:&quot;1515787950&quot;,&quot;copyright&quot;:&quot;&quot;,&quot;focal_length&quot;:&quot;4.3&quot;,&quot;iso&quot;:&quot;800&quot;,&quot;shutter_speed&quot;:&quot;0.033333333333333&quot;,&quot;title&quot;:&quot;&quot;,&quot;orientation&quot;:&quot;0&quot;}\" data-image-title=\"IMG_9952\" data-image-description=\"\" data-image-caption=\"\" data-large-file=\"https:\/\/i0.wp.com\/le-fort.org\/cocina\/wp-content\/uploads\/2018\/01\/IMG_9952.jpg?fit=1200%2C675&amp;ssl=1\" class=\"wp-image-11376 size-large\" src=\"https:\/\/i0.wp.com\/www.le-fort.org\/wp-content\/uploads\/2018\/01\/IMG_9952-1280x720.jpg?resize=755%2C425&#038;ssl=1\" alt=\"Todos los chefs presentes en la ceremonia\" width=\"755\" height=\"425\" srcset=\"https:\/\/i0.wp.com\/le-fort.org\/cocina\/wp-content\/uploads\/2018\/01\/IMG_9952.jpg?w=1280&amp;ssl=1 1280w, https:\/\/i0.wp.com\/le-fort.org\/cocina\/wp-content\/uploads\/2018\/01\/IMG_9952.jpg?resize=600%2C338&amp;ssl=1 600w\" sizes=\"auto, (max-width: 755px) 100vw, 755px\" \/><figcaption id=\"caption-attachment-11376\" class=\"wp-caption-text\">Todos los chefs presentes en la ceremonia<\/figcaption><\/figure>\n<p>Fue un placer haber participado de la ceremonia y es siempre bueno tener m\u00e1s colegas. Ahora, a seguir estudiando.<\/p>\n","protected":false},"excerpt":{"rendered":"<p>Tuvimos la alegr\u00eda de representar a la Asociaci\u00f3n de Chefs del Ecuador en la graduaci\u00f3n de la cuarta generaci\u00f3n de Chefs de Partida de la Escuela de Alta Cocina Arte Chef\u00a0en Salinas, Santa Elena.<\/p>\n","protected":false},"author":1,"featured_media":11389,"comment_status":"closed","ping_status":"closed","sticky":false,"template":"","format":"standard","meta":{"_jetpack_newsletter_access":"","_jetpack_dont_email_post_to_subs":false,"_jetpack_newsletter_tier_id":0,"_jetpack_memberships_contains_paywalled_content":false,"_jetpack_memberships_contains_paid_content":false,"footnotes":""},"categories":[251],"tags":[711,346,11,248,365],"class_list":["post-11355","post","type-post","status-publish","format-standard","has-post-thumbnail","hentry","category-educacion","tag-asociacion-de-chefs-del-ecuador","tag-chef","tag-ecuador","tag-escuela-de-alta-cocina-arte-chef","tag-gastronomia-de-santa-elena","entry","has-media"],"jetpack_featured_media_url":"https:\/\/i0.wp.com\/le-fort.org\/cocina\/wp-content\/uploads\/2018\/01\/graduacion-hd.jpg?fit=1500%2C500&ssl=1","jetpack_shortlink":"https:\/\/wp.me\/pghKer-2X9","jetpack_sharing_enabled":true,"jetpack-related-posts":[{"id":14468,"url":"https:\/\/le-fort.org\/cocina\/graduacion-de-chefs-panaderos-pasteleros\/","url_meta":{"origin":11355,"position":0},"title":"Graduaci\u00f3n de chefs panaderos pasteleros","author":"Le-Fort.org","date":"29 de Septiembre, 2019","format":false,"excerpt":"Graduaci\u00f3n de Emi Sweet Pastry Academy en Azuay.","rel":"","context":"En &quot;Educaci\u00f3n&quot;","block_context":{"text":"Educaci\u00f3n","link":"https:\/\/le-fort.org\/cocina\/categoria\/educacion\/"},"img":{"alt_text":"","src":"https:\/\/i0.wp.com\/le-fort.org\/cocina\/wp-content\/uploads\/2017\/03\/dobos-hd.jpg?fit=1200%2C400&ssl=1&resize=350%2C200","width":350,"height":200,"srcset":"https:\/\/i0.wp.com\/le-fort.org\/cocina\/wp-content\/uploads\/2017\/03\/dobos-hd.jpg?fit=1200%2C400&ssl=1&resize=350%2C200 1x, https:\/\/i0.wp.com\/le-fort.org\/cocina\/wp-content\/uploads\/2017\/03\/dobos-hd.jpg?fit=1200%2C400&ssl=1&resize=525%2C300 1.5x, https:\/\/i0.wp.com\/le-fort.org\/cocina\/wp-content\/uploads\/2017\/03\/dobos-hd.jpg?fit=1200%2C400&ssl=1&resize=700%2C400 2x, https:\/\/i0.wp.com\/le-fort.org\/cocina\/wp-content\/uploads\/2017\/03\/dobos-hd.jpg?fit=1200%2C400&ssl=1&resize=1050%2C600 3x"},"classes":[]},{"id":8563,"url":"https:\/\/le-fort.org\/cocina\/evento-gastronomico-sabor-peninsular\/","url_meta":{"origin":11355,"position":1},"title":"Evento Gastron\u00f3mico &#8220;Sabor Peninsular&#8221;","author":"Le-Fort.org","date":"6 de Agosto, 2016","format":false,"excerpt":"Asistimos al evento de gastronom\u00eda de Santa Elena \"Sabor Peninsular\" organizado por la Asociaci\u00f3n de Chefs del Ecuador de Santa Elena y la Escuela Arte Chef. Muy bueno.","rel":"","context":"En &quot;Eventos&quot;","block_context":{"text":"Eventos","link":"https:\/\/le-fort.org\/cocina\/categoria\/eventos\/"},"img":{"alt_text":"","src":"https:\/\/i0.wp.com\/le-fort.org\/cocina\/wp-content\/uploads\/2016\/08\/ceviche-hd.jpg?fit=1200%2C400&ssl=1&resize=350%2C200","width":350,"height":200,"srcset":"https:\/\/i0.wp.com\/le-fort.org\/cocina\/wp-content\/uploads\/2016\/08\/ceviche-hd.jpg?fit=1200%2C400&ssl=1&resize=350%2C200 1x, https:\/\/i0.wp.com\/le-fort.org\/cocina\/wp-content\/uploads\/2016\/08\/ceviche-hd.jpg?fit=1200%2C400&ssl=1&resize=525%2C300 1.5x, https:\/\/i0.wp.com\/le-fort.org\/cocina\/wp-content\/uploads\/2016\/08\/ceviche-hd.jpg?fit=1200%2C400&ssl=1&resize=700%2C400 2x, https:\/\/i0.wp.com\/le-fort.org\/cocina\/wp-content\/uploads\/2016\/08\/ceviche-hd.jpg?fit=1200%2C400&ssl=1&resize=1050%2C600 3x"},"classes":[]},{"id":11442,"url":"https:\/\/le-fort.org\/cocina\/clase-pizza-santa-elena\/","url_meta":{"origin":11355,"position":2},"title":"Clase de Pizza en Santa Elena","author":"Le-Fort.org","date":"17 de Enero, 2018","format":false,"excerpt":"Ya que estamos en Santa Elena, dictamos un breve curso de pizza. Amamos la pizza y amamos ense\u00f1ar. \u00bfQu\u00e9 mejor? Dictamos el curso como iniciativa de la Asociaci\u00f3n de Chefs del Ecuador en la Escuela de Alta Cocina Arte Chef. Tuvimos alrededor de 30 asistentes, desde Chefs hasta gente que\u2026","rel":"","context":"En &quot;Ecuador&quot;","block_context":{"text":"Ecuador","link":"https:\/\/le-fort.org\/cocina\/categoria\/ecuador\/"},"img":{"alt_text":"","src":"https:\/\/i0.wp.com\/le-fort.org\/cocina\/wp-content\/uploads\/2017\/01\/hawaiana-hd.jpg?fit=1200%2C400&ssl=1&resize=350%2C200","width":350,"height":200,"srcset":"https:\/\/i0.wp.com\/le-fort.org\/cocina\/wp-content\/uploads\/2017\/01\/hawaiana-hd.jpg?fit=1200%2C400&ssl=1&resize=350%2C200 1x, https:\/\/i0.wp.com\/le-fort.org\/cocina\/wp-content\/uploads\/2017\/01\/hawaiana-hd.jpg?fit=1200%2C400&ssl=1&resize=525%2C300 1.5x, https:\/\/i0.wp.com\/le-fort.org\/cocina\/wp-content\/uploads\/2017\/01\/hawaiana-hd.jpg?fit=1200%2C400&ssl=1&resize=700%2C400 2x, https:\/\/i0.wp.com\/le-fort.org\/cocina\/wp-content\/uploads\/2017\/01\/hawaiana-hd.jpg?fit=1200%2C400&ssl=1&resize=1050%2C600 3x"},"classes":[]},{"id":7655,"url":"https:\/\/le-fort.org\/cocina\/clases-de-panaderia-y-pasteleria-en-cadeate\/","url_meta":{"origin":11355,"position":3},"title":"Tecnificaci\u00f3n en Cadeate: Panader\u00eda y Pasteler\u00eda","author":"Le-Fort.org","date":"10 de Marzo, 2016","format":false,"excerpt":"Tuvimos la oportunidad de participar en una capacitaci\u00f3n con clases de panader\u00eda y pasteler\u00eda en la comunidad de Cadeate, en Santa Elena, Ecuador como parte de la Asociaci\u00f3n de Chefs del Ecuador. \u00a0Fue una excelente experiencia que resume todo lo que nos gusta de compartir la comida. El curso fue\u2026","rel":"","context":"En &quot;Educaci\u00f3n&quot;","block_context":{"text":"Educaci\u00f3n","link":"https:\/\/le-fort.org\/cocina\/categoria\/educacion\/"},"img":{"alt_text":"","src":"https:\/\/i0.wp.com\/le-fort.org\/cocina\/wp-content\/uploads\/2016\/03\/cadeate-hd.jpg?fit=1200%2C400&ssl=1&resize=350%2C200","width":350,"height":200,"srcset":"https:\/\/i0.wp.com\/le-fort.org\/cocina\/wp-content\/uploads\/2016\/03\/cadeate-hd.jpg?fit=1200%2C400&ssl=1&resize=350%2C200 1x, https:\/\/i0.wp.com\/le-fort.org\/cocina\/wp-content\/uploads\/2016\/03\/cadeate-hd.jpg?fit=1200%2C400&ssl=1&resize=525%2C300 1.5x, https:\/\/i0.wp.com\/le-fort.org\/cocina\/wp-content\/uploads\/2016\/03\/cadeate-hd.jpg?fit=1200%2C400&ssl=1&resize=700%2C400 2x, https:\/\/i0.wp.com\/le-fort.org\/cocina\/wp-content\/uploads\/2016\/03\/cadeate-hd.jpg?fit=1200%2C400&ssl=1&resize=1050%2C600 3x"},"classes":[]},{"id":10429,"url":"https:\/\/le-fort.org\/cocina\/curso-formador-formadores\/","url_meta":{"origin":11355,"position":4},"title":"Curso Formador de Formadores","author":"Le-Fort.org","date":"28 de Enero, 2017","format":false,"excerpt":"El curso Formador de formadores es un primer paso para la profesionalizaci\u00f3n de los instructores en gastronom\u00eda en Ecuador.","rel":"","context":"En &quot;Educaci\u00f3n&quot;","block_context":{"text":"Educaci\u00f3n","link":"https:\/\/le-fort.org\/cocina\/categoria\/educacion\/"},"img":{"alt_text":"","src":"https:\/\/i0.wp.com\/le-fort.org\/cocina\/wp-content\/uploads\/2017\/12\/formadores-hd.jpg?fit=1200%2C400&ssl=1&resize=350%2C200","width":350,"height":200,"srcset":"https:\/\/i0.wp.com\/le-fort.org\/cocina\/wp-content\/uploads\/2017\/12\/formadores-hd.jpg?fit=1200%2C400&ssl=1&resize=350%2C200 1x, https:\/\/i0.wp.com\/le-fort.org\/cocina\/wp-content\/uploads\/2017\/12\/formadores-hd.jpg?fit=1200%2C400&ssl=1&resize=525%2C300 1.5x, https:\/\/i0.wp.com\/le-fort.org\/cocina\/wp-content\/uploads\/2017\/12\/formadores-hd.jpg?fit=1200%2C400&ssl=1&resize=700%2C400 2x, https:\/\/i0.wp.com\/le-fort.org\/cocina\/wp-content\/uploads\/2017\/12\/formadores-hd.jpg?fit=1200%2C400&ssl=1&resize=1050%2C600 3x"},"classes":[]},{"id":12422,"url":"https:\/\/le-fort.org\/cocina\/guia-de-tecnicas-culinarias-en-santa-elena\/","url_meta":{"origin":11355,"position":5},"title":"Presentaci\u00f3n de la Gu\u00eda de T\u00e9cnicas Culinarias en Santa Elena","author":"Le-Fort.org","date":"26 de Abril, 2018","format":false,"excerpt":"Tuvimos el placer de guiar la presentaci\u00f3n de la Gu\u00eda de T\u00e9cnicas Culinarias en la ciudad de Santa Elena","rel":"","context":"En &quot;General&quot;","block_context":{"text":"General","link":"https:\/\/le-fort.org\/cocina\/categoria\/general\/"},"img":{"alt_text":"","src":"https:\/\/i0.wp.com\/le-fort.org\/cocina\/wp-content\/uploads\/2018\/04\/guina-hd.jpg?fit=1200%2C400&ssl=1&resize=350%2C200","width":350,"height":200,"srcset":"https:\/\/i0.wp.com\/le-fort.org\/cocina\/wp-content\/uploads\/2018\/04\/guina-hd.jpg?fit=1200%2C400&ssl=1&resize=350%2C200 1x, https:\/\/i0.wp.com\/le-fort.org\/cocina\/wp-content\/uploads\/2018\/04\/guina-hd.jpg?fit=1200%2C400&ssl=1&resize=525%2C300 1.5x, https:\/\/i0.wp.com\/le-fort.org\/cocina\/wp-content\/uploads\/2018\/04\/guina-hd.jpg?fit=1200%2C400&ssl=1&resize=700%2C400 2x, https:\/\/i0.wp.com\/le-fort.org\/cocina\/wp-content\/uploads\/2018\/04\/guina-hd.jpg?fit=1200%2C400&ssl=1&resize=1050%2C600 3x"},"classes":[]}],"_links":{"self":[{"href":"https:\/\/le-fort.org\/cocina\/wp-json\/wp\/v2\/posts\/11355","targetHints":{"allow":["GET"]}}],"collection":[{"href":"https:\/\/le-fort.org\/cocina\/wp-json\/wp\/v2\/posts"}],"about":[{"href":"https:\/\/le-fort.org\/cocina\/wp-json\/wp\/v2\/types\/post"}],"author":[{"embeddable":true,"href":"https:\/\/le-fort.org\/cocina\/wp-json\/wp\/v2\/users\/1"}],"replies":[{"embeddable":true,"href":"https:\/\/le-fort.org\/cocina\/wp-json\/wp\/v2\/comments?post=11355"}],"version-history":[{"count":2,"href":"https:\/\/le-fort.org\/cocina\/wp-json\/wp\/v2\/posts\/11355\/revisions"}],"predecessor-version":[{"id":16275,"href":"https:\/\/le-fort.org\/cocina\/wp-json\/wp\/v2\/posts\/11355\/revisions\/16275"}],"wp:featuredmedia":[{"embeddable":true,"href":"https:\/\/le-fort.org\/cocina\/wp-json\/wp\/v2\/media\/11389"}],"wp:attachment":[{"href":"https:\/\/le-fort.org\/cocina\/wp-json\/wp\/v2\/media?parent=11355"}],"wp:term":[{"taxonomy":"category","embeddable":true,"href":"https:\/\/le-fort.org\/cocina\/wp-json\/wp\/v2\/categories?post=11355"},{"taxonomy":"post_tag","embeddable":true,"href":"https:\/\/le-fort.org\/cocina\/wp-json\/wp\/v2\/tags?post=11355"}],"curies":[{"name":"wp","href":"https:\/\/api.w.org\/{rel}","templated":true}]}}