{"id":11759,"date":"2018-02-10T10:44:04","date_gmt":"2018-02-10T15:44:04","guid":{"rendered":"https:\/\/www.le-fort.org\/?p=11759"},"modified":"2022-01-05T10:06:18","modified_gmt":"2022-01-05T15:06:18","slug":"panqueques-de-masa-madre","status":"publish","type":"post","link":"https:\/\/le-fort.org\/cocina\/panqueques-de-masa-madre\/","title":{"rendered":"Panqueques de Masa Madre"},"content":{"rendered":"<p>\u00bfPanqueques de masa madre? Preparando un taller de pan de masa madre, nos pusimos a ver otras aplicaciones de la masa, para aprovechar y no botar la masa madre d\u00eda a d\u00eda. Entre las cosas fant\u00e1sticas que encontramos est\u00e1n estos panqueques, <em>pancakes<\/em>, <em>flap jacks<\/em> o como quieras llamarlos.<!--more--><\/p>\n<figure id=\"attachment_11760\" aria-describedby=\"caption-attachment-11760\" style=\"width: 755px\" class=\"wp-caption aligncenter\"><img data-recalc-dims=\"1\" loading=\"lazy\" decoding=\"async\" data-attachment-id=\"11760\" data-permalink=\"https:\/\/le-fort.org\/cocina\/panqueques-de-masa-madre\/listos-4\/\" data-orig-file=\"https:\/\/i0.wp.com\/le-fort.org\/cocina\/wp-content\/uploads\/2018\/02\/listos.jpg?fit=1280%2C720&amp;ssl=1\" data-orig-size=\"1280,720\" data-comments-opened=\"0\" data-image-meta=\"{&quot;aperture&quot;:&quot;0&quot;,&quot;credit&quot;:&quot;&quot;,&quot;camera&quot;:&quot;&quot;,&quot;caption&quot;:&quot;&quot;,&quot;created_timestamp&quot;:&quot;0&quot;,&quot;copyright&quot;:&quot;&quot;,&quot;focal_length&quot;:&quot;0&quot;,&quot;iso&quot;:&quot;0&quot;,&quot;shutter_speed&quot;:&quot;0&quot;,&quot;title&quot;:&quot;&quot;,&quot;orientation&quot;:&quot;0&quot;}\" data-image-title=\"listos\" data-image-description=\"\" data-image-caption=\"&lt;p&gt;\u00bfPanqueques y caf\u00e9?&lt;\/p&gt;\n\" data-large-file=\"https:\/\/i0.wp.com\/le-fort.org\/cocina\/wp-content\/uploads\/2018\/02\/listos.jpg?fit=1200%2C675&amp;ssl=1\" class=\"size-large wp-image-11760\" src=\"https:\/\/i0.wp.com\/www.le-fort.org\/wp-content\/uploads\/2018\/02\/listos-1280x720.jpg?resize=755%2C425&#038;ssl=1\" alt=\"Panqueques de masa madre\" width=\"755\" height=\"425\" srcset=\"https:\/\/i0.wp.com\/le-fort.org\/cocina\/wp-content\/uploads\/2018\/02\/listos.jpg?w=1280&amp;ssl=1 1280w, https:\/\/i0.wp.com\/le-fort.org\/cocina\/wp-content\/uploads\/2018\/02\/listos.jpg?resize=600%2C338&amp;ssl=1 600w\" sizes=\"auto, (max-width: 755px) 100vw, 755px\" \/><figcaption id=\"caption-attachment-11760\" class=\"wp-caption-text\">\u00bfPanqueques y caf\u00e9?<\/figcaption><\/figure>\n<p>Si tienes masa madre hecha, por favor prueba esta receta, y si no la tienes, <a href=\"https:\/\/www.le-fort.org\/primeros-pasos-pan-masa-madre\/\">es el momento de comenzar<\/a>.<\/p>\n<p>Estos panqueques suben no tanto por el CO<sub>2<\/sub> producido por la masa madre, sino por la neutralizaci\u00f3n del bicarbonato de sodio con los \u00e1cidos l\u00e1ctico y ac\u00e9tico producidos por la masa madre (que tambi\u00e9n produce CO<sub>2<\/sub>). Debido a esta neutralizaci\u00f3n de los \u00e1cidos, los panqueques no tienen ese t\u00edpico gustillo \u00e1cido de la masa madre.<\/p>\n<h2>Ingredientes para los panqueques de masa madre<\/h2>\n<ul>\n<li>1\/2 taza de masa madre de 100% de hidrataci\u00f3n, bien alimentada<\/li>\n<li>1\/2 taza (75gr) harina sin polvos<\/li>\n<li>1\u00a0 cucharada de az\u00facar<\/li>\n<li>2 huevos<\/li>\n<li>1\/2 taza de leche<\/li>\n<li>2cdas de aceite vegetal<\/li>\n<li>1\/2cdta de sal<\/li>\n<li>1\/2 cdta de bicarbonato de sodio<\/li>\n<\/ul>\n<p><img data-recalc-dims=\"1\" loading=\"lazy\" decoding=\"async\" data-attachment-id=\"11763\" data-permalink=\"https:\/\/le-fort.org\/cocina\/panqueques-de-masa-madre\/stack-3\/\" data-orig-file=\"https:\/\/i0.wp.com\/le-fort.org\/cocina\/wp-content\/uploads\/2018\/02\/stack.jpg?fit=1280%2C720&amp;ssl=1\" data-orig-size=\"1280,720\" data-comments-opened=\"0\" data-image-meta=\"{&quot;aperture&quot;:&quot;0&quot;,&quot;credit&quot;:&quot;&quot;,&quot;camera&quot;:&quot;&quot;,&quot;caption&quot;:&quot;&quot;,&quot;created_timestamp&quot;:&quot;0&quot;,&quot;copyright&quot;:&quot;&quot;,&quot;focal_length&quot;:&quot;0&quot;,&quot;iso&quot;:&quot;0&quot;,&quot;shutter_speed&quot;:&quot;0&quot;,&quot;title&quot;:&quot;&quot;,&quot;orientation&quot;:&quot;0&quot;}\" data-image-title=\"stack\" data-image-description=\"\" data-image-caption=\"\" data-large-file=\"https:\/\/i0.wp.com\/le-fort.org\/cocina\/wp-content\/uploads\/2018\/02\/stack.jpg?fit=1200%2C675&amp;ssl=1\" class=\"aligncenter size-large wp-image-11763\" src=\"https:\/\/i0.wp.com\/www.le-fort.org\/wp-content\/uploads\/2018\/02\/stack-1280x720.jpg?resize=755%2C425&#038;ssl=1\" alt=\"Panqueques de masa madre\" width=\"755\" height=\"425\" srcset=\"https:\/\/i0.wp.com\/le-fort.org\/cocina\/wp-content\/uploads\/2018\/02\/stack.jpg?w=1280&amp;ssl=1 1280w, https:\/\/i0.wp.com\/le-fort.org\/cocina\/wp-content\/uploads\/2018\/02\/stack.jpg?resize=600%2C338&amp;ssl=1 600w\" sizes=\"auto, (max-width: 755px) 100vw, 755px\" \/><\/p>\n<h2>Procedimiento<\/h2>\n<ol>\n<li>Al menos tres horas antes, e idealmente la noche anterior, mezclar la masa madre, harina y az\u00facar.<\/li>\n<li>Justo antes de preparar los panqueques, mezclar huevos, leche y aceite y revolver bien para integrar.<\/li>\n<li>Mezclar la sal y el bicarbonato e incorporar al batido, revolviendo vigorosamente. El batido deber\u00eda burbujear.<\/li>\n<li>Cocinar los panqueques en una sart\u00e9n con un poco de aceite, un par de minutos por lado y lado.<\/li>\n<\/ol>\n<figure id=\"attachment_11761\" aria-describedby=\"caption-attachment-11761\" style=\"width: 755px\" class=\"wp-caption aligncenter\"><img data-recalc-dims=\"1\" loading=\"lazy\" decoding=\"async\" data-attachment-id=\"11761\" data-permalink=\"https:\/\/le-fort.org\/cocina\/panqueques-de-masa-madre\/panqueque\/\" data-orig-file=\"https:\/\/i0.wp.com\/le-fort.org\/cocina\/wp-content\/uploads\/2018\/02\/panqueque.jpg?fit=1280%2C720&amp;ssl=1\" data-orig-size=\"1280,720\" data-comments-opened=\"0\" data-image-meta=\"{&quot;aperture&quot;:&quot;0&quot;,&quot;credit&quot;:&quot;&quot;,&quot;camera&quot;:&quot;&quot;,&quot;caption&quot;:&quot;&quot;,&quot;created_timestamp&quot;:&quot;0&quot;,&quot;copyright&quot;:&quot;&quot;,&quot;focal_length&quot;:&quot;0&quot;,&quot;iso&quot;:&quot;0&quot;,&quot;shutter_speed&quot;:&quot;0&quot;,&quot;title&quot;:&quot;&quot;,&quot;orientation&quot;:&quot;0&quot;}\" data-image-title=\"panqueque\" data-image-description=\"\" data-image-caption=\"&lt;p&gt;Panqueque de masa madre, listo&lt;\/p&gt;\n\" data-large-file=\"https:\/\/i0.wp.com\/le-fort.org\/cocina\/wp-content\/uploads\/2018\/02\/panqueque.jpg?fit=1200%2C675&amp;ssl=1\" class=\"size-large wp-image-11761\" src=\"https:\/\/i0.wp.com\/www.le-fort.org\/wp-content\/uploads\/2018\/02\/panqueque-1280x720.jpg?resize=755%2C425&#038;ssl=1\" alt=\"Panqueque de masa madre, listo\" width=\"755\" height=\"425\" srcset=\"https:\/\/i0.wp.com\/le-fort.org\/cocina\/wp-content\/uploads\/2018\/02\/panqueque.jpg?w=1280&amp;ssl=1 1280w, https:\/\/i0.wp.com\/le-fort.org\/cocina\/wp-content\/uploads\/2018\/02\/panqueque.jpg?resize=600%2C338&amp;ssl=1 600w\" sizes=\"auto, (max-width: 755px) 100vw, 755px\" \/><figcaption id=\"caption-attachment-11761\" class=\"wp-caption-text\">Panqueque de masa madre, listo<\/figcaption><\/figure>\n<p>Nos encant\u00f3 la textura, y son deliciosos con mantequilla y mermelada, o jarabes, arropes, etc.<\/p>\n<h2>Referencias<\/h2>\n<p>La receta la adaptamos desde esta fuente.<\/p>\n","protected":false},"excerpt":{"rendered":"<p>Receta de panqueques de masa madre, con una textura maravillosa y de muy f\u00e1cil preparaci\u00f3n.<\/p>\n","protected":false},"author":1,"featured_media":11762,"comment_status":"closed","ping_status":"closed","sticky":false,"template":"","format":"standard","meta":{"_jetpack_newsletter_access":"","_jetpack_dont_email_post_to_subs":false,"_jetpack_newsletter_tier_id":0,"_jetpack_memberships_contains_paywalled_content":false,"_jetpack_memberships_contains_paid_content":false,"footnotes":""},"categories":[2],"tags":[79,688,85],"class_list":["post-11759","post","type-post","status-publish","format-standard","has-post-thumbnail","hentry","category-recetas","tag-desayuno","tag-masa-madre","tag-panqueques","entry","has-media"],"jetpack_featured_media_url":"https:\/\/i0.wp.com\/le-fort.org\/cocina\/wp-content\/uploads\/2018\/02\/panqueques-hd.jpg?fit=1500%2C500&ssl=1","jetpack_shortlink":"https:\/\/wp.me\/pghKer-33F","jetpack_sharing_enabled":true,"jetpack-related-posts":[{"id":5242,"url":"https:\/\/le-fort.org\/cocina\/lasana-de-panqueques\/","url_meta":{"origin":11759,"position":0},"title":"Lasa\u00f1a de Panqueques","author":"Le-Fort.org","date":"16 de Febrero, 2014","format":false,"excerpt":"Receta de lasa\u00f1a de panqueques, en que reemplazamos la masa de la lasa\u00f1a por panqueques (cr\u00eapes). F\u00e1cil y m\u00e1s r\u00e1pido de lo que parece.","rel":"","context":"En &quot;Recetas&quot;","block_context":{"text":"Recetas","link":"https:\/\/le-fort.org\/cocina\/categoria\/recetas\/"},"img":{"alt_text":"","src":"https:\/\/i0.wp.com\/le-fort.org\/cocina\/wp-content\/uploads\/2014\/02\/lasanna-panqueques-hd.jpg?fit=1200%2C400&ssl=1&resize=350%2C200","width":350,"height":200,"srcset":"https:\/\/i0.wp.com\/le-fort.org\/cocina\/wp-content\/uploads\/2014\/02\/lasanna-panqueques-hd.jpg?fit=1200%2C400&ssl=1&resize=350%2C200 1x, https:\/\/i0.wp.com\/le-fort.org\/cocina\/wp-content\/uploads\/2014\/02\/lasanna-panqueques-hd.jpg?fit=1200%2C400&ssl=1&resize=525%2C300 1.5x, https:\/\/i0.wp.com\/le-fort.org\/cocina\/wp-content\/uploads\/2014\/02\/lasanna-panqueques-hd.jpg?fit=1200%2C400&ssl=1&resize=700%2C400 2x, https:\/\/i0.wp.com\/le-fort.org\/cocina\/wp-content\/uploads\/2014\/02\/lasanna-panqueques-hd.jpg?fit=1200%2C400&ssl=1&resize=1050%2C600 3x"},"classes":[]},{"id":5329,"url":"https:\/\/le-fort.org\/cocina\/panqueques-con-salsa-butterscotch\/","url_meta":{"origin":11759,"position":1},"title":"Panqueques con salsa Butterscotch","author":"Le-Fort.org","date":"6 de Marzo, 2014","format":false,"excerpt":"Receta de panqueques rellenos con salsa butterscotch: leche, mantequilla y az\u00facar. Quedaron sorprendentemente buenos.","rel":"","context":"En &quot;Recetas&quot;","block_context":{"text":"Recetas","link":"https:\/\/le-fort.org\/cocina\/categoria\/recetas\/"},"img":{"alt_text":"","src":"https:\/\/i0.wp.com\/le-fort.org\/cocina\/wp-content\/uploads\/2014\/03\/panqueques-butterscotch-hd.jpg?fit=1200%2C400&ssl=1&resize=350%2C200","width":350,"height":200,"srcset":"https:\/\/i0.wp.com\/le-fort.org\/cocina\/wp-content\/uploads\/2014\/03\/panqueques-butterscotch-hd.jpg?fit=1200%2C400&ssl=1&resize=350%2C200 1x, https:\/\/i0.wp.com\/le-fort.org\/cocina\/wp-content\/uploads\/2014\/03\/panqueques-butterscotch-hd.jpg?fit=1200%2C400&ssl=1&resize=525%2C300 1.5x, https:\/\/i0.wp.com\/le-fort.org\/cocina\/wp-content\/uploads\/2014\/03\/panqueques-butterscotch-hd.jpg?fit=1200%2C400&ssl=1&resize=700%2C400 2x, https:\/\/i0.wp.com\/le-fort.org\/cocina\/wp-content\/uploads\/2014\/03\/panqueques-butterscotch-hd.jpg?fit=1200%2C400&ssl=1&resize=1050%2C600 3x"},"classes":[]},{"id":5932,"url":"https:\/\/le-fort.org\/cocina\/torta-mille-crepe-de-nutella\/","url_meta":{"origin":11759,"position":2},"title":"Torta Mille Cr\u00eape de Nutella","author":"Le-Fort.org","date":"5 de Enero, 2015","format":false,"excerpt":"Receta de torta de panqueques y nutella, llamada Mille Cr\u00eape. Es muy simple y r\u00e1pida de armar y fue un \u00e9xito en el cumplea\u00f1os.","rel":"","context":"En &quot;Chocolate&quot;","block_context":{"text":"Chocolate","link":"https:\/\/le-fort.org\/cocina\/categoria\/chocolate\/"},"img":{"alt_text":"","src":"https:\/\/i0.wp.com\/le-fort.org\/cocina\/wp-content\/uploads\/2015\/01\/mille-crepe-nutella-hd.jpg?fit=1200%2C400&ssl=1&resize=350%2C200","width":350,"height":200,"srcset":"https:\/\/i0.wp.com\/le-fort.org\/cocina\/wp-content\/uploads\/2015\/01\/mille-crepe-nutella-hd.jpg?fit=1200%2C400&ssl=1&resize=350%2C200 1x, https:\/\/i0.wp.com\/le-fort.org\/cocina\/wp-content\/uploads\/2015\/01\/mille-crepe-nutella-hd.jpg?fit=1200%2C400&ssl=1&resize=525%2C300 1.5x, https:\/\/i0.wp.com\/le-fort.org\/cocina\/wp-content\/uploads\/2015\/01\/mille-crepe-nutella-hd.jpg?fit=1200%2C400&ssl=1&resize=700%2C400 2x, https:\/\/i0.wp.com\/le-fort.org\/cocina\/wp-content\/uploads\/2015\/01\/mille-crepe-nutella-hd.jpg?fit=1200%2C400&ssl=1&resize=1050%2C600 3x"},"classes":[]},{"id":2092,"url":"https:\/\/le-fort.org\/cocina\/receta-panqueques\/","url_meta":{"origin":11759,"position":3},"title":"Panqueques o Cr\u00eapes","author":"Le-Fort.org","date":"1 de Septiembre, 2012","format":false,"excerpt":"Receta de panqueques (cr\u00eapes) ideales par aun desayuno, o para un almuerzo o una once\u2026 ideales para cuando quieras.","rel":"","context":"En &quot;Comida&quot;","block_context":{"text":"Comida","link":"https:\/\/le-fort.org\/cocina\/categoria\/cocina-comida\/"},"img":{"alt_text":"","src":"https:\/\/i0.wp.com\/le-fort.org\/cocina\/wp-content\/uploads\/2012\/09\/head.jpg?fit=1000%2C288&ssl=1&resize=350%2C200","width":350,"height":200,"srcset":"https:\/\/i0.wp.com\/le-fort.org\/cocina\/wp-content\/uploads\/2012\/09\/head.jpg?fit=1000%2C288&ssl=1&resize=350%2C200 1x, https:\/\/i0.wp.com\/le-fort.org\/cocina\/wp-content\/uploads\/2012\/09\/head.jpg?fit=1000%2C288&ssl=1&resize=525%2C300 1.5x, https:\/\/i0.wp.com\/le-fort.org\/cocina\/wp-content\/uploads\/2012\/09\/head.jpg?fit=1000%2C288&ssl=1&resize=700%2C400 2x"},"classes":[]},{"id":5755,"url":"https:\/\/le-fort.org\/cocina\/mille-crepe-de-ganache-de-nutella\/","url_meta":{"origin":11759,"position":4},"title":"Mille Cr\u00eape de Ganache de Nutella","author":"Le-Fort.org","date":"21 de Septiembre, 2014","format":false,"excerpt":"Mille Cr\u00eape de Ganache de Nutella, una torta r\u00e1pida y f\u00e1cil, sobre todo si eres bueno para hacer panqueques y te gusta la nutella. Pru\u00e9bala y cu\u00e9ntanos qu\u00e9 opinas.","rel":"","context":"En &quot;Chocolate&quot;","block_context":{"text":"Chocolate","link":"https:\/\/le-fort.org\/cocina\/categoria\/chocolate\/"},"img":{"alt_text":"","src":"https:\/\/i0.wp.com\/le-fort.org\/cocina\/wp-content\/uploads\/2014\/09\/mille-crepe-nutella-hd.jpg?fit=1200%2C400&ssl=1&resize=350%2C200","width":350,"height":200,"srcset":"https:\/\/i0.wp.com\/le-fort.org\/cocina\/wp-content\/uploads\/2014\/09\/mille-crepe-nutella-hd.jpg?fit=1200%2C400&ssl=1&resize=350%2C200 1x, https:\/\/i0.wp.com\/le-fort.org\/cocina\/wp-content\/uploads\/2014\/09\/mille-crepe-nutella-hd.jpg?fit=1200%2C400&ssl=1&resize=525%2C300 1.5x, https:\/\/i0.wp.com\/le-fort.org\/cocina\/wp-content\/uploads\/2014\/09\/mille-crepe-nutella-hd.jpg?fit=1200%2C400&ssl=1&resize=700%2C400 2x, https:\/\/i0.wp.com\/le-fort.org\/cocina\/wp-content\/uploads\/2014\/09\/mille-crepe-nutella-hd.jpg?fit=1200%2C400&ssl=1&resize=1050%2C600 3x"},"classes":[]},{"id":11775,"url":"https:\/\/le-fort.org\/cocina\/muffins-masa-madre\/","url_meta":{"origin":11759,"position":5},"title":"Muffins de Masa Madre","author":"Le-Fort.org","date":"13 de Febrero, 2018","format":false,"excerpt":"Receta de muffins de masa madre, con harina de ma\u00edz y de trigo.","rel":"","context":"En &quot;Recetas&quot;","block_context":{"text":"Recetas","link":"https:\/\/le-fort.org\/cocina\/categoria\/recetas\/"},"img":{"alt_text":"","src":"https:\/\/i0.wp.com\/le-fort.org\/cocina\/wp-content\/uploads\/2018\/02\/muffins-hd.jpg?fit=1200%2C400&ssl=1&resize=350%2C200","width":350,"height":200,"srcset":"https:\/\/i0.wp.com\/le-fort.org\/cocina\/wp-content\/uploads\/2018\/02\/muffins-hd.jpg?fit=1200%2C400&ssl=1&resize=350%2C200 1x, https:\/\/i0.wp.com\/le-fort.org\/cocina\/wp-content\/uploads\/2018\/02\/muffins-hd.jpg?fit=1200%2C400&ssl=1&resize=525%2C300 1.5x, https:\/\/i0.wp.com\/le-fort.org\/cocina\/wp-content\/uploads\/2018\/02\/muffins-hd.jpg?fit=1200%2C400&ssl=1&resize=700%2C400 2x, https:\/\/i0.wp.com\/le-fort.org\/cocina\/wp-content\/uploads\/2018\/02\/muffins-hd.jpg?fit=1200%2C400&ssl=1&resize=1050%2C600 3x"},"classes":[]}],"_links":{"self":[{"href":"https:\/\/le-fort.org\/cocina\/wp-json\/wp\/v2\/posts\/11759","targetHints":{"allow":["GET"]}}],"collection":[{"href":"https:\/\/le-fort.org\/cocina\/wp-json\/wp\/v2\/posts"}],"about":[{"href":"https:\/\/le-fort.org\/cocina\/wp-json\/wp\/v2\/types\/post"}],"author":[{"embeddable":true,"href":"https:\/\/le-fort.org\/cocina\/wp-json\/wp\/v2\/users\/1"}],"replies":[{"embeddable":true,"href":"https:\/\/le-fort.org\/cocina\/wp-json\/wp\/v2\/comments?post=11759"}],"version-history":[{"count":4,"href":"https:\/\/le-fort.org\/cocina\/wp-json\/wp\/v2\/posts\/11759\/revisions"}],"predecessor-version":[{"id":16298,"href":"https:\/\/le-fort.org\/cocina\/wp-json\/wp\/v2\/posts\/11759\/revisions\/16298"}],"wp:featuredmedia":[{"embeddable":true,"href":"https:\/\/le-fort.org\/cocina\/wp-json\/wp\/v2\/media\/11762"}],"wp:attachment":[{"href":"https:\/\/le-fort.org\/cocina\/wp-json\/wp\/v2\/media?parent=11759"}],"wp:term":[{"taxonomy":"category","embeddable":true,"href":"https:\/\/le-fort.org\/cocina\/wp-json\/wp\/v2\/categories?post=11759"},{"taxonomy":"post_tag","embeddable":true,"href":"https:\/\/le-fort.org\/cocina\/wp-json\/wp\/v2\/tags?post=11759"}],"curies":[{"name":"wp","href":"https:\/\/api.w.org\/{rel}","templated":true}]}}