{"id":11775,"date":"2018-02-13T10:34:09","date_gmt":"2018-02-13T15:34:09","guid":{"rendered":"https:\/\/www.le-fort.org\/?p=11775"},"modified":"2018-02-13T10:34:09","modified_gmt":"2018-02-13T15:34:09","slug":"muffins-masa-madre","status":"publish","type":"post","link":"https:\/\/le-fort.org\/cocina\/muffins-masa-madre\/","title":{"rendered":"Muffins de Masa Madre"},"content":{"rendered":"<p>Los <em>muffins<\/em> de masa madre (o magdalenas, si prefieres) son una excelente forme de aprovechar esa mitad de la masa madre que botar\u00edamos al alimentarla. Tienen la ventaja (adem\u00e1s de ser deliciosos) de no requerir tiempo de fermentaci\u00f3n, por lo que los podemos hacer en forma muy r\u00e1pida.<!--more--><\/p>\n<figure id=\"attachment_11778\" aria-describedby=\"caption-attachment-11778\" style=\"width: 755px\" class=\"wp-caption aligncenter\"><img data-recalc-dims=\"1\" loading=\"lazy\" decoding=\"async\" data-attachment-id=\"11778\" data-permalink=\"https:\/\/le-fort.org\/cocina\/muffins-masa-madre\/muffins-3\/\" data-orig-file=\"https:\/\/i0.wp.com\/le-fort.org\/cocina\/wp-content\/uploads\/2018\/02\/muffins-3.jpg?fit=1280%2C720&amp;ssl=1\" data-orig-size=\"1280,720\" data-comments-opened=\"0\" data-image-meta=\"{&quot;aperture&quot;:&quot;0&quot;,&quot;credit&quot;:&quot;&quot;,&quot;camera&quot;:&quot;&quot;,&quot;caption&quot;:&quot;&quot;,&quot;created_timestamp&quot;:&quot;0&quot;,&quot;copyright&quot;:&quot;&quot;,&quot;focal_length&quot;:&quot;0&quot;,&quot;iso&quot;:&quot;0&quot;,&quot;shutter_speed&quot;:&quot;0&quot;,&quot;title&quot;:&quot;&quot;,&quot;orientation&quot;:&quot;0&quot;}\" data-image-title=\"muffins-3\" data-image-description=\"\" data-image-caption=\"&lt;p&gt;Muffins de masa madre con manzana y canela&lt;\/p&gt;\n\" data-large-file=\"https:\/\/i0.wp.com\/le-fort.org\/cocina\/wp-content\/uploads\/2018\/02\/muffins-3.jpg?fit=1200%2C675&amp;ssl=1\" class=\"wp-image-11778 size-large\" src=\"https:\/\/i0.wp.com\/www.le-fort.org\/wp-content\/uploads\/2018\/02\/muffins-3-1280x720.jpg?resize=755%2C425&#038;ssl=1\" alt=\"Muffins de masa madre con manzana y canela\" width=\"755\" height=\"425\" srcset=\"https:\/\/i0.wp.com\/le-fort.org\/cocina\/wp-content\/uploads\/2018\/02\/muffins-3.jpg?w=1280&amp;ssl=1 1280w, https:\/\/i0.wp.com\/le-fort.org\/cocina\/wp-content\/uploads\/2018\/02\/muffins-3.jpg?resize=600%2C338&amp;ssl=1 600w\" sizes=\"auto, (max-width: 755px) 100vw, 755px\" \/><figcaption id=\"caption-attachment-11778\" class=\"wp-caption-text\">Muffins de masa madre con manzana y canela<\/figcaption><\/figure>\n<p>Adaptamos la receta del siempre excelente sitio de <a href=\"https:\/\/www.kingarthurflour.com\/recipes\/blueberry-sourdough-muffins-recipe?src=lforg\">King Arthur Flour<\/a> y le hicimos una serie de <a href=\"https:\/\/www.le-fort.org\/horneando-en-altura\/\">peque\u00f1os cambios para nuestras condiciones<\/a>. Una delicia. Lo que nos gust\u00f3 es la combinaci\u00f3n de canela con az\u00facar morena, que a nuestro juicio llama a la manzana. Tambi\u00e9n nos encanta el hecho de que sean muy poco dulces. Quiz\u00e1 quieras duplicar la cantidad de az\u00facar, pero nosotros no.<\/p>\n<p>Lo interesante aqu\u00ed, al igual que en el caso de los panqueques de masa madre es que el leudado no es tanto por la masa madre sino por la neutralizaci\u00f3n de los \u00e1cidos de la masa madre por el bicarbonato de sodio. Con esto pierde el gusto \u00e1cido de la masa madre y adem\u00e1s sube.<\/p>\n<h3>Ingredientes de los <em>muffins<\/em> de masa madre<\/h3>\n<ol>\n<li>100gr masa madre 100%<\/li>\n<li>1 huevo<\/li>\n<li>1\/4 taza leche<\/li>\n<li>2 cucharadas de aceite vegetal<\/li>\n<li>80gr harina<\/li>\n<li>80gr harina de ma\u00edz (ma\u00edz sabrosa, o similar)<\/li>\n<li>60gr az\u00facar rubia<\/li>\n<li>1\/2cdta sal<\/li>\n<li>1\/2cdta bicarbonato de sodio<\/li>\n<li>1\/2cdta canela en polvo<\/li>\n<li>1 manzana pelada y picada en trozos peque\u00f1os<\/li>\n<li>Aceite para el molde de <em>muffins<\/em><\/li>\n<\/ol>\n<h2>Procedimiento<\/h2>\n<ol>\n<li>Precalentar el horno a 210\u00b0C<\/li>\n<li>Aceitar un molde para 6 <em>muffins<\/em><\/li>\n<li>Mezclar los ingredientes h\u00famedos (1 a 4)<\/li>\n<li>En otro bol mezclar los ingredientes secos (5 a 10)<\/li>\n<li>Mezclar los ingredientes secos con los h\u00famedos y remover hasta incorporar, no m\u00e1s de medio minuto<\/li>\n<li>A\u00f1adir la manzana picada<\/li>\n<li>Llenar los moldes hasta el borde, sin excederse, porque crecen al hornear.\n<p><figure id=\"attachment_11776\" aria-describedby=\"caption-attachment-11776\" style=\"width: 755px\" class=\"wp-caption aligncenter\"><img data-recalc-dims=\"1\" loading=\"lazy\" decoding=\"async\" data-attachment-id=\"11776\" data-permalink=\"https:\/\/le-fort.org\/cocina\/muffins-masa-madre\/antes-2\/\" data-orig-file=\"https:\/\/i0.wp.com\/le-fort.org\/cocina\/wp-content\/uploads\/2018\/02\/antes.jpg?fit=1280%2C720&amp;ssl=1\" data-orig-size=\"1280,720\" data-comments-opened=\"0\" data-image-meta=\"{&quot;aperture&quot;:&quot;0&quot;,&quot;credit&quot;:&quot;&quot;,&quot;camera&quot;:&quot;&quot;,&quot;caption&quot;:&quot;&quot;,&quot;created_timestamp&quot;:&quot;0&quot;,&quot;copyright&quot;:&quot;&quot;,&quot;focal_length&quot;:&quot;0&quot;,&quot;iso&quot;:&quot;0&quot;,&quot;shutter_speed&quot;:&quot;0&quot;,&quot;title&quot;:&quot;&quot;,&quot;orientation&quot;:&quot;0&quot;}\" data-image-title=\"antes\" data-image-description=\"\" data-image-caption=\"&lt;p&gt;Muffins de masa madre listos para hornear&lt;\/p&gt;\n\" data-large-file=\"https:\/\/i0.wp.com\/le-fort.org\/cocina\/wp-content\/uploads\/2018\/02\/antes.jpg?fit=1200%2C675&amp;ssl=1\" class=\"size-large wp-image-11776\" src=\"https:\/\/i0.wp.com\/www.le-fort.org\/wp-content\/uploads\/2018\/02\/antes-1280x720.jpg?resize=755%2C425&#038;ssl=1\" alt=\"Muffins de masa madre listos para hornear\" width=\"755\" height=\"425\" srcset=\"https:\/\/i0.wp.com\/le-fort.org\/cocina\/wp-content\/uploads\/2018\/02\/antes.jpg?w=1280&amp;ssl=1 1280w, https:\/\/i0.wp.com\/le-fort.org\/cocina\/wp-content\/uploads\/2018\/02\/antes.jpg?resize=600%2C338&amp;ssl=1 600w\" sizes=\"auto, (max-width: 755px) 100vw, 755px\" \/><figcaption id=\"caption-attachment-11776\" class=\"wp-caption-text\">Muffins de masa madre listos para hornear<\/figcaption><\/figure><\/li>\n<li>Hornear 20 minutos o hasta que un palillo insertado en el <em>muffin<\/em> salga seco y las partes superiores comiencen a dorarse.\n<p><figure id=\"attachment_11777\" aria-describedby=\"caption-attachment-11777\" style=\"width: 755px\" class=\"wp-caption aligncenter\"><img data-recalc-dims=\"1\" loading=\"lazy\" decoding=\"async\" data-attachment-id=\"11777\" data-permalink=\"https:\/\/le-fort.org\/cocina\/muffins-masa-madre\/horneados\/\" data-orig-file=\"https:\/\/i0.wp.com\/le-fort.org\/cocina\/wp-content\/uploads\/2018\/02\/horneados.jpg?fit=1280%2C720&amp;ssl=1\" data-orig-size=\"1280,720\" data-comments-opened=\"0\" data-image-meta=\"{&quot;aperture&quot;:&quot;0&quot;,&quot;credit&quot;:&quot;&quot;,&quot;camera&quot;:&quot;&quot;,&quot;caption&quot;:&quot;&quot;,&quot;created_timestamp&quot;:&quot;0&quot;,&quot;copyright&quot;:&quot;&quot;,&quot;focal_length&quot;:&quot;0&quot;,&quot;iso&quot;:&quot;0&quot;,&quot;shutter_speed&quot;:&quot;0&quot;,&quot;title&quot;:&quot;&quot;,&quot;orientation&quot;:&quot;0&quot;}\" data-image-title=\"horneados\" data-image-description=\"\" data-image-caption=\"&lt;p&gt;Reci\u00e9n salidos del horno&lt;\/p&gt;\n\" data-large-file=\"https:\/\/i0.wp.com\/le-fort.org\/cocina\/wp-content\/uploads\/2018\/02\/horneados.jpg?fit=1200%2C675&amp;ssl=1\" class=\"size-large wp-image-11777\" src=\"https:\/\/i0.wp.com\/www.le-fort.org\/wp-content\/uploads\/2018\/02\/horneados-1280x720.jpg?resize=755%2C425&#038;ssl=1\" alt=\"Muffins de masa madre reci\u00e9n salidos del horno\" width=\"755\" height=\"425\" srcset=\"https:\/\/i0.wp.com\/le-fort.org\/cocina\/wp-content\/uploads\/2018\/02\/horneados.jpg?w=1280&amp;ssl=1 1280w, https:\/\/i0.wp.com\/le-fort.org\/cocina\/wp-content\/uploads\/2018\/02\/horneados.jpg?resize=600%2C338&amp;ssl=1 600w\" sizes=\"auto, (max-width: 755px) 100vw, 755px\" \/><figcaption id=\"caption-attachment-11777\" class=\"wp-caption-text\">Reci\u00e9n salidos del horno<\/figcaption><\/figure><\/li>\n<li>Sacar del horno, dejar enfriar 5 minutos y sacar los <em>muffins<\/em> del molde. Esto es importante porque de lo contrario el vapor de agua hace que queden chiclosos.<\/li>\n<\/ol>\n<p>Es hora de comer. Aqu\u00ed nos los devoramos tibios con un caf\u00e9, nada m\u00e1s.<\/p>\n<figure id=\"attachment_11779\" aria-describedby=\"caption-attachment-11779\" style=\"width: 755px\" class=\"wp-caption aligncenter\"><img data-recalc-dims=\"1\" loading=\"lazy\" decoding=\"async\" data-attachment-id=\"11779\" data-permalink=\"https:\/\/le-fort.org\/cocina\/muffins-masa-madre\/muffins-6\/\" data-orig-file=\"https:\/\/i0.wp.com\/le-fort.org\/cocina\/wp-content\/uploads\/2018\/02\/muffins-6.jpg?fit=1280%2C720&amp;ssl=1\" data-orig-size=\"1280,720\" data-comments-opened=\"0\" data-image-meta=\"{&quot;aperture&quot;:&quot;0&quot;,&quot;credit&quot;:&quot;&quot;,&quot;camera&quot;:&quot;&quot;,&quot;caption&quot;:&quot;&quot;,&quot;created_timestamp&quot;:&quot;0&quot;,&quot;copyright&quot;:&quot;&quot;,&quot;focal_length&quot;:&quot;0&quot;,&quot;iso&quot;:&quot;0&quot;,&quot;shutter_speed&quot;:&quot;0&quot;,&quot;title&quot;:&quot;&quot;,&quot;orientation&quot;:&quot;0&quot;}\" data-image-title=\"muffins-6\" data-image-description=\"\" data-image-caption=\"&lt;p&gt;Buen provecho&lt;\/p&gt;\n\" data-large-file=\"https:\/\/i0.wp.com\/le-fort.org\/cocina\/wp-content\/uploads\/2018\/02\/muffins-6.jpg?fit=1200%2C675&amp;ssl=1\" class=\"size-large wp-image-11779\" src=\"https:\/\/i0.wp.com\/www.le-fort.org\/wp-content\/uploads\/2018\/02\/muffins-6-1280x720.jpg?resize=755%2C425&#038;ssl=1\" alt=\"Muffins de masa madre \" width=\"755\" height=\"425\" srcset=\"https:\/\/i0.wp.com\/le-fort.org\/cocina\/wp-content\/uploads\/2018\/02\/muffins-6.jpg?w=1280&amp;ssl=1 1280w, https:\/\/i0.wp.com\/le-fort.org\/cocina\/wp-content\/uploads\/2018\/02\/muffins-6.jpg?resize=600%2C338&amp;ssl=1 600w\" sizes=\"auto, (max-width: 755px) 100vw, 755px\" \/><figcaption id=\"caption-attachment-11779\" class=\"wp-caption-text\">Buen provecho<\/figcaption><\/figure>\n","protected":false},"excerpt":{"rendered":"<p>Receta de muffins de masa madre, con harina de ma\u00edz y de trigo.<\/p>\n","protected":false},"author":1,"featured_media":11780,"comment_status":"closed","ping_status":"closed","sticky":false,"template":"","format":"standard","meta":{"_jetpack_newsletter_access":"","_jetpack_dont_email_post_to_subs":false,"_jetpack_newsletter_tier_id":0,"_jetpack_memberships_contains_paywalled_content":false,"_jetpack_memberships_contains_paid_content":false,"footnotes":""},"categories":[2],"tags":[],"class_list":["post-11775","post","type-post","status-publish","format-standard","has-post-thumbnail","hentry","category-recetas","entry","has-media"],"jetpack_featured_media_url":"https:\/\/i0.wp.com\/le-fort.org\/cocina\/wp-content\/uploads\/2018\/02\/muffins-hd.jpg?fit=1500%2C500&ssl=1","jetpack_shortlink":"https:\/\/wp.me\/pghKer-33V","jetpack_sharing_enabled":true,"jetpack-related-posts":[{"id":7785,"url":"https:\/\/le-fort.org\/cocina\/curso-de-cupcakes\/","url_meta":{"origin":11775,"position":0},"title":"Curso de Cupcakes","author":"Le-Fort.org","date":"29 de Abril, 2016","format":false,"excerpt":"La mitad m\u00e1s agradable de nuestro equipo dict\u00f3 un curso de cupcakes el d\u00eda s\u00e1bado 13 de abril donde nuestros amigos de \u00a0la Escuela de Alta Cocina Arte Chef. Fue un curso muy concurrido y lo pasamos muy bien. Cupcakes, Muffins y Magdalenas Siempre es bueno un poco de contexto,\u2026","rel":"","context":"En &quot;Educaci\u00f3n&quot;","block_context":{"text":"Educaci\u00f3n","link":"https:\/\/le-fort.org\/cocina\/categoria\/educacion\/"},"img":{"alt_text":"","src":"https:\/\/i0.wp.com\/le-fort.org\/cocina\/wp-content\/uploads\/2016\/04\/cupcakes-hd.jpg?fit=1200%2C400&ssl=1&resize=350%2C200","width":350,"height":200,"srcset":"https:\/\/i0.wp.com\/le-fort.org\/cocina\/wp-content\/uploads\/2016\/04\/cupcakes-hd.jpg?fit=1200%2C400&ssl=1&resize=350%2C200 1x, https:\/\/i0.wp.com\/le-fort.org\/cocina\/wp-content\/uploads\/2016\/04\/cupcakes-hd.jpg?fit=1200%2C400&ssl=1&resize=525%2C300 1.5x, https:\/\/i0.wp.com\/le-fort.org\/cocina\/wp-content\/uploads\/2016\/04\/cupcakes-hd.jpg?fit=1200%2C400&ssl=1&resize=700%2C400 2x, https:\/\/i0.wp.com\/le-fort.org\/cocina\/wp-content\/uploads\/2016\/04\/cupcakes-hd.jpg?fit=1200%2C400&ssl=1&resize=1050%2C600 3x"},"classes":[]},{"id":2000,"url":"https:\/\/le-fort.org\/cocina\/receta-flap-jacks-con-manzana-acaramelada\/","url_meta":{"origin":11775,"position":1},"title":"Receta: Flap-Jacks con Manzana Acaramelada","author":"Le-Fort.org","date":"10 de Junio, 2012","format":false,"excerpt":"Receta de flap-jacks, o sea panqueques gorditos, con manzana acaramelada y canela","rel":"","context":"En &quot;Comida&quot;","block_context":{"text":"Comida","link":"https:\/\/le-fort.org\/cocina\/categoria\/cocina-comida\/"},"img":{"alt_text":"","src":"https:\/\/i0.wp.com\/le-fort.org\/cocina\/wp-content\/uploads\/2012\/06\/hd.jpg?fit=600%2C225&ssl=1&resize=350%2C200","width":350,"height":200,"srcset":"https:\/\/i0.wp.com\/le-fort.org\/cocina\/wp-content\/uploads\/2012\/06\/hd.jpg?fit=600%2C225&ssl=1&resize=350%2C200 1x, https:\/\/i0.wp.com\/le-fort.org\/cocina\/wp-content\/uploads\/2012\/06\/hd.jpg?fit=600%2C225&ssl=1&resize=525%2C300 1.5x"},"classes":[]},{"id":9112,"url":"https:\/\/le-fort.org\/cocina\/primeros-pasos-pan-masa-madre\/","url_meta":{"origin":11775,"position":2},"title":"Primeros Pasos en Pan de Masa Madre","author":"Le-Fort.org","date":"15 de Mayo, 2017","format":false,"excerpt":"Hemos estado estudiando una serie de cosas, y entre ellas nos metimos en el pan de masa madre. Este es un relato de nuestros primeros pasos. \u00bfQu\u00e9 es la masa madre? La masa madre es una mezcla de agua y harina que es colonizada por hongos (levadura) y bacterias. Podemos\u2026","rel":"","context":"En &quot;Panes&quot;","block_context":{"text":"Panes","link":"https:\/\/le-fort.org\/cocina\/categoria\/panes\/"},"img":{"alt_text":"","src":"https:\/\/i0.wp.com\/le-fort.org\/cocina\/wp-content\/uploads\/2016\/12\/masa-madre-hd.jpg?fit=1200%2C400&ssl=1&resize=350%2C200","width":350,"height":200,"srcset":"https:\/\/i0.wp.com\/le-fort.org\/cocina\/wp-content\/uploads\/2016\/12\/masa-madre-hd.jpg?fit=1200%2C400&ssl=1&resize=350%2C200 1x, https:\/\/i0.wp.com\/le-fort.org\/cocina\/wp-content\/uploads\/2016\/12\/masa-madre-hd.jpg?fit=1200%2C400&ssl=1&resize=525%2C300 1.5x, https:\/\/i0.wp.com\/le-fort.org\/cocina\/wp-content\/uploads\/2016\/12\/masa-madre-hd.jpg?fit=1200%2C400&ssl=1&resize=700%2C400 2x, https:\/\/i0.wp.com\/le-fort.org\/cocina\/wp-content\/uploads\/2016\/12\/masa-madre-hd.jpg?fit=1200%2C400&ssl=1&resize=1050%2C600 3x"},"classes":[]},{"id":11759,"url":"https:\/\/le-fort.org\/cocina\/panqueques-de-masa-madre\/","url_meta":{"origin":11775,"position":3},"title":"Panqueques de Masa Madre","author":"Le-Fort.org","date":"10 de Febrero, 2018","format":false,"excerpt":"Receta de panqueques de masa madre, con una textura maravillosa y de muy f\u00e1cil preparaci\u00f3n.","rel":"","context":"En &quot;Recetas&quot;","block_context":{"text":"Recetas","link":"https:\/\/le-fort.org\/cocina\/categoria\/recetas\/"},"img":{"alt_text":"","src":"https:\/\/i0.wp.com\/le-fort.org\/cocina\/wp-content\/uploads\/2018\/02\/panqueques-hd.jpg?fit=1200%2C400&ssl=1&resize=350%2C200","width":350,"height":200,"srcset":"https:\/\/i0.wp.com\/le-fort.org\/cocina\/wp-content\/uploads\/2018\/02\/panqueques-hd.jpg?fit=1200%2C400&ssl=1&resize=350%2C200 1x, https:\/\/i0.wp.com\/le-fort.org\/cocina\/wp-content\/uploads\/2018\/02\/panqueques-hd.jpg?fit=1200%2C400&ssl=1&resize=525%2C300 1.5x, https:\/\/i0.wp.com\/le-fort.org\/cocina\/wp-content\/uploads\/2018\/02\/panqueques-hd.jpg?fit=1200%2C400&ssl=1&resize=700%2C400 2x, https:\/\/i0.wp.com\/le-fort.org\/cocina\/wp-content\/uploads\/2018\/02\/panqueques-hd.jpg?fit=1200%2C400&ssl=1&resize=1050%2C600 3x"},"classes":[]},{"id":5940,"url":"https:\/\/le-fort.org\/cocina\/torrijas-aprovechando-el-pan-viejo\/","url_meta":{"origin":11775,"position":4},"title":"Torrijas: Aprovechando el Pan Viejo","author":"Le-Fort.org","date":"9 de Enero, 2015","format":false,"excerpt":"Receta de Torrijas, una forma tradicional de aprovechar el pan viejo que data de la Espa\u00f1a medieval, remoj\u00e1ndolo en leche y huevos y fri\u00e9ndolo. Son deliciosas.","rel":"","context":"En &quot;Recetas&quot;","block_context":{"text":"Recetas","link":"https:\/\/le-fort.org\/cocina\/categoria\/recetas\/"},"img":{"alt_text":"","src":"https:\/\/i0.wp.com\/le-fort.org\/cocina\/wp-content\/uploads\/2015\/01\/torrijas-hd.jpg?fit=1200%2C400&ssl=1&resize=350%2C200","width":350,"height":200,"srcset":"https:\/\/i0.wp.com\/le-fort.org\/cocina\/wp-content\/uploads\/2015\/01\/torrijas-hd.jpg?fit=1200%2C400&ssl=1&resize=350%2C200 1x, https:\/\/i0.wp.com\/le-fort.org\/cocina\/wp-content\/uploads\/2015\/01\/torrijas-hd.jpg?fit=1200%2C400&ssl=1&resize=525%2C300 1.5x, https:\/\/i0.wp.com\/le-fort.org\/cocina\/wp-content\/uploads\/2015\/01\/torrijas-hd.jpg?fit=1200%2C400&ssl=1&resize=700%2C400 2x, https:\/\/i0.wp.com\/le-fort.org\/cocina\/wp-content\/uploads\/2015\/01\/torrijas-hd.jpg?fit=1200%2C400&ssl=1&resize=1050%2C600 3x"},"classes":[]},{"id":4927,"url":"https:\/\/le-fort.org\/cocina\/arroz-con-leche\/","url_meta":{"origin":11775,"position":5},"title":"Arroz con Leche","author":"Le-Fort.org","date":"12 de Septiembre, 2013","format":false,"excerpt":"Receta de Arroz con Leche. El Arroz con Leche es un postre muy apreciado en los pa\u00edses hispanoamericanos y sus ingredientes son arroz, leche, az\u00facar y canela, m\u00e1s una serie de elementos opcionales.","rel":"","context":"En &quot;Recetas&quot;","block_context":{"text":"Recetas","link":"https:\/\/le-fort.org\/cocina\/categoria\/recetas\/"},"img":{"alt_text":"","src":"https:\/\/i0.wp.com\/le-fort.org\/cocina\/wp-content\/uploads\/2013\/09\/arroz-con-leche-hd.jpg?fit=1200%2C400&ssl=1&resize=350%2C200","width":350,"height":200,"srcset":"https:\/\/i0.wp.com\/le-fort.org\/cocina\/wp-content\/uploads\/2013\/09\/arroz-con-leche-hd.jpg?fit=1200%2C400&ssl=1&resize=350%2C200 1x, https:\/\/i0.wp.com\/le-fort.org\/cocina\/wp-content\/uploads\/2013\/09\/arroz-con-leche-hd.jpg?fit=1200%2C400&ssl=1&resize=525%2C300 1.5x, https:\/\/i0.wp.com\/le-fort.org\/cocina\/wp-content\/uploads\/2013\/09\/arroz-con-leche-hd.jpg?fit=1200%2C400&ssl=1&resize=700%2C400 2x, https:\/\/i0.wp.com\/le-fort.org\/cocina\/wp-content\/uploads\/2013\/09\/arroz-con-leche-hd.jpg?fit=1200%2C400&ssl=1&resize=1050%2C600 3x"},"classes":[]}],"_links":{"self":[{"href":"https:\/\/le-fort.org\/cocina\/wp-json\/wp\/v2\/posts\/11775","targetHints":{"allow":["GET"]}}],"collection":[{"href":"https:\/\/le-fort.org\/cocina\/wp-json\/wp\/v2\/posts"}],"about":[{"href":"https:\/\/le-fort.org\/cocina\/wp-json\/wp\/v2\/types\/post"}],"author":[{"embeddable":true,"href":"https:\/\/le-fort.org\/cocina\/wp-json\/wp\/v2\/users\/1"}],"replies":[{"embeddable":true,"href":"https:\/\/le-fort.org\/cocina\/wp-json\/wp\/v2\/comments?post=11775"}],"version-history":[{"count":0,"href":"https:\/\/le-fort.org\/cocina\/wp-json\/wp\/v2\/posts\/11775\/revisions"}],"wp:featuredmedia":[{"embeddable":true,"href":"https:\/\/le-fort.org\/cocina\/wp-json\/wp\/v2\/media\/11780"}],"wp:attachment":[{"href":"https:\/\/le-fort.org\/cocina\/wp-json\/wp\/v2\/media?parent=11775"}],"wp:term":[{"taxonomy":"category","embeddable":true,"href":"https:\/\/le-fort.org\/cocina\/wp-json\/wp\/v2\/categories?post=11775"},{"taxonomy":"post_tag","embeddable":true,"href":"https:\/\/le-fort.org\/cocina\/wp-json\/wp\/v2\/tags?post=11775"}],"curies":[{"name":"wp","href":"https:\/\/api.w.org\/{rel}","templated":true}]}}