{"id":11890,"date":"2018-03-01T23:33:50","date_gmt":"2018-03-02T04:33:50","guid":{"rendered":"https:\/\/www.le-fort.org\/?p=11890"},"modified":"2018-03-02T00:00:23","modified_gmt":"2018-03-02T05:00:23","slug":"empanadas-la-troncal","status":"publish","type":"post","link":"https:\/\/le-fort.org\/cocina\/empanadas-la-troncal\/","title":{"rendered":"Empanadas en la Troncal"},"content":{"rendered":"<p>Dirigimos un <a href=\"https:\/\/www.le-fort.org\/cursos\/empanadas-chilenas\/\">taller de empanadas chilenas<\/a> en La Troncal en las dependencias del hotel Su Majestad. Nos encant\u00f3 el lugar y nos atendieron maravillosamente. Muy recomendable.<!--more--><\/p>\n<p>El taller es el que damos con frecuencia y este lo disfrutamos mucho. Nos encanta pasar por La Troncal y nos gusta mucho ense\u00f1ar a preparar empanadas chilenas.<\/p>\n<p><img data-recalc-dims=\"1\" loading=\"lazy\" decoding=\"async\" data-attachment-id=\"11900\" data-permalink=\"https:\/\/le-fort.org\/cocina\/empanadas-la-troncal\/aviso-empanadas-180228\/\" data-orig-file=\"https:\/\/i0.wp.com\/le-fort.org\/cocina\/wp-content\/uploads\/2018\/03\/aviso-empanadas-180228.jpg?fit=1024%2C1024&amp;ssl=1\" data-orig-size=\"1024,1024\" data-comments-opened=\"0\" data-image-meta=\"{&quot;aperture&quot;:&quot;0&quot;,&quot;credit&quot;:&quot;&quot;,&quot;camera&quot;:&quot;&quot;,&quot;caption&quot;:&quot;&quot;,&quot;created_timestamp&quot;:&quot;0&quot;,&quot;copyright&quot;:&quot;&quot;,&quot;focal_length&quot;:&quot;0&quot;,&quot;iso&quot;:&quot;0&quot;,&quot;shutter_speed&quot;:&quot;0&quot;,&quot;title&quot;:&quot;&quot;,&quot;orientation&quot;:&quot;0&quot;}\" data-image-title=\"aviso-empanadas-180228\" data-image-description=\"\" data-image-caption=\"\" data-large-file=\"https:\/\/i0.wp.com\/le-fort.org\/cocina\/wp-content\/uploads\/2018\/03\/aviso-empanadas-180228.jpg?fit=960%2C960&amp;ssl=1\" class=\"aligncenter wp-image-11900\" src=\"https:\/\/i0.wp.com\/www.le-fort.org\/wp-content\/uploads\/2018\/03\/aviso-empanadas-180228-600x600.jpg?resize=500%2C500&#038;ssl=1\" alt=\"Taller de empanadas chilenas en La Troncal\" width=\"500\" height=\"500\" srcset=\"https:\/\/i0.wp.com\/le-fort.org\/cocina\/wp-content\/uploads\/2018\/03\/aviso-empanadas-180228.jpg?resize=600%2C600&amp;ssl=1 600w, https:\/\/i0.wp.com\/le-fort.org\/cocina\/wp-content\/uploads\/2018\/03\/aviso-empanadas-180228.jpg?resize=150%2C150&amp;ssl=1 150w, https:\/\/i0.wp.com\/le-fort.org\/cocina\/wp-content\/uploads\/2018\/03\/aviso-empanadas-180228.jpg?resize=960%2C960&amp;ssl=1 960w, https:\/\/i0.wp.com\/le-fort.org\/cocina\/wp-content\/uploads\/2018\/03\/aviso-empanadas-180228.jpg?w=1024&amp;ssl=1 1024w\" sizes=\"auto, (max-width: 500px) 100vw, 500px\" \/><\/p>\n<p><img data-recalc-dims=\"1\" loading=\"lazy\" decoding=\"async\" data-attachment-id=\"11886\" data-permalink=\"https:\/\/le-fort.org\/cocina\/documentos\/manual-empanadas-chilenas\/1-portada-empanadas-1-3\/\" data-orig-file=\"https:\/\/i0.wp.com\/le-fort.org\/cocina\/wp-content\/uploads\/2018\/02\/1-portada-empanadas-1.3.jpg?fit=724%2C1024&amp;ssl=1\" data-orig-size=\"724,1024\" data-comments-opened=\"0\" data-image-meta=\"{&quot;aperture&quot;:&quot;0&quot;,&quot;credit&quot;:&quot;&quot;,&quot;camera&quot;:&quot;&quot;,&quot;caption&quot;:&quot;&quot;,&quot;created_timestamp&quot;:&quot;0&quot;,&quot;copyright&quot;:&quot;&quot;,&quot;focal_length&quot;:&quot;0&quot;,&quot;iso&quot;:&quot;0&quot;,&quot;shutter_speed&quot;:&quot;0&quot;,&quot;title&quot;:&quot;&quot;,&quot;orientation&quot;:&quot;0&quot;}\" data-image-title=\"1- portada-empanadas-1.3\" data-image-description=\"\" data-image-caption=\"\" data-large-file=\"https:\/\/i0.wp.com\/le-fort.org\/cocina\/wp-content\/uploads\/2018\/02\/1-portada-empanadas-1.3.jpg?fit=679%2C960&amp;ssl=1\" class=\"alignright wp-image-11886\" src=\"https:\/\/i0.wp.com\/www.le-fort.org\/wp-content\/uploads\/2018\/02\/1-portada-empanadas-1.3-424x600.jpg?resize=283%2C400&#038;ssl=1\" alt=\"\" width=\"283\" height=\"400\" srcset=\"https:\/\/i0.wp.com\/le-fort.org\/cocina\/wp-content\/uploads\/2018\/02\/1-portada-empanadas-1.3.jpg?resize=424%2C600&amp;ssl=1 424w, https:\/\/i0.wp.com\/le-fort.org\/cocina\/wp-content\/uploads\/2018\/02\/1-portada-empanadas-1.3.jpg?resize=679%2C960&amp;ssl=1 679w, https:\/\/i0.wp.com\/le-fort.org\/cocina\/wp-content\/uploads\/2018\/02\/1-portada-empanadas-1.3.jpg?w=724&amp;ssl=1 724w\" sizes=\"auto, (max-width: 283px) 100vw, 283px\" \/>Comenzamos disponiendo los materiales para dictar el curso, y tuvimos que adaptarnos un poco porque fue la primera vez que trabaj\u00e1bamos en el lugar. Todo sali\u00f3 bien.<\/p>\n<p>Como siempre lo primero que hicimos fue preparar la masa de empanadas fritas y dejarla reposar, luego el pino, luego la masa de empanadas de horno, luego el armado y horneado de empanadas de pino, y mientras estas se horneaban, nos dedicamos a las empanadas fritas. No hay muchas fotos de las empanadas porque desaparecieron.<\/p>\n<p>Aqu\u00ed algunas fotos del taller.<\/p>\n<figure id=\"attachment_11891\" aria-describedby=\"caption-attachment-11891\" style=\"width: 755px\" class=\"wp-caption aligncenter\"><img data-recalc-dims=\"1\" loading=\"lazy\" decoding=\"async\" data-attachment-id=\"11891\" data-permalink=\"https:\/\/le-fort.org\/cocina\/empanadas-la-troncal\/img_2994\/\" data-orig-file=\"https:\/\/i0.wp.com\/le-fort.org\/cocina\/wp-content\/uploads\/2018\/03\/IMG_2994.jpg?fit=1280%2C854&amp;ssl=1\" data-orig-size=\"1280,854\" data-comments-opened=\"0\" data-image-meta=\"{&quot;aperture&quot;:&quot;3.5&quot;,&quot;credit&quot;:&quot;Picasa&quot;,&quot;camera&quot;:&quot;Canon EOS REBEL SL1&quot;,&quot;caption&quot;:&quot;&quot;,&quot;created_timestamp&quot;:&quot;1519847840&quot;,&quot;copyright&quot;:&quot;&quot;,&quot;focal_length&quot;:&quot;18&quot;,&quot;iso&quot;:&quot;1600&quot;,&quot;shutter_speed&quot;:&quot;0.016666666666667&quot;,&quot;title&quot;:&quot;&quot;,&quot;orientation&quot;:&quot;0&quot;}\" data-image-title=\"IMG_2994\" data-image-description=\"\" data-image-caption=\"\" data-large-file=\"https:\/\/i0.wp.com\/le-fort.org\/cocina\/wp-content\/uploads\/2018\/03\/IMG_2994.jpg?fit=1200%2C801&amp;ssl=1\" class=\"wp-image-11891 size-large\" src=\"https:\/\/i0.wp.com\/www.le-fort.org\/wp-content\/uploads\/2018\/03\/IMG_2994-1280x854.jpg?resize=755%2C504&#038;ssl=1\" alt=\"Taller de empanadas chilenas en La Troncal: Comenzando\" width=\"755\" height=\"504\" srcset=\"https:\/\/i0.wp.com\/le-fort.org\/cocina\/wp-content\/uploads\/2018\/03\/IMG_2994.jpg?w=1280&amp;ssl=1 1280w, https:\/\/i0.wp.com\/le-fort.org\/cocina\/wp-content\/uploads\/2018\/03\/IMG_2994.jpg?resize=600%2C400&amp;ssl=1 600w\" sizes=\"auto, (max-width: 755px) 100vw, 755px\" \/><figcaption id=\"caption-attachment-11891\" class=\"wp-caption-text\">Comenzando<\/figcaption><\/figure>\n<figure id=\"attachment_11892\" aria-describedby=\"caption-attachment-11892\" style=\"width: 600px\" class=\"wp-caption aligncenter\"><img data-recalc-dims=\"1\" loading=\"lazy\" decoding=\"async\" data-attachment-id=\"11892\" data-permalink=\"https:\/\/le-fort.org\/cocina\/empanadas-la-troncal\/img_2995\/\" data-orig-file=\"https:\/\/i0.wp.com\/le-fort.org\/cocina\/wp-content\/uploads\/2018\/03\/IMG_2995.jpg?fit=1280%2C854&amp;ssl=1\" data-orig-size=\"1280,854\" data-comments-opened=\"0\" data-image-meta=\"{&quot;aperture&quot;:&quot;3.5&quot;,&quot;credit&quot;:&quot;Picasa&quot;,&quot;camera&quot;:&quot;Canon EOS REBEL SL1&quot;,&quot;caption&quot;:&quot;&quot;,&quot;created_timestamp&quot;:&quot;1519848710&quot;,&quot;copyright&quot;:&quot;&quot;,&quot;focal_length&quot;:&quot;18&quot;,&quot;iso&quot;:&quot;1600&quot;,&quot;shutter_speed&quot;:&quot;0.016666666666667&quot;,&quot;title&quot;:&quot;&quot;,&quot;orientation&quot;:&quot;0&quot;}\" data-image-title=\"IMG_2995\" data-image-description=\"\" data-image-caption=\"\" data-large-file=\"https:\/\/i0.wp.com\/le-fort.org\/cocina\/wp-content\/uploads\/2018\/03\/IMG_2995.jpg?fit=1200%2C801&amp;ssl=1\" class=\"wp-image-11892 size-medium\" src=\"https:\/\/i0.wp.com\/www.le-fort.org\/wp-content\/uploads\/2018\/03\/IMG_2995-600x400.jpg?resize=600%2C400&#038;ssl=1\" alt=\"Taller de empanadas chilenas en La Troncal\" width=\"600\" height=\"400\" srcset=\"https:\/\/i0.wp.com\/le-fort.org\/cocina\/wp-content\/uploads\/2018\/03\/IMG_2995.jpg?resize=600%2C400&amp;ssl=1 600w, https:\/\/i0.wp.com\/le-fort.org\/cocina\/wp-content\/uploads\/2018\/03\/IMG_2995.jpg?w=1280&amp;ssl=1 1280w\" sizes=\"auto, (max-width: 600px) 100vw, 600px\" \/><figcaption id=\"caption-attachment-11892\" class=\"wp-caption-text\">Caras de impresi\u00f3n<\/figcaption><\/figure>\n<figure id=\"attachment_11893\" aria-describedby=\"caption-attachment-11893\" style=\"width: 600px\" class=\"wp-caption aligncenter\"><img data-recalc-dims=\"1\" loading=\"lazy\" decoding=\"async\" data-attachment-id=\"11893\" data-permalink=\"https:\/\/le-fort.org\/cocina\/empanadas-la-troncal\/img_2998\/\" data-orig-file=\"https:\/\/i0.wp.com\/le-fort.org\/cocina\/wp-content\/uploads\/2018\/03\/IMG_2998.jpg?fit=1280%2C854&amp;ssl=1\" data-orig-size=\"1280,854\" data-comments-opened=\"0\" data-image-meta=\"{&quot;aperture&quot;:&quot;3.5&quot;,&quot;credit&quot;:&quot;Picasa&quot;,&quot;camera&quot;:&quot;Canon EOS REBEL SL1&quot;,&quot;caption&quot;:&quot;&quot;,&quot;created_timestamp&quot;:&quot;1519848797&quot;,&quot;copyright&quot;:&quot;&quot;,&quot;focal_length&quot;:&quot;22&quot;,&quot;iso&quot;:&quot;1600&quot;,&quot;shutter_speed&quot;:&quot;0.016666666666667&quot;,&quot;title&quot;:&quot;&quot;,&quot;orientation&quot;:&quot;0&quot;}\" data-image-title=\"IMG_2998\" data-image-description=\"\" data-image-caption=\"\" data-large-file=\"https:\/\/i0.wp.com\/le-fort.org\/cocina\/wp-content\/uploads\/2018\/03\/IMG_2998.jpg?fit=1200%2C801&amp;ssl=1\" class=\"wp-image-11893 size-medium\" src=\"https:\/\/i0.wp.com\/www.le-fort.org\/wp-content\/uploads\/2018\/03\/IMG_2998-600x400.jpg?resize=600%2C400&#038;ssl=1\" alt=\"Taller de empanadas chilenas en La Troncal\" width=\"600\" height=\"400\" srcset=\"https:\/\/i0.wp.com\/le-fort.org\/cocina\/wp-content\/uploads\/2018\/03\/IMG_2998.jpg?resize=600%2C400&amp;ssl=1 600w, https:\/\/i0.wp.com\/le-fort.org\/cocina\/wp-content\/uploads\/2018\/03\/IMG_2998.jpg?w=1280&amp;ssl=1 1280w\" sizes=\"auto, (max-width: 600px) 100vw, 600px\" \/><figcaption id=\"caption-attachment-11893\" class=\"wp-caption-text\">Preparando la masa de las empanadas fritas<\/figcaption><\/figure>\n<figure id=\"attachment_11894\" aria-describedby=\"caption-attachment-11894\" style=\"width: 600px\" class=\"wp-caption aligncenter\"><img data-recalc-dims=\"1\" loading=\"lazy\" decoding=\"async\" data-attachment-id=\"11894\" data-permalink=\"https:\/\/le-fort.org\/cocina\/empanadas-la-troncal\/img_3002\/\" data-orig-file=\"https:\/\/i0.wp.com\/le-fort.org\/cocina\/wp-content\/uploads\/2018\/03\/IMG_3002.jpg?fit=1280%2C854&amp;ssl=1\" data-orig-size=\"1280,854\" data-comments-opened=\"0\" data-image-meta=\"{&quot;aperture&quot;:&quot;4.5&quot;,&quot;credit&quot;:&quot;Picasa&quot;,&quot;camera&quot;:&quot;Canon EOS REBEL SL1&quot;,&quot;caption&quot;:&quot;&quot;,&quot;created_timestamp&quot;:&quot;1519849176&quot;,&quot;copyright&quot;:&quot;&quot;,&quot;focal_length&quot;:&quot;35&quot;,&quot;iso&quot;:&quot;1600&quot;,&quot;shutter_speed&quot;:&quot;0.016666666666667&quot;,&quot;title&quot;:&quot;&quot;,&quot;orientation&quot;:&quot;0&quot;}\" data-image-title=\"IMG_3002\" data-image-description=\"\" data-image-caption=\"\" data-large-file=\"https:\/\/i0.wp.com\/le-fort.org\/cocina\/wp-content\/uploads\/2018\/03\/IMG_3002.jpg?fit=1200%2C801&amp;ssl=1\" class=\"wp-image-11894 size-medium\" src=\"https:\/\/i0.wp.com\/www.le-fort.org\/wp-content\/uploads\/2018\/03\/IMG_3002-600x400.jpg?resize=600%2C400&#038;ssl=1\" alt=\"Taller de empanadas chilenas en La Troncal\" width=\"600\" height=\"400\" srcset=\"https:\/\/i0.wp.com\/le-fort.org\/cocina\/wp-content\/uploads\/2018\/03\/IMG_3002.jpg?resize=600%2C400&amp;ssl=1 600w, https:\/\/i0.wp.com\/le-fort.org\/cocina\/wp-content\/uploads\/2018\/03\/IMG_3002.jpg?w=1280&amp;ssl=1 1280w\" sizes=\"auto, (max-width: 600px) 100vw, 600px\" \/><figcaption id=\"caption-attachment-11894\" class=\"wp-caption-text\">Amasando<\/figcaption><\/figure>\n<figure id=\"attachment_11895\" aria-describedby=\"caption-attachment-11895\" style=\"width: 600px\" class=\"wp-caption aligncenter\"><img data-recalc-dims=\"1\" loading=\"lazy\" decoding=\"async\" data-attachment-id=\"11895\" data-permalink=\"https:\/\/le-fort.org\/cocina\/empanadas-la-troncal\/img_3008\/\" data-orig-file=\"https:\/\/i0.wp.com\/le-fort.org\/cocina\/wp-content\/uploads\/2018\/03\/IMG_3008.jpg?fit=1280%2C854&amp;ssl=1\" data-orig-size=\"1280,854\" data-comments-opened=\"0\" data-image-meta=\"{&quot;aperture&quot;:&quot;5&quot;,&quot;credit&quot;:&quot;Picasa&quot;,&quot;camera&quot;:&quot;Canon EOS REBEL SL1&quot;,&quot;caption&quot;:&quot;&quot;,&quot;created_timestamp&quot;:&quot;1519850004&quot;,&quot;copyright&quot;:&quot;&quot;,&quot;focal_length&quot;:&quot;39&quot;,&quot;iso&quot;:&quot;1600&quot;,&quot;shutter_speed&quot;:&quot;0.016666666666667&quot;,&quot;title&quot;:&quot;&quot;,&quot;orientation&quot;:&quot;0&quot;}\" data-image-title=\"IMG_3008\" data-image-description=\"\" data-image-caption=\"\" data-large-file=\"https:\/\/i0.wp.com\/le-fort.org\/cocina\/wp-content\/uploads\/2018\/03\/IMG_3008.jpg?fit=1200%2C801&amp;ssl=1\" class=\"wp-image-11895 size-medium\" src=\"https:\/\/i0.wp.com\/www.le-fort.org\/wp-content\/uploads\/2018\/03\/IMG_3008-600x400.jpg?resize=600%2C400&#038;ssl=1\" alt=\"Taller de empanadas chilenas en La Troncal\" width=\"600\" height=\"400\" srcset=\"https:\/\/i0.wp.com\/le-fort.org\/cocina\/wp-content\/uploads\/2018\/03\/IMG_3008.jpg?resize=600%2C400&amp;ssl=1 600w, https:\/\/i0.wp.com\/le-fort.org\/cocina\/wp-content\/uploads\/2018\/03\/IMG_3008.jpg?w=1280&amp;ssl=1 1280w\" sizes=\"auto, (max-width: 600px) 100vw, 600px\" \/><figcaption id=\"caption-attachment-11895\" class=\"wp-caption-text\">Ahora, la cebolla<\/figcaption><\/figure>\n<figure id=\"attachment_11896\" aria-describedby=\"caption-attachment-11896\" style=\"width: 600px\" class=\"wp-caption aligncenter\"><img data-recalc-dims=\"1\" loading=\"lazy\" decoding=\"async\" data-attachment-id=\"11896\" data-permalink=\"https:\/\/le-fort.org\/cocina\/empanadas-la-troncal\/img_3011\/\" data-orig-file=\"https:\/\/i0.wp.com\/le-fort.org\/cocina\/wp-content\/uploads\/2018\/03\/IMG_3011.jpg?fit=1280%2C854&amp;ssl=1\" data-orig-size=\"1280,854\" data-comments-opened=\"0\" data-image-meta=\"{&quot;aperture&quot;:&quot;5.6&quot;,&quot;credit&quot;:&quot;Picasa&quot;,&quot;camera&quot;:&quot;Canon EOS REBEL SL1&quot;,&quot;caption&quot;:&quot;&quot;,&quot;created_timestamp&quot;:&quot;1519854218&quot;,&quot;copyright&quot;:&quot;&quot;,&quot;focal_length&quot;:&quot;49&quot;,&quot;iso&quot;:&quot;1600&quot;,&quot;shutter_speed&quot;:&quot;0.016666666666667&quot;,&quot;title&quot;:&quot;&quot;,&quot;orientation&quot;:&quot;0&quot;}\" data-image-title=\"IMG_3011\" data-image-description=\"\" data-image-caption=\"\" data-large-file=\"https:\/\/i0.wp.com\/le-fort.org\/cocina\/wp-content\/uploads\/2018\/03\/IMG_3011.jpg?fit=1200%2C801&amp;ssl=1\" class=\"wp-image-11896 size-medium\" src=\"https:\/\/i0.wp.com\/www.le-fort.org\/wp-content\/uploads\/2018\/03\/IMG_3011-600x400.jpg?resize=600%2C400&#038;ssl=1\" alt=\"Taller de empanadas chilenas en La Troncal\" width=\"600\" height=\"400\" srcset=\"https:\/\/i0.wp.com\/le-fort.org\/cocina\/wp-content\/uploads\/2018\/03\/IMG_3011.jpg?resize=600%2C400&amp;ssl=1 600w, https:\/\/i0.wp.com\/le-fort.org\/cocina\/wp-content\/uploads\/2018\/03\/IMG_3011.jpg?w=1280&amp;ssl=1 1280w\" sizes=\"auto, (max-width: 600px) 100vw, 600px\" \/><figcaption id=\"caption-attachment-11896\" class=\"wp-caption-text\">Armando una empanada de pino<\/figcaption><\/figure>\n<figure id=\"attachment_11897\" aria-describedby=\"caption-attachment-11897\" style=\"width: 755px\" class=\"wp-caption aligncenter\"><img data-recalc-dims=\"1\" loading=\"lazy\" decoding=\"async\" data-attachment-id=\"11897\" data-permalink=\"https:\/\/le-fort.org\/cocina\/empanadas-la-troncal\/img_3013\/\" data-orig-file=\"https:\/\/i0.wp.com\/le-fort.org\/cocina\/wp-content\/uploads\/2018\/03\/IMG_3013.jpg?fit=1280%2C854&amp;ssl=1\" data-orig-size=\"1280,854\" data-comments-opened=\"0\" data-image-meta=\"{&quot;aperture&quot;:&quot;4&quot;,&quot;credit&quot;:&quot;Picasa&quot;,&quot;camera&quot;:&quot;Canon EOS REBEL SL1&quot;,&quot;caption&quot;:&quot;&quot;,&quot;created_timestamp&quot;:&quot;1519858235&quot;,&quot;copyright&quot;:&quot;&quot;,&quot;focal_length&quot;:&quot;27&quot;,&quot;iso&quot;:&quot;1600&quot;,&quot;shutter_speed&quot;:&quot;0.016666666666667&quot;,&quot;title&quot;:&quot;&quot;,&quot;orientation&quot;:&quot;0&quot;}\" data-image-title=\"IMG_3013\" data-image-description=\"\" data-image-caption=\"\" data-large-file=\"https:\/\/i0.wp.com\/le-fort.org\/cocina\/wp-content\/uploads\/2018\/03\/IMG_3013.jpg?fit=1200%2C801&amp;ssl=1\" class=\"wp-image-11897 size-large\" src=\"https:\/\/i0.wp.com\/www.le-fort.org\/wp-content\/uploads\/2018\/03\/IMG_3013-1280x854.jpg?resize=755%2C504&#038;ssl=1\" alt=\"Taller de empanadas chilenas en La Troncal\" width=\"755\" height=\"504\" srcset=\"https:\/\/i0.wp.com\/le-fort.org\/cocina\/wp-content\/uploads\/2018\/03\/IMG_3013.jpg?w=1280&amp;ssl=1 1280w, https:\/\/i0.wp.com\/le-fort.org\/cocina\/wp-content\/uploads\/2018\/03\/IMG_3013.jpg?resize=600%2C400&amp;ssl=1 600w\" sizes=\"auto, (max-width: 755px) 100vw, 755px\" \/><figcaption id=\"caption-attachment-11897\" class=\"wp-caption-text\">Foto final, con s\u00f3lo una empanada sobreviviente.<\/figcaption><\/figure>\n<p>Nos fuimos cansados pero felices, y esperamos volver pronto a seguir trabajando en La Troncal.<\/p>\n<p>\u00a1Nos vemos!<\/p>\n","protected":false},"excerpt":{"rendered":"<p>Dirigimos un taller de empanadas chilenas en La Troncal en las dependencias del hotel Su Majestad. Nos encant\u00f3 el lugar y nos atendieron maravillosamente. Muy recomendable.<\/p>\n","protected":false},"author":1,"featured_media":11899,"comment_status":"closed","ping_status":"closed","sticky":false,"template":"","format":"standard","meta":{"_jetpack_newsletter_access":"","_jetpack_dont_email_post_to_subs":false,"_jetpack_newsletter_tier_id":0,"_jetpack_memberships_contains_paywalled_content":false,"_jetpack_memberships_contains_paid_content":false,"footnotes":""},"categories":[251],"tags":[641,760,46,751,712],"class_list":["post-11890","post","type-post","status-publish","format-standard","has-post-thumbnail","hentry","category-educacion","tag-curso","tag-e001","tag-empanadas","tag-empanadas-chilenas","tag-la-troncal","entry","has-media"],"jetpack_featured_media_url":"https:\/\/i0.wp.com\/le-fort.org\/cocina\/wp-content\/uploads\/2018\/03\/la-troncal-hd.jpg?fit=2100%2C700&ssl=1","jetpack_shortlink":"https:\/\/wp.me\/pghKer-35M","jetpack_sharing_enabled":true,"jetpack-related-posts":[{"id":13680,"url":"https:\/\/le-fort.org\/cocina\/pizza-y-empanadas-en-la-troncal\/","url_meta":{"origin":11890,"position":0},"title":"Pizza y Empanadas en La Troncal","author":"Le-Fort.org","date":"18 de Febrero, 2019","format":false,"excerpt":"Visita a La Troncal (Ca\u00f1ar) a ense\u00f1ar pizza y empanadas chilenas, invitados por el Chef Roberto Calder\u00f3n. Como siempre un placer visitarlos, y ver a nuestras amistades.","rel":"","context":"En &quot;Educaci\u00f3n&quot;","block_context":{"text":"Educaci\u00f3n","link":"https:\/\/le-fort.org\/cocina\/categoria\/educacion\/"},"img":{"alt_text":"","src":"https:\/\/i0.wp.com\/le-fort.org\/cocina\/wp-content\/uploads\/2019\/02\/leute-hd.jpg?fit=1200%2C400&ssl=1&resize=350%2C200","width":350,"height":200,"srcset":"https:\/\/i0.wp.com\/le-fort.org\/cocina\/wp-content\/uploads\/2019\/02\/leute-hd.jpg?fit=1200%2C400&ssl=1&resize=350%2C200 1x, https:\/\/i0.wp.com\/le-fort.org\/cocina\/wp-content\/uploads\/2019\/02\/leute-hd.jpg?fit=1200%2C400&ssl=1&resize=525%2C300 1.5x, https:\/\/i0.wp.com\/le-fort.org\/cocina\/wp-content\/uploads\/2019\/02\/leute-hd.jpg?fit=1200%2C400&ssl=1&resize=700%2C400 2x, https:\/\/i0.wp.com\/le-fort.org\/cocina\/wp-content\/uploads\/2019\/02\/leute-hd.jpg?fit=1200%2C400&ssl=1&resize=1050%2C600 3x"},"classes":[]},{"id":12442,"url":"https:\/\/le-fort.org\/cocina\/taller-de-empanadas-en-dasam\/","url_meta":{"origin":11890,"position":1},"title":"Taller de Empanadas en DASAM","author":"Le-Fort.org","date":"29 de Abril, 2018","format":false,"excerpt":"Las empanadas chilenas causan una reacci\u00f3n fuerte en Cuenca; reacci\u00f3n que compartimos porque nos encantan. Hace un tiempo dimos un taller de empanadas chilenas en DASAM Distribuidora, con tal \u00e9xito que nos pidieron repetirlo. Nosotros felices :) Como siempre, tocamos las empanadas de pino y queso, de horno y fritas.\u2026","rel":"","context":"En &quot;Educaci\u00f3n&quot;","block_context":{"text":"Educaci\u00f3n","link":"https:\/\/le-fort.org\/cocina\/categoria\/educacion\/"},"img":{"alt_text":"","src":"https:\/\/i0.wp.com\/le-fort.org\/cocina\/wp-content\/uploads\/2018\/04\/empanadas-hd.jpg?fit=1200%2C400&ssl=1&resize=350%2C200","width":350,"height":200,"srcset":"https:\/\/i0.wp.com\/le-fort.org\/cocina\/wp-content\/uploads\/2018\/04\/empanadas-hd.jpg?fit=1200%2C400&ssl=1&resize=350%2C200 1x, https:\/\/i0.wp.com\/le-fort.org\/cocina\/wp-content\/uploads\/2018\/04\/empanadas-hd.jpg?fit=1200%2C400&ssl=1&resize=525%2C300 1.5x, https:\/\/i0.wp.com\/le-fort.org\/cocina\/wp-content\/uploads\/2018\/04\/empanadas-hd.jpg?fit=1200%2C400&ssl=1&resize=700%2C400 2x, https:\/\/i0.wp.com\/le-fort.org\/cocina\/wp-content\/uploads\/2018\/04\/empanadas-hd.jpg?fit=1200%2C400&ssl=1&resize=1050%2C600 3x"},"classes":[]},{"id":11561,"url":"https:\/\/le-fort.org\/cocina\/taller-de-empanadas-chilenas-nayon\/","url_meta":{"origin":11890,"position":2},"title":"Taller de Empanadas chilenas en Nay\u00f3n","author":"Le-Fort.org","date":"28 de Enero, 2018","format":false,"excerpt":"Dimos un taller de empanadas chilenas a particulares en Nay\u00f3n. Como chilenos nos encanta tener la posibilidad de difundir el patrimonio culinario de Chile (y de comer empanadas, por supuesto). No conoc\u00edamos Nay\u00f3n, as\u00ed es que el curso nos sirvi\u00f3 para ampliar un poco nuestros horizontes. Nos encant\u00f3 la zona,\u2026","rel":"","context":"En &quot;Educaci\u00f3n&quot;","block_context":{"text":"Educaci\u00f3n","link":"https:\/\/le-fort.org\/cocina\/categoria\/educacion\/"},"img":{"alt_text":"","src":"https:\/\/i0.wp.com\/le-fort.org\/cocina\/wp-content\/uploads\/2018\/01\/empanadas-hd.jpg?fit=1200%2C400&ssl=1&resize=350%2C200","width":350,"height":200,"srcset":"https:\/\/i0.wp.com\/le-fort.org\/cocina\/wp-content\/uploads\/2018\/01\/empanadas-hd.jpg?fit=1200%2C400&ssl=1&resize=350%2C200 1x, https:\/\/i0.wp.com\/le-fort.org\/cocina\/wp-content\/uploads\/2018\/01\/empanadas-hd.jpg?fit=1200%2C400&ssl=1&resize=525%2C300 1.5x, https:\/\/i0.wp.com\/le-fort.org\/cocina\/wp-content\/uploads\/2018\/01\/empanadas-hd.jpg?fit=1200%2C400&ssl=1&resize=700%2C400 2x, https:\/\/i0.wp.com\/le-fort.org\/cocina\/wp-content\/uploads\/2018\/01\/empanadas-hd.jpg?fit=1200%2C400&ssl=1&resize=1050%2C600 3x"},"classes":[]},{"id":13608,"url":"https:\/\/le-fort.org\/cocina\/empanadas-chilenas-en-loja\/","url_meta":{"origin":11890,"position":3},"title":"Empanadas Chilenas en Loja","author":"Le-Fort.org","date":"2 de Febrero, 2019","format":false,"excerpt":"Taller de empanadas Chilenas en Loja","rel":"","context":"En &quot;Educaci\u00f3n&quot;","block_context":{"text":"Educaci\u00f3n","link":"https:\/\/le-fort.org\/cocina\/categoria\/educacion\/"},"img":{"alt_text":"","src":"https:\/\/i0.wp.com\/le-fort.org\/cocina\/wp-content\/uploads\/2019\/02\/empanadas-de-queso-hd.jpg?fit=1200%2C400&ssl=1&resize=350%2C200","width":350,"height":200,"srcset":"https:\/\/i0.wp.com\/le-fort.org\/cocina\/wp-content\/uploads\/2019\/02\/empanadas-de-queso-hd.jpg?fit=1200%2C400&ssl=1&resize=350%2C200 1x, https:\/\/i0.wp.com\/le-fort.org\/cocina\/wp-content\/uploads\/2019\/02\/empanadas-de-queso-hd.jpg?fit=1200%2C400&ssl=1&resize=525%2C300 1.5x, https:\/\/i0.wp.com\/le-fort.org\/cocina\/wp-content\/uploads\/2019\/02\/empanadas-de-queso-hd.jpg?fit=1200%2C400&ssl=1&resize=700%2C400 2x, https:\/\/i0.wp.com\/le-fort.org\/cocina\/wp-content\/uploads\/2019\/02\/empanadas-de-queso-hd.jpg?fit=1200%2C400&ssl=1&resize=1050%2C600 3x"},"classes":[]},{"id":11693,"url":"https:\/\/le-fort.org\/cocina\/bocaditos-empanadas-la-libertad\/","url_meta":{"origin":11890,"position":4},"title":"Bocaditos y Empanadas en La Libertad","author":"Le-Fort.org","date":"23 de Agosto, 2016","format":false,"excerpt":"Tuvimos el agrado de participar en un curso de bocaditos y empanadas dictado en la Escuela de Alta Cocina Arte Chef en La Libertad, organizado por la Prefectura de Santa Elena. El Chef Patricio Iza aport\u00f3 su vasta experiencia en los bocaditos y nosotros, de la mano del conocimiento de\u2026","rel":"","context":"En &quot;Educaci\u00f3n&quot;","block_context":{"text":"Educaci\u00f3n","link":"https:\/\/le-fort.org\/cocina\/categoria\/educacion\/"},"img":{"alt_text":"","src":"https:\/\/i0.wp.com\/le-fort.org\/cocina\/wp-content\/uploads\/2018\/02\/empanadas-bocaditos-hd.jpg?fit=1200%2C400&ssl=1&resize=350%2C200","width":350,"height":200,"srcset":"https:\/\/i0.wp.com\/le-fort.org\/cocina\/wp-content\/uploads\/2018\/02\/empanadas-bocaditos-hd.jpg?fit=1200%2C400&ssl=1&resize=350%2C200 1x, https:\/\/i0.wp.com\/le-fort.org\/cocina\/wp-content\/uploads\/2018\/02\/empanadas-bocaditos-hd.jpg?fit=1200%2C400&ssl=1&resize=525%2C300 1.5x, https:\/\/i0.wp.com\/le-fort.org\/cocina\/wp-content\/uploads\/2018\/02\/empanadas-bocaditos-hd.jpg?fit=1200%2C400&ssl=1&resize=700%2C400 2x, https:\/\/i0.wp.com\/le-fort.org\/cocina\/wp-content\/uploads\/2018\/02\/empanadas-bocaditos-hd.jpg?fit=1200%2C400&ssl=1&resize=1050%2C600 3x"},"classes":[]},{"id":11904,"url":"https:\/\/le-fort.org\/cocina\/empanadas-santa-elena\/","url_meta":{"origin":11890,"position":5},"title":"Empanadas en Santa Elena","author":"Le-Fort.org","date":"1 de Marzo, 2018","format":false,"excerpt":"Dictamos un taller de empanadas chilenas en la Escuela de Alta Cocina Arte Chef\u00a0en Santa Elena. No es la primera vez que ense\u00f1amos empanadas en Santa Elena, y nos encanta. Fue un grupo reducido, lo que nos permiti\u00f3 avanzar r\u00e1pido, y eran viejos conocidos y amigos en su mayor\u00eda. Preparamos\u2026","rel":"","context":"En &quot;Educaci\u00f3n&quot;","block_context":{"text":"Educaci\u00f3n","link":"https:\/\/le-fort.org\/cocina\/categoria\/educacion\/"},"img":{"alt_text":"","src":"https:\/\/i0.wp.com\/le-fort.org\/cocina\/wp-content\/uploads\/2018\/03\/santa-elena-hd.jpg?fit=1200%2C400&ssl=1&resize=350%2C200","width":350,"height":200,"srcset":"https:\/\/i0.wp.com\/le-fort.org\/cocina\/wp-content\/uploads\/2018\/03\/santa-elena-hd.jpg?fit=1200%2C400&ssl=1&resize=350%2C200 1x, https:\/\/i0.wp.com\/le-fort.org\/cocina\/wp-content\/uploads\/2018\/03\/santa-elena-hd.jpg?fit=1200%2C400&ssl=1&resize=525%2C300 1.5x, https:\/\/i0.wp.com\/le-fort.org\/cocina\/wp-content\/uploads\/2018\/03\/santa-elena-hd.jpg?fit=1200%2C400&ssl=1&resize=700%2C400 2x, https:\/\/i0.wp.com\/le-fort.org\/cocina\/wp-content\/uploads\/2018\/03\/santa-elena-hd.jpg?fit=1200%2C400&ssl=1&resize=1050%2C600 3x"},"classes":[]}],"_links":{"self":[{"href":"https:\/\/le-fort.org\/cocina\/wp-json\/wp\/v2\/posts\/11890","targetHints":{"allow":["GET"]}}],"collection":[{"href":"https:\/\/le-fort.org\/cocina\/wp-json\/wp\/v2\/posts"}],"about":[{"href":"https:\/\/le-fort.org\/cocina\/wp-json\/wp\/v2\/types\/post"}],"author":[{"embeddable":true,"href":"https:\/\/le-fort.org\/cocina\/wp-json\/wp\/v2\/users\/1"}],"replies":[{"embeddable":true,"href":"https:\/\/le-fort.org\/cocina\/wp-json\/wp\/v2\/comments?post=11890"}],"version-history":[{"count":0,"href":"https:\/\/le-fort.org\/cocina\/wp-json\/wp\/v2\/posts\/11890\/revisions"}],"wp:featuredmedia":[{"embeddable":true,"href":"https:\/\/le-fort.org\/cocina\/wp-json\/wp\/v2\/media\/11899"}],"wp:attachment":[{"href":"https:\/\/le-fort.org\/cocina\/wp-json\/wp\/v2\/media?parent=11890"}],"wp:term":[{"taxonomy":"category","embeddable":true,"href":"https:\/\/le-fort.org\/cocina\/wp-json\/wp\/v2\/categories?post=11890"},{"taxonomy":"post_tag","embeddable":true,"href":"https:\/\/le-fort.org\/cocina\/wp-json\/wp\/v2\/tags?post=11890"}],"curies":[{"name":"wp","href":"https:\/\/api.w.org\/{rel}","templated":true}]}}