{"id":11904,"date":"2018-03-01T23:57:01","date_gmt":"2018-03-02T04:57:01","guid":{"rendered":"https:\/\/www.le-fort.org\/?p=11904"},"modified":"2022-01-05T10:06:31","modified_gmt":"2022-01-05T15:06:31","slug":"empanadas-santa-elena","status":"publish","type":"post","link":"https:\/\/le-fort.org\/cocina\/empanadas-santa-elena\/","title":{"rendered":"Empanadas en Santa Elena"},"content":{"rendered":"<p>Dictamos un <a href=\"https:\/\/www.le-fort.org\/cursos\/empanadas-chilenas\/\">taller de empanadas chilenas<\/a> en la Escuela de Alta Cocina Arte Chef\u00a0en Santa Elena. <a href=\"https:\/\/www.le-fort.org\/bocaditos-empanadas-la-libertad\/\">No es la primera vez que ense\u00f1amos empanadas en Santa Elena<\/a>, y nos encanta.<!--more--><\/p>\n<figure id=\"attachment_11906\" aria-describedby=\"caption-attachment-11906\" style=\"width: 755px\" class=\"wp-caption aligncenter\"><img data-recalc-dims=\"1\" loading=\"lazy\" decoding=\"async\" data-attachment-id=\"11906\" data-permalink=\"https:\/\/le-fort.org\/cocina\/empanadas-santa-elena\/img_3078\/\" data-orig-file=\"https:\/\/i0.wp.com\/le-fort.org\/cocina\/wp-content\/uploads\/2018\/03\/IMG_3078.jpg?fit=1280%2C854&amp;ssl=1\" data-orig-size=\"1280,854\" data-comments-opened=\"0\" data-image-meta=\"{&quot;aperture&quot;:&quot;4.5&quot;,&quot;credit&quot;:&quot;Picasa&quot;,&quot;camera&quot;:&quot;Canon EOS REBEL SL1&quot;,&quot;caption&quot;:&quot;&quot;,&quot;created_timestamp&quot;:&quot;1519941764&quot;,&quot;copyright&quot;:&quot;&quot;,&quot;focal_length&quot;:&quot;35&quot;,&quot;iso&quot;:&quot;1600&quot;,&quot;shutter_speed&quot;:&quot;0.025&quot;,&quot;title&quot;:&quot;&quot;,&quot;orientation&quot;:&quot;0&quot;}\" data-image-title=\"IMG_3078\" data-image-description=\"\" data-image-caption=\"&lt;p&gt;Las de pino (de horno)&lt;\/p&gt;\n\" data-large-file=\"https:\/\/i0.wp.com\/le-fort.org\/cocina\/wp-content\/uploads\/2018\/03\/IMG_3078.jpg?fit=1200%2C801&amp;ssl=1\" class=\"size-large wp-image-11906\" src=\"https:\/\/i0.wp.com\/www.le-fort.org\/wp-content\/uploads\/2018\/03\/IMG_3078-1280x854.jpg?resize=755%2C504&#038;ssl=1\" alt=\"Empanadas en Santa Elena\" width=\"755\" height=\"504\" srcset=\"https:\/\/i0.wp.com\/le-fort.org\/cocina\/wp-content\/uploads\/2018\/03\/IMG_3078.jpg?w=1280&amp;ssl=1 1280w, https:\/\/i0.wp.com\/le-fort.org\/cocina\/wp-content\/uploads\/2018\/03\/IMG_3078.jpg?resize=600%2C400&amp;ssl=1 600w\" sizes=\"auto, (max-width: 755px) 100vw, 755px\" \/><figcaption id=\"caption-attachment-11906\" class=\"wp-caption-text\">Las de pino (de horno)<\/figcaption><\/figure>\n<p>Fue un grupo reducido, lo que nos permiti\u00f3 avanzar r\u00e1pido, y eran viejos conocidos y amigos en su mayor\u00eda. Preparamos r\u00e1pidamente las masas, los rellenos, y trabajamos con calma revisando y experimentando rellenos, pliegues, repulgues y formas. Lo pasamos muy bien y nos entretuvimos mucho.<\/p>\n<p>Tambi\u00e9n comimos bien. Empanadas, por supuesto.<\/p>\n<p>Aqu\u00ed algunas fotos del taller.<\/p>\n<div class=\"tiled-gallery type-rectangular tiled-gallery-unresized\" data-original-width=\"1200\" data-carousel-extra='{&quot;blog_id&quot;:1,&quot;permalink&quot;:&quot;https:\\\/\\\/le-fort.org\\\/cocina\\\/empanadas-santa-elena\\\/&quot;,&quot;likes_blog_id&quot;:240650671}' itemscope itemtype=\"http:\/\/schema.org\/ImageGallery\" > <div class=\"gallery-row\" style=\"width: 1200px; height: 536px;\" data-original-width=\"1200\" data-original-height=\"536\" > <div class=\"gallery-group images-1\" style=\"width: 801px; height: 536px;\" data-original-width=\"801\" data-original-height=\"536\" > <div class=\"tiled-gallery-item tiled-gallery-item-large\" itemprop=\"associatedMedia\" itemscope itemtype=\"http:\/\/schema.org\/ImageObject\"> <a href=\"https:\/\/le-fort.org\/cocina\/empanadas-santa-elena\/img_3026\/\" border=\"0\" itemprop=\"url\"> <meta itemprop=\"width\" content=\"797\"> <meta itemprop=\"height\" content=\"532\"> <img decoding=\"async\" class=\"\" data-attachment-id=\"11909\" data-orig-file=\"https:\/\/le-fort.org\/cocina\/wp-content\/uploads\/2018\/03\/IMG_3026.jpg\" data-orig-size=\"1280,854\" data-comments-opened=\"\" data-image-meta=\"{&quot;aperture&quot;:&quot;5.6&quot;,&quot;credit&quot;:&quot;Picasa&quot;,&quot;camera&quot;:&quot;Canon EOS REBEL SL1&quot;,&quot;caption&quot;:&quot;&quot;,&quot;created_timestamp&quot;:&quot;1519932673&quot;,&quot;copyright&quot;:&quot;&quot;,&quot;focal_length&quot;:&quot;55&quot;,&quot;iso&quot;:&quot;1600&quot;,&quot;shutter_speed&quot;:&quot;0.033333333333333&quot;,&quot;title&quot;:&quot;&quot;,&quot;orientation&quot;:&quot;0&quot;}\" data-image-title=\"IMG_3026\" data-image-description=\"\" data-medium-file=\"https:\/\/i0.wp.com\/le-fort.org\/cocina\/wp-content\/uploads\/2018\/03\/IMG_3026.jpg?fit=600%2C400&#038;ssl=1\" data-large-file=\"https:\/\/i0.wp.com\/le-fort.org\/cocina\/wp-content\/uploads\/2018\/03\/IMG_3026.jpg?fit=1200%2C801&#038;ssl=1\" src=\"https:\/\/i0.wp.com\/le-fort.org\/cocina\/wp-content\/uploads\/2018\/03\/IMG_3026.jpg?w=797&#038;h=532&#038;ssl=1\" srcset=\"https:\/\/i0.wp.com\/le-fort.org\/cocina\/wp-content\/uploads\/2018\/03\/IMG_3026.jpg?w=1280&amp;ssl=1 1280w, https:\/\/i0.wp.com\/le-fort.org\/cocina\/wp-content\/uploads\/2018\/03\/IMG_3026.jpg?resize=600%2C400&amp;ssl=1 600w\" width=\"797\" height=\"532\" loading=\"lazy\" data-original-width=\"797\" data-original-height=\"532\" itemprop=\"http:\/\/schema.org\/image\" title=\"IMG_3026\" alt=\"IMG_3026\" style=\"width: 797px; height: 532px;\" \/> <\/a> <\/div> <\/div> <!-- close group --> <div class=\"gallery-group images-2\" style=\"width: 399px; height: 536px;\" data-original-width=\"399\" data-original-height=\"536\" > <div class=\"tiled-gallery-item tiled-gallery-item-large\" itemprop=\"associatedMedia\" itemscope itemtype=\"http:\/\/schema.org\/ImageObject\"> <a href=\"https:\/\/le-fort.org\/cocina\/empanadas-santa-elena\/img_3059\/\" border=\"0\" itemprop=\"url\"> <meta itemprop=\"width\" content=\"395\"> <meta itemprop=\"height\" content=\"264\"> <img decoding=\"async\" class=\"\" data-attachment-id=\"11917\" data-orig-file=\"https:\/\/le-fort.org\/cocina\/wp-content\/uploads\/2018\/03\/IMG_3059.jpg\" data-orig-size=\"1280,854\" data-comments-opened=\"\" data-image-meta=\"{&quot;aperture&quot;:&quot;5.6&quot;,&quot;credit&quot;:&quot;Picasa&quot;,&quot;camera&quot;:&quot;Canon EOS REBEL SL1&quot;,&quot;caption&quot;:&quot;&quot;,&quot;created_timestamp&quot;:&quot;1519938532&quot;,&quot;copyright&quot;:&quot;&quot;,&quot;focal_length&quot;:&quot;55&quot;,&quot;iso&quot;:&quot;1600&quot;,&quot;shutter_speed&quot;:&quot;0.05&quot;,&quot;title&quot;:&quot;&quot;,&quot;orientation&quot;:&quot;0&quot;}\" data-image-title=\"IMG_3059\" data-image-description=\"\" data-medium-file=\"https:\/\/i0.wp.com\/le-fort.org\/cocina\/wp-content\/uploads\/2018\/03\/IMG_3059.jpg?fit=600%2C400&#038;ssl=1\" data-large-file=\"https:\/\/i0.wp.com\/le-fort.org\/cocina\/wp-content\/uploads\/2018\/03\/IMG_3059.jpg?fit=1200%2C801&#038;ssl=1\" src=\"https:\/\/i0.wp.com\/le-fort.org\/cocina\/wp-content\/uploads\/2018\/03\/IMG_3059.jpg?w=395&#038;h=264&#038;ssl=1\" srcset=\"https:\/\/i0.wp.com\/le-fort.org\/cocina\/wp-content\/uploads\/2018\/03\/IMG_3059.jpg?w=1280&amp;ssl=1 1280w, https:\/\/i0.wp.com\/le-fort.org\/cocina\/wp-content\/uploads\/2018\/03\/IMG_3059.jpg?resize=600%2C400&amp;ssl=1 600w\" width=\"395\" height=\"264\" loading=\"lazy\" data-original-width=\"395\" data-original-height=\"264\" itemprop=\"http:\/\/schema.org\/image\" title=\"IMG_3059\" alt=\"IMG_3059\" style=\"width: 395px; height: 264px;\" \/> <\/a> <\/div> <div class=\"tiled-gallery-item tiled-gallery-item-large\" itemprop=\"associatedMedia\" itemscope itemtype=\"http:\/\/schema.org\/ImageObject\"> <a href=\"https:\/\/le-fort.org\/cocina\/empanadas-santa-elena\/img_3040\/\" border=\"0\" itemprop=\"url\"> <meta itemprop=\"width\" content=\"395\"> <meta itemprop=\"height\" content=\"264\"> <img decoding=\"async\" class=\"\" data-attachment-id=\"11913\" data-orig-file=\"https:\/\/le-fort.org\/cocina\/wp-content\/uploads\/2018\/03\/IMG_3040.jpg\" data-orig-size=\"1280,854\" data-comments-opened=\"\" data-image-meta=\"{&quot;aperture&quot;:&quot;5.6&quot;,&quot;credit&quot;:&quot;Picasa&quot;,&quot;camera&quot;:&quot;Canon EOS REBEL SL1&quot;,&quot;caption&quot;:&quot;&quot;,&quot;created_timestamp&quot;:&quot;1519936116&quot;,&quot;copyright&quot;:&quot;&quot;,&quot;focal_length&quot;:&quot;55&quot;,&quot;iso&quot;:&quot;1600&quot;,&quot;shutter_speed&quot;:&quot;0.05&quot;,&quot;title&quot;:&quot;&quot;,&quot;orientation&quot;:&quot;0&quot;}\" data-image-title=\"IMG_3040\" data-image-description=\"\" data-medium-file=\"https:\/\/i0.wp.com\/le-fort.org\/cocina\/wp-content\/uploads\/2018\/03\/IMG_3040.jpg?fit=600%2C400&#038;ssl=1\" data-large-file=\"https:\/\/i0.wp.com\/le-fort.org\/cocina\/wp-content\/uploads\/2018\/03\/IMG_3040.jpg?fit=1200%2C801&#038;ssl=1\" src=\"https:\/\/i0.wp.com\/le-fort.org\/cocina\/wp-content\/uploads\/2018\/03\/IMG_3040.jpg?w=395&#038;h=264&#038;ssl=1\" srcset=\"https:\/\/i0.wp.com\/le-fort.org\/cocina\/wp-content\/uploads\/2018\/03\/IMG_3040.jpg?w=1280&amp;ssl=1 1280w, https:\/\/i0.wp.com\/le-fort.org\/cocina\/wp-content\/uploads\/2018\/03\/IMG_3040.jpg?resize=600%2C400&amp;ssl=1 600w\" width=\"395\" height=\"264\" loading=\"lazy\" data-original-width=\"395\" data-original-height=\"264\" itemprop=\"http:\/\/schema.org\/image\" title=\"IMG_3040\" alt=\"Armando la empanada\" style=\"width: 395px; height: 264px;\" \/> <\/a> <div class=\"tiled-gallery-caption\" itemprop=\"caption description\"> Armando la empanada <\/div> <\/div> <\/div> <!-- close group --> <\/div> <!-- close row --> <div class=\"gallery-row\" style=\"width: 1200px; height: 268px;\" data-original-width=\"1200\" data-original-height=\"268\" > <div class=\"gallery-group images-1\" style=\"width: 400px; height: 268px;\" data-original-width=\"400\" data-original-height=\"268\" > <div class=\"tiled-gallery-item tiled-gallery-item-large\" itemprop=\"associatedMedia\" itemscope itemtype=\"http:\/\/schema.org\/ImageObject\"> <a href=\"https:\/\/le-fort.org\/cocina\/empanadas-santa-elena\/img_3049\/\" border=\"0\" itemprop=\"url\"> <meta itemprop=\"width\" content=\"396\"> <meta itemprop=\"height\" content=\"264\"> <img decoding=\"async\" class=\"\" data-attachment-id=\"11915\" data-orig-file=\"https:\/\/le-fort.org\/cocina\/wp-content\/uploads\/2018\/03\/IMG_3049.jpg\" data-orig-size=\"1280,854\" data-comments-opened=\"\" data-image-meta=\"{&quot;aperture&quot;:&quot;5&quot;,&quot;credit&quot;:&quot;Picasa&quot;,&quot;camera&quot;:&quot;Canon EOS REBEL SL1&quot;,&quot;caption&quot;:&quot;&quot;,&quot;created_timestamp&quot;:&quot;1519937513&quot;,&quot;copyright&quot;:&quot;&quot;,&quot;focal_length&quot;:&quot;39&quot;,&quot;iso&quot;:&quot;1600&quot;,&quot;shutter_speed&quot;:&quot;0.033333333333333&quot;,&quot;title&quot;:&quot;&quot;,&quot;orientation&quot;:&quot;0&quot;}\" data-image-title=\"IMG_3049\" data-image-description=\"\" data-medium-file=\"https:\/\/i0.wp.com\/le-fort.org\/cocina\/wp-content\/uploads\/2018\/03\/IMG_3049.jpg?fit=600%2C400&#038;ssl=1\" data-large-file=\"https:\/\/i0.wp.com\/le-fort.org\/cocina\/wp-content\/uploads\/2018\/03\/IMG_3049.jpg?fit=1200%2C801&#038;ssl=1\" src=\"https:\/\/i0.wp.com\/le-fort.org\/cocina\/wp-content\/uploads\/2018\/03\/IMG_3049.jpg?w=396&#038;h=264&#038;ssl=1\" srcset=\"https:\/\/i0.wp.com\/le-fort.org\/cocina\/wp-content\/uploads\/2018\/03\/IMG_3049.jpg?w=1280&amp;ssl=1 1280w, https:\/\/i0.wp.com\/le-fort.org\/cocina\/wp-content\/uploads\/2018\/03\/IMG_3049.jpg?resize=600%2C400&amp;ssl=1 600w\" width=\"396\" height=\"264\" loading=\"lazy\" data-original-width=\"396\" data-original-height=\"264\" itemprop=\"http:\/\/schema.org\/image\" title=\"IMG_3049\" alt=\"IMG_3049\" style=\"width: 396px; height: 264px;\" \/> <\/a> <\/div> <\/div> <!-- close group --> <div class=\"gallery-group images-1\" style=\"width: 400px; height: 268px;\" data-original-width=\"400\" data-original-height=\"268\" > <div class=\"tiled-gallery-item tiled-gallery-item-large\" itemprop=\"associatedMedia\" itemscope itemtype=\"http:\/\/schema.org\/ImageObject\"> <a href=\"https:\/\/le-fort.org\/cocina\/empanadas-santa-elena\/img_3036\/\" border=\"0\" itemprop=\"url\"> <meta itemprop=\"width\" content=\"396\"> <meta itemprop=\"height\" content=\"264\"> <img decoding=\"async\" class=\"\" data-attachment-id=\"11912\" data-orig-file=\"https:\/\/le-fort.org\/cocina\/wp-content\/uploads\/2018\/03\/IMG_3036.jpg\" data-orig-size=\"1280,854\" data-comments-opened=\"\" data-image-meta=\"{&quot;aperture&quot;:&quot;4&quot;,&quot;credit&quot;:&quot;Picasa&quot;,&quot;camera&quot;:&quot;Canon EOS REBEL SL1&quot;,&quot;caption&quot;:&quot;&quot;,&quot;created_timestamp&quot;:&quot;1519935306&quot;,&quot;copyright&quot;:&quot;&quot;,&quot;focal_length&quot;:&quot;31&quot;,&quot;iso&quot;:&quot;640&quot;,&quot;shutter_speed&quot;:&quot;0.025&quot;,&quot;title&quot;:&quot;&quot;,&quot;orientation&quot;:&quot;0&quot;}\" data-image-title=\"IMG_3036\" data-image-description=\"\" data-medium-file=\"https:\/\/i0.wp.com\/le-fort.org\/cocina\/wp-content\/uploads\/2018\/03\/IMG_3036.jpg?fit=600%2C400&#038;ssl=1\" data-large-file=\"https:\/\/i0.wp.com\/le-fort.org\/cocina\/wp-content\/uploads\/2018\/03\/IMG_3036.jpg?fit=1200%2C801&#038;ssl=1\" src=\"https:\/\/i0.wp.com\/le-fort.org\/cocina\/wp-content\/uploads\/2018\/03\/IMG_3036.jpg?w=396&#038;h=264&#038;ssl=1\" srcset=\"https:\/\/i0.wp.com\/le-fort.org\/cocina\/wp-content\/uploads\/2018\/03\/IMG_3036.jpg?w=1280&amp;ssl=1 1280w, https:\/\/i0.wp.com\/le-fort.org\/cocina\/wp-content\/uploads\/2018\/03\/IMG_3036.jpg?resize=600%2C400&amp;ssl=1 600w\" width=\"396\" height=\"264\" loading=\"lazy\" data-original-width=\"396\" data-original-height=\"264\" itemprop=\"http:\/\/schema.org\/image\" title=\"IMG_3036\" alt=\"IMG_3036\" style=\"width: 396px; height: 264px;\" \/> <\/a> <\/div> <\/div> <!-- close group --> <div class=\"gallery-group images-1\" style=\"width: 400px; height: 268px;\" data-original-width=\"400\" data-original-height=\"268\" > <div class=\"tiled-gallery-item tiled-gallery-item-large\" itemprop=\"associatedMedia\" itemscope itemtype=\"http:\/\/schema.org\/ImageObject\"> <a href=\"https:\/\/le-fort.org\/cocina\/empanadas-santa-elena\/img_3090\/\" border=\"0\" itemprop=\"url\"> <meta itemprop=\"width\" content=\"396\"> <meta itemprop=\"height\" content=\"264\"> <img decoding=\"async\" class=\"\" data-attachment-id=\"11922\" data-orig-file=\"https:\/\/le-fort.org\/cocina\/wp-content\/uploads\/2018\/03\/IMG_3090.jpg\" data-orig-size=\"1280,854\" data-comments-opened=\"\" data-image-meta=\"{&quot;aperture&quot;:&quot;3.5&quot;,&quot;credit&quot;:&quot;Picasa&quot;,&quot;camera&quot;:&quot;Canon EOS REBEL SL1&quot;,&quot;caption&quot;:&quot;&quot;,&quot;created_timestamp&quot;:&quot;1519942119&quot;,&quot;copyright&quot;:&quot;&quot;,&quot;focal_length&quot;:&quot;21&quot;,&quot;iso&quot;:&quot;640&quot;,&quot;shutter_speed&quot;:&quot;0.025&quot;,&quot;title&quot;:&quot;&quot;,&quot;orientation&quot;:&quot;0&quot;}\" data-image-title=\"IMG_3090\" data-image-description=\"\" data-medium-file=\"https:\/\/i0.wp.com\/le-fort.org\/cocina\/wp-content\/uploads\/2018\/03\/IMG_3090.jpg?fit=600%2C400&#038;ssl=1\" data-large-file=\"https:\/\/i0.wp.com\/le-fort.org\/cocina\/wp-content\/uploads\/2018\/03\/IMG_3090.jpg?fit=1200%2C801&#038;ssl=1\" src=\"https:\/\/i0.wp.com\/le-fort.org\/cocina\/wp-content\/uploads\/2018\/03\/IMG_3090.jpg?w=396&#038;h=264&#038;ssl=1\" srcset=\"https:\/\/i0.wp.com\/le-fort.org\/cocina\/wp-content\/uploads\/2018\/03\/IMG_3090.jpg?w=1280&amp;ssl=1 1280w, https:\/\/i0.wp.com\/le-fort.org\/cocina\/wp-content\/uploads\/2018\/03\/IMG_3090.jpg?resize=600%2C400&amp;ssl=1 600w\" width=\"396\" height=\"264\" loading=\"lazy\" data-original-width=\"396\" data-original-height=\"264\" itemprop=\"http:\/\/schema.org\/image\" title=\"IMG_3090\" alt=\"IMG_3090\" style=\"width: 396px; height: 264px;\" \/> <\/a> <\/div> <\/div> <!-- close group --> <\/div> <!-- close row --> <div class=\"gallery-row\" style=\"width: 1200px; height: 536px;\" data-original-width=\"1200\" data-original-height=\"536\" > <div class=\"gallery-group images-2\" style=\"width: 399px; height: 536px;\" data-original-width=\"399\" data-original-height=\"536\" > <div class=\"tiled-gallery-item tiled-gallery-item-large\" itemprop=\"associatedMedia\" itemscope itemtype=\"http:\/\/schema.org\/ImageObject\"> <a href=\"https:\/\/le-fort.org\/cocina\/empanadas-santa-elena\/img_3087\/\" border=\"0\" itemprop=\"url\"> <meta itemprop=\"width\" content=\"395\"> <meta itemprop=\"height\" content=\"264\"> <img decoding=\"async\" class=\"\" data-attachment-id=\"11921\" data-orig-file=\"https:\/\/le-fort.org\/cocina\/wp-content\/uploads\/2018\/03\/IMG_3087.jpg\" data-orig-size=\"1280,854\" data-comments-opened=\"\" data-image-meta=\"{&quot;aperture&quot;:&quot;3.5&quot;,&quot;credit&quot;:&quot;Picasa&quot;,&quot;camera&quot;:&quot;Canon EOS REBEL SL1&quot;,&quot;caption&quot;:&quot;&quot;,&quot;created_timestamp&quot;:&quot;1519942096&quot;,&quot;copyright&quot;:&quot;&quot;,&quot;focal_length&quot;:&quot;18&quot;,&quot;iso&quot;:&quot;640&quot;,&quot;shutter_speed&quot;:&quot;0.033333333333333&quot;,&quot;title&quot;:&quot;&quot;,&quot;orientation&quot;:&quot;0&quot;}\" data-image-title=\"IMG_3087\" data-image-description=\"\" data-medium-file=\"https:\/\/i0.wp.com\/le-fort.org\/cocina\/wp-content\/uploads\/2018\/03\/IMG_3087.jpg?fit=600%2C400&#038;ssl=1\" data-large-file=\"https:\/\/i0.wp.com\/le-fort.org\/cocina\/wp-content\/uploads\/2018\/03\/IMG_3087.jpg?fit=1200%2C801&#038;ssl=1\" src=\"https:\/\/i0.wp.com\/le-fort.org\/cocina\/wp-content\/uploads\/2018\/03\/IMG_3087.jpg?w=395&#038;h=264&#038;ssl=1\" srcset=\"https:\/\/i0.wp.com\/le-fort.org\/cocina\/wp-content\/uploads\/2018\/03\/IMG_3087.jpg?w=1280&amp;ssl=1 1280w, https:\/\/i0.wp.com\/le-fort.org\/cocina\/wp-content\/uploads\/2018\/03\/IMG_3087.jpg?resize=600%2C400&amp;ssl=1 600w\" width=\"395\" height=\"264\" loading=\"lazy\" data-original-width=\"395\" data-original-height=\"264\" itemprop=\"http:\/\/schema.org\/image\" title=\"IMG_3087\" alt=\"IMG_3087\" style=\"width: 395px; height: 264px;\" \/> <\/a> <\/div> <div class=\"tiled-gallery-item tiled-gallery-item-large\" itemprop=\"associatedMedia\" itemscope itemtype=\"http:\/\/schema.org\/ImageObject\"> <a href=\"https:\/\/le-fort.org\/cocina\/empanadas-santa-elena\/img_3093\/\" border=\"0\" itemprop=\"url\"> <meta itemprop=\"width\" content=\"395\"> <meta itemprop=\"height\" content=\"264\"> <img decoding=\"async\" class=\"\" data-attachment-id=\"11923\" data-orig-file=\"https:\/\/le-fort.org\/cocina\/wp-content\/uploads\/2018\/03\/IMG_3093.jpg\" data-orig-size=\"1280,854\" data-comments-opened=\"\" data-image-meta=\"{&quot;aperture&quot;:&quot;3.5&quot;,&quot;credit&quot;:&quot;Picasa&quot;,&quot;camera&quot;:&quot;Canon EOS REBEL SL1&quot;,&quot;caption&quot;:&quot;&quot;,&quot;created_timestamp&quot;:&quot;1519942125&quot;,&quot;copyright&quot;:&quot;&quot;,&quot;focal_length&quot;:&quot;21&quot;,&quot;iso&quot;:&quot;640&quot;,&quot;shutter_speed&quot;:&quot;0.025&quot;,&quot;title&quot;:&quot;&quot;,&quot;orientation&quot;:&quot;0&quot;}\" data-image-title=\"IMG_3093\" data-image-description=\"\" data-medium-file=\"https:\/\/i0.wp.com\/le-fort.org\/cocina\/wp-content\/uploads\/2018\/03\/IMG_3093.jpg?fit=600%2C400&#038;ssl=1\" data-large-file=\"https:\/\/i0.wp.com\/le-fort.org\/cocina\/wp-content\/uploads\/2018\/03\/IMG_3093.jpg?fit=1200%2C801&#038;ssl=1\" src=\"https:\/\/i0.wp.com\/le-fort.org\/cocina\/wp-content\/uploads\/2018\/03\/IMG_3093.jpg?w=395&#038;h=264&#038;ssl=1\" srcset=\"https:\/\/i0.wp.com\/le-fort.org\/cocina\/wp-content\/uploads\/2018\/03\/IMG_3093.jpg?w=1280&amp;ssl=1 1280w, https:\/\/i0.wp.com\/le-fort.org\/cocina\/wp-content\/uploads\/2018\/03\/IMG_3093.jpg?resize=600%2C400&amp;ssl=1 600w\" width=\"395\" height=\"264\" loading=\"lazy\" data-original-width=\"395\" data-original-height=\"264\" itemprop=\"http:\/\/schema.org\/image\" title=\"IMG_3093\" alt=\"IMG_3093\" style=\"width: 395px; height: 264px;\" \/> <\/a> <\/div> <\/div> <!-- close group --> <div class=\"gallery-group images-1\" style=\"width: 801px; height: 536px;\" data-original-width=\"801\" data-original-height=\"536\" > <div class=\"tiled-gallery-item tiled-gallery-item-large\" itemprop=\"associatedMedia\" itemscope itemtype=\"http:\/\/schema.org\/ImageObject\"> <a href=\"https:\/\/le-fort.org\/cocina\/empanadas-santa-elena\/img_3064\/\" border=\"0\" itemprop=\"url\"> <meta itemprop=\"width\" content=\"797\"> <meta itemprop=\"height\" content=\"532\"> <img decoding=\"async\" class=\"\" data-attachment-id=\"11918\" data-orig-file=\"https:\/\/le-fort.org\/cocina\/wp-content\/uploads\/2018\/03\/IMG_3064.jpg\" data-orig-size=\"1280,854\" data-comments-opened=\"\" data-image-meta=\"{&quot;aperture&quot;:&quot;5.6&quot;,&quot;credit&quot;:&quot;Picasa&quot;,&quot;camera&quot;:&quot;Canon EOS REBEL SL1&quot;,&quot;caption&quot;:&quot;&quot;,&quot;created_timestamp&quot;:&quot;1519939285&quot;,&quot;copyright&quot;:&quot;&quot;,&quot;focal_length&quot;:&quot;55&quot;,&quot;iso&quot;:&quot;1600&quot;,&quot;shutter_speed&quot;:&quot;0.016666666666667&quot;,&quot;title&quot;:&quot;&quot;,&quot;orientation&quot;:&quot;0&quot;}\" data-image-title=\"IMG_3064\" data-image-description=\"\" data-medium-file=\"https:\/\/i0.wp.com\/le-fort.org\/cocina\/wp-content\/uploads\/2018\/03\/IMG_3064.jpg?fit=600%2C400&#038;ssl=1\" data-large-file=\"https:\/\/i0.wp.com\/le-fort.org\/cocina\/wp-content\/uploads\/2018\/03\/IMG_3064.jpg?fit=1200%2C801&#038;ssl=1\" src=\"https:\/\/i0.wp.com\/le-fort.org\/cocina\/wp-content\/uploads\/2018\/03\/IMG_3064.jpg?w=797&#038;h=532&#038;ssl=1\" srcset=\"https:\/\/i0.wp.com\/le-fort.org\/cocina\/wp-content\/uploads\/2018\/03\/IMG_3064.jpg?w=1280&amp;ssl=1 1280w, https:\/\/i0.wp.com\/le-fort.org\/cocina\/wp-content\/uploads\/2018\/03\/IMG_3064.jpg?resize=600%2C400&amp;ssl=1 600w\" width=\"797\" height=\"532\" loading=\"lazy\" data-original-width=\"797\" data-original-height=\"532\" itemprop=\"http:\/\/schema.org\/image\" title=\"IMG_3064\" alt=\"IMG_3064\" style=\"width: 797px; height: 532px;\" \/> <\/a> <\/div> <\/div> <!-- close group --> <\/div> <!-- close row --> <div class=\"gallery-row\" style=\"width: 1200px; height: 402px;\" data-original-width=\"1200\" data-original-height=\"402\" > <div class=\"gallery-group images-1\" style=\"width: 600px; height: 402px;\" data-original-width=\"600\" data-original-height=\"402\" > <div class=\"tiled-gallery-item tiled-gallery-item-large\" itemprop=\"associatedMedia\" itemscope itemtype=\"http:\/\/schema.org\/ImageObject\"> <a href=\"https:\/\/le-fort.org\/cocina\/empanadas-santa-elena\/img_3020\/\" border=\"0\" itemprop=\"url\"> <meta itemprop=\"width\" content=\"596\"> <meta itemprop=\"height\" content=\"398\"> <img decoding=\"async\" class=\"\" data-attachment-id=\"11907\" data-orig-file=\"https:\/\/le-fort.org\/cocina\/wp-content\/uploads\/2018\/03\/IMG_3020.jpg\" data-orig-size=\"1280,854\" data-comments-opened=\"\" data-image-meta=\"{&quot;aperture&quot;:&quot;3.5&quot;,&quot;credit&quot;:&quot;Picasa&quot;,&quot;camera&quot;:&quot;Canon EOS REBEL SL1&quot;,&quot;caption&quot;:&quot;&quot;,&quot;created_timestamp&quot;:&quot;1519931936&quot;,&quot;copyright&quot;:&quot;&quot;,&quot;focal_length&quot;:&quot;18&quot;,&quot;iso&quot;:&quot;250&quot;,&quot;shutter_speed&quot;:&quot;0.033333333333333&quot;,&quot;title&quot;:&quot;&quot;,&quot;orientation&quot;:&quot;0&quot;}\" data-image-title=\"IMG_3020\" data-image-description=\"\" data-medium-file=\"https:\/\/i0.wp.com\/le-fort.org\/cocina\/wp-content\/uploads\/2018\/03\/IMG_3020.jpg?fit=600%2C400&#038;ssl=1\" data-large-file=\"https:\/\/i0.wp.com\/le-fort.org\/cocina\/wp-content\/uploads\/2018\/03\/IMG_3020.jpg?fit=1200%2C801&#038;ssl=1\" src=\"https:\/\/i0.wp.com\/le-fort.org\/cocina\/wp-content\/uploads\/2018\/03\/IMG_3020.jpg?w=596&#038;h=398&#038;ssl=1\" srcset=\"https:\/\/i0.wp.com\/le-fort.org\/cocina\/wp-content\/uploads\/2018\/03\/IMG_3020.jpg?w=1280&amp;ssl=1 1280w, https:\/\/i0.wp.com\/le-fort.org\/cocina\/wp-content\/uploads\/2018\/03\/IMG_3020.jpg?resize=600%2C400&amp;ssl=1 600w\" width=\"596\" height=\"398\" loading=\"lazy\" data-original-width=\"596\" data-original-height=\"398\" itemprop=\"http:\/\/schema.org\/image\" title=\"IMG_3020\" alt=\"IMG_3020\" style=\"width: 596px; height: 398px;\" \/> <\/a> <\/div> <\/div> <!-- close group --> <div class=\"gallery-group images-1\" style=\"width: 600px; height: 402px;\" data-original-width=\"600\" data-original-height=\"402\" > <div class=\"tiled-gallery-item tiled-gallery-item-large\" itemprop=\"associatedMedia\" itemscope itemtype=\"http:\/\/schema.org\/ImageObject\"> <a href=\"https:\/\/le-fort.org\/cocina\/empanadas-santa-elena\/img_3023\/\" border=\"0\" itemprop=\"url\"> <meta itemprop=\"width\" content=\"596\"> <meta itemprop=\"height\" content=\"398\"> <img decoding=\"async\" class=\"\" data-attachment-id=\"11908\" data-orig-file=\"https:\/\/le-fort.org\/cocina\/wp-content\/uploads\/2018\/03\/IMG_3023.jpg\" data-orig-size=\"1280,854\" data-comments-opened=\"\" data-image-meta=\"{&quot;aperture&quot;:&quot;3.5&quot;,&quot;credit&quot;:&quot;Picasa&quot;,&quot;camera&quot;:&quot;Canon EOS REBEL SL1&quot;,&quot;caption&quot;:&quot;&quot;,&quot;created_timestamp&quot;:&quot;1519932343&quot;,&quot;copyright&quot;:&quot;&quot;,&quot;focal_length&quot;:&quot;18&quot;,&quot;iso&quot;:&quot;400&quot;,&quot;shutter_speed&quot;:&quot;0.033333333333333&quot;,&quot;title&quot;:&quot;&quot;,&quot;orientation&quot;:&quot;0&quot;}\" data-image-title=\"IMG_3023\" data-image-description=\"\" data-medium-file=\"https:\/\/i0.wp.com\/le-fort.org\/cocina\/wp-content\/uploads\/2018\/03\/IMG_3023.jpg?fit=600%2C400&#038;ssl=1\" data-large-file=\"https:\/\/i0.wp.com\/le-fort.org\/cocina\/wp-content\/uploads\/2018\/03\/IMG_3023.jpg?fit=1200%2C801&#038;ssl=1\" src=\"https:\/\/i0.wp.com\/le-fort.org\/cocina\/wp-content\/uploads\/2018\/03\/IMG_3023.jpg?w=596&#038;h=398&#038;ssl=1\" srcset=\"https:\/\/i0.wp.com\/le-fort.org\/cocina\/wp-content\/uploads\/2018\/03\/IMG_3023.jpg?w=1280&amp;ssl=1 1280w, https:\/\/i0.wp.com\/le-fort.org\/cocina\/wp-content\/uploads\/2018\/03\/IMG_3023.jpg?resize=600%2C400&amp;ssl=1 600w\" width=\"596\" height=\"398\" loading=\"lazy\" data-original-width=\"596\" data-original-height=\"398\" itemprop=\"http:\/\/schema.org\/image\" title=\"IMG_3023\" alt=\"IMG_3023\" style=\"width: 596px; height: 398px;\" \/> <\/a> <\/div> <\/div> <!-- close group --> <\/div> <!-- close row --> <div class=\"gallery-row\" style=\"width: 1200px; height: 536px;\" data-original-width=\"1200\" data-original-height=\"536\" > <div class=\"gallery-group images-1\" style=\"width: 801px; height: 536px;\" data-original-width=\"801\" data-original-height=\"536\" > <div class=\"tiled-gallery-item tiled-gallery-item-large\" itemprop=\"associatedMedia\" itemscope itemtype=\"http:\/\/schema.org\/ImageObject\"> <a href=\"https:\/\/le-fort.org\/cocina\/empanadas-santa-elena\/img_3048\/\" border=\"0\" itemprop=\"url\"> <meta itemprop=\"width\" content=\"797\"> <meta itemprop=\"height\" content=\"532\"> <img decoding=\"async\" class=\"\" data-attachment-id=\"11914\" data-orig-file=\"https:\/\/le-fort.org\/cocina\/wp-content\/uploads\/2018\/03\/IMG_3048.jpg\" data-orig-size=\"1280,854\" data-comments-opened=\"\" data-image-meta=\"{&quot;aperture&quot;:&quot;4&quot;,&quot;credit&quot;:&quot;Picasa&quot;,&quot;camera&quot;:&quot;Canon EOS REBEL SL1&quot;,&quot;caption&quot;:&quot;&quot;,&quot;created_timestamp&quot;:&quot;1519936254&quot;,&quot;copyright&quot;:&quot;&quot;,&quot;focal_length&quot;:&quot;28&quot;,&quot;iso&quot;:&quot;1600&quot;,&quot;shutter_speed&quot;:&quot;0.025&quot;,&quot;title&quot;:&quot;&quot;,&quot;orientation&quot;:&quot;0&quot;}\" data-image-title=\"IMG_3048\" data-image-description=\"\" data-medium-file=\"https:\/\/i0.wp.com\/le-fort.org\/cocina\/wp-content\/uploads\/2018\/03\/IMG_3048.jpg?fit=600%2C400&#038;ssl=1\" data-large-file=\"https:\/\/i0.wp.com\/le-fort.org\/cocina\/wp-content\/uploads\/2018\/03\/IMG_3048.jpg?fit=1200%2C801&#038;ssl=1\" src=\"https:\/\/i0.wp.com\/le-fort.org\/cocina\/wp-content\/uploads\/2018\/03\/IMG_3048.jpg?w=797&#038;h=532&#038;ssl=1\" srcset=\"https:\/\/i0.wp.com\/le-fort.org\/cocina\/wp-content\/uploads\/2018\/03\/IMG_3048.jpg?w=1280&amp;ssl=1 1280w, https:\/\/i0.wp.com\/le-fort.org\/cocina\/wp-content\/uploads\/2018\/03\/IMG_3048.jpg?resize=600%2C400&amp;ssl=1 600w\" width=\"797\" height=\"532\" loading=\"lazy\" data-original-width=\"797\" data-original-height=\"532\" itemprop=\"http:\/\/schema.org\/image\" title=\"IMG_3048\" alt=\"IMG_3048\" style=\"width: 797px; height: 532px;\" \/> <\/a> <\/div> <\/div> <!-- close group --> <div class=\"gallery-group images-2\" style=\"width: 399px; height: 536px;\" data-original-width=\"399\" data-original-height=\"536\" > <div class=\"tiled-gallery-item tiled-gallery-item-large\" itemprop=\"associatedMedia\" itemscope itemtype=\"http:\/\/schema.org\/ImageObject\"> <a href=\"https:\/\/le-fort.org\/cocina\/empanadas-santa-elena\/img_3032\/\" border=\"0\" itemprop=\"url\"> <meta itemprop=\"width\" content=\"395\"> <meta itemprop=\"height\" content=\"264\"> <img decoding=\"async\" class=\"\" data-attachment-id=\"11911\" data-orig-file=\"https:\/\/le-fort.org\/cocina\/wp-content\/uploads\/2018\/03\/IMG_3032.jpg\" data-orig-size=\"1280,854\" data-comments-opened=\"\" data-image-meta=\"{&quot;aperture&quot;:&quot;4&quot;,&quot;credit&quot;:&quot;Picasa&quot;,&quot;camera&quot;:&quot;Canon EOS REBEL SL1&quot;,&quot;caption&quot;:&quot;&quot;,&quot;created_timestamp&quot;:&quot;1519934100&quot;,&quot;copyright&quot;:&quot;&quot;,&quot;focal_length&quot;:&quot;27&quot;,&quot;iso&quot;:&quot;1600&quot;,&quot;shutter_speed&quot;:&quot;0.02&quot;,&quot;title&quot;:&quot;&quot;,&quot;orientation&quot;:&quot;0&quot;}\" data-image-title=\"IMG_3032\" data-image-description=\"\" data-medium-file=\"https:\/\/i0.wp.com\/le-fort.org\/cocina\/wp-content\/uploads\/2018\/03\/IMG_3032.jpg?fit=600%2C400&#038;ssl=1\" data-large-file=\"https:\/\/i0.wp.com\/le-fort.org\/cocina\/wp-content\/uploads\/2018\/03\/IMG_3032.jpg?fit=1200%2C801&#038;ssl=1\" src=\"https:\/\/i0.wp.com\/le-fort.org\/cocina\/wp-content\/uploads\/2018\/03\/IMG_3032.jpg?w=395&#038;h=264&#038;ssl=1\" srcset=\"https:\/\/i0.wp.com\/le-fort.org\/cocina\/wp-content\/uploads\/2018\/03\/IMG_3032.jpg?w=1280&amp;ssl=1 1280w, https:\/\/i0.wp.com\/le-fort.org\/cocina\/wp-content\/uploads\/2018\/03\/IMG_3032.jpg?resize=600%2C400&amp;ssl=1 600w\" width=\"395\" height=\"264\" loading=\"lazy\" data-original-width=\"395\" data-original-height=\"264\" itemprop=\"http:\/\/schema.org\/image\" title=\"IMG_3032\" alt=\"IMG_3032\" style=\"width: 395px; height: 264px;\" \/> <\/a> <\/div> <div class=\"tiled-gallery-item tiled-gallery-item-large\" itemprop=\"associatedMedia\" itemscope itemtype=\"http:\/\/schema.org\/ImageObject\"> <a href=\"https:\/\/le-fort.org\/cocina\/empanadas-santa-elena\/img_3086\/\" border=\"0\" itemprop=\"url\"> <meta itemprop=\"width\" content=\"395\"> <meta itemprop=\"height\" content=\"264\"> <img decoding=\"async\" class=\"\" data-attachment-id=\"11920\" data-orig-file=\"https:\/\/le-fort.org\/cocina\/wp-content\/uploads\/2018\/03\/IMG_3086.jpg\" data-orig-size=\"1280,854\" data-comments-opened=\"\" data-image-meta=\"{&quot;aperture&quot;:&quot;4.5&quot;,&quot;credit&quot;:&quot;Picasa&quot;,&quot;camera&quot;:&quot;Canon EOS REBEL SL1&quot;,&quot;caption&quot;:&quot;&quot;,&quot;created_timestamp&quot;:&quot;1519941868&quot;,&quot;copyright&quot;:&quot;&quot;,&quot;focal_length&quot;:&quot;29&quot;,&quot;iso&quot;:&quot;1000&quot;,&quot;shutter_speed&quot;:&quot;0.025&quot;,&quot;title&quot;:&quot;&quot;,&quot;orientation&quot;:&quot;0&quot;}\" data-image-title=\"IMG_3086\" data-image-description=\"\" data-medium-file=\"https:\/\/i0.wp.com\/le-fort.org\/cocina\/wp-content\/uploads\/2018\/03\/IMG_3086.jpg?fit=600%2C400&#038;ssl=1\" data-large-file=\"https:\/\/i0.wp.com\/le-fort.org\/cocina\/wp-content\/uploads\/2018\/03\/IMG_3086.jpg?fit=1200%2C801&#038;ssl=1\" src=\"https:\/\/i0.wp.com\/le-fort.org\/cocina\/wp-content\/uploads\/2018\/03\/IMG_3086.jpg?w=395&#038;h=264&#038;ssl=1\" srcset=\"https:\/\/i0.wp.com\/le-fort.org\/cocina\/wp-content\/uploads\/2018\/03\/IMG_3086.jpg?w=1280&amp;ssl=1 1280w, https:\/\/i0.wp.com\/le-fort.org\/cocina\/wp-content\/uploads\/2018\/03\/IMG_3086.jpg?resize=600%2C400&amp;ssl=1 600w\" width=\"395\" height=\"264\" loading=\"lazy\" data-original-width=\"395\" data-original-height=\"264\" itemprop=\"http:\/\/schema.org\/image\" title=\"IMG_3086\" alt=\"IMG_3086\" style=\"width: 395px; height: 264px;\" \/> <\/a> <\/div> <\/div> <!-- close group --> <\/div> <!-- close row --> <div class=\"gallery-row\" style=\"width: 1200px; height: 268px;\" data-original-width=\"1200\" data-original-height=\"268\" > <div class=\"gallery-group images-1\" style=\"width: 400px; height: 268px;\" data-original-width=\"400\" data-original-height=\"268\" > <div class=\"tiled-gallery-item tiled-gallery-item-large\" itemprop=\"associatedMedia\" itemscope itemtype=\"http:\/\/schema.org\/ImageObject\"> <a href=\"https:\/\/le-fort.org\/cocina\/empanadas-santa-elena\/img_3028\/\" border=\"0\" itemprop=\"url\"> <meta itemprop=\"width\" content=\"396\"> <meta itemprop=\"height\" content=\"264\"> <img decoding=\"async\" class=\"\" data-attachment-id=\"11910\" data-orig-file=\"https:\/\/le-fort.org\/cocina\/wp-content\/uploads\/2018\/03\/IMG_3028.jpg\" data-orig-size=\"1280,854\" data-comments-opened=\"\" data-image-meta=\"{&quot;aperture&quot;:&quot;3.5&quot;,&quot;credit&quot;:&quot;Picasa&quot;,&quot;camera&quot;:&quot;Canon EOS REBEL SL1&quot;,&quot;caption&quot;:&quot;&quot;,&quot;created_timestamp&quot;:&quot;1519933116&quot;,&quot;copyright&quot;:&quot;&quot;,&quot;focal_length&quot;:&quot;18&quot;,&quot;iso&quot;:&quot;500&quot;,&quot;shutter_speed&quot;:&quot;0.033333333333333&quot;,&quot;title&quot;:&quot;&quot;,&quot;orientation&quot;:&quot;0&quot;}\" data-image-title=\"IMG_3028\" data-image-description=\"\" data-medium-file=\"https:\/\/i0.wp.com\/le-fort.org\/cocina\/wp-content\/uploads\/2018\/03\/IMG_3028.jpg?fit=600%2C400&#038;ssl=1\" data-large-file=\"https:\/\/i0.wp.com\/le-fort.org\/cocina\/wp-content\/uploads\/2018\/03\/IMG_3028.jpg?fit=1200%2C801&#038;ssl=1\" src=\"https:\/\/i0.wp.com\/le-fort.org\/cocina\/wp-content\/uploads\/2018\/03\/IMG_3028.jpg?w=396&#038;h=264&#038;ssl=1\" srcset=\"https:\/\/i0.wp.com\/le-fort.org\/cocina\/wp-content\/uploads\/2018\/03\/IMG_3028.jpg?w=1280&amp;ssl=1 1280w, https:\/\/i0.wp.com\/le-fort.org\/cocina\/wp-content\/uploads\/2018\/03\/IMG_3028.jpg?resize=600%2C400&amp;ssl=1 600w\" width=\"396\" height=\"264\" loading=\"lazy\" data-original-width=\"396\" data-original-height=\"264\" itemprop=\"http:\/\/schema.org\/image\" title=\"IMG_3028\" alt=\"IMG_3028\" style=\"width: 396px; height: 264px;\" \/> <\/a> <\/div> <\/div> <!-- close group --> <div class=\"gallery-group images-1\" style=\"width: 400px; height: 268px;\" data-original-width=\"400\" data-original-height=\"268\" > <div class=\"tiled-gallery-item tiled-gallery-item-large\" itemprop=\"associatedMedia\" itemscope itemtype=\"http:\/\/schema.org\/ImageObject\"> <a href=\"https:\/\/le-fort.org\/cocina\/empanadas-santa-elena\/img_3072\/\" border=\"0\" itemprop=\"url\"> <meta itemprop=\"width\" content=\"396\"> <meta itemprop=\"height\" content=\"264\"> <img decoding=\"async\" class=\"\" data-attachment-id=\"11919\" data-orig-file=\"https:\/\/le-fort.org\/cocina\/wp-content\/uploads\/2018\/03\/IMG_3072.jpg\" data-orig-size=\"1280,854\" data-comments-opened=\"\" data-image-meta=\"{&quot;aperture&quot;:&quot;4.5&quot;,&quot;credit&quot;:&quot;Picasa&quot;,&quot;camera&quot;:&quot;Canon EOS REBEL SL1&quot;,&quot;caption&quot;:&quot;&quot;,&quot;created_timestamp&quot;:&quot;1519941630&quot;,&quot;copyright&quot;:&quot;&quot;,&quot;focal_length&quot;:&quot;30&quot;,&quot;iso&quot;:&quot;1600&quot;,&quot;shutter_speed&quot;:&quot;0.02&quot;,&quot;title&quot;:&quot;&quot;,&quot;orientation&quot;:&quot;0&quot;}\" data-image-title=\"IMG_3072\" data-image-description=\"\" data-medium-file=\"https:\/\/i0.wp.com\/le-fort.org\/cocina\/wp-content\/uploads\/2018\/03\/IMG_3072.jpg?fit=600%2C400&#038;ssl=1\" data-large-file=\"https:\/\/i0.wp.com\/le-fort.org\/cocina\/wp-content\/uploads\/2018\/03\/IMG_3072.jpg?fit=1200%2C801&#038;ssl=1\" src=\"https:\/\/i0.wp.com\/le-fort.org\/cocina\/wp-content\/uploads\/2018\/03\/IMG_3072.jpg?w=396&#038;h=264&#038;ssl=1\" srcset=\"https:\/\/i0.wp.com\/le-fort.org\/cocina\/wp-content\/uploads\/2018\/03\/IMG_3072.jpg?w=1280&amp;ssl=1 1280w, https:\/\/i0.wp.com\/le-fort.org\/cocina\/wp-content\/uploads\/2018\/03\/IMG_3072.jpg?resize=600%2C400&amp;ssl=1 600w\" width=\"396\" height=\"264\" loading=\"lazy\" data-original-width=\"396\" data-original-height=\"264\" itemprop=\"http:\/\/schema.org\/image\" title=\"IMG_3072\" alt=\"IMG_3072\" style=\"width: 396px; height: 264px;\" \/> <\/a> <\/div> <\/div> <!-- close group --> <div class=\"gallery-group images-1\" style=\"width: 400px; height: 268px;\" data-original-width=\"400\" data-original-height=\"268\" > <div class=\"tiled-gallery-item tiled-gallery-item-large\" itemprop=\"associatedMedia\" itemscope itemtype=\"http:\/\/schema.org\/ImageObject\"> <a href=\"https:\/\/le-fort.org\/cocina\/empanadas-santa-elena\/img_3053\/\" border=\"0\" itemprop=\"url\"> <meta itemprop=\"width\" content=\"396\"> <meta itemprop=\"height\" content=\"264\"> <img decoding=\"async\" class=\"\" data-attachment-id=\"11916\" data-orig-file=\"https:\/\/le-fort.org\/cocina\/wp-content\/uploads\/2018\/03\/IMG_3053.jpg\" data-orig-size=\"1280,854\" data-comments-opened=\"\" data-image-meta=\"{&quot;aperture&quot;:&quot;4&quot;,&quot;credit&quot;:&quot;Picasa&quot;,&quot;camera&quot;:&quot;Canon EOS REBEL SL1&quot;,&quot;caption&quot;:&quot;&quot;,&quot;created_timestamp&quot;:&quot;1519938231&quot;,&quot;copyright&quot;:&quot;&quot;,&quot;focal_length&quot;:&quot;30&quot;,&quot;iso&quot;:&quot;1000&quot;,&quot;shutter_speed&quot;:&quot;0.025&quot;,&quot;title&quot;:&quot;&quot;,&quot;orientation&quot;:&quot;0&quot;}\" data-image-title=\"IMG_3053\" data-image-description=\"\" data-medium-file=\"https:\/\/i0.wp.com\/le-fort.org\/cocina\/wp-content\/uploads\/2018\/03\/IMG_3053.jpg?fit=600%2C400&#038;ssl=1\" data-large-file=\"https:\/\/i0.wp.com\/le-fort.org\/cocina\/wp-content\/uploads\/2018\/03\/IMG_3053.jpg?fit=1200%2C801&#038;ssl=1\" src=\"https:\/\/i0.wp.com\/le-fort.org\/cocina\/wp-content\/uploads\/2018\/03\/IMG_3053.jpg?w=396&#038;h=264&#038;ssl=1\" srcset=\"https:\/\/i0.wp.com\/le-fort.org\/cocina\/wp-content\/uploads\/2018\/03\/IMG_3053.jpg?w=1280&amp;ssl=1 1280w, https:\/\/i0.wp.com\/le-fort.org\/cocina\/wp-content\/uploads\/2018\/03\/IMG_3053.jpg?resize=600%2C400&amp;ssl=1 600w\" width=\"396\" height=\"264\" loading=\"lazy\" data-original-width=\"396\" data-original-height=\"264\" itemprop=\"http:\/\/schema.org\/image\" title=\"IMG_3053\" alt=\"IMG_3053\" style=\"width: 396px; height: 264px;\" \/> <\/a> <\/div> <\/div> <!-- close group --> <\/div> <!-- close row --> <\/div>\n<p>Nos vemos en el pr\u00f3ximo curso.<\/p>\n<p>&nbsp;<\/p>\n","protected":false},"excerpt":{"rendered":"<p>Dictamos un taller de empanadas chilenas en la Escuela de Alta Cocina Arte Chef\u00a0en Santa Elena. No es la primera vez que ense\u00f1amos empanadas en Santa Elena, y nos encanta.<\/p>\n","protected":false},"author":1,"featured_media":11905,"comment_status":"closed","ping_status":"closed","sticky":false,"template":"","format":"standard","meta":{"_jetpack_newsletter_access":"","_jetpack_dont_email_post_to_subs":false,"_jetpack_newsletter_tier_id":0,"_jetpack_memberships_contains_paywalled_content":false,"_jetpack_memberships_contains_paid_content":false,"footnotes":""},"categories":[251],"tags":[760,46,248,639],"class_list":["post-11904","post","type-post","status-publish","format-standard","has-post-thumbnail","hentry","category-educacion","tag-e001","tag-empanadas","tag-escuela-de-alta-cocina-arte-chef","tag-santa-elena","entry","has-media"],"jetpack_featured_media_url":"https:\/\/i0.wp.com\/le-fort.org\/cocina\/wp-content\/uploads\/2018\/03\/santa-elena-hd.jpg?fit=2100%2C700&ssl=1","jetpack_shortlink":"https:\/\/wp.me\/pghKer-360","jetpack_sharing_enabled":true,"jetpack-related-posts":[{"id":11693,"url":"https:\/\/le-fort.org\/cocina\/bocaditos-empanadas-la-libertad\/","url_meta":{"origin":11904,"position":0},"title":"Bocaditos y Empanadas en La Libertad","author":"Le-Fort.org","date":"23 de Agosto, 2016","format":false,"excerpt":"Tuvimos el agrado de participar en un curso de bocaditos y empanadas dictado en la Escuela de Alta Cocina Arte Chef en La Libertad, organizado por la Prefectura de Santa Elena. El Chef Patricio Iza aport\u00f3 su vasta experiencia en los bocaditos y nosotros, de la mano del conocimiento de\u2026","rel":"","context":"En &quot;Educaci\u00f3n&quot;","block_context":{"text":"Educaci\u00f3n","link":"https:\/\/le-fort.org\/cocina\/categoria\/educacion\/"},"img":{"alt_text":"","src":"https:\/\/i0.wp.com\/le-fort.org\/cocina\/wp-content\/uploads\/2018\/02\/empanadas-bocaditos-hd.jpg?fit=1200%2C400&ssl=1&resize=350%2C200","width":350,"height":200,"srcset":"https:\/\/i0.wp.com\/le-fort.org\/cocina\/wp-content\/uploads\/2018\/02\/empanadas-bocaditos-hd.jpg?fit=1200%2C400&ssl=1&resize=350%2C200 1x, https:\/\/i0.wp.com\/le-fort.org\/cocina\/wp-content\/uploads\/2018\/02\/empanadas-bocaditos-hd.jpg?fit=1200%2C400&ssl=1&resize=525%2C300 1.5x, https:\/\/i0.wp.com\/le-fort.org\/cocina\/wp-content\/uploads\/2018\/02\/empanadas-bocaditos-hd.jpg?fit=1200%2C400&ssl=1&resize=700%2C400 2x, https:\/\/i0.wp.com\/le-fort.org\/cocina\/wp-content\/uploads\/2018\/02\/empanadas-bocaditos-hd.jpg?fit=1200%2C400&ssl=1&resize=1050%2C600 3x"},"classes":[]},{"id":8563,"url":"https:\/\/le-fort.org\/cocina\/evento-gastronomico-sabor-peninsular\/","url_meta":{"origin":11904,"position":1},"title":"Evento Gastron\u00f3mico &#8220;Sabor Peninsular&#8221;","author":"Le-Fort.org","date":"6 de Agosto, 2016","format":false,"excerpt":"Asistimos al evento de gastronom\u00eda de Santa Elena \"Sabor Peninsular\" organizado por la Asociaci\u00f3n de Chefs del Ecuador de Santa Elena y la Escuela Arte Chef. Muy bueno.","rel":"","context":"En &quot;Eventos&quot;","block_context":{"text":"Eventos","link":"https:\/\/le-fort.org\/cocina\/categoria\/eventos\/"},"img":{"alt_text":"","src":"https:\/\/i0.wp.com\/le-fort.org\/cocina\/wp-content\/uploads\/2016\/08\/ceviche-hd.jpg?fit=1200%2C400&ssl=1&resize=350%2C200","width":350,"height":200,"srcset":"https:\/\/i0.wp.com\/le-fort.org\/cocina\/wp-content\/uploads\/2016\/08\/ceviche-hd.jpg?fit=1200%2C400&ssl=1&resize=350%2C200 1x, https:\/\/i0.wp.com\/le-fort.org\/cocina\/wp-content\/uploads\/2016\/08\/ceviche-hd.jpg?fit=1200%2C400&ssl=1&resize=525%2C300 1.5x, https:\/\/i0.wp.com\/le-fort.org\/cocina\/wp-content\/uploads\/2016\/08\/ceviche-hd.jpg?fit=1200%2C400&ssl=1&resize=700%2C400 2x, https:\/\/i0.wp.com\/le-fort.org\/cocina\/wp-content\/uploads\/2016\/08\/ceviche-hd.jpg?fit=1200%2C400&ssl=1&resize=1050%2C600 3x"},"classes":[]},{"id":8248,"url":"https:\/\/le-fort.org\/cocina\/taller-gastronomia-manantial-guangala\/","url_meta":{"origin":11904,"position":2},"title":"Manantial de Guangala","author":"Le-Fort.org","date":"1 de Julio, 2016","format":false,"excerpt":"Colaboramos con la Escuela de Alta Cocina Arte Chef en Manantial de Guangala, Santa Elena.","rel":"","context":"En &quot;Educaci\u00f3n&quot;","block_context":{"text":"Educaci\u00f3n","link":"https:\/\/le-fort.org\/cocina\/categoria\/educacion\/"},"img":{"alt_text":"","src":"https:\/\/i0.wp.com\/le-fort.org\/cocina\/wp-content\/uploads\/2016\/06\/guangala-hd-3.jpg?fit=1200%2C400&ssl=1&resize=350%2C200","width":350,"height":200,"srcset":"https:\/\/i0.wp.com\/le-fort.org\/cocina\/wp-content\/uploads\/2016\/06\/guangala-hd-3.jpg?fit=1200%2C400&ssl=1&resize=350%2C200 1x, https:\/\/i0.wp.com\/le-fort.org\/cocina\/wp-content\/uploads\/2016\/06\/guangala-hd-3.jpg?fit=1200%2C400&ssl=1&resize=525%2C300 1.5x, https:\/\/i0.wp.com\/le-fort.org\/cocina\/wp-content\/uploads\/2016\/06\/guangala-hd-3.jpg?fit=1200%2C400&ssl=1&resize=700%2C400 2x, https:\/\/i0.wp.com\/le-fort.org\/cocina\/wp-content\/uploads\/2016\/06\/guangala-hd-3.jpg?fit=1200%2C400&ssl=1&resize=1050%2C600 3x"},"classes":[]},{"id":11442,"url":"https:\/\/le-fort.org\/cocina\/clase-pizza-santa-elena\/","url_meta":{"origin":11904,"position":3},"title":"Clase de Pizza en Santa Elena","author":"Le-Fort.org","date":"17 de Enero, 2018","format":false,"excerpt":"Ya que estamos en Santa Elena, dictamos un breve curso de pizza. Amamos la pizza y amamos ense\u00f1ar. \u00bfQu\u00e9 mejor? Dictamos el curso como iniciativa de la Asociaci\u00f3n de Chefs del Ecuador en la Escuela de Alta Cocina Arte Chef. Tuvimos alrededor de 30 asistentes, desde Chefs hasta gente que\u2026","rel":"","context":"En &quot;Ecuador&quot;","block_context":{"text":"Ecuador","link":"https:\/\/le-fort.org\/cocina\/categoria\/ecuador\/"},"img":{"alt_text":"","src":"https:\/\/i0.wp.com\/le-fort.org\/cocina\/wp-content\/uploads\/2017\/01\/hawaiana-hd.jpg?fit=1200%2C400&ssl=1&resize=350%2C200","width":350,"height":200,"srcset":"https:\/\/i0.wp.com\/le-fort.org\/cocina\/wp-content\/uploads\/2017\/01\/hawaiana-hd.jpg?fit=1200%2C400&ssl=1&resize=350%2C200 1x, https:\/\/i0.wp.com\/le-fort.org\/cocina\/wp-content\/uploads\/2017\/01\/hawaiana-hd.jpg?fit=1200%2C400&ssl=1&resize=525%2C300 1.5x, https:\/\/i0.wp.com\/le-fort.org\/cocina\/wp-content\/uploads\/2017\/01\/hawaiana-hd.jpg?fit=1200%2C400&ssl=1&resize=700%2C400 2x, https:\/\/i0.wp.com\/le-fort.org\/cocina\/wp-content\/uploads\/2017\/01\/hawaiana-hd.jpg?fit=1200%2C400&ssl=1&resize=1050%2C600 3x"},"classes":[]},{"id":13680,"url":"https:\/\/le-fort.org\/cocina\/pizza-y-empanadas-en-la-troncal\/","url_meta":{"origin":11904,"position":4},"title":"Pizza y Empanadas en La Troncal","author":"Le-Fort.org","date":"18 de Febrero, 2019","format":false,"excerpt":"Visita a La Troncal (Ca\u00f1ar) a ense\u00f1ar pizza y empanadas chilenas, invitados por el Chef Roberto Calder\u00f3n. Como siempre un placer visitarlos, y ver a nuestras amistades.","rel":"","context":"En &quot;Educaci\u00f3n&quot;","block_context":{"text":"Educaci\u00f3n","link":"https:\/\/le-fort.org\/cocina\/categoria\/educacion\/"},"img":{"alt_text":"","src":"https:\/\/i0.wp.com\/le-fort.org\/cocina\/wp-content\/uploads\/2019\/02\/leute-hd.jpg?fit=1200%2C400&ssl=1&resize=350%2C200","width":350,"height":200,"srcset":"https:\/\/i0.wp.com\/le-fort.org\/cocina\/wp-content\/uploads\/2019\/02\/leute-hd.jpg?fit=1200%2C400&ssl=1&resize=350%2C200 1x, https:\/\/i0.wp.com\/le-fort.org\/cocina\/wp-content\/uploads\/2019\/02\/leute-hd.jpg?fit=1200%2C400&ssl=1&resize=525%2C300 1.5x, https:\/\/i0.wp.com\/le-fort.org\/cocina\/wp-content\/uploads\/2019\/02\/leute-hd.jpg?fit=1200%2C400&ssl=1&resize=700%2C400 2x, https:\/\/i0.wp.com\/le-fort.org\/cocina\/wp-content\/uploads\/2019\/02\/leute-hd.jpg?fit=1200%2C400&ssl=1&resize=1050%2C600 3x"},"classes":[]},{"id":11355,"url":"https:\/\/le-fort.org\/cocina\/graduacion-chefs-santa-elena\/","url_meta":{"origin":11904,"position":5},"title":"Graduaci\u00f3n en Santa Elena","author":"Le-Fort.org","date":"13 de Enero, 2018","format":false,"excerpt":"Tuvimos la alegr\u00eda de representar a la Asociaci\u00f3n de Chefs del Ecuador en la graduaci\u00f3n de la cuarta generaci\u00f3n de Chefs de Partida de la Escuela de Alta Cocina Arte Chef\u00a0en Salinas, Santa Elena. Este evento fue particularmente significativo para nosotros, porque aqu\u00ed fue donde estudiamos y obtuvimos nuestras primeras\u2026","rel":"","context":"En &quot;Educaci\u00f3n&quot;","block_context":{"text":"Educaci\u00f3n","link":"https:\/\/le-fort.org\/cocina\/categoria\/educacion\/"},"img":{"alt_text":"","src":"https:\/\/i0.wp.com\/le-fort.org\/cocina\/wp-content\/uploads\/2018\/01\/graduacion-hd.jpg?fit=1200%2C400&ssl=1&resize=350%2C200","width":350,"height":200,"srcset":"https:\/\/i0.wp.com\/le-fort.org\/cocina\/wp-content\/uploads\/2018\/01\/graduacion-hd.jpg?fit=1200%2C400&ssl=1&resize=350%2C200 1x, https:\/\/i0.wp.com\/le-fort.org\/cocina\/wp-content\/uploads\/2018\/01\/graduacion-hd.jpg?fit=1200%2C400&ssl=1&resize=525%2C300 1.5x, https:\/\/i0.wp.com\/le-fort.org\/cocina\/wp-content\/uploads\/2018\/01\/graduacion-hd.jpg?fit=1200%2C400&ssl=1&resize=700%2C400 2x, https:\/\/i0.wp.com\/le-fort.org\/cocina\/wp-content\/uploads\/2018\/01\/graduacion-hd.jpg?fit=1200%2C400&ssl=1&resize=1050%2C600 3x"},"classes":[]}],"_links":{"self":[{"href":"https:\/\/le-fort.org\/cocina\/wp-json\/wp\/v2\/posts\/11904","targetHints":{"allow":["GET"]}}],"collection":[{"href":"https:\/\/le-fort.org\/cocina\/wp-json\/wp\/v2\/posts"}],"about":[{"href":"https:\/\/le-fort.org\/cocina\/wp-json\/wp\/v2\/types\/post"}],"author":[{"embeddable":true,"href":"https:\/\/le-fort.org\/cocina\/wp-json\/wp\/v2\/users\/1"}],"replies":[{"embeddable":true,"href":"https:\/\/le-fort.org\/cocina\/wp-json\/wp\/v2\/comments?post=11904"}],"version-history":[{"count":1,"href":"https:\/\/le-fort.org\/cocina\/wp-json\/wp\/v2\/posts\/11904\/revisions"}],"predecessor-version":[{"id":16300,"href":"https:\/\/le-fort.org\/cocina\/wp-json\/wp\/v2\/posts\/11904\/revisions\/16300"}],"wp:featuredmedia":[{"embeddable":true,"href":"https:\/\/le-fort.org\/cocina\/wp-json\/wp\/v2\/media\/11905"}],"wp:attachment":[{"href":"https:\/\/le-fort.org\/cocina\/wp-json\/wp\/v2\/media?parent=11904"}],"wp:term":[{"taxonomy":"category","embeddable":true,"href":"https:\/\/le-fort.org\/cocina\/wp-json\/wp\/v2\/categories?post=11904"},{"taxonomy":"post_tag","embeddable":true,"href":"https:\/\/le-fort.org\/cocina\/wp-json\/wp\/v2\/tags?post=11904"}],"curies":[{"name":"wp","href":"https:\/\/api.w.org\/{rel}","templated":true}]}}