{"id":12203,"date":"2016-03-27T20:53:34","date_gmt":"2016-03-28T01:53:34","guid":{"rendered":"https:\/\/www.le-fort.org\/?p=12203"},"modified":"2022-01-05T10:07:41","modified_gmt":"2022-01-05T15:07:41","slug":"la-fanesca","status":"publish","type":"post","link":"https:\/\/le-fort.org\/cocina\/la-fanesca\/","title":{"rendered":"La Fanesca, una sopa sincr\u00e9tica."},"content":{"rendered":"<p>La fanesca es uno de esos platos que obedecen a un calendario.<\/p>\n<p>Despu\u00e9s de los excesos de Carnaval viene para los cristianos el recogimiento de Cuaresma, en preparaci\u00f3n de Semana Santa, festividad rica en tradiciones. Quiz\u00e1 la principal tradici\u00f3n gastron\u00f3mica de esta fiesta sea la <strong>fanesca<\/strong>. Todos hemos probado fanescas maravillosas, y quiz\u00e1 otras que no lo son tanto, pero tal vez no conozcamos mucho sobre la fascinante historia de este tradicional plato. Una cosa es comer y otra es leer.<!--more--><\/p>\n Plato de Fanesca servido en Salinas,\u00a0 Provincia de Santa Elena.\n<h2>Historia de la Fanesca<\/h2>\n<p>Tradicionalmente se consideraba la fanesca como un plato de origen hisp\u00e1nico, pero investigaciones recientes sugieren que como tanto en nuestra cocina, proviene de un mestizaje de una cocina prehisp\u00e1nica con la tradici\u00f3n espa\u00f1ola. El a\u00f1o nuevo ind\u00edgena correspond\u00eda al <em>Mushuk Nina<\/em>, o fiesta del fuego nuevo. En esta festividad de equinoccio de oto\u00f1o que coincide m\u00e1s o menos con la semana santa de los cristianos, se recog\u00edan los primeros productos de la cosecha: calabazas, granos tiernos que se cocinaban en un potaje posteriormente conocido como <em>Uchucta<\/em>.<\/p>\n Granos para Fanesca\n<p>Con la llegada de los espa\u00f1oles, el <em>Mushuk Nina<\/em> fue absorbido en la festividad cristiana de Semana Santa, y esta <em>Uchucta<\/em> de granos tiernos fue modificada y ampliada con ingredientes hispanos tales como el bacalao seco y salado (lo que le permit\u00eda resistir el largo viaje desde Europa), los l\u00e1cteos y algunos granos. Se elabor\u00f3 tambi\u00e9n una simbolog\u00eda del plato, con los 12 ingredientes representando a los ap\u00f3stoles y a las tribus de Israel, el pescado a Cristo, y otras representaciones simb\u00f3licas incorporando una tradici\u00f3n en otra: lo que Robert Graves denomina iconotrop\u00eda.<\/p>\n<h2>Una Receta de Fanesca decimon\u00f3nica<\/h2>\n<p>Ya en el siglo XIX tenemos establecida en Quito la Fanesca como un plato tradicional de celebraci\u00f3n de la Semana Santa. En un texto de 1882 se consigna la siguiente receta, con la escasez de detalle de las recetas de entonces:<\/p>\n<blockquote><p>Se eligen tiernos los frijoles, habas, chochos, choclos y alverjas: se cuecen, como tambi\u00e9n, arroz, coles y sambo picado; todo se rehoga en una cazuela preparada con cebolla frita en manteca, ajos, cominos, man\u00ed tostado y molido, y un trozo de az\u00facar: se a\u00f1aden natas y leche, y despu\u00e9s de un hervor dado con los trozos de peje y camarones se sirve poniendo encima fritos de masa de pastel en diversas figuras y muy peque\u00f1as, tajaditas fritas de pl\u00e1tano, rebanadas de huevo endurado, perejil picado, aj\u00edes floreados y polvo de pimienta sobre todo.<\/p><\/blockquote>\n<p>Como se puede ver, poco ha variado la receta en el casi siglo y medio que ha transcurrido. Es lo que sucede con la tradici\u00f3n, que va fijando. No dejar\u00eda de ser interesante una reinterpretaci\u00f3n de la fanesca, o ver c\u00f3mo resulta una fanesca postvanguardista.<\/p>\n<p>La Fanesca tiene tambi\u00e9n una vertiente m\u00e1s familar, m\u00e1s dom\u00e9stica. Est\u00e1 siempre la receta insuperable de la abuela, de una t\u00eda, esa que pasa de boca de cocinera a o\u00eddo de cocinero, y se transforma enuna tradici\u00f3n familiar, e incluso comunitaria. Esa es la tradici\u00f3n que debemos cuidar y preservar.<\/p>\n<p>\u00bfCu\u00e1l es tu Fanesca preferida y qu\u00e9 la distingue del resto?<\/p>\n<h2>Referencias<\/h2>\n<ol>\n<li><a href=\"http:\/\/www.andes.info.ec\/es\/noticias\/fanesca-historia-cultura-tradicion-ecuador.html\" target=\"_blank\" rel=\"nofollow noopener noreferrer\">La Fanesca, historia, cultura y tradici\u00f3n en Ecuador<\/a>. Andes.info.ec<\/li>\n<li>Receta de Uchucta. Libroderecetas.com<\/li>\n<li><a href=\"https:\/\/www.laylita.com\/2008\/03\/21\/fanesca-ecuatoriana\/\" target=\"_blank\" rel=\"nofollow noopener noreferrer\">Receta de Fanesca<\/a>. Laylita.com<\/li>\n<li><a href=\"http:\/\/archivoqhistorico.quito.gob.ec\/index.php\/quito-y-sus-historias\/36-origen-y-permanencia-de-la-fanesca\" target=\"_blank\" rel=\"nofollow noopener noreferrer\">Origen y permanencia de la Fanesca<\/a>. Archivo Metropolitano de Historia de Quito<\/li>\n<\/ol>\n<p><span style=\"border-radius: 2px; text-indent: 20px; width: auto; padding: 0px 4px 0px 0px; text-align: center; font: bold 11px\/20px 'Helvetica Neue',Helvetica,sans-serif; color: #ffffff; background: #bd081c no-repeat scroll 3px 50% \/ 14px 14px; position: absolute; opacity: 1; z-index: 8675309; display: none; cursor: pointer;\">Save<\/span><\/p>\n<p><span style=\"border-radius: 2px; text-indent: 20px; width: auto; padding: 0px 4px 0px 0px; text-align: center; font: bold 11px\/20px 'Helvetica Neue',Helvetica,sans-serif; color: #ffffff; background: #bd081c no-repeat scroll 3px 50% \/ 14px 14px; position: absolute; opacity: 1; z-index: 8675309; display: none; cursor: pointer;\">Save<\/span><\/p>\n<p><span style=\"border-radius: 2px; text-indent: 20px; width: auto; padding: 0px 4px 0px 0px; text-align: center; font: bold 11px\/20px 'Helvetica Neue',Helvetica,sans-serif; color: #ffffff; background: #bd081c no-repeat scroll 3px 50% \/ 14px 14px; position: absolute; opacity: 1; z-index: 8675309; display: none; cursor: pointer;\">Save<\/span><\/p>\n","protected":false},"excerpt":{"rendered":"<p>Reflexiones sobre la tradicional sopa fanesca, propia de la semana santa ecuatoriana.<\/p>\n","protected":false},"author":1,"featured_media":9184,"comment_status":"closed","ping_status":"closed","sticky":false,"template":"","format":"standard","meta":{"_jetpack_newsletter_access":"","_jetpack_dont_email_post_to_subs":false,"_jetpack_newsletter_tier_id":0,"_jetpack_memberships_contains_paywalled_content":false,"_jetpack_memberships_contains_paid_content":false,"footnotes":""},"categories":[459],"tags":[778,781,763],"class_list":["post-12203","post","type-post","status-publish","format-standard","has-post-thumbnail","hentry","category-ecuador","tag-gastronomia-del-ecuador","tag-semana-santa","tag-sopa","entry","has-media"],"jetpack_featured_media_url":"https:\/\/i0.wp.com\/le-fort.org\/cocina\/wp-content\/uploads\/2017\/03\/fanesca-hd.jpg?fit=1500%2C500&ssl=1","jetpack_shortlink":"https:\/\/wp.me\/pghKer-3aP","jetpack_sharing_enabled":true,"jetpack-related-posts":[{"id":8877,"url":"https:\/\/le-fort.org\/cocina\/mesa-muertos-cadeate\/","url_meta":{"origin":12203,"position":0},"title":"Mesa de Muertos en Cadeate","author":"Marell Rojas","date":"2 de Noviembre, 2016","format":false,"excerpt":"Tuve oportunidad de participar en la mesa de muertos de Cadeate. \u201cCadeate, ciudad\u00a0del Pan.\u201d Hace poco junto a la Prefectura de Santa Elena y la Escuela Arte Chef, participamos en una capacitaci\u00f3n a panaderos y otros productores del lugar. Aprovechando la cercan\u00eda me aventur\u00e9 a vivenciar algo de sus costumbres\u2026","rel":"","context":"En &quot;Cavilaciones&quot;","block_context":{"text":"Cavilaciones","link":"https:\/\/le-fort.org\/cocina\/categoria\/cavilaciones\/"},"img":{"alt_text":"","src":"https:\/\/i0.wp.com\/le-fort.org\/cocina\/wp-content\/uploads\/2016\/11\/muertos-hd.jpg?fit=1200%2C400&ssl=1&resize=350%2C200","width":350,"height":200,"srcset":"https:\/\/i0.wp.com\/le-fort.org\/cocina\/wp-content\/uploads\/2016\/11\/muertos-hd.jpg?fit=1200%2C400&ssl=1&resize=350%2C200 1x, https:\/\/i0.wp.com\/le-fort.org\/cocina\/wp-content\/uploads\/2016\/11\/muertos-hd.jpg?fit=1200%2C400&ssl=1&resize=525%2C300 1.5x, https:\/\/i0.wp.com\/le-fort.org\/cocina\/wp-content\/uploads\/2016\/11\/muertos-hd.jpg?fit=1200%2C400&ssl=1&resize=700%2C400 2x, https:\/\/i0.wp.com\/le-fort.org\/cocina\/wp-content\/uploads\/2016\/11\/muertos-hd.jpg?fit=1200%2C400&ssl=1&resize=1050%2C600 3x"},"classes":[]},{"id":3073,"url":"https:\/\/le-fort.org\/cocina\/tiradito-de-trompeta-lisa\/","url_meta":{"origin":12203,"position":1},"title":"Tiradito de Trompeta Lisa","author":"Le-Fort.org","date":"31 de Enero, 2013","format":false,"excerpt":"Receta de tiradito de trompeta lisa. El tiradito es una preparaci\u00f3n peruana de pescado, y la trompeta lisa es un pez ecuatoriano. Ambos se complementan excelentemente.","rel":"","context":"En &quot;Comida&quot;","block_context":{"text":"Comida","link":"https:\/\/le-fort.org\/cocina\/categoria\/cocina-comida\/"},"img":{"alt_text":"","src":"https:\/\/i0.wp.com\/le-fort.org\/cocina\/wp-content\/uploads\/2013\/01\/hd-tiradito.jpg?fit=600%2C225&ssl=1&resize=350%2C200","width":350,"height":200,"srcset":"https:\/\/i0.wp.com\/le-fort.org\/cocina\/wp-content\/uploads\/2013\/01\/hd-tiradito.jpg?fit=600%2C225&ssl=1&resize=350%2C200 1x, https:\/\/i0.wp.com\/le-fort.org\/cocina\/wp-content\/uploads\/2013\/01\/hd-tiradito.jpg?fit=600%2C225&ssl=1&resize=525%2C300 1.5x"},"classes":[]},{"id":11954,"url":"https:\/\/le-fort.org\/cocina\/mapa-gastronomico-del-ecuador\/","url_meta":{"origin":12203,"position":2},"title":"Mapa Gastron\u00f3mico del Ecuador","author":"Le-Fort.org","date":"6 de Marzo, 2018","format":false,"excerpt":"Sesi\u00f3n de producci\u00f3n fotogr\u00e1fica para el Mapa Gastron\u00f3mico del Ecuador del MINTUR, con el apoyo de la Asociaci\u00f3n de Chefs del Ecuador.","rel":"","context":"En &quot;Ecuador&quot;","block_context":{"text":"Ecuador","link":"https:\/\/le-fort.org\/cocina\/categoria\/ecuador\/"},"img":{"alt_text":"","src":"https:\/\/i0.wp.com\/le-fort.org\/cocina\/wp-content\/uploads\/2018\/03\/mintur-hd.jpg?fit=1200%2C400&ssl=1&resize=350%2C200","width":350,"height":200,"srcset":"https:\/\/i0.wp.com\/le-fort.org\/cocina\/wp-content\/uploads\/2018\/03\/mintur-hd.jpg?fit=1200%2C400&ssl=1&resize=350%2C200 1x, https:\/\/i0.wp.com\/le-fort.org\/cocina\/wp-content\/uploads\/2018\/03\/mintur-hd.jpg?fit=1200%2C400&ssl=1&resize=525%2C300 1.5x, https:\/\/i0.wp.com\/le-fort.org\/cocina\/wp-content\/uploads\/2018\/03\/mintur-hd.jpg?fit=1200%2C400&ssl=1&resize=700%2C400 2x, https:\/\/i0.wp.com\/le-fort.org\/cocina\/wp-content\/uploads\/2018\/03\/mintur-hd.jpg?fit=1200%2C400&ssl=1&resize=1050%2C600 3x"},"classes":[]},{"id":5296,"url":"https:\/\/le-fort.org\/cocina\/ceviche-ecuatoriano\/","url_meta":{"origin":12203,"position":3},"title":"Ceviche en Puerto L\u00f3pez","author":"Le-Fort.org","date":"24 de Febrero, 2014","format":false,"excerpt":"Excelente ceviche en un peque\u00f1o restaurante en Puerto L\u00f3pez. Entre sus particularidades se cuentan el ketchup y mostaza (usuales en el ceviche ecuatoriano) y el tomate y pimiento verde en cubitos.","rel":"","context":"En &quot;Locales&quot;","block_context":{"text":"Locales","link":"https:\/\/le-fort.org\/cocina\/categoria\/locales\/"},"img":{"alt_text":"","src":"https:\/\/i0.wp.com\/le-fort.org\/cocina\/wp-content\/uploads\/2014\/02\/ceviche.jpg?fit=700%2C525&ssl=1&resize=350%2C200","width":350,"height":200,"srcset":"https:\/\/i0.wp.com\/le-fort.org\/cocina\/wp-content\/uploads\/2014\/02\/ceviche.jpg?fit=700%2C525&ssl=1&resize=350%2C200 1x, https:\/\/i0.wp.com\/le-fort.org\/cocina\/wp-content\/uploads\/2014\/02\/ceviche.jpg?fit=700%2C525&ssl=1&resize=525%2C300 1.5x, https:\/\/i0.wp.com\/le-fort.org\/cocina\/wp-content\/uploads\/2014\/02\/ceviche.jpg?fit=700%2C525&ssl=1&resize=700%2C400 2x"},"classes":[]},{"id":1987,"url":"https:\/\/le-fort.org\/cocina\/tom-kha-gai-sopa-thai-de-pollo-y-coco\/","url_meta":{"origin":12203,"position":4},"title":"Tom Kha Gai: Sopa Thai de pollo y coco","author":"Le-Fort.org","date":"22 de Junio, 2007","format":false,"excerpt":"Receta de una deliciosa sopa de pollo y coco de origen thai. Thom Ka Gai.","rel":"","context":"En &quot;Comida&quot;","block_context":{"text":"Comida","link":"https:\/\/le-fort.org\/cocina\/categoria\/cocina-comida\/"},"img":{"alt_text":"","src":"https:\/\/i0.wp.com\/le-fort.org\/cocina\/wp-content\/uploads\/2015\/05\/Tom-Kha-Gai-Thai-Coconut-Soup.jpg?fit=620%2C413&ssl=1&resize=350%2C200","width":350,"height":200,"srcset":"https:\/\/i0.wp.com\/le-fort.org\/cocina\/wp-content\/uploads\/2015\/05\/Tom-Kha-Gai-Thai-Coconut-Soup.jpg?fit=620%2C413&ssl=1&resize=350%2C200 1x, https:\/\/i0.wp.com\/le-fort.org\/cocina\/wp-content\/uploads\/2015\/05\/Tom-Kha-Gai-Thai-Coconut-Soup.jpg?fit=620%2C413&ssl=1&resize=525%2C300 1.5x"},"classes":[]},{"id":2462,"url":"https:\/\/le-fort.org\/cocina\/la-comida-y-la-suma-de-las-partes\/","url_meta":{"origin":12203,"position":5},"title":"La comida y la Suma de las Partes","author":"Le-Fort.org","date":"25 de Diciembre, 2012","format":false,"excerpt":"Reflexiones sobre la cocina y la transmutaci\u00f3n","rel":"","context":"En &quot;Comida&quot;","block_context":{"text":"Comida","link":"https:\/\/le-fort.org\/cocina\/categoria\/cocina-comida\/"},"img":{"alt_text":"Gastronom\u00eda de la Pen\u00ednsula de Santa Elena, en Ecuador","src":"https:\/\/i0.wp.com\/le-fort.org\/cocina\/wp-content\/uploads\/2015\/04\/santa-elena-hd.jpg?fit=1200%2C400&ssl=1&resize=350%2C200","width":350,"height":200,"srcset":"https:\/\/i0.wp.com\/le-fort.org\/cocina\/wp-content\/uploads\/2015\/04\/santa-elena-hd.jpg?fit=1200%2C400&ssl=1&resize=350%2C200 1x, https:\/\/i0.wp.com\/le-fort.org\/cocina\/wp-content\/uploads\/2015\/04\/santa-elena-hd.jpg?fit=1200%2C400&ssl=1&resize=525%2C300 1.5x, https:\/\/i0.wp.com\/le-fort.org\/cocina\/wp-content\/uploads\/2015\/04\/santa-elena-hd.jpg?fit=1200%2C400&ssl=1&resize=700%2C400 2x, https:\/\/i0.wp.com\/le-fort.org\/cocina\/wp-content\/uploads\/2015\/04\/santa-elena-hd.jpg?fit=1200%2C400&ssl=1&resize=1050%2C600 3x"},"classes":[]}],"_links":{"self":[{"href":"https:\/\/le-fort.org\/cocina\/wp-json\/wp\/v2\/posts\/12203","targetHints":{"allow":["GET"]}}],"collection":[{"href":"https:\/\/le-fort.org\/cocina\/wp-json\/wp\/v2\/posts"}],"about":[{"href":"https:\/\/le-fort.org\/cocina\/wp-json\/wp\/v2\/types\/post"}],"author":[{"embeddable":true,"href":"https:\/\/le-fort.org\/cocina\/wp-json\/wp\/v2\/users\/1"}],"replies":[{"embeddable":true,"href":"https:\/\/le-fort.org\/cocina\/wp-json\/wp\/v2\/comments?post=12203"}],"version-history":[{"count":5,"href":"https:\/\/le-fort.org\/cocina\/wp-json\/wp\/v2\/posts\/12203\/revisions"}],"predecessor-version":[{"id":16307,"href":"https:\/\/le-fort.org\/cocina\/wp-json\/wp\/v2\/posts\/12203\/revisions\/16307"}],"wp:featuredmedia":[{"embeddable":true,"href":"https:\/\/le-fort.org\/cocina\/wp-json\/wp\/v2\/media\/9184"}],"wp:attachment":[{"href":"https:\/\/le-fort.org\/cocina\/wp-json\/wp\/v2\/media?parent=12203"}],"wp:term":[{"taxonomy":"category","embeddable":true,"href":"https:\/\/le-fort.org\/cocina\/wp-json\/wp\/v2\/categories?post=12203"},{"taxonomy":"post_tag","embeddable":true,"href":"https:\/\/le-fort.org\/cocina\/wp-json\/wp\/v2\/tags?post=12203"}],"curies":[{"name":"wp","href":"https:\/\/api.w.org\/{rel}","templated":true}]}}