{"id":123,"date":"2020-04-07T09:08:22","date_gmt":"2020-04-07T14:08:22","guid":{"rendered":"https:\/\/pastry.science\/?p=123"},"modified":"2022-01-07T11:42:16","modified_gmt":"2022-01-07T16:42:16","slug":"creme-caramel","status":"publish","type":"post","link":"https:\/\/le-fort.org\/cocina\/creme-caramel\/","title":{"rendered":"Cr\u00e8me Caramel"},"content":{"rendered":"<p><em>Cr\u00e8me Caramel<\/em> es el nombre cl\u00e1sico para lo que coloquialmente llamamos flan, leche asada, crema volteada, queso de leche, u otros nombres locales. En rigor, hay diferencias dictadas por el uso y el procedimiento, pero podemos agrupar sin temor todas estas preparaciones en una familia.<!--more--><\/p>\n<p>Ya vimos en la <a href=\"https:\/\/loquecomemos.com\/historia-de-la-pasteleria\/\">l\u00ednea de tiempo<\/a> que este postre comienza sus d\u00edas pr\u00e1cticamente como una copia palabra por palabra de la <a href=\"https:\/\/loquecomemos.com\/creme-brulee\/\">cr\u00e8me br\u00fbl\u00e9e<\/a> hasta la parte del desmoldado, y al igual que ella su popularidad resurgi\u00f3 en la d\u00e9cada de 1980 en los restaurantes de los EE.UU., probablemente por su facilidad de producci\u00f3n y servicio.<\/p>\n<h2>Receta de Cr\u00e8me Caramel<\/h2>\n<p><img data-recalc-dims=\"1\" loading=\"lazy\" decoding=\"async\" data-attachment-id=\"16346\" data-permalink=\"https:\/\/le-fort.org\/cocina\/creme-caramel\/creme-caramel-2-2\/\" data-orig-file=\"https:\/\/i0.wp.com\/le-fort.org\/cocina\/wp-content\/uploads\/2020\/04\/creme-caramel-2.jpg?fit=1620%2C1080&amp;ssl=1\" data-orig-size=\"1620,1080\" data-comments-opened=\"0\" data-image-meta=\"{&quot;aperture&quot;:&quot;0&quot;,&quot;credit&quot;:&quot;&quot;,&quot;camera&quot;:&quot;&quot;,&quot;caption&quot;:&quot;&quot;,&quot;created_timestamp&quot;:&quot;0&quot;,&quot;copyright&quot;:&quot;&quot;,&quot;focal_length&quot;:&quot;0&quot;,&quot;iso&quot;:&quot;0&quot;,&quot;shutter_speed&quot;:&quot;0&quot;,&quot;title&quot;:&quot;&quot;,&quot;orientation&quot;:&quot;0&quot;}\" data-image-title=\"creme-caramel-2\" data-image-description=\"\" data-image-caption=\"\" data-large-file=\"https:\/\/i0.wp.com\/le-fort.org\/cocina\/wp-content\/uploads\/2020\/04\/creme-caramel-2.jpg?fit=1200%2C800&amp;ssl=1\" class=\"alignright  wp-image-16346\" src=\"https:\/\/i0.wp.com\/www.le-fort.org\/wp-content\/uploads\/2020\/04\/creme-caramel-2-600x400.jpg?resize=323%2C215&#038;ssl=1\" alt=\"\" width=\"323\" height=\"215\" srcset=\"https:\/\/i0.wp.com\/le-fort.org\/cocina\/wp-content\/uploads\/2020\/04\/creme-caramel-2.jpg?resize=600%2C400&amp;ssl=1 600w, https:\/\/i0.wp.com\/le-fort.org\/cocina\/wp-content\/uploads\/2020\/04\/creme-caramel-2.jpg?resize=1280%2C853&amp;ssl=1 1280w, https:\/\/i0.wp.com\/le-fort.org\/cocina\/wp-content\/uploads\/2020\/04\/creme-caramel-2.jpg?resize=1536%2C1024&amp;ssl=1 1536w, https:\/\/i0.wp.com\/le-fort.org\/cocina\/wp-content\/uploads\/2020\/04\/creme-caramel-2.jpg?w=1620&amp;ssl=1 1620w\" sizes=\"auto, (max-width: 323px) 100vw, 323px\" \/>Receta adaptada desde <i>Baking and pastry: mastering the art and craft.\u00a0<\/i>P\u00e1gina 415<\/p>\n<p>Para 6 porciones de 100g cada una<\/p>\n<h3>Ingredientes<\/h3>\n<ul>\n<li>140g az\u00facar granulada para el caramelo<\/li>\n<li>200g leche<\/li>\n<li>200g crema de leche 35% grasa<\/li>\n<li>50g az\u00facar<\/li>\n<li>1cdta esencia de vainilla<\/li>\n<li>280g huevos<\/li>\n<\/ul>\n<h3>Procedimiento<\/h3>\n<div class=\"cajaDer\">\n<h4>Precauci\u00f3n<\/h4>\n<p>El caramelo est\u00e1 muy caliente, cerca de 180\u00b0C, por lo que <strong>una quemadura con caramelo puede ser grave<\/strong>. Siempre seamos cuidadosos al trabajar con caramelo.<\/p>\n<\/div>\n<ol>\n<li>Preparar el caramelo en una olla a\u00f1adiendo el az\u00facar en peque\u00f1as cantidades y esperando hasta que se derrita completamente antes de a\u00f1adir la siguiente porci\u00f3n de az\u00facar.<\/li>\n<li>Porcionar el caramelo en la base de 6 ramequines<\/li>\n<li>Calentar la leche, la crema y la mitad del az\u00facar<\/li>\n<li>Combinar los huevos y el resto del az\u00facar<\/li>\n<li>Temperar los huevos con peque\u00f1as porciones de la crema caliente sin dejar de remover<\/li>\n<li>Incorporar toda la crema a la mezcla de huevos. No volver al calor. Incorporar la vainilla<\/li>\n<li>\u00a0Cernir, eliminar burbujas y dividir la mezcla en los ramequines<\/li>\n<li>Hornear a 150\u00b0C en ba\u00f1o de agua hasta que cuaje, unos 20 a 25 minutos<\/li>\n<li>Retirar del ba\u00f1o de agua, secar los ramequines, dejar enfriar y refrigerar completamente<\/li>\n<li>Para servir, soltar la crema cuajada del ramequin con una puntilla cuidadosamente, poner un plato de servir sobre el ramequin y voltear. Retirar el ramequin cuidadosamente.<\/li>\n<\/ol>\n<h4>Nota<\/h4>\n<p style=\"padding-left: 40px;\">Es imperativo que la <em>cr\u00e8me caramel<\/em> se mantenga en refrigeraci\u00f3n al menos por 24 horas para que el caramelo se lic\u00fae y forme la salsa caracter\u00edstica de este postre. En general los flanes desmoldados que se sirven al d\u00eda siguiente de su preparaci\u00f3n son un mejor producto.<br \/>\n(<i>Baking and pastry: mastering the art and craft.\u00a0<\/i>P\u00e1gina 395).<\/p>\n<p><img data-recalc-dims=\"1\" loading=\"lazy\" decoding=\"async\" data-attachment-id=\"16343\" data-permalink=\"https:\/\/le-fort.org\/cocina\/creme-caramel\/creme-caramel-3\/\" data-orig-file=\"https:\/\/i0.wp.com\/le-fort.org\/cocina\/wp-content\/uploads\/2020\/04\/creme-caramel-1.jpg?fit=1920%2C1007&amp;ssl=1\" data-orig-size=\"1920,1007\" data-comments-opened=\"0\" data-image-meta=\"{&quot;aperture&quot;:&quot;0&quot;,&quot;credit&quot;:&quot;&quot;,&quot;camera&quot;:&quot;&quot;,&quot;caption&quot;:&quot;&quot;,&quot;created_timestamp&quot;:&quot;0&quot;,&quot;copyright&quot;:&quot;&quot;,&quot;focal_length&quot;:&quot;0&quot;,&quot;iso&quot;:&quot;0&quot;,&quot;shutter_speed&quot;:&quot;0&quot;,&quot;title&quot;:&quot;&quot;,&quot;orientation&quot;:&quot;1&quot;}\" data-image-title=\"creme caramel\" data-image-description=\"\" data-image-caption=\"\" data-large-file=\"https:\/\/i0.wp.com\/le-fort.org\/cocina\/wp-content\/uploads\/2020\/04\/creme-caramel-1.jpg?fit=1200%2C629&amp;ssl=1\" class=\"aligncenter size-full wp-image-16343\" src=\"https:\/\/i0.wp.com\/www.le-fort.org\/wp-content\/uploads\/2020\/04\/creme-caramel-1.jpg?resize=1200%2C629&#038;ssl=1\" alt=\"\" width=\"1200\" height=\"629\" srcset=\"https:\/\/i0.wp.com\/le-fort.org\/cocina\/wp-content\/uploads\/2020\/04\/creme-caramel-1.jpg?w=1920&amp;ssl=1 1920w, https:\/\/i0.wp.com\/le-fort.org\/cocina\/wp-content\/uploads\/2020\/04\/creme-caramel-1.jpg?resize=600%2C315&amp;ssl=1 600w, https:\/\/i0.wp.com\/le-fort.org\/cocina\/wp-content\/uploads\/2020\/04\/creme-caramel-1.jpg?resize=1280%2C671&amp;ssl=1 1280w, https:\/\/i0.wp.com\/le-fort.org\/cocina\/wp-content\/uploads\/2020\/04\/creme-caramel-1.jpg?resize=1536%2C806&amp;ssl=1 1536w\" sizes=\"auto, (max-width: 1200px) 100vw, 1200px\" \/><\/p>\n<h2>Bibliograf\u00eda<\/h2>\n<p>John Wiley &amp; Sons. (2016).\u00a0<i>Baking and pastry: mastering the art and craft<\/i>. Hoboken.<\/p>\n<p>Im\u00e1genes: pxhere y Wikimedia commons.<\/p>\n","protected":false},"excerpt":{"rendered":"<p>Receta de la Cr\u00e8me caramel<\/p>\n","protected":false},"author":2,"featured_media":16344,"comment_status":"open","ping_status":"open","sticky":false,"template":"","format":"standard","meta":{"_jetpack_newsletter_access":"","_jetpack_dont_email_post_to_subs":false,"_jetpack_newsletter_tier_id":0,"_jetpack_memberships_contains_paywalled_content":false,"_jetpack_memberships_contains_paid_content":false,"footnotes":""},"categories":[948],"tags":[953,684,932],"class_list":["post-123","post","type-post","status-publish","format-standard","has-post-thumbnail","hentry","category-postres","tag-b1","tag-receta","tag-semana-1","entry","has-media"],"jetpack_featured_media_url":"https:\/\/i0.wp.com\/le-fort.org\/cocina\/wp-content\/uploads\/2020\/04\/caramel-hd-1.jpg?fit=1500%2C500&ssl=1","jetpack_shortlink":"https:\/\/wp.me\/pghKer-1Z","jetpack_sharing_enabled":true,"jetpack-related-posts":[{"id":6026,"url":"https:\/\/le-fort.org\/cocina\/banoffee-pie-de-caramelo-banana-y-crema\/","url_meta":{"origin":123,"position":0},"title":"Banoffee: Pie de Caramelo, Banana y Crema","author":"Le-Fort.org","date":"1 de Febrero, 2015","format":false,"excerpt":"Receta de Banoffee, un pie de caramelo de leche condensada, banana en rodajas y crema batida muy f\u00e1cil y de r\u00e1pida preparaci\u00f3n.","rel":"","context":"En &quot;Tartas&quot;","block_context":{"text":"Tartas","link":"https:\/\/le-fort.org\/cocina\/categoria\/recetas\/tartas\/"},"img":{"alt_text":"","src":"https:\/\/i0.wp.com\/le-fort.org\/cocina\/wp-content\/uploads\/2015\/02\/banoffee_hd.jpg?fit=1200%2C400&ssl=1&resize=350%2C200","width":350,"height":200,"srcset":"https:\/\/i0.wp.com\/le-fort.org\/cocina\/wp-content\/uploads\/2015\/02\/banoffee_hd.jpg?fit=1200%2C400&ssl=1&resize=350%2C200 1x, https:\/\/i0.wp.com\/le-fort.org\/cocina\/wp-content\/uploads\/2015\/02\/banoffee_hd.jpg?fit=1200%2C400&ssl=1&resize=525%2C300 1.5x, https:\/\/i0.wp.com\/le-fort.org\/cocina\/wp-content\/uploads\/2015\/02\/banoffee_hd.jpg?fit=1200%2C400&ssl=1&resize=700%2C400 2x, https:\/\/i0.wp.com\/le-fort.org\/cocina\/wp-content\/uploads\/2015\/02\/banoffee_hd.jpg?fit=1200%2C400&ssl=1&resize=1050%2C600 3x"},"classes":[]},{"id":75,"url":"https:\/\/le-fort.org\/cocina\/receta-de-leche-asada-flan\/","url_meta":{"origin":123,"position":1},"title":"Receta de Leche Asada conocida tambi\u00e9n como flan","author":"Le-Fort.org","date":"25 de Julio, 2011","format":false,"excerpt":"Receta de Flan, Leche Asada, Queso de Leche, Crema volteada, muchos nombres para una misma preparaci\u00f3n, con leves diferencias si se es purista.","rel":"","context":"En &quot;Comida&quot;","block_context":{"text":"Comida","link":"https:\/\/le-fort.org\/cocina\/categoria\/cocina-comida\/"},"img":{"alt_text":"","src":"https:\/\/i0.wp.com\/le-fort.org\/cocina\/wp-content\/uploads\/2011\/07\/leche-asada.jpg?fit=1200%2C400&ssl=1&resize=350%2C200","width":350,"height":200,"srcset":"https:\/\/i0.wp.com\/le-fort.org\/cocina\/wp-content\/uploads\/2011\/07\/leche-asada.jpg?fit=1200%2C400&ssl=1&resize=350%2C200 1x, https:\/\/i0.wp.com\/le-fort.org\/cocina\/wp-content\/uploads\/2011\/07\/leche-asada.jpg?fit=1200%2C400&ssl=1&resize=525%2C300 1.5x, https:\/\/i0.wp.com\/le-fort.org\/cocina\/wp-content\/uploads\/2011\/07\/leche-asada.jpg?fit=1200%2C400&ssl=1&resize=700%2C400 2x, https:\/\/i0.wp.com\/le-fort.org\/cocina\/wp-content\/uploads\/2011\/07\/leche-asada.jpg?fit=1200%2C400&ssl=1&resize=1050%2C600 3x"},"classes":[]},{"id":13999,"url":"https:\/\/le-fort.org\/cocina\/creme-brulee\/","url_meta":{"origin":123,"position":2},"title":"Cr\u00e8me Br\u00fbl\u00e9e: Lo Dif\u00edcil son las Tildes","author":"Le-Fort.org","date":"13 de Mayo, 2019","format":false,"excerpt":"Receta de Cr\u00eame Brul\u00e9e: R\u00e1pida, sencilla y entretenida.","rel":"","context":"En &quot;Reposter\u00eda&quot;","block_context":{"text":"Reposter\u00eda","link":"https:\/\/le-fort.org\/cocina\/categoria\/reposteria\/"},"img":{"alt_text":"","src":"https:\/\/i0.wp.com\/le-fort.org\/cocina\/wp-content\/uploads\/2019\/04\/brulee-hd.jpg?fit=1200%2C400&ssl=1&resize=350%2C200","width":350,"height":200,"srcset":"https:\/\/i0.wp.com\/le-fort.org\/cocina\/wp-content\/uploads\/2019\/04\/brulee-hd.jpg?fit=1200%2C400&ssl=1&resize=350%2C200 1x, https:\/\/i0.wp.com\/le-fort.org\/cocina\/wp-content\/uploads\/2019\/04\/brulee-hd.jpg?fit=1200%2C400&ssl=1&resize=525%2C300 1.5x, https:\/\/i0.wp.com\/le-fort.org\/cocina\/wp-content\/uploads\/2019\/04\/brulee-hd.jpg?fit=1200%2C400&ssl=1&resize=700%2C400 2x, https:\/\/i0.wp.com\/le-fort.org\/cocina\/wp-content\/uploads\/2019\/04\/brulee-hd.jpg?fit=1200%2C400&ssl=1&resize=1050%2C600 3x"},"classes":[]},{"id":16040,"url":"https:\/\/le-fort.org\/cocina\/creme-brulee-2\/","url_meta":{"origin":123,"position":3},"title":"Cr\u00e8me br\u00fbl\u00e9e","author":"Marell Rojas","date":"25 de Marzo, 2020","format":false,"excerpt":"Crema y caramelo","rel":"","context":"En &quot;Postres&quot;","block_context":{"text":"Postres","link":"https:\/\/le-fort.org\/cocina\/categoria\/postres\/"},"img":{"alt_text":"","src":"https:\/\/i0.wp.com\/le-fort.org\/cocina\/wp-content\/uploads\/2019\/04\/brulee-hd.jpg?fit=1200%2C400&ssl=1&resize=350%2C200","width":350,"height":200,"srcset":"https:\/\/i0.wp.com\/le-fort.org\/cocina\/wp-content\/uploads\/2019\/04\/brulee-hd.jpg?fit=1200%2C400&ssl=1&resize=350%2C200 1x, https:\/\/i0.wp.com\/le-fort.org\/cocina\/wp-content\/uploads\/2019\/04\/brulee-hd.jpg?fit=1200%2C400&ssl=1&resize=525%2C300 1.5x, https:\/\/i0.wp.com\/le-fort.org\/cocina\/wp-content\/uploads\/2019\/04\/brulee-hd.jpg?fit=1200%2C400&ssl=1&resize=700%2C400 2x, https:\/\/i0.wp.com\/le-fort.org\/cocina\/wp-content\/uploads\/2019\/04\/brulee-hd.jpg?fit=1200%2C400&ssl=1&resize=1050%2C600 3x"},"classes":[]},{"id":9193,"url":"https:\/\/le-fort.org\/cocina\/torta-dobos-hungria-chocolate\/","url_meta":{"origin":123,"position":4},"title":"Torta Dobos: De Hungr\u00eda con Amor (y Chocolate)","author":"Le-Fort.org","date":"21 de Marzo, 2017","format":false,"excerpt":"Receta de la torta Dobos, que no es dif\u00edcil pero s\u00ed un poquito laboriosa. Es una de nuestras tortas favoritas porque no es muy dulce y por la textura del caramelo.","rel":"","context":"En &quot;Reposter\u00eda&quot;","block_context":{"text":"Reposter\u00eda","link":"https:\/\/le-fort.org\/cocina\/categoria\/reposteria\/"},"img":{"alt_text":"","src":"https:\/\/i0.wp.com\/le-fort.org\/cocina\/wp-content\/uploads\/2017\/03\/dobos-hd.jpg?fit=1200%2C400&ssl=1&resize=350%2C200","width":350,"height":200,"srcset":"https:\/\/i0.wp.com\/le-fort.org\/cocina\/wp-content\/uploads\/2017\/03\/dobos-hd.jpg?fit=1200%2C400&ssl=1&resize=350%2C200 1x, https:\/\/i0.wp.com\/le-fort.org\/cocina\/wp-content\/uploads\/2017\/03\/dobos-hd.jpg?fit=1200%2C400&ssl=1&resize=525%2C300 1.5x, https:\/\/i0.wp.com\/le-fort.org\/cocina\/wp-content\/uploads\/2017\/03\/dobos-hd.jpg?fit=1200%2C400&ssl=1&resize=700%2C400 2x, https:\/\/i0.wp.com\/le-fort.org\/cocina\/wp-content\/uploads\/2017\/03\/dobos-hd.jpg?fit=1200%2C400&ssl=1&resize=1050%2C600 3x"},"classes":[]},{"id":4136,"url":"https:\/\/le-fort.org\/cocina\/donuts-glaseadas-en-caramelo-al-tocino\/","url_meta":{"origin":123,"position":5},"title":"Donuts Glaseadas en Caramelo al Tocino","author":"Le-Fort.org","date":"9 de Junio, 2013","format":false,"excerpt":"Receta de donuts con salsa de caramelo al tocino. Suena extra\u00f1o pero es maravilloso.","rel":"","context":"En &quot;Recetas&quot;","block_context":{"text":"Recetas","link":"https:\/\/le-fort.org\/cocina\/categoria\/recetas\/"},"img":{"alt_text":"","src":"https:\/\/i0.wp.com\/le-fort.org\/cocina\/wp-content\/uploads\/2013\/06\/donuts-hd.jpg?fit=620%2C250&ssl=1&resize=350%2C200","width":350,"height":200,"srcset":"https:\/\/i0.wp.com\/le-fort.org\/cocina\/wp-content\/uploads\/2013\/06\/donuts-hd.jpg?fit=620%2C250&ssl=1&resize=350%2C200 1x, https:\/\/i0.wp.com\/le-fort.org\/cocina\/wp-content\/uploads\/2013\/06\/donuts-hd.jpg?fit=620%2C250&ssl=1&resize=525%2C300 1.5x"},"classes":[]}],"_links":{"self":[{"href":"https:\/\/le-fort.org\/cocina\/wp-json\/wp\/v2\/posts\/123","targetHints":{"allow":["GET"]}}],"collection":[{"href":"https:\/\/le-fort.org\/cocina\/wp-json\/wp\/v2\/posts"}],"about":[{"href":"https:\/\/le-fort.org\/cocina\/wp-json\/wp\/v2\/types\/post"}],"author":[{"embeddable":true,"href":"https:\/\/le-fort.org\/cocina\/wp-json\/wp\/v2\/users\/2"}],"replies":[{"embeddable":true,"href":"https:\/\/le-fort.org\/cocina\/wp-json\/wp\/v2\/comments?post=123"}],"version-history":[{"count":4,"href":"https:\/\/le-fort.org\/cocina\/wp-json\/wp\/v2\/posts\/123\/revisions"}],"predecessor-version":[{"id":16347,"href":"https:\/\/le-fort.org\/cocina\/wp-json\/wp\/v2\/posts\/123\/revisions\/16347"}],"wp:featuredmedia":[{"embeddable":true,"href":"https:\/\/le-fort.org\/cocina\/wp-json\/wp\/v2\/media\/16344"}],"wp:attachment":[{"href":"https:\/\/le-fort.org\/cocina\/wp-json\/wp\/v2\/media?parent=123"}],"wp:term":[{"taxonomy":"category","embeddable":true,"href":"https:\/\/le-fort.org\/cocina\/wp-json\/wp\/v2\/categories?post=123"},{"taxonomy":"post_tag","embeddable":true,"href":"https:\/\/le-fort.org\/cocina\/wp-json\/wp\/v2\/tags?post=123"}],"curies":[{"name":"wp","href":"https:\/\/api.w.org\/{rel}","templated":true}]}}