{"id":12342,"date":"2018-04-14T07:51:22","date_gmt":"2018-04-14T12:51:22","guid":{"rendered":"https:\/\/www.le-fort.org\/?p=12342"},"modified":"2020-10-27T12:04:36","modified_gmt":"2020-10-27T17:04:36","slug":"babel-vii-comida-india","status":"publish","type":"post","link":"https:\/\/le-fort.org\/cocina\/babel-vii-comida-india\/","title":{"rendered":"Babel VII: Comida India"},"content":{"rendered":"<p>Han pasado casi cuatro meses desde <a href=\"https:\/\/www.le-fort.org\/babel-vi-hanukkah\/\">Babel VI<\/a>, y se supone que \u00edbamos a hacer <a href=\"https:\/\/www.le-fort.org\/babel\/\">Babel<\/a> una vez al mes. En fin. Lleg\u00f3 Babel VII de la mano de un cumplea\u00f1os atrasado.<!--more--><\/p>\n<figure id=\"attachment_12344\" aria-describedby=\"caption-attachment-12344\" style=\"width: 755px\" class=\"wp-caption aligncenter\"><img data-recalc-dims=\"1\" loading=\"lazy\" decoding=\"async\" data-attachment-id=\"12344\" data-permalink=\"https:\/\/le-fort.org\/cocina\/babel-vii-comida-india\/babelvii\/\" data-orig-file=\"https:\/\/i0.wp.com\/le-fort.org\/cocina\/wp-content\/uploads\/2018\/04\/babelvii.jpg?fit=1280%2C720&amp;ssl=1\" data-orig-size=\"1280,720\" data-comments-opened=\"0\" data-image-meta=\"{&quot;aperture&quot;:&quot;0&quot;,&quot;credit&quot;:&quot;&quot;,&quot;camera&quot;:&quot;&quot;,&quot;caption&quot;:&quot;&quot;,&quot;created_timestamp&quot;:&quot;0&quot;,&quot;copyright&quot;:&quot;&quot;,&quot;focal_length&quot;:&quot;0&quot;,&quot;iso&quot;:&quot;0&quot;,&quot;shutter_speed&quot;:&quot;0&quot;,&quot;title&quot;:&quot;&quot;,&quot;orientation&quot;:&quot;0&quot;}\" data-image-title=\"babelvii\" data-image-description=\"\" data-image-caption=\"&lt;p&gt;Babel VII: Comida de la India&lt;\/p&gt;\n\" data-large-file=\"https:\/\/i0.wp.com\/le-fort.org\/cocina\/wp-content\/uploads\/2018\/04\/babelvii.jpg?fit=1200%2C675&amp;ssl=1\" class=\"wp-image-12344 size-large\" src=\"https:\/\/i0.wp.com\/www.le-fort.org\/wp-content\/uploads\/2018\/04\/babelvii-1280x720.jpg?resize=755%2C425&#038;ssl=1\" alt=\"Babel VII: cocina india\" width=\"755\" height=\"425\" srcset=\"https:\/\/i0.wp.com\/le-fort.org\/cocina\/wp-content\/uploads\/2018\/04\/babelvii.jpg?w=1280&amp;ssl=1 1280w, https:\/\/i0.wp.com\/le-fort.org\/cocina\/wp-content\/uploads\/2018\/04\/babelvii.jpg?resize=600%2C338&amp;ssl=1 600w\" sizes=\"auto, (max-width: 755px) 100vw, 755px\" \/><figcaption id=\"caption-attachment-12344\" class=\"wp-caption-text\">La \u00fanica foto decente de Babel VII<\/figcaption><\/figure>\n<p>Asistieron nuestros amigos, la familia V\u00e1squez Moreno, para celebrar el cumplea\u00f1os atrasado de Rosi.<\/p>\n<h2>Men\u00fa de Babel VII<\/h2>\n<p>Nos enfocamos en nuestros cl\u00e1sicos de la cocina india, o quiz\u00e1 m\u00e1s bien anglo india.<\/p>\n<ul>\n<li><a href=\"https:\/\/www.le-fort.org\/receta-de-samosas-vegetarianas\/\">Samosas<\/a> con raita de pepino<img data-recalc-dims=\"1\" loading=\"lazy\" decoding=\"async\" data-attachment-id=\"3495\" data-permalink=\"https:\/\/le-fort.org\/cocina\/receta-de-samosas-vegetarianas\/samosas\/\" data-orig-file=\"https:\/\/i0.wp.com\/le-fort.org\/cocina\/wp-content\/uploads\/2011\/08\/samosas.jpg?fit=640%2C480&amp;ssl=1\" data-orig-size=\"640,480\" data-comments-opened=\"0\" data-image-meta=\"{&quot;aperture&quot;:&quot;0&quot;,&quot;credit&quot;:&quot;&quot;,&quot;camera&quot;:&quot;&quot;,&quot;caption&quot;:&quot;&quot;,&quot;created_timestamp&quot;:&quot;0&quot;,&quot;copyright&quot;:&quot;&quot;,&quot;focal_length&quot;:&quot;0&quot;,&quot;iso&quot;:&quot;0&quot;,&quot;shutter_speed&quot;:&quot;0&quot;,&quot;title&quot;:&quot;&quot;,&quot;orientation&quot;:&quot;0&quot;}\" data-image-title=\"samosas\" data-image-description=\"\" data-image-caption=\"\" data-large-file=\"https:\/\/i0.wp.com\/le-fort.org\/cocina\/wp-content\/uploads\/2011\/08\/samosas.jpg?fit=640%2C480&amp;ssl=1\" class=\"aligncenter size-medium wp-image-3495\" src=\"https:\/\/i0.wp.com\/www.le-fort.org\/wp-content\/uploads\/2011\/08\/samosas-600x450.jpg?resize=600%2C450&#038;ssl=1\" alt=\"\" width=\"600\" height=\"450\" srcset=\"https:\/\/i0.wp.com\/le-fort.org\/cocina\/wp-content\/uploads\/2011\/08\/samosas.jpg?resize=600%2C450&amp;ssl=1 600w, https:\/\/i0.wp.com\/le-fort.org\/cocina\/wp-content\/uploads\/2011\/08\/samosas.jpg?w=640&amp;ssl=1 640w\" sizes=\"auto, (max-width: 600px) 100vw, 600px\" \/><\/li>\n<li><a href=\"https:\/\/www.le-fort.org\/curry-de-koftas\/\">Koftas<\/a> con salsa de tomate<img data-recalc-dims=\"1\" loading=\"lazy\" decoding=\"async\" data-attachment-id=\"5660\" data-permalink=\"https:\/\/le-fort.org\/cocina\/curry-de-koftas\/koftas-listas\/\" data-orig-file=\"https:\/\/i0.wp.com\/le-fort.org\/cocina\/wp-content\/uploads\/2013\/05\/koftas-listas.jpg?fit=700%2C500&amp;ssl=1\" data-orig-size=\"700,500\" data-comments-opened=\"0\" data-image-meta=\"{&quot;aperture&quot;:&quot;0&quot;,&quot;credit&quot;:&quot;&quot;,&quot;camera&quot;:&quot;&quot;,&quot;caption&quot;:&quot;&quot;,&quot;created_timestamp&quot;:&quot;0&quot;,&quot;copyright&quot;:&quot;&quot;,&quot;focal_length&quot;:&quot;0&quot;,&quot;iso&quot;:&quot;0&quot;,&quot;shutter_speed&quot;:&quot;0&quot;,&quot;title&quot;:&quot;&quot;,&quot;orientation&quot;:&quot;0&quot;}\" data-image-title=\"koftas-listas\" data-image-description=\"\" data-image-caption=\"\" data-large-file=\"https:\/\/i0.wp.com\/le-fort.org\/cocina\/wp-content\/uploads\/2013\/05\/koftas-listas.jpg?fit=700%2C500&amp;ssl=1\" class=\"aligncenter size-medium wp-image-5660\" src=\"https:\/\/i0.wp.com\/www.le-fort.org\/wp-content\/uploads\/2013\/05\/koftas-listas-600x429.jpg?resize=600%2C429&#038;ssl=1\" alt=\"\" width=\"600\" height=\"429\" srcset=\"https:\/\/i0.wp.com\/le-fort.org\/cocina\/wp-content\/uploads\/2013\/05\/koftas-listas.jpg?resize=600%2C429&amp;ssl=1 600w, https:\/\/i0.wp.com\/le-fort.org\/cocina\/wp-content\/uploads\/2013\/05\/koftas-listas.jpg?w=700&amp;ssl=1 700w\" sizes=\"auto, (max-width: 600px) 100vw, 600px\" \/><\/li>\n<li><a href=\"https:\/\/www.le-fort.org\/receta-murgh-shahi-korma-pollo-almendras-yoghurt\/\">Murgh Shahi korma<\/a><img data-recalc-dims=\"1\" loading=\"lazy\" decoding=\"async\" data-attachment-id=\"7850\" data-permalink=\"https:\/\/le-fort.org\/cocina\/receta-murgh-shahi-korma-pollo-almendras-yoghurt\/shahi-korma\/\" data-orig-file=\"https:\/\/i0.wp.com\/le-fort.org\/cocina\/wp-content\/uploads\/2011\/07\/shahi-korma.jpg?fit=960%2C639&amp;ssl=1\" data-orig-size=\"960,639\" data-comments-opened=\"0\" data-image-meta=\"{&quot;aperture&quot;:&quot;0&quot;,&quot;credit&quot;:&quot;&quot;,&quot;camera&quot;:&quot;&quot;,&quot;caption&quot;:&quot;&quot;,&quot;created_timestamp&quot;:&quot;0&quot;,&quot;copyright&quot;:&quot;&quot;,&quot;focal_length&quot;:&quot;0&quot;,&quot;iso&quot;:&quot;0&quot;,&quot;shutter_speed&quot;:&quot;0&quot;,&quot;title&quot;:&quot;&quot;,&quot;orientation&quot;:&quot;0&quot;}\" data-image-title=\"shahi-korma\" data-image-description=\"\" data-image-caption=\"\" data-large-file=\"https:\/\/i0.wp.com\/le-fort.org\/cocina\/wp-content\/uploads\/2011\/07\/shahi-korma.jpg?fit=960%2C639&amp;ssl=1\" class=\"aligncenter size-medium wp-image-7850\" src=\"https:\/\/i0.wp.com\/www.le-fort.org\/wp-content\/uploads\/2011\/07\/shahi-korma-600x399.jpg?resize=600%2C399&#038;ssl=1\" alt=\"\" width=\"600\" height=\"399\" srcset=\"https:\/\/i0.wp.com\/le-fort.org\/cocina\/wp-content\/uploads\/2011\/07\/shahi-korma.jpg?resize=600%2C399&amp;ssl=1 600w, https:\/\/i0.wp.com\/le-fort.org\/cocina\/wp-content\/uploads\/2011\/07\/shahi-korma.jpg?w=960&amp;ssl=1 960w\" sizes=\"auto, (max-width: 600px) 100vw, 600px\" \/><\/li>\n<li><a href=\"https:\/\/www.le-fort.org\/mattar-paneer-curry-de-arvejitas-y-queso\/\">Mattar paneer<\/a><img data-recalc-dims=\"1\" loading=\"lazy\" decoding=\"async\" data-attachment-id=\"3656\" data-permalink=\"https:\/\/le-fort.org\/cocina\/mattar-paneer-curry-de-arvejitas-y-queso\/mattar-paneer-listo\/\" data-orig-file=\"https:\/\/i0.wp.com\/le-fort.org\/cocina\/wp-content\/uploads\/2013\/05\/mattar-paneer-listo.jpg?fit=600%2C450&amp;ssl=1\" data-orig-size=\"600,450\" data-comments-opened=\"0\" data-image-meta=\"{&quot;aperture&quot;:&quot;0&quot;,&quot;credit&quot;:&quot;&quot;,&quot;camera&quot;:&quot;&quot;,&quot;caption&quot;:&quot;&quot;,&quot;created_timestamp&quot;:&quot;0&quot;,&quot;copyright&quot;:&quot;&quot;,&quot;focal_length&quot;:&quot;0&quot;,&quot;iso&quot;:&quot;0&quot;,&quot;shutter_speed&quot;:&quot;0&quot;,&quot;title&quot;:&quot;&quot;,&quot;orientation&quot;:&quot;0&quot;}\" data-image-title=\"mattar-paneer-listo\" data-image-description=\"\" data-image-caption=\"\" data-large-file=\"https:\/\/i0.wp.com\/le-fort.org\/cocina\/wp-content\/uploads\/2013\/05\/mattar-paneer-listo.jpg?fit=600%2C450&amp;ssl=1\" class=\"aligncenter size-medium wp-image-3656\" src=\"https:\/\/i0.wp.com\/www.le-fort.org\/wp-content\/uploads\/2013\/05\/mattar-paneer-listo-600x450.jpg?resize=600%2C450&#038;ssl=1\" alt=\"\" width=\"600\" height=\"450\" \/><\/li>\n<li><a href=\"https:\/\/www.le-fort.org\/receta-saag-paneer-espinaca-quesillo\/\">Saag paneer<\/a><img data-recalc-dims=\"1\" loading=\"lazy\" decoding=\"async\" data-attachment-id=\"3836\" data-permalink=\"https:\/\/le-fort.org\/cocina\/receta-saag-paneer-espinaca-quesillo\/saag-paneer-servido\/\" data-orig-file=\"https:\/\/i0.wp.com\/le-fort.org\/cocina\/wp-content\/uploads\/2011\/07\/saag-paneer-servido.jpg?fit=600%2C450&amp;ssl=1\" data-orig-size=\"600,450\" data-comments-opened=\"0\" data-image-meta=\"{&quot;aperture&quot;:&quot;0&quot;,&quot;credit&quot;:&quot;&quot;,&quot;camera&quot;:&quot;&quot;,&quot;caption&quot;:&quot;&quot;,&quot;created_timestamp&quot;:&quot;0&quot;,&quot;copyright&quot;:&quot;&quot;,&quot;focal_length&quot;:&quot;0&quot;,&quot;iso&quot;:&quot;0&quot;,&quot;shutter_speed&quot;:&quot;0&quot;,&quot;title&quot;:&quot;&quot;,&quot;orientation&quot;:&quot;0&quot;}\" data-image-title=\"saag-paneer-servido\" data-image-description=\"\" data-image-caption=\"\" data-large-file=\"https:\/\/i0.wp.com\/le-fort.org\/cocina\/wp-content\/uploads\/2011\/07\/saag-paneer-servido.jpg?fit=600%2C450&amp;ssl=1\" class=\"aligncenter size-medium wp-image-3836\" src=\"https:\/\/i0.wp.com\/www.le-fort.org\/wp-content\/uploads\/2011\/07\/saag-paneer-servido-600x450.jpg?resize=600%2C450&#038;ssl=1\" alt=\"\" width=\"600\" height=\"450\" \/><\/li>\n<li><a href=\"https:\/\/www.le-fort.org\/kashmiri-pulao\/\">Kashmiri pulao<\/a>\n<figure id=\"attachment_10591\" aria-describedby=\"caption-attachment-10591\" style=\"width: 600px\" class=\"wp-caption aligncenter\"><img data-recalc-dims=\"1\" loading=\"lazy\" decoding=\"async\" data-attachment-id=\"10591\" data-permalink=\"https:\/\/le-fort.org\/cocina\/kashmiri-pulao\/kashmiri\/\" data-orig-file=\"https:\/\/i0.wp.com\/le-fort.org\/cocina\/wp-content\/uploads\/2017\/12\/kashmiri.jpg?fit=1280%2C720&amp;ssl=1\" data-orig-size=\"1280,720\" data-comments-opened=\"0\" data-image-meta=\"{&quot;aperture&quot;:&quot;0&quot;,&quot;credit&quot;:&quot;&quot;,&quot;camera&quot;:&quot;&quot;,&quot;caption&quot;:&quot;&quot;,&quot;created_timestamp&quot;:&quot;0&quot;,&quot;copyright&quot;:&quot;&quot;,&quot;focal_length&quot;:&quot;0&quot;,&quot;iso&quot;:&quot;0&quot;,&quot;shutter_speed&quot;:&quot;0&quot;,&quot;title&quot;:&quot;&quot;,&quot;orientation&quot;:&quot;0&quot;}\" data-image-title=\"kashmiri\" data-image-description=\"\" data-image-caption=\"&lt;p&gt;Kashmiri Pulao listo&lt;\/p&gt;\n\" data-large-file=\"https:\/\/i0.wp.com\/le-fort.org\/cocina\/wp-content\/uploads\/2017\/12\/kashmiri.jpg?fit=1200%2C675&amp;ssl=1\" class=\"size-medium wp-image-10591\" src=\"https:\/\/i0.wp.com\/www.le-fort.org\/wp-content\/uploads\/2017\/12\/kashmiri-600x338.jpg?resize=600%2C338&#038;ssl=1\" alt=\"Kashmiri Pulao listo\" width=\"600\" height=\"338\" srcset=\"https:\/\/i0.wp.com\/le-fort.org\/cocina\/wp-content\/uploads\/2017\/12\/kashmiri.jpg?resize=600%2C338&amp;ssl=1 600w, https:\/\/i0.wp.com\/le-fort.org\/cocina\/wp-content\/uploads\/2017\/12\/kashmiri.jpg?w=1280&amp;ssl=1 1280w\" sizes=\"auto, (max-width: 600px) 100vw, 600px\" \/><figcaption id=\"caption-attachment-10591\" class=\"wp-caption-text\">Kashmiri Pulao listo<\/figcaption><\/figure>\n<p>&nbsp;<\/li>\n<\/ul>\n<p>Adem\u00e1s, hicimos vaina (s\u00faper indio, lo sabemos), y de postre hubo un peque\u00f1o malentendido por lo que terminamos con dos postres: un brazo de gitano de chirimoya, y profiteroles que preparamos entrenando para un curso de masa <em>choux<\/em> que dimos al d\u00eda siguiente.<\/p>\n<p>Comimos como chanchitos, lo pasamos muy bien, y como siempre muy agradecidos de los comensales que tanto se sacrificaron, jejejejeje.<\/p>\n<p>Ya estamos pensando en Babel VIII. \u00bfAlguna sugerencia?<\/p>\n","protected":false},"excerpt":{"rendered":"<p>Nos demoramos con Babel VII, pero lleg\u00f3. El tema elegido fue cocina india, y preparamos nuestros favoritos. Se sumaron amigos para una muy buena velada.<\/p>\n","protected":false},"author":1,"featured_media":12343,"comment_status":"closed","ping_status":"closed","sticky":false,"template":"","format":"standard","meta":{"_jetpack_newsletter_access":"","_jetpack_dont_email_post_to_subs":false,"_jetpack_newsletter_tier_id":0,"_jetpack_memberships_contains_paywalled_content":false,"_jetpack_memberships_contains_paid_content":false,"footnotes":""},"categories":[1],"tags":[735],"class_list":["post-12342","post","type-post","status-publish","format-standard","has-post-thumbnail","hentry","category-general","tag-babel","entry","has-media"],"jetpack_featured_media_url":"https:\/\/i0.wp.com\/le-fort.org\/cocina\/wp-content\/uploads\/2018\/04\/babel-vii-hd.jpg?fit=1500%2C500&ssl=1","jetpack_shortlink":"https:\/\/wp.me\/pghKer-3d4","jetpack_sharing_enabled":true,"jetpack-related-posts":[{"id":10873,"url":"https:\/\/le-fort.org\/cocina\/babel-vi-hanukkah\/","url_meta":{"origin":12342,"position":0},"title":"Babel VI: Hanukkah","author":"Le-Fort.org","date":"20 de Diciembre, 2017","format":false,"excerpt":"Hanukkah: la fiesta de las luces.","rel":"","context":"En &quot;Comida&quot;","block_context":{"text":"Comida","link":"https:\/\/le-fort.org\/cocina\/categoria\/cocina-comida\/"},"img":{"alt_text":"","src":"https:\/\/i0.wp.com\/le-fort.org\/cocina\/wp-content\/uploads\/2017\/12\/hanukkah-hd-1.jpg?fit=1200%2C400&ssl=1&resize=350%2C200","width":350,"height":200,"srcset":"https:\/\/i0.wp.com\/le-fort.org\/cocina\/wp-content\/uploads\/2017\/12\/hanukkah-hd-1.jpg?fit=1200%2C400&ssl=1&resize=350%2C200 1x, https:\/\/i0.wp.com\/le-fort.org\/cocina\/wp-content\/uploads\/2017\/12\/hanukkah-hd-1.jpg?fit=1200%2C400&ssl=1&resize=525%2C300 1.5x, https:\/\/i0.wp.com\/le-fort.org\/cocina\/wp-content\/uploads\/2017\/12\/hanukkah-hd-1.jpg?fit=1200%2C400&ssl=1&resize=700%2C400 2x, https:\/\/i0.wp.com\/le-fort.org\/cocina\/wp-content\/uploads\/2017\/12\/hanukkah-hd-1.jpg?fit=1200%2C400&ssl=1&resize=1050%2C600 3x"},"classes":[]},{"id":10620,"url":"https:\/\/le-fort.org\/cocina\/babel-i-dia-del-noqui\/","url_meta":{"origin":12342,"position":1},"title":"Babel I: D\u00eda del \u00d1oqui","author":"Le-Fort.org","date":"29 de Junio, 2017","format":false,"excerpt":"Babel I: D\u00eda del \u00d1oqui. Tradici\u00f3n que guardamos intermitentemente desde hace a\u00f1os. Es un buen comienzo.","rel":"","context":"En &quot;Comida&quot;","block_context":{"text":"Comida","link":"https:\/\/le-fort.org\/cocina\/categoria\/cocina-comida\/"},"img":{"alt_text":"","src":"https:\/\/i0.wp.com\/le-fort.org\/cocina\/wp-content\/uploads\/2017\/12\/babel-grande.jpg?fit=1200%2C400&ssl=1&resize=350%2C200","width":350,"height":200,"srcset":"https:\/\/i0.wp.com\/le-fort.org\/cocina\/wp-content\/uploads\/2017\/12\/babel-grande.jpg?fit=1200%2C400&ssl=1&resize=350%2C200 1x, https:\/\/i0.wp.com\/le-fort.org\/cocina\/wp-content\/uploads\/2017\/12\/babel-grande.jpg?fit=1200%2C400&ssl=1&resize=525%2C300 1.5x, https:\/\/i0.wp.com\/le-fort.org\/cocina\/wp-content\/uploads\/2017\/12\/babel-grande.jpg?fit=1200%2C400&ssl=1&resize=700%2C400 2x, https:\/\/i0.wp.com\/le-fort.org\/cocina\/wp-content\/uploads\/2017\/12\/babel-grande.jpg?fit=1200%2C400&ssl=1&resize=1050%2C600 3x"},"classes":[]},{"id":10644,"url":"https:\/\/le-fort.org\/cocina\/babel-v-pizza-no-pizza\/","url_meta":{"origin":12342,"position":2},"title":"Babel V: Pizza, no Pizza, y Despedida","author":"Le-Fort.org","date":"18 de Noviembre, 2017","format":false,"excerpt":"Babel V uni\u00f3 la pizza y la no pizza: pizzas de EE.UU. y Argentina y no pizzas de Alsacia y Armenia. Buena despedida de nuestra estancia en Nab\u00f3n.","rel":"","context":"En &quot;Comida&quot;","block_context":{"text":"Comida","link":"https:\/\/le-fort.org\/cocina\/categoria\/cocina-comida\/"},"img":{"alt_text":"","src":"https:\/\/i0.wp.com\/le-fort.org\/cocina\/wp-content\/uploads\/2017\/12\/sauerkraut-hd.jpg?fit=1200%2C400&ssl=1&resize=350%2C200","width":350,"height":200,"srcset":"https:\/\/i0.wp.com\/le-fort.org\/cocina\/wp-content\/uploads\/2017\/12\/sauerkraut-hd.jpg?fit=1200%2C400&ssl=1&resize=350%2C200 1x, https:\/\/i0.wp.com\/le-fort.org\/cocina\/wp-content\/uploads\/2017\/12\/sauerkraut-hd.jpg?fit=1200%2C400&ssl=1&resize=525%2C300 1.5x, https:\/\/i0.wp.com\/le-fort.org\/cocina\/wp-content\/uploads\/2017\/12\/sauerkraut-hd.jpg?fit=1200%2C400&ssl=1&resize=700%2C400 2x, https:\/\/i0.wp.com\/le-fort.org\/cocina\/wp-content\/uploads\/2017\/12\/sauerkraut-hd.jpg?fit=1200%2C400&ssl=1&resize=1050%2C600 3x"},"classes":[]},{"id":10823,"url":"https:\/\/le-fort.org\/cocina\/resumen-del-2017\/","url_meta":{"origin":12342,"position":3},"title":"Resumen del 2017","author":"Le-Fort.org","date":"24 de Diciembre, 2017","format":false,"excerpt":"El 2017 fue un buen a\u00f1o en lo que se refiere al quehacer gastron\u00f3mico en la cocina, en el aula y en la mesa. Participamos en bellos proyectos y eventos, conocimos gente buena e interesante y fue un a\u00f1o de cambios y crecimiento, tambi\u00e9n de metas cumplidas. Algunos puntos altos\u2026","rel":"","context":"En &quot;Cavilaciones&quot;","block_context":{"text":"Cavilaciones","link":"https:\/\/le-fort.org\/cocina\/categoria\/cavilaciones\/"},"img":{"alt_text":"","src":"https:\/\/i0.wp.com\/le-fort.org\/cocina\/wp-content\/uploads\/2017\/07\/ambato-hd.jpg?fit=1200%2C400&ssl=1&resize=350%2C200","width":350,"height":200,"srcset":"https:\/\/i0.wp.com\/le-fort.org\/cocina\/wp-content\/uploads\/2017\/07\/ambato-hd.jpg?fit=1200%2C400&ssl=1&resize=350%2C200 1x, https:\/\/i0.wp.com\/le-fort.org\/cocina\/wp-content\/uploads\/2017\/07\/ambato-hd.jpg?fit=1200%2C400&ssl=1&resize=525%2C300 1.5x, https:\/\/i0.wp.com\/le-fort.org\/cocina\/wp-content\/uploads\/2017\/07\/ambato-hd.jpg?fit=1200%2C400&ssl=1&resize=700%2C400 2x, https:\/\/i0.wp.com\/le-fort.org\/cocina\/wp-content\/uploads\/2017\/07\/ambato-hd.jpg?fit=1200%2C400&ssl=1&resize=1050%2C600 3x"},"classes":[]},{"id":11600,"url":"https:\/\/le-fort.org\/cocina\/arte-chef-kids-2016\/","url_meta":{"origin":12342,"position":4},"title":"Vacacional Arte Chef KIDS 2016","author":"Le-Fort.org","date":"11 de Abril, 2016","format":false,"excerpt":"Participamos en el curso vacacional Arte Chef KIDS, de la Escuela de Alta Cocina Arte Chef en Santa Elena. Debido el \u00e9xito obtenido por Arte Chef KIDS y Mini Chef KIDS el a\u00f1o pasado, la Escuela Arte Chef decidi\u00f3 repetir el programa vacacional. Rodrigo se encarg\u00f3 del dise\u00f1o del programa\u2026","rel":"","context":"En &quot;Educaci\u00f3n&quot;","block_context":{"text":"Educaci\u00f3n","link":"https:\/\/le-fort.org\/cocina\/categoria\/educacion\/"},"img":{"alt_text":"","src":"https:\/\/i0.wp.com\/le-fort.org\/cocina\/wp-content\/uploads\/2018\/01\/club-hd.jpg?fit=1200%2C400&ssl=1&resize=350%2C200","width":350,"height":200,"srcset":"https:\/\/i0.wp.com\/le-fort.org\/cocina\/wp-content\/uploads\/2018\/01\/club-hd.jpg?fit=1200%2C400&ssl=1&resize=350%2C200 1x, https:\/\/i0.wp.com\/le-fort.org\/cocina\/wp-content\/uploads\/2018\/01\/club-hd.jpg?fit=1200%2C400&ssl=1&resize=525%2C300 1.5x, https:\/\/i0.wp.com\/le-fort.org\/cocina\/wp-content\/uploads\/2018\/01\/club-hd.jpg?fit=1200%2C400&ssl=1&resize=700%2C400 2x, https:\/\/i0.wp.com\/le-fort.org\/cocina\/wp-content\/uploads\/2018\/01\/club-hd.jpg?fit=1200%2C400&ssl=1&resize=1050%2C600 3x"},"classes":[]},{"id":5597,"url":"https:\/\/le-fort.org\/cocina\/comiendo-indio-con-amigos\/","url_meta":{"origin":12342,"position":5},"title":"Comiendo Indio con Amigos","author":"Le-Fort.org","date":"17 de Agosto, 2014","format":false,"excerpt":"Sugerencias de men\u00fa de cocina india para gente con poca o ninguna experiencia comiendo indio.","rel":"","context":"En &quot;Disquisiciones&quot;","block_context":{"text":"Disquisiciones","link":"https:\/\/le-fort.org\/cocina\/categoria\/disquisiciones\/"},"img":{"alt_text":"","src":"https:\/\/i0.wp.com\/le-fort.org\/cocina\/wp-content\/uploads\/2011\/07\/hd-saag-paneer.jpg?fit=600%2C225&ssl=1&resize=350%2C200","width":350,"height":200,"srcset":"https:\/\/i0.wp.com\/le-fort.org\/cocina\/wp-content\/uploads\/2011\/07\/hd-saag-paneer.jpg?fit=600%2C225&ssl=1&resize=350%2C200 1x, https:\/\/i0.wp.com\/le-fort.org\/cocina\/wp-content\/uploads\/2011\/07\/hd-saag-paneer.jpg?fit=600%2C225&ssl=1&resize=525%2C300 1.5x"},"classes":[]}],"_links":{"self":[{"href":"https:\/\/le-fort.org\/cocina\/wp-json\/wp\/v2\/posts\/12342","targetHints":{"allow":["GET"]}}],"collection":[{"href":"https:\/\/le-fort.org\/cocina\/wp-json\/wp\/v2\/posts"}],"about":[{"href":"https:\/\/le-fort.org\/cocina\/wp-json\/wp\/v2\/types\/post"}],"author":[{"embeddable":true,"href":"https:\/\/le-fort.org\/cocina\/wp-json\/wp\/v2\/users\/1"}],"replies":[{"embeddable":true,"href":"https:\/\/le-fort.org\/cocina\/wp-json\/wp\/v2\/comments?post=12342"}],"version-history":[{"count":1,"href":"https:\/\/le-fort.org\/cocina\/wp-json\/wp\/v2\/posts\/12342\/revisions"}],"predecessor-version":[{"id":15126,"href":"https:\/\/le-fort.org\/cocina\/wp-json\/wp\/v2\/posts\/12342\/revisions\/15126"}],"wp:featuredmedia":[{"embeddable":true,"href":"https:\/\/le-fort.org\/cocina\/wp-json\/wp\/v2\/media\/12343"}],"wp:attachment":[{"href":"https:\/\/le-fort.org\/cocina\/wp-json\/wp\/v2\/media?parent=12342"}],"wp:term":[{"taxonomy":"category","embeddable":true,"href":"https:\/\/le-fort.org\/cocina\/wp-json\/wp\/v2\/categories?post=12342"},{"taxonomy":"post_tag","embeddable":true,"href":"https:\/\/le-fort.org\/cocina\/wp-json\/wp\/v2\/tags?post=12342"}],"curies":[{"name":"wp","href":"https:\/\/api.w.org\/{rel}","templated":true}]}}