{"id":1235,"date":"2011-08-20T11:35:46","date_gmt":"2011-08-20T15:35:46","guid":{"rendered":"http:\/\/www.duarte.cl\/?p=1235"},"modified":"2013-07-03T05:45:29","modified_gmt":"2013-07-03T05:45:29","slug":"receta-de-lasana-vegetariana","status":"publish","type":"post","link":"https:\/\/le-fort.org\/cocina\/receta-de-lasana-vegetariana\/","title":{"rendered":"Receta de Lasa\u00f1a Vegetariana"},"content":{"rendered":"<p>Esta lasa\u00f1a (o lasagna o como se quiera llamar) fue un cl\u00e1sico por varios a\u00f1os. Es vegetariana pero no lo parece (como si importara que no parezca), y es excelente.<\/p>\n<figure id=\"attachment_4587\" aria-describedby=\"caption-attachment-4587\" style=\"width: 400px\" class=\"wp-caption aligncenter\"><img data-recalc-dims=\"1\" loading=\"lazy\" decoding=\"async\" data-attachment-id=\"4587\" data-permalink=\"https:\/\/le-fort.org\/cocina\/receta-de-lasana-vegetariana\/lasagna1000\/\" data-orig-file=\"https:\/\/i0.wp.com\/le-fort.org\/cocina\/wp-content\/uploads\/2011\/08\/lasagna1000.jpg?fit=400%2C300&amp;ssl=1\" data-orig-size=\"400,300\" data-comments-opened=\"0\" data-image-meta=\"{&quot;aperture&quot;:&quot;0&quot;,&quot;credit&quot;:&quot;&quot;,&quot;camera&quot;:&quot;&quot;,&quot;caption&quot;:&quot;&quot;,&quot;created_timestamp&quot;:&quot;0&quot;,&quot;copyright&quot;:&quot;&quot;,&quot;focal_length&quot;:&quot;0&quot;,&quot;iso&quot;:&quot;0&quot;,&quot;shutter_speed&quot;:&quot;0&quot;,&quot;title&quot;:&quot;&quot;,&quot;orientation&quot;:&quot;0&quot;}\" data-image-title=\"lasagna1000\" data-image-description=\"\" data-image-caption=\"&lt;p&gt;Lasa\u00f1a&lt;\/p&gt;\n\" data-large-file=\"https:\/\/i0.wp.com\/le-fort.org\/cocina\/wp-content\/uploads\/2011\/08\/lasagna1000.jpg?fit=400%2C300&amp;ssl=1\" class=\"size-full wp-image-4587\" alt=\"Lasa\u00f1a\" src=\"https:\/\/i0.wp.com\/www.le-fort.org\/wp-content\/uploads\/2011\/08\/lasagna1000.jpg?resize=400%2C300&#038;ssl=1\" width=\"400\" height=\"300\" \/><figcaption id=\"caption-attachment-4587\" class=\"wp-caption-text\">Lasa\u00f1a<\/figcaption><\/figure>\n<p>Se prepara as\u00ed:<!--more--><\/p>\n<h2>Ingredientes<\/h2>\n<ul>\n<li>1 paquete de lasa\u00f1a precocida<\/li>\n<li>16 tajadas de queso chanco<\/li>\n<\/ul>\n<h2>Salsa 1<\/h2>\n<ul>\n<li>1 tarro grande de tomates en conserva<\/li>\n<li>2 bandejas de champignones<\/li>\n<li>2 dientes de ajo<\/li>\n<li>aceite de oliva<\/li>\n<li>sal y pimienta<\/li>\n<li>Albahaca seca (unas 2 cucharadas soperas)<\/li>\n<li>Or\u00e9gano (1 cucharada sopera)<\/li>\n<li>1 taza de nueces picadas<\/li>\n<\/ul>\n<h2>Salsa 2<\/h2>\n<ul>\n<li>2 bolsas de espinacas a la crema congelada<\/li>\n<li>1 pote chico de ricotta (unos 200 grs.)<\/li>\n<li>aceite de oliva<\/li>\n<li>sal y pimienta<\/li>\n<\/ul>\n<h2>Preparaci\u00f3n<\/h2>\n<p><span class=\"Apple-style-span\" style=\"color: #000000; font-weight: bold;\">Salsa 1<\/span><\/p>\n<p>Saltear el ajo en el aceite de oliva, a\u00f1adir las nueces. Cuando las nueces se comiencen a tostar, a\u00f1adir los champignones laminados y saltear hasta que se ablanden. A\u00f1adir los tomates picados, albahaca, or\u00e9gano, sal y pimienta. Revolver hasta que espese<\/p>\n<h2>Salsa 2<\/h2>\n<p>Mezclar todos los ingredientes en una olla y revolver a fuego lento hasta que la espinaca se descongele entera y la salsa est\u00e9 homog\u00e9nea.<\/p>\n<h2>Armado<\/h2>\n<ul>\n<li>Poner un poco de salsa de espinacas en el fondo de un azafate grande.<\/li>\n<li>Poner una capa de masa (unas 3) algo separadas para que se hidraten bien.<\/li>\n<li>Poner una capa de salsa de tomates<\/li>\n<li>Poner 3 tajadas de queso<\/li>\n<li>Poner una capa de masa<\/li>\n<li>Poner una capa de salsa de espinacas<\/li>\n<li>Poner 3 tajadas de queso, etc&#8230; hasta terminar de armar la lasagna.<\/li>\n<li>Dejar 3 tajadas de queso encima.<\/li>\n<\/ul>\n<p>Hornear a horno medio unos 30 min.<\/p>\n<p><img data-recalc-dims=\"1\" loading=\"lazy\" decoding=\"async\" class=\"aligncenter size-full wp-image-1236\" title=\"lasanna\" alt=\"\" src=\"https:\/\/i0.wp.com\/www.duarte.cl\/wp-content\/uploads\/2011\/08\/lasanna.jpg?resize=400%2C300\" width=\"400\" height=\"300\" \/><\/p>\n<p>Cuando se est\u00e9 tostando el queso arriba y burbujeen las salsas, apagar el horno y dejar unos 15 min. m\u00e1s.<\/p>\n<p>Sacar del horno , dejar reposar unos 10 min. y servir.<\/p>\n<p>&nbsp;<\/p>\n","protected":false},"excerpt":{"rendered":"<p>Receta de lasa\u00f1a vegetariana, con relleno de espinaca-ricotta y tomate, adem\u00e1s de much\u00edsimo queso.<\/p>\n","protected":false},"author":1,"featured_media":4588,"comment_status":"open","ping_status":"closed","sticky":false,"template":"","format":"standard","meta":{"_jetpack_newsletter_access":"","_jetpack_dont_email_post_to_subs":false,"_jetpack_newsletter_tier_id":0,"_jetpack_memberships_contains_paywalled_content":false,"_jetpack_memberships_contains_paid_content":false,"footnotes":""},"categories":[2],"tags":[54,56],"class_list":["post-1235","post","type-post","status-publish","format-standard","has-post-thumbnail","hentry","category-recetas","tag-lasagna","tag-vegetariano","entry","has-media"],"jetpack_featured_media_url":"https:\/\/i0.wp.com\/le-fort.org\/cocina\/wp-content\/uploads\/2011\/08\/lasagna.jpg?fit=400%2C300&ssl=1","jetpack_shortlink":"https:\/\/wp.me\/pghKer-jV","jetpack_sharing_enabled":true,"jetpack-related-posts":[{"id":787,"url":"https:\/\/le-fort.org\/cocina\/receta-de-lasagna-de-mil-capas\/","url_meta":{"origin":1235,"position":0},"title":"Receta de Lasagna de mil capas","author":"Le-Fort.org","date":"12 de Agosto, 2011","format":false,"excerpt":"Receta de lasa\u00f1a de mil capas. Requiere m\u00e1quina de hacer pasta.","rel":"","context":"En &quot;Recetas&quot;","block_context":{"text":"Recetas","link":"https:\/\/le-fort.org\/cocina\/categoria\/recetas\/"},"img":{"alt_text":"","src":"https:\/\/i0.wp.com\/le-fort.org\/cocina\/wp-content\/uploads\/2011\/08\/lasagna10002.jpg?fit=400%2C300&ssl=1&resize=350%2C200","width":350,"height":200},"classes":[]},{"id":5242,"url":"https:\/\/le-fort.org\/cocina\/lasana-de-panqueques\/","url_meta":{"origin":1235,"position":1},"title":"Lasa\u00f1a de Panqueques","author":"Le-Fort.org","date":"16 de Febrero, 2014","format":false,"excerpt":"Receta de lasa\u00f1a de panqueques, en que reemplazamos la masa de la lasa\u00f1a por panqueques (cr\u00eapes). F\u00e1cil y m\u00e1s r\u00e1pido de lo que parece.","rel":"","context":"En &quot;Recetas&quot;","block_context":{"text":"Recetas","link":"https:\/\/le-fort.org\/cocina\/categoria\/recetas\/"},"img":{"alt_text":"","src":"https:\/\/i0.wp.com\/le-fort.org\/cocina\/wp-content\/uploads\/2014\/02\/lasanna-panqueques-hd.jpg?fit=1200%2C400&ssl=1&resize=350%2C200","width":350,"height":200,"srcset":"https:\/\/i0.wp.com\/le-fort.org\/cocina\/wp-content\/uploads\/2014\/02\/lasanna-panqueques-hd.jpg?fit=1200%2C400&ssl=1&resize=350%2C200 1x, https:\/\/i0.wp.com\/le-fort.org\/cocina\/wp-content\/uploads\/2014\/02\/lasanna-panqueques-hd.jpg?fit=1200%2C400&ssl=1&resize=525%2C300 1.5x, https:\/\/i0.wp.com\/le-fort.org\/cocina\/wp-content\/uploads\/2014\/02\/lasanna-panqueques-hd.jpg?fit=1200%2C400&ssl=1&resize=700%2C400 2x, https:\/\/i0.wp.com\/le-fort.org\/cocina\/wp-content\/uploads\/2014\/02\/lasanna-panqueques-hd.jpg?fit=1200%2C400&ssl=1&resize=1050%2C600 3x"},"classes":[]},{"id":509,"url":"https:\/\/le-fort.org\/cocina\/receta-saag-paneer-espinaca-quesillo\/","url_meta":{"origin":1235,"position":2},"title":"Receta de Saag Paneer (espinaca con quesillo)","author":"Le-Fort.org","date":"28 de Julio, 2011","format":false,"excerpt":"Receta de Saag Paneer, plato indio de espinaca con quesillo. Es un curry vegetariano.","rel":"","context":"En &quot;Comida&quot;","block_context":{"text":"Comida","link":"https:\/\/le-fort.org\/cocina\/categoria\/cocina-comida\/"},"img":{"alt_text":"","src":"https:\/\/i0.wp.com\/le-fort.org\/cocina\/wp-content\/uploads\/2011\/07\/hd-saag-paneer.jpg?fit=600%2C225&ssl=1&resize=350%2C200","width":350,"height":200,"srcset":"https:\/\/i0.wp.com\/le-fort.org\/cocina\/wp-content\/uploads\/2011\/07\/hd-saag-paneer.jpg?fit=600%2C225&ssl=1&resize=350%2C200 1x, https:\/\/i0.wp.com\/le-fort.org\/cocina\/wp-content\/uploads\/2011\/07\/hd-saag-paneer.jpg?fit=600%2C225&ssl=1&resize=525%2C300 1.5x"},"classes":[]},{"id":5956,"url":"https:\/\/le-fort.org\/cocina\/como-preparar-una-lasana-clasica-con-amor-y-algunos-detalles\/","url_meta":{"origin":1235,"position":3},"title":"C\u00f3mo Preparar una Lasa\u00f1a Cl\u00e1sica: con Amor y Algunos Detalles","author":"Le-Fort.org","date":"14 de Enero, 2015","format":false,"excerpt":"Algunas reflexiones sobre qu\u00e9 constituye una buena lasa\u00f1a: salsa con cari\u00f1o, buena salsa blanca, y queso generoso, adem\u00e1s de otros detalles.","rel":"","context":"En &quot;Disquisiciones&quot;","block_context":{"text":"Disquisiciones","link":"https:\/\/le-fort.org\/cocina\/categoria\/disquisiciones\/"},"img":{"alt_text":"","src":"https:\/\/i0.wp.com\/le-fort.org\/cocina\/wp-content\/uploads\/2015\/01\/lasagna-hd.jpg?fit=1200%2C400&ssl=1&resize=350%2C200","width":350,"height":200,"srcset":"https:\/\/i0.wp.com\/le-fort.org\/cocina\/wp-content\/uploads\/2015\/01\/lasagna-hd.jpg?fit=1200%2C400&ssl=1&resize=350%2C200 1x, https:\/\/i0.wp.com\/le-fort.org\/cocina\/wp-content\/uploads\/2015\/01\/lasagna-hd.jpg?fit=1200%2C400&ssl=1&resize=525%2C300 1.5x, https:\/\/i0.wp.com\/le-fort.org\/cocina\/wp-content\/uploads\/2015\/01\/lasagna-hd.jpg?fit=1200%2C400&ssl=1&resize=700%2C400 2x, https:\/\/i0.wp.com\/le-fort.org\/cocina\/wp-content\/uploads\/2015\/01\/lasagna-hd.jpg?fit=1200%2C400&ssl=1&resize=1050%2C600 3x"},"classes":[]},{"id":5166,"url":"https:\/\/le-fort.org\/cocina\/salsa-de-tomates-rapida-y-natural\/","url_meta":{"origin":1235,"position":4},"title":"Salsa de Tomates R\u00e1pida y Natural","author":"Le-Fort.org","date":"27 de Enero, 2014","format":false,"excerpt":"Receta de salsa r\u00e1pida de tomates naturales, ideal para un paquete de pasta para un almuerzo r\u00e1pido de verano.","rel":"","context":"En &quot;Recetas&quot;","block_context":{"text":"Recetas","link":"https:\/\/le-fort.org\/cocina\/categoria\/recetas\/"},"img":{"alt_text":"","src":"https:\/\/i0.wp.com\/le-fort.org\/cocina\/wp-content\/uploads\/2014\/01\/salsa-de-tomates-hd.jpg?fit=1200%2C400&ssl=1&resize=350%2C200","width":350,"height":200,"srcset":"https:\/\/i0.wp.com\/le-fort.org\/cocina\/wp-content\/uploads\/2014\/01\/salsa-de-tomates-hd.jpg?fit=1200%2C400&ssl=1&resize=350%2C200 1x, https:\/\/i0.wp.com\/le-fort.org\/cocina\/wp-content\/uploads\/2014\/01\/salsa-de-tomates-hd.jpg?fit=1200%2C400&ssl=1&resize=525%2C300 1.5x, https:\/\/i0.wp.com\/le-fort.org\/cocina\/wp-content\/uploads\/2014\/01\/salsa-de-tomates-hd.jpg?fit=1200%2C400&ssl=1&resize=700%2C400 2x, https:\/\/i0.wp.com\/le-fort.org\/cocina\/wp-content\/uploads\/2014\/01\/salsa-de-tomates-hd.jpg?fit=1200%2C400&ssl=1&resize=1050%2C600 3x"},"classes":[]},{"id":3695,"url":"https:\/\/le-fort.org\/cocina\/moussaka\/","url_meta":{"origin":1235,"position":5},"title":"Moussaka","author":"Le-Fort.org","date":"24 de Mayo, 2013","format":false,"excerpt":"Receta de Moussaka: plato griego de berenjenas y salsa de carne y tomates.","rel":"","context":"En &quot;Recetas&quot;","block_context":{"text":"Recetas","link":"https:\/\/le-fort.org\/cocina\/categoria\/recetas\/"},"img":{"alt_text":"","src":"https:\/\/i0.wp.com\/le-fort.org\/cocina\/wp-content\/uploads\/2013\/05\/hd-moussaka.jpg?fit=600%2C225&ssl=1&resize=350%2C200","width":350,"height":200,"srcset":"https:\/\/i0.wp.com\/le-fort.org\/cocina\/wp-content\/uploads\/2013\/05\/hd-moussaka.jpg?fit=600%2C225&ssl=1&resize=350%2C200 1x, https:\/\/i0.wp.com\/le-fort.org\/cocina\/wp-content\/uploads\/2013\/05\/hd-moussaka.jpg?fit=600%2C225&ssl=1&resize=525%2C300 1.5x"},"classes":[]}],"_links":{"self":[{"href":"https:\/\/le-fort.org\/cocina\/wp-json\/wp\/v2\/posts\/1235","targetHints":{"allow":["GET"]}}],"collection":[{"href":"https:\/\/le-fort.org\/cocina\/wp-json\/wp\/v2\/posts"}],"about":[{"href":"https:\/\/le-fort.org\/cocina\/wp-json\/wp\/v2\/types\/post"}],"author":[{"embeddable":true,"href":"https:\/\/le-fort.org\/cocina\/wp-json\/wp\/v2\/users\/1"}],"replies":[{"embeddable":true,"href":"https:\/\/le-fort.org\/cocina\/wp-json\/wp\/v2\/comments?post=1235"}],"version-history":[{"count":0,"href":"https:\/\/le-fort.org\/cocina\/wp-json\/wp\/v2\/posts\/1235\/revisions"}],"wp:featuredmedia":[{"embeddable":true,"href":"https:\/\/le-fort.org\/cocina\/wp-json\/wp\/v2\/media\/4588"}],"wp:attachment":[{"href":"https:\/\/le-fort.org\/cocina\/wp-json\/wp\/v2\/media?parent=1235"}],"wp:term":[{"taxonomy":"category","embeddable":true,"href":"https:\/\/le-fort.org\/cocina\/wp-json\/wp\/v2\/categories?post=1235"},{"taxonomy":"post_tag","embeddable":true,"href":"https:\/\/le-fort.org\/cocina\/wp-json\/wp\/v2\/tags?post=1235"}],"curies":[{"name":"wp","href":"https:\/\/api.w.org\/{rel}","templated":true}]}}