{"id":12542,"date":"2018-05-23T14:10:13","date_gmt":"2018-05-23T19:10:13","guid":{"rendered":"https:\/\/www.le-fort.org\/?p=12542"},"modified":"2022-01-05T10:05:07","modified_gmt":"2022-01-05T15:05:07","slug":"guia-de-tecnicas-culinarias-azogues-canar","status":"publish","type":"post","link":"https:\/\/le-fort.org\/cocina\/guia-de-tecnicas-culinarias-azogues-canar\/","title":{"rendered":"Gu\u00eda de T\u00e9cnicas Culinarias en Azogues, Ca\u00f1ar"},"content":{"rendered":"<p>El 22 de mayo de 2018 estuvimos presentando la <a href=\"https:\/\/www.le-fort.org\/guia-de-tecnicas-culinarias\/\">Gu\u00eda de T\u00e9cnicas Culinarias<\/a> en la hermosa ciudad de Azogues, Ca\u00f1ar, en conjunto con la Asociaci\u00f3n de Chefs del Ecuador de la provincia, representada por el chef Milton Sambonino.<!--more--><\/p>\n<figure id=\"attachment_12545\" aria-describedby=\"caption-attachment-12545\" style=\"width: 755px\" class=\"wp-caption aligncenter\"><img data-recalc-dims=\"1\" loading=\"lazy\" decoding=\"async\" data-attachment-id=\"12545\" data-permalink=\"https:\/\/le-fort.org\/cocina\/guia-de-tecnicas-culinarias-azogues-canar\/img_9509\/\" data-orig-file=\"https:\/\/i0.wp.com\/le-fort.org\/cocina\/wp-content\/uploads\/2018\/05\/IMG_9509.jpg?fit=1500%2C1000&amp;ssl=1\" data-orig-size=\"1500,1000\" data-comments-opened=\"0\" data-image-meta=\"{&quot;aperture&quot;:&quot;9&quot;,&quot;credit&quot;:&quot;Picasa&quot;,&quot;camera&quot;:&quot;Canon EOS REBEL SL1&quot;,&quot;caption&quot;:&quot;&quot;,&quot;created_timestamp&quot;:&quot;1526984802&quot;,&quot;copyright&quot;:&quot;&quot;,&quot;focal_length&quot;:&quot;18&quot;,&quot;iso&quot;:&quot;100&quot;,&quot;shutter_speed&quot;:&quot;0.005&quot;,&quot;title&quot;:&quot;&quot;,&quot;orientation&quot;:&quot;0&quot;}\" data-image-title=\"IMG_9509\" data-image-description=\"\" data-image-caption=\"&lt;p&gt;Nos encanta Azogues&lt;\/p&gt;\n\" data-large-file=\"https:\/\/i0.wp.com\/le-fort.org\/cocina\/wp-content\/uploads\/2018\/05\/IMG_9509.jpg?fit=1200%2C800&amp;ssl=1\" class=\"wp-image-12545 size-large\" src=\"https:\/\/i0.wp.com\/www.le-fort.org\/wp-content\/uploads\/2018\/05\/IMG_9509-1280x853.jpg?resize=755%2C503&#038;ssl=1\" alt=\"Azogues, Ca\u00f1ar\" width=\"755\" height=\"503\" srcset=\"https:\/\/i0.wp.com\/le-fort.org\/cocina\/wp-content\/uploads\/2018\/05\/IMG_9509.jpg?resize=1280%2C853&amp;ssl=1 1280w, https:\/\/i0.wp.com\/le-fort.org\/cocina\/wp-content\/uploads\/2018\/05\/IMG_9509.jpg?resize=600%2C400&amp;ssl=1 600w, https:\/\/i0.wp.com\/le-fort.org\/cocina\/wp-content\/uploads\/2018\/05\/IMG_9509.jpg?w=1500&amp;ssl=1 1500w\" sizes=\"auto, (max-width: 755px) 100vw, 755px\" \/><figcaption id=\"caption-attachment-12545\" class=\"wp-caption-text\">Azogues<\/figcaption><\/figure>\n<h2>Rueda de prensa<\/h2>\n<p>En la ma\u00f1ana tuvimos una rueda de prensa en el GAD municipal en la que contamos sobre la Gu\u00eda y sobre la certificaci\u00f3n SETEC.<\/p>\n<p><img data-recalc-dims=\"1\" loading=\"lazy\" decoding=\"async\" data-attachment-id=\"12546\" data-permalink=\"https:\/\/le-fort.org\/cocina\/guia-de-tecnicas-culinarias-azogues-canar\/img_9511\/\" data-orig-file=\"https:\/\/i0.wp.com\/le-fort.org\/cocina\/wp-content\/uploads\/2018\/05\/IMG_9511.jpg?fit=1500%2C1000&amp;ssl=1\" data-orig-size=\"1500,1000\" data-comments-opened=\"0\" data-image-meta=\"{&quot;aperture&quot;:&quot;4&quot;,&quot;credit&quot;:&quot;Picasa&quot;,&quot;camera&quot;:&quot;Canon EOS REBEL SL1&quot;,&quot;caption&quot;:&quot;&quot;,&quot;created_timestamp&quot;:&quot;1526986531&quot;,&quot;copyright&quot;:&quot;&quot;,&quot;focal_length&quot;:&quot;24&quot;,&quot;iso&quot;:&quot;500&quot;,&quot;shutter_speed&quot;:&quot;0.025&quot;,&quot;title&quot;:&quot;&quot;,&quot;orientation&quot;:&quot;0&quot;}\" data-image-title=\"IMG_9511\" data-image-description=\"\" data-image-caption=\"\" data-large-file=\"https:\/\/i0.wp.com\/le-fort.org\/cocina\/wp-content\/uploads\/2018\/05\/IMG_9511.jpg?fit=1200%2C800&amp;ssl=1\" class=\"aligncenter size-large wp-image-12546\" src=\"https:\/\/i0.wp.com\/www.le-fort.org\/wp-content\/uploads\/2018\/05\/IMG_9511-1280x853.jpg?resize=755%2C503&#038;ssl=1\" alt=\"\" width=\"755\" height=\"503\" srcset=\"https:\/\/i0.wp.com\/le-fort.org\/cocina\/wp-content\/uploads\/2018\/05\/IMG_9511.jpg?resize=1280%2C853&amp;ssl=1 1280w, https:\/\/i0.wp.com\/le-fort.org\/cocina\/wp-content\/uploads\/2018\/05\/IMG_9511.jpg?resize=600%2C400&amp;ssl=1 600w, https:\/\/i0.wp.com\/le-fort.org\/cocina\/wp-content\/uploads\/2018\/05\/IMG_9511.jpg?w=1500&amp;ssl=1 1500w\" sizes=\"auto, (max-width: 755px) 100vw, 755px\" \/> <img data-recalc-dims=\"1\" loading=\"lazy\" decoding=\"async\" data-attachment-id=\"12547\" data-permalink=\"https:\/\/le-fort.org\/cocina\/guia-de-tecnicas-culinarias-azogues-canar\/img_9513\/\" data-orig-file=\"https:\/\/i0.wp.com\/le-fort.org\/cocina\/wp-content\/uploads\/2018\/05\/IMG_9513.jpg?fit=1500%2C1000&amp;ssl=1\" data-orig-size=\"1500,1000\" data-comments-opened=\"0\" data-image-meta=\"{&quot;aperture&quot;:&quot;4.5&quot;,&quot;credit&quot;:&quot;Picasa&quot;,&quot;camera&quot;:&quot;Canon EOS REBEL SL1&quot;,&quot;caption&quot;:&quot;&quot;,&quot;created_timestamp&quot;:&quot;1526986547&quot;,&quot;copyright&quot;:&quot;&quot;,&quot;focal_length&quot;:&quot;35&quot;,&quot;iso&quot;:&quot;1600&quot;,&quot;shutter_speed&quot;:&quot;0.025&quot;,&quot;title&quot;:&quot;&quot;,&quot;orientation&quot;:&quot;0&quot;}\" data-image-title=\"IMG_9513\" data-image-description=\"\" data-image-caption=\"\" data-large-file=\"https:\/\/i0.wp.com\/le-fort.org\/cocina\/wp-content\/uploads\/2018\/05\/IMG_9513.jpg?fit=1200%2C800&amp;ssl=1\" class=\"aligncenter size-large wp-image-12547\" src=\"https:\/\/i0.wp.com\/www.le-fort.org\/wp-content\/uploads\/2018\/05\/IMG_9513-1280x853.jpg?resize=755%2C503&#038;ssl=1\" alt=\"\" width=\"755\" height=\"503\" srcset=\"https:\/\/i0.wp.com\/le-fort.org\/cocina\/wp-content\/uploads\/2018\/05\/IMG_9513.jpg?resize=1280%2C853&amp;ssl=1 1280w, https:\/\/i0.wp.com\/le-fort.org\/cocina\/wp-content\/uploads\/2018\/05\/IMG_9513.jpg?resize=600%2C400&amp;ssl=1 600w, https:\/\/i0.wp.com\/le-fort.org\/cocina\/wp-content\/uploads\/2018\/05\/IMG_9513.jpg?w=1500&amp;ssl=1 1500w\" sizes=\"auto, (max-width: 755px) 100vw, 755px\" \/> <img data-recalc-dims=\"1\" loading=\"lazy\" decoding=\"async\" data-attachment-id=\"12548\" data-permalink=\"https:\/\/le-fort.org\/cocina\/guia-de-tecnicas-culinarias-azogues-canar\/img_9527\/\" data-orig-file=\"https:\/\/i0.wp.com\/le-fort.org\/cocina\/wp-content\/uploads\/2018\/05\/IMG_9527.jpg?fit=1500%2C1000&amp;ssl=1\" data-orig-size=\"1500,1000\" data-comments-opened=\"0\" data-image-meta=\"{&quot;aperture&quot;:&quot;4&quot;,&quot;credit&quot;:&quot;Picasa&quot;,&quot;camera&quot;:&quot;Canon EOS REBEL SL1&quot;,&quot;caption&quot;:&quot;&quot;,&quot;created_timestamp&quot;:&quot;1526988657&quot;,&quot;copyright&quot;:&quot;&quot;,&quot;focal_length&quot;:&quot;31&quot;,&quot;iso&quot;:&quot;1600&quot;,&quot;shutter_speed&quot;:&quot;0.02&quot;,&quot;title&quot;:&quot;&quot;,&quot;orientation&quot;:&quot;0&quot;}\" data-image-title=\"IMG_9527\" data-image-description=\"\" data-image-caption=\"\" data-large-file=\"https:\/\/i0.wp.com\/le-fort.org\/cocina\/wp-content\/uploads\/2018\/05\/IMG_9527.jpg?fit=1200%2C800&amp;ssl=1\" class=\"aligncenter size-large wp-image-12548\" src=\"https:\/\/i0.wp.com\/www.le-fort.org\/wp-content\/uploads\/2018\/05\/IMG_9527-1280x853.jpg?resize=755%2C503&#038;ssl=1\" alt=\"\" width=\"755\" height=\"503\" srcset=\"https:\/\/i0.wp.com\/le-fort.org\/cocina\/wp-content\/uploads\/2018\/05\/IMG_9527.jpg?resize=1280%2C853&amp;ssl=1 1280w, https:\/\/i0.wp.com\/le-fort.org\/cocina\/wp-content\/uploads\/2018\/05\/IMG_9527.jpg?resize=600%2C400&amp;ssl=1 600w, https:\/\/i0.wp.com\/le-fort.org\/cocina\/wp-content\/uploads\/2018\/05\/IMG_9527.jpg?w=1500&amp;ssl=1 1500w\" sizes=\"auto, (max-width: 755px) 100vw, 755px\" \/><\/p>\n<p>Despu\u00e9s de la rueda de prensa, desde el GAD Azogues nos llevaron a un tour a pie por la ciudad. Nos encant\u00f3 el gesto y el paseo.<\/p>\n<h2>Capacitaci\u00f3n<\/h2>\n<p>Despu\u00e9s de almuerzo dictamos una capacitaci\u00f3n sobre la Gu\u00eda de T\u00e9cnicas Culinarias, con ejemplos de arquitectura de platos que combinaron desde lo ancestral hasta lo &#8220;molecular&#8221; Hubo inter\u00e9s por parte de la audiencia en distintos niveles: desde emprendedores gastron\u00f3micos tradicionales hasta chefs que trabajan en la postvanguardia. Intentamos darle algo a todos.<\/p>\n<p>Los ejemplos de arquitectura de platos y emplatados estuvieron a cargo del chef Sambonino.<\/p>\n<figure id=\"attachment_12561\" aria-describedby=\"caption-attachment-12561\" style=\"width: 755px\" class=\"wp-caption aligncenter\"><img data-recalc-dims=\"1\" loading=\"lazy\" decoding=\"async\" data-attachment-id=\"12561\" data-permalink=\"https:\/\/le-fort.org\/cocina\/guia-de-tecnicas-culinarias-azogues-canar\/img_9848\/\" data-orig-file=\"https:\/\/i0.wp.com\/le-fort.org\/cocina\/wp-content\/uploads\/2018\/05\/IMG_9848.jpg?fit=1500%2C1000&amp;ssl=1\" data-orig-size=\"1500,1000\" data-comments-opened=\"0\" data-image-meta=\"{&quot;aperture&quot;:&quot;5&quot;,&quot;credit&quot;:&quot;Picasa&quot;,&quot;camera&quot;:&quot;Canon EOS REBEL SL1&quot;,&quot;caption&quot;:&quot;&quot;,&quot;created_timestamp&quot;:&quot;1527006879&quot;,&quot;copyright&quot;:&quot;&quot;,&quot;focal_length&quot;:&quot;44&quot;,&quot;iso&quot;:&quot;1600&quot;,&quot;shutter_speed&quot;:&quot;0.016666666666667&quot;,&quot;title&quot;:&quot;&quot;,&quot;orientation&quot;:&quot;0&quot;}\" data-image-title=\"IMG_9848\" data-image-description=\"\" data-image-caption=\"&lt;p&gt;Emplatado&lt;\/p&gt;\n\" data-large-file=\"https:\/\/i0.wp.com\/le-fort.org\/cocina\/wp-content\/uploads\/2018\/05\/IMG_9848.jpg?fit=1200%2C800&amp;ssl=1\" class=\"size-large wp-image-12561\" src=\"https:\/\/i0.wp.com\/www.le-fort.org\/wp-content\/uploads\/2018\/05\/IMG_9848-1280x853.jpg?resize=755%2C503&#038;ssl=1\" alt=\"\" width=\"755\" height=\"503\" srcset=\"https:\/\/i0.wp.com\/le-fort.org\/cocina\/wp-content\/uploads\/2018\/05\/IMG_9848.jpg?resize=1280%2C853&amp;ssl=1 1280w, https:\/\/i0.wp.com\/le-fort.org\/cocina\/wp-content\/uploads\/2018\/05\/IMG_9848.jpg?resize=600%2C400&amp;ssl=1 600w, https:\/\/i0.wp.com\/le-fort.org\/cocina\/wp-content\/uploads\/2018\/05\/IMG_9848.jpg?w=1500&amp;ssl=1 1500w\" sizes=\"auto, (max-width: 755px) 100vw, 755px\" \/><figcaption id=\"caption-attachment-12561\" class=\"wp-caption-text\">Emplatado<\/figcaption><\/figure>\n<p>Aqu\u00ed algunas fotos de la tarde<\/p>\n<div class=\"tiled-gallery type-rectangular tiled-gallery-unresized\" data-original-width=\"1200\" data-carousel-extra='{&quot;blog_id&quot;:1,&quot;permalink&quot;:&quot;https:\\\/\\\/le-fort.org\\\/cocina\\\/guia-de-tecnicas-culinarias-azogues-canar\\\/&quot;,&quot;likes_blog_id&quot;:240650671}' itemscope itemtype=\"http:\/\/schema.org\/ImageGallery\" > <div class=\"gallery-row\" style=\"width: 1200px; height: 535px;\" data-original-width=\"1200\" data-original-height=\"535\" > <div class=\"gallery-group images-1\" style=\"width: 801px; height: 535px;\" data-original-width=\"801\" data-original-height=\"535\" > <div class=\"tiled-gallery-item tiled-gallery-item-large\" itemprop=\"associatedMedia\" itemscope itemtype=\"http:\/\/schema.org\/ImageObject\"> <meta itemprop=\"width\" content=\"797\"> <meta itemprop=\"height\" content=\"531\"> <img decoding=\"async\" class=\"\" data-attachment-id=\"12549\" data-orig-file=\"https:\/\/le-fort.org\/cocina\/wp-content\/uploads\/2018\/05\/IMG_9659.jpg\" data-orig-size=\"1500,1000\" data-comments-opened=\"\" data-image-meta=\"{&quot;aperture&quot;:&quot;5.6&quot;,&quot;credit&quot;:&quot;Picasa&quot;,&quot;camera&quot;:&quot;Canon EOS REBEL SL1&quot;,&quot;caption&quot;:&quot;&quot;,&quot;created_timestamp&quot;:&quot;1527004160&quot;,&quot;copyright&quot;:&quot;&quot;,&quot;focal_length&quot;:&quot;45&quot;,&quot;iso&quot;:&quot;1250&quot;,&quot;shutter_speed&quot;:&quot;0.0125&quot;,&quot;title&quot;:&quot;&quot;,&quot;orientation&quot;:&quot;0&quot;}\" data-image-title=\"IMG_9659\" data-image-description=\"\" data-medium-file=\"https:\/\/i0.wp.com\/le-fort.org\/cocina\/wp-content\/uploads\/2018\/05\/IMG_9659.jpg?fit=600%2C400&#038;ssl=1\" data-large-file=\"https:\/\/i0.wp.com\/le-fort.org\/cocina\/wp-content\/uploads\/2018\/05\/IMG_9659.jpg?fit=1200%2C800&#038;ssl=1\" src=\"https:\/\/i0.wp.com\/le-fort.org\/cocina\/wp-content\/uploads\/2018\/05\/IMG_9659.jpg?w=797&#038;h=531&#038;ssl=1\" srcset=\"https:\/\/i0.wp.com\/le-fort.org\/cocina\/wp-content\/uploads\/2018\/05\/IMG_9659.jpg?w=1500&amp;ssl=1 1500w, https:\/\/i0.wp.com\/le-fort.org\/cocina\/wp-content\/uploads\/2018\/05\/IMG_9659.jpg?resize=600%2C400&amp;ssl=1 600w, https:\/\/i0.wp.com\/le-fort.org\/cocina\/wp-content\/uploads\/2018\/05\/IMG_9659.jpg?resize=1280%2C853&amp;ssl=1 1280w\" width=\"797\" height=\"531\" loading=\"lazy\" data-original-width=\"797\" data-original-height=\"531\" itemprop=\"http:\/\/schema.org\/image\" title=\"IMG_9659\" alt=\"Chef Milton Sambonino da la bienvenida\" style=\"width: 797px; height: 531px;\" \/> <div class=\"tiled-gallery-caption\" itemprop=\"caption description\"> Chef Milton Sambonino da la bienvenida <\/div> <\/div> <\/div> <!-- close group --> <div class=\"gallery-group images-2\" style=\"width: 399px; height: 535px;\" data-original-width=\"399\" data-original-height=\"535\" > <div class=\"tiled-gallery-item tiled-gallery-item-large\" itemprop=\"associatedMedia\" itemscope itemtype=\"http:\/\/schema.org\/ImageObject\"> <meta itemprop=\"width\" content=\"395\"> <meta itemprop=\"height\" content=\"264\"> <img decoding=\"async\" class=\"\" data-attachment-id=\"12550\" data-orig-file=\"https:\/\/le-fort.org\/cocina\/wp-content\/uploads\/2018\/05\/IMG_9664.jpg\" data-orig-size=\"1500,1000\" data-comments-opened=\"\" data-image-meta=\"{&quot;aperture&quot;:&quot;5.6&quot;,&quot;credit&quot;:&quot;Picasa&quot;,&quot;camera&quot;:&quot;Canon EOS REBEL SL1&quot;,&quot;caption&quot;:&quot;&quot;,&quot;created_timestamp&quot;:&quot;1527004192&quot;,&quot;copyright&quot;:&quot;&quot;,&quot;focal_length&quot;:&quot;55&quot;,&quot;iso&quot;:&quot;1600&quot;,&quot;shutter_speed&quot;:&quot;0.04&quot;,&quot;title&quot;:&quot;&quot;,&quot;orientation&quot;:&quot;0&quot;}\" data-image-title=\"IMG_9664\" data-image-description=\"\" data-medium-file=\"https:\/\/i0.wp.com\/le-fort.org\/cocina\/wp-content\/uploads\/2018\/05\/IMG_9664.jpg?fit=600%2C400&#038;ssl=1\" data-large-file=\"https:\/\/i0.wp.com\/le-fort.org\/cocina\/wp-content\/uploads\/2018\/05\/IMG_9664.jpg?fit=1200%2C800&#038;ssl=1\" src=\"https:\/\/i0.wp.com\/le-fort.org\/cocina\/wp-content\/uploads\/2018\/05\/IMG_9664.jpg?w=395&#038;h=264&#038;ssl=1\" srcset=\"https:\/\/i0.wp.com\/le-fort.org\/cocina\/wp-content\/uploads\/2018\/05\/IMG_9664.jpg?w=1500&amp;ssl=1 1500w, https:\/\/i0.wp.com\/le-fort.org\/cocina\/wp-content\/uploads\/2018\/05\/IMG_9664.jpg?resize=600%2C400&amp;ssl=1 600w, https:\/\/i0.wp.com\/le-fort.org\/cocina\/wp-content\/uploads\/2018\/05\/IMG_9664.jpg?resize=1280%2C853&amp;ssl=1 1280w\" width=\"395\" height=\"264\" loading=\"lazy\" data-original-width=\"395\" data-original-height=\"264\" itemprop=\"http:\/\/schema.org\/image\" title=\"IMG_9664\" alt=\"Rodrigo le sonr\u00ede a la fotografa\" style=\"width: 395px; height: 264px;\" \/> <div class=\"tiled-gallery-caption\" itemprop=\"caption description\"> Rodrigo le sonr\u00ede a la fotografa <\/div> <\/div> <div class=\"tiled-gallery-item tiled-gallery-item-large\" itemprop=\"associatedMedia\" itemscope itemtype=\"http:\/\/schema.org\/ImageObject\"> <meta itemprop=\"width\" content=\"395\"> <meta itemprop=\"height\" content=\"263\"> <img decoding=\"async\" class=\"\" data-attachment-id=\"12551\" data-orig-file=\"https:\/\/le-fort.org\/cocina\/wp-content\/uploads\/2018\/05\/IMG_9724-copia.jpg\" data-orig-size=\"1500,1000\" data-comments-opened=\"\" data-image-meta=\"{&quot;aperture&quot;:&quot;4&quot;,&quot;credit&quot;:&quot;Picasa&quot;,&quot;camera&quot;:&quot;Canon EOS REBEL SL1&quot;,&quot;caption&quot;:&quot;&quot;,&quot;created_timestamp&quot;:&quot;1527005353&quot;,&quot;copyright&quot;:&quot;&quot;,&quot;focal_length&quot;:&quot;25&quot;,&quot;iso&quot;:&quot;400&quot;,&quot;shutter_speed&quot;:&quot;0.033333333333333&quot;,&quot;title&quot;:&quot;&quot;,&quot;orientation&quot;:&quot;0&quot;}\" data-image-title=\"IMG_9724 &amp;#8211; copia\" data-image-description=\"\" data-medium-file=\"https:\/\/i0.wp.com\/le-fort.org\/cocina\/wp-content\/uploads\/2018\/05\/IMG_9724-copia.jpg?fit=600%2C400&#038;ssl=1\" data-large-file=\"https:\/\/i0.wp.com\/le-fort.org\/cocina\/wp-content\/uploads\/2018\/05\/IMG_9724-copia.jpg?fit=1200%2C800&#038;ssl=1\" src=\"https:\/\/i0.wp.com\/le-fort.org\/cocina\/wp-content\/uploads\/2018\/05\/IMG_9724-copia.jpg?w=395&#038;h=263&#038;ssl=1\" srcset=\"https:\/\/i0.wp.com\/le-fort.org\/cocina\/wp-content\/uploads\/2018\/05\/IMG_9724-copia.jpg?w=1500&amp;ssl=1 1500w, https:\/\/i0.wp.com\/le-fort.org\/cocina\/wp-content\/uploads\/2018\/05\/IMG_9724-copia.jpg?resize=600%2C400&amp;ssl=1 600w, https:\/\/i0.wp.com\/le-fort.org\/cocina\/wp-content\/uploads\/2018\/05\/IMG_9724-copia.jpg?resize=1280%2C853&amp;ssl=1 1280w\" width=\"395\" height=\"263\" loading=\"lazy\" data-original-width=\"395\" data-original-height=\"263\" itemprop=\"http:\/\/schema.org\/image\" title=\"IMG_9724 - copia\" alt=\"Mise en place\" style=\"width: 395px; height: 263px;\" \/> <div class=\"tiled-gallery-caption\" itemprop=\"caption description\"> Mise en place <\/div> <\/div> <\/div> <!-- close group --> <\/div> <!-- close row --> <div class=\"gallery-row\" style=\"width: 1200px; height: 268px;\" data-original-width=\"1200\" data-original-height=\"268\" > <div class=\"gallery-group images-1\" style=\"width: 400px; height: 268px;\" data-original-width=\"400\" data-original-height=\"268\" > <div class=\"tiled-gallery-item tiled-gallery-item-large\" itemprop=\"associatedMedia\" itemscope itemtype=\"http:\/\/schema.org\/ImageObject\"> <meta itemprop=\"width\" content=\"396\"> <meta itemprop=\"height\" content=\"264\"> <img decoding=\"async\" class=\"\" data-attachment-id=\"12552\" data-orig-file=\"https:\/\/le-fort.org\/cocina\/wp-content\/uploads\/2018\/05\/IMG_9756.jpg\" data-orig-size=\"1500,1000\" data-comments-opened=\"\" data-image-meta=\"{&quot;aperture&quot;:&quot;5.6&quot;,&quot;credit&quot;:&quot;Picasa&quot;,&quot;camera&quot;:&quot;Canon EOS REBEL SL1&quot;,&quot;caption&quot;:&quot;&quot;,&quot;created_timestamp&quot;:&quot;1527005516&quot;,&quot;copyright&quot;:&quot;&quot;,&quot;focal_length&quot;:&quot;47&quot;,&quot;iso&quot;:&quot;1600&quot;,&quot;shutter_speed&quot;:&quot;0.016666666666667&quot;,&quot;title&quot;:&quot;&quot;,&quot;orientation&quot;:&quot;0&quot;}\" data-image-title=\"IMG_9756\" data-image-description=\"\" data-medium-file=\"https:\/\/i0.wp.com\/le-fort.org\/cocina\/wp-content\/uploads\/2018\/05\/IMG_9756.jpg?fit=600%2C400&#038;ssl=1\" data-large-file=\"https:\/\/i0.wp.com\/le-fort.org\/cocina\/wp-content\/uploads\/2018\/05\/IMG_9756.jpg?fit=1200%2C800&#038;ssl=1\" src=\"https:\/\/i0.wp.com\/le-fort.org\/cocina\/wp-content\/uploads\/2018\/05\/IMG_9756.jpg?w=396&#038;h=264&#038;ssl=1\" srcset=\"https:\/\/i0.wp.com\/le-fort.org\/cocina\/wp-content\/uploads\/2018\/05\/IMG_9756.jpg?w=1500&amp;ssl=1 1500w, https:\/\/i0.wp.com\/le-fort.org\/cocina\/wp-content\/uploads\/2018\/05\/IMG_9756.jpg?resize=600%2C400&amp;ssl=1 600w, https:\/\/i0.wp.com\/le-fort.org\/cocina\/wp-content\/uploads\/2018\/05\/IMG_9756.jpg?resize=1280%2C853&amp;ssl=1 1280w\" width=\"396\" height=\"264\" loading=\"lazy\" data-original-width=\"396\" data-original-height=\"264\" itemprop=\"http:\/\/schema.org\/image\" title=\"IMG_9756\" alt=\"Explicando la Gu\u00eda\" style=\"width: 396px; height: 264px;\" \/> <div class=\"tiled-gallery-caption\" itemprop=\"caption description\"> Explicando la Gu\u00eda <\/div> <\/div> <\/div> <!-- close group --> <div class=\"gallery-group images-1\" style=\"width: 400px; height: 268px;\" data-original-width=\"400\" data-original-height=\"268\" > <div class=\"tiled-gallery-item tiled-gallery-item-large\" itemprop=\"associatedMedia\" itemscope itemtype=\"http:\/\/schema.org\/ImageObject\"> <meta itemprop=\"width\" content=\"396\"> <meta itemprop=\"height\" content=\"264\"> <img decoding=\"async\" class=\"\" data-attachment-id=\"12553\" data-orig-file=\"https:\/\/le-fort.org\/cocina\/wp-content\/uploads\/2018\/05\/IMG_9797-copia.jpg\" data-orig-size=\"1500,1000\" data-comments-opened=\"\" data-image-meta=\"{&quot;aperture&quot;:&quot;5&quot;,&quot;credit&quot;:&quot;Picasa&quot;,&quot;camera&quot;:&quot;Canon EOS REBEL SL1&quot;,&quot;caption&quot;:&quot;&quot;,&quot;created_timestamp&quot;:&quot;1527005999&quot;,&quot;copyright&quot;:&quot;&quot;,&quot;focal_length&quot;:&quot;41&quot;,&quot;iso&quot;:&quot;400&quot;,&quot;shutter_speed&quot;:&quot;0.016666666666667&quot;,&quot;title&quot;:&quot;&quot;,&quot;orientation&quot;:&quot;0&quot;}\" data-image-title=\"IMG_9797 &amp;#8211; copia\" data-image-description=\"\" data-medium-file=\"https:\/\/i0.wp.com\/le-fort.org\/cocina\/wp-content\/uploads\/2018\/05\/IMG_9797-copia.jpg?fit=600%2C400&#038;ssl=1\" data-large-file=\"https:\/\/i0.wp.com\/le-fort.org\/cocina\/wp-content\/uploads\/2018\/05\/IMG_9797-copia.jpg?fit=1200%2C800&#038;ssl=1\" src=\"https:\/\/i0.wp.com\/le-fort.org\/cocina\/wp-content\/uploads\/2018\/05\/IMG_9797-copia.jpg?w=396&#038;h=264&#038;ssl=1\" srcset=\"https:\/\/i0.wp.com\/le-fort.org\/cocina\/wp-content\/uploads\/2018\/05\/IMG_9797-copia.jpg?w=1500&amp;ssl=1 1500w, https:\/\/i0.wp.com\/le-fort.org\/cocina\/wp-content\/uploads\/2018\/05\/IMG_9797-copia.jpg?resize=600%2C400&amp;ssl=1 600w, https:\/\/i0.wp.com\/le-fort.org\/cocina\/wp-content\/uploads\/2018\/05\/IMG_9797-copia.jpg?resize=1280%2C853&amp;ssl=1 1280w\" width=\"396\" height=\"264\" loading=\"lazy\" data-original-width=\"396\" data-original-height=\"264\" itemprop=\"http:\/\/schema.org\/image\" title=\"IMG_9797 - copia\" alt=\"Hablando de nutrici\u00f3n\" style=\"width: 396px; height: 264px;\" \/> <div class=\"tiled-gallery-caption\" itemprop=\"caption description\"> Hablando de nutrici\u00f3n <\/div> <\/div> <\/div> <!-- close group --> <div class=\"gallery-group images-1\" style=\"width: 400px; height: 268px;\" data-original-width=\"400\" data-original-height=\"268\" > <div class=\"tiled-gallery-item tiled-gallery-item-large\" itemprop=\"associatedMedia\" itemscope itemtype=\"http:\/\/schema.org\/ImageObject\"> <meta itemprop=\"width\" content=\"396\"> <meta itemprop=\"height\" content=\"264\"> <img decoding=\"async\" class=\"\" data-attachment-id=\"12554\" data-orig-file=\"https:\/\/le-fort.org\/cocina\/wp-content\/uploads\/2018\/05\/IMG_9800.jpg\" data-orig-size=\"1500,1000\" data-comments-opened=\"\" data-image-meta=\"{&quot;aperture&quot;:&quot;5.6&quot;,&quot;credit&quot;:&quot;Picasa&quot;,&quot;camera&quot;:&quot;Canon EOS REBEL SL1&quot;,&quot;caption&quot;:&quot;&quot;,&quot;created_timestamp&quot;:&quot;1527006034&quot;,&quot;copyright&quot;:&quot;&quot;,&quot;focal_length&quot;:&quot;48&quot;,&quot;iso&quot;:&quot;1600&quot;,&quot;shutter_speed&quot;:&quot;0.025&quot;,&quot;title&quot;:&quot;&quot;,&quot;orientation&quot;:&quot;0&quot;}\" data-image-title=\"IMG_9800\" data-image-description=\"\" data-medium-file=\"https:\/\/i0.wp.com\/le-fort.org\/cocina\/wp-content\/uploads\/2018\/05\/IMG_9800.jpg?fit=600%2C400&#038;ssl=1\" data-large-file=\"https:\/\/i0.wp.com\/le-fort.org\/cocina\/wp-content\/uploads\/2018\/05\/IMG_9800.jpg?fit=1200%2C800&#038;ssl=1\" src=\"https:\/\/i0.wp.com\/le-fort.org\/cocina\/wp-content\/uploads\/2018\/05\/IMG_9800.jpg?w=396&#038;h=264&#038;ssl=1\" srcset=\"https:\/\/i0.wp.com\/le-fort.org\/cocina\/wp-content\/uploads\/2018\/05\/IMG_9800.jpg?w=1500&amp;ssl=1 1500w, https:\/\/i0.wp.com\/le-fort.org\/cocina\/wp-content\/uploads\/2018\/05\/IMG_9800.jpg?resize=600%2C400&amp;ssl=1 600w, https:\/\/i0.wp.com\/le-fort.org\/cocina\/wp-content\/uploads\/2018\/05\/IMG_9800.jpg?resize=1280%2C853&amp;ssl=1 1280w\" width=\"396\" height=\"264\" loading=\"lazy\" data-original-width=\"396\" data-original-height=\"264\" itemprop=\"http:\/\/schema.org\/image\" title=\"IMG_9800\" alt=\"Emplatado\" style=\"width: 396px; height: 264px;\" \/> <div class=\"tiled-gallery-caption\" itemprop=\"caption description\"> Emplatado <\/div> <\/div> <\/div> <!-- close group --> <\/div> <!-- close row --> <div class=\"gallery-row\" style=\"width: 1200px; height: 535px;\" data-original-width=\"1200\" data-original-height=\"535\" > <div class=\"gallery-group images-2\" style=\"width: 399px; height: 535px;\" data-original-width=\"399\" data-original-height=\"535\" > <div class=\"tiled-gallery-item tiled-gallery-item-large\" itemprop=\"associatedMedia\" itemscope itemtype=\"http:\/\/schema.org\/ImageObject\"> <meta itemprop=\"width\" content=\"395\"> <meta itemprop=\"height\" content=\"264\"> <img decoding=\"async\" class=\"\" data-attachment-id=\"12555\" data-orig-file=\"https:\/\/le-fort.org\/cocina\/wp-content\/uploads\/2018\/05\/IMG_9807-copia.jpg\" data-orig-size=\"1500,1000\" data-comments-opened=\"\" data-image-meta=\"{&quot;aperture&quot;:&quot;5&quot;,&quot;credit&quot;:&quot;Picasa&quot;,&quot;camera&quot;:&quot;Canon EOS REBEL SL1&quot;,&quot;caption&quot;:&quot;&quot;,&quot;created_timestamp&quot;:&quot;1527006086&quot;,&quot;copyright&quot;:&quot;&quot;,&quot;focal_length&quot;:&quot;46&quot;,&quot;iso&quot;:&quot;1250&quot;,&quot;shutter_speed&quot;:&quot;0.016666666666667&quot;,&quot;title&quot;:&quot;&quot;,&quot;orientation&quot;:&quot;0&quot;}\" data-image-title=\"IMG_9807 &amp;#8211; copia\" data-image-description=\"\" data-medium-file=\"https:\/\/i0.wp.com\/le-fort.org\/cocina\/wp-content\/uploads\/2018\/05\/IMG_9807-copia.jpg?fit=600%2C400&#038;ssl=1\" data-large-file=\"https:\/\/i0.wp.com\/le-fort.org\/cocina\/wp-content\/uploads\/2018\/05\/IMG_9807-copia.jpg?fit=1200%2C800&#038;ssl=1\" src=\"https:\/\/i0.wp.com\/le-fort.org\/cocina\/wp-content\/uploads\/2018\/05\/IMG_9807-copia.jpg?w=395&#038;h=264&#038;ssl=1\" srcset=\"https:\/\/i0.wp.com\/le-fort.org\/cocina\/wp-content\/uploads\/2018\/05\/IMG_9807-copia.jpg?w=1500&amp;ssl=1 1500w, https:\/\/i0.wp.com\/le-fort.org\/cocina\/wp-content\/uploads\/2018\/05\/IMG_9807-copia.jpg?resize=600%2C400&amp;ssl=1 600w, https:\/\/i0.wp.com\/le-fort.org\/cocina\/wp-content\/uploads\/2018\/05\/IMG_9807-copia.jpg?resize=1280%2C853&amp;ssl=1 1280w\" width=\"395\" height=\"264\" loading=\"lazy\" data-original-width=\"395\" data-original-height=\"264\" itemprop=\"http:\/\/schema.org\/image\" title=\"IMG_9807 - copia\" alt=\"Emplatado\" style=\"width: 395px; height: 264px;\" \/> <div class=\"tiled-gallery-caption\" itemprop=\"caption description\"> Emplatado <\/div> <\/div> <div class=\"tiled-gallery-item tiled-gallery-item-large\" itemprop=\"associatedMedia\" itemscope itemtype=\"http:\/\/schema.org\/ImageObject\"> <meta itemprop=\"width\" content=\"395\"> <meta itemprop=\"height\" content=\"263\"> <img decoding=\"async\" class=\"\" data-attachment-id=\"12556\" data-orig-file=\"https:\/\/le-fort.org\/cocina\/wp-content\/uploads\/2018\/05\/IMG_9815.jpg\" data-orig-size=\"1500,1000\" data-comments-opened=\"\" data-image-meta=\"{&quot;aperture&quot;:&quot;5.6&quot;,&quot;credit&quot;:&quot;Picasa&quot;,&quot;camera&quot;:&quot;Canon EOS REBEL SL1&quot;,&quot;caption&quot;:&quot;&quot;,&quot;created_timestamp&quot;:&quot;1527006224&quot;,&quot;copyright&quot;:&quot;&quot;,&quot;focal_length&quot;:&quot;55&quot;,&quot;iso&quot;:&quot;1600&quot;,&quot;shutter_speed&quot;:&quot;0.01&quot;,&quot;title&quot;:&quot;&quot;,&quot;orientation&quot;:&quot;0&quot;}\" data-image-title=\"IMG_9815\" data-image-description=\"\" data-medium-file=\"https:\/\/i0.wp.com\/le-fort.org\/cocina\/wp-content\/uploads\/2018\/05\/IMG_9815.jpg?fit=600%2C400&#038;ssl=1\" data-large-file=\"https:\/\/i0.wp.com\/le-fort.org\/cocina\/wp-content\/uploads\/2018\/05\/IMG_9815.jpg?fit=1200%2C800&#038;ssl=1\" src=\"https:\/\/i0.wp.com\/le-fort.org\/cocina\/wp-content\/uploads\/2018\/05\/IMG_9815.jpg?w=395&#038;h=263&#038;ssl=1\" srcset=\"https:\/\/i0.wp.com\/le-fort.org\/cocina\/wp-content\/uploads\/2018\/05\/IMG_9815.jpg?w=1500&amp;ssl=1 1500w, https:\/\/i0.wp.com\/le-fort.org\/cocina\/wp-content\/uploads\/2018\/05\/IMG_9815.jpg?resize=600%2C400&amp;ssl=1 600w, https:\/\/i0.wp.com\/le-fort.org\/cocina\/wp-content\/uploads\/2018\/05\/IMG_9815.jpg?resize=1280%2C853&amp;ssl=1 1280w\" width=\"395\" height=\"263\" loading=\"lazy\" data-original-width=\"395\" data-original-height=\"263\" itemprop=\"http:\/\/schema.org\/image\" title=\"IMG_9815\" alt=\"Asistentes\" style=\"width: 395px; height: 263px;\" \/> <div class=\"tiled-gallery-caption\" itemprop=\"caption description\"> Asistentes <\/div> <\/div> <\/div> <!-- close group --> <div class=\"gallery-group images-1\" style=\"width: 801px; height: 535px;\" data-original-width=\"801\" data-original-height=\"535\" > <div class=\"tiled-gallery-item tiled-gallery-item-large\" itemprop=\"associatedMedia\" itemscope itemtype=\"http:\/\/schema.org\/ImageObject\"> <meta itemprop=\"width\" content=\"797\"> <meta itemprop=\"height\" content=\"531\"> <img decoding=\"async\" class=\"\" data-attachment-id=\"12557\" data-orig-file=\"https:\/\/le-fort.org\/cocina\/wp-content\/uploads\/2018\/05\/IMG_9820.jpg\" data-orig-size=\"1500,1000\" data-comments-opened=\"\" data-image-meta=\"{&quot;aperture&quot;:&quot;4&quot;,&quot;credit&quot;:&quot;Picasa&quot;,&quot;camera&quot;:&quot;Canon EOS REBEL SL1&quot;,&quot;caption&quot;:&quot;&quot;,&quot;created_timestamp&quot;:&quot;1527006390&quot;,&quot;copyright&quot;:&quot;&quot;,&quot;focal_length&quot;:&quot;24&quot;,&quot;iso&quot;:&quot;200&quot;,&quot;shutter_speed&quot;:&quot;0.033333333333333&quot;,&quot;title&quot;:&quot;&quot;,&quot;orientation&quot;:&quot;0&quot;}\" data-image-title=\"IMG_9820\" data-image-description=\"\" data-medium-file=\"https:\/\/i0.wp.com\/le-fort.org\/cocina\/wp-content\/uploads\/2018\/05\/IMG_9820.jpg?fit=600%2C400&#038;ssl=1\" data-large-file=\"https:\/\/i0.wp.com\/le-fort.org\/cocina\/wp-content\/uploads\/2018\/05\/IMG_9820.jpg?fit=1200%2C800&#038;ssl=1\" src=\"https:\/\/i0.wp.com\/le-fort.org\/cocina\/wp-content\/uploads\/2018\/05\/IMG_9820.jpg?w=797&#038;h=531&#038;ssl=1\" srcset=\"https:\/\/i0.wp.com\/le-fort.org\/cocina\/wp-content\/uploads\/2018\/05\/IMG_9820.jpg?w=1500&amp;ssl=1 1500w, https:\/\/i0.wp.com\/le-fort.org\/cocina\/wp-content\/uploads\/2018\/05\/IMG_9820.jpg?resize=600%2C400&amp;ssl=1 600w, https:\/\/i0.wp.com\/le-fort.org\/cocina\/wp-content\/uploads\/2018\/05\/IMG_9820.jpg?resize=1280%2C853&amp;ssl=1 1280w\" width=\"797\" height=\"531\" loading=\"lazy\" data-original-width=\"797\" data-original-height=\"531\" itemprop=\"http:\/\/schema.org\/image\" title=\"IMG_9820\" alt=\"Denis presentando platos\" style=\"width: 797px; height: 531px;\" \/> <div class=\"tiled-gallery-caption\" itemprop=\"caption description\"> Denis presentando platos <\/div> <\/div> <\/div> <!-- close group --> <\/div> <!-- close row --> <div class=\"gallery-row\" style=\"width: 1200px; height: 401px;\" data-original-width=\"1200\" data-original-height=\"401\" > <div class=\"gallery-group images-1\" style=\"width: 600px; height: 401px;\" data-original-width=\"600\" data-original-height=\"401\" > <div class=\"tiled-gallery-item tiled-gallery-item-large\" itemprop=\"associatedMedia\" itemscope itemtype=\"http:\/\/schema.org\/ImageObject\"> <meta itemprop=\"width\" content=\"596\"> <meta itemprop=\"height\" content=\"397\"> <img decoding=\"async\" class=\"\" data-attachment-id=\"12558\" data-orig-file=\"https:\/\/le-fort.org\/cocina\/wp-content\/uploads\/2018\/05\/IMG_9824.jpg\" data-orig-size=\"1500,1000\" data-comments-opened=\"\" data-image-meta=\"{&quot;aperture&quot;:&quot;4&quot;,&quot;credit&quot;:&quot;Picasa&quot;,&quot;camera&quot;:&quot;Canon EOS REBEL SL1&quot;,&quot;caption&quot;:&quot;&quot;,&quot;created_timestamp&quot;:&quot;1527006415&quot;,&quot;copyright&quot;:&quot;&quot;,&quot;focal_length&quot;:&quot;31&quot;,&quot;iso&quot;:&quot;800&quot;,&quot;shutter_speed&quot;:&quot;0.025&quot;,&quot;title&quot;:&quot;&quot;,&quot;orientation&quot;:&quot;0&quot;}\" data-image-title=\"IMG_9824\" data-image-description=\"\" data-medium-file=\"https:\/\/i0.wp.com\/le-fort.org\/cocina\/wp-content\/uploads\/2018\/05\/IMG_9824.jpg?fit=600%2C400&#038;ssl=1\" data-large-file=\"https:\/\/i0.wp.com\/le-fort.org\/cocina\/wp-content\/uploads\/2018\/05\/IMG_9824.jpg?fit=1200%2C800&#038;ssl=1\" src=\"https:\/\/i0.wp.com\/le-fort.org\/cocina\/wp-content\/uploads\/2018\/05\/IMG_9824.jpg?w=596&#038;h=397&#038;ssl=1\" srcset=\"https:\/\/i0.wp.com\/le-fort.org\/cocina\/wp-content\/uploads\/2018\/05\/IMG_9824.jpg?w=1500&amp;ssl=1 1500w, https:\/\/i0.wp.com\/le-fort.org\/cocina\/wp-content\/uploads\/2018\/05\/IMG_9824.jpg?resize=600%2C400&amp;ssl=1 600w, https:\/\/i0.wp.com\/le-fort.org\/cocina\/wp-content\/uploads\/2018\/05\/IMG_9824.jpg?resize=1280%2C853&amp;ssl=1 1280w\" width=\"596\" height=\"397\" loading=\"lazy\" data-original-width=\"596\" data-original-height=\"397\" itemprop=\"http:\/\/schema.org\/image\" title=\"IMG_9824\" alt=\"Plato gourmet\" style=\"width: 596px; height: 397px;\" \/> <\/div> <\/div> <!-- close group --> <div class=\"gallery-group images-1\" style=\"width: 600px; height: 401px;\" data-original-width=\"600\" data-original-height=\"401\" > <div class=\"tiled-gallery-item tiled-gallery-item-large\" itemprop=\"associatedMedia\" itemscope itemtype=\"http:\/\/schema.org\/ImageObject\"> <meta itemprop=\"width\" content=\"596\"> <meta itemprop=\"height\" content=\"397\"> <img decoding=\"async\" class=\"\" data-attachment-id=\"12559\" data-orig-file=\"https:\/\/le-fort.org\/cocina\/wp-content\/uploads\/2018\/05\/IMG_9840-copia.jpg\" data-orig-size=\"1500,1000\" data-comments-opened=\"\" data-image-meta=\"{&quot;aperture&quot;:&quot;5&quot;,&quot;credit&quot;:&quot;Picasa&quot;,&quot;camera&quot;:&quot;Canon EOS REBEL SL1&quot;,&quot;caption&quot;:&quot;&quot;,&quot;created_timestamp&quot;:&quot;1527006698&quot;,&quot;copyright&quot;:&quot;&quot;,&quot;focal_length&quot;:&quot;39&quot;,&quot;iso&quot;:&quot;1000&quot;,&quot;shutter_speed&quot;:&quot;0.02&quot;,&quot;title&quot;:&quot;&quot;,&quot;orientation&quot;:&quot;0&quot;}\" data-image-title=\"IMG_9840 &amp;#8211; copia\" data-image-description=\"\" data-medium-file=\"https:\/\/i0.wp.com\/le-fort.org\/cocina\/wp-content\/uploads\/2018\/05\/IMG_9840-copia.jpg?fit=600%2C400&#038;ssl=1\" data-large-file=\"https:\/\/i0.wp.com\/le-fort.org\/cocina\/wp-content\/uploads\/2018\/05\/IMG_9840-copia.jpg?fit=1200%2C800&#038;ssl=1\" src=\"https:\/\/i0.wp.com\/le-fort.org\/cocina\/wp-content\/uploads\/2018\/05\/IMG_9840-copia.jpg?w=596&#038;h=397&#038;ssl=1\" srcset=\"https:\/\/i0.wp.com\/le-fort.org\/cocina\/wp-content\/uploads\/2018\/05\/IMG_9840-copia.jpg?w=1500&amp;ssl=1 1500w, https:\/\/i0.wp.com\/le-fort.org\/cocina\/wp-content\/uploads\/2018\/05\/IMG_9840-copia.jpg?resize=600%2C400&amp;ssl=1 600w, https:\/\/i0.wp.com\/le-fort.org\/cocina\/wp-content\/uploads\/2018\/05\/IMG_9840-copia.jpg?resize=1280%2C853&amp;ssl=1 1280w\" width=\"596\" height=\"397\" loading=\"lazy\" data-original-width=\"596\" data-original-height=\"397\" itemprop=\"http:\/\/schema.org\/image\" title=\"IMG_9840 - copia\" alt=\"Emplatado\" style=\"width: 596px; height: 397px;\" \/> <div class=\"tiled-gallery-caption\" itemprop=\"caption description\"> Emplatado <\/div> <\/div> <\/div> <!-- close group --> <\/div> <!-- close row --> <div class=\"gallery-row\" style=\"width: 1200px; height: 535px;\" data-original-width=\"1200\" data-original-height=\"535\" > <div class=\"gallery-group images-1\" style=\"width: 801px; height: 535px;\" data-original-width=\"801\" data-original-height=\"535\" > <div class=\"tiled-gallery-item tiled-gallery-item-large\" itemprop=\"associatedMedia\" itemscope itemtype=\"http:\/\/schema.org\/ImageObject\"> <meta itemprop=\"width\" content=\"797\"> <meta itemprop=\"height\" content=\"531\"> <img decoding=\"async\" class=\"\" data-attachment-id=\"12560\" data-orig-file=\"https:\/\/le-fort.org\/cocina\/wp-content\/uploads\/2018\/05\/IMG_9841.jpg\" data-orig-size=\"1500,1000\" data-comments-opened=\"\" data-image-meta=\"{&quot;aperture&quot;:&quot;4.5&quot;,&quot;credit&quot;:&quot;Picasa&quot;,&quot;camera&quot;:&quot;Canon EOS REBEL SL1&quot;,&quot;caption&quot;:&quot;&quot;,&quot;created_timestamp&quot;:&quot;1527006708&quot;,&quot;copyright&quot;:&quot;&quot;,&quot;focal_length&quot;:&quot;34&quot;,&quot;iso&quot;:&quot;1250&quot;,&quot;shutter_speed&quot;:&quot;0.02&quot;,&quot;title&quot;:&quot;&quot;,&quot;orientation&quot;:&quot;0&quot;}\" data-image-title=\"IMG_9841\" data-image-description=\"\" data-medium-file=\"https:\/\/i0.wp.com\/le-fort.org\/cocina\/wp-content\/uploads\/2018\/05\/IMG_9841.jpg?fit=600%2C400&#038;ssl=1\" data-large-file=\"https:\/\/i0.wp.com\/le-fort.org\/cocina\/wp-content\/uploads\/2018\/05\/IMG_9841.jpg?fit=1200%2C800&#038;ssl=1\" src=\"https:\/\/i0.wp.com\/le-fort.org\/cocina\/wp-content\/uploads\/2018\/05\/IMG_9841.jpg?w=797&#038;h=531&#038;ssl=1\" srcset=\"https:\/\/i0.wp.com\/le-fort.org\/cocina\/wp-content\/uploads\/2018\/05\/IMG_9841.jpg?w=1500&amp;ssl=1 1500w, https:\/\/i0.wp.com\/le-fort.org\/cocina\/wp-content\/uploads\/2018\/05\/IMG_9841.jpg?resize=600%2C400&amp;ssl=1 600w, https:\/\/i0.wp.com\/le-fort.org\/cocina\/wp-content\/uploads\/2018\/05\/IMG_9841.jpg?resize=1280%2C853&amp;ssl=1 1280w\" width=\"797\" height=\"531\" loading=\"lazy\" data-original-width=\"797\" data-original-height=\"531\" itemprop=\"http:\/\/schema.org\/image\" title=\"IMG_9841\" alt=\"Emplatados\" style=\"width: 797px; height: 531px;\" \/> <div class=\"tiled-gallery-caption\" itemprop=\"caption description\"> Emplatados <\/div> <\/div> <\/div> <!-- close group --> <div class=\"gallery-group images-2\" style=\"width: 399px; height: 535px;\" data-original-width=\"399\" data-original-height=\"535\" > <div class=\"tiled-gallery-item tiled-gallery-item-large\" itemprop=\"associatedMedia\" itemscope itemtype=\"http:\/\/schema.org\/ImageObject\"> <meta itemprop=\"width\" content=\"395\"> <meta itemprop=\"height\" content=\"264\"> <img decoding=\"async\" class=\"\" data-attachment-id=\"12561\" data-orig-file=\"https:\/\/le-fort.org\/cocina\/wp-content\/uploads\/2018\/05\/IMG_9848.jpg\" data-orig-size=\"1500,1000\" data-comments-opened=\"\" data-image-meta=\"{&quot;aperture&quot;:&quot;5&quot;,&quot;credit&quot;:&quot;Picasa&quot;,&quot;camera&quot;:&quot;Canon EOS REBEL SL1&quot;,&quot;caption&quot;:&quot;&quot;,&quot;created_timestamp&quot;:&quot;1527006879&quot;,&quot;copyright&quot;:&quot;&quot;,&quot;focal_length&quot;:&quot;44&quot;,&quot;iso&quot;:&quot;1600&quot;,&quot;shutter_speed&quot;:&quot;0.016666666666667&quot;,&quot;title&quot;:&quot;&quot;,&quot;orientation&quot;:&quot;0&quot;}\" data-image-title=\"IMG_9848\" data-image-description=\"\" data-medium-file=\"https:\/\/i0.wp.com\/le-fort.org\/cocina\/wp-content\/uploads\/2018\/05\/IMG_9848.jpg?fit=600%2C400&#038;ssl=1\" data-large-file=\"https:\/\/i0.wp.com\/le-fort.org\/cocina\/wp-content\/uploads\/2018\/05\/IMG_9848.jpg?fit=1200%2C800&#038;ssl=1\" src=\"https:\/\/i0.wp.com\/le-fort.org\/cocina\/wp-content\/uploads\/2018\/05\/IMG_9848.jpg?w=395&#038;h=264&#038;ssl=1\" srcset=\"https:\/\/i0.wp.com\/le-fort.org\/cocina\/wp-content\/uploads\/2018\/05\/IMG_9848.jpg?w=1500&amp;ssl=1 1500w, https:\/\/i0.wp.com\/le-fort.org\/cocina\/wp-content\/uploads\/2018\/05\/IMG_9848.jpg?resize=600%2C400&amp;ssl=1 600w, https:\/\/i0.wp.com\/le-fort.org\/cocina\/wp-content\/uploads\/2018\/05\/IMG_9848.jpg?resize=1280%2C853&amp;ssl=1 1280w\" width=\"395\" height=\"264\" loading=\"lazy\" data-original-width=\"395\" data-original-height=\"264\" itemprop=\"http:\/\/schema.org\/image\" title=\"IMG_9848\" alt=\"Emplatado\" style=\"width: 395px; height: 264px;\" \/> <div class=\"tiled-gallery-caption\" itemprop=\"caption description\"> Emplatado <\/div> <\/div> <div class=\"tiled-gallery-item tiled-gallery-item-large\" itemprop=\"associatedMedia\" itemscope itemtype=\"http:\/\/schema.org\/ImageObject\"> <meta itemprop=\"width\" content=\"395\"> <meta itemprop=\"height\" content=\"263\"> <img decoding=\"async\" class=\"\" data-attachment-id=\"12562\" data-orig-file=\"https:\/\/le-fort.org\/cocina\/wp-content\/uploads\/2018\/05\/IMG_9876-copia.jpg\" data-orig-size=\"1500,1000\" data-comments-opened=\"\" data-image-meta=\"{&quot;aperture&quot;:&quot;4&quot;,&quot;credit&quot;:&quot;Picasa&quot;,&quot;camera&quot;:&quot;Canon EOS REBEL SL1&quot;,&quot;caption&quot;:&quot;&quot;,&quot;created_timestamp&quot;:&quot;1527008090&quot;,&quot;copyright&quot;:&quot;&quot;,&quot;focal_length&quot;:&quot;28&quot;,&quot;iso&quot;:&quot;800&quot;,&quot;shutter_speed&quot;:&quot;0.025&quot;,&quot;title&quot;:&quot;&quot;,&quot;orientation&quot;:&quot;0&quot;}\" data-image-title=\"IMG_9876 &amp;#8211; copia\" data-image-description=\"\" data-medium-file=\"https:\/\/i0.wp.com\/le-fort.org\/cocina\/wp-content\/uploads\/2018\/05\/IMG_9876-copia.jpg?fit=600%2C400&#038;ssl=1\" data-large-file=\"https:\/\/i0.wp.com\/le-fort.org\/cocina\/wp-content\/uploads\/2018\/05\/IMG_9876-copia.jpg?fit=1200%2C800&#038;ssl=1\" src=\"https:\/\/i0.wp.com\/le-fort.org\/cocina\/wp-content\/uploads\/2018\/05\/IMG_9876-copia.jpg?w=395&#038;h=263&#038;ssl=1\" srcset=\"https:\/\/i0.wp.com\/le-fort.org\/cocina\/wp-content\/uploads\/2018\/05\/IMG_9876-copia.jpg?w=1500&amp;ssl=1 1500w, https:\/\/i0.wp.com\/le-fort.org\/cocina\/wp-content\/uploads\/2018\/05\/IMG_9876-copia.jpg?resize=600%2C400&amp;ssl=1 600w, https:\/\/i0.wp.com\/le-fort.org\/cocina\/wp-content\/uploads\/2018\/05\/IMG_9876-copia.jpg?resize=1280%2C853&amp;ssl=1 1280w\" width=\"395\" height=\"263\" loading=\"lazy\" data-original-width=\"395\" data-original-height=\"263\" itemprop=\"http:\/\/schema.org\/image\" title=\"IMG_9876 - copia\" alt=\"Marell responiendo preguntas\" style=\"width: 395px; height: 263px;\" \/> <div class=\"tiled-gallery-caption\" itemprop=\"caption description\"> Marell responiendo preguntas <\/div> <\/div> <\/div> <!-- close group --> <\/div> <!-- close row --> <div class=\"gallery-row\" style=\"width: 1200px; height: 201px;\" data-original-width=\"1200\" data-original-height=\"201\" > <div class=\"gallery-group images-1\" style=\"width: 300px; height: 201px;\" data-original-width=\"300\" data-original-height=\"201\" > <div class=\"tiled-gallery-item tiled-gallery-item-large\" itemprop=\"associatedMedia\" itemscope itemtype=\"http:\/\/schema.org\/ImageObject\"> <meta itemprop=\"width\" content=\"296\"> <meta itemprop=\"height\" content=\"197\"> <img decoding=\"async\" class=\"\" data-attachment-id=\"12563\" data-orig-file=\"https:\/\/le-fort.org\/cocina\/wp-content\/uploads\/2018\/05\/IMG_9878.jpg\" data-orig-size=\"1500,1000\" data-comments-opened=\"\" data-image-meta=\"{&quot;aperture&quot;:&quot;5.6&quot;,&quot;credit&quot;:&quot;Picasa&quot;,&quot;camera&quot;:&quot;Canon EOS REBEL SL1&quot;,&quot;caption&quot;:&quot;&quot;,&quot;created_timestamp&quot;:&quot;1527008121&quot;,&quot;copyright&quot;:&quot;&quot;,&quot;focal_length&quot;:&quot;55&quot;,&quot;iso&quot;:&quot;320&quot;,&quot;shutter_speed&quot;:&quot;0.0125&quot;,&quot;title&quot;:&quot;&quot;,&quot;orientation&quot;:&quot;0&quot;}\" data-image-title=\"IMG_9878\" data-image-description=\"\" data-medium-file=\"https:\/\/i0.wp.com\/le-fort.org\/cocina\/wp-content\/uploads\/2018\/05\/IMG_9878.jpg?fit=600%2C400&#038;ssl=1\" data-large-file=\"https:\/\/i0.wp.com\/le-fort.org\/cocina\/wp-content\/uploads\/2018\/05\/IMG_9878.jpg?fit=1200%2C800&#038;ssl=1\" src=\"https:\/\/i0.wp.com\/le-fort.org\/cocina\/wp-content\/uploads\/2018\/05\/IMG_9878.jpg?w=296&#038;h=197&#038;ssl=1\" srcset=\"https:\/\/i0.wp.com\/le-fort.org\/cocina\/wp-content\/uploads\/2018\/05\/IMG_9878.jpg?w=1500&amp;ssl=1 1500w, https:\/\/i0.wp.com\/le-fort.org\/cocina\/wp-content\/uploads\/2018\/05\/IMG_9878.jpg?resize=600%2C400&amp;ssl=1 600w, https:\/\/i0.wp.com\/le-fort.org\/cocina\/wp-content\/uploads\/2018\/05\/IMG_9878.jpg?resize=1280%2C853&amp;ssl=1 1280w\" width=\"296\" height=\"197\" loading=\"lazy\" data-original-width=\"296\" data-original-height=\"197\" itemprop=\"http:\/\/schema.org\/image\" title=\"IMG_9878\" alt=\"Preguntas\" style=\"width: 296px; height: 197px;\" \/> <div class=\"tiled-gallery-caption\" itemprop=\"caption description\"> Preguntas <\/div> <\/div> <\/div> <!-- close group --> <div class=\"gallery-group images-1\" style=\"width: 300px; height: 201px;\" data-original-width=\"300\" data-original-height=\"201\" > <div class=\"tiled-gallery-item tiled-gallery-item-large\" itemprop=\"associatedMedia\" itemscope itemtype=\"http:\/\/schema.org\/ImageObject\"> <meta itemprop=\"width\" content=\"296\"> <meta itemprop=\"height\" content=\"197\"> <img decoding=\"async\" class=\"\" data-attachment-id=\"12564\" data-orig-file=\"https:\/\/le-fort.org\/cocina\/wp-content\/uploads\/2018\/05\/IMG_9894.jpg\" data-orig-size=\"1500,1000\" data-comments-opened=\"\" data-image-meta=\"{&quot;aperture&quot;:&quot;3.5&quot;,&quot;credit&quot;:&quot;Picasa&quot;,&quot;camera&quot;:&quot;Canon EOS REBEL SL1&quot;,&quot;caption&quot;:&quot;&quot;,&quot;created_timestamp&quot;:&quot;1527008636&quot;,&quot;copyright&quot;:&quot;&quot;,&quot;focal_length&quot;:&quot;18&quot;,&quot;iso&quot;:&quot;200&quot;,&quot;shutter_speed&quot;:&quot;0.033333333333333&quot;,&quot;title&quot;:&quot;&quot;,&quot;orientation&quot;:&quot;0&quot;}\" data-image-title=\"IMG_9894\" data-image-description=\"\" data-medium-file=\"https:\/\/i0.wp.com\/le-fort.org\/cocina\/wp-content\/uploads\/2018\/05\/IMG_9894.jpg?fit=600%2C400&#038;ssl=1\" data-large-file=\"https:\/\/i0.wp.com\/le-fort.org\/cocina\/wp-content\/uploads\/2018\/05\/IMG_9894.jpg?fit=1200%2C800&#038;ssl=1\" src=\"https:\/\/i0.wp.com\/le-fort.org\/cocina\/wp-content\/uploads\/2018\/05\/IMG_9894.jpg?w=296&#038;h=197&#038;ssl=1\" srcset=\"https:\/\/i0.wp.com\/le-fort.org\/cocina\/wp-content\/uploads\/2018\/05\/IMG_9894.jpg?w=1500&amp;ssl=1 1500w, https:\/\/i0.wp.com\/le-fort.org\/cocina\/wp-content\/uploads\/2018\/05\/IMG_9894.jpg?resize=600%2C400&amp;ssl=1 600w, https:\/\/i0.wp.com\/le-fort.org\/cocina\/wp-content\/uploads\/2018\/05\/IMG_9894.jpg?resize=1280%2C853&amp;ssl=1 1280w\" width=\"296\" height=\"197\" loading=\"lazy\" data-original-width=\"296\" data-original-height=\"197\" itemprop=\"http:\/\/schema.org\/image\" title=\"IMG_9894\" alt=\"Palabras finales\" style=\"width: 296px; height: 197px;\" \/> <div class=\"tiled-gallery-caption\" itemprop=\"caption description\"> Palabras finales <\/div> <\/div> <\/div> <!-- close group --> <div class=\"gallery-group images-1\" style=\"width: 300px; height: 201px;\" data-original-width=\"300\" data-original-height=\"201\" > <div class=\"tiled-gallery-item tiled-gallery-item-large\" itemprop=\"associatedMedia\" itemscope itemtype=\"http:\/\/schema.org\/ImageObject\"> <meta itemprop=\"width\" content=\"296\"> <meta itemprop=\"height\" content=\"197\"> <img decoding=\"async\" class=\"\" data-attachment-id=\"12565\" data-orig-file=\"https:\/\/le-fort.org\/cocina\/wp-content\/uploads\/2018\/05\/IMG_9905-copia.jpg\" data-orig-size=\"1500,1000\" data-comments-opened=\"\" data-image-meta=\"{&quot;aperture&quot;:&quot;3.5&quot;,&quot;credit&quot;:&quot;Picasa&quot;,&quot;camera&quot;:&quot;Canon EOS REBEL SL1&quot;,&quot;caption&quot;:&quot;&quot;,&quot;created_timestamp&quot;:&quot;1527008865&quot;,&quot;copyright&quot;:&quot;&quot;,&quot;focal_length&quot;:&quot;18&quot;,&quot;iso&quot;:&quot;1600&quot;,&quot;shutter_speed&quot;:&quot;0.033333333333333&quot;,&quot;title&quot;:&quot;&quot;,&quot;orientation&quot;:&quot;0&quot;}\" data-image-title=\"IMG_9905 &amp;#8211; copia\" data-image-description=\"\" data-medium-file=\"https:\/\/i0.wp.com\/le-fort.org\/cocina\/wp-content\/uploads\/2018\/05\/IMG_9905-copia.jpg?fit=600%2C400&#038;ssl=1\" data-large-file=\"https:\/\/i0.wp.com\/le-fort.org\/cocina\/wp-content\/uploads\/2018\/05\/IMG_9905-copia.jpg?fit=1200%2C800&#038;ssl=1\" src=\"https:\/\/i0.wp.com\/le-fort.org\/cocina\/wp-content\/uploads\/2018\/05\/IMG_9905-copia.jpg?w=296&#038;h=197&#038;ssl=1\" srcset=\"https:\/\/i0.wp.com\/le-fort.org\/cocina\/wp-content\/uploads\/2018\/05\/IMG_9905-copia.jpg?w=1500&amp;ssl=1 1500w, https:\/\/i0.wp.com\/le-fort.org\/cocina\/wp-content\/uploads\/2018\/05\/IMG_9905-copia.jpg?resize=600%2C400&amp;ssl=1 600w, https:\/\/i0.wp.com\/le-fort.org\/cocina\/wp-content\/uploads\/2018\/05\/IMG_9905-copia.jpg?resize=1280%2C853&amp;ssl=1 1280w\" width=\"296\" height=\"197\" loading=\"lazy\" data-original-width=\"296\" data-original-height=\"197\" itemprop=\"http:\/\/schema.org\/image\" title=\"IMG_9905 - copia\" alt=\"Viendo los platos\" style=\"width: 296px; height: 197px;\" \/> <div class=\"tiled-gallery-caption\" itemprop=\"caption description\"> Viendo los platos <\/div> <\/div> <\/div> <!-- close group --> <div class=\"gallery-group images-1\" style=\"width: 300px; height: 201px;\" data-original-width=\"300\" data-original-height=\"201\" > <div class=\"tiled-gallery-item tiled-gallery-item-large\" itemprop=\"associatedMedia\" itemscope itemtype=\"http:\/\/schema.org\/ImageObject\"> <meta itemprop=\"width\" content=\"296\"> <meta itemprop=\"height\" content=\"197\"> <img decoding=\"async\" class=\"\" data-attachment-id=\"12566\" data-orig-file=\"https:\/\/le-fort.org\/cocina\/wp-content\/uploads\/2018\/05\/IMG_9915.jpg\" data-orig-size=\"1500,1000\" data-comments-opened=\"\" data-image-meta=\"{&quot;aperture&quot;:&quot;3.5&quot;,&quot;credit&quot;:&quot;Picasa&quot;,&quot;camera&quot;:&quot;Canon EOS REBEL SL1&quot;,&quot;caption&quot;:&quot;&quot;,&quot;created_timestamp&quot;:&quot;1527009016&quot;,&quot;copyright&quot;:&quot;&quot;,&quot;focal_length&quot;:&quot;18&quot;,&quot;iso&quot;:&quot;400&quot;,&quot;shutter_speed&quot;:&quot;0.033333333333333&quot;,&quot;title&quot;:&quot;&quot;,&quot;orientation&quot;:&quot;0&quot;}\" data-image-title=\"IMG_9915\" data-image-description=\"\" data-medium-file=\"https:\/\/i0.wp.com\/le-fort.org\/cocina\/wp-content\/uploads\/2018\/05\/IMG_9915.jpg?fit=600%2C400&#038;ssl=1\" data-large-file=\"https:\/\/i0.wp.com\/le-fort.org\/cocina\/wp-content\/uploads\/2018\/05\/IMG_9915.jpg?fit=1200%2C800&#038;ssl=1\" src=\"https:\/\/i0.wp.com\/le-fort.org\/cocina\/wp-content\/uploads\/2018\/05\/IMG_9915.jpg?w=296&#038;h=197&#038;ssl=1\" srcset=\"https:\/\/i0.wp.com\/le-fort.org\/cocina\/wp-content\/uploads\/2018\/05\/IMG_9915.jpg?w=1500&amp;ssl=1 1500w, https:\/\/i0.wp.com\/le-fort.org\/cocina\/wp-content\/uploads\/2018\/05\/IMG_9915.jpg?resize=600%2C400&amp;ssl=1 600w, https:\/\/i0.wp.com\/le-fort.org\/cocina\/wp-content\/uploads\/2018\/05\/IMG_9915.jpg?resize=1280%2C853&amp;ssl=1 1280w\" width=\"296\" height=\"197\" loading=\"lazy\" data-original-width=\"296\" data-original-height=\"197\" itemprop=\"http:\/\/schema.org\/image\" title=\"IMG_9915\" alt=\"Colaboradores de ACE-Ca\u00f1ar\" style=\"width: 296px; height: 197px;\" \/> <div class=\"tiled-gallery-caption\" itemprop=\"caption description\"> Colaboradores de ACE-Ca\u00f1ar <\/div> <\/div> <\/div> <!-- close group --> <\/div> <!-- close row --> <\/div>\n<p>Estamos muy contentos de hablar sobre la gu\u00eda en distintas provincias. Esperamos que sea una contribuci\u00f3n.<\/p>\n","protected":false},"excerpt":{"rendered":"<p>El 22 de mayo de 2018 estuvimos presentando la Gu\u00eda de T\u00e9cnicas Culinarias en la hermosa ciudad de Azogues, Ca\u00f1ar, en conjunto con la Asociaci\u00f3n de Chefs del Ecuador de la provincia, representada por el chef Milton Sambonino.<\/p>\n","protected":false},"author":1,"featured_media":12544,"comment_status":"closed","ping_status":"closed","sticky":false,"template":"","format":"standard","meta":{"_jetpack_newsletter_access":"","_jetpack_dont_email_post_to_subs":false,"_jetpack_newsletter_tier_id":0,"_jetpack_memberships_contains_paywalled_content":false,"_jetpack_memberships_contains_paid_content":false,"footnotes":""},"categories":[1],"tags":[711,766,713,788],"class_list":["post-12542","post","type-post","status-publish","format-standard","has-post-thumbnail","hentry","category-general","tag-asociacion-de-chefs-del-ecuador","tag-azogues","tag-canar","tag-guia-de-tecnicas-culinarias","entry","has-media"],"jetpack_featured_media_url":"https:\/\/i0.wp.com\/le-fort.org\/cocina\/wp-content\/uploads\/2018\/05\/azogues-hd.jpg?fit=1500%2C500&ssl=1","jetpack_shortlink":"https:\/\/wp.me\/pghKer-3gi","jetpack_sharing_enabled":true,"jetpack-related-posts":[{"id":12631,"url":"https:\/\/le-fort.org\/cocina\/manipulacion-e-inocuidad-en-azogues\/","url_meta":{"origin":12542,"position":0},"title":"Nutrici\u00f3n e Inocuidad en Azogues","author":"Le-Fort.org","date":"9 de Junio, 2018","format":false,"excerpt":"Dictamos un curso de Manipulaci\u00f3n de Alimentos y de Introducci\u00f3n a la Nutrici\u00f3n en la C\u00e1mara de Comercio e Industrias de la ciudad de Azogues. Fue una muy buena experiencia. Fue un curso de dos sesiones: en la primera tratamos manipulaci\u00f3n de alimentos y en la segunda, nutrici\u00f3n. Fuimos como\u2026","rel":"","context":"En &quot;Educaci\u00f3n&quot;","block_context":{"text":"Educaci\u00f3n","link":"https:\/\/le-fort.org\/cocina\/categoria\/educacion\/"},"img":{"alt_text":"","src":"https:\/\/i0.wp.com\/le-fort.org\/cocina\/wp-content\/uploads\/2018\/06\/azogues-hd.jpg?fit=1200%2C400&ssl=1&resize=350%2C200","width":350,"height":200,"srcset":"https:\/\/i0.wp.com\/le-fort.org\/cocina\/wp-content\/uploads\/2018\/06\/azogues-hd.jpg?fit=1200%2C400&ssl=1&resize=350%2C200 1x, https:\/\/i0.wp.com\/le-fort.org\/cocina\/wp-content\/uploads\/2018\/06\/azogues-hd.jpg?fit=1200%2C400&ssl=1&resize=525%2C300 1.5x, https:\/\/i0.wp.com\/le-fort.org\/cocina\/wp-content\/uploads\/2018\/06\/azogues-hd.jpg?fit=1200%2C400&ssl=1&resize=700%2C400 2x, https:\/\/i0.wp.com\/le-fort.org\/cocina\/wp-content\/uploads\/2018\/06\/azogues-hd.jpg?fit=1200%2C400&ssl=1&resize=1050%2C600 3x"},"classes":[]},{"id":12422,"url":"https:\/\/le-fort.org\/cocina\/guia-de-tecnicas-culinarias-en-santa-elena\/","url_meta":{"origin":12542,"position":1},"title":"Presentaci\u00f3n de la Gu\u00eda de T\u00e9cnicas Culinarias en Santa Elena","author":"Le-Fort.org","date":"26 de Abril, 2018","format":false,"excerpt":"Tuvimos el placer de guiar la presentaci\u00f3n de la Gu\u00eda de T\u00e9cnicas Culinarias en la ciudad de Santa Elena","rel":"","context":"En &quot;General&quot;","block_context":{"text":"General","link":"https:\/\/le-fort.org\/cocina\/categoria\/general\/"},"img":{"alt_text":"","src":"https:\/\/i0.wp.com\/le-fort.org\/cocina\/wp-content\/uploads\/2018\/04\/guina-hd.jpg?fit=1200%2C400&ssl=1&resize=350%2C200","width":350,"height":200,"srcset":"https:\/\/i0.wp.com\/le-fort.org\/cocina\/wp-content\/uploads\/2018\/04\/guina-hd.jpg?fit=1200%2C400&ssl=1&resize=350%2C200 1x, https:\/\/i0.wp.com\/le-fort.org\/cocina\/wp-content\/uploads\/2018\/04\/guina-hd.jpg?fit=1200%2C400&ssl=1&resize=525%2C300 1.5x, https:\/\/i0.wp.com\/le-fort.org\/cocina\/wp-content\/uploads\/2018\/04\/guina-hd.jpg?fit=1200%2C400&ssl=1&resize=700%2C400 2x, https:\/\/i0.wp.com\/le-fort.org\/cocina\/wp-content\/uploads\/2018\/04\/guina-hd.jpg?fit=1200%2C400&ssl=1&resize=1050%2C600 3x"},"classes":[]},{"id":10234,"url":"https:\/\/le-fort.org\/cocina\/guia-de-tecnicas-culinarias-ecuador\/","url_meta":{"origin":12542,"position":2},"title":"Gu\u00eda de T\u00e9cnicas Culinarias","author":"Le-Fort.org","date":"25 de Noviembre, 2017","format":false,"excerpt":"La Gu\u00eda de T\u00e9cnicas Culinarias es un proyecto de World Chefs con apoyo de Nestl\u00e9 que persigue generar material educativo en gastronom\u00eda.","rel":"","context":"En &quot;Educaci\u00f3n&quot;","block_context":{"text":"Educaci\u00f3n","link":"https:\/\/le-fort.org\/cocina\/categoria\/educacion\/"},"img":{"alt_text":"","src":"https:\/\/i0.wp.com\/le-fort.org\/cocina\/wp-content\/uploads\/2017\/11\/gtc-hd.jpg?fit=1200%2C400&ssl=1&resize=350%2C200","width":350,"height":200,"srcset":"https:\/\/i0.wp.com\/le-fort.org\/cocina\/wp-content\/uploads\/2017\/11\/gtc-hd.jpg?fit=1200%2C400&ssl=1&resize=350%2C200 1x, https:\/\/i0.wp.com\/le-fort.org\/cocina\/wp-content\/uploads\/2017\/11\/gtc-hd.jpg?fit=1200%2C400&ssl=1&resize=525%2C300 1.5x, https:\/\/i0.wp.com\/le-fort.org\/cocina\/wp-content\/uploads\/2017\/11\/gtc-hd.jpg?fit=1200%2C400&ssl=1&resize=700%2C400 2x, https:\/\/i0.wp.com\/le-fort.org\/cocina\/wp-content\/uploads\/2017\/11\/gtc-hd.jpg?fit=1200%2C400&ssl=1&resize=1050%2C600 3x"},"classes":[]},{"id":15061,"url":"https:\/\/le-fort.org\/cocina\/proyecto-origenes-asociacion-de-chefs-del-ecuador\/","url_meta":{"origin":12542,"position":3},"title":"Proyecto Or\u00edgenes, de la Asociaci\u00f3n de Chefs del Ecuador","author":"Le-Fort.org","date":"2 de Octubre, 2020","format":false,"excerpt":"El Proyecto Or\u00edgenes, de la Asociaci\u00f3n de Chefs del Ecuador entrega un hermoso libro para descarga gratuita con lo mejor de la cocina del Ecuador.","rel":"","context":"En &quot;Ecuador&quot;","block_context":{"text":"Ecuador","link":"https:\/\/le-fort.org\/cocina\/categoria\/ecuador\/"},"img":{"alt_text":"","src":"https:\/\/i0.wp.com\/le-fort.org\/cocina\/wp-content\/uploads\/2020\/10\/origenes-hd.jpg?fit=1200%2C400&ssl=1&resize=350%2C200","width":350,"height":200,"srcset":"https:\/\/i0.wp.com\/le-fort.org\/cocina\/wp-content\/uploads\/2020\/10\/origenes-hd.jpg?fit=1200%2C400&ssl=1&resize=350%2C200 1x, https:\/\/i0.wp.com\/le-fort.org\/cocina\/wp-content\/uploads\/2020\/10\/origenes-hd.jpg?fit=1200%2C400&ssl=1&resize=525%2C300 1.5x, https:\/\/i0.wp.com\/le-fort.org\/cocina\/wp-content\/uploads\/2020\/10\/origenes-hd.jpg?fit=1200%2C400&ssl=1&resize=700%2C400 2x, https:\/\/i0.wp.com\/le-fort.org\/cocina\/wp-content\/uploads\/2020\/10\/origenes-hd.jpg?fit=1200%2C400&ssl=1&resize=1050%2C600 3x"},"classes":[]},{"id":12017,"url":"https:\/\/le-fort.org\/cocina\/curso-de-chocolateria-basica\/","url_meta":{"origin":12542,"position":4},"title":"Chocolateando: Chocolater\u00eda B\u00e1sica en Azogues","author":"Le-Fort.org","date":"16 de Marzo, 2018","format":false,"excerpt":"Chocolateando en Azogues. Nos matriculamos en un curso de chocolater\u00eda b\u00e1sica.","rel":"","context":"En &quot;Chocolate&quot;","block_context":{"text":"Chocolate","link":"https:\/\/le-fort.org\/cocina\/categoria\/chocolate\/"},"img":{"alt_text":"","src":"https:\/\/i0.wp.com\/le-fort.org\/cocina\/wp-content\/uploads\/2018\/03\/choco-hd.jpg?fit=1200%2C400&ssl=1&resize=350%2C200","width":350,"height":200,"srcset":"https:\/\/i0.wp.com\/le-fort.org\/cocina\/wp-content\/uploads\/2018\/03\/choco-hd.jpg?fit=1200%2C400&ssl=1&resize=350%2C200 1x, https:\/\/i0.wp.com\/le-fort.org\/cocina\/wp-content\/uploads\/2018\/03\/choco-hd.jpg?fit=1200%2C400&ssl=1&resize=525%2C300 1.5x, https:\/\/i0.wp.com\/le-fort.org\/cocina\/wp-content\/uploads\/2018\/03\/choco-hd.jpg?fit=1200%2C400&ssl=1&resize=700%2C400 2x, https:\/\/i0.wp.com\/le-fort.org\/cocina\/wp-content\/uploads\/2018\/03\/choco-hd.jpg?fit=1200%2C400&ssl=1&resize=1050%2C600 3x"},"classes":[]},{"id":12333,"url":"https:\/\/le-fort.org\/cocina\/guia-de-tecnicas-culinarias\/","url_meta":{"origin":12542,"position":5},"title":"Gu\u00eda de T\u00e9cnicas Culinarias: WorldCHEFS, Nestl\u00e9 y ACE","author":"Le-Fort.org","date":"12 de Abril, 2018","format":false,"excerpt":"La Gu\u00eda de T\u00e9cnicas Culinarias y nuestro granito de arena en su preparaci\u00f3n. Estamos felices y agradecidos de haber tenido la oportunidad de participar en este excelente proyecto.","rel":"","context":"En &quot;Educaci\u00f3n&quot;","block_context":{"text":"Educaci\u00f3n","link":"https:\/\/le-fort.org\/cocina\/categoria\/educacion\/"},"img":{"alt_text":"","src":"https:\/\/i0.wp.com\/le-fort.org\/cocina\/wp-content\/uploads\/2018\/04\/guia-hd.jpg?fit=1200%2C400&ssl=1&resize=350%2C200","width":350,"height":200,"srcset":"https:\/\/i0.wp.com\/le-fort.org\/cocina\/wp-content\/uploads\/2018\/04\/guia-hd.jpg?fit=1200%2C400&ssl=1&resize=350%2C200 1x, https:\/\/i0.wp.com\/le-fort.org\/cocina\/wp-content\/uploads\/2018\/04\/guia-hd.jpg?fit=1200%2C400&ssl=1&resize=525%2C300 1.5x, https:\/\/i0.wp.com\/le-fort.org\/cocina\/wp-content\/uploads\/2018\/04\/guia-hd.jpg?fit=1200%2C400&ssl=1&resize=700%2C400 2x, https:\/\/i0.wp.com\/le-fort.org\/cocina\/wp-content\/uploads\/2018\/04\/guia-hd.jpg?fit=1200%2C400&ssl=1&resize=1050%2C600 3x"},"classes":[]}],"_links":{"self":[{"href":"https:\/\/le-fort.org\/cocina\/wp-json\/wp\/v2\/posts\/12542","targetHints":{"allow":["GET"]}}],"collection":[{"href":"https:\/\/le-fort.org\/cocina\/wp-json\/wp\/v2\/posts"}],"about":[{"href":"https:\/\/le-fort.org\/cocina\/wp-json\/wp\/v2\/types\/post"}],"author":[{"embeddable":true,"href":"https:\/\/le-fort.org\/cocina\/wp-json\/wp\/v2\/users\/1"}],"replies":[{"embeddable":true,"href":"https:\/\/le-fort.org\/cocina\/wp-json\/wp\/v2\/comments?post=12542"}],"version-history":[{"count":1,"href":"https:\/\/le-fort.org\/cocina\/wp-json\/wp\/v2\/posts\/12542\/revisions"}],"predecessor-version":[{"id":16292,"href":"https:\/\/le-fort.org\/cocina\/wp-json\/wp\/v2\/posts\/12542\/revisions\/16292"}],"wp:featuredmedia":[{"embeddable":true,"href":"https:\/\/le-fort.org\/cocina\/wp-json\/wp\/v2\/media\/12544"}],"wp:attachment":[{"href":"https:\/\/le-fort.org\/cocina\/wp-json\/wp\/v2\/media?parent=12542"}],"wp:term":[{"taxonomy":"category","embeddable":true,"href":"https:\/\/le-fort.org\/cocina\/wp-json\/wp\/v2\/categories?post=12542"},{"taxonomy":"post_tag","embeddable":true,"href":"https:\/\/le-fort.org\/cocina\/wp-json\/wp\/v2\/tags?post=12542"}],"curies":[{"name":"wp","href":"https:\/\/api.w.org\/{rel}","templated":true}]}}