{"id":12614,"date":"2018-06-05T09:45:13","date_gmt":"2018-06-05T14:45:13","guid":{"rendered":"https:\/\/www.le-fort.org\/?p=12614"},"modified":"2019-05-14T12:26:25","modified_gmt":"2019-05-14T17:26:25","slug":"texturas-jugando-con-la-quimica","status":"publish","type":"post","link":"https:\/\/le-fort.org\/cocina\/texturas-jugando-con-la-quimica\/","title":{"rendered":"Texturas: Qu\u00edmica en la Cocina"},"content":{"rendered":"<p>Ya les contamos que estuvimos en Santa Elena guiando una gira de estudiantes de la UNIANDES de Ambato a la pen\u00ednsula. Parte de ello fue una clase de texturas, que fue el soporte para una incursi\u00f3n en la intersecci\u00f3n entre la ciencia (con \u00e9nfasis en la qu\u00edmica) y la cocina.<!--more-->\u00a0Es usual que en cocina se apliquen t\u00e9cnicas sin entender en qu\u00e9 consisten, y una de nuestras misiones es ayudar a que en la cocina se apliquen las t\u00e9cnicas entendiendo exactamente de qu\u00e9 estamos hablando.<\/p>\n<h2>Qu\u00edmica y Cocina<\/h2>\n<p>La clase fue m\u00e1s que nada una conversaci\u00f3n, puntuada por demostraciones.<\/p>\n<figure id=\"attachment_12623\" aria-describedby=\"caption-attachment-12623\" style=\"width: 755px\" class=\"wp-caption aligncenter\"><img data-recalc-dims=\"1\" loading=\"lazy\" decoding=\"async\" data-attachment-id=\"12623\" data-permalink=\"https:\/\/le-fort.org\/cocina\/texturas-jugando-con-la-quimica\/mantequilla-8\/\" data-orig-file=\"https:\/\/i0.wp.com\/le-fort.org\/cocina\/wp-content\/uploads\/2018\/06\/mantequilla.jpg?fit=1280%2C720&amp;ssl=1\" data-orig-size=\"1280,720\" data-comments-opened=\"0\" data-image-meta=\"{&quot;aperture&quot;:&quot;0&quot;,&quot;credit&quot;:&quot;&quot;,&quot;camera&quot;:&quot;&quot;,&quot;caption&quot;:&quot;&quot;,&quot;created_timestamp&quot;:&quot;0&quot;,&quot;copyright&quot;:&quot;&quot;,&quot;focal_length&quot;:&quot;0&quot;,&quot;iso&quot;:&quot;0&quot;,&quot;shutter_speed&quot;:&quot;0&quot;,&quot;title&quot;:&quot;&quot;,&quot;orientation&quot;:&quot;0&quot;}\" data-image-title=\"mantequilla\" data-image-description=\"\" data-image-caption=\"\" data-large-file=\"https:\/\/i0.wp.com\/le-fort.org\/cocina\/wp-content\/uploads\/2018\/06\/mantequilla.jpg?fit=1200%2C675&amp;ssl=1\" class=\"wp-image-12623 size-large\" src=\"https:\/\/i0.wp.com\/www.le-fort.org\/wp-content\/uploads\/2018\/06\/mantequilla-1280x720.jpg?resize=755%2C425&#038;ssl=1\" alt=\"Estudiantes\" width=\"755\" height=\"425\" srcset=\"https:\/\/i0.wp.com\/le-fort.org\/cocina\/wp-content\/uploads\/2018\/06\/mantequilla.jpg?w=1280&amp;ssl=1 1280w, https:\/\/i0.wp.com\/le-fort.org\/cocina\/wp-content\/uploads\/2018\/06\/mantequilla.jpg?resize=600%2C338&amp;ssl=1 600w\" sizes=\"auto, (max-width: 755px) 100vw, 755px\" \/><figcaption id=\"caption-attachment-12623\" class=\"wp-caption-text\">El poder de la Beurre Noisette<\/figcaption><\/figure>\n<h3>Maillard, como siempre<\/h3>\n<p>En este subconjunto de nuestro <a href=\"https:\/\/www.le-fort.org\/cursos\/\">curso<\/a> de cocina molecular comenzamos hablando de las <a href=\"https:\/\/www.le-fort.org\/las-reacciones-de-maillard-en-la-cocina\/\">reacciones de Maillard<\/a>, ya que son responsables de mucho del sabor y del aroma que obtenemos en la cocina. Qu\u00e9 mejor ejemplo de la magia de estas reacciones que preparar una <em>beurre noisette<\/em>. La mantequilla en cierta forma se transforma en caramelo. Potenciamos esta mantequilla seg\u00fan el ejemplo de <a href=\"https:\/\/www.chefsteps.com\/activities\/brown-butter-solids\" target=\"_blank\" rel=\"noopener noreferrer\">ChefSteps<\/a>, con leche en polvo. M\u00e1s Maillard.<\/p>\n<h3>Maltodextrina<\/h3>\n<p>De esta mantequilla transfigurada, pasamos a una nueva transformaci\u00f3n, pasando de la mantequilla l\u00edquida a un polvo de beurre noisette. \u00bfC\u00f3mo?\u00a0 Con maltodextrina. Viva la adsorci\u00f3n.<\/p>\n<h3>Una bomba de acuario en la cocina<\/h3>\n<p>Tras una breve introducci\u00f3n a las dispersiones coloidales, nos centramos en las espumas. Lo primero que preparamos fue una espuma de mar: agua, sal, lecitina de soya&#8230; y tras explicar el fen\u00f3meno del drenaje en las espumas, la infaltable pizca de goma xantana. El arma secreta (que no tiene nada de secreta) fue la bomba de acuario, que permite una producci\u00f3n constante de espuma y un tama\u00f1o de burbuja m\u00e1s grande que otras formas de producir espumas.<\/p>\n<h3>Espuma s\u00f3lida<\/h3>\n<p>La espuma solida fue otra sorpresa. A partir de un ingrediente tan com\u00fan y ubicuo como las perlas de tapioca, obtuvimos dos espumas s\u00f3lidas y un film comestible.<\/p>\n<figure id=\"attachment_12617\" aria-describedby=\"caption-attachment-12617\" style=\"width: 755px\" class=\"wp-caption aligncenter\"><img data-recalc-dims=\"1\" loading=\"lazy\" decoding=\"async\" data-attachment-id=\"12617\" data-permalink=\"https:\/\/le-fort.org\/cocina\/texturas-jugando-con-la-quimica\/tapiocas\/\" data-orig-file=\"https:\/\/i0.wp.com\/le-fort.org\/cocina\/wp-content\/uploads\/2018\/06\/tapiocas.jpg?fit=1280%2C720&amp;ssl=1\" data-orig-size=\"1280,720\" data-comments-opened=\"0\" data-image-meta=\"{&quot;aperture&quot;:&quot;0&quot;,&quot;credit&quot;:&quot;&quot;,&quot;camera&quot;:&quot;&quot;,&quot;caption&quot;:&quot;&quot;,&quot;created_timestamp&quot;:&quot;0&quot;,&quot;copyright&quot;:&quot;&quot;,&quot;focal_length&quot;:&quot;0&quot;,&quot;iso&quot;:&quot;0&quot;,&quot;shutter_speed&quot;:&quot;0&quot;,&quot;title&quot;:&quot;&quot;,&quot;orientation&quot;:&quot;0&quot;}\" data-image-title=\"tapiocas\" data-image-description=\"\" data-image-caption=\"\" data-large-file=\"https:\/\/i0.wp.com\/le-fort.org\/cocina\/wp-content\/uploads\/2018\/06\/tapiocas.jpg?fit=1200%2C675&amp;ssl=1\" class=\"wp-image-12617 size-large\" src=\"https:\/\/i0.wp.com\/www.le-fort.org\/wp-content\/uploads\/2018\/06\/tapiocas-1280x720.jpg?resize=755%2C425&#038;ssl=1\" alt=\"Gira UNIANDES Ciencia y Cocina\" width=\"755\" height=\"425\" srcset=\"https:\/\/i0.wp.com\/le-fort.org\/cocina\/wp-content\/uploads\/2018\/06\/tapiocas.jpg?w=1280&amp;ssl=1 1280w, https:\/\/i0.wp.com\/le-fort.org\/cocina\/wp-content\/uploads\/2018\/06\/tapiocas.jpg?resize=600%2C338&amp;ssl=1 600w\" sizes=\"auto, (max-width: 755px) 100vw, 755px\" \/><figcaption id=\"caption-attachment-12617\" class=\"wp-caption-text\">Espumas s\u00f3lidas de tapioca en dos versiones: &#8220;espumafon&#8221; y &#8220;canguil&#8221;<\/figcaption><\/figure>\n<p>Las espumas s\u00f3lidas son m\u00e1s comunes de lo que pensamos, y por ello no las vemos (canguil, suspiros), y la preparaci\u00f3n de este &#8220;espumafon&#8221; de tapioca, que es an\u00e1logo al cuero reventado o a los fideos de arroz fritos caus\u00f3 impresi\u00f3n.<\/p>\n<h3>Pl\u00e1sticos comestibles<\/h3>\n<figure id=\"attachment_12618\" aria-describedby=\"caption-attachment-12618\" style=\"width: 755px\" class=\"wp-caption aligncenter\"><img data-recalc-dims=\"1\" loading=\"lazy\" decoding=\"async\" data-attachment-id=\"12618\" data-permalink=\"https:\/\/le-fort.org\/cocina\/texturas-jugando-con-la-quimica\/velo\/\" data-orig-file=\"https:\/\/i0.wp.com\/le-fort.org\/cocina\/wp-content\/uploads\/2018\/06\/velo.jpg?fit=1280%2C720&amp;ssl=1\" data-orig-size=\"1280,720\" data-comments-opened=\"0\" data-image-meta=\"{&quot;aperture&quot;:&quot;0&quot;,&quot;credit&quot;:&quot;&quot;,&quot;camera&quot;:&quot;&quot;,&quot;caption&quot;:&quot;&quot;,&quot;created_timestamp&quot;:&quot;0&quot;,&quot;copyright&quot;:&quot;&quot;,&quot;focal_length&quot;:&quot;0&quot;,&quot;iso&quot;:&quot;0&quot;,&quot;shutter_speed&quot;:&quot;0&quot;,&quot;title&quot;:&quot;&quot;,&quot;orientation&quot;:&quot;0&quot;}\" data-image-title=\"velo\" data-image-description=\"\" data-image-caption=\"\" data-large-file=\"https:\/\/i0.wp.com\/le-fort.org\/cocina\/wp-content\/uploads\/2018\/06\/velo.jpg?fit=1200%2C675&amp;ssl=1\" class=\"wp-image-12618 size-large\" src=\"https:\/\/i0.wp.com\/www.le-fort.org\/wp-content\/uploads\/2018\/06\/velo-1280x720.jpg?resize=755%2C425&#038;ssl=1\" alt=\"Lomo fino con velo de almid\u00f3n y semillas de amapola (foto de archivo)\" width=\"755\" height=\"425\" srcset=\"https:\/\/i0.wp.com\/le-fort.org\/cocina\/wp-content\/uploads\/2018\/06\/velo.jpg?w=1280&amp;ssl=1 1280w, https:\/\/i0.wp.com\/le-fort.org\/cocina\/wp-content\/uploads\/2018\/06\/velo.jpg?resize=600%2C338&amp;ssl=1 600w\" sizes=\"auto, (max-width: 755px) 100vw, 755px\" \/><figcaption id=\"caption-attachment-12618\" class=\"wp-caption-text\">Lomo fino con velo de almid\u00f3n y semillas de amapola (foto de archivo)<\/figcaption><\/figure>\n<p>El film comestible de tapioca es un interesante ejemplo de reciclaje y de c\u00f3mo podemos utilizar materiales sumamente comunes en aplicaciones que no lo son tanto. Por razones de tiempo no entramos en el tema de los biopl\u00e1sticos.<\/p>\n<figure id=\"attachment_12621\" aria-describedby=\"caption-attachment-12621\" style=\"width: 755px\" class=\"wp-caption aligncenter\"><img data-recalc-dims=\"1\" loading=\"lazy\" decoding=\"async\" data-attachment-id=\"12621\" data-permalink=\"https:\/\/le-fort.org\/cocina\/texturas-jugando-con-la-quimica\/sifon\/\" data-orig-file=\"https:\/\/i0.wp.com\/le-fort.org\/cocina\/wp-content\/uploads\/2018\/06\/sifon.jpg?fit=1280%2C720&amp;ssl=1\" data-orig-size=\"1280,720\" data-comments-opened=\"0\" data-image-meta=\"{&quot;aperture&quot;:&quot;0&quot;,&quot;credit&quot;:&quot;&quot;,&quot;camera&quot;:&quot;&quot;,&quot;caption&quot;:&quot;&quot;,&quot;created_timestamp&quot;:&quot;0&quot;,&quot;copyright&quot;:&quot;&quot;,&quot;focal_length&quot;:&quot;0&quot;,&quot;iso&quot;:&quot;0&quot;,&quot;shutter_speed&quot;:&quot;0&quot;,&quot;title&quot;:&quot;&quot;,&quot;orientation&quot;:&quot;0&quot;}\" data-image-title=\"sifon\" data-image-description=\"\" data-image-caption=\"\" data-large-file=\"https:\/\/i0.wp.com\/le-fort.org\/cocina\/wp-content\/uploads\/2018\/06\/sifon.jpg?fit=1200%2C675&amp;ssl=1\" class=\"wp-image-12621 size-large\" src=\"https:\/\/i0.wp.com\/www.le-fort.org\/wp-content\/uploads\/2018\/06\/sifon-1280x720.jpg?resize=755%2C425&#038;ssl=1\" alt=\"Sif\u00f3n\" width=\"755\" height=\"425\" srcset=\"https:\/\/i0.wp.com\/le-fort.org\/cocina\/wp-content\/uploads\/2018\/06\/sifon.jpg?w=1280&amp;ssl=1 1280w, https:\/\/i0.wp.com\/le-fort.org\/cocina\/wp-content\/uploads\/2018\/06\/sifon.jpg?resize=600%2C338&amp;ssl=1 600w\" sizes=\"auto, (max-width: 755px) 100vw, 755px\" \/><figcaption id=\"caption-attachment-12621\" class=\"wp-caption-text\">&#8220;Tengo un sif\u00f3n, y estoy dispuesto a usarlo&#8221;<\/figcaption><\/figure>\n<h3>Un sif\u00f3n, dos ejemplos<\/h3>\n<p>Hicimos dos ejemplos con sif\u00f3n: una infusi\u00f3n r\u00e1pida por cavitaci\u00f3n, en la que el ajo domin\u00f3 a\u00a0 los otros sabores, y una espuma estabilizada con gelatina.<\/p>\n<figure id=\"attachment_12619\" aria-describedby=\"caption-attachment-12619\" style=\"width: 755px\" class=\"wp-caption aligncenter\"><img data-recalc-dims=\"1\" loading=\"lazy\" decoding=\"async\" data-attachment-id=\"12619\" data-permalink=\"https:\/\/le-fort.org\/cocina\/texturas-jugando-con-la-quimica\/espuma\/\" data-orig-file=\"https:\/\/i0.wp.com\/le-fort.org\/cocina\/wp-content\/uploads\/2018\/06\/espuma.jpg?fit=1280%2C720&amp;ssl=1\" data-orig-size=\"1280,720\" data-comments-opened=\"0\" data-image-meta=\"{&quot;aperture&quot;:&quot;0&quot;,&quot;credit&quot;:&quot;&quot;,&quot;camera&quot;:&quot;&quot;,&quot;caption&quot;:&quot;&quot;,&quot;created_timestamp&quot;:&quot;0&quot;,&quot;copyright&quot;:&quot;&quot;,&quot;focal_length&quot;:&quot;0&quot;,&quot;iso&quot;:&quot;0&quot;,&quot;shutter_speed&quot;:&quot;0&quot;,&quot;title&quot;:&quot;&quot;,&quot;orientation&quot;:&quot;0&quot;}\" data-image-title=\"espuma\" data-image-description=\"\" data-image-caption=\"&lt;p&gt;El e&lt;\/p&gt;\n\" data-large-file=\"https:\/\/i0.wp.com\/le-fort.org\/cocina\/wp-content\/uploads\/2018\/06\/espuma.jpg?fit=1200%2C675&amp;ssl=1\" class=\"wp-image-12619 size-large\" src=\"https:\/\/i0.wp.com\/www.le-fort.org\/wp-content\/uploads\/2018\/06\/espuma-1280x720.jpg?resize=755%2C425&#038;ssl=1\" alt=\"Espuma de gelatina al 2,5% sin tiempo de reposo. \" width=\"755\" height=\"425\" srcset=\"https:\/\/i0.wp.com\/le-fort.org\/cocina\/wp-content\/uploads\/2018\/06\/espuma.jpg?w=1280&amp;ssl=1 1280w, https:\/\/i0.wp.com\/le-fort.org\/cocina\/wp-content\/uploads\/2018\/06\/espuma.jpg?resize=600%2C338&amp;ssl=1 600w\" sizes=\"auto, (max-width: 755px) 100vw, 755px\" \/><figcaption id=\"caption-attachment-12619\" class=\"wp-caption-text\">Espuma de gelatina al 2,5% sin tiempo de reposo.<\/figcaption><\/figure>\n<p>A esas alturas los pobres asistentes estaban un poco cansados del viaje, la falta de sue\u00f1o y que el tema cae un poco fuera de las clases usuales de gastronom\u00eda, as\u00ed es que nos fuimos a almorzar.<\/p>\n<figure id=\"attachment_12620\" aria-describedby=\"caption-attachment-12620\" style=\"width: 755px\" class=\"wp-caption aligncenter\"><img data-recalc-dims=\"1\" loading=\"lazy\" decoding=\"async\" data-attachment-id=\"12620\" data-permalink=\"https:\/\/le-fort.org\/cocina\/texturas-jugando-con-la-quimica\/alumnos\/\" data-orig-file=\"https:\/\/i0.wp.com\/le-fort.org\/cocina\/wp-content\/uploads\/2018\/06\/alumnos.jpg?fit=1280%2C720&amp;ssl=1\" data-orig-size=\"1280,720\" data-comments-opened=\"0\" data-image-meta=\"{&quot;aperture&quot;:&quot;0&quot;,&quot;credit&quot;:&quot;&quot;,&quot;camera&quot;:&quot;&quot;,&quot;caption&quot;:&quot;&quot;,&quot;created_timestamp&quot;:&quot;0&quot;,&quot;copyright&quot;:&quot;&quot;,&quot;focal_length&quot;:&quot;0&quot;,&quot;iso&quot;:&quot;0&quot;,&quot;shutter_speed&quot;:&quot;0&quot;,&quot;title&quot;:&quot;&quot;,&quot;orientation&quot;:&quot;0&quot;}\" data-image-title=\"alumnos\" data-image-description=\"\" data-image-caption=\"\" data-large-file=\"https:\/\/i0.wp.com\/le-fort.org\/cocina\/wp-content\/uploads\/2018\/06\/alumnos.jpg?fit=1200%2C675&amp;ssl=1\" class=\"wp-image-12620 size-large\" src=\"https:\/\/i0.wp.com\/www.le-fort.org\/wp-content\/uploads\/2018\/06\/alumnos-1280x720.jpg?resize=755%2C425&#038;ssl=1\" alt=\"\" width=\"755\" height=\"425\" srcset=\"https:\/\/i0.wp.com\/le-fort.org\/cocina\/wp-content\/uploads\/2018\/06\/alumnos.jpg?w=1280&amp;ssl=1 1280w, https:\/\/i0.wp.com\/le-fort.org\/cocina\/wp-content\/uploads\/2018\/06\/alumnos.jpg?resize=600%2C338&amp;ssl=1 600w\" sizes=\"auto, (max-width: 755px) 100vw, 755px\" \/><figcaption id=\"caption-attachment-12620\" class=\"wp-caption-text\">As\u00ed quedamos, pero nos entretuvimos.<\/figcaption><\/figure>\n<p>A pesar de lo que la foto de arriba sugiera, fue una clase muy interesante, y sucedi\u00f3 eso que es lo que nos gusta de las clases: preguntas muy buenas que parecen b\u00e1sicas, pero que no lo son viniendo de una audiencia sin estudios de qu\u00edmica, por ejemplo &#8220;<strong>\u00bfqu\u00e9 es la hidr\u00f3lisis?<\/strong>&#8221; y preguntas que abren puertas: &#8220;<strong>\u00bfse puede hacer caramelo de maltodextrina?<\/strong>&#8221;<\/p>\n<p>La respuesta en un pr\u00f3ximo art\u00edculo. Esperamos.<\/p>\n","protected":false},"excerpt":{"rendered":"<p>Ya les contamos que estuvimos en Santa Elena guiando una gira de estudiantes de la UNIANDES de Ambato a la pen\u00ednsula. Parte de ello fue una clase de texturas, que fue el soporte para una incursi\u00f3n en la intersecci\u00f3n entre la ciencia (con \u00e9nfasis en la qu\u00edmica) y la cocina.<\/p>\n","protected":false},"author":1,"featured_media":12616,"comment_status":"closed","ping_status":"closed","sticky":false,"template":"","format":"standard","meta":{"_jetpack_newsletter_access":"","_jetpack_dont_email_post_to_subs":false,"_jetpack_newsletter_tier_id":0,"_jetpack_memberships_contains_paywalled_content":false,"_jetpack_memberships_contains_paid_content":false,"footnotes":""},"categories":[251],"tags":[685,689,754,248,758,639,704],"class_list":["post-12614","post","type-post","status-publish","format-standard","has-post-thumbnail","hentry","category-educacion","tag-ciencia-y-cocina","tag-clases","tag-cocina-molecular","tag-escuela-de-alta-cocina-arte-chef","tag-gastronomia-molecular","tag-santa-elena","tag-uniandes","entry","has-media"],"jetpack_featured_media_url":"https:\/\/i0.wp.com\/le-fort.org\/cocina\/wp-content\/uploads\/2018\/06\/sago-hd.jpg?fit=1500%2C500&ssl=1","jetpack_shortlink":"https:\/\/wp.me\/pghKer-3hs","jetpack_sharing_enabled":true,"jetpack-related-posts":[{"id":9528,"url":"https:\/\/le-fort.org\/cocina\/ciencia-y-cocina-introduccion\/","url_meta":{"origin":12614,"position":0},"title":"Ciencia y Cocina: Una Introducci\u00f3n","author":"Le-Fort.org","date":"26 de Junio, 2017","format":false,"excerpt":"Clase introductoria a la ciencia y la cocina dictada en la UNIANDES de Ambato. Nos encant\u00f3 que nos invitaran.","rel":"","context":"En &quot;Educaci\u00f3n&quot;","block_context":{"text":"Educaci\u00f3n","link":"https:\/\/le-fort.org\/cocina\/categoria\/educacion\/"},"img":{"alt_text":"","src":"https:\/\/i0.wp.com\/le-fort.org\/cocina\/wp-content\/uploads\/2017\/06\/ciencia-cocina-hd.jpg?fit=1200%2C400&ssl=1&resize=350%2C200","width":350,"height":200,"srcset":"https:\/\/i0.wp.com\/le-fort.org\/cocina\/wp-content\/uploads\/2017\/06\/ciencia-cocina-hd.jpg?fit=1200%2C400&ssl=1&resize=350%2C200 1x, https:\/\/i0.wp.com\/le-fort.org\/cocina\/wp-content\/uploads\/2017\/06\/ciencia-cocina-hd.jpg?fit=1200%2C400&ssl=1&resize=525%2C300 1.5x, https:\/\/i0.wp.com\/le-fort.org\/cocina\/wp-content\/uploads\/2017\/06\/ciencia-cocina-hd.jpg?fit=1200%2C400&ssl=1&resize=700%2C400 2x, https:\/\/i0.wp.com\/le-fort.org\/cocina\/wp-content\/uploads\/2017\/06\/ciencia-cocina-hd.jpg?fit=1200%2C400&ssl=1&resize=1050%2C600 3x"},"classes":[]},{"id":12601,"url":"https:\/\/le-fort.org\/cocina\/sanduches-del-mundo-en-santa-elena-uniandes\/","url_meta":{"origin":12614,"position":1},"title":"S\u00e1nduches del Mundo en Santa Elena (UNIANDES)","author":"Maestro Sanguchero","date":"4 de Junio, 2018","format":false,"excerpt":"El viernes 1 de junio muy temprano tuvimos el placer de dictar un curso de s\u00e1nduches del mundo a estudiantes de gastronom\u00eda de la universidad UNIANDES de Ambato en la Escuela de Alta Cocina Arte Chef en Santa Elena. Iniciamos la clase de s\u00e1nduches con nuestros viejos c\u00f3mplices John Montagu,\u2026","rel":"","context":"En &quot;Educaci\u00f3n&quot;","block_context":{"text":"Educaci\u00f3n","link":"https:\/\/le-fort.org\/cocina\/categoria\/educacion\/"},"img":{"alt_text":"","src":"https:\/\/i0.wp.com\/le-fort.org\/cocina\/wp-content\/uploads\/2018\/06\/philly-hd.jpg?fit=1200%2C400&ssl=1&resize=350%2C200","width":350,"height":200,"srcset":"https:\/\/i0.wp.com\/le-fort.org\/cocina\/wp-content\/uploads\/2018\/06\/philly-hd.jpg?fit=1200%2C400&ssl=1&resize=350%2C200 1x, https:\/\/i0.wp.com\/le-fort.org\/cocina\/wp-content\/uploads\/2018\/06\/philly-hd.jpg?fit=1200%2C400&ssl=1&resize=525%2C300 1.5x, https:\/\/i0.wp.com\/le-fort.org\/cocina\/wp-content\/uploads\/2018\/06\/philly-hd.jpg?fit=1200%2C400&ssl=1&resize=700%2C400 2x, https:\/\/i0.wp.com\/le-fort.org\/cocina\/wp-content\/uploads\/2018\/06\/philly-hd.jpg?fit=1200%2C400&ssl=1&resize=1050%2C600 3x"},"classes":[]},{"id":12422,"url":"https:\/\/le-fort.org\/cocina\/guia-de-tecnicas-culinarias-en-santa-elena\/","url_meta":{"origin":12614,"position":2},"title":"Presentaci\u00f3n de la Gu\u00eda de T\u00e9cnicas Culinarias en Santa Elena","author":"Le-Fort.org","date":"26 de Abril, 2018","format":false,"excerpt":"Tuvimos el placer de guiar la presentaci\u00f3n de la Gu\u00eda de T\u00e9cnicas Culinarias en la ciudad de Santa Elena","rel":"","context":"En &quot;General&quot;","block_context":{"text":"General","link":"https:\/\/le-fort.org\/cocina\/categoria\/general\/"},"img":{"alt_text":"","src":"https:\/\/i0.wp.com\/le-fort.org\/cocina\/wp-content\/uploads\/2018\/04\/guina-hd.jpg?fit=1200%2C400&ssl=1&resize=350%2C200","width":350,"height":200,"srcset":"https:\/\/i0.wp.com\/le-fort.org\/cocina\/wp-content\/uploads\/2018\/04\/guina-hd.jpg?fit=1200%2C400&ssl=1&resize=350%2C200 1x, https:\/\/i0.wp.com\/le-fort.org\/cocina\/wp-content\/uploads\/2018\/04\/guina-hd.jpg?fit=1200%2C400&ssl=1&resize=525%2C300 1.5x, https:\/\/i0.wp.com\/le-fort.org\/cocina\/wp-content\/uploads\/2018\/04\/guina-hd.jpg?fit=1200%2C400&ssl=1&resize=700%2C400 2x, https:\/\/i0.wp.com\/le-fort.org\/cocina\/wp-content\/uploads\/2018\/04\/guina-hd.jpg?fit=1200%2C400&ssl=1&resize=1050%2C600 3x"},"classes":[]},{"id":15875,"url":"https:\/\/le-fort.org\/cocina\/cocinar-mejor-quimica\/","url_meta":{"origin":12614,"position":3},"title":"Cocinar Mejor a Trav\u00e9s de la Qu\u00edmica","author":"Rod","date":"1 de Diciembre, 2021","format":false,"excerpt":"Presentaci\u00f3n del 4\u00b0 Seminario del Handbook de Gastronom\u00eda F\u00edsica y Molecular.","rel":"","context":"En &quot;Ciencia&quot;","block_context":{"text":"Ciencia","link":"https:\/\/le-fort.org\/cocina\/categoria\/ciencia\/"},"img":{"alt_text":"","src":"https:\/\/i0.wp.com\/le-fort.org\/cocina\/wp-content\/uploads\/2018\/06\/cavita-hd.jpg?fit=1200%2C400&ssl=1&resize=350%2C200","width":350,"height":200,"srcset":"https:\/\/i0.wp.com\/le-fort.org\/cocina\/wp-content\/uploads\/2018\/06\/cavita-hd.jpg?fit=1200%2C400&ssl=1&resize=350%2C200 1x, https:\/\/i0.wp.com\/le-fort.org\/cocina\/wp-content\/uploads\/2018\/06\/cavita-hd.jpg?fit=1200%2C400&ssl=1&resize=525%2C300 1.5x, https:\/\/i0.wp.com\/le-fort.org\/cocina\/wp-content\/uploads\/2018\/06\/cavita-hd.jpg?fit=1200%2C400&ssl=1&resize=700%2C400 2x, https:\/\/i0.wp.com\/le-fort.org\/cocina\/wp-content\/uploads\/2018\/06\/cavita-hd.jpg?fit=1200%2C400&ssl=1&resize=1050%2C600 3x"},"classes":[]},{"id":11407,"url":"https:\/\/le-fort.org\/cocina\/esferificacion-en-santa-elena\/","url_meta":{"origin":12614,"position":4},"title":"Esferificaci\u00f3n En Santa Elena","author":"Le-Fort.org","date":"16 de Enero, 2018","format":false,"excerpt":"Dictamos un curso de esferificaci\u00f3n en la Escuela de Alta Cocina Arte Chef en Santa Elena, como parte de una iniciativa de la Asociaci\u00f3n de Chefs del Ecuador. Tuvimos un motivado grupo de bartenders, chefs y estudiantes, y repasamos una serie de conceptos para llegar al tema que nos convoc\u00f3:\u2026","rel":"","context":"En &quot;Educaci\u00f3n&quot;","block_context":{"text":"Educaci\u00f3n","link":"https:\/\/le-fort.org\/cocina\/categoria\/educacion\/"},"img":{"alt_text":"","src":"https:\/\/i0.wp.com\/le-fort.org\/cocina\/wp-content\/uploads\/2018\/01\/esferificacion-hd-2.jpg?fit=1200%2C400&ssl=1&resize=350%2C200","width":350,"height":200,"srcset":"https:\/\/i0.wp.com\/le-fort.org\/cocina\/wp-content\/uploads\/2018\/01\/esferificacion-hd-2.jpg?fit=1200%2C400&ssl=1&resize=350%2C200 1x, https:\/\/i0.wp.com\/le-fort.org\/cocina\/wp-content\/uploads\/2018\/01\/esferificacion-hd-2.jpg?fit=1200%2C400&ssl=1&resize=525%2C300 1.5x, https:\/\/i0.wp.com\/le-fort.org\/cocina\/wp-content\/uploads\/2018\/01\/esferificacion-hd-2.jpg?fit=1200%2C400&ssl=1&resize=700%2C400 2x, https:\/\/i0.wp.com\/le-fort.org\/cocina\/wp-content\/uploads\/2018\/01\/esferificacion-hd-2.jpg?fit=1200%2C400&ssl=1&resize=1050%2C600 3x"},"classes":[]},{"id":8248,"url":"https:\/\/le-fort.org\/cocina\/taller-gastronomia-manantial-guangala\/","url_meta":{"origin":12614,"position":5},"title":"Manantial de Guangala","author":"Le-Fort.org","date":"1 de Julio, 2016","format":false,"excerpt":"Colaboramos con la Escuela de Alta Cocina Arte Chef en Manantial de Guangala, Santa Elena.","rel":"","context":"En &quot;Educaci\u00f3n&quot;","block_context":{"text":"Educaci\u00f3n","link":"https:\/\/le-fort.org\/cocina\/categoria\/educacion\/"},"img":{"alt_text":"","src":"https:\/\/i0.wp.com\/le-fort.org\/cocina\/wp-content\/uploads\/2016\/06\/guangala-hd-3.jpg?fit=1200%2C400&ssl=1&resize=350%2C200","width":350,"height":200,"srcset":"https:\/\/i0.wp.com\/le-fort.org\/cocina\/wp-content\/uploads\/2016\/06\/guangala-hd-3.jpg?fit=1200%2C400&ssl=1&resize=350%2C200 1x, https:\/\/i0.wp.com\/le-fort.org\/cocina\/wp-content\/uploads\/2016\/06\/guangala-hd-3.jpg?fit=1200%2C400&ssl=1&resize=525%2C300 1.5x, https:\/\/i0.wp.com\/le-fort.org\/cocina\/wp-content\/uploads\/2016\/06\/guangala-hd-3.jpg?fit=1200%2C400&ssl=1&resize=700%2C400 2x, https:\/\/i0.wp.com\/le-fort.org\/cocina\/wp-content\/uploads\/2016\/06\/guangala-hd-3.jpg?fit=1200%2C400&ssl=1&resize=1050%2C600 3x"},"classes":[]}],"_links":{"self":[{"href":"https:\/\/le-fort.org\/cocina\/wp-json\/wp\/v2\/posts\/12614","targetHints":{"allow":["GET"]}}],"collection":[{"href":"https:\/\/le-fort.org\/cocina\/wp-json\/wp\/v2\/posts"}],"about":[{"href":"https:\/\/le-fort.org\/cocina\/wp-json\/wp\/v2\/types\/post"}],"author":[{"embeddable":true,"href":"https:\/\/le-fort.org\/cocina\/wp-json\/wp\/v2\/users\/1"}],"replies":[{"embeddable":true,"href":"https:\/\/le-fort.org\/cocina\/wp-json\/wp\/v2\/comments?post=12614"}],"version-history":[{"count":2,"href":"https:\/\/le-fort.org\/cocina\/wp-json\/wp\/v2\/posts\/12614\/revisions"}],"predecessor-version":[{"id":14131,"href":"https:\/\/le-fort.org\/cocina\/wp-json\/wp\/v2\/posts\/12614\/revisions\/14131"}],"wp:featuredmedia":[{"embeddable":true,"href":"https:\/\/le-fort.org\/cocina\/wp-json\/wp\/v2\/media\/12616"}],"wp:attachment":[{"href":"https:\/\/le-fort.org\/cocina\/wp-json\/wp\/v2\/media?parent=12614"}],"wp:term":[{"taxonomy":"category","embeddable":true,"href":"https:\/\/le-fort.org\/cocina\/wp-json\/wp\/v2\/categories?post=12614"},{"taxonomy":"post_tag","embeddable":true,"href":"https:\/\/le-fort.org\/cocina\/wp-json\/wp\/v2\/tags?post=12614"}],"curies":[{"name":"wp","href":"https:\/\/api.w.org\/{rel}","templated":true}]}}