{"id":12629,"date":"2018-06-10T09:00:28","date_gmt":"2018-06-10T14:00:28","guid":{"rendered":"https:\/\/www.le-fort.org\/?p=12629"},"modified":"2018-06-13T17:30:01","modified_gmt":"2018-06-13T22:30:01","slug":"menu-bares-escolares-cuenca","status":"publish","type":"post","link":"https:\/\/le-fort.org\/cocina\/menu-bares-escolares-cuenca\/","title":{"rendered":"Men\u00fa Saludable para Bares Escolares I"},"content":{"rendered":"<p>Dictamos un curso para administradores de bares escolares en DASAM Distribuidora en Cuenca: el curso fue sobre dise\u00f1o de men\u00fa saludable, para variar y ampliar la oferta gastron\u00f3mica a escolares.<!--more--><\/p>\n<p>La asistencia nos sorprendi\u00f3, tanto por el n\u00famero como por el entusiasmo, y tuvimos una clase muy entretenida y un poco cansadora.<\/p>\n<figure id=\"attachment_12639\" aria-describedby=\"caption-attachment-12639\" style=\"width: 755px\" class=\"wp-caption aligncenter\"><img data-recalc-dims=\"1\" loading=\"lazy\" decoding=\"async\" data-attachment-id=\"12639\" data-permalink=\"https:\/\/le-fort.org\/cocina\/menu-bares-escolares-cuenca\/concentrados\/\" data-orig-file=\"https:\/\/i0.wp.com\/le-fort.org\/cocina\/wp-content\/uploads\/2018\/06\/concentrados.jpg?fit=1280%2C720&amp;ssl=1\" data-orig-size=\"1280,720\" data-comments-opened=\"0\" data-image-meta=\"{&quot;aperture&quot;:&quot;0&quot;,&quot;credit&quot;:&quot;&quot;,&quot;camera&quot;:&quot;&quot;,&quot;caption&quot;:&quot;&quot;,&quot;created_timestamp&quot;:&quot;0&quot;,&quot;copyright&quot;:&quot;&quot;,&quot;focal_length&quot;:&quot;0&quot;,&quot;iso&quot;:&quot;0&quot;,&quot;shutter_speed&quot;:&quot;0&quot;,&quot;title&quot;:&quot;&quot;,&quot;orientation&quot;:&quot;0&quot;}\" data-image-title=\"concentrados\" data-image-description=\"\" data-image-caption=\"\" data-large-file=\"https:\/\/i0.wp.com\/le-fort.org\/cocina\/wp-content\/uploads\/2018\/06\/concentrados.jpg?fit=1200%2C675&amp;ssl=1\" class=\"wp-image-12639 size-large\" src=\"https:\/\/i0.wp.com\/www.le-fort.org\/wp-content\/uploads\/2018\/06\/concentrados-1280x720.jpg?resize=755%2C425&#038;ssl=1\" alt=\"Clase de men\u00fa saludable para bares escolares en DAMASM Cuenca Azuay\" width=\"755\" height=\"425\" srcset=\"https:\/\/i0.wp.com\/le-fort.org\/cocina\/wp-content\/uploads\/2018\/06\/concentrados.jpg?w=1280&amp;ssl=1 1280w, https:\/\/i0.wp.com\/le-fort.org\/cocina\/wp-content\/uploads\/2018\/06\/concentrados.jpg?resize=600%2C338&amp;ssl=1 600w\" sizes=\"auto, (max-width: 755px) 100vw, 755px\" \/><figcaption id=\"caption-attachment-12639\" class=\"wp-caption-text\">Concentrados<\/figcaption><\/figure>\n<figure id=\"attachment_12640\" aria-describedby=\"caption-attachment-12640\" style=\"width: 755px\" class=\"wp-caption aligncenter\"><img data-recalc-dims=\"1\" loading=\"lazy\" decoding=\"async\" data-attachment-id=\"12640\" data-permalink=\"https:\/\/le-fort.org\/cocina\/menu-bares-escolares-cuenca\/enclases\/\" data-orig-file=\"https:\/\/i0.wp.com\/le-fort.org\/cocina\/wp-content\/uploads\/2018\/06\/enclases.jpg?fit=1280%2C720&amp;ssl=1\" data-orig-size=\"1280,720\" data-comments-opened=\"0\" data-image-meta=\"{&quot;aperture&quot;:&quot;0&quot;,&quot;credit&quot;:&quot;&quot;,&quot;camera&quot;:&quot;&quot;,&quot;caption&quot;:&quot;&quot;,&quot;created_timestamp&quot;:&quot;0&quot;,&quot;copyright&quot;:&quot;&quot;,&quot;focal_length&quot;:&quot;0&quot;,&quot;iso&quot;:&quot;0&quot;,&quot;shutter_speed&quot;:&quot;0&quot;,&quot;title&quot;:&quot;&quot;,&quot;orientation&quot;:&quot;0&quot;}\" data-image-title=\"enclases\" data-image-description=\"\" data-image-caption=\"\" data-large-file=\"https:\/\/i0.wp.com\/le-fort.org\/cocina\/wp-content\/uploads\/2018\/06\/enclases.jpg?fit=1200%2C675&amp;ssl=1\" class=\"wp-image-12640 size-large\" src=\"https:\/\/i0.wp.com\/www.le-fort.org\/wp-content\/uploads\/2018\/06\/enclases-1280x720.jpg?resize=755%2C425&#038;ssl=1\" alt=\"Clase de men\u00fa saludable para bares escolares en DAMASM Cuenca Azuay\" width=\"755\" height=\"425\" srcset=\"https:\/\/i0.wp.com\/le-fort.org\/cocina\/wp-content\/uploads\/2018\/06\/enclases.jpg?w=1280&amp;ssl=1 1280w, https:\/\/i0.wp.com\/le-fort.org\/cocina\/wp-content\/uploads\/2018\/06\/enclases.jpg?resize=600%2C338&amp;ssl=1 600w\" sizes=\"auto, (max-width: 755px) 100vw, 755px\" \/><figcaption id=\"caption-attachment-12640\" class=\"wp-caption-text\">Explicando<\/figcaption><\/figure>\n<p>Tratamos los siguientes temas:<\/p>\n<ul>\n<li>Repaso de <a href=\"https:\/\/www.le-fort.org\/cursos\/introduccion-la-nutricion\/\">nutrici\u00f3n<\/a><\/li>\n<li>Plato saludable<\/li>\n<li>Ingredientes y variaciones<\/li>\n<li>Aportes nutricionales de distintos ingredientes<\/li>\n<li>Sugerencias para hacer aliados en la comunidad educativa<\/li>\n<li>C\u00e1lculo de aporte nutricional de platos<\/li>\n<li>Sugerencias de recetas.<\/li>\n<\/ul>\n<p>Fue una buena clase, en que los asistentes quedaron con ganas de m\u00e1s. Lo repetiremos pronto.<\/p>\n<figure id=\"attachment_12641\" aria-describedby=\"caption-attachment-12641\" style=\"width: 755px\" class=\"wp-caption aligncenter\"><img data-recalc-dims=\"1\" loading=\"lazy\" decoding=\"async\" data-attachment-id=\"12641\" data-permalink=\"https:\/\/le-fort.org\/cocina\/menu-bares-escolares-cuenca\/asistentes-4\/\" data-orig-file=\"https:\/\/i0.wp.com\/le-fort.org\/cocina\/wp-content\/uploads\/2018\/06\/asistentes.jpg?fit=1280%2C720&amp;ssl=1\" data-orig-size=\"1280,720\" data-comments-opened=\"0\" data-image-meta=\"{&quot;aperture&quot;:&quot;0&quot;,&quot;credit&quot;:&quot;&quot;,&quot;camera&quot;:&quot;&quot;,&quot;caption&quot;:&quot;&quot;,&quot;created_timestamp&quot;:&quot;0&quot;,&quot;copyright&quot;:&quot;&quot;,&quot;focal_length&quot;:&quot;0&quot;,&quot;iso&quot;:&quot;0&quot;,&quot;shutter_speed&quot;:&quot;0&quot;,&quot;title&quot;:&quot;&quot;,&quot;orientation&quot;:&quot;0&quot;}\" data-image-title=\"asistentes\" data-image-description=\"\" data-image-caption=\"\" data-large-file=\"https:\/\/i0.wp.com\/le-fort.org\/cocina\/wp-content\/uploads\/2018\/06\/asistentes.jpg?fit=1200%2C675&amp;ssl=1\" class=\"wp-image-12641 size-large\" src=\"https:\/\/i0.wp.com\/www.le-fort.org\/wp-content\/uploads\/2018\/06\/asistentes-1280x720.jpg?resize=755%2C425&#038;ssl=1\" alt=\"Clase de men\u00fa saludable para bares escolares en DAMASM Cuenca Azuay\" width=\"755\" height=\"425\" srcset=\"https:\/\/i0.wp.com\/le-fort.org\/cocina\/wp-content\/uploads\/2018\/06\/asistentes.jpg?w=1280&amp;ssl=1 1280w, https:\/\/i0.wp.com\/le-fort.org\/cocina\/wp-content\/uploads\/2018\/06\/asistentes.jpg?resize=600%2C338&amp;ssl=1 600w\" sizes=\"auto, (max-width: 755px) 100vw, 755px\" \/><figcaption id=\"caption-attachment-12641\" class=\"wp-caption-text\">Atentas<\/figcaption><\/figure>\n<figure id=\"attachment_12642\" aria-describedby=\"caption-attachment-12642\" style=\"width: 755px\" class=\"wp-caption aligncenter\"><img data-recalc-dims=\"1\" loading=\"lazy\" decoding=\"async\" data-attachment-id=\"12642\" data-permalink=\"https:\/\/le-fort.org\/cocina\/menu-bares-escolares-cuenca\/trabajando-5\/\" data-orig-file=\"https:\/\/i0.wp.com\/le-fort.org\/cocina\/wp-content\/uploads\/2018\/06\/trabajando.jpg?fit=1280%2C720&amp;ssl=1\" data-orig-size=\"1280,720\" data-comments-opened=\"0\" data-image-meta=\"{&quot;aperture&quot;:&quot;0&quot;,&quot;credit&quot;:&quot;&quot;,&quot;camera&quot;:&quot;&quot;,&quot;caption&quot;:&quot;&quot;,&quot;created_timestamp&quot;:&quot;0&quot;,&quot;copyright&quot;:&quot;&quot;,&quot;focal_length&quot;:&quot;0&quot;,&quot;iso&quot;:&quot;0&quot;,&quot;shutter_speed&quot;:&quot;0&quot;,&quot;title&quot;:&quot;&quot;,&quot;orientation&quot;:&quot;0&quot;}\" data-image-title=\"trabajando\" data-image-description=\"\" data-image-caption=\"&lt;p&gt;Curso Men\u00fa saludable para bares escolares&lt;\/p&gt;\n\" data-large-file=\"https:\/\/i0.wp.com\/le-fort.org\/cocina\/wp-content\/uploads\/2018\/06\/trabajando.jpg?fit=1200%2C675&amp;ssl=1\" class=\"wp-image-12642 size-large\" src=\"https:\/\/i0.wp.com\/www.le-fort.org\/wp-content\/uploads\/2018\/06\/trabajando-1280x720.jpg?resize=755%2C425&#038;ssl=1\" alt=\"Clase de men\u00fa saludable para bares escolares en DAMASM Cuenca Azuay\" width=\"755\" height=\"425\" srcset=\"https:\/\/i0.wp.com\/le-fort.org\/cocina\/wp-content\/uploads\/2018\/06\/trabajando.jpg?w=1280&amp;ssl=1 1280w, https:\/\/i0.wp.com\/le-fort.org\/cocina\/wp-content\/uploads\/2018\/06\/trabajando.jpg?resize=600%2C338&amp;ssl=1 600w\" sizes=\"auto, (max-width: 755px) 100vw, 755px\" \/><figcaption id=\"caption-attachment-12642\" class=\"wp-caption-text\">\u00c9nfasis<\/figcaption><\/figure>\n<p>Lo interesante fue notar la amplia variedad de posibilidades a nivel de ingredientes, preparaciones y variaciones en el dise\u00f1o de men\u00faes saludables para bares escolares. Es un importante e interesante campo de investigaci\u00f3n y desarrollo.<\/p>\n<figure id=\"attachment_12644\" aria-describedby=\"caption-attachment-12644\" style=\"width: 755px\" class=\"wp-caption aligncenter\"><img data-recalc-dims=\"1\" loading=\"lazy\" decoding=\"async\" data-attachment-id=\"12644\" data-permalink=\"https:\/\/le-fort.org\/cocina\/menu-bares-escolares-cuenca\/dramatis\/\" data-orig-file=\"https:\/\/i0.wp.com\/le-fort.org\/cocina\/wp-content\/uploads\/2018\/06\/dramatis.jpg?fit=1280%2C720&amp;ssl=1\" data-orig-size=\"1280,720\" data-comments-opened=\"0\" data-image-meta=\"{&quot;aperture&quot;:&quot;0&quot;,&quot;credit&quot;:&quot;&quot;,&quot;camera&quot;:&quot;&quot;,&quot;caption&quot;:&quot;&quot;,&quot;created_timestamp&quot;:&quot;0&quot;,&quot;copyright&quot;:&quot;&quot;,&quot;focal_length&quot;:&quot;0&quot;,&quot;iso&quot;:&quot;0&quot;,&quot;shutter_speed&quot;:&quot;0&quot;,&quot;title&quot;:&quot;&quot;,&quot;orientation&quot;:&quot;0&quot;}\" data-image-title=\"dramatis\" data-image-description=\"\" data-image-caption=\"&lt;p&gt;Asistentes. Nos vemos en la pr\u00f3xima&lt;\/p&gt;\n\" data-large-file=\"https:\/\/i0.wp.com\/le-fort.org\/cocina\/wp-content\/uploads\/2018\/06\/dramatis.jpg?fit=1200%2C675&amp;ssl=1\" class=\"size-large wp-image-12644\" src=\"https:\/\/i0.wp.com\/www.le-fort.org\/wp-content\/uploads\/2018\/06\/dramatis-1280x720.jpg?resize=755%2C425&#038;ssl=1\" alt=\"Clase de men\u00fa saludable para bares escolares en DASAM Cuenca Azuay\" width=\"755\" height=\"425\" srcset=\"https:\/\/i0.wp.com\/le-fort.org\/cocina\/wp-content\/uploads\/2018\/06\/dramatis.jpg?w=1280&amp;ssl=1 1280w, https:\/\/i0.wp.com\/le-fort.org\/cocina\/wp-content\/uploads\/2018\/06\/dramatis.jpg?resize=600%2C338&amp;ssl=1 600w\" sizes=\"auto, (max-width: 755px) 100vw, 755px\" \/><figcaption id=\"caption-attachment-12644\" class=\"wp-caption-text\">Asistentes. Nos vemos en la pr\u00f3xima<\/figcaption><\/figure>\n","protected":false},"excerpt":{"rendered":"<p>Dictamos un curso para administradores de bares escolares en DASAM Distribuidora en Cuenca: el curso fue sobre dise\u00f1o de men\u00fa saludable, para variar y ampliar la oferta gastron\u00f3mica a escolares.<\/p>\n","protected":false},"author":1,"featured_media":12643,"comment_status":"closed","ping_status":"closed","sticky":false,"template":"","format":"standard","meta":{"_jetpack_newsletter_access":"","_jetpack_dont_email_post_to_subs":false,"_jetpack_newsletter_tier_id":0,"_jetpack_memberships_contains_paywalled_content":false,"_jetpack_memberships_contains_paid_content":false,"footnotes":""},"categories":[251],"tags":[262,794,795,744,796,773],"class_list":["post-12629","post","type-post","status-publish","format-standard","has-post-thumbnail","hentry","category-educacion","tag-gastronomia-del-azuay","tag-bares-escolares","tag-be001","tag-cuenca","tag-menu-saludable","tag-nutricion","entry","has-media"],"jetpack_featured_media_url":"https:\/\/i0.wp.com\/le-fort.org\/cocina\/wp-content\/uploads\/2018\/06\/bares-dasam-1-hd.jpg?fit=2100%2C700&ssl=1","jetpack_shortlink":"https:\/\/wp.me\/pghKer-3hH","jetpack_sharing_enabled":true,"jetpack-related-posts":[{"id":12689,"url":"https:\/\/le-fort.org\/cocina\/menu-saludable-para-bares-escolares-ii\/","url_meta":{"origin":12629,"position":0},"title":"Men\u00fa Saludable para Bares Escolares II","author":"Le-Fort.org","date":"14 de Junio, 2018","format":false,"excerpt":"Inauguramos nuestra peque\u00f1a aula con un taller de men\u00fa saludable para bares escolares: segunda versi\u00f3n. Tuvimos una audiencia de Azogues y de Cuenca muy atenta, muy entretenida, y lo pasamos muy bien. El contenido fue m\u00e1s o menos el mismo del taller anterior. Nutrici\u00f3n. Nunca est\u00e1 de m\u00e1s un repaso\u2026","rel":"","context":"En &quot;Educaci\u00f3n&quot;","block_context":{"text":"Educaci\u00f3n","link":"https:\/\/le-fort.org\/cocina\/categoria\/educacion\/"},"img":{"alt_text":"","src":"https:\/\/i0.wp.com\/le-fort.org\/cocina\/wp-content\/uploads\/2018\/06\/bares-ii-hd.jpg?fit=1200%2C400&ssl=1&resize=350%2C200","width":350,"height":200,"srcset":"https:\/\/i0.wp.com\/le-fort.org\/cocina\/wp-content\/uploads\/2018\/06\/bares-ii-hd.jpg?fit=1200%2C400&ssl=1&resize=350%2C200 1x, https:\/\/i0.wp.com\/le-fort.org\/cocina\/wp-content\/uploads\/2018\/06\/bares-ii-hd.jpg?fit=1200%2C400&ssl=1&resize=525%2C300 1.5x, https:\/\/i0.wp.com\/le-fort.org\/cocina\/wp-content\/uploads\/2018\/06\/bares-ii-hd.jpg?fit=1200%2C400&ssl=1&resize=700%2C400 2x, https:\/\/i0.wp.com\/le-fort.org\/cocina\/wp-content\/uploads\/2018\/06\/bares-ii-hd.jpg?fit=1200%2C400&ssl=1&resize=1050%2C600 3x"},"classes":[]},{"id":12738,"url":"https:\/\/le-fort.org\/cocina\/menu-saludable-para-bares-escolares-iii\/","url_meta":{"origin":12629,"position":1},"title":"Men\u00fa Saludable para Bares Escolares III","author":"Le-Fort.org","date":"16 de Junio, 2018","format":false,"excerpt":"Tuvimos la tercera versi\u00f3n de nuestro taller de men\u00fa saludable para bares escolares, tambi\u00e9n donde nuestros amigos de DASAM Distribuidora, en Cuenca. Lleno total. Tuvimos el agrado de ver caras nuevas, y el mayor agrado de ver caras conocidas, algunas de las cuales se dieron el trabajo de venir desde\u2026","rel":"","context":"En &quot;Educaci\u00f3n&quot;","block_context":{"text":"Educaci\u00f3n","link":"https:\/\/le-fort.org\/cocina\/categoria\/educacion\/"},"img":{"alt_text":"","src":"https:\/\/i0.wp.com\/le-fort.org\/cocina\/wp-content\/uploads\/2018\/06\/bares-iii-hd.jpg?fit=1200%2C400&ssl=1&resize=350%2C200","width":350,"height":200,"srcset":"https:\/\/i0.wp.com\/le-fort.org\/cocina\/wp-content\/uploads\/2018\/06\/bares-iii-hd.jpg?fit=1200%2C400&ssl=1&resize=350%2C200 1x, https:\/\/i0.wp.com\/le-fort.org\/cocina\/wp-content\/uploads\/2018\/06\/bares-iii-hd.jpg?fit=1200%2C400&ssl=1&resize=525%2C300 1.5x, https:\/\/i0.wp.com\/le-fort.org\/cocina\/wp-content\/uploads\/2018\/06\/bares-iii-hd.jpg?fit=1200%2C400&ssl=1&resize=700%2C400 2x, https:\/\/i0.wp.com\/le-fort.org\/cocina\/wp-content\/uploads\/2018\/06\/bares-iii-hd.jpg?fit=1200%2C400&ssl=1&resize=1050%2C600 3x"},"classes":[]},{"id":14458,"url":"https:\/\/le-fort.org\/cocina\/eas\/","url_meta":{"origin":12629,"position":2},"title":"Estrategias de Alimentaci\u00f3n Saludable para Bares Escolares","author":"Le-Fort.org","date":"26 de Septiembre, 2019","format":false,"excerpt":"Curso de Bares Escolares en la ciudad de Cuenca.","rel":"","context":"En &quot;Educaci\u00f3n&quot;","block_context":{"text":"Educaci\u00f3n","link":"https:\/\/le-fort.org\/cocina\/categoria\/educacion\/"},"img":{"alt_text":"","src":"https:\/\/i0.wp.com\/le-fort.org\/cocina\/wp-content\/uploads\/2019\/03\/salsas-hd.jpg?fit=1200%2C400&ssl=1&resize=350%2C200","width":350,"height":200,"srcset":"https:\/\/i0.wp.com\/le-fort.org\/cocina\/wp-content\/uploads\/2019\/03\/salsas-hd.jpg?fit=1200%2C400&ssl=1&resize=350%2C200 1x, https:\/\/i0.wp.com\/le-fort.org\/cocina\/wp-content\/uploads\/2019\/03\/salsas-hd.jpg?fit=1200%2C400&ssl=1&resize=525%2C300 1.5x, https:\/\/i0.wp.com\/le-fort.org\/cocina\/wp-content\/uploads\/2019\/03\/salsas-hd.jpg?fit=1200%2C400&ssl=1&resize=700%2C400 2x, https:\/\/i0.wp.com\/le-fort.org\/cocina\/wp-content\/uploads\/2019\/03\/salsas-hd.jpg?fit=1200%2C400&ssl=1&resize=1050%2C600 3x"},"classes":[]},{"id":13079,"url":"https:\/\/le-fort.org\/cocina\/pollo-al-limon-bares-escolares\/","url_meta":{"origin":12629,"position":3},"title":"Pollo al Lim\u00f3n (Bares Escolares)","author":"Le-Fort.org","date":"16 de Agosto, 2018","format":false,"excerpt":"Receta base de pollo para men\u00fa saludable de bares escolares","rel":"","context":"En &quot;Recetas&quot;","block_context":{"text":"Recetas","link":"https:\/\/le-fort.org\/cocina\/categoria\/recetas\/"},"img":{"alt_text":"","src":"https:\/\/i0.wp.com\/le-fort.org\/cocina\/wp-content\/uploads\/2011\/08\/tandoori.jpg?fit=1000%2C288&ssl=1&resize=350%2C200","width":350,"height":200,"srcset":"https:\/\/i0.wp.com\/le-fort.org\/cocina\/wp-content\/uploads\/2011\/08\/tandoori.jpg?fit=1000%2C288&ssl=1&resize=350%2C200 1x, https:\/\/i0.wp.com\/le-fort.org\/cocina\/wp-content\/uploads\/2011\/08\/tandoori.jpg?fit=1000%2C288&ssl=1&resize=525%2C300 1.5x, https:\/\/i0.wp.com\/le-fort.org\/cocina\/wp-content\/uploads\/2011\/08\/tandoori.jpg?fit=1000%2C288&ssl=1&resize=700%2C400 2x"},"classes":[]},{"id":13426,"url":"https:\/\/le-fort.org\/cocina\/clases-cocina-loja\/","url_meta":{"origin":12629,"position":4},"title":"Estamos en Loja","author":"Le-Fort.org","date":"7 de Noviembre, 2018","format":false,"excerpt":"Desde noviembre del 2018 estamos en la ciudad de Loja. \u00a1Te esperamos!","rel":"","context":"En &quot;Disquisiciones&quot;","block_context":{"text":"Disquisiciones","link":"https:\/\/le-fort.org\/cocina\/categoria\/disquisiciones\/"},"img":{"alt_text":"","src":"https:\/\/i0.wp.com\/le-fort.org\/cocina\/wp-content\/uploads\/2018\/01\/esferificacion2-hd.jpg?fit=1200%2C400&ssl=1&resize=350%2C200","width":350,"height":200,"srcset":"https:\/\/i0.wp.com\/le-fort.org\/cocina\/wp-content\/uploads\/2018\/01\/esferificacion2-hd.jpg?fit=1200%2C400&ssl=1&resize=350%2C200 1x, https:\/\/i0.wp.com\/le-fort.org\/cocina\/wp-content\/uploads\/2018\/01\/esferificacion2-hd.jpg?fit=1200%2C400&ssl=1&resize=525%2C300 1.5x, https:\/\/i0.wp.com\/le-fort.org\/cocina\/wp-content\/uploads\/2018\/01\/esferificacion2-hd.jpg?fit=1200%2C400&ssl=1&resize=700%2C400 2x, https:\/\/i0.wp.com\/le-fort.org\/cocina\/wp-content\/uploads\/2018\/01\/esferificacion2-hd.jpg?fit=1200%2C400&ssl=1&resize=1050%2C600 3x"},"classes":[]},{"id":14674,"url":"https:\/\/le-fort.org\/cocina\/plasticos-de-un-solo-uso-en-bares-escolares\/","url_meta":{"origin":12629,"position":5},"title":"Alternativas a pl\u00e1sticos de un Solo Uso en Bares Escolares","author":"Le-Fort.org","date":"22 de Noviembre, 2019","format":false,"excerpt":"Discusi\u00f3n de estrategias para encontrar Alternativas a pl\u00e1sticos de un solo uso en Bares Escolares seg\u00fan el Acuerdo Ministerial MINEDUC-MINEDUC-2018-00097-A.","rel":"","context":"En &quot;General&quot;","block_context":{"text":"General","link":"https:\/\/le-fort.org\/cocina\/categoria\/general\/"},"img":{"alt_text":"","src":"https:\/\/i0.wp.com\/le-fort.org\/cocina\/wp-content\/uploads\/2019\/11\/leute-hd.jpg?fit=1200%2C400&ssl=1&resize=350%2C200","width":350,"height":200,"srcset":"https:\/\/i0.wp.com\/le-fort.org\/cocina\/wp-content\/uploads\/2019\/11\/leute-hd.jpg?fit=1200%2C400&ssl=1&resize=350%2C200 1x, https:\/\/i0.wp.com\/le-fort.org\/cocina\/wp-content\/uploads\/2019\/11\/leute-hd.jpg?fit=1200%2C400&ssl=1&resize=525%2C300 1.5x, https:\/\/i0.wp.com\/le-fort.org\/cocina\/wp-content\/uploads\/2019\/11\/leute-hd.jpg?fit=1200%2C400&ssl=1&resize=700%2C400 2x, https:\/\/i0.wp.com\/le-fort.org\/cocina\/wp-content\/uploads\/2019\/11\/leute-hd.jpg?fit=1200%2C400&ssl=1&resize=1050%2C600 3x"},"classes":[]}],"_links":{"self":[{"href":"https:\/\/le-fort.org\/cocina\/wp-json\/wp\/v2\/posts\/12629","targetHints":{"allow":["GET"]}}],"collection":[{"href":"https:\/\/le-fort.org\/cocina\/wp-json\/wp\/v2\/posts"}],"about":[{"href":"https:\/\/le-fort.org\/cocina\/wp-json\/wp\/v2\/types\/post"}],"author":[{"embeddable":true,"href":"https:\/\/le-fort.org\/cocina\/wp-json\/wp\/v2\/users\/1"}],"replies":[{"embeddable":true,"href":"https:\/\/le-fort.org\/cocina\/wp-json\/wp\/v2\/comments?post=12629"}],"version-history":[{"count":0,"href":"https:\/\/le-fort.org\/cocina\/wp-json\/wp\/v2\/posts\/12629\/revisions"}],"wp:featuredmedia":[{"embeddable":true,"href":"https:\/\/le-fort.org\/cocina\/wp-json\/wp\/v2\/media\/12643"}],"wp:attachment":[{"href":"https:\/\/le-fort.org\/cocina\/wp-json\/wp\/v2\/media?parent=12629"}],"wp:term":[{"taxonomy":"category","embeddable":true,"href":"https:\/\/le-fort.org\/cocina\/wp-json\/wp\/v2\/categories?post=12629"},{"taxonomy":"post_tag","embeddable":true,"href":"https:\/\/le-fort.org\/cocina\/wp-json\/wp\/v2\/tags?post=12629"}],"curies":[{"name":"wp","href":"https:\/\/api.w.org\/{rel}","templated":true}]}}