{"id":12738,"date":"2018-06-16T20:46:30","date_gmt":"2018-06-17T01:46:30","guid":{"rendered":"https:\/\/www.le-fort.org\/?p=12738"},"modified":"2018-06-16T22:47:11","modified_gmt":"2018-06-17T03:47:11","slug":"menu-saludable-para-bares-escolares-iii","status":"publish","type":"post","link":"https:\/\/le-fort.org\/cocina\/menu-saludable-para-bares-escolares-iii\/","title":{"rendered":"Men\u00fa Saludable para Bares Escolares III"},"content":{"rendered":"<p>Tuvimos la tercera versi\u00f3n de nuestro taller de men\u00fa saludable para bares escolares, tambi\u00e9n donde nuestros amigos de DASAM Distribuidora, en Cuenca. Lleno total.<!--more--><\/p>\n<p>Tuvimos el agrado de ver caras nuevas, y el mayor agrado de ver caras conocidas, algunas de las cuales se dieron el trabajo de venir desde La Troncal, hecho que realmente apreciamos.<\/p>\n<figure id=\"attachment_12741\" aria-describedby=\"caption-attachment-12741\" style=\"width: 1500px\" class=\"wp-caption aligncenter\"><img data-recalc-dims=\"1\" loading=\"lazy\" decoding=\"async\" data-attachment-id=\"12741\" data-permalink=\"https:\/\/le-fort.org\/cocina\/menu-saludable-para-bares-escolares-iii\/dav-20\/\" data-orig-file=\"https:\/\/i0.wp.com\/le-fort.org\/cocina\/wp-content\/uploads\/2018\/06\/2018-06-16-09.50.23.jpg?fit=1500%2C740&amp;ssl=1\" data-orig-size=\"1500,740\" data-comments-opened=\"0\" data-image-meta=\"{&quot;aperture&quot;:&quot;2.2&quot;,&quot;credit&quot;:&quot;Picasa&quot;,&quot;camera&quot;:&quot;ANE-LX3&quot;,&quot;caption&quot;:&quot;dav&quot;,&quot;created_timestamp&quot;:&quot;1529142623&quot;,&quot;copyright&quot;:&quot;&quot;,&quot;focal_length&quot;:&quot;3.81&quot;,&quot;iso&quot;:&quot;160&quot;,&quot;shutter_speed&quot;:&quot;0.033333&quot;,&quot;title&quot;:&quot;dav&quot;,&quot;orientation&quot;:&quot;0&quot;}\" data-image-title=\"Marell dando clases\" data-image-description=\"\" data-image-caption=\"&lt;p&gt;Marell dando clases&lt;\/p&gt;\n\" data-large-file=\"https:\/\/i0.wp.com\/le-fort.org\/cocina\/wp-content\/uploads\/2018\/06\/2018-06-16-09.50.23.jpg?fit=1200%2C592&amp;ssl=1\" class=\"wp-image-12741 size-full\" src=\"https:\/\/i0.wp.com\/www.le-fort.org\/wp-content\/uploads\/2018\/06\/2018-06-16-09.50.23.jpg?resize=1200%2C592&#038;ssl=1\" alt=\"Marell dando clases\" width=\"1200\" height=\"592\" srcset=\"https:\/\/i0.wp.com\/le-fort.org\/cocina\/wp-content\/uploads\/2018\/06\/2018-06-16-09.50.23.jpg?w=1500&amp;ssl=1 1500w, https:\/\/i0.wp.com\/le-fort.org\/cocina\/wp-content\/uploads\/2018\/06\/2018-06-16-09.50.23.jpg?resize=600%2C296&amp;ssl=1 600w, https:\/\/i0.wp.com\/le-fort.org\/cocina\/wp-content\/uploads\/2018\/06\/2018-06-16-09.50.23.jpg?resize=1280%2C631&amp;ssl=1 1280w, https:\/\/i0.wp.com\/le-fort.org\/cocina\/wp-content\/uploads\/2018\/06\/2018-06-16-09.50.23.jpg?resize=2%2C1&amp;ssl=1 2w\" sizes=\"auto, (max-width: 1200px) 100vw, 1200px\" \/><figcaption id=\"caption-attachment-12741\" class=\"wp-caption-text\">Marell dando clases, explicando por qu\u00e9 los carbohidratos complejos proveen energ\u00eda en forma m\u00e1s lenta que los carbohidratos simples.<\/figcaption><\/figure>\n<p>El programa fue m\u00e1s o menos el mismo de siempre: repaso de nutrici\u00f3n, c\u00e1lculo de aportes cal\u00f3ricos con el gentil auspicio de la regla de 3, c\u00e1lculo de costos de ingredientes y formas de mejorar el margen de ganancia, y c\u00f3mo aunar a los actores de la comunidad educativa en la promoci\u00f3n de la alimentaci\u00f3n saludable. Despu\u00e9s estuvimos conversando de recetas, y ya hab\u00edan pasado 4 horas.<\/p>\n<figure id=\"attachment_12742\" aria-describedby=\"caption-attachment-12742\" style=\"width: 1500px\" class=\"wp-caption aligncenter\"><img data-recalc-dims=\"1\" loading=\"lazy\" decoding=\"async\" data-attachment-id=\"12742\" data-permalink=\"https:\/\/le-fort.org\/cocina\/menu-saludable-para-bares-escolares-iii\/dav-21\/\" data-orig-file=\"https:\/\/i0.wp.com\/le-fort.org\/cocina\/wp-content\/uploads\/2018\/06\/2018-06-16-11.06.47.jpg?fit=1500%2C740&amp;ssl=1\" data-orig-size=\"1500,740\" data-comments-opened=\"0\" data-image-meta=\"{&quot;aperture&quot;:&quot;2.2&quot;,&quot;credit&quot;:&quot;Picasa&quot;,&quot;camera&quot;:&quot;ANE-LX3&quot;,&quot;caption&quot;:&quot;dav&quot;,&quot;created_timestamp&quot;:&quot;1529147207&quot;,&quot;copyright&quot;:&quot;&quot;,&quot;focal_length&quot;:&quot;3.81&quot;,&quot;iso&quot;:&quot;320&quot;,&quot;shutter_speed&quot;:&quot;0.033333&quot;,&quot;title&quot;:&quot;dav&quot;,&quot;orientation&quot;:&quot;0&quot;}\" data-image-title=\"Asistentes bares escolares\" data-image-description=\"\" data-image-caption=\"&lt;p&gt;Algunas (y algunos) de los sistentes&lt;\/p&gt;\n\" data-large-file=\"https:\/\/i0.wp.com\/le-fort.org\/cocina\/wp-content\/uploads\/2018\/06\/2018-06-16-11.06.47.jpg?fit=1200%2C592&amp;ssl=1\" class=\"wp-image-12742 size-full\" src=\"https:\/\/i0.wp.com\/www.le-fort.org\/wp-content\/uploads\/2018\/06\/2018-06-16-11.06.47.jpg?resize=1200%2C592&#038;ssl=1\" alt=\"Asistentes bares escolares\" width=\"1200\" height=\"592\" srcset=\"https:\/\/i0.wp.com\/le-fort.org\/cocina\/wp-content\/uploads\/2018\/06\/2018-06-16-11.06.47.jpg?w=1500&amp;ssl=1 1500w, https:\/\/i0.wp.com\/le-fort.org\/cocina\/wp-content\/uploads\/2018\/06\/2018-06-16-11.06.47.jpg?resize=600%2C296&amp;ssl=1 600w, https:\/\/i0.wp.com\/le-fort.org\/cocina\/wp-content\/uploads\/2018\/06\/2018-06-16-11.06.47.jpg?resize=1280%2C631&amp;ssl=1 1280w, https:\/\/i0.wp.com\/le-fort.org\/cocina\/wp-content\/uploads\/2018\/06\/2018-06-16-11.06.47.jpg?resize=2%2C1&amp;ssl=1 2w\" sizes=\"auto, (max-width: 1200px) 100vw, 1200px\" \/><figcaption id=\"caption-attachment-12742\" class=\"wp-caption-text\">Algunas (y algunos) de las asistentes<\/figcaption><\/figure>\n<figure id=\"attachment_12743\" aria-describedby=\"caption-attachment-12743\" style=\"width: 1500px\" class=\"wp-caption aligncenter\"><img data-recalc-dims=\"1\" loading=\"lazy\" decoding=\"async\" data-attachment-id=\"12743\" data-permalink=\"https:\/\/le-fort.org\/cocina\/menu-saludable-para-bares-escolares-iii\/dav-22\/\" data-orig-file=\"https:\/\/i0.wp.com\/le-fort.org\/cocina\/wp-content\/uploads\/2018\/06\/2018-06-16-11.07.04.jpg?fit=1500%2C740&amp;ssl=1\" data-orig-size=\"1500,740\" data-comments-opened=\"0\" data-image-meta=\"{&quot;aperture&quot;:&quot;2.2&quot;,&quot;credit&quot;:&quot;Picasa&quot;,&quot;camera&quot;:&quot;ANE-LX3&quot;,&quot;caption&quot;:&quot;dav&quot;,&quot;created_timestamp&quot;:&quot;1529147224&quot;,&quot;copyright&quot;:&quot;&quot;,&quot;focal_length&quot;:&quot;3.81&quot;,&quot;iso&quot;:&quot;200&quot;,&quot;shutter_speed&quot;:&quot;0.033333&quot;,&quot;title&quot;:&quot;dav&quot;,&quot;orientation&quot;:&quot;0&quot;}\" data-image-title=\"dav\" data-image-description=\"\" data-image-caption=\"&lt;p&gt;M\u00e1s explicaciones&lt;\/p&gt;\n\" data-large-file=\"https:\/\/i0.wp.com\/le-fort.org\/cocina\/wp-content\/uploads\/2018\/06\/2018-06-16-11.07.04.jpg?fit=1200%2C592&amp;ssl=1\" class=\"wp-image-12743 size-full\" src=\"https:\/\/i0.wp.com\/www.le-fort.org\/wp-content\/uploads\/2018\/06\/2018-06-16-11.07.04.jpg?resize=1200%2C592&#038;ssl=1\" alt=\"Marell bares escolares\" width=\"1200\" height=\"592\" srcset=\"https:\/\/i0.wp.com\/le-fort.org\/cocina\/wp-content\/uploads\/2018\/06\/2018-06-16-11.07.04.jpg?w=1500&amp;ssl=1 1500w, https:\/\/i0.wp.com\/le-fort.org\/cocina\/wp-content\/uploads\/2018\/06\/2018-06-16-11.07.04.jpg?resize=600%2C296&amp;ssl=1 600w, https:\/\/i0.wp.com\/le-fort.org\/cocina\/wp-content\/uploads\/2018\/06\/2018-06-16-11.07.04.jpg?resize=1280%2C631&amp;ssl=1 1280w, https:\/\/i0.wp.com\/le-fort.org\/cocina\/wp-content\/uploads\/2018\/06\/2018-06-16-11.07.04.jpg?resize=2%2C1&amp;ssl=1 2w\" sizes=\"auto, (max-width: 1200px) 100vw, 1200px\" \/><figcaption id=\"caption-attachment-12743\" class=\"wp-caption-text\">M\u00e1s explicaciones, ft. Samantha<\/figcaption><\/figure>\n<p>Muchas gracias a todos los asistentes. Como siempre esperamos haber contribuido a que mejoren su quehacer. Por supuesto, nos vemos en el siguiente.<\/p>\n<figure id=\"attachment_12745\" aria-describedby=\"caption-attachment-12745\" style=\"width: 1500px\" class=\"wp-caption aligncenter\"><img data-recalc-dims=\"1\" loading=\"lazy\" decoding=\"async\" data-attachment-id=\"12745\" data-permalink=\"https:\/\/le-fort.org\/cocina\/menu-saludable-para-bares-escolares-iii\/mde\/\" data-orig-file=\"https:\/\/i0.wp.com\/le-fort.org\/cocina\/wp-content\/uploads\/2018\/06\/2018-06-16-12.58.48.jpg?fit=1500%2C740&amp;ssl=1\" data-orig-size=\"1500,740\" data-comments-opened=\"0\" data-image-meta=\"{&quot;aperture&quot;:&quot;2.2&quot;,&quot;credit&quot;:&quot;Picasa&quot;,&quot;camera&quot;:&quot;ANE-LX3&quot;,&quot;caption&quot;:&quot;mde&quot;,&quot;created_timestamp&quot;:&quot;1529153928&quot;,&quot;copyright&quot;:&quot;&quot;,&quot;focal_length&quot;:&quot;3.81&quot;,&quot;iso&quot;:&quot;1000&quot;,&quot;shutter_speed&quot;:&quot;0.058333&quot;,&quot;title&quot;:&quot;mde&quot;,&quot;orientation&quot;:&quot;0&quot;}\" data-image-title=\"Asistentes bares escolares\" data-image-description=\"&lt;p&gt;Asistentes bares escolares&lt;\/p&gt;\n\" data-image-caption=\"&lt;p&gt;Muchas gracias a todos los asistentes.&lt;\/p&gt;\n\" data-large-file=\"https:\/\/i0.wp.com\/le-fort.org\/cocina\/wp-content\/uploads\/2018\/06\/2018-06-16-12.58.48.jpg?fit=1200%2C592&amp;ssl=1\" class=\"size-full wp-image-12745\" src=\"https:\/\/i0.wp.com\/www.le-fort.org\/wp-content\/uploads\/2018\/06\/2018-06-16-12.58.48.jpg?resize=1200%2C592&#038;ssl=1\" alt=\"Asistentes bares escolares\" width=\"1200\" height=\"592\" srcset=\"https:\/\/i0.wp.com\/le-fort.org\/cocina\/wp-content\/uploads\/2018\/06\/2018-06-16-12.58.48.jpg?w=1500&amp;ssl=1 1500w, https:\/\/i0.wp.com\/le-fort.org\/cocina\/wp-content\/uploads\/2018\/06\/2018-06-16-12.58.48.jpg?resize=600%2C296&amp;ssl=1 600w, https:\/\/i0.wp.com\/le-fort.org\/cocina\/wp-content\/uploads\/2018\/06\/2018-06-16-12.58.48.jpg?resize=1280%2C631&amp;ssl=1 1280w, https:\/\/i0.wp.com\/le-fort.org\/cocina\/wp-content\/uploads\/2018\/06\/2018-06-16-12.58.48.jpg?resize=2%2C1&amp;ssl=1 2w\" sizes=\"auto, (max-width: 1200px) 100vw, 1200px\" \/><figcaption id=\"caption-attachment-12745\" class=\"wp-caption-text\">Muchas gracias a todos los asistentes.<\/figcaption><\/figure>\n","protected":false},"excerpt":{"rendered":"<p>Tuvimos la tercera versi\u00f3n de nuestro taller de men\u00fa saludable para bares escolares, tambi\u00e9n donde nuestros amigos de DASAM Distribuidora, en Cuenca. Lleno total.<\/p>\n","protected":false},"author":1,"featured_media":12740,"comment_status":"closed","ping_status":"closed","sticky":false,"template":"","format":"standard","meta":{"_jetpack_newsletter_access":"","_jetpack_dont_email_post_to_subs":false,"_jetpack_newsletter_tier_id":0,"_jetpack_memberships_contains_paywalled_content":false,"_jetpack_memberships_contains_paid_content":false,"footnotes":""},"categories":[251],"tags":[795],"class_list":["post-12738","post","type-post","status-publish","format-standard","has-post-thumbnail","hentry","category-educacion","tag-be001","entry","has-media"],"jetpack_featured_media_url":"https:\/\/i0.wp.com\/le-fort.org\/cocina\/wp-content\/uploads\/2018\/06\/bares-iii-hd.jpg?fit=1500%2C500&ssl=1","jetpack_shortlink":"https:\/\/wp.me\/pghKer-3js","jetpack_sharing_enabled":true,"jetpack-related-posts":[{"id":12689,"url":"https:\/\/le-fort.org\/cocina\/menu-saludable-para-bares-escolares-ii\/","url_meta":{"origin":12738,"position":0},"title":"Men\u00fa Saludable para Bares Escolares II","author":"Le-Fort.org","date":"14 de Junio, 2018","format":false,"excerpt":"Inauguramos nuestra peque\u00f1a aula con un taller de men\u00fa saludable para bares escolares: segunda versi\u00f3n. Tuvimos una audiencia de Azogues y de Cuenca muy atenta, muy entretenida, y lo pasamos muy bien. El contenido fue m\u00e1s o menos el mismo del taller anterior. Nutrici\u00f3n. Nunca est\u00e1 de m\u00e1s un repaso\u2026","rel":"","context":"En &quot;Educaci\u00f3n&quot;","block_context":{"text":"Educaci\u00f3n","link":"https:\/\/le-fort.org\/cocina\/categoria\/educacion\/"},"img":{"alt_text":"","src":"https:\/\/i0.wp.com\/le-fort.org\/cocina\/wp-content\/uploads\/2018\/06\/bares-ii-hd.jpg?fit=1200%2C400&ssl=1&resize=350%2C200","width":350,"height":200,"srcset":"https:\/\/i0.wp.com\/le-fort.org\/cocina\/wp-content\/uploads\/2018\/06\/bares-ii-hd.jpg?fit=1200%2C400&ssl=1&resize=350%2C200 1x, https:\/\/i0.wp.com\/le-fort.org\/cocina\/wp-content\/uploads\/2018\/06\/bares-ii-hd.jpg?fit=1200%2C400&ssl=1&resize=525%2C300 1.5x, https:\/\/i0.wp.com\/le-fort.org\/cocina\/wp-content\/uploads\/2018\/06\/bares-ii-hd.jpg?fit=1200%2C400&ssl=1&resize=700%2C400 2x, https:\/\/i0.wp.com\/le-fort.org\/cocina\/wp-content\/uploads\/2018\/06\/bares-ii-hd.jpg?fit=1200%2C400&ssl=1&resize=1050%2C600 3x"},"classes":[]},{"id":12629,"url":"https:\/\/le-fort.org\/cocina\/menu-bares-escolares-cuenca\/","url_meta":{"origin":12738,"position":1},"title":"Men\u00fa Saludable para Bares Escolares I","author":"Le-Fort.org","date":"10 de Junio, 2018","format":false,"excerpt":"Dictamos un curso para administradores de bares escolares en DASAM Distribuidora en Cuenca: el curso fue sobre dise\u00f1o de men\u00fa saludable, para variar y ampliar la oferta gastron\u00f3mica a escolares. La asistencia nos sorprendi\u00f3, tanto por el n\u00famero como por el entusiasmo, y tuvimos una clase muy entretenida y un\u2026","rel":"","context":"En &quot;Educaci\u00f3n&quot;","block_context":{"text":"Educaci\u00f3n","link":"https:\/\/le-fort.org\/cocina\/categoria\/educacion\/"},"img":{"alt_text":"","src":"https:\/\/i0.wp.com\/le-fort.org\/cocina\/wp-content\/uploads\/2018\/06\/bares-dasam-1-hd.jpg?fit=1200%2C400&ssl=1&resize=350%2C200","width":350,"height":200,"srcset":"https:\/\/i0.wp.com\/le-fort.org\/cocina\/wp-content\/uploads\/2018\/06\/bares-dasam-1-hd.jpg?fit=1200%2C400&ssl=1&resize=350%2C200 1x, https:\/\/i0.wp.com\/le-fort.org\/cocina\/wp-content\/uploads\/2018\/06\/bares-dasam-1-hd.jpg?fit=1200%2C400&ssl=1&resize=525%2C300 1.5x, https:\/\/i0.wp.com\/le-fort.org\/cocina\/wp-content\/uploads\/2018\/06\/bares-dasam-1-hd.jpg?fit=1200%2C400&ssl=1&resize=700%2C400 2x, https:\/\/i0.wp.com\/le-fort.org\/cocina\/wp-content\/uploads\/2018\/06\/bares-dasam-1-hd.jpg?fit=1200%2C400&ssl=1&resize=1050%2C600 3x"},"classes":[]},{"id":13079,"url":"https:\/\/le-fort.org\/cocina\/pollo-al-limon-bares-escolares\/","url_meta":{"origin":12738,"position":2},"title":"Pollo al Lim\u00f3n (Bares Escolares)","author":"Le-Fort.org","date":"16 de Agosto, 2018","format":false,"excerpt":"Receta base de pollo para men\u00fa saludable de bares escolares","rel":"","context":"En &quot;Recetas&quot;","block_context":{"text":"Recetas","link":"https:\/\/le-fort.org\/cocina\/categoria\/recetas\/"},"img":{"alt_text":"","src":"https:\/\/i0.wp.com\/le-fort.org\/cocina\/wp-content\/uploads\/2011\/08\/tandoori.jpg?fit=1000%2C288&ssl=1&resize=350%2C200","width":350,"height":200,"srcset":"https:\/\/i0.wp.com\/le-fort.org\/cocina\/wp-content\/uploads\/2011\/08\/tandoori.jpg?fit=1000%2C288&ssl=1&resize=350%2C200 1x, https:\/\/i0.wp.com\/le-fort.org\/cocina\/wp-content\/uploads\/2011\/08\/tandoori.jpg?fit=1000%2C288&ssl=1&resize=525%2C300 1.5x, https:\/\/i0.wp.com\/le-fort.org\/cocina\/wp-content\/uploads\/2011\/08\/tandoori.jpg?fit=1000%2C288&ssl=1&resize=700%2C400 2x"},"classes":[]},{"id":12097,"url":"https:\/\/le-fort.org\/cocina\/nutricion-la-troncal\/","url_meta":{"origin":12738,"position":3},"title":"Nutrici\u00f3n en La Troncal","author":"Le-Fort.org","date":"17 de Marzo, 2018","format":false,"excerpt":"Curso introductorio de nutrici\u00f3n en La Troncal. Nutrida asistencia y buena conversaci\u00f3n. Especial inter\u00e9s por personas de CIBV y bares escolares.","rel":"","context":"En &quot;Educaci\u00f3n&quot;","block_context":{"text":"Educaci\u00f3n","link":"https:\/\/le-fort.org\/cocina\/categoria\/educacion\/"},"img":{"alt_text":"","src":"https:\/\/i0.wp.com\/le-fort.org\/cocina\/wp-content\/uploads\/2018\/03\/nutri-hd.jpg?fit=1200%2C400&ssl=1&resize=350%2C200","width":350,"height":200,"srcset":"https:\/\/i0.wp.com\/le-fort.org\/cocina\/wp-content\/uploads\/2018\/03\/nutri-hd.jpg?fit=1200%2C400&ssl=1&resize=350%2C200 1x, https:\/\/i0.wp.com\/le-fort.org\/cocina\/wp-content\/uploads\/2018\/03\/nutri-hd.jpg?fit=1200%2C400&ssl=1&resize=525%2C300 1.5x, https:\/\/i0.wp.com\/le-fort.org\/cocina\/wp-content\/uploads\/2018\/03\/nutri-hd.jpg?fit=1200%2C400&ssl=1&resize=700%2C400 2x, https:\/\/i0.wp.com\/le-fort.org\/cocina\/wp-content\/uploads\/2018\/03\/nutri-hd.jpg?fit=1200%2C400&ssl=1&resize=1050%2C600 3x"},"classes":[]},{"id":14458,"url":"https:\/\/le-fort.org\/cocina\/eas\/","url_meta":{"origin":12738,"position":4},"title":"Estrategias de Alimentaci\u00f3n Saludable para Bares Escolares","author":"Le-Fort.org","date":"26 de Septiembre, 2019","format":false,"excerpt":"Curso de Bares Escolares en la ciudad de Cuenca.","rel":"","context":"En &quot;Educaci\u00f3n&quot;","block_context":{"text":"Educaci\u00f3n","link":"https:\/\/le-fort.org\/cocina\/categoria\/educacion\/"},"img":{"alt_text":"","src":"https:\/\/i0.wp.com\/le-fort.org\/cocina\/wp-content\/uploads\/2019\/03\/salsas-hd.jpg?fit=1200%2C400&ssl=1&resize=350%2C200","width":350,"height":200,"srcset":"https:\/\/i0.wp.com\/le-fort.org\/cocina\/wp-content\/uploads\/2019\/03\/salsas-hd.jpg?fit=1200%2C400&ssl=1&resize=350%2C200 1x, https:\/\/i0.wp.com\/le-fort.org\/cocina\/wp-content\/uploads\/2019\/03\/salsas-hd.jpg?fit=1200%2C400&ssl=1&resize=525%2C300 1.5x, https:\/\/i0.wp.com\/le-fort.org\/cocina\/wp-content\/uploads\/2019\/03\/salsas-hd.jpg?fit=1200%2C400&ssl=1&resize=700%2C400 2x, https:\/\/i0.wp.com\/le-fort.org\/cocina\/wp-content\/uploads\/2019\/03\/salsas-hd.jpg?fit=1200%2C400&ssl=1&resize=1050%2C600 3x"},"classes":[]},{"id":14674,"url":"https:\/\/le-fort.org\/cocina\/plasticos-de-un-solo-uso-en-bares-escolares\/","url_meta":{"origin":12738,"position":5},"title":"Alternativas a pl\u00e1sticos de un Solo Uso en Bares Escolares","author":"Le-Fort.org","date":"22 de Noviembre, 2019","format":false,"excerpt":"Discusi\u00f3n de estrategias para encontrar Alternativas a pl\u00e1sticos de un solo uso en Bares Escolares seg\u00fan el Acuerdo Ministerial MINEDUC-MINEDUC-2018-00097-A.","rel":"","context":"En &quot;General&quot;","block_context":{"text":"General","link":"https:\/\/le-fort.org\/cocina\/categoria\/general\/"},"img":{"alt_text":"","src":"https:\/\/i0.wp.com\/le-fort.org\/cocina\/wp-content\/uploads\/2019\/11\/leute-hd.jpg?fit=1200%2C400&ssl=1&resize=350%2C200","width":350,"height":200,"srcset":"https:\/\/i0.wp.com\/le-fort.org\/cocina\/wp-content\/uploads\/2019\/11\/leute-hd.jpg?fit=1200%2C400&ssl=1&resize=350%2C200 1x, https:\/\/i0.wp.com\/le-fort.org\/cocina\/wp-content\/uploads\/2019\/11\/leute-hd.jpg?fit=1200%2C400&ssl=1&resize=525%2C300 1.5x, https:\/\/i0.wp.com\/le-fort.org\/cocina\/wp-content\/uploads\/2019\/11\/leute-hd.jpg?fit=1200%2C400&ssl=1&resize=700%2C400 2x, https:\/\/i0.wp.com\/le-fort.org\/cocina\/wp-content\/uploads\/2019\/11\/leute-hd.jpg?fit=1200%2C400&ssl=1&resize=1050%2C600 3x"},"classes":[]}],"_links":{"self":[{"href":"https:\/\/le-fort.org\/cocina\/wp-json\/wp\/v2\/posts\/12738","targetHints":{"allow":["GET"]}}],"collection":[{"href":"https:\/\/le-fort.org\/cocina\/wp-json\/wp\/v2\/posts"}],"about":[{"href":"https:\/\/le-fort.org\/cocina\/wp-json\/wp\/v2\/types\/post"}],"author":[{"embeddable":true,"href":"https:\/\/le-fort.org\/cocina\/wp-json\/wp\/v2\/users\/1"}],"replies":[{"embeddable":true,"href":"https:\/\/le-fort.org\/cocina\/wp-json\/wp\/v2\/comments?post=12738"}],"version-history":[{"count":0,"href":"https:\/\/le-fort.org\/cocina\/wp-json\/wp\/v2\/posts\/12738\/revisions"}],"wp:featuredmedia":[{"embeddable":true,"href":"https:\/\/le-fort.org\/cocina\/wp-json\/wp\/v2\/media\/12740"}],"wp:attachment":[{"href":"https:\/\/le-fort.org\/cocina\/wp-json\/wp\/v2\/media?parent=12738"}],"wp:term":[{"taxonomy":"category","embeddable":true,"href":"https:\/\/le-fort.org\/cocina\/wp-json\/wp\/v2\/categories?post=12738"},{"taxonomy":"post_tag","embeddable":true,"href":"https:\/\/le-fort.org\/cocina\/wp-json\/wp\/v2\/tags?post=12738"}],"curies":[{"name":"wp","href":"https:\/\/api.w.org\/{rel}","templated":true}]}}