{"id":12874,"date":"2018-07-04T19:02:36","date_gmt":"2018-07-05T00:02:36","guid":{"rendered":"https:\/\/www.le-fort.org\/?p=12874"},"modified":"2018-07-04T19:02:36","modified_gmt":"2018-07-05T00:02:36","slug":"azogues","status":"publish","type":"post","link":"https:\/\/le-fort.org\/cocina\/azogues\/","title":{"rendered":"Bares Escolares \u2014 Azogues"},"content":{"rendered":"<p>Como parte de la <a href=\"https:\/\/chefs.ec\/\" target=\"_blank\" rel=\"noopener\">Asociaci\u00f3n de Chefs del Ecuador<\/a>, y como nosotros mismos, dictamos un curso de 20 horas pedag\u00f3gicas de cocina saludable para bares escolares en la C\u00e1mara de Comercio e Industrias de Azogues, <a href=\"https:\/\/www.le-fort.org\/manipulacion-e-inocuidad-en-azogues\/\">que como ya les contamos, nos gusta para trabajar<\/a>.<!--more--><\/p>\n<figure id=\"attachment_12876\" aria-describedby=\"caption-attachment-12876\" style=\"width: 654px\" class=\"wp-caption aligncenter\"><img data-recalc-dims=\"1\" loading=\"lazy\" decoding=\"async\" data-attachment-id=\"12876\" data-permalink=\"https:\/\/le-fort.org\/cocina\/azogues\/img_4777\/\" data-orig-file=\"https:\/\/i0.wp.com\/le-fort.org\/cocina\/wp-content\/uploads\/2018\/07\/IMG_4777.jpg?fit=1500%2C1000&amp;ssl=1\" data-orig-size=\"1500,1000\" data-comments-opened=\"0\" data-image-meta=\"{&quot;aperture&quot;:&quot;3.5&quot;,&quot;credit&quot;:&quot;MARELL ROJAS LE FORT&quot;,&quot;camera&quot;:&quot;Canon EOS REBEL SL1&quot;,&quot;caption&quot;:&quot;&quot;,&quot;created_timestamp&quot;:&quot;1530202177&quot;,&quot;copyright&quot;:&quot;&quot;,&quot;focal_length&quot;:&quot;18&quot;,&quot;iso&quot;:&quot;400&quot;,&quot;shutter_speed&quot;:&quot;0.033333333333333&quot;,&quot;title&quot;:&quot;&quot;,&quot;orientation&quot;:&quot;0&quot;}\" data-image-title=\"Bares Escolares en Azogues\" data-image-description=\"\" data-image-caption=\"&lt;p&gt;Calculando porciones&lt;\/p&gt;\n\" data-large-file=\"https:\/\/i0.wp.com\/le-fort.org\/cocina\/wp-content\/uploads\/2018\/07\/IMG_4777.jpg?fit=1200%2C800&amp;ssl=1\" class=\"size-large wp-image-12876\" src=\"https:\/\/i0.wp.com\/www.le-fort.org\/wp-content\/uploads\/2018\/07\/IMG_4777-1280x853.jpg?resize=654%2C436&#038;ssl=1\" alt=\"\" width=\"654\" height=\"436\" srcset=\"https:\/\/i0.wp.com\/le-fort.org\/cocina\/wp-content\/uploads\/2018\/07\/IMG_4777.jpg?resize=1280%2C853&amp;ssl=1 1280w, https:\/\/i0.wp.com\/le-fort.org\/cocina\/wp-content\/uploads\/2018\/07\/IMG_4777.jpg?resize=600%2C400&amp;ssl=1 600w, https:\/\/i0.wp.com\/le-fort.org\/cocina\/wp-content\/uploads\/2018\/07\/IMG_4777.jpg?resize=2%2C1&amp;ssl=1 2w, https:\/\/i0.wp.com\/le-fort.org\/cocina\/wp-content\/uploads\/2018\/07\/IMG_4777.jpg?w=1500&amp;ssl=1 1500w\" sizes=\"auto, (max-width: 654px) 100vw, 654px\" \/><figcaption id=\"caption-attachment-12876\" class=\"wp-caption-text\">Calculando porciones<\/figcaption><\/figure>\n<p>Fue un curso m\u00e1s largo que el que dictamos usualmente, e incluimos la preparaci\u00f3n de una serie de recetas saludables de distintas partes del mundo. Aprovechamos las recetas para crear a partir de una preparaci\u00f3n base, una serie de variaciones (todas saludables) y de esa forma obtener una mejor rotaci\u00f3n en la oferta de alimentos del bar escolar.<\/p>\n<figure id=\"attachment_12882\" aria-describedby=\"caption-attachment-12882\" style=\"width: 654px\" class=\"wp-caption aligncenter\"><img data-recalc-dims=\"1\" loading=\"lazy\" decoding=\"async\" data-attachment-id=\"12882\" data-permalink=\"https:\/\/le-fort.org\/cocina\/azogues\/img_4822\/\" data-orig-file=\"https:\/\/i0.wp.com\/le-fort.org\/cocina\/wp-content\/uploads\/2018\/07\/IMG_4822.jpg?fit=1500%2C1000&amp;ssl=1\" data-orig-size=\"1500,1000\" data-comments-opened=\"0\" data-image-meta=\"{&quot;aperture&quot;:&quot;5.6&quot;,&quot;credit&quot;:&quot;MARELL ROJAS LE FORT&quot;,&quot;camera&quot;:&quot;Canon EOS REBEL SL1&quot;,&quot;caption&quot;:&quot;&quot;,&quot;created_timestamp&quot;:&quot;1530207445&quot;,&quot;copyright&quot;:&quot;&quot;,&quot;focal_length&quot;:&quot;80&quot;,&quot;iso&quot;:&quot;1600&quot;,&quot;shutter_speed&quot;:&quot;0.025&quot;,&quot;title&quot;:&quot;&quot;,&quot;orientation&quot;:&quot;0&quot;}\" data-image-title=\"\" data-image-description=\"\" data-image-caption=\"&lt;p&gt;Leyendo la tabla de composici\u00f3n de alimentos buscando un ingrediente&lt;\/p&gt;\n\" data-large-file=\"https:\/\/i0.wp.com\/le-fort.org\/cocina\/wp-content\/uploads\/2018\/07\/IMG_4822.jpg?fit=1200%2C800&amp;ssl=1\" class=\"size-large wp-image-12882\" src=\"https:\/\/i0.wp.com\/www.le-fort.org\/wp-content\/uploads\/2018\/07\/IMG_4822-1280x853.jpg?resize=654%2C436&#038;ssl=1\" alt=\"Bares escolares Azogues\" width=\"654\" height=\"436\" srcset=\"https:\/\/i0.wp.com\/le-fort.org\/cocina\/wp-content\/uploads\/2018\/07\/IMG_4822.jpg?resize=1280%2C853&amp;ssl=1 1280w, https:\/\/i0.wp.com\/le-fort.org\/cocina\/wp-content\/uploads\/2018\/07\/IMG_4822.jpg?resize=600%2C400&amp;ssl=1 600w, https:\/\/i0.wp.com\/le-fort.org\/cocina\/wp-content\/uploads\/2018\/07\/IMG_4822.jpg?resize=2%2C1&amp;ssl=1 2w, https:\/\/i0.wp.com\/le-fort.org\/cocina\/wp-content\/uploads\/2018\/07\/IMG_4822.jpg?w=1500&amp;ssl=1 1500w\" sizes=\"auto, (max-width: 654px) 100vw, 654px\" \/><figcaption id=\"caption-attachment-12882\" class=\"wp-caption-text\">Leyendo la tabla de composici\u00f3n de alimentos buscando un ingrediente<\/figcaption><\/figure>\n<figure id=\"attachment_12878\" aria-describedby=\"caption-attachment-12878\" style=\"width: 654px\" class=\"wp-caption aligncenter\"><img data-recalc-dims=\"1\" loading=\"lazy\" decoding=\"async\" data-attachment-id=\"12878\" data-permalink=\"https:\/\/le-fort.org\/cocina\/azogues\/img_4796\/\" data-orig-file=\"https:\/\/i0.wp.com\/le-fort.org\/cocina\/wp-content\/uploads\/2018\/07\/IMG_4796.jpg?fit=1500%2C1000&amp;ssl=1\" data-orig-size=\"1500,1000\" data-comments-opened=\"0\" data-image-meta=\"{&quot;aperture&quot;:&quot;4.5&quot;,&quot;credit&quot;:&quot;MARELL ROJAS LE FORT&quot;,&quot;camera&quot;:&quot;Canon EOS REBEL SL1&quot;,&quot;caption&quot;:&quot;&quot;,&quot;created_timestamp&quot;:&quot;1530203657&quot;,&quot;copyright&quot;:&quot;&quot;,&quot;focal_length&quot;:&quot;43&quot;,&quot;iso&quot;:&quot;1250&quot;,&quot;shutter_speed&quot;:&quot;0.016666666666667&quot;,&quot;title&quot;:&quot;&quot;,&quot;orientation&quot;:&quot;0&quot;}\" data-image-title=\"IMG_4796\" data-image-description=\"\" data-image-caption=\"&lt;p&gt;Incluimos evaluaci\u00f3n formativa, dado que el curso tuvo varias sesiones&lt;\/p&gt;\n\" data-large-file=\"https:\/\/i0.wp.com\/le-fort.org\/cocina\/wp-content\/uploads\/2018\/07\/IMG_4796.jpg?fit=1200%2C800&amp;ssl=1\" class=\"size-large wp-image-12878\" src=\"https:\/\/i0.wp.com\/www.le-fort.org\/wp-content\/uploads\/2018\/07\/IMG_4796-1280x853.jpg?resize=654%2C436&#038;ssl=1\" alt=\"Bares escolares en Azogues.\" width=\"654\" height=\"436\" srcset=\"https:\/\/i0.wp.com\/le-fort.org\/cocina\/wp-content\/uploads\/2018\/07\/IMG_4796.jpg?resize=1280%2C853&amp;ssl=1 1280w, https:\/\/i0.wp.com\/le-fort.org\/cocina\/wp-content\/uploads\/2018\/07\/IMG_4796.jpg?resize=600%2C400&amp;ssl=1 600w, https:\/\/i0.wp.com\/le-fort.org\/cocina\/wp-content\/uploads\/2018\/07\/IMG_4796.jpg?resize=2%2C1&amp;ssl=1 2w, https:\/\/i0.wp.com\/le-fort.org\/cocina\/wp-content\/uploads\/2018\/07\/IMG_4796.jpg?w=1500&amp;ssl=1 1500w\" sizes=\"auto, (max-width: 654px) 100vw, 654px\" \/><figcaption id=\"caption-attachment-12878\" class=\"wp-caption-text\">Incluimos evaluaci\u00f3n formativa, dado que el curso tuvo varias sesiones<\/figcaption><\/figure>\n<p>En las tres sesiones de trabajo que tuvimos lo pasamos muy bien, conversamos, calculamos, y por supuesto probamos todo lo que preparamos.<\/p>\n<figure id=\"attachment_12898\" aria-describedby=\"caption-attachment-12898\" style=\"width: 654px\" class=\"wp-caption aligncenter\"><img data-recalc-dims=\"1\" loading=\"lazy\" decoding=\"async\" data-attachment-id=\"12898\" data-permalink=\"https:\/\/le-fort.org\/cocina\/azogues\/img_4911\/\" data-orig-file=\"https:\/\/i0.wp.com\/le-fort.org\/cocina\/wp-content\/uploads\/2018\/07\/IMG_4911.jpg?fit=1500%2C1000&amp;ssl=1\" data-orig-size=\"1500,1000\" data-comments-opened=\"0\" data-image-meta=\"{&quot;aperture&quot;:&quot;3.5&quot;,&quot;credit&quot;:&quot;MARELL ROJAS LE FORT&quot;,&quot;camera&quot;:&quot;Canon EOS REBEL SL1&quot;,&quot;caption&quot;:&quot;&quot;,&quot;created_timestamp&quot;:&quot;1530301983&quot;,&quot;copyright&quot;:&quot;&quot;,&quot;focal_length&quot;:&quot;22&quot;,&quot;iso&quot;:&quot;500&quot;,&quot;shutter_speed&quot;:&quot;0.033333333333333&quot;,&quot;title&quot;:&quot;&quot;,&quot;orientation&quot;:&quot;0&quot;}\" data-image-title=\"IMG_4911\" data-image-description=\"\" data-image-caption=\"&lt;p&gt;Gracias por asistir&lt;\/p&gt;\n\" data-large-file=\"https:\/\/i0.wp.com\/le-fort.org\/cocina\/wp-content\/uploads\/2018\/07\/IMG_4911.jpg?fit=1200%2C800&amp;ssl=1\" class=\"size-large wp-image-12898\" src=\"https:\/\/i0.wp.com\/www.le-fort.org\/wp-content\/uploads\/2018\/07\/IMG_4911-1280x853.jpg?resize=654%2C436&#038;ssl=1\" alt=\"Bares escolares en Azogues\" width=\"654\" height=\"436\" srcset=\"https:\/\/i0.wp.com\/le-fort.org\/cocina\/wp-content\/uploads\/2018\/07\/IMG_4911.jpg?resize=1280%2C853&amp;ssl=1 1280w, https:\/\/i0.wp.com\/le-fort.org\/cocina\/wp-content\/uploads\/2018\/07\/IMG_4911.jpg?resize=600%2C400&amp;ssl=1 600w, https:\/\/i0.wp.com\/le-fort.org\/cocina\/wp-content\/uploads\/2018\/07\/IMG_4911.jpg?resize=2%2C1&amp;ssl=1 2w, https:\/\/i0.wp.com\/le-fort.org\/cocina\/wp-content\/uploads\/2018\/07\/IMG_4911.jpg?w=1500&amp;ssl=1 1500w\" sizes=\"auto, (max-width: 654px) 100vw, 654px\" \/><figcaption id=\"caption-attachment-12898\" class=\"wp-caption-text\">Gracias por asistir<\/figcaption><\/figure>\n<p>Esperamos que este curso le haya sido de utilidad a los asistentes, y esperamos volver a vernos.<\/p>\n<p>&nbsp;<\/p>\n","protected":false},"excerpt":{"rendered":"<p>Curso de men\u00fa saludable para bares escolares en la C\u00e1mara de Comercio e Industrias de Azogues.<\/p>\n","protected":false},"author":1,"featured_media":12875,"comment_status":"closed","ping_status":"closed","sticky":false,"template":"","format":"standard","meta":{"_jetpack_newsletter_access":"","_jetpack_dont_email_post_to_subs":false,"_jetpack_newsletter_tier_id":0,"_jetpack_memberships_contains_paywalled_content":false,"_jetpack_memberships_contains_paid_content":false,"footnotes":""},"categories":[251],"tags":[],"class_list":["post-12874","post","type-post","status-publish","format-standard","has-post-thumbnail","hentry","category-educacion","entry","has-media"],"jetpack_featured_media_url":"https:\/\/i0.wp.com\/le-fort.org\/cocina\/wp-content\/uploads\/2018\/07\/azogues-hd.jpg?fit=1500%2C500&ssl=1","jetpack_shortlink":"https:\/\/wp.me\/sghKer-azogues","jetpack_sharing_enabled":true,"jetpack-related-posts":[{"id":14348,"url":"https:\/\/le-fort.org\/cocina\/manipulacion-nutricion-azogues\/","url_meta":{"origin":12874,"position":0},"title":"Manipulaci\u00f3n, Nutrici\u00f3n y Cocina de Aprovechamiento en Azogues","author":"Le-Fort.org","date":"22 de Agosto, 2019","format":false,"excerpt":"Los d\u00edas 19, 20 y 21 de agosto estuvimos en la ciudad de Azogues impartiendo un curso de manipulaci\u00f3n de alimentos, nutrici\u00f3n y sostenibilidad y cocina de aprovechamiento en la C\u00e1mara de Comercio de Industrias de Azogues. Fue un placer volver despu\u00e9s de casi un a\u00f1o. Nos encant\u00f3 el nivel\u2026","rel":"","context":"En &quot;Educaci\u00f3n&quot;","block_context":{"text":"Educaci\u00f3n","link":"https:\/\/le-fort.org\/cocina\/categoria\/educacion\/"},"img":{"alt_text":"","src":"https:\/\/i0.wp.com\/le-fort.org\/cocina\/wp-content\/uploads\/2019\/08\/azogues-hd.jpg?fit=1200%2C400&ssl=1&resize=350%2C200","width":350,"height":200,"srcset":"https:\/\/i0.wp.com\/le-fort.org\/cocina\/wp-content\/uploads\/2019\/08\/azogues-hd.jpg?fit=1200%2C400&ssl=1&resize=350%2C200 1x, https:\/\/i0.wp.com\/le-fort.org\/cocina\/wp-content\/uploads\/2019\/08\/azogues-hd.jpg?fit=1200%2C400&ssl=1&resize=525%2C300 1.5x, https:\/\/i0.wp.com\/le-fort.org\/cocina\/wp-content\/uploads\/2019\/08\/azogues-hd.jpg?fit=1200%2C400&ssl=1&resize=700%2C400 2x, https:\/\/i0.wp.com\/le-fort.org\/cocina\/wp-content\/uploads\/2019\/08\/azogues-hd.jpg?fit=1200%2C400&ssl=1&resize=1050%2C600 3x"},"classes":[]},{"id":12689,"url":"https:\/\/le-fort.org\/cocina\/menu-saludable-para-bares-escolares-ii\/","url_meta":{"origin":12874,"position":1},"title":"Men\u00fa Saludable para Bares Escolares II","author":"Le-Fort.org","date":"14 de Junio, 2018","format":false,"excerpt":"Inauguramos nuestra peque\u00f1a aula con un taller de men\u00fa saludable para bares escolares: segunda versi\u00f3n. Tuvimos una audiencia de Azogues y de Cuenca muy atenta, muy entretenida, y lo pasamos muy bien. El contenido fue m\u00e1s o menos el mismo del taller anterior. Nutrici\u00f3n. Nunca est\u00e1 de m\u00e1s un repaso\u2026","rel":"","context":"En &quot;Educaci\u00f3n&quot;","block_context":{"text":"Educaci\u00f3n","link":"https:\/\/le-fort.org\/cocina\/categoria\/educacion\/"},"img":{"alt_text":"","src":"https:\/\/i0.wp.com\/le-fort.org\/cocina\/wp-content\/uploads\/2018\/06\/bares-ii-hd.jpg?fit=1200%2C400&ssl=1&resize=350%2C200","width":350,"height":200,"srcset":"https:\/\/i0.wp.com\/le-fort.org\/cocina\/wp-content\/uploads\/2018\/06\/bares-ii-hd.jpg?fit=1200%2C400&ssl=1&resize=350%2C200 1x, https:\/\/i0.wp.com\/le-fort.org\/cocina\/wp-content\/uploads\/2018\/06\/bares-ii-hd.jpg?fit=1200%2C400&ssl=1&resize=525%2C300 1.5x, https:\/\/i0.wp.com\/le-fort.org\/cocina\/wp-content\/uploads\/2018\/06\/bares-ii-hd.jpg?fit=1200%2C400&ssl=1&resize=700%2C400 2x, https:\/\/i0.wp.com\/le-fort.org\/cocina\/wp-content\/uploads\/2018\/06\/bares-ii-hd.jpg?fit=1200%2C400&ssl=1&resize=1050%2C600 3x"},"classes":[]},{"id":12631,"url":"https:\/\/le-fort.org\/cocina\/manipulacion-e-inocuidad-en-azogues\/","url_meta":{"origin":12874,"position":2},"title":"Nutrici\u00f3n e Inocuidad en Azogues","author":"Le-Fort.org","date":"9 de Junio, 2018","format":false,"excerpt":"Dictamos un curso de Manipulaci\u00f3n de Alimentos y de Introducci\u00f3n a la Nutrici\u00f3n en la C\u00e1mara de Comercio e Industrias de la ciudad de Azogues. Fue una muy buena experiencia. Fue un curso de dos sesiones: en la primera tratamos manipulaci\u00f3n de alimentos y en la segunda, nutrici\u00f3n. Fuimos como\u2026","rel":"","context":"En &quot;Educaci\u00f3n&quot;","block_context":{"text":"Educaci\u00f3n","link":"https:\/\/le-fort.org\/cocina\/categoria\/educacion\/"},"img":{"alt_text":"","src":"https:\/\/i0.wp.com\/le-fort.org\/cocina\/wp-content\/uploads\/2018\/06\/azogues-hd.jpg?fit=1200%2C400&ssl=1&resize=350%2C200","width":350,"height":200,"srcset":"https:\/\/i0.wp.com\/le-fort.org\/cocina\/wp-content\/uploads\/2018\/06\/azogues-hd.jpg?fit=1200%2C400&ssl=1&resize=350%2C200 1x, https:\/\/i0.wp.com\/le-fort.org\/cocina\/wp-content\/uploads\/2018\/06\/azogues-hd.jpg?fit=1200%2C400&ssl=1&resize=525%2C300 1.5x, https:\/\/i0.wp.com\/le-fort.org\/cocina\/wp-content\/uploads\/2018\/06\/azogues-hd.jpg?fit=1200%2C400&ssl=1&resize=700%2C400 2x, https:\/\/i0.wp.com\/le-fort.org\/cocina\/wp-content\/uploads\/2018\/06\/azogues-hd.jpg?fit=1200%2C400&ssl=1&resize=1050%2C600 3x"},"classes":[]},{"id":13079,"url":"https:\/\/le-fort.org\/cocina\/pollo-al-limon-bares-escolares\/","url_meta":{"origin":12874,"position":3},"title":"Pollo al Lim\u00f3n (Bares Escolares)","author":"Le-Fort.org","date":"16 de Agosto, 2018","format":false,"excerpt":"Receta base de pollo para men\u00fa saludable de bares escolares","rel":"","context":"En &quot;Recetas&quot;","block_context":{"text":"Recetas","link":"https:\/\/le-fort.org\/cocina\/categoria\/recetas\/"},"img":{"alt_text":"","src":"https:\/\/i0.wp.com\/le-fort.org\/cocina\/wp-content\/uploads\/2011\/08\/tandoori.jpg?fit=1000%2C288&ssl=1&resize=350%2C200","width":350,"height":200,"srcset":"https:\/\/i0.wp.com\/le-fort.org\/cocina\/wp-content\/uploads\/2011\/08\/tandoori.jpg?fit=1000%2C288&ssl=1&resize=350%2C200 1x, https:\/\/i0.wp.com\/le-fort.org\/cocina\/wp-content\/uploads\/2011\/08\/tandoori.jpg?fit=1000%2C288&ssl=1&resize=525%2C300 1.5x, https:\/\/i0.wp.com\/le-fort.org\/cocina\/wp-content\/uploads\/2011\/08\/tandoori.jpg?fit=1000%2C288&ssl=1&resize=700%2C400 2x"},"classes":[]},{"id":12629,"url":"https:\/\/le-fort.org\/cocina\/menu-bares-escolares-cuenca\/","url_meta":{"origin":12874,"position":4},"title":"Men\u00fa Saludable para Bares Escolares I","author":"Le-Fort.org","date":"10 de Junio, 2018","format":false,"excerpt":"Dictamos un curso para administradores de bares escolares en DASAM Distribuidora en Cuenca: el curso fue sobre dise\u00f1o de men\u00fa saludable, para variar y ampliar la oferta gastron\u00f3mica a escolares. La asistencia nos sorprendi\u00f3, tanto por el n\u00famero como por el entusiasmo, y tuvimos una clase muy entretenida y un\u2026","rel":"","context":"En &quot;Educaci\u00f3n&quot;","block_context":{"text":"Educaci\u00f3n","link":"https:\/\/le-fort.org\/cocina\/categoria\/educacion\/"},"img":{"alt_text":"","src":"https:\/\/i0.wp.com\/le-fort.org\/cocina\/wp-content\/uploads\/2018\/06\/bares-dasam-1-hd.jpg?fit=1200%2C400&ssl=1&resize=350%2C200","width":350,"height":200,"srcset":"https:\/\/i0.wp.com\/le-fort.org\/cocina\/wp-content\/uploads\/2018\/06\/bares-dasam-1-hd.jpg?fit=1200%2C400&ssl=1&resize=350%2C200 1x, https:\/\/i0.wp.com\/le-fort.org\/cocina\/wp-content\/uploads\/2018\/06\/bares-dasam-1-hd.jpg?fit=1200%2C400&ssl=1&resize=525%2C300 1.5x, https:\/\/i0.wp.com\/le-fort.org\/cocina\/wp-content\/uploads\/2018\/06\/bares-dasam-1-hd.jpg?fit=1200%2C400&ssl=1&resize=700%2C400 2x, https:\/\/i0.wp.com\/le-fort.org\/cocina\/wp-content\/uploads\/2018\/06\/bares-dasam-1-hd.jpg?fit=1200%2C400&ssl=1&resize=1050%2C600 3x"},"classes":[]},{"id":12017,"url":"https:\/\/le-fort.org\/cocina\/curso-de-chocolateria-basica\/","url_meta":{"origin":12874,"position":5},"title":"Chocolateando: Chocolater\u00eda B\u00e1sica en Azogues","author":"Le-Fort.org","date":"16 de Marzo, 2018","format":false,"excerpt":"Chocolateando en Azogues. Nos matriculamos en un curso de chocolater\u00eda b\u00e1sica.","rel":"","context":"En &quot;Chocolate&quot;","block_context":{"text":"Chocolate","link":"https:\/\/le-fort.org\/cocina\/categoria\/chocolate\/"},"img":{"alt_text":"","src":"https:\/\/i0.wp.com\/le-fort.org\/cocina\/wp-content\/uploads\/2018\/03\/choco-hd.jpg?fit=1200%2C400&ssl=1&resize=350%2C200","width":350,"height":200,"srcset":"https:\/\/i0.wp.com\/le-fort.org\/cocina\/wp-content\/uploads\/2018\/03\/choco-hd.jpg?fit=1200%2C400&ssl=1&resize=350%2C200 1x, https:\/\/i0.wp.com\/le-fort.org\/cocina\/wp-content\/uploads\/2018\/03\/choco-hd.jpg?fit=1200%2C400&ssl=1&resize=525%2C300 1.5x, https:\/\/i0.wp.com\/le-fort.org\/cocina\/wp-content\/uploads\/2018\/03\/choco-hd.jpg?fit=1200%2C400&ssl=1&resize=700%2C400 2x, https:\/\/i0.wp.com\/le-fort.org\/cocina\/wp-content\/uploads\/2018\/03\/choco-hd.jpg?fit=1200%2C400&ssl=1&resize=1050%2C600 3x"},"classes":[]}],"_links":{"self":[{"href":"https:\/\/le-fort.org\/cocina\/wp-json\/wp\/v2\/posts\/12874","targetHints":{"allow":["GET"]}}],"collection":[{"href":"https:\/\/le-fort.org\/cocina\/wp-json\/wp\/v2\/posts"}],"about":[{"href":"https:\/\/le-fort.org\/cocina\/wp-json\/wp\/v2\/types\/post"}],"author":[{"embeddable":true,"href":"https:\/\/le-fort.org\/cocina\/wp-json\/wp\/v2\/users\/1"}],"replies":[{"embeddable":true,"href":"https:\/\/le-fort.org\/cocina\/wp-json\/wp\/v2\/comments?post=12874"}],"version-history":[{"count":3,"href":"https:\/\/le-fort.org\/cocina\/wp-json\/wp\/v2\/posts\/12874\/revisions"}],"predecessor-version":[{"id":12902,"href":"https:\/\/le-fort.org\/cocina\/wp-json\/wp\/v2\/posts\/12874\/revisions\/12902"}],"wp:featuredmedia":[{"embeddable":true,"href":"https:\/\/le-fort.org\/cocina\/wp-json\/wp\/v2\/media\/12875"}],"wp:attachment":[{"href":"https:\/\/le-fort.org\/cocina\/wp-json\/wp\/v2\/media?parent=12874"}],"wp:term":[{"taxonomy":"category","embeddable":true,"href":"https:\/\/le-fort.org\/cocina\/wp-json\/wp\/v2\/categories?post=12874"},{"taxonomy":"post_tag","embeddable":true,"href":"https:\/\/le-fort.org\/cocina\/wp-json\/wp\/v2\/tags?post=12874"}],"curies":[{"name":"wp","href":"https:\/\/api.w.org\/{rel}","templated":true}]}}