{"id":12909,"date":"2018-07-14T20:13:10","date_gmt":"2018-07-15T01:13:10","guid":{"rendered":"https:\/\/www.le-fort.org\/?p=12909"},"modified":"2018-07-14T20:13:10","modified_gmt":"2018-07-15T01:13:10","slug":"actualizacion-tecnicas-culinarias-en-santa-elena","status":"publish","type":"post","link":"https:\/\/le-fort.org\/cocina\/actualizacion-tecnicas-culinarias-en-santa-elena\/","title":{"rendered":"Actualizaci\u00f3n T\u00e9cnicas Culinarias en Santa Elena"},"content":{"rendered":"<p>Fuimos a Santa Elena a dar un taller de <a href=\"https:\/\/www.le-fort.org\/cursos\/actualizacion-tecnica-culinaria\/\">Actualizaci\u00f3n de T\u00e9cnicas Culinarias<\/a> a nuestros colegas de la Escuela de Alta Cocina Arte Chef. Tambi\u00e9n llegaron alumnos de Santa Elena e incluso de Latacunga y Zamora, lo que a\u00fan nos tiene muy impresionados.<!--more--><\/p>\n<figure id=\"attachment_12932\" aria-describedby=\"caption-attachment-12932\" style=\"width: 654px\" class=\"wp-caption aligncenter\"><img data-recalc-dims=\"1\" loading=\"lazy\" decoding=\"async\" data-attachment-id=\"12932\" data-permalink=\"https:\/\/le-fort.org\/cocina\/actualizacion-tecnicas-culinarias-en-santa-elena\/img_5376\/\" data-orig-file=\"https:\/\/i0.wp.com\/le-fort.org\/cocina\/wp-content\/uploads\/2018\/07\/IMG_5376.jpg?fit=1500%2C1000&amp;ssl=1\" data-orig-size=\"1500,1000\" data-comments-opened=\"0\" data-image-meta=\"{&quot;aperture&quot;:&quot;4&quot;,&quot;credit&quot;:&quot;MARELL ROJAS LE FORT&quot;,&quot;camera&quot;:&quot;Canon EOS REBEL SL1&quot;,&quot;caption&quot;:&quot;&quot;,&quot;created_timestamp&quot;:&quot;1531426307&quot;,&quot;copyright&quot;:&quot;&quot;,&quot;focal_length&quot;:&quot;90&quot;,&quot;iso&quot;:&quot;1250&quot;,&quot;shutter_speed&quot;:&quot;0.00625&quot;,&quot;title&quot;:&quot;&quot;,&quot;orientation&quot;:&quot;0&quot;}\" data-image-title=\"IMG_5376\" data-image-description=\"\" data-image-caption=\"\" data-large-file=\"https:\/\/i0.wp.com\/le-fort.org\/cocina\/wp-content\/uploads\/2018\/07\/IMG_5376.jpg?fit=1200%2C800&amp;ssl=1\" class=\"wp-image-12932 size-large\" src=\"https:\/\/i0.wp.com\/www.le-fort.org\/wp-content\/uploads\/2018\/07\/IMG_5376-1280x853.jpg?resize=654%2C436&#038;ssl=1\" alt=\"\u00bfComenzamos?\" width=\"654\" height=\"436\" srcset=\"https:\/\/i0.wp.com\/le-fort.org\/cocina\/wp-content\/uploads\/2018\/07\/IMG_5376.jpg?resize=1280%2C853&amp;ssl=1 1280w, https:\/\/i0.wp.com\/le-fort.org\/cocina\/wp-content\/uploads\/2018\/07\/IMG_5376.jpg?resize=600%2C400&amp;ssl=1 600w, https:\/\/i0.wp.com\/le-fort.org\/cocina\/wp-content\/uploads\/2018\/07\/IMG_5376.jpg?resize=2%2C1&amp;ssl=1 2w, https:\/\/i0.wp.com\/le-fort.org\/cocina\/wp-content\/uploads\/2018\/07\/IMG_5376.jpg?w=1500&amp;ssl=1 1500w\" sizes=\"auto, (max-width: 654px) 100vw, 654px\" \/><figcaption id=\"caption-attachment-12932\" class=\"wp-caption-text\">\u00bfComenzamos?<\/figcaption><\/figure>\n<p>Llegamos a la escuela a dejar nuestros b\u00e1rtulos y dejamos todo listo para comenzar el martes<\/p>\n<figure id=\"attachment_12915\" aria-describedby=\"caption-attachment-12915\" style=\"width: 654px\" class=\"wp-caption aligncenter\"><img data-recalc-dims=\"1\" loading=\"lazy\" decoding=\"async\" data-attachment-id=\"12915\" data-permalink=\"https:\/\/le-fort.org\/cocina\/actualizacion-tecnicas-culinarias-en-santa-elena\/img_5178\/\" data-orig-file=\"https:\/\/i0.wp.com\/le-fort.org\/cocina\/wp-content\/uploads\/2018\/07\/IMG_5178.jpg?fit=1500%2C1000&amp;ssl=1\" data-orig-size=\"1500,1000\" data-comments-opened=\"0\" data-image-meta=\"{&quot;aperture&quot;:&quot;4&quot;,&quot;credit&quot;:&quot;MARELL ROJAS LE FORT&quot;,&quot;camera&quot;:&quot;Canon EOS REBEL SL1&quot;,&quot;caption&quot;:&quot;&quot;,&quot;created_timestamp&quot;:&quot;1531241641&quot;,&quot;copyright&quot;:&quot;&quot;,&quot;focal_length&quot;:&quot;35&quot;,&quot;iso&quot;:&quot;1250&quot;,&quot;shutter_speed&quot;:&quot;0.02&quot;,&quot;title&quot;:&quot;&quot;,&quot;orientation&quot;:&quot;0&quot;}\" data-image-title=\"IMG_5178\" data-image-description=\"\" data-image-caption=\"&lt;p&gt;Listos para empezar&lt;\/p&gt;\n\" data-large-file=\"https:\/\/i0.wp.com\/le-fort.org\/cocina\/wp-content\/uploads\/2018\/07\/IMG_5178.jpg?fit=1200%2C800&amp;ssl=1\" class=\"size-large wp-image-12915\" src=\"https:\/\/i0.wp.com\/www.le-fort.org\/wp-content\/uploads\/2018\/07\/IMG_5178-1280x853.jpg?resize=654%2C436&#038;ssl=1\" alt=\"\" width=\"654\" height=\"436\" srcset=\"https:\/\/i0.wp.com\/le-fort.org\/cocina\/wp-content\/uploads\/2018\/07\/IMG_5178.jpg?resize=1280%2C853&amp;ssl=1 1280w, https:\/\/i0.wp.com\/le-fort.org\/cocina\/wp-content\/uploads\/2018\/07\/IMG_5178.jpg?resize=600%2C400&amp;ssl=1 600w, https:\/\/i0.wp.com\/le-fort.org\/cocina\/wp-content\/uploads\/2018\/07\/IMG_5178.jpg?resize=2%2C1&amp;ssl=1 2w, https:\/\/i0.wp.com\/le-fort.org\/cocina\/wp-content\/uploads\/2018\/07\/IMG_5178.jpg?w=1500&amp;ssl=1 1500w\" sizes=\"auto, (max-width: 654px) 100vw, 654px\" \/><figcaption id=\"caption-attachment-12915\" class=\"wp-caption-text\">Listos para empezar<\/figcaption><\/figure>\n<h2>Primer d\u00eda<\/h2>\n<p>El primer d\u00eda de clases fue m\u00e1s que nada hablar. Hablamos de las modas en la cocina, de la novedad y <strong>la falsa novedad<\/strong>, de la <strong>estrategia culinaria del Ecuador<\/strong>, que incluye algunos proyectos en los que nos hemos visto envueltos, y otros temas.<\/p>\n<p>No todo fue hablar, eso s\u00ed. Despu\u00e9s pasamos a hablar de <strong>la presi\u00f3n y el vac\u00edo<\/strong>, saltando directamente a un tema m\u00e1s t\u00e9cnico. Hablamos de ollas a presi\u00f3n y sus usos obvios y no tanto; del vac\u00edo y sus aplicaciones desde un punto de vista un poco m\u00e1s democr\u00e1tico para quienes no tenemos acceso (a\u00fan) a una c\u00e1mara de vac\u00edo.<\/p>\n<p>Terminamos la primera sesi\u00f3n con un <strong><em>Bloody Mary<\/em><\/strong> bastante <em>sui generis<\/em>, basado en experiencias de Nathan Mhyrvold y Chefsteps.<\/p>\n<figure id=\"attachment_12917\" aria-describedby=\"caption-attachment-12917\" style=\"width: 654px\" class=\"wp-caption aligncenter\"><img data-recalc-dims=\"1\" loading=\"lazy\" decoding=\"async\" data-attachment-id=\"12917\" data-permalink=\"https:\/\/le-fort.org\/cocina\/actualizacion-tecnicas-culinarias-en-santa-elena\/img_5217\/\" data-orig-file=\"https:\/\/i0.wp.com\/le-fort.org\/cocina\/wp-content\/uploads\/2018\/07\/IMG_5217.jpg?fit=1500%2C1000&amp;ssl=1\" data-orig-size=\"1500,1000\" data-comments-opened=\"0\" data-image-meta=\"{&quot;aperture&quot;:&quot;4&quot;,&quot;credit&quot;:&quot;MARELL ROJAS LE FORT&quot;,&quot;camera&quot;:&quot;Canon EOS REBEL SL1&quot;,&quot;caption&quot;:&quot;&quot;,&quot;created_timestamp&quot;:&quot;1531250942&quot;,&quot;copyright&quot;:&quot;&quot;,&quot;focal_length&quot;:&quot;40&quot;,&quot;iso&quot;:&quot;640&quot;,&quot;shutter_speed&quot;:&quot;0.016666666666667&quot;,&quot;title&quot;:&quot;&quot;,&quot;orientation&quot;:&quot;0&quot;}\" data-image-title=\"IMG_5217\" data-image-description=\"\" data-image-caption=\"&lt;p&gt;PV=nRT, idealmente.&lt;\/p&gt;\n\" data-large-file=\"https:\/\/i0.wp.com\/le-fort.org\/cocina\/wp-content\/uploads\/2018\/07\/IMG_5217.jpg?fit=1200%2C800&amp;ssl=1\" class=\"size-large wp-image-12917\" src=\"https:\/\/i0.wp.com\/www.le-fort.org\/wp-content\/uploads\/2018\/07\/IMG_5217-1280x853.jpg?resize=654%2C436&#038;ssl=1\" alt=\"PV=nRT, idealmente.\" width=\"654\" height=\"436\" srcset=\"https:\/\/i0.wp.com\/le-fort.org\/cocina\/wp-content\/uploads\/2018\/07\/IMG_5217.jpg?resize=1280%2C853&amp;ssl=1 1280w, https:\/\/i0.wp.com\/le-fort.org\/cocina\/wp-content\/uploads\/2018\/07\/IMG_5217.jpg?resize=600%2C400&amp;ssl=1 600w, https:\/\/i0.wp.com\/le-fort.org\/cocina\/wp-content\/uploads\/2018\/07\/IMG_5217.jpg?resize=2%2C1&amp;ssl=1 2w, https:\/\/i0.wp.com\/le-fort.org\/cocina\/wp-content\/uploads\/2018\/07\/IMG_5217.jpg?w=1500&amp;ssl=1 1500w\" sizes=\"auto, (max-width: 654px) 100vw, 654px\" \/><figcaption id=\"caption-attachment-12917\" class=\"wp-caption-text\">PV=nRT, idealmente.<\/figcaption><\/figure>\n<figure id=\"attachment_12918\" aria-describedby=\"caption-attachment-12918\" style=\"width: 654px\" class=\"wp-caption aligncenter\"><img data-recalc-dims=\"1\" loading=\"lazy\" decoding=\"async\" data-attachment-id=\"12918\" data-permalink=\"https:\/\/le-fort.org\/cocina\/actualizacion-tecnicas-culinarias-en-santa-elena\/dav-25\/\" data-orig-file=\"https:\/\/i0.wp.com\/le-fort.org\/cocina\/wp-content\/uploads\/2018\/07\/2018-07-10-20.57.04.jpg?fit=1500%2C740&amp;ssl=1\" data-orig-size=\"1500,740\" data-comments-opened=\"0\" data-image-meta=\"{&quot;aperture&quot;:&quot;2.2&quot;,&quot;credit&quot;:&quot;&quot;,&quot;camera&quot;:&quot;ANE-LX3&quot;,&quot;caption&quot;:&quot;dav&quot;,&quot;created_timestamp&quot;:&quot;1531256224&quot;,&quot;copyright&quot;:&quot;&quot;,&quot;focal_length&quot;:&quot;3.81&quot;,&quot;iso&quot;:&quot;250&quot;,&quot;shutter_speed&quot;:&quot;0.033333&quot;,&quot;title&quot;:&quot;dav&quot;,&quot;orientation&quot;:&quot;0&quot;}\" data-image-title=\"Haga su propio Bloody Mary\" data-image-description=\"\" data-image-caption=\"&lt;p&gt;Haga su propio Bloody Mary&lt;\/p&gt;\n\" data-large-file=\"https:\/\/i0.wp.com\/le-fort.org\/cocina\/wp-content\/uploads\/2018\/07\/2018-07-10-20.57.04.jpg?fit=1200%2C592&amp;ssl=1\" class=\"size-large wp-image-12918\" src=\"https:\/\/i0.wp.com\/www.le-fort.org\/wp-content\/uploads\/2018\/07\/2018-07-10-20.57.04-1280x631.jpg?resize=654%2C322&#038;ssl=1\" alt=\"Haga su propio Bloody Mary\" width=\"654\" height=\"322\" srcset=\"https:\/\/i0.wp.com\/le-fort.org\/cocina\/wp-content\/uploads\/2018\/07\/2018-07-10-20.57.04.jpg?resize=1280%2C631&amp;ssl=1 1280w, https:\/\/i0.wp.com\/le-fort.org\/cocina\/wp-content\/uploads\/2018\/07\/2018-07-10-20.57.04.jpg?resize=600%2C296&amp;ssl=1 600w, https:\/\/i0.wp.com\/le-fort.org\/cocina\/wp-content\/uploads\/2018\/07\/2018-07-10-20.57.04.jpg?resize=2%2C1&amp;ssl=1 2w, https:\/\/i0.wp.com\/le-fort.org\/cocina\/wp-content\/uploads\/2018\/07\/2018-07-10-20.57.04.jpg?w=1500&amp;ssl=1 1500w\" sizes=\"auto, (max-width: 654px) 100vw, 654px\" \/><figcaption id=\"caption-attachment-12918\" class=\"wp-caption-text\">Haga su propio <em>Bloody Mary<\/em><\/figcaption><\/figure>\n<figure id=\"attachment_12919\" aria-describedby=\"caption-attachment-12919\" style=\"width: 654px\" class=\"wp-caption aligncenter\"><img data-recalc-dims=\"1\" loading=\"lazy\" decoding=\"async\" data-attachment-id=\"12919\" data-permalink=\"https:\/\/le-fort.org\/cocina\/actualizacion-tecnicas-culinarias-en-santa-elena\/dav-26\/\" data-orig-file=\"https:\/\/i0.wp.com\/le-fort.org\/cocina\/wp-content\/uploads\/2018\/07\/2018-07-10-20.57.11.jpg?fit=1500%2C740&amp;ssl=1\" data-orig-size=\"1500,740\" data-comments-opened=\"0\" data-image-meta=\"{&quot;aperture&quot;:&quot;2.2&quot;,&quot;credit&quot;:&quot;&quot;,&quot;camera&quot;:&quot;ANE-LX3&quot;,&quot;caption&quot;:&quot;dav&quot;,&quot;created_timestamp&quot;:&quot;1531256231&quot;,&quot;copyright&quot;:&quot;&quot;,&quot;focal_length&quot;:&quot;3.81&quot;,&quot;iso&quot;:&quot;320&quot;,&quot;shutter_speed&quot;:&quot;0.033333&quot;,&quot;title&quot;:&quot;dav&quot;,&quot;orientation&quot;:&quot;0&quot;}\" data-image-title=\"dav\" data-image-description=\"\" data-image-caption=\"&lt;p&gt;Las risas son espont\u00e1neas: no son, repetimos: no son efecto del \u00f3xido nitroso.&lt;\/p&gt;\n\" data-large-file=\"https:\/\/i0.wp.com\/le-fort.org\/cocina\/wp-content\/uploads\/2018\/07\/2018-07-10-20.57.11.jpg?fit=1200%2C592&amp;ssl=1\" class=\"size-large wp-image-12919\" src=\"https:\/\/i0.wp.com\/www.le-fort.org\/wp-content\/uploads\/2018\/07\/2018-07-10-20.57.11-1280x631.jpg?resize=654%2C322&#038;ssl=1\" alt=\"Risas\" width=\"654\" height=\"322\" srcset=\"https:\/\/i0.wp.com\/le-fort.org\/cocina\/wp-content\/uploads\/2018\/07\/2018-07-10-20.57.11.jpg?resize=1280%2C631&amp;ssl=1 1280w, https:\/\/i0.wp.com\/le-fort.org\/cocina\/wp-content\/uploads\/2018\/07\/2018-07-10-20.57.11.jpg?resize=600%2C296&amp;ssl=1 600w, https:\/\/i0.wp.com\/le-fort.org\/cocina\/wp-content\/uploads\/2018\/07\/2018-07-10-20.57.11.jpg?resize=2%2C1&amp;ssl=1 2w, https:\/\/i0.wp.com\/le-fort.org\/cocina\/wp-content\/uploads\/2018\/07\/2018-07-10-20.57.11.jpg?w=1500&amp;ssl=1 1500w\" sizes=\"auto, (max-width: 654px) 100vw, 654px\" \/><figcaption id=\"caption-attachment-12919\" class=\"wp-caption-text\">Las risas son espont\u00e1neas: no son, repetimos: no son efecto del \u00f3xido nitroso.<\/figcaption><\/figure>\n<h2>D\u00eda dos<\/h2>\n<p>El segundo d\u00eda nos dedicamos a la cocina sous vide y algunas de sus posibilidades. Tambi\u00e9n hablamos de texturizantes: Agar agar y un par de aplicaciones, <a href=\"https:\/\/www.le-fort.org\/caviar-de-alginato-y-calcio-por-supuesto\/\">caviar de alginato<\/a> y espuma de aceite, a partir de una <strong>infusi\u00f3n r\u00e1pida por cavitaci\u00f3n<\/strong>.<\/p>\n<figure id=\"attachment_12920\" aria-describedby=\"caption-attachment-12920\" style=\"width: 654px\" class=\"wp-caption aligncenter\"><img data-recalc-dims=\"1\" loading=\"lazy\" decoding=\"async\" data-attachment-id=\"12920\" data-permalink=\"https:\/\/le-fort.org\/cocina\/actualizacion-tecnicas-culinarias-en-santa-elena\/dav-27\/\" data-orig-file=\"https:\/\/i0.wp.com\/le-fort.org\/cocina\/wp-content\/uploads\/2018\/07\/2018-07-11-15.49.52.jpg?fit=1500%2C740&amp;ssl=1\" data-orig-size=\"1500,740\" data-comments-opened=\"0\" data-image-meta=\"{&quot;aperture&quot;:&quot;2.2&quot;,&quot;credit&quot;:&quot;&quot;,&quot;camera&quot;:&quot;ANE-LX3&quot;,&quot;caption&quot;:&quot;dav&quot;,&quot;created_timestamp&quot;:&quot;1531324192&quot;,&quot;copyright&quot;:&quot;&quot;,&quot;focal_length&quot;:&quot;3.81&quot;,&quot;iso&quot;:&quot;200&quot;,&quot;shutter_speed&quot;:&quot;0.033333&quot;,&quot;title&quot;:&quot;dav&quot;,&quot;orientation&quot;:&quot;0&quot;}\" data-image-title=\"dav\" data-image-description=\"\" data-image-caption=\"&lt;p&gt;Comenzando el segundo d\u00eda&lt;\/p&gt;\n\" data-large-file=\"https:\/\/i0.wp.com\/le-fort.org\/cocina\/wp-content\/uploads\/2018\/07\/2018-07-11-15.49.52.jpg?fit=1200%2C592&amp;ssl=1\" class=\"size-large wp-image-12920\" src=\"https:\/\/i0.wp.com\/www.le-fort.org\/wp-content\/uploads\/2018\/07\/2018-07-11-15.49.52-1280x631.jpg?resize=654%2C322&#038;ssl=1\" alt=\"Sous vide\" width=\"654\" height=\"322\" srcset=\"https:\/\/i0.wp.com\/le-fort.org\/cocina\/wp-content\/uploads\/2018\/07\/2018-07-11-15.49.52.jpg?resize=1280%2C631&amp;ssl=1 1280w, https:\/\/i0.wp.com\/le-fort.org\/cocina\/wp-content\/uploads\/2018\/07\/2018-07-11-15.49.52.jpg?resize=600%2C296&amp;ssl=1 600w, https:\/\/i0.wp.com\/le-fort.org\/cocina\/wp-content\/uploads\/2018\/07\/2018-07-11-15.49.52.jpg?resize=2%2C1&amp;ssl=1 2w, https:\/\/i0.wp.com\/le-fort.org\/cocina\/wp-content\/uploads\/2018\/07\/2018-07-11-15.49.52.jpg?w=1500&amp;ssl=1 1500w\" sizes=\"auto, (max-width: 654px) 100vw, 654px\" \/><figcaption id=\"caption-attachment-12920\" class=\"wp-caption-text\">Comenzando el segundo d\u00eda<\/figcaption><\/figure>\n<figure id=\"attachment_12921\" aria-describedby=\"caption-attachment-12921\" style=\"width: 654px\" class=\"wp-caption aligncenter\"><img data-recalc-dims=\"1\" loading=\"lazy\" decoding=\"async\" data-attachment-id=\"12921\" data-permalink=\"https:\/\/le-fort.org\/cocina\/actualizacion-tecnicas-culinarias-en-santa-elena\/dav-28\/\" data-orig-file=\"https:\/\/i0.wp.com\/le-fort.org\/cocina\/wp-content\/uploads\/2018\/07\/2018-07-11-16.54.13.jpg?fit=1500%2C740&amp;ssl=1\" data-orig-size=\"1500,740\" data-comments-opened=\"0\" data-image-meta=\"{&quot;aperture&quot;:&quot;2.2&quot;,&quot;credit&quot;:&quot;&quot;,&quot;camera&quot;:&quot;ANE-LX3&quot;,&quot;caption&quot;:&quot;dav&quot;,&quot;created_timestamp&quot;:&quot;1531328053&quot;,&quot;copyright&quot;:&quot;&quot;,&quot;focal_length&quot;:&quot;3.81&quot;,&quot;iso&quot;:&quot;500&quot;,&quot;shutter_speed&quot;:&quot;0.04&quot;,&quot;title&quot;:&quot;dav&quot;,&quot;orientation&quot;:&quot;0&quot;}\" data-image-title=\"dav\" data-image-description=\"\" data-image-caption=\"&lt;p&gt;sous vide&lt;\/p&gt;\n\" data-large-file=\"https:\/\/i0.wp.com\/le-fort.org\/cocina\/wp-content\/uploads\/2018\/07\/2018-07-11-16.54.13.jpg?fit=1200%2C592&amp;ssl=1\" class=\"size-large wp-image-12921\" src=\"https:\/\/i0.wp.com\/www.le-fort.org\/wp-content\/uploads\/2018\/07\/2018-07-11-16.54.13-1280x631.jpg?resize=654%2C322&#038;ssl=1\" alt=\"\" width=\"654\" height=\"322\" srcset=\"https:\/\/i0.wp.com\/le-fort.org\/cocina\/wp-content\/uploads\/2018\/07\/2018-07-11-16.54.13.jpg?resize=1280%2C631&amp;ssl=1 1280w, https:\/\/i0.wp.com\/le-fort.org\/cocina\/wp-content\/uploads\/2018\/07\/2018-07-11-16.54.13.jpg?resize=600%2C296&amp;ssl=1 600w, https:\/\/i0.wp.com\/le-fort.org\/cocina\/wp-content\/uploads\/2018\/07\/2018-07-11-16.54.13.jpg?resize=2%2C1&amp;ssl=1 2w, https:\/\/i0.wp.com\/le-fort.org\/cocina\/wp-content\/uploads\/2018\/07\/2018-07-11-16.54.13.jpg?w=1500&amp;ssl=1 1500w\" sizes=\"auto, (max-width: 654px) 100vw, 654px\" \/><figcaption id=\"caption-attachment-12921\" class=\"wp-caption-text\">dav<\/figcaption><\/figure>\n<figure id=\"attachment_12922\" aria-describedby=\"caption-attachment-12922\" style=\"width: 654px\" class=\"wp-caption aligncenter\"><img data-recalc-dims=\"1\" loading=\"lazy\" decoding=\"async\" data-attachment-id=\"12922\" data-permalink=\"https:\/\/le-fort.org\/cocina\/actualizacion-tecnicas-culinarias-en-santa-elena\/dav-29\/\" data-orig-file=\"https:\/\/i0.wp.com\/le-fort.org\/cocina\/wp-content\/uploads\/2018\/07\/2018-07-11-19.24.12.jpg?fit=1500%2C740&amp;ssl=1\" data-orig-size=\"1500,740\" data-comments-opened=\"0\" data-image-meta=\"{&quot;aperture&quot;:&quot;2.2&quot;,&quot;credit&quot;:&quot;&quot;,&quot;camera&quot;:&quot;ANE-LX3&quot;,&quot;caption&quot;:&quot;dav&quot;,&quot;created_timestamp&quot;:&quot;1531337052&quot;,&quot;copyright&quot;:&quot;&quot;,&quot;focal_length&quot;:&quot;3.81&quot;,&quot;iso&quot;:&quot;160&quot;,&quot;shutter_speed&quot;:&quot;0.033333&quot;,&quot;title&quot;:&quot;dav&quot;,&quot;orientation&quot;:&quot;0&quot;}\" data-image-title=\"dav\" data-image-description=\"\" data-image-caption=\"&lt;p&gt;dav&lt;\/p&gt;\n\" data-large-file=\"https:\/\/i0.wp.com\/le-fort.org\/cocina\/wp-content\/uploads\/2018\/07\/2018-07-11-19.24.12.jpg?fit=1200%2C592&amp;ssl=1\" class=\"wp-image-12922 size-large\" src=\"https:\/\/i0.wp.com\/www.le-fort.org\/wp-content\/uploads\/2018\/07\/2018-07-11-19.24.12-1280x631.jpg?resize=654%2C322&#038;ssl=1\" alt=\"Caviar de alginato y mango\" width=\"654\" height=\"322\" srcset=\"https:\/\/i0.wp.com\/le-fort.org\/cocina\/wp-content\/uploads\/2018\/07\/2018-07-11-19.24.12.jpg?resize=1280%2C631&amp;ssl=1 1280w, https:\/\/i0.wp.com\/le-fort.org\/cocina\/wp-content\/uploads\/2018\/07\/2018-07-11-19.24.12.jpg?resize=600%2C296&amp;ssl=1 600w, https:\/\/i0.wp.com\/le-fort.org\/cocina\/wp-content\/uploads\/2018\/07\/2018-07-11-19.24.12.jpg?resize=2%2C1&amp;ssl=1 2w, https:\/\/i0.wp.com\/le-fort.org\/cocina\/wp-content\/uploads\/2018\/07\/2018-07-11-19.24.12.jpg?w=1500&amp;ssl=1 1500w\" sizes=\"auto, (max-width: 654px) 100vw, 654px\" \/><figcaption id=\"caption-attachment-12922\" class=\"wp-caption-text\">Caviar de alginato y mango<\/figcaption><\/figure>\n<figure id=\"attachment_12924\" aria-describedby=\"caption-attachment-12924\" style=\"width: 654px\" class=\"wp-caption aligncenter\"><img data-recalc-dims=\"1\" loading=\"lazy\" decoding=\"async\" data-attachment-id=\"12924\" data-permalink=\"https:\/\/le-fort.org\/cocina\/actualizacion-tecnicas-culinarias-en-santa-elena\/dav-31\/\" data-orig-file=\"https:\/\/i0.wp.com\/le-fort.org\/cocina\/wp-content\/uploads\/2018\/07\/2018-07-11-19.32.38.jpg?fit=1500%2C740&amp;ssl=1\" data-orig-size=\"1500,740\" data-comments-opened=\"0\" data-image-meta=\"{&quot;aperture&quot;:&quot;2.2&quot;,&quot;credit&quot;:&quot;&quot;,&quot;camera&quot;:&quot;ANE-LX3&quot;,&quot;caption&quot;:&quot;dav&quot;,&quot;created_timestamp&quot;:&quot;1531337558&quot;,&quot;copyright&quot;:&quot;&quot;,&quot;focal_length&quot;:&quot;3.81&quot;,&quot;iso&quot;:&quot;320&quot;,&quot;shutter_speed&quot;:&quot;0.033333&quot;,&quot;title&quot;:&quot;dav&quot;,&quot;orientation&quot;:&quot;0&quot;}\" data-image-title=\"Hora de caviar\" data-image-description=\"\" data-image-caption=\"&lt;p&gt;Preparando caviar de alginato&lt;\/p&gt;\n\" data-large-file=\"https:\/\/i0.wp.com\/le-fort.org\/cocina\/wp-content\/uploads\/2018\/07\/2018-07-11-19.32.38.jpg?fit=1200%2C592&amp;ssl=1\" class=\"size-large wp-image-12924\" src=\"https:\/\/i0.wp.com\/www.le-fort.org\/wp-content\/uploads\/2018\/07\/2018-07-11-19.32.38-1280x631.jpg?resize=654%2C322&#038;ssl=1\" alt=\"Preparando caviar de alginato\" width=\"654\" height=\"322\" srcset=\"https:\/\/i0.wp.com\/le-fort.org\/cocina\/wp-content\/uploads\/2018\/07\/2018-07-11-19.32.38.jpg?resize=1280%2C631&amp;ssl=1 1280w, https:\/\/i0.wp.com\/le-fort.org\/cocina\/wp-content\/uploads\/2018\/07\/2018-07-11-19.32.38.jpg?resize=600%2C296&amp;ssl=1 600w, https:\/\/i0.wp.com\/le-fort.org\/cocina\/wp-content\/uploads\/2018\/07\/2018-07-11-19.32.38.jpg?resize=2%2C1&amp;ssl=1 2w, https:\/\/i0.wp.com\/le-fort.org\/cocina\/wp-content\/uploads\/2018\/07\/2018-07-11-19.32.38.jpg?w=1500&amp;ssl=1 1500w\" sizes=\"auto, (max-width: 654px) 100vw, 654px\" \/><figcaption id=\"caption-attachment-12924\" class=\"wp-caption-text\">Preparando caviar de alginato<\/figcaption><\/figure>\n<h2>D\u00eda Tres<\/h2>\n<p>El tercer y \u00faltimo d\u00eda de clases revisamos aplicaciones de maltodextrina, con una <strong>tierra<\/strong> de beurre noisette, <strong><em>films<\/em> comestibles<\/strong>, clarificaci\u00f3n con agar, y el <strong>broche de oro<\/strong>, a cargo de <a href=\"https:\/\/www.le-fort.org\/nuestro-proyecto\/marell\/\">Marell<\/a> que consisti\u00f3 en revisar y ejemplificar algunas novedades de arquitectura de plato y emplatado.<\/p>\n<figure id=\"attachment_12925\" aria-describedby=\"caption-attachment-12925\" style=\"width: 654px\" class=\"wp-caption aligncenter\"><img data-recalc-dims=\"1\" loading=\"lazy\" decoding=\"async\" data-attachment-id=\"12925\" data-permalink=\"https:\/\/le-fort.org\/cocina\/actualizacion-tecnicas-culinarias-en-santa-elena\/dav-32\/\" data-orig-file=\"https:\/\/i0.wp.com\/le-fort.org\/cocina\/wp-content\/uploads\/2018\/07\/2018-07-12-18.30.45.jpg?fit=1500%2C740&amp;ssl=1\" data-orig-size=\"1500,740\" data-comments-opened=\"0\" data-image-meta=\"{&quot;aperture&quot;:&quot;2.2&quot;,&quot;credit&quot;:&quot;&quot;,&quot;camera&quot;:&quot;ANE-LX3&quot;,&quot;caption&quot;:&quot;dav&quot;,&quot;created_timestamp&quot;:&quot;1531420245&quot;,&quot;copyright&quot;:&quot;&quot;,&quot;focal_length&quot;:&quot;3.81&quot;,&quot;iso&quot;:&quot;500&quot;,&quot;shutter_speed&quot;:&quot;0.05&quot;,&quot;title&quot;:&quot;dav&quot;,&quot;orientation&quot;:&quot;0&quot;}\" data-image-title=\"dav\" data-image-description=\"\" data-image-caption=\"&lt;p&gt;Demi glace vegano al estilo de food pairings. Parece una contradicci\u00f3n \u00bfverdad?&lt;\/p&gt;\n\" data-large-file=\"https:\/\/i0.wp.com\/le-fort.org\/cocina\/wp-content\/uploads\/2018\/07\/2018-07-12-18.30.45.jpg?fit=1200%2C592&amp;ssl=1\" class=\"size-large wp-image-12925\" src=\"https:\/\/i0.wp.com\/www.le-fort.org\/wp-content\/uploads\/2018\/07\/2018-07-12-18.30.45-1280x631.jpg?resize=654%2C322&#038;ssl=1\" alt=\"Demi glace\" width=\"654\" height=\"322\" srcset=\"https:\/\/i0.wp.com\/le-fort.org\/cocina\/wp-content\/uploads\/2018\/07\/2018-07-12-18.30.45.jpg?resize=1280%2C631&amp;ssl=1 1280w, https:\/\/i0.wp.com\/le-fort.org\/cocina\/wp-content\/uploads\/2018\/07\/2018-07-12-18.30.45.jpg?resize=600%2C296&amp;ssl=1 600w, https:\/\/i0.wp.com\/le-fort.org\/cocina\/wp-content\/uploads\/2018\/07\/2018-07-12-18.30.45.jpg?resize=2%2C1&amp;ssl=1 2w, https:\/\/i0.wp.com\/le-fort.org\/cocina\/wp-content\/uploads\/2018\/07\/2018-07-12-18.30.45.jpg?w=1500&amp;ssl=1 1500w\" sizes=\"auto, (max-width: 654px) 100vw, 654px\" \/><figcaption id=\"caption-attachment-12925\" class=\"wp-caption-text\">Demi glace vegano al estilo de <em>food pairings<\/em>. Parece una contradicci\u00f3n \u00bfverdad?<\/figcaption><\/figure>\n<figure id=\"attachment_12930\" aria-describedby=\"caption-attachment-12930\" style=\"width: 654px\" class=\"wp-caption aligncenter\"><img data-recalc-dims=\"1\" loading=\"lazy\" decoding=\"async\" data-attachment-id=\"12930\" data-permalink=\"https:\/\/le-fort.org\/cocina\/actualizacion-tecnicas-culinarias-en-santa-elena\/img_5347\/\" data-orig-file=\"https:\/\/i0.wp.com\/le-fort.org\/cocina\/wp-content\/uploads\/2018\/07\/IMG_5347.jpg?fit=1500%2C1000&amp;ssl=1\" data-orig-size=\"1500,1000\" data-comments-opened=\"0\" data-image-meta=\"{&quot;aperture&quot;:&quot;4&quot;,&quot;credit&quot;:&quot;MARELL ROJAS LE FORT&quot;,&quot;camera&quot;:&quot;Canon EOS REBEL SL1&quot;,&quot;caption&quot;:&quot;&quot;,&quot;created_timestamp&quot;:&quot;1531424804&quot;,&quot;copyright&quot;:&quot;&quot;,&quot;focal_length&quot;:&quot;60&quot;,&quot;iso&quot;:&quot;800&quot;,&quot;shutter_speed&quot;:&quot;0.0125&quot;,&quot;title&quot;:&quot;&quot;,&quot;orientation&quot;:&quot;0&quot;}\" data-image-title=\"IMG_5347\" data-image-description=\"\" data-image-caption=\"\" data-large-file=\"https:\/\/i0.wp.com\/le-fort.org\/cocina\/wp-content\/uploads\/2018\/07\/IMG_5347.jpg?fit=1200%2C800&amp;ssl=1\" class=\"wp-image-12930 size-large\" src=\"https:\/\/i0.wp.com\/www.le-fort.org\/wp-content\/uploads\/2018\/07\/IMG_5347-1280x853.jpg?resize=654%2C436&#038;ssl=1\" alt=\"camarones\" width=\"654\" height=\"436\" srcset=\"https:\/\/i0.wp.com\/le-fort.org\/cocina\/wp-content\/uploads\/2018\/07\/IMG_5347.jpg?resize=1280%2C853&amp;ssl=1 1280w, https:\/\/i0.wp.com\/le-fort.org\/cocina\/wp-content\/uploads\/2018\/07\/IMG_5347.jpg?resize=600%2C400&amp;ssl=1 600w, https:\/\/i0.wp.com\/le-fort.org\/cocina\/wp-content\/uploads\/2018\/07\/IMG_5347.jpg?resize=2%2C1&amp;ssl=1 2w, https:\/\/i0.wp.com\/le-fort.org\/cocina\/wp-content\/uploads\/2018\/07\/IMG_5347.jpg?w=1500&amp;ssl=1 1500w\" sizes=\"auto, (max-width: 654px) 100vw, 654px\" \/><figcaption id=\"caption-attachment-12930\" class=\"wp-caption-text\">Un \u00e9xito los camarons curados a 70\u00b0C<\/figcaption><\/figure>\n<figure id=\"attachment_12926\" aria-describedby=\"caption-attachment-12926\" style=\"width: 654px\" class=\"wp-caption aligncenter\"><img data-recalc-dims=\"1\" loading=\"lazy\" decoding=\"async\" data-attachment-id=\"12926\" data-permalink=\"https:\/\/le-fort.org\/cocina\/actualizacion-tecnicas-culinarias-en-santa-elena\/img_5371\/\" data-orig-file=\"https:\/\/i0.wp.com\/le-fort.org\/cocina\/wp-content\/uploads\/2018\/07\/IMG_5371.jpg?fit=1500%2C1000&amp;ssl=1\" data-orig-size=\"1500,1000\" data-comments-opened=\"0\" data-image-meta=\"{&quot;aperture&quot;:&quot;4&quot;,&quot;credit&quot;:&quot;MARELL ROJAS LE FORT&quot;,&quot;camera&quot;:&quot;Canon EOS REBEL SL1&quot;,&quot;caption&quot;:&quot;&quot;,&quot;created_timestamp&quot;:&quot;1531426284&quot;,&quot;copyright&quot;:&quot;&quot;,&quot;focal_length&quot;:&quot;82&quot;,&quot;iso&quot;:&quot;1000&quot;,&quot;shutter_speed&quot;:&quot;0.008&quot;,&quot;title&quot;:&quot;&quot;,&quot;orientation&quot;:&quot;0&quot;}\" data-image-title=\"IMG_5371\" data-image-description=\"\" data-image-caption=\"\" data-large-file=\"https:\/\/i0.wp.com\/le-fort.org\/cocina\/wp-content\/uploads\/2018\/07\/IMG_5371.jpg?fit=1200%2C800&amp;ssl=1\" class=\"wp-image-12926 size-large\" src=\"https:\/\/i0.wp.com\/www.le-fort.org\/wp-content\/uploads\/2018\/07\/IMG_5371-1280x853.jpg?resize=654%2C436&#038;ssl=1\" alt=\"Picudo sous vide con espuma de humo y vegetales\" width=\"654\" height=\"436\" srcset=\"https:\/\/i0.wp.com\/le-fort.org\/cocina\/wp-content\/uploads\/2018\/07\/IMG_5371.jpg?resize=1280%2C853&amp;ssl=1 1280w, https:\/\/i0.wp.com\/le-fort.org\/cocina\/wp-content\/uploads\/2018\/07\/IMG_5371.jpg?resize=600%2C400&amp;ssl=1 600w, https:\/\/i0.wp.com\/le-fort.org\/cocina\/wp-content\/uploads\/2018\/07\/IMG_5371.jpg?resize=2%2C1&amp;ssl=1 2w, https:\/\/i0.wp.com\/le-fort.org\/cocina\/wp-content\/uploads\/2018\/07\/IMG_5371.jpg?w=1500&amp;ssl=1 1500w\" sizes=\"auto, (max-width: 654px) 100vw, 654px\" \/><figcaption id=\"caption-attachment-12926\" class=\"wp-caption-text\">Picudo <em>sous vide<\/em> con espuma de humo y vegetales<\/figcaption><\/figure>\n<figure id=\"attachment_12927\" aria-describedby=\"caption-attachment-12927\" style=\"width: 654px\" class=\"wp-caption aligncenter\"><img data-recalc-dims=\"1\" loading=\"lazy\" decoding=\"async\" data-attachment-id=\"12927\" data-permalink=\"https:\/\/le-fort.org\/cocina\/actualizacion-tecnicas-culinarias-en-santa-elena\/img_5394\/\" data-orig-file=\"https:\/\/i0.wp.com\/le-fort.org\/cocina\/wp-content\/uploads\/2018\/07\/IMG_5394.jpg?fit=1500%2C1000&amp;ssl=1\" data-orig-size=\"1500,1000\" data-comments-opened=\"0\" data-image-meta=\"{&quot;aperture&quot;:&quot;4&quot;,&quot;credit&quot;:&quot;MARELL ROJAS LE FORT&quot;,&quot;camera&quot;:&quot;Canon EOS REBEL SL1&quot;,&quot;caption&quot;:&quot;&quot;,&quot;created_timestamp&quot;:&quot;1531427426&quot;,&quot;copyright&quot;:&quot;&quot;,&quot;focal_length&quot;:&quot;50&quot;,&quot;iso&quot;:&quot;400&quot;,&quot;shutter_speed&quot;:&quot;0.016666666666667&quot;,&quot;title&quot;:&quot;&quot;,&quot;orientation&quot;:&quot;0&quot;}\" data-image-title=\"IMG_5394\" data-image-description=\"\" data-image-caption=\"\" data-large-file=\"https:\/\/i0.wp.com\/le-fort.org\/cocina\/wp-content\/uploads\/2018\/07\/IMG_5394.jpg?fit=1200%2C800&amp;ssl=1\" class=\"wp-image-12927 size-large\" src=\"https:\/\/i0.wp.com\/www.le-fort.org\/wp-content\/uploads\/2018\/07\/IMG_5394-1280x853.jpg?resize=654%2C436&#038;ssl=1\" alt=\"Ronda\" width=\"654\" height=\"436\" srcset=\"https:\/\/i0.wp.com\/le-fort.org\/cocina\/wp-content\/uploads\/2018\/07\/IMG_5394.jpg?resize=1280%2C853&amp;ssl=1 1280w, https:\/\/i0.wp.com\/le-fort.org\/cocina\/wp-content\/uploads\/2018\/07\/IMG_5394.jpg?resize=600%2C400&amp;ssl=1 600w, https:\/\/i0.wp.com\/le-fort.org\/cocina\/wp-content\/uploads\/2018\/07\/IMG_5394.jpg?resize=2%2C1&amp;ssl=1 2w, https:\/\/i0.wp.com\/le-fort.org\/cocina\/wp-content\/uploads\/2018\/07\/IMG_5394.jpg?w=1500&amp;ssl=1 1500w\" sizes=\"auto, (max-width: 654px) 100vw, 654px\" \/><figcaption id=\"caption-attachment-12927\" class=\"wp-caption-text\">Ronda de ni\u00f1os<\/figcaption><\/figure>\n<figure id=\"attachment_12928\" aria-describedby=\"caption-attachment-12928\" style=\"width: 654px\" class=\"wp-caption aligncenter\"><img data-recalc-dims=\"1\" loading=\"lazy\" decoding=\"async\" data-attachment-id=\"12928\" data-permalink=\"https:\/\/le-fort.org\/cocina\/actualizacion-tecnicas-culinarias-en-santa-elena\/img_5398\/\" data-orig-file=\"https:\/\/i0.wp.com\/le-fort.org\/cocina\/wp-content\/uploads\/2018\/07\/IMG_5398.jpg?fit=1500%2C1000&amp;ssl=1\" data-orig-size=\"1500,1000\" data-comments-opened=\"0\" data-image-meta=\"{&quot;aperture&quot;:&quot;4&quot;,&quot;credit&quot;:&quot;MARELL ROJAS LE FORT&quot;,&quot;camera&quot;:&quot;Canon EOS REBEL SL1&quot;,&quot;caption&quot;:&quot;&quot;,&quot;created_timestamp&quot;:&quot;1531428366&quot;,&quot;copyright&quot;:&quot;&quot;,&quot;focal_length&quot;:&quot;45&quot;,&quot;iso&quot;:&quot;500&quot;,&quot;shutter_speed&quot;:&quot;0.016666666666667&quot;,&quot;title&quot;:&quot;&quot;,&quot;orientation&quot;:&quot;0&quot;}\" data-image-title=\"IMG_5398\" data-image-description=\"\" data-image-caption=\"\" data-large-file=\"https:\/\/i0.wp.com\/le-fort.org\/cocina\/wp-content\/uploads\/2018\/07\/IMG_5398.jpg?fit=1200%2C800&amp;ssl=1\" class=\"wp-image-12928 size-large\" src=\"https:\/\/i0.wp.com\/www.le-fort.org\/wp-content\/uploads\/2018\/07\/IMG_5398-1280x853.jpg?resize=654%2C436&#038;ssl=1\" alt=\"\" width=\"654\" height=\"436\" srcset=\"https:\/\/i0.wp.com\/le-fort.org\/cocina\/wp-content\/uploads\/2018\/07\/IMG_5398.jpg?resize=1280%2C853&amp;ssl=1 1280w, https:\/\/i0.wp.com\/le-fort.org\/cocina\/wp-content\/uploads\/2018\/07\/IMG_5398.jpg?resize=600%2C400&amp;ssl=1 600w, https:\/\/i0.wp.com\/le-fort.org\/cocina\/wp-content\/uploads\/2018\/07\/IMG_5398.jpg?resize=2%2C1&amp;ssl=1 2w, https:\/\/i0.wp.com\/le-fort.org\/cocina\/wp-content\/uploads\/2018\/07\/IMG_5398.jpg?w=1500&amp;ssl=1 1500w\" sizes=\"auto, (max-width: 654px) 100vw, 654px\" \/><figcaption id=\"caption-attachment-12928\" class=\"wp-caption-text\">Ejemplo de uso de film comestible<\/figcaption><\/figure>\n<figure id=\"attachment_12929\" aria-describedby=\"caption-attachment-12929\" style=\"width: 654px\" class=\"wp-caption aligncenter\"><img data-recalc-dims=\"1\" loading=\"lazy\" decoding=\"async\" data-attachment-id=\"12929\" data-permalink=\"https:\/\/le-fort.org\/cocina\/actualizacion-tecnicas-culinarias-en-santa-elena\/img_5417\/\" data-orig-file=\"https:\/\/i0.wp.com\/le-fort.org\/cocina\/wp-content\/uploads\/2018\/07\/IMG_5417.jpg?fit=1500%2C1000&amp;ssl=1\" data-orig-size=\"1500,1000\" data-comments-opened=\"0\" data-image-meta=\"{&quot;aperture&quot;:&quot;4&quot;,&quot;credit&quot;:&quot;MARELL ROJAS LE FORT&quot;,&quot;camera&quot;:&quot;Canon EOS REBEL SL1&quot;,&quot;caption&quot;:&quot;&quot;,&quot;created_timestamp&quot;:&quot;1531429336&quot;,&quot;copyright&quot;:&quot;&quot;,&quot;focal_length&quot;:&quot;92&quot;,&quot;iso&quot;:&quot;1250&quot;,&quot;shutter_speed&quot;:&quot;0.00625&quot;,&quot;title&quot;:&quot;&quot;,&quot;orientation&quot;:&quot;1&quot;}\" data-image-title=\"IMG_5417\" data-image-description=\"\" data-image-caption=\"\" data-large-file=\"https:\/\/i0.wp.com\/le-fort.org\/cocina\/wp-content\/uploads\/2018\/07\/IMG_5417.jpg?fit=1200%2C800&amp;ssl=1\" class=\"wp-image-12929 size-large\" src=\"https:\/\/i0.wp.com\/www.le-fort.org\/wp-content\/uploads\/2018\/07\/IMG_5417-1280x853.jpg?resize=654%2C436&#038;ssl=1\" alt=\"\" width=\"654\" height=\"436\" srcset=\"https:\/\/i0.wp.com\/le-fort.org\/cocina\/wp-content\/uploads\/2018\/07\/IMG_5417.jpg?resize=1280%2C853&amp;ssl=1 1280w, https:\/\/i0.wp.com\/le-fort.org\/cocina\/wp-content\/uploads\/2018\/07\/IMG_5417.jpg?resize=600%2C400&amp;ssl=1 600w, https:\/\/i0.wp.com\/le-fort.org\/cocina\/wp-content\/uploads\/2018\/07\/IMG_5417.jpg?resize=2%2C1&amp;ssl=1 2w, https:\/\/i0.wp.com\/le-fort.org\/cocina\/wp-content\/uploads\/2018\/07\/IMG_5417.jpg?w=1500&amp;ssl=1 1500w\" sizes=\"auto, (max-width: 654px) 100vw, 654px\" \/><figcaption id=\"caption-attachment-12929\" class=\"wp-caption-text\">\u00bfOcho o infinito?<\/figcaption><\/figure>\n<p>Terminamos conversando de qu\u00e9 viene como tendencias y como cambios culturales, y tambi\u00e9n hablando un poco de c\u00f3mo seguir creciendo en nuestra carrera.<\/p>\n<p>Nos gust\u00f3 mucho esta primera versi\u00f3n del curso y esperamos repetirla muy pronto.<\/p>\n<figure id=\"attachment_12931\" aria-describedby=\"caption-attachment-12931\" style=\"width: 654px\" class=\"wp-caption aligncenter\"><img data-recalc-dims=\"1\" loading=\"lazy\" decoding=\"async\" data-attachment-id=\"12931\" data-permalink=\"https:\/\/le-fort.org\/cocina\/actualizacion-tecnicas-culinarias-en-santa-elena\/img_5462\/\" data-orig-file=\"https:\/\/i0.wp.com\/le-fort.org\/cocina\/wp-content\/uploads\/2018\/07\/IMG_5462.jpg?fit=1500%2C1000&amp;ssl=1\" data-orig-size=\"1500,1000\" data-comments-opened=\"0\" data-image-meta=\"{&quot;aperture&quot;:&quot;4&quot;,&quot;credit&quot;:&quot;MARELL ROJAS LE FORT&quot;,&quot;camera&quot;:&quot;Canon EOS REBEL SL1&quot;,&quot;caption&quot;:&quot;&quot;,&quot;created_timestamp&quot;:&quot;1531433839&quot;,&quot;copyright&quot;:&quot;&quot;,&quot;focal_length&quot;:&quot;24&quot;,&quot;iso&quot;:&quot;800&quot;,&quot;shutter_speed&quot;:&quot;0.033333333333333&quot;,&quot;title&quot;:&quot;&quot;,&quot;orientation&quot;:&quot;0&quot;}\" data-image-title=\"IMG_5462\" data-image-description=\"\" data-image-caption=\"&lt;p&gt;Gracias a todos y todas&lt;\/p&gt;\n\" data-large-file=\"https:\/\/i0.wp.com\/le-fort.org\/cocina\/wp-content\/uploads\/2018\/07\/IMG_5462.jpg?fit=1200%2C800&amp;ssl=1\" class=\"size-large wp-image-12931\" src=\"https:\/\/i0.wp.com\/www.le-fort.org\/wp-content\/uploads\/2018\/07\/IMG_5462-1280x853.jpg?resize=654%2C436&#038;ssl=1\" alt=\"\" width=\"654\" height=\"436\" srcset=\"https:\/\/i0.wp.com\/le-fort.org\/cocina\/wp-content\/uploads\/2018\/07\/IMG_5462.jpg?resize=1280%2C853&amp;ssl=1 1280w, https:\/\/i0.wp.com\/le-fort.org\/cocina\/wp-content\/uploads\/2018\/07\/IMG_5462.jpg?resize=600%2C400&amp;ssl=1 600w, https:\/\/i0.wp.com\/le-fort.org\/cocina\/wp-content\/uploads\/2018\/07\/IMG_5462.jpg?resize=2%2C1&amp;ssl=1 2w, https:\/\/i0.wp.com\/le-fort.org\/cocina\/wp-content\/uploads\/2018\/07\/IMG_5462.jpg?w=1500&amp;ssl=1 1500w\" sizes=\"auto, (max-width: 654px) 100vw, 654px\" \/><figcaption id=\"caption-attachment-12931\" class=\"wp-caption-text\">Gracias a todos y todas<\/figcaption><\/figure>\n<p>&nbsp;<\/p>\n","protected":false},"excerpt":{"rendered":"<p>Curso de Actualizaci\u00f3n de T\u00e9cnicas Culinarias en Santa Elena, Ecuador.<\/p>\n","protected":false},"author":1,"featured_media":12914,"comment_status":"closed","ping_status":"closed","sticky":false,"template":"","format":"standard","meta":{"_jetpack_newsletter_access":"","_jetpack_dont_email_post_to_subs":false,"_jetpack_newsletter_tier_id":0,"_jetpack_memberships_contains_paywalled_content":false,"_jetpack_memberships_contains_paid_content":false,"footnotes":""},"categories":[251],"tags":[647,756,807,689,700,639,802,655],"class_list":["post-12909","post","type-post","status-publish","format-standard","has-post-thumbnail","hentry","category-educacion","tag-agar-agar","tag-alginato-de-sodio","tag-atc001","tag-clases","tag-emplatado","tag-santa-elena","tag-sifon","tag-sous-vide","entry","has-media"],"jetpack_featured_media_url":"https:\/\/i0.wp.com\/le-fort.org\/cocina\/wp-content\/uploads\/2018\/07\/actualizacion-hd.jpg?fit=1500%2C500&ssl=1","jetpack_shortlink":"https:\/\/wp.me\/pghKer-3md","jetpack_sharing_enabled":true,"jetpack-related-posts":[{"id":12422,"url":"https:\/\/le-fort.org\/cocina\/guia-de-tecnicas-culinarias-en-santa-elena\/","url_meta":{"origin":12909,"position":0},"title":"Presentaci\u00f3n de la Gu\u00eda de T\u00e9cnicas Culinarias en Santa Elena","author":"Le-Fort.org","date":"26 de Abril, 2018","format":false,"excerpt":"Tuvimos el placer de guiar la presentaci\u00f3n de la Gu\u00eda de T\u00e9cnicas Culinarias en la ciudad de Santa Elena","rel":"","context":"En &quot;General&quot;","block_context":{"text":"General","link":"https:\/\/le-fort.org\/cocina\/categoria\/general\/"},"img":{"alt_text":"","src":"https:\/\/i0.wp.com\/le-fort.org\/cocina\/wp-content\/uploads\/2018\/04\/guina-hd.jpg?fit=1200%2C400&ssl=1&resize=350%2C200","width":350,"height":200,"srcset":"https:\/\/i0.wp.com\/le-fort.org\/cocina\/wp-content\/uploads\/2018\/04\/guina-hd.jpg?fit=1200%2C400&ssl=1&resize=350%2C200 1x, https:\/\/i0.wp.com\/le-fort.org\/cocina\/wp-content\/uploads\/2018\/04\/guina-hd.jpg?fit=1200%2C400&ssl=1&resize=525%2C300 1.5x, https:\/\/i0.wp.com\/le-fort.org\/cocina\/wp-content\/uploads\/2018\/04\/guina-hd.jpg?fit=1200%2C400&ssl=1&resize=700%2C400 2x, https:\/\/i0.wp.com\/le-fort.org\/cocina\/wp-content\/uploads\/2018\/04\/guina-hd.jpg?fit=1200%2C400&ssl=1&resize=1050%2C600 3x"},"classes":[]},{"id":11407,"url":"https:\/\/le-fort.org\/cocina\/esferificacion-en-santa-elena\/","url_meta":{"origin":12909,"position":1},"title":"Esferificaci\u00f3n En Santa Elena","author":"Le-Fort.org","date":"16 de Enero, 2018","format":false,"excerpt":"Dictamos un curso de esferificaci\u00f3n en la Escuela de Alta Cocina Arte Chef en Santa Elena, como parte de una iniciativa de la Asociaci\u00f3n de Chefs del Ecuador. Tuvimos un motivado grupo de bartenders, chefs y estudiantes, y repasamos una serie de conceptos para llegar al tema que nos convoc\u00f3:\u2026","rel":"","context":"En &quot;Educaci\u00f3n&quot;","block_context":{"text":"Educaci\u00f3n","link":"https:\/\/le-fort.org\/cocina\/categoria\/educacion\/"},"img":{"alt_text":"","src":"https:\/\/i0.wp.com\/le-fort.org\/cocina\/wp-content\/uploads\/2018\/01\/esferificacion-hd-2.jpg?fit=1200%2C400&ssl=1&resize=350%2C200","width":350,"height":200,"srcset":"https:\/\/i0.wp.com\/le-fort.org\/cocina\/wp-content\/uploads\/2018\/01\/esferificacion-hd-2.jpg?fit=1200%2C400&ssl=1&resize=350%2C200 1x, https:\/\/i0.wp.com\/le-fort.org\/cocina\/wp-content\/uploads\/2018\/01\/esferificacion-hd-2.jpg?fit=1200%2C400&ssl=1&resize=525%2C300 1.5x, https:\/\/i0.wp.com\/le-fort.org\/cocina\/wp-content\/uploads\/2018\/01\/esferificacion-hd-2.jpg?fit=1200%2C400&ssl=1&resize=700%2C400 2x, https:\/\/i0.wp.com\/le-fort.org\/cocina\/wp-content\/uploads\/2018\/01\/esferificacion-hd-2.jpg?fit=1200%2C400&ssl=1&resize=1050%2C600 3x"},"classes":[]},{"id":11442,"url":"https:\/\/le-fort.org\/cocina\/clase-pizza-santa-elena\/","url_meta":{"origin":12909,"position":2},"title":"Clase de Pizza en Santa Elena","author":"Le-Fort.org","date":"17 de Enero, 2018","format":false,"excerpt":"Ya que estamos en Santa Elena, dictamos un breve curso de pizza. Amamos la pizza y amamos ense\u00f1ar. \u00bfQu\u00e9 mejor? Dictamos el curso como iniciativa de la Asociaci\u00f3n de Chefs del Ecuador en la Escuela de Alta Cocina Arte Chef. Tuvimos alrededor de 30 asistentes, desde Chefs hasta gente que\u2026","rel":"","context":"En &quot;Ecuador&quot;","block_context":{"text":"Ecuador","link":"https:\/\/le-fort.org\/cocina\/categoria\/ecuador\/"},"img":{"alt_text":"","src":"https:\/\/i0.wp.com\/le-fort.org\/cocina\/wp-content\/uploads\/2017\/01\/hawaiana-hd.jpg?fit=1200%2C400&ssl=1&resize=350%2C200","width":350,"height":200,"srcset":"https:\/\/i0.wp.com\/le-fort.org\/cocina\/wp-content\/uploads\/2017\/01\/hawaiana-hd.jpg?fit=1200%2C400&ssl=1&resize=350%2C200 1x, https:\/\/i0.wp.com\/le-fort.org\/cocina\/wp-content\/uploads\/2017\/01\/hawaiana-hd.jpg?fit=1200%2C400&ssl=1&resize=525%2C300 1.5x, https:\/\/i0.wp.com\/le-fort.org\/cocina\/wp-content\/uploads\/2017\/01\/hawaiana-hd.jpg?fit=1200%2C400&ssl=1&resize=700%2C400 2x, https:\/\/i0.wp.com\/le-fort.org\/cocina\/wp-content\/uploads\/2017\/01\/hawaiana-hd.jpg?fit=1200%2C400&ssl=1&resize=1050%2C600 3x"},"classes":[]},{"id":14314,"url":"https:\/\/le-fort.org\/cocina\/sostenibilidad-en-santa-elena\/","url_meta":{"origin":12909,"position":3},"title":"Sostenibilidad en Santa Elena","author":"Le-Fort.org","date":"10 de Agosto, 2019","format":false,"excerpt":"Primer curso de Sostenibilidad para profesionales CUlinarios en Ecuador de Feed the Planet\/WorldChefs. Provincia de Santa Elena.","rel":"","context":"En &quot;Educaci\u00f3n&quot;","block_context":{"text":"Educaci\u00f3n","link":"https:\/\/le-fort.org\/cocina\/categoria\/educacion\/"},"img":{"alt_text":"","src":"https:\/\/i0.wp.com\/le-fort.org\/cocina\/wp-content\/uploads\/2019\/08\/sostenibilidad-hd.jpg?fit=1200%2C400&ssl=1&resize=350%2C200","width":350,"height":200,"srcset":"https:\/\/i0.wp.com\/le-fort.org\/cocina\/wp-content\/uploads\/2019\/08\/sostenibilidad-hd.jpg?fit=1200%2C400&ssl=1&resize=350%2C200 1x, https:\/\/i0.wp.com\/le-fort.org\/cocina\/wp-content\/uploads\/2019\/08\/sostenibilidad-hd.jpg?fit=1200%2C400&ssl=1&resize=525%2C300 1.5x, https:\/\/i0.wp.com\/le-fort.org\/cocina\/wp-content\/uploads\/2019\/08\/sostenibilidad-hd.jpg?fit=1200%2C400&ssl=1&resize=700%2C400 2x, https:\/\/i0.wp.com\/le-fort.org\/cocina\/wp-content\/uploads\/2019\/08\/sostenibilidad-hd.jpg?fit=1200%2C400&ssl=1&resize=1050%2C600 3x"},"classes":[]},{"id":13095,"url":"https:\/\/le-fort.org\/cocina\/actualizacion-de-tecnicas-culinarias-cuenca\/","url_meta":{"origin":12909,"position":4},"title":"Actualizaci\u00f3n de T\u00e9cnicas Culinarias &#8211; Cuenca","author":"Le-Fort.org","date":"20 de Agosto, 2018","format":false,"excerpt":"Curso de Actualizaci\u00f3n de T\u00e9cnicas Culinarias en Cuenca, Ecuador. sous vide, vac\u00edo, presi\u00f3n, texturizantes, etc.","rel":"","context":"En &quot;Educaci\u00f3n&quot;","block_context":{"text":"Educaci\u00f3n","link":"https:\/\/le-fort.org\/cocina\/categoria\/educacion\/"},"img":{"alt_text":"","src":"https:\/\/i0.wp.com\/le-fort.org\/cocina\/wp-content\/uploads\/2018\/08\/acTec-hd.jpg?fit=1200%2C400&ssl=1&resize=350%2C200","width":350,"height":200,"srcset":"https:\/\/i0.wp.com\/le-fort.org\/cocina\/wp-content\/uploads\/2018\/08\/acTec-hd.jpg?fit=1200%2C400&ssl=1&resize=350%2C200 1x, https:\/\/i0.wp.com\/le-fort.org\/cocina\/wp-content\/uploads\/2018\/08\/acTec-hd.jpg?fit=1200%2C400&ssl=1&resize=525%2C300 1.5x, https:\/\/i0.wp.com\/le-fort.org\/cocina\/wp-content\/uploads\/2018\/08\/acTec-hd.jpg?fit=1200%2C400&ssl=1&resize=700%2C400 2x, https:\/\/i0.wp.com\/le-fort.org\/cocina\/wp-content\/uploads\/2018\/08\/acTec-hd.jpg?fit=1200%2C400&ssl=1&resize=1050%2C600 3x"},"classes":[]},{"id":8248,"url":"https:\/\/le-fort.org\/cocina\/taller-gastronomia-manantial-guangala\/","url_meta":{"origin":12909,"position":5},"title":"Manantial de Guangala","author":"Le-Fort.org","date":"1 de Julio, 2016","format":false,"excerpt":"Colaboramos con la Escuela de Alta Cocina Arte Chef en Manantial de Guangala, Santa Elena.","rel":"","context":"En &quot;Educaci\u00f3n&quot;","block_context":{"text":"Educaci\u00f3n","link":"https:\/\/le-fort.org\/cocina\/categoria\/educacion\/"},"img":{"alt_text":"","src":"https:\/\/i0.wp.com\/le-fort.org\/cocina\/wp-content\/uploads\/2016\/06\/guangala-hd-3.jpg?fit=1200%2C400&ssl=1&resize=350%2C200","width":350,"height":200,"srcset":"https:\/\/i0.wp.com\/le-fort.org\/cocina\/wp-content\/uploads\/2016\/06\/guangala-hd-3.jpg?fit=1200%2C400&ssl=1&resize=350%2C200 1x, https:\/\/i0.wp.com\/le-fort.org\/cocina\/wp-content\/uploads\/2016\/06\/guangala-hd-3.jpg?fit=1200%2C400&ssl=1&resize=525%2C300 1.5x, https:\/\/i0.wp.com\/le-fort.org\/cocina\/wp-content\/uploads\/2016\/06\/guangala-hd-3.jpg?fit=1200%2C400&ssl=1&resize=700%2C400 2x, https:\/\/i0.wp.com\/le-fort.org\/cocina\/wp-content\/uploads\/2016\/06\/guangala-hd-3.jpg?fit=1200%2C400&ssl=1&resize=1050%2C600 3x"},"classes":[]}],"_links":{"self":[{"href":"https:\/\/le-fort.org\/cocina\/wp-json\/wp\/v2\/posts\/12909","targetHints":{"allow":["GET"]}}],"collection":[{"href":"https:\/\/le-fort.org\/cocina\/wp-json\/wp\/v2\/posts"}],"about":[{"href":"https:\/\/le-fort.org\/cocina\/wp-json\/wp\/v2\/types\/post"}],"author":[{"embeddable":true,"href":"https:\/\/le-fort.org\/cocina\/wp-json\/wp\/v2\/users\/1"}],"replies":[{"embeddable":true,"href":"https:\/\/le-fort.org\/cocina\/wp-json\/wp\/v2\/comments?post=12909"}],"version-history":[{"count":3,"href":"https:\/\/le-fort.org\/cocina\/wp-json\/wp\/v2\/posts\/12909\/revisions"}],"predecessor-version":[{"id":12933,"href":"https:\/\/le-fort.org\/cocina\/wp-json\/wp\/v2\/posts\/12909\/revisions\/12933"}],"wp:featuredmedia":[{"embeddable":true,"href":"https:\/\/le-fort.org\/cocina\/wp-json\/wp\/v2\/media\/12914"}],"wp:attachment":[{"href":"https:\/\/le-fort.org\/cocina\/wp-json\/wp\/v2\/media?parent=12909"}],"wp:term":[{"taxonomy":"category","embeddable":true,"href":"https:\/\/le-fort.org\/cocina\/wp-json\/wp\/v2\/categories?post=12909"},{"taxonomy":"post_tag","embeddable":true,"href":"https:\/\/le-fort.org\/cocina\/wp-json\/wp\/v2\/tags?post=12909"}],"curies":[{"name":"wp","href":"https:\/\/api.w.org\/{rel}","templated":true}]}}