{"id":12946,"date":"2018-07-21T09:52:49","date_gmt":"2018-07-21T14:52:49","guid":{"rendered":"https:\/\/www.le-fort.org\/?p=12946"},"modified":"2018-07-21T09:57:17","modified_gmt":"2018-07-21T14:57:17","slug":"vacacional-de-pasteleria-pastry-kids-1","status":"publish","type":"post","link":"https:\/\/le-fort.org\/cocina\/vacacional-de-pasteleria-pastry-kids-1\/","title":{"rendered":"Vacacional de Pasteler\u00eda Pastry Kids 1"},"content":{"rendered":"<p>Entre el 16 y el 20 de julio de 2018 realizamos nuestro primer vacacional de cocina para ni\u00f1os en Cuenca. Antes <a href=\"https:\/\/www.le-fort.org\/mini-chef-kids-2015\/\">lo hab\u00edamos hecho en Santa Elena varias veces<\/a>. Esta vez el vacacional dur\u00f3 una semana y fue exclusivamente de pasteler\u00eda, como su nombre lo indica.<!--more--><\/p>\n<figure id=\"attachment_12969\" aria-describedby=\"caption-attachment-12969\" style=\"width: 800px\" class=\"wp-caption aligncenter\"><img data-recalc-dims=\"1\" loading=\"lazy\" decoding=\"async\" data-attachment-id=\"12969\" data-permalink=\"https:\/\/le-fort.org\/cocina\/vacacional-de-pasteleria-pastry-kids-1\/mde-3\/\" data-orig-file=\"https:\/\/i0.wp.com\/le-fort.org\/cocina\/wp-content\/uploads\/2018\/07\/2018-07-20-17.31.35.jpg?fit=1920%2C947&amp;ssl=1\" data-orig-size=\"1920,947\" data-comments-opened=\"0\" data-image-meta=\"{&quot;aperture&quot;:&quot;2.2&quot;,&quot;credit&quot;:&quot;Picasa&quot;,&quot;camera&quot;:&quot;ANE-LX3&quot;,&quot;caption&quot;:&quot;mde&quot;,&quot;created_timestamp&quot;:&quot;1532107895&quot;,&quot;copyright&quot;:&quot;&quot;,&quot;focal_length&quot;:&quot;3.81&quot;,&quot;iso&quot;:&quot;640&quot;,&quot;shutter_speed&quot;:&quot;0.05&quot;,&quot;title&quot;:&quot;mde&quot;,&quot;orientation&quot;:&quot;0&quot;}\" data-image-title=\"mde\" data-image-description=\"\" data-image-caption=\"&lt;p&gt;mde&lt;\/p&gt;\n\" data-large-file=\"https:\/\/i0.wp.com\/le-fort.org\/cocina\/wp-content\/uploads\/2018\/07\/2018-07-20-17.31.35.jpg?fit=1200%2C592&amp;ssl=1\" class=\"wp-image-12969\" src=\"https:\/\/i0.wp.com\/www.le-fort.org\/wp-content\/uploads\/2018\/07\/2018-07-20-17.31.35-1280x631.jpg?resize=800%2C395&#038;ssl=1\" alt=\"Pstry Kids 1\" width=\"800\" height=\"395\" srcset=\"https:\/\/i0.wp.com\/le-fort.org\/cocina\/wp-content\/uploads\/2018\/07\/2018-07-20-17.31.35.jpg?resize=1280%2C631&amp;ssl=1 1280w, https:\/\/i0.wp.com\/le-fort.org\/cocina\/wp-content\/uploads\/2018\/07\/2018-07-20-17.31.35.jpg?resize=600%2C296&amp;ssl=1 600w, https:\/\/i0.wp.com\/le-fort.org\/cocina\/wp-content\/uploads\/2018\/07\/2018-07-20-17.31.35.jpg?resize=2%2C1&amp;ssl=1 2w, https:\/\/i0.wp.com\/le-fort.org\/cocina\/wp-content\/uploads\/2018\/07\/2018-07-20-17.31.35.jpg?w=1920&amp;ssl=1 1920w\" sizes=\"auto, (max-width: 800px) 100vw, 800px\" \/><figcaption id=\"caption-attachment-12969\" class=\"wp-caption-text\">D\u00eda 5: Casa abierta<\/figcaption><\/figure>\n<p>Contamos con 13 ni\u00f1os pasteleros, y el programa fue:<\/p>\n<h2>D\u00eda 1: Gomitas y Galletas<\/h2>\n<figure id=\"attachment_12949\" aria-describedby=\"caption-attachment-12949\" style=\"width: 800px\" class=\"wp-caption aligncenter\"><img data-recalc-dims=\"1\" loading=\"lazy\" decoding=\"async\" data-attachment-id=\"12949\" data-permalink=\"https:\/\/le-fort.org\/cocina\/vacacional-de-pasteleria-pastry-kids-1\/dav-33\/\" data-orig-file=\"https:\/\/i0.wp.com\/le-fort.org\/cocina\/wp-content\/uploads\/2018\/07\/2018-07-16-16.29.17.jpg?fit=1920%2C947&amp;ssl=1\" data-orig-size=\"1920,947\" data-comments-opened=\"0\" data-image-meta=\"{&quot;aperture&quot;:&quot;2.2&quot;,&quot;credit&quot;:&quot;Picasa&quot;,&quot;camera&quot;:&quot;ANE-LX3&quot;,&quot;caption&quot;:&quot;dav&quot;,&quot;created_timestamp&quot;:&quot;1531758557&quot;,&quot;copyright&quot;:&quot;&quot;,&quot;focal_length&quot;:&quot;3.81&quot;,&quot;iso&quot;:&quot;200&quot;,&quot;shutter_speed&quot;:&quot;0.025&quot;,&quot;title&quot;:&quot;dav&quot;,&quot;orientation&quot;:&quot;0&quot;}\" data-image-title=\"dav\" data-image-description=\"\" data-image-caption=\"&lt;p&gt;dav&lt;\/p&gt;\n\" data-large-file=\"https:\/\/i0.wp.com\/le-fort.org\/cocina\/wp-content\/uploads\/2018\/07\/2018-07-16-16.29.17.jpg?fit=1200%2C592&amp;ssl=1\" class=\"wp-image-12949\" src=\"https:\/\/i0.wp.com\/www.le-fort.org\/wp-content\/uploads\/2018\/07\/2018-07-16-16.29.17-1280x631.jpg?resize=800%2C395&#038;ssl=1\" alt=\"\" width=\"800\" height=\"395\" srcset=\"https:\/\/i0.wp.com\/le-fort.org\/cocina\/wp-content\/uploads\/2018\/07\/2018-07-16-16.29.17.jpg?resize=1280%2C631&amp;ssl=1 1280w, https:\/\/i0.wp.com\/le-fort.org\/cocina\/wp-content\/uploads\/2018\/07\/2018-07-16-16.29.17.jpg?resize=600%2C296&amp;ssl=1 600w, https:\/\/i0.wp.com\/le-fort.org\/cocina\/wp-content\/uploads\/2018\/07\/2018-07-16-16.29.17.jpg?resize=2%2C1&amp;ssl=1 2w, https:\/\/i0.wp.com\/le-fort.org\/cocina\/wp-content\/uploads\/2018\/07\/2018-07-16-16.29.17.jpg?w=1920&amp;ssl=1 1920w\" sizes=\"auto, (max-width: 800px) 100vw, 800px\" \/><figcaption id=\"caption-attachment-12949\" class=\"wp-caption-text\">Gominolas<\/figcaption><\/figure>\n<figure id=\"attachment_12957\" aria-describedby=\"caption-attachment-12957\" style=\"width: 800px\" class=\"wp-caption aligncenter\"><img data-recalc-dims=\"1\" loading=\"lazy\" decoding=\"async\" data-attachment-id=\"12957\" data-permalink=\"https:\/\/le-fort.org\/cocina\/vacacional-de-pasteleria-pastry-kids-1\/2018-07-16-18-09-37\/\" data-orig-file=\"https:\/\/i0.wp.com\/le-fort.org\/cocina\/wp-content\/uploads\/2018\/07\/2018-07-16-18.09.37.jpg?fit=1280%2C960&amp;ssl=1\" data-orig-size=\"1280,960\" data-comments-opened=\"0\" data-image-meta=\"{&quot;aperture&quot;:&quot;0&quot;,&quot;credit&quot;:&quot;Picasa&quot;,&quot;camera&quot;:&quot;&quot;,&quot;caption&quot;:&quot;&quot;,&quot;created_timestamp&quot;:&quot;1531782577&quot;,&quot;copyright&quot;:&quot;&quot;,&quot;focal_length&quot;:&quot;0&quot;,&quot;iso&quot;:&quot;0&quot;,&quot;shutter_speed&quot;:&quot;0&quot;,&quot;title&quot;:&quot;&quot;,&quot;orientation&quot;:&quot;0&quot;}\" data-image-title=\"2018-07-16 18.09.37\" data-image-description=\"\" data-image-caption=\"\" data-large-file=\"https:\/\/i0.wp.com\/le-fort.org\/cocina\/wp-content\/uploads\/2018\/07\/2018-07-16-18.09.37.jpg?fit=1200%2C900&amp;ssl=1\" class=\"wp-image-12957\" src=\"https:\/\/i0.wp.com\/www.le-fort.org\/wp-content\/uploads\/2018\/07\/2018-07-16-18.09.37-600x450.jpg?resize=800%2C600&#038;ssl=1\" alt=\"Galletas de chips de chocolate\" width=\"800\" height=\"600\" srcset=\"https:\/\/i0.wp.com\/le-fort.org\/cocina\/wp-content\/uploads\/2018\/07\/2018-07-16-18.09.37.jpg?resize=600%2C450&amp;ssl=1 600w, https:\/\/i0.wp.com\/le-fort.org\/cocina\/wp-content\/uploads\/2018\/07\/2018-07-16-18.09.37.jpg?resize=1%2C1&amp;ssl=1 1w, https:\/\/i0.wp.com\/le-fort.org\/cocina\/wp-content\/uploads\/2018\/07\/2018-07-16-18.09.37.jpg?w=1280&amp;ssl=1 1280w\" sizes=\"auto, (max-width: 800px) 100vw, 800px\" \/><figcaption id=\"caption-attachment-12957\" class=\"wp-caption-text\">Galletas de chips de chocolate<\/figcaption><\/figure>\n<figure id=\"attachment_12956\" aria-describedby=\"caption-attachment-12956\" style=\"width: 800px\" class=\"wp-caption aligncenter\"><img data-recalc-dims=\"1\" loading=\"lazy\" decoding=\"async\" data-attachment-id=\"12956\" data-permalink=\"https:\/\/le-fort.org\/cocina\/vacacional-de-pasteleria-pastry-kids-1\/2018-07-16-18-09-36\/\" data-orig-file=\"https:\/\/i0.wp.com\/le-fort.org\/cocina\/wp-content\/uploads\/2018\/07\/2018-07-16-18.09.36.jpg?fit=1280%2C960&amp;ssl=1\" data-orig-size=\"1280,960\" data-comments-opened=\"0\" data-image-meta=\"{&quot;aperture&quot;:&quot;0&quot;,&quot;credit&quot;:&quot;Picasa&quot;,&quot;camera&quot;:&quot;&quot;,&quot;caption&quot;:&quot;&quot;,&quot;created_timestamp&quot;:&quot;1531782576&quot;,&quot;copyright&quot;:&quot;&quot;,&quot;focal_length&quot;:&quot;0&quot;,&quot;iso&quot;:&quot;0&quot;,&quot;shutter_speed&quot;:&quot;0&quot;,&quot;title&quot;:&quot;&quot;,&quot;orientation&quot;:&quot;0&quot;}\" data-image-title=\"2018-07-16 18.09.36\" data-image-description=\"\" data-image-caption=\"\" data-large-file=\"https:\/\/i0.wp.com\/le-fort.org\/cocina\/wp-content\/uploads\/2018\/07\/2018-07-16-18.09.36.jpg?fit=1200%2C900&amp;ssl=1\" class=\"wp-image-12956\" src=\"https:\/\/i0.wp.com\/www.le-fort.org\/wp-content\/uploads\/2018\/07\/2018-07-16-18.09.36.jpg?resize=800%2C600&#038;ssl=1\" alt=\"\u00c9xito de primer d\u00eda Pastry Kids 1\" width=\"800\" height=\"600\" srcset=\"https:\/\/i0.wp.com\/le-fort.org\/cocina\/wp-content\/uploads\/2018\/07\/2018-07-16-18.09.36.jpg?w=1280&amp;ssl=1 1280w, https:\/\/i0.wp.com\/le-fort.org\/cocina\/wp-content\/uploads\/2018\/07\/2018-07-16-18.09.36.jpg?resize=600%2C450&amp;ssl=1 600w, https:\/\/i0.wp.com\/le-fort.org\/cocina\/wp-content\/uploads\/2018\/07\/2018-07-16-18.09.36.jpg?resize=1%2C1&amp;ssl=1 1w\" sizes=\"auto, (max-width: 800px) 100vw, 800px\" \/><figcaption id=\"caption-attachment-12956\" class=\"wp-caption-text\">\u00a1\u00c9xito!<\/figcaption><\/figure>\n<h2>D\u00eda 2: Come y bebe, y Cake pops<\/h2>\n<p>El segundo d\u00eda nos dedicamos al come y bebe y a los <em>cake pops<\/em>, preparando previamente un cake chiffon como base.<\/p>\n<figure id=\"attachment_12958\" aria-describedby=\"caption-attachment-12958\" style=\"width: 800px\" class=\"wp-caption aligncenter\"><img data-recalc-dims=\"1\" loading=\"lazy\" decoding=\"async\" data-attachment-id=\"12958\" data-permalink=\"https:\/\/le-fort.org\/cocina\/vacacional-de-pasteleria-pastry-kids-1\/dav-37\/\" data-orig-file=\"https:\/\/i0.wp.com\/le-fort.org\/cocina\/wp-content\/uploads\/2018\/07\/2018-07-17-16.50.57.jpg?fit=1920%2C947&amp;ssl=1\" data-orig-size=\"1920,947\" data-comments-opened=\"0\" data-image-meta=\"{&quot;aperture&quot;:&quot;2.2&quot;,&quot;credit&quot;:&quot;Picasa&quot;,&quot;camera&quot;:&quot;ANE-LX3&quot;,&quot;caption&quot;:&quot;dav&quot;,&quot;created_timestamp&quot;:&quot;1531846257&quot;,&quot;copyright&quot;:&quot;&quot;,&quot;focal_length&quot;:&quot;3.81&quot;,&quot;iso&quot;:&quot;400&quot;,&quot;shutter_speed&quot;:&quot;0.033333&quot;,&quot;title&quot;:&quot;dav&quot;,&quot;orientation&quot;:&quot;0&quot;}\" data-image-title=\"dav\" data-image-description=\"\" data-image-caption=\"&lt;p&gt;dav&lt;\/p&gt;\n\" data-large-file=\"https:\/\/i0.wp.com\/le-fort.org\/cocina\/wp-content\/uploads\/2018\/07\/2018-07-17-16.50.57.jpg?fit=1200%2C592&amp;ssl=1\" class=\"wp-image-12958\" src=\"https:\/\/i0.wp.com\/www.le-fort.org\/wp-content\/uploads\/2018\/07\/2018-07-17-16.50.57-1280x631.jpg?resize=800%2C395&#038;ssl=1\" alt=\"\" width=\"800\" height=\"395\" srcset=\"https:\/\/i0.wp.com\/le-fort.org\/cocina\/wp-content\/uploads\/2018\/07\/2018-07-17-16.50.57.jpg?resize=1280%2C631&amp;ssl=1 1280w, https:\/\/i0.wp.com\/le-fort.org\/cocina\/wp-content\/uploads\/2018\/07\/2018-07-17-16.50.57.jpg?resize=600%2C296&amp;ssl=1 600w, https:\/\/i0.wp.com\/le-fort.org\/cocina\/wp-content\/uploads\/2018\/07\/2018-07-17-16.50.57.jpg?resize=2%2C1&amp;ssl=1 2w, https:\/\/i0.wp.com\/le-fort.org\/cocina\/wp-content\/uploads\/2018\/07\/2018-07-17-16.50.57.jpg?w=1920&amp;ssl=1 1920w\" sizes=\"auto, (max-width: 800px) 100vw, 800px\" \/><figcaption id=\"caption-attachment-12958\" class=\"wp-caption-text\">Come &amp; bebe<\/figcaption><\/figure>\n<figure id=\"attachment_12959\" aria-describedby=\"caption-attachment-12959\" style=\"width: 801px\" class=\"wp-caption aligncenter\"><img data-recalc-dims=\"1\" loading=\"lazy\" decoding=\"async\" data-attachment-id=\"12959\" data-permalink=\"https:\/\/le-fort.org\/cocina\/vacacional-de-pasteleria-pastry-kids-1\/dav-38\/\" data-orig-file=\"https:\/\/i0.wp.com\/le-fort.org\/cocina\/wp-content\/uploads\/2018\/07\/2018-07-17-17.39.53.jpg?fit=1920%2C947&amp;ssl=1\" data-orig-size=\"1920,947\" data-comments-opened=\"0\" data-image-meta=\"{&quot;aperture&quot;:&quot;2.2&quot;,&quot;credit&quot;:&quot;Picasa&quot;,&quot;camera&quot;:&quot;ANE-LX3&quot;,&quot;caption&quot;:&quot;dav&quot;,&quot;created_timestamp&quot;:&quot;1531849193&quot;,&quot;copyright&quot;:&quot;&quot;,&quot;focal_length&quot;:&quot;3.81&quot;,&quot;iso&quot;:&quot;500&quot;,&quot;shutter_speed&quot;:&quot;0.05&quot;,&quot;title&quot;:&quot;dav&quot;,&quot;orientation&quot;:&quot;0&quot;}\" data-image-title=\"dav\" data-image-description=\"\" data-image-caption=\"&lt;p&gt;dav&lt;\/p&gt;\n\" data-large-file=\"https:\/\/i0.wp.com\/le-fort.org\/cocina\/wp-content\/uploads\/2018\/07\/2018-07-17-17.39.53.jpg?fit=1200%2C592&amp;ssl=1\" class=\"wp-image-12959\" src=\"https:\/\/i0.wp.com\/www.le-fort.org\/wp-content\/uploads\/2018\/07\/2018-07-17-17.39.53-1280x631.jpg?resize=801%2C395&#038;ssl=1\" alt=\"\" width=\"801\" height=\"395\" srcset=\"https:\/\/i0.wp.com\/le-fort.org\/cocina\/wp-content\/uploads\/2018\/07\/2018-07-17-17.39.53.jpg?resize=1280%2C631&amp;ssl=1 1280w, https:\/\/i0.wp.com\/le-fort.org\/cocina\/wp-content\/uploads\/2018\/07\/2018-07-17-17.39.53.jpg?resize=600%2C296&amp;ssl=1 600w, https:\/\/i0.wp.com\/le-fort.org\/cocina\/wp-content\/uploads\/2018\/07\/2018-07-17-17.39.53.jpg?resize=2%2C1&amp;ssl=1 2w, https:\/\/i0.wp.com\/le-fort.org\/cocina\/wp-content\/uploads\/2018\/07\/2018-07-17-17.39.53.jpg?w=1920&amp;ssl=1 1920w\" sizes=\"auto, (max-width: 801px) 100vw, 801px\" \/><figcaption id=\"caption-attachment-12959\" class=\"wp-caption-text\">Cake pops<\/figcaption><\/figure>\n<figure id=\"attachment_12961\" aria-describedby=\"caption-attachment-12961\" style=\"width: 800px\" class=\"wp-caption aligncenter\"><img data-recalc-dims=\"1\" loading=\"lazy\" decoding=\"async\" data-attachment-id=\"12961\" data-permalink=\"https:\/\/le-fort.org\/cocina\/vacacional-de-pasteleria-pastry-kids-1\/dav-40\/\" data-orig-file=\"https:\/\/i0.wp.com\/le-fort.org\/cocina\/wp-content\/uploads\/2018\/07\/2018-07-18-16.17.37.jpg?fit=1920%2C947&amp;ssl=1\" data-orig-size=\"1920,947\" data-comments-opened=\"0\" data-image-meta=\"{&quot;aperture&quot;:&quot;2.2&quot;,&quot;credit&quot;:&quot;Picasa&quot;,&quot;camera&quot;:&quot;ANE-LX3&quot;,&quot;caption&quot;:&quot;dav&quot;,&quot;created_timestamp&quot;:&quot;1531930657&quot;,&quot;copyright&quot;:&quot;&quot;,&quot;focal_length&quot;:&quot;3.81&quot;,&quot;iso&quot;:&quot;200&quot;,&quot;shutter_speed&quot;:&quot;0.03&quot;,&quot;title&quot;:&quot;dav&quot;,&quot;orientation&quot;:&quot;0&quot;}\" data-image-title=\"dav\" data-image-description=\"\" data-image-caption=\"&lt;p&gt;Cake pops&lt;\/p&gt;\n\" data-large-file=\"https:\/\/i0.wp.com\/le-fort.org\/cocina\/wp-content\/uploads\/2018\/07\/2018-07-18-16.17.37.jpg?fit=1200%2C592&amp;ssl=1\" class=\"wp-image-12961\" src=\"https:\/\/i0.wp.com\/www.le-fort.org\/wp-content\/uploads\/2018\/07\/2018-07-18-16.17.37-1280x631.jpg?resize=800%2C395&#038;ssl=1\" alt=\"Cacke pops pastry kids 1\" width=\"800\" height=\"395\" srcset=\"https:\/\/i0.wp.com\/le-fort.org\/cocina\/wp-content\/uploads\/2018\/07\/2018-07-18-16.17.37.jpg?resize=1280%2C631&amp;ssl=1 1280w, https:\/\/i0.wp.com\/le-fort.org\/cocina\/wp-content\/uploads\/2018\/07\/2018-07-18-16.17.37.jpg?resize=600%2C296&amp;ssl=1 600w, https:\/\/i0.wp.com\/le-fort.org\/cocina\/wp-content\/uploads\/2018\/07\/2018-07-18-16.17.37.jpg?resize=2%2C1&amp;ssl=1 2w, https:\/\/i0.wp.com\/le-fort.org\/cocina\/wp-content\/uploads\/2018\/07\/2018-07-18-16.17.37.jpg?w=1920&amp;ssl=1 1920w\" sizes=\"auto, (max-width: 800px) 100vw, 800px\" \/><figcaption id=\"caption-attachment-12961\" class=\"wp-caption-text\">Cake pops<\/figcaption><\/figure>\n<h2>D\u00eda 3: Cupcakes<\/h2>\n<p>El tercer d\u00eda fue el d\u00eda de los cupcakes: buttercream (que ten\u00edamos del d\u00eda anterior), fondant de marshmallow y los cupcakes mismos.<\/p>\n<figure id=\"attachment_12962\" aria-describedby=\"caption-attachment-12962\" style=\"width: 800px\" class=\"wp-caption aligncenter\"><img data-recalc-dims=\"1\" loading=\"lazy\" decoding=\"async\" data-attachment-id=\"12962\" data-permalink=\"https:\/\/le-fort.org\/cocina\/vacacional-de-pasteleria-pastry-kids-1\/dav-41\/\" data-orig-file=\"https:\/\/i0.wp.com\/le-fort.org\/cocina\/wp-content\/uploads\/2018\/07\/2018-07-18-15.47.01.jpg?fit=1920%2C947&amp;ssl=1\" data-orig-size=\"1920,947\" data-comments-opened=\"0\" data-image-meta=\"{&quot;aperture&quot;:&quot;2.2&quot;,&quot;credit&quot;:&quot;Picasa&quot;,&quot;camera&quot;:&quot;ANE-LX3&quot;,&quot;caption&quot;:&quot;dav&quot;,&quot;created_timestamp&quot;:&quot;1531928821&quot;,&quot;copyright&quot;:&quot;&quot;,&quot;focal_length&quot;:&quot;3.81&quot;,&quot;iso&quot;:&quot;500&quot;,&quot;shutter_speed&quot;:&quot;0.041667&quot;,&quot;title&quot;:&quot;dav&quot;,&quot;orientation&quot;:&quot;0&quot;}\" data-image-title=\"dav\" data-image-description=\"\" data-image-caption=\"&lt;p&gt;dav&lt;\/p&gt;\n\" data-large-file=\"https:\/\/i0.wp.com\/le-fort.org\/cocina\/wp-content\/uploads\/2018\/07\/2018-07-18-15.47.01.jpg?fit=1200%2C592&amp;ssl=1\" class=\"wp-image-12962\" src=\"https:\/\/i0.wp.com\/www.le-fort.org\/wp-content\/uploads\/2018\/07\/2018-07-18-15.47.01-1280x631.jpg?resize=800%2C395&#038;ssl=1\" alt=\"\" width=\"800\" height=\"395\" srcset=\"https:\/\/i0.wp.com\/le-fort.org\/cocina\/wp-content\/uploads\/2018\/07\/2018-07-18-15.47.01.jpg?resize=1280%2C631&amp;ssl=1 1280w, https:\/\/i0.wp.com\/le-fort.org\/cocina\/wp-content\/uploads\/2018\/07\/2018-07-18-15.47.01.jpg?resize=600%2C296&amp;ssl=1 600w, https:\/\/i0.wp.com\/le-fort.org\/cocina\/wp-content\/uploads\/2018\/07\/2018-07-18-15.47.01.jpg?resize=2%2C1&amp;ssl=1 2w, https:\/\/i0.wp.com\/le-fort.org\/cocina\/wp-content\/uploads\/2018\/07\/2018-07-18-15.47.01.jpg?w=1920&amp;ssl=1 1920w\" sizes=\"auto, (max-width: 800px) 100vw, 800px\" \/><figcaption id=\"caption-attachment-12962\" class=\"wp-caption-text\">dav<\/figcaption><\/figure>\n<figure id=\"attachment_12963\" aria-describedby=\"caption-attachment-12963\" style=\"width: 800px\" class=\"wp-caption aligncenter\"><img data-recalc-dims=\"1\" loading=\"lazy\" decoding=\"async\" data-attachment-id=\"12963\" data-permalink=\"https:\/\/le-fort.org\/cocina\/vacacional-de-pasteleria-pastry-kids-1\/dav-42\/\" data-orig-file=\"https:\/\/i0.wp.com\/le-fort.org\/cocina\/wp-content\/uploads\/2018\/07\/2018-07-18-17.59.13.jpg?fit=1920%2C947&amp;ssl=1\" data-orig-size=\"1920,947\" data-comments-opened=\"0\" data-image-meta=\"{&quot;aperture&quot;:&quot;2.2&quot;,&quot;credit&quot;:&quot;Picasa&quot;,&quot;camera&quot;:&quot;ANE-LX3&quot;,&quot;caption&quot;:&quot;dav&quot;,&quot;created_timestamp&quot;:&quot;1531936753&quot;,&quot;copyright&quot;:&quot;&quot;,&quot;focal_length&quot;:&quot;3.81&quot;,&quot;iso&quot;:&quot;400&quot;,&quot;shutter_speed&quot;:&quot;0.041667&quot;,&quot;title&quot;:&quot;dav&quot;,&quot;orientation&quot;:&quot;0&quot;}\" data-image-title=\"dav\" data-image-description=\"\" data-image-caption=\"&lt;p&gt;dav&lt;\/p&gt;\n\" data-large-file=\"https:\/\/i0.wp.com\/le-fort.org\/cocina\/wp-content\/uploads\/2018\/07\/2018-07-18-17.59.13.jpg?fit=1200%2C592&amp;ssl=1\" class=\"wp-image-12963\" src=\"https:\/\/i0.wp.com\/www.le-fort.org\/wp-content\/uploads\/2018\/07\/2018-07-18-17.59.13-1280x631.jpg?resize=800%2C395&#038;ssl=1\" alt=\"\" width=\"800\" height=\"395\" srcset=\"https:\/\/i0.wp.com\/le-fort.org\/cocina\/wp-content\/uploads\/2018\/07\/2018-07-18-17.59.13.jpg?resize=1280%2C631&amp;ssl=1 1280w, https:\/\/i0.wp.com\/le-fort.org\/cocina\/wp-content\/uploads\/2018\/07\/2018-07-18-17.59.13.jpg?resize=600%2C296&amp;ssl=1 600w, https:\/\/i0.wp.com\/le-fort.org\/cocina\/wp-content\/uploads\/2018\/07\/2018-07-18-17.59.13.jpg?resize=2%2C1&amp;ssl=1 2w, https:\/\/i0.wp.com\/le-fort.org\/cocina\/wp-content\/uploads\/2018\/07\/2018-07-18-17.59.13.jpg?w=1920&amp;ssl=1 1920w\" sizes=\"auto, (max-width: 800px) 100vw, 800px\" \/><figcaption id=\"caption-attachment-12963\" class=\"wp-caption-text\">dav<\/figcaption><\/figure>\n<h2>D\u00eda 4: Chocolate<\/h2>\n<p>El pen\u00faltimo d\u00eda fue de chocolate. Preparamos <a href=\"https:\/\/www.le-fort.org\/trufas-de-brigadeiro\/\">brigadeiros<\/a> y <a href=\"https:\/\/www.le-fort.org\/trufas-de-chocolate\/\">trufas<\/a>.<\/p>\n<figure id=\"attachment_12964\" aria-describedby=\"caption-attachment-12964\" style=\"width: 800px\" class=\"wp-caption aligncenter\"><img data-recalc-dims=\"1\" loading=\"lazy\" decoding=\"async\" data-attachment-id=\"12964\" data-permalink=\"https:\/\/le-fort.org\/cocina\/vacacional-de-pasteleria-pastry-kids-1\/dav-43\/\" data-orig-file=\"https:\/\/i0.wp.com\/le-fort.org\/cocina\/wp-content\/uploads\/2018\/07\/2018-07-19-16.20.52.jpg?fit=1920%2C947&amp;ssl=1\" data-orig-size=\"1920,947\" data-comments-opened=\"0\" data-image-meta=\"{&quot;aperture&quot;:&quot;2.2&quot;,&quot;credit&quot;:&quot;Picasa&quot;,&quot;camera&quot;:&quot;ANE-LX3&quot;,&quot;caption&quot;:&quot;dav&quot;,&quot;created_timestamp&quot;:&quot;1532017252&quot;,&quot;copyright&quot;:&quot;&quot;,&quot;focal_length&quot;:&quot;3.81&quot;,&quot;iso&quot;:&quot;400&quot;,&quot;shutter_speed&quot;:&quot;0.033333&quot;,&quot;title&quot;:&quot;dav&quot;,&quot;orientation&quot;:&quot;0&quot;}\" data-image-title=\"dav\" data-image-description=\"\" data-image-caption=\"&lt;p&gt;dav&lt;\/p&gt;\n\" data-large-file=\"https:\/\/i0.wp.com\/le-fort.org\/cocina\/wp-content\/uploads\/2018\/07\/2018-07-19-16.20.52.jpg?fit=1200%2C592&amp;ssl=1\" class=\"wp-image-12964\" src=\"https:\/\/i0.wp.com\/www.le-fort.org\/wp-content\/uploads\/2018\/07\/2018-07-19-16.20.52-1280x631.jpg?resize=800%2C395&#038;ssl=1\" alt=\"\" width=\"800\" height=\"395\" srcset=\"https:\/\/i0.wp.com\/le-fort.org\/cocina\/wp-content\/uploads\/2018\/07\/2018-07-19-16.20.52.jpg?resize=1280%2C631&amp;ssl=1 1280w, https:\/\/i0.wp.com\/le-fort.org\/cocina\/wp-content\/uploads\/2018\/07\/2018-07-19-16.20.52.jpg?resize=600%2C296&amp;ssl=1 600w, https:\/\/i0.wp.com\/le-fort.org\/cocina\/wp-content\/uploads\/2018\/07\/2018-07-19-16.20.52.jpg?resize=2%2C1&amp;ssl=1 2w, https:\/\/i0.wp.com\/le-fort.org\/cocina\/wp-content\/uploads\/2018\/07\/2018-07-19-16.20.52.jpg?w=1920&amp;ssl=1 1920w\" sizes=\"auto, (max-width: 800px) 100vw, 800px\" \/><figcaption id=\"caption-attachment-12964\" class=\"wp-caption-text\">Cubriendo un brigadeiro con cacao<\/figcaption><\/figure>\n<figure id=\"attachment_12965\" aria-describedby=\"caption-attachment-12965\" style=\"width: 800px\" class=\"wp-caption aligncenter\"><img data-recalc-dims=\"1\" loading=\"lazy\" decoding=\"async\" data-attachment-id=\"12965\" data-permalink=\"https:\/\/le-fort.org\/cocina\/vacacional-de-pasteleria-pastry-kids-1\/dav-44\/\" data-orig-file=\"https:\/\/i0.wp.com\/le-fort.org\/cocina\/wp-content\/uploads\/2018\/07\/2018-07-19-17.17.53.jpg?fit=1920%2C947&amp;ssl=1\" data-orig-size=\"1920,947\" data-comments-opened=\"0\" data-image-meta=\"{&quot;aperture&quot;:&quot;2.2&quot;,&quot;credit&quot;:&quot;Picasa&quot;,&quot;camera&quot;:&quot;ANE-LX3&quot;,&quot;caption&quot;:&quot;dav&quot;,&quot;created_timestamp&quot;:&quot;1532020673&quot;,&quot;copyright&quot;:&quot;&quot;,&quot;focal_length&quot;:&quot;3.81&quot;,&quot;iso&quot;:&quot;400&quot;,&quot;shutter_speed&quot;:&quot;0.04&quot;,&quot;title&quot;:&quot;dav&quot;,&quot;orientation&quot;:&quot;0&quot;}\" data-image-title=\"dav\" data-image-description=\"\" data-image-caption=\"&lt;p&gt;dav&lt;\/p&gt;\n\" data-large-file=\"https:\/\/i0.wp.com\/le-fort.org\/cocina\/wp-content\/uploads\/2018\/07\/2018-07-19-17.17.53.jpg?fit=1200%2C592&amp;ssl=1\" class=\"wp-image-12965\" src=\"https:\/\/i0.wp.com\/www.le-fort.org\/wp-content\/uploads\/2018\/07\/2018-07-19-17.17.53-1280x631.jpg?resize=800%2C395&#038;ssl=1\" alt=\"\" width=\"800\" height=\"395\" srcset=\"https:\/\/i0.wp.com\/le-fort.org\/cocina\/wp-content\/uploads\/2018\/07\/2018-07-19-17.17.53.jpg?resize=1280%2C631&amp;ssl=1 1280w, https:\/\/i0.wp.com\/le-fort.org\/cocina\/wp-content\/uploads\/2018\/07\/2018-07-19-17.17.53.jpg?resize=600%2C296&amp;ssl=1 600w, https:\/\/i0.wp.com\/le-fort.org\/cocina\/wp-content\/uploads\/2018\/07\/2018-07-19-17.17.53.jpg?resize=2%2C1&amp;ssl=1 2w, https:\/\/i0.wp.com\/le-fort.org\/cocina\/wp-content\/uploads\/2018\/07\/2018-07-19-17.17.53.jpg?w=1920&amp;ssl=1 1920w\" sizes=\"auto, (max-width: 800px) 100vw, 800px\" \/><figcaption id=\"caption-attachment-12965\" class=\"wp-caption-text\">D\u00e1ndole forma a una trufa de ganache<\/figcaption><\/figure>\n<h2>D\u00eda 5: tres leches y casa abierta<\/h2>\n<p>Finalmente preparamos torta tres leches e invitamos a los padres para compartir lo aprendido en una casa abierta.<\/p>\n<figure id=\"attachment_12966\" aria-describedby=\"caption-attachment-12966\" style=\"width: 801px\" class=\"wp-caption aligncenter\"><img data-recalc-dims=\"1\" loading=\"lazy\" decoding=\"async\" data-attachment-id=\"12966\" data-permalink=\"https:\/\/le-fort.org\/cocina\/vacacional-de-pasteleria-pastry-kids-1\/dav-45\/\" data-orig-file=\"https:\/\/i0.wp.com\/le-fort.org\/cocina\/wp-content\/uploads\/2018\/07\/2018-07-20-18.02.07.jpg?fit=1920%2C947&amp;ssl=1\" data-orig-size=\"1920,947\" data-comments-opened=\"0\" data-image-meta=\"{&quot;aperture&quot;:&quot;2.2&quot;,&quot;credit&quot;:&quot;Picasa&quot;,&quot;camera&quot;:&quot;ANE-LX3&quot;,&quot;caption&quot;:&quot;dav&quot;,&quot;created_timestamp&quot;:&quot;1532109727&quot;,&quot;copyright&quot;:&quot;&quot;,&quot;focal_length&quot;:&quot;3.81&quot;,&quot;iso&quot;:&quot;500&quot;,&quot;shutter_speed&quot;:&quot;0.05&quot;,&quot;title&quot;:&quot;dav&quot;,&quot;orientation&quot;:&quot;0&quot;}\" data-image-title=\"dav\" data-image-description=\"\" data-image-caption=\"&lt;p&gt;Muchas gracias a todos&lt;\/p&gt;\n\" data-large-file=\"https:\/\/i0.wp.com\/le-fort.org\/cocina\/wp-content\/uploads\/2018\/07\/2018-07-20-18.02.07.jpg?fit=1200%2C592&amp;ssl=1\" class=\"wp-image-12966\" src=\"https:\/\/i0.wp.com\/www.le-fort.org\/wp-content\/uploads\/2018\/07\/2018-07-20-18.02.07-1280x631.jpg?resize=801%2C395&#038;ssl=1\" alt=\"Pastry Kids 1\" width=\"801\" height=\"395\" srcset=\"https:\/\/i0.wp.com\/le-fort.org\/cocina\/wp-content\/uploads\/2018\/07\/2018-07-20-18.02.07.jpg?resize=1280%2C631&amp;ssl=1 1280w, https:\/\/i0.wp.com\/le-fort.org\/cocina\/wp-content\/uploads\/2018\/07\/2018-07-20-18.02.07.jpg?resize=600%2C296&amp;ssl=1 600w, https:\/\/i0.wp.com\/le-fort.org\/cocina\/wp-content\/uploads\/2018\/07\/2018-07-20-18.02.07.jpg?resize=2%2C1&amp;ssl=1 2w, https:\/\/i0.wp.com\/le-fort.org\/cocina\/wp-content\/uploads\/2018\/07\/2018-07-20-18.02.07.jpg?w=1920&amp;ssl=1 1920w\" sizes=\"auto, (max-width: 801px) 100vw, 801px\" \/><figcaption id=\"caption-attachment-12966\" class=\"wp-caption-text\">Muchas gracias a todos<\/figcaption><\/figure>\n","protected":false},"excerpt":{"rendered":"<p>Primera versi\u00f3n del vacacional Pastry Kids en DASAM Distribuidora, ciudad de Cuenca.<\/p>\n","protected":false},"author":1,"featured_media":12947,"comment_status":"closed","ping_status":"closed","sticky":false,"template":"","format":"standard","meta":{"_jetpack_newsletter_access":"","_jetpack_dont_email_post_to_subs":false,"_jetpack_newsletter_tier_id":0,"_jetpack_memberships_contains_paywalled_content":false,"_jetpack_memberships_contains_paid_content":false,"footnotes":""},"categories":[251],"tags":[744,338,761],"class_list":["post-12946","post","type-post","status-publish","format-standard","has-post-thumbnail","hentry","category-educacion","tag-cuenca","tag-pasteleria","tag-vacacional","entry","has-media"],"jetpack_featured_media_url":"https:\/\/i0.wp.com\/le-fort.org\/cocina\/wp-content\/uploads\/2018\/07\/pastrykids-hd.jpg?fit=1500%2C500&ssl=1","jetpack_shortlink":"https:\/\/wp.me\/pghKer-3mO","jetpack_sharing_enabled":true,"jetpack-related-posts":[{"id":11600,"url":"https:\/\/le-fort.org\/cocina\/arte-chef-kids-2016\/","url_meta":{"origin":12946,"position":0},"title":"Vacacional Arte Chef KIDS 2016","author":"Le-Fort.org","date":"11 de Abril, 2016","format":false,"excerpt":"Participamos en el curso vacacional Arte Chef KIDS, de la Escuela de Alta Cocina Arte Chef en Santa Elena. Debido el \u00e9xito obtenido por Arte Chef KIDS y Mini Chef KIDS el a\u00f1o pasado, la Escuela Arte Chef decidi\u00f3 repetir el programa vacacional. Rodrigo se encarg\u00f3 del dise\u00f1o del programa\u2026","rel":"","context":"En &quot;Educaci\u00f3n&quot;","block_context":{"text":"Educaci\u00f3n","link":"https:\/\/le-fort.org\/cocina\/categoria\/educacion\/"},"img":{"alt_text":"","src":"https:\/\/i0.wp.com\/le-fort.org\/cocina\/wp-content\/uploads\/2018\/01\/club-hd.jpg?fit=1200%2C400&ssl=1&resize=350%2C200","width":350,"height":200,"srcset":"https:\/\/i0.wp.com\/le-fort.org\/cocina\/wp-content\/uploads\/2018\/01\/club-hd.jpg?fit=1200%2C400&ssl=1&resize=350%2C200 1x, https:\/\/i0.wp.com\/le-fort.org\/cocina\/wp-content\/uploads\/2018\/01\/club-hd.jpg?fit=1200%2C400&ssl=1&resize=525%2C300 1.5x, https:\/\/i0.wp.com\/le-fort.org\/cocina\/wp-content\/uploads\/2018\/01\/club-hd.jpg?fit=1200%2C400&ssl=1&resize=700%2C400 2x, https:\/\/i0.wp.com\/le-fort.org\/cocina\/wp-content\/uploads\/2018\/01\/club-hd.jpg?fit=1200%2C400&ssl=1&resize=1050%2C600 3x"},"classes":[]},{"id":11607,"url":"https:\/\/le-fort.org\/cocina\/mini-chef-kids-2015\/","url_meta":{"origin":12946,"position":1},"title":"Mini Chef KIDS 2015","author":"Le-Fort.org","date":"5 de Abril, 2015","format":false,"excerpt":"Trabajamos como parte de la Escuela de Alta Cocina Arte Chef en un vacacional para ni\u00f1os llamado Mini Chef KIDS. Fue un \u00e9xito. El objetivo es acercar a los ni\u00f1os a la cocina desde una forma l\u00fadica y ense\u00f1arles rudimentos de inocuidad alimentaria y nutrici\u00f3n, adem\u00e1s de potenciar su autosuficiencia\u2026","rel":"","context":"En &quot;Educaci\u00f3n&quot;","block_context":{"text":"Educaci\u00f3n","link":"https:\/\/le-fort.org\/cocina\/categoria\/educacion\/"},"img":{"alt_text":"","src":"https:\/\/i0.wp.com\/le-fort.org\/cocina\/wp-content\/uploads\/2018\/01\/kids-inicio-hd.jpg?fit=1200%2C400&ssl=1&resize=350%2C200","width":350,"height":200,"srcset":"https:\/\/i0.wp.com\/le-fort.org\/cocina\/wp-content\/uploads\/2018\/01\/kids-inicio-hd.jpg?fit=1200%2C400&ssl=1&resize=350%2C200 1x, https:\/\/i0.wp.com\/le-fort.org\/cocina\/wp-content\/uploads\/2018\/01\/kids-inicio-hd.jpg?fit=1200%2C400&ssl=1&resize=525%2C300 1.5x, https:\/\/i0.wp.com\/le-fort.org\/cocina\/wp-content\/uploads\/2018\/01\/kids-inicio-hd.jpg?fit=1200%2C400&ssl=1&resize=700%2C400 2x, https:\/\/i0.wp.com\/le-fort.org\/cocina\/wp-content\/uploads\/2018\/01\/kids-inicio-hd.jpg?fit=1200%2C400&ssl=1&resize=1050%2C600 3x"},"classes":[]},{"id":12347,"url":"https:\/\/le-fort.org\/cocina\/pasteleria-en-masa-choux-cuenca\/","url_meta":{"origin":12946,"position":2},"title":"Pasteler\u00eda en Masa choux, Cuenca","author":"Le-Fort.org","date":"14 de Abril, 2018","format":false,"excerpt":"Taller de masa choux en Cuenca. Profiteroles, \u00e9clairs, torta Saint Honor\u00e9 y Paris-Brest. Lo spasamos muy bien.","rel":"","context":"En &quot;Educaci\u00f3n&quot;","block_context":{"text":"Educaci\u00f3n","link":"https:\/\/le-fort.org\/cocina\/categoria\/educacion\/"},"img":{"alt_text":"","src":"https:\/\/i0.wp.com\/le-fort.org\/cocina\/wp-content\/uploads\/2018\/04\/choux-hd.jpg?fit=1200%2C400&ssl=1&resize=350%2C200","width":350,"height":200,"srcset":"https:\/\/i0.wp.com\/le-fort.org\/cocina\/wp-content\/uploads\/2018\/04\/choux-hd.jpg?fit=1200%2C400&ssl=1&resize=350%2C200 1x, https:\/\/i0.wp.com\/le-fort.org\/cocina\/wp-content\/uploads\/2018\/04\/choux-hd.jpg?fit=1200%2C400&ssl=1&resize=525%2C300 1.5x, https:\/\/i0.wp.com\/le-fort.org\/cocina\/wp-content\/uploads\/2018\/04\/choux-hd.jpg?fit=1200%2C400&ssl=1&resize=700%2C400 2x, https:\/\/i0.wp.com\/le-fort.org\/cocina\/wp-content\/uploads\/2018\/04\/choux-hd.jpg?fit=1200%2C400&ssl=1&resize=1050%2C600 3x"},"classes":[]},{"id":12403,"url":"https:\/\/le-fort.org\/cocina\/ciencia-pasteleria-en-cuenca\/","url_meta":{"origin":12946,"position":3},"title":"Ciencia &#038; Pasteler\u00eda en Cuenca","author":"Le-Fort.org","date":"21 de Abril, 2018","format":false,"excerpt":"El viernes 20 de abril dimos dos veces el taller de Ciencia & Pasteler\u00eda, a estudiantes de la Universidad de Cuenca, en la c\u00e1tedra de la Mgtr. Anal\u00eda Cordero. Quedamos felices por el inter\u00e9s de los asistentes, y nos entretuvimos mucho. La idea de\u00a0Ciencia & Pasteler\u00eda\u00a0es mirar la cocina, espec\u00edficamente\u2026","rel":"","context":"En &quot;Educaci\u00f3n&quot;","block_context":{"text":"Educaci\u00f3n","link":"https:\/\/le-fort.org\/cocina\/categoria\/educacion\/"},"img":{"alt_text":"","src":"https:\/\/i0.wp.com\/le-fort.org\/cocina\/wp-content\/uploads\/2018\/04\/ciencia-hd-1.jpg?fit=1200%2C400&ssl=1&resize=350%2C200","width":350,"height":200,"srcset":"https:\/\/i0.wp.com\/le-fort.org\/cocina\/wp-content\/uploads\/2018\/04\/ciencia-hd-1.jpg?fit=1200%2C400&ssl=1&resize=350%2C200 1x, https:\/\/i0.wp.com\/le-fort.org\/cocina\/wp-content\/uploads\/2018\/04\/ciencia-hd-1.jpg?fit=1200%2C400&ssl=1&resize=525%2C300 1.5x, https:\/\/i0.wp.com\/le-fort.org\/cocina\/wp-content\/uploads\/2018\/04\/ciencia-hd-1.jpg?fit=1200%2C400&ssl=1&resize=700%2C400 2x, https:\/\/i0.wp.com\/le-fort.org\/cocina\/wp-content\/uploads\/2018\/04\/ciencia-hd-1.jpg?fit=1200%2C400&ssl=1&resize=1050%2C600 3x"},"classes":[]},{"id":14468,"url":"https:\/\/le-fort.org\/cocina\/graduacion-de-chefs-panaderos-pasteleros\/","url_meta":{"origin":12946,"position":4},"title":"Graduaci\u00f3n de chefs panaderos pasteleros","author":"Le-Fort.org","date":"29 de Septiembre, 2019","format":false,"excerpt":"Graduaci\u00f3n de Emi Sweet Pastry Academy en Azuay.","rel":"","context":"En &quot;Educaci\u00f3n&quot;","block_context":{"text":"Educaci\u00f3n","link":"https:\/\/le-fort.org\/cocina\/categoria\/educacion\/"},"img":{"alt_text":"","src":"https:\/\/i0.wp.com\/le-fort.org\/cocina\/wp-content\/uploads\/2017\/03\/dobos-hd.jpg?fit=1200%2C400&ssl=1&resize=350%2C200","width":350,"height":200,"srcset":"https:\/\/i0.wp.com\/le-fort.org\/cocina\/wp-content\/uploads\/2017\/03\/dobos-hd.jpg?fit=1200%2C400&ssl=1&resize=350%2C200 1x, https:\/\/i0.wp.com\/le-fort.org\/cocina\/wp-content\/uploads\/2017\/03\/dobos-hd.jpg?fit=1200%2C400&ssl=1&resize=525%2C300 1.5x, https:\/\/i0.wp.com\/le-fort.org\/cocina\/wp-content\/uploads\/2017\/03\/dobos-hd.jpg?fit=1200%2C400&ssl=1&resize=700%2C400 2x, https:\/\/i0.wp.com\/le-fort.org\/cocina\/wp-content\/uploads\/2017\/03\/dobos-hd.jpg?fit=1200%2C400&ssl=1&resize=1050%2C600 3x"},"classes":[]},{"id":664,"url":"https:\/\/le-fort.org\/cocina\/sanduche-de-chancho\/","url_meta":{"origin":12946,"position":5},"title":"S\u00e1nduche de Chancho","author":"Maestro Sanguchero","date":"16 de Marzo, 2013","format":false,"excerpt":"El s\u00e1nduche de chancho ecuatoriano es un s\u00e1nduche t\u00edpico y excelente. En su versi\u00f3n m\u00e1s simple consiste en chancho hornado y cebolla encurtida.","rel":"","context":"En &quot;Cerdo&quot;","block_context":{"text":"Cerdo","link":"https:\/\/le-fort.org\/cocina\/categoria\/cerdo\/"},"img":{"alt_text":"","src":"https:\/\/i0.wp.com\/le-fort.org\/cocina\/wp-content\/uploads\/2013\/06\/sanduche-hd.jpg?fit=700%2C350&ssl=1&resize=350%2C200","width":350,"height":200,"srcset":"https:\/\/i0.wp.com\/le-fort.org\/cocina\/wp-content\/uploads\/2013\/06\/sanduche-hd.jpg?fit=700%2C350&ssl=1&resize=350%2C200 1x, https:\/\/i0.wp.com\/le-fort.org\/cocina\/wp-content\/uploads\/2013\/06\/sanduche-hd.jpg?fit=700%2C350&ssl=1&resize=525%2C300 1.5x, https:\/\/i0.wp.com\/le-fort.org\/cocina\/wp-content\/uploads\/2013\/06\/sanduche-hd.jpg?fit=700%2C350&ssl=1&resize=700%2C400 2x"},"classes":[]}],"_links":{"self":[{"href":"https:\/\/le-fort.org\/cocina\/wp-json\/wp\/v2\/posts\/12946","targetHints":{"allow":["GET"]}}],"collection":[{"href":"https:\/\/le-fort.org\/cocina\/wp-json\/wp\/v2\/posts"}],"about":[{"href":"https:\/\/le-fort.org\/cocina\/wp-json\/wp\/v2\/types\/post"}],"author":[{"embeddable":true,"href":"https:\/\/le-fort.org\/cocina\/wp-json\/wp\/v2\/users\/1"}],"replies":[{"embeddable":true,"href":"https:\/\/le-fort.org\/cocina\/wp-json\/wp\/v2\/comments?post=12946"}],"version-history":[{"count":3,"href":"https:\/\/le-fort.org\/cocina\/wp-json\/wp\/v2\/posts\/12946\/revisions"}],"predecessor-version":[{"id":12971,"href":"https:\/\/le-fort.org\/cocina\/wp-json\/wp\/v2\/posts\/12946\/revisions\/12971"}],"wp:featuredmedia":[{"embeddable":true,"href":"https:\/\/le-fort.org\/cocina\/wp-json\/wp\/v2\/media\/12947"}],"wp:attachment":[{"href":"https:\/\/le-fort.org\/cocina\/wp-json\/wp\/v2\/media?parent=12946"}],"wp:term":[{"taxonomy":"category","embeddable":true,"href":"https:\/\/le-fort.org\/cocina\/wp-json\/wp\/v2\/categories?post=12946"},{"taxonomy":"post_tag","embeddable":true,"href":"https:\/\/le-fort.org\/cocina\/wp-json\/wp\/v2\/tags?post=12946"}],"curies":[{"name":"wp","href":"https:\/\/api.w.org\/{rel}","templated":true}]}}