{"id":13148,"date":"2018-08-30T14:13:05","date_gmt":"2018-08-30T19:13:05","guid":{"rendered":"https:\/\/www.le-fort.org\/?p=13148"},"modified":"2019-03-20T09:54:38","modified_gmt":"2019-03-20T14:54:38","slug":"de-visita-en-orellana","status":"publish","type":"post","link":"https:\/\/le-fort.org\/cocina\/de-visita-en-orellana\/","title":{"rendered":"De Visita en Orellana"},"content":{"rendered":"<p>Venimos llegando de una muy buena visita a la provincia de Orellana, en nuestro rol de miembros de la <a href=\"http:\/\/chefs.ec\" target=\"_blank\" rel=\"noopener noreferrer\">Asociaci\u00f3n de Chefs del Ecuador<\/a>.<!--more--><\/p>\n<p><img data-recalc-dims=\"1\" loading=\"lazy\" decoding=\"async\" data-attachment-id=\"13165\" data-permalink=\"https:\/\/le-fort.org\/cocina\/de-visita-en-orellana\/donde-estamos-encabezado\/\" data-orig-file=\"https:\/\/i0.wp.com\/le-fort.org\/cocina\/wp-content\/uploads\/2018\/08\/donde-estamos-encabezado.jpg?fit=2000%2C1200&amp;ssl=1\" data-orig-size=\"2000,1200\" data-comments-opened=\"0\" data-image-meta=\"{&quot;aperture&quot;:&quot;0&quot;,&quot;credit&quot;:&quot;&quot;,&quot;camera&quot;:&quot;&quot;,&quot;caption&quot;:&quot;&quot;,&quot;created_timestamp&quot;:&quot;0&quot;,&quot;copyright&quot;:&quot;&quot;,&quot;focal_length&quot;:&quot;0&quot;,&quot;iso&quot;:&quot;0&quot;,&quot;shutter_speed&quot;:&quot;0&quot;,&quot;title&quot;:&quot;&quot;,&quot;orientation&quot;:&quot;0&quot;}\" data-image-title=\"Coca\" data-image-description=\"\" data-image-caption=\"\" data-large-file=\"https:\/\/i0.wp.com\/le-fort.org\/cocina\/wp-content\/uploads\/2018\/08\/donde-estamos-encabezado.jpg?fit=1200%2C720&amp;ssl=1\" class=\"aligncenter size-large wp-image-13165\" src=\"https:\/\/i0.wp.com\/www.le-fort.org\/wp-content\/uploads\/2018\/08\/donde-estamos-encabezado-1280x768.jpg?resize=654%2C392&#038;ssl=1\" alt=\"Coca\" width=\"654\" height=\"392\" srcset=\"https:\/\/i0.wp.com\/le-fort.org\/cocina\/wp-content\/uploads\/2018\/08\/donde-estamos-encabezado.jpg?resize=1280%2C768&amp;ssl=1 1280w, https:\/\/i0.wp.com\/le-fort.org\/cocina\/wp-content\/uploads\/2018\/08\/donde-estamos-encabezado.jpg?resize=600%2C360&amp;ssl=1 600w, https:\/\/i0.wp.com\/le-fort.org\/cocina\/wp-content\/uploads\/2018\/08\/donde-estamos-encabezado.jpg?resize=2%2C1&amp;ssl=1 2w, https:\/\/i0.wp.com\/le-fort.org\/cocina\/wp-content\/uploads\/2018\/08\/donde-estamos-encabezado.jpg?w=2000&amp;ssl=1 2000w\" sizes=\"auto, (max-width: 654px) 100vw, 654px\" \/><\/p>\n<h2>Examen de Cocina Ecuatoriana y Certificaci\u00f3n<\/h2>\n<p>El 27 de agosto viajamos a la <a href=\"https:\/\/www.facebook.com\/majaguapaginaoficial\/\" target=\"_blank\" rel=\"noopener noreferrer\">finca Majagua<\/a> cerca de Joya de los Sachas en Orellana. Fuimos como &#8220;villanos invitados&#8221; comisi\u00f3n examinadora del m\u00f3dulo de cocina ecuatoriana de la escuela <a href=\"http:\/\/cocachefs.com\" target=\"_blank\" rel=\"noopener noreferrer\">Coca Chefs<\/a>. Adem\u00e1s estuvimos para la entrega de certificaci\u00f3n por competencias laborales en gastronom\u00eda de un grupo de 7 personas.<\/p>\n<figure id=\"attachment_13149\" aria-describedby=\"caption-attachment-13149\" style=\"width: 654px\" class=\"wp-caption aligncenter\"><img data-recalc-dims=\"1\" loading=\"lazy\" decoding=\"async\" data-attachment-id=\"13149\" data-permalink=\"https:\/\/le-fort.org\/cocina\/de-visita-en-orellana\/competencias\/\" data-orig-file=\"https:\/\/i0.wp.com\/le-fort.org\/cocina\/wp-content\/uploads\/2018\/08\/competencias.jpg?fit=1280%2C631&amp;ssl=1\" data-orig-size=\"1280,631\" data-comments-opened=\"0\" data-image-meta=\"{&quot;aperture&quot;:&quot;0&quot;,&quot;credit&quot;:&quot;&quot;,&quot;camera&quot;:&quot;&quot;,&quot;caption&quot;:&quot;&quot;,&quot;created_timestamp&quot;:&quot;0&quot;,&quot;copyright&quot;:&quot;&quot;,&quot;focal_length&quot;:&quot;0&quot;,&quot;iso&quot;:&quot;0&quot;,&quot;shutter_speed&quot;:&quot;0&quot;,&quot;title&quot;:&quot;&quot;,&quot;orientation&quot;:&quot;0&quot;}\" data-image-title=\"competencias\" data-image-description=\"\" data-image-caption=\"&lt;p&gt;Certificados en competencias laborales&lt;\/p&gt;\n\" data-large-file=\"https:\/\/i0.wp.com\/le-fort.org\/cocina\/wp-content\/uploads\/2018\/08\/competencias.jpg?fit=1200%2C592&amp;ssl=1\" class=\"size-large wp-image-13149\" src=\"https:\/\/i0.wp.com\/www.le-fort.org\/wp-content\/uploads\/2018\/08\/competencias-1280x631.jpg?resize=654%2C322&#038;ssl=1\" alt=\"Certificados en competencias laborales\" width=\"654\" height=\"322\" srcset=\"https:\/\/i0.wp.com\/le-fort.org\/cocina\/wp-content\/uploads\/2018\/08\/competencias.jpg?w=1280&amp;ssl=1 1280w, https:\/\/i0.wp.com\/le-fort.org\/cocina\/wp-content\/uploads\/2018\/08\/competencias.jpg?resize=600%2C296&amp;ssl=1 600w, https:\/\/i0.wp.com\/le-fort.org\/cocina\/wp-content\/uploads\/2018\/08\/competencias.jpg?resize=2%2C1&amp;ssl=1 2w\" sizes=\"auto, (max-width: 654px) 100vw, 654px\" \/><figcaption id=\"caption-attachment-13149\" class=\"wp-caption-text\">Certificados en competencias laborales<\/figcaption><\/figure>\n<figure id=\"attachment_13152\" aria-describedby=\"caption-attachment-13152\" style=\"width: 654px\" class=\"wp-caption aligncenter\"><img data-recalc-dims=\"1\" loading=\"lazy\" decoding=\"async\" data-attachment-id=\"13152\" data-permalink=\"https:\/\/le-fort.org\/cocina\/de-visita-en-orellana\/elizabeth\/\" data-orig-file=\"https:\/\/i0.wp.com\/le-fort.org\/cocina\/wp-content\/uploads\/2018\/08\/elizabeth.jpg?fit=1280%2C720&amp;ssl=1\" data-orig-size=\"1280,720\" data-comments-opened=\"0\" data-image-meta=\"{&quot;aperture&quot;:&quot;0&quot;,&quot;credit&quot;:&quot;&quot;,&quot;camera&quot;:&quot;&quot;,&quot;caption&quot;:&quot;&quot;,&quot;created_timestamp&quot;:&quot;0&quot;,&quot;copyright&quot;:&quot;&quot;,&quot;focal_length&quot;:&quot;0&quot;,&quot;iso&quot;:&quot;0&quot;,&quot;shutter_speed&quot;:&quot;0&quot;,&quot;title&quot;:&quot;&quot;,&quot;orientation&quot;:&quot;0&quot;}\" data-image-title=\"elizabeth\" data-image-description=\"\" data-image-caption=\"&lt;p&gt;La Chef Elizabeth leyendo el certificado&lt;\/p&gt;\n\" data-large-file=\"https:\/\/i0.wp.com\/le-fort.org\/cocina\/wp-content\/uploads\/2018\/08\/elizabeth.jpg?fit=1200%2C675&amp;ssl=1\" class=\"size-large wp-image-13152\" src=\"https:\/\/i0.wp.com\/www.le-fort.org\/wp-content\/uploads\/2018\/08\/elizabeth-1280x720.jpg?resize=654%2C368&#038;ssl=1\" alt=\"Certificacion Orellana\" width=\"654\" height=\"368\" srcset=\"https:\/\/i0.wp.com\/le-fort.org\/cocina\/wp-content\/uploads\/2018\/08\/elizabeth.jpg?w=1280&amp;ssl=1 1280w, https:\/\/i0.wp.com\/le-fort.org\/cocina\/wp-content\/uploads\/2018\/08\/elizabeth.jpg?resize=600%2C338&amp;ssl=1 600w, https:\/\/i0.wp.com\/le-fort.org\/cocina\/wp-content\/uploads\/2018\/08\/elizabeth.jpg?resize=2%2C1&amp;ssl=1 2w\" sizes=\"auto, (max-width: 654px) 100vw, 654px\" \/><figcaption id=\"caption-attachment-13152\" class=\"wp-caption-text\">La Chef Elizabeth leyendo el certificado<\/figcaption><\/figure>\n<figure id=\"attachment_13153\" aria-describedby=\"caption-attachment-13153\" style=\"width: 654px\" class=\"wp-caption aligncenter\"><img data-recalc-dims=\"1\" loading=\"lazy\" decoding=\"async\" data-attachment-id=\"13153\" data-permalink=\"https:\/\/le-fort.org\/cocina\/de-visita-en-orellana\/galo\/\" data-orig-file=\"https:\/\/i0.wp.com\/le-fort.org\/cocina\/wp-content\/uploads\/2018\/08\/galo.jpg?fit=1280%2C720&amp;ssl=1\" data-orig-size=\"1280,720\" data-comments-opened=\"0\" data-image-meta=\"{&quot;aperture&quot;:&quot;0&quot;,&quot;credit&quot;:&quot;&quot;,&quot;camera&quot;:&quot;&quot;,&quot;caption&quot;:&quot;&quot;,&quot;created_timestamp&quot;:&quot;0&quot;,&quot;copyright&quot;:&quot;&quot;,&quot;focal_length&quot;:&quot;0&quot;,&quot;iso&quot;:&quot;0&quot;,&quot;shutter_speed&quot;:&quot;0&quot;,&quot;title&quot;:&quot;&quot;,&quot;orientation&quot;:&quot;0&quot;}\" data-image-title=\"galo\" data-image-description=\"\" data-image-caption=\"&lt;p&gt;Galo por fin aparece en una fotograf\u00eda&lt;\/p&gt;\n\" data-large-file=\"https:\/\/i0.wp.com\/le-fort.org\/cocina\/wp-content\/uploads\/2018\/08\/galo.jpg?fit=1200%2C675&amp;ssl=1\" class=\"size-large wp-image-13153\" src=\"https:\/\/i0.wp.com\/www.le-fort.org\/wp-content\/uploads\/2018\/08\/galo-1280x720.jpg?resize=654%2C368&#038;ssl=1\" alt=\"Certificaci\u00f3n Orellana\" width=\"654\" height=\"368\" srcset=\"https:\/\/i0.wp.com\/le-fort.org\/cocina\/wp-content\/uploads\/2018\/08\/galo.jpg?w=1280&amp;ssl=1 1280w, https:\/\/i0.wp.com\/le-fort.org\/cocina\/wp-content\/uploads\/2018\/08\/galo.jpg?resize=600%2C338&amp;ssl=1 600w, https:\/\/i0.wp.com\/le-fort.org\/cocina\/wp-content\/uploads\/2018\/08\/galo.jpg?resize=2%2C1&amp;ssl=1 2w\" sizes=\"auto, (max-width: 654px) 100vw, 654px\" \/><figcaption id=\"caption-attachment-13153\" class=\"wp-caption-text\">Galo por fin aparece en una fotograf\u00eda<\/figcaption><\/figure>\n<figure id=\"attachment_13154\" aria-describedby=\"caption-attachment-13154\" style=\"width: 654px\" class=\"wp-caption aligncenter\"><img data-recalc-dims=\"1\" loading=\"lazy\" decoding=\"async\" data-attachment-id=\"13154\" data-permalink=\"https:\/\/le-fort.org\/cocina\/de-visita-en-orellana\/poco-serio\/\" data-orig-file=\"https:\/\/i0.wp.com\/le-fort.org\/cocina\/wp-content\/uploads\/2018\/08\/poco-serio.jpg?fit=1280%2C720&amp;ssl=1\" data-orig-size=\"1280,720\" data-comments-opened=\"0\" data-image-meta=\"{&quot;aperture&quot;:&quot;0&quot;,&quot;credit&quot;:&quot;&quot;,&quot;camera&quot;:&quot;&quot;,&quot;caption&quot;:&quot;&quot;,&quot;created_timestamp&quot;:&quot;0&quot;,&quot;copyright&quot;:&quot;&quot;,&quot;focal_length&quot;:&quot;0&quot;,&quot;iso&quot;:&quot;0&quot;,&quot;shutter_speed&quot;:&quot;0&quot;,&quot;title&quot;:&quot;&quot;,&quot;orientation&quot;:&quot;0&quot;}\" data-image-title=\"poco-serio\" data-image-description=\"\" data-image-caption=\"&lt;p&gt;Ri\u00e9ndose, para variar&lt;\/p&gt;\n\" data-large-file=\"https:\/\/i0.wp.com\/le-fort.org\/cocina\/wp-content\/uploads\/2018\/08\/poco-serio.jpg?fit=1200%2C675&amp;ssl=1\" class=\"size-large wp-image-13154\" src=\"https:\/\/i0.wp.com\/www.le-fort.org\/wp-content\/uploads\/2018\/08\/poco-serio-1280x720.jpg?resize=654%2C368&#038;ssl=1\" alt=\"Certificaci\u00f3n Orellana\" width=\"654\" height=\"368\" srcset=\"https:\/\/i0.wp.com\/le-fort.org\/cocina\/wp-content\/uploads\/2018\/08\/poco-serio.jpg?w=1280&amp;ssl=1 1280w, https:\/\/i0.wp.com\/le-fort.org\/cocina\/wp-content\/uploads\/2018\/08\/poco-serio.jpg?resize=600%2C338&amp;ssl=1 600w, https:\/\/i0.wp.com\/le-fort.org\/cocina\/wp-content\/uploads\/2018\/08\/poco-serio.jpg?resize=2%2C1&amp;ssl=1 2w\" sizes=\"auto, (max-width: 654px) 100vw, 654px\" \/><figcaption id=\"caption-attachment-13154\" class=\"wp-caption-text\">Ri\u00e9ndose, para variar<\/figcaption><\/figure>\n<figure id=\"attachment_13156\" aria-describedby=\"caption-attachment-13156\" style=\"width: 654px\" class=\"wp-caption aligncenter\"><img data-recalc-dims=\"1\" loading=\"lazy\" decoding=\"async\" data-attachment-id=\"13156\" data-permalink=\"https:\/\/le-fort.org\/cocina\/de-visita-en-orellana\/tocas\/\" data-orig-file=\"https:\/\/i0.wp.com\/le-fort.org\/cocina\/wp-content\/uploads\/2018\/08\/tocas.jpg?fit=1280%2C720&amp;ssl=1\" data-orig-size=\"1280,720\" data-comments-opened=\"0\" data-image-meta=\"{&quot;aperture&quot;:&quot;0&quot;,&quot;credit&quot;:&quot;&quot;,&quot;camera&quot;:&quot;&quot;,&quot;caption&quot;:&quot;&quot;,&quot;created_timestamp&quot;:&quot;0&quot;,&quot;copyright&quot;:&quot;&quot;,&quot;focal_length&quot;:&quot;0&quot;,&quot;iso&quot;:&quot;0&quot;,&quot;shutter_speed&quot;:&quot;0&quot;,&quot;title&quot;:&quot;&quot;,&quot;orientation&quot;:&quot;0&quot;}\" data-image-title=\"tocas\" data-image-description=\"\" data-image-caption=\"&lt;p&gt;Lanzamiento de tocas&lt;\/p&gt;\n\" data-large-file=\"https:\/\/i0.wp.com\/le-fort.org\/cocina\/wp-content\/uploads\/2018\/08\/tocas.jpg?fit=1200%2C675&amp;ssl=1\" class=\"size-large wp-image-13156\" src=\"https:\/\/i0.wp.com\/www.le-fort.org\/wp-content\/uploads\/2018\/08\/tocas-1280x720.jpg?resize=654%2C368&#038;ssl=1\" alt=\"Certificaci\u00f3n Orellana\" width=\"654\" height=\"368\" srcset=\"https:\/\/i0.wp.com\/le-fort.org\/cocina\/wp-content\/uploads\/2018\/08\/tocas.jpg?w=1280&amp;ssl=1 1280w, https:\/\/i0.wp.com\/le-fort.org\/cocina\/wp-content\/uploads\/2018\/08\/tocas.jpg?resize=600%2C338&amp;ssl=1 600w, https:\/\/i0.wp.com\/le-fort.org\/cocina\/wp-content\/uploads\/2018\/08\/tocas.jpg?resize=2%2C1&amp;ssl=1 2w\" sizes=\"auto, (max-width: 654px) 100vw, 654px\" \/><figcaption id=\"caption-attachment-13156\" class=\"wp-caption-text\">Lanzamiento de tocas<\/figcaption><\/figure>\n<p>Lo bueno de ser comisi\u00f3n examinadora, es que nos toca degustar, y la degustaci\u00f3n estuvo buena.<\/p>\n<figure id=\"attachment_13157\" aria-describedby=\"caption-attachment-13157\" style=\"width: 654px\" class=\"wp-caption aligncenter\"><img data-recalc-dims=\"1\" loading=\"lazy\" decoding=\"async\" data-attachment-id=\"13157\" data-permalink=\"https:\/\/le-fort.org\/cocina\/de-visita-en-orellana\/encocado\/\" data-orig-file=\"https:\/\/i0.wp.com\/le-fort.org\/cocina\/wp-content\/uploads\/2018\/08\/encocado.jpg?fit=1280%2C720&amp;ssl=1\" data-orig-size=\"1280,720\" data-comments-opened=\"0\" data-image-meta=\"{&quot;aperture&quot;:&quot;0&quot;,&quot;credit&quot;:&quot;&quot;,&quot;camera&quot;:&quot;&quot;,&quot;caption&quot;:&quot;&quot;,&quot;created_timestamp&quot;:&quot;0&quot;,&quot;copyright&quot;:&quot;&quot;,&quot;focal_length&quot;:&quot;0&quot;,&quot;iso&quot;:&quot;0&quot;,&quot;shutter_speed&quot;:&quot;0&quot;,&quot;title&quot;:&quot;&quot;,&quot;orientation&quot;:&quot;0&quot;}\" data-image-title=\"encocado\" data-image-description=\"\" data-image-caption=\"&lt;p&gt;Notable el encocado de pescado&lt;\/p&gt;\n\" data-large-file=\"https:\/\/i0.wp.com\/le-fort.org\/cocina\/wp-content\/uploads\/2018\/08\/encocado.jpg?fit=1200%2C675&amp;ssl=1\" class=\"size-large wp-image-13157\" src=\"https:\/\/i0.wp.com\/www.le-fort.org\/wp-content\/uploads\/2018\/08\/encocado-1280x720.jpg?resize=654%2C368&#038;ssl=1\" alt=\"Cocina Ecuatoriana\" width=\"654\" height=\"368\" srcset=\"https:\/\/i0.wp.com\/le-fort.org\/cocina\/wp-content\/uploads\/2018\/08\/encocado.jpg?w=1280&amp;ssl=1 1280w, https:\/\/i0.wp.com\/le-fort.org\/cocina\/wp-content\/uploads\/2018\/08\/encocado.jpg?resize=600%2C338&amp;ssl=1 600w, https:\/\/i0.wp.com\/le-fort.org\/cocina\/wp-content\/uploads\/2018\/08\/encocado.jpg?resize=2%2C1&amp;ssl=1 2w\" sizes=\"auto, (max-width: 654px) 100vw, 654px\" \/><figcaption id=\"caption-attachment-13157\" class=\"wp-caption-text\">Notable el encocado de pescado<\/figcaption><\/figure>\n<figure id=\"attachment_13158\" aria-describedby=\"caption-attachment-13158\" style=\"width: 654px\" class=\"wp-caption aligncenter\"><img data-recalc-dims=\"1\" loading=\"lazy\" decoding=\"async\" data-attachment-id=\"13158\" data-permalink=\"https:\/\/le-fort.org\/cocina\/de-visita-en-orellana\/guatita-de-hongos\/\" data-orig-file=\"https:\/\/i0.wp.com\/le-fort.org\/cocina\/wp-content\/uploads\/2018\/08\/guatita-de-hongos.jpg?fit=1280%2C720&amp;ssl=1\" data-orig-size=\"1280,720\" data-comments-opened=\"0\" data-image-meta=\"{&quot;aperture&quot;:&quot;0&quot;,&quot;credit&quot;:&quot;&quot;,&quot;camera&quot;:&quot;&quot;,&quot;caption&quot;:&quot;&quot;,&quot;created_timestamp&quot;:&quot;0&quot;,&quot;copyright&quot;:&quot;&quot;,&quot;focal_length&quot;:&quot;0&quot;,&quot;iso&quot;:&quot;0&quot;,&quot;shutter_speed&quot;:&quot;0&quot;,&quot;title&quot;:&quot;&quot;,&quot;orientation&quot;:&quot;0&quot;}\" data-image-title=\"guatita-de-hongos\" data-image-description=\"\" data-image-caption=\"&lt;p&gt;Guatita de hongos&lt;\/p&gt;\n\" data-large-file=\"https:\/\/i0.wp.com\/le-fort.org\/cocina\/wp-content\/uploads\/2018\/08\/guatita-de-hongos.jpg?fit=1200%2C675&amp;ssl=1\" class=\"size-large wp-image-13158\" src=\"https:\/\/i0.wp.com\/www.le-fort.org\/wp-content\/uploads\/2018\/08\/guatita-de-hongos-1280x720.jpg?resize=654%2C368&#038;ssl=1\" alt=\"Cocina Ecuatoriana\" width=\"654\" height=\"368\" srcset=\"https:\/\/i0.wp.com\/le-fort.org\/cocina\/wp-content\/uploads\/2018\/08\/guatita-de-hongos.jpg?w=1280&amp;ssl=1 1280w, https:\/\/i0.wp.com\/le-fort.org\/cocina\/wp-content\/uploads\/2018\/08\/guatita-de-hongos.jpg?resize=600%2C338&amp;ssl=1 600w, https:\/\/i0.wp.com\/le-fort.org\/cocina\/wp-content\/uploads\/2018\/08\/guatita-de-hongos.jpg?resize=2%2C1&amp;ssl=1 2w\" sizes=\"auto, (max-width: 654px) 100vw, 654px\" \/><figcaption id=\"caption-attachment-13158\" class=\"wp-caption-text\">Guatita de hongos<\/figcaption><\/figure>\n<figure id=\"attachment_13159\" aria-describedby=\"caption-attachment-13159\" style=\"width: 654px\" class=\"wp-caption aligncenter\"><img data-recalc-dims=\"1\" loading=\"lazy\" decoding=\"async\" data-attachment-id=\"13159\" data-permalink=\"https:\/\/le-fort.org\/cocina\/de-visita-en-orellana\/mote-pillo\/\" data-orig-file=\"https:\/\/i0.wp.com\/le-fort.org\/cocina\/wp-content\/uploads\/2018\/08\/mote-pillo.jpg?fit=1280%2C720&amp;ssl=1\" data-orig-size=\"1280,720\" data-comments-opened=\"0\" data-image-meta=\"{&quot;aperture&quot;:&quot;0&quot;,&quot;credit&quot;:&quot;&quot;,&quot;camera&quot;:&quot;&quot;,&quot;caption&quot;:&quot;&quot;,&quot;created_timestamp&quot;:&quot;0&quot;,&quot;copyright&quot;:&quot;&quot;,&quot;focal_length&quot;:&quot;0&quot;,&quot;iso&quot;:&quot;0&quot;,&quot;shutter_speed&quot;:&quot;0&quot;,&quot;title&quot;:&quot;&quot;,&quot;orientation&quot;:&quot;0&quot;}\" data-image-title=\"mote-pillo\" data-image-description=\"\" data-image-caption=\"&lt;p&gt;Mote pillo&lt;\/p&gt;\n\" data-large-file=\"https:\/\/i0.wp.com\/le-fort.org\/cocina\/wp-content\/uploads\/2018\/08\/mote-pillo.jpg?fit=1200%2C675&amp;ssl=1\" class=\"size-large wp-image-13159\" src=\"https:\/\/i0.wp.com\/www.le-fort.org\/wp-content\/uploads\/2018\/08\/mote-pillo-1280x720.jpg?resize=654%2C368&#038;ssl=1\" alt=\"Cocina Ecuatoriana\" width=\"654\" height=\"368\" srcset=\"https:\/\/i0.wp.com\/le-fort.org\/cocina\/wp-content\/uploads\/2018\/08\/mote-pillo.jpg?w=1280&amp;ssl=1 1280w, https:\/\/i0.wp.com\/le-fort.org\/cocina\/wp-content\/uploads\/2018\/08\/mote-pillo.jpg?resize=600%2C338&amp;ssl=1 600w, https:\/\/i0.wp.com\/le-fort.org\/cocina\/wp-content\/uploads\/2018\/08\/mote-pillo.jpg?resize=2%2C1&amp;ssl=1 2w\" sizes=\"auto, (max-width: 654px) 100vw, 654px\" \/><figcaption id=\"caption-attachment-13159\" class=\"wp-caption-text\">Mote pillo<\/figcaption><\/figure>\n<figure id=\"attachment_13160\" aria-describedby=\"caption-attachment-13160\" style=\"width: 654px\" class=\"wp-caption aligncenter\"><img data-recalc-dims=\"1\" loading=\"lazy\" decoding=\"async\" data-attachment-id=\"13160\" data-permalink=\"https:\/\/le-fort.org\/cocina\/de-visita-en-orellana\/postre-2\/\" data-orig-file=\"https:\/\/i0.wp.com\/le-fort.org\/cocina\/wp-content\/uploads\/2018\/08\/postre.jpg?fit=1280%2C720&amp;ssl=1\" data-orig-size=\"1280,720\" data-comments-opened=\"0\" data-image-meta=\"{&quot;aperture&quot;:&quot;0&quot;,&quot;credit&quot;:&quot;&quot;,&quot;camera&quot;:&quot;&quot;,&quot;caption&quot;:&quot;&quot;,&quot;created_timestamp&quot;:&quot;0&quot;,&quot;copyright&quot;:&quot;&quot;,&quot;focal_length&quot;:&quot;0&quot;,&quot;iso&quot;:&quot;0&quot;,&quot;shutter_speed&quot;:&quot;0&quot;,&quot;title&quot;:&quot;&quot;,&quot;orientation&quot;:&quot;0&quot;}\" data-image-title=\"postre\" data-image-description=\"\" data-image-caption=\"&lt;p&gt;Postre&lt;\/p&gt;\n\" data-large-file=\"https:\/\/i0.wp.com\/le-fort.org\/cocina\/wp-content\/uploads\/2018\/08\/postre.jpg?fit=1200%2C675&amp;ssl=1\" class=\"size-large wp-image-13160\" src=\"https:\/\/i0.wp.com\/www.le-fort.org\/wp-content\/uploads\/2018\/08\/postre-1280x720.jpg?resize=654%2C368&#038;ssl=1\" alt=\"\" width=\"654\" height=\"368\" srcset=\"https:\/\/i0.wp.com\/le-fort.org\/cocina\/wp-content\/uploads\/2018\/08\/postre.jpg?w=1280&amp;ssl=1 1280w, https:\/\/i0.wp.com\/le-fort.org\/cocina\/wp-content\/uploads\/2018\/08\/postre.jpg?resize=600%2C338&amp;ssl=1 600w, https:\/\/i0.wp.com\/le-fort.org\/cocina\/wp-content\/uploads\/2018\/08\/postre.jpg?resize=2%2C1&amp;ssl=1 2w\" sizes=\"auto, (max-width: 654px) 100vw, 654px\" \/><figcaption id=\"caption-attachment-13160\" class=\"wp-caption-text\">Postre<\/figcaption><\/figure>\n<p>Fue un buen examen. Como siempre, hay cosas mejorables, pero el nivel es bueno.<\/p>\n<figure id=\"attachment_13155\" aria-describedby=\"caption-attachment-13155\" style=\"width: 654px\" class=\"wp-caption aligncenter\"><img data-recalc-dims=\"1\" loading=\"lazy\" decoding=\"async\" data-attachment-id=\"13155\" data-permalink=\"https:\/\/le-fort.org\/cocina\/de-visita-en-orellana\/rodrigo-3\/\" data-orig-file=\"https:\/\/i0.wp.com\/le-fort.org\/cocina\/wp-content\/uploads\/2018\/08\/rodrigo.jpg?fit=1280%2C720&amp;ssl=1\" data-orig-size=\"1280,720\" data-comments-opened=\"0\" data-image-meta=\"{&quot;aperture&quot;:&quot;0&quot;,&quot;credit&quot;:&quot;&quot;,&quot;camera&quot;:&quot;&quot;,&quot;caption&quot;:&quot;&quot;,&quot;created_timestamp&quot;:&quot;0&quot;,&quot;copyright&quot;:&quot;&quot;,&quot;focal_length&quot;:&quot;0&quot;,&quot;iso&quot;:&quot;0&quot;,&quot;shutter_speed&quot;:&quot;0&quot;,&quot;title&quot;:&quot;&quot;,&quot;orientation&quot;:&quot;0&quot;}\" data-image-title=\"rodrigo\" data-image-description=\"\" data-image-caption=\"&lt;p&gt;Rodrigo, evitando mencionar el himno a Ninkasi (chiste interno)&lt;\/p&gt;\n\" data-large-file=\"https:\/\/i0.wp.com\/le-fort.org\/cocina\/wp-content\/uploads\/2018\/08\/rodrigo.jpg?fit=1200%2C675&amp;ssl=1\" class=\"size-large wp-image-13155\" src=\"https:\/\/i0.wp.com\/www.le-fort.org\/wp-content\/uploads\/2018\/08\/rodrigo-1280x720.jpg?resize=654%2C368&#038;ssl=1\" alt=\"Certificaci\u00f3n Orellana\" width=\"654\" height=\"368\" srcset=\"https:\/\/i0.wp.com\/le-fort.org\/cocina\/wp-content\/uploads\/2018\/08\/rodrigo.jpg?w=1280&amp;ssl=1 1280w, https:\/\/i0.wp.com\/le-fort.org\/cocina\/wp-content\/uploads\/2018\/08\/rodrigo.jpg?resize=600%2C338&amp;ssl=1 600w, https:\/\/i0.wp.com\/le-fort.org\/cocina\/wp-content\/uploads\/2018\/08\/rodrigo.jpg?resize=2%2C1&amp;ssl=1 2w\" sizes=\"auto, (max-width: 654px) 100vw, 654px\" \/><figcaption id=\"caption-attachment-13155\" class=\"wp-caption-text\">Rodrigo, evitando mencionar el himno a Ninkasi (chiste interno)<\/figcaption><\/figure>\n<h2>Plato Emblem\u00e1tico de Orellana<\/h2>\n<p>El mi\u00e9rcoles 29 de agosto asistimos a la proclamaci\u00f3n de la Uchumanka como plato emblem\u00e1tico de la provincia de Orellana en la prefectura provincial en Coca. El evento fue co-organizado por el Mintur Zona 2, la prefectura de Orellana y la Asociaci\u00f3n de Chefs del Ecuador a trav\u00e9s de Coca Chefs, sobre todo Elizabeth Calahorrano y Galo S\u00e1nchez.<\/p>\n<figure id=\"attachment_13150\" aria-describedby=\"caption-attachment-13150\" style=\"width: 654px\" class=\"wp-caption aligncenter\"><img data-recalc-dims=\"1\" loading=\"lazy\" decoding=\"async\" data-attachment-id=\"13150\" data-permalink=\"https:\/\/le-fort.org\/cocina\/de-visita-en-orellana\/coca\/\" data-orig-file=\"https:\/\/i0.wp.com\/le-fort.org\/cocina\/wp-content\/uploads\/2018\/08\/coca.jpg?fit=1280%2C720&amp;ssl=1\" data-orig-size=\"1280,720\" data-comments-opened=\"0\" data-image-meta=\"{&quot;aperture&quot;:&quot;0&quot;,&quot;credit&quot;:&quot;&quot;,&quot;camera&quot;:&quot;&quot;,&quot;caption&quot;:&quot;&quot;,&quot;created_timestamp&quot;:&quot;0&quot;,&quot;copyright&quot;:&quot;&quot;,&quot;focal_length&quot;:&quot;0&quot;,&quot;iso&quot;:&quot;0&quot;,&quot;shutter_speed&quot;:&quot;0&quot;,&quot;title&quot;:&quot;&quot;,&quot;orientation&quot;:&quot;0&quot;}\" data-image-title=\"coca\" data-image-description=\"\" data-image-caption=\"&lt;p&gt;Coca Chefs y Rodrigo (falta Galo)&lt;\/p&gt;\n\" data-large-file=\"https:\/\/i0.wp.com\/le-fort.org\/cocina\/wp-content\/uploads\/2018\/08\/coca.jpg?fit=1200%2C675&amp;ssl=1\" class=\"size-large wp-image-13150\" src=\"https:\/\/i0.wp.com\/www.le-fort.org\/wp-content\/uploads\/2018\/08\/coca-1280x720.jpg?resize=654%2C368&#038;ssl=1\" alt=\"Coca chefs\" width=\"654\" height=\"368\" srcset=\"https:\/\/i0.wp.com\/le-fort.org\/cocina\/wp-content\/uploads\/2018\/08\/coca.jpg?w=1280&amp;ssl=1 1280w, https:\/\/i0.wp.com\/le-fort.org\/cocina\/wp-content\/uploads\/2018\/08\/coca.jpg?resize=600%2C338&amp;ssl=1 600w, https:\/\/i0.wp.com\/le-fort.org\/cocina\/wp-content\/uploads\/2018\/08\/coca.jpg?resize=2%2C1&amp;ssl=1 2w\" sizes=\"auto, (max-width: 654px) 100vw, 654px\" \/><figcaption id=\"caption-attachment-13150\" class=\"wp-caption-text\">Coca Chefs y Rodrigo (falta Galo)<\/figcaption><\/figure>\n<figure id=\"attachment_13162\" aria-describedby=\"caption-attachment-13162\" style=\"width: 1152px\" class=\"wp-caption aligncenter\"><img data-recalc-dims=\"1\" loading=\"lazy\" decoding=\"async\" data-attachment-id=\"13162\" data-permalink=\"https:\/\/le-fort.org\/cocina\/de-visita-en-orellana\/chefs-3\/\" data-orig-file=\"https:\/\/i0.wp.com\/le-fort.org\/cocina\/wp-content\/uploads\/2018\/08\/chefs.jpeg?fit=1152%2C648&amp;ssl=1\" data-orig-size=\"1152,648\" data-comments-opened=\"0\" data-image-meta=\"{&quot;aperture&quot;:&quot;0&quot;,&quot;credit&quot;:&quot;&quot;,&quot;camera&quot;:&quot;&quot;,&quot;caption&quot;:&quot;&quot;,&quot;created_timestamp&quot;:&quot;0&quot;,&quot;copyright&quot;:&quot;&quot;,&quot;focal_length&quot;:&quot;0&quot;,&quot;iso&quot;:&quot;0&quot;,&quot;shutter_speed&quot;:&quot;0&quot;,&quot;title&quot;:&quot;&quot;,&quot;orientation&quot;:&quot;0&quot;}\" data-image-title=\"chefs\" data-image-description=\"\" data-image-caption=\"&lt;p&gt;Listos para comenzar&lt;\/p&gt;\n\" data-large-file=\"https:\/\/i0.wp.com\/le-fort.org\/cocina\/wp-content\/uploads\/2018\/08\/chefs.jpeg?fit=1152%2C648&amp;ssl=1\" class=\"wp-image-13162 size-full\" src=\"https:\/\/i0.wp.com\/www.le-fort.org\/wp-content\/uploads\/2018\/08\/chefs.jpeg?resize=1152%2C648&#038;ssl=1\" alt=\"Uchumanka en Coca\" width=\"1152\" height=\"648\" srcset=\"https:\/\/i0.wp.com\/le-fort.org\/cocina\/wp-content\/uploads\/2018\/08\/chefs.jpeg?w=1152&amp;ssl=1 1152w, https:\/\/i0.wp.com\/le-fort.org\/cocina\/wp-content\/uploads\/2018\/08\/chefs.jpeg?resize=600%2C338&amp;ssl=1 600w, https:\/\/i0.wp.com\/le-fort.org\/cocina\/wp-content\/uploads\/2018\/08\/chefs.jpeg?resize=2%2C1&amp;ssl=1 2w\" sizes=\"auto, (max-width: 1152px) 100vw, 1152px\" \/><figcaption id=\"caption-attachment-13162\" class=\"wp-caption-text\">Listos para comenzar<\/figcaption><\/figure>\n<p>Lo que nos encnt\u00f3 fue que se explic\u00f3 el proceso mediante el que se lleg\u00f3 a la selecci\u00f3n de la Uchumanka como plato provincial, lo que le dio un nivel de transparencia al proceso que no hemos visto en otras provincias.<\/p>\n<figure style=\"width: 800px\" class=\"wp-caption aligncenter\"><img loading=\"lazy\" decoding=\"async\" class=\"size-large\" src=\"https:\/\/upload.wikimedia.org\/wikipedia\/commons\/thumb\/f\/f9\/Pseudoplatystoma_tigrinum1.jpg\/800px-Pseudoplatystoma_tigrinum1.jpg\" alt=\"Bagre pintadillo\" width=\"800\" height=\"533\" \/><figcaption class=\"wp-caption-text\">El bagre pintadillo est\u00e1 feliz de que la Uchumanka (y no \u00e9l) sea el plato emblem\u00e1tico<\/figcaption><\/figure>\n<p>La Chef Alicia Illanes de Challuwa Mikuna explic\u00f3 la historia y composici\u00f3n del plato y las variaciones que se han debido realizar por temas de sostenibilidad e inocuidad alimentaria (no utilizar carne de monte, principalmente).<\/p>\n<figure id=\"attachment_13151\" aria-describedby=\"caption-attachment-13151\" style=\"width: 654px\" class=\"wp-caption aligncenter\"><img data-recalc-dims=\"1\" loading=\"lazy\" decoding=\"async\" data-attachment-id=\"13151\" data-permalink=\"https:\/\/le-fort.org\/cocina\/de-visita-en-orellana\/chefs-mujeres\/\" data-orig-file=\"https:\/\/i0.wp.com\/le-fort.org\/cocina\/wp-content\/uploads\/2018\/08\/chefs-mujeres.jpg?fit=1280%2C720&amp;ssl=1\" data-orig-size=\"1280,720\" data-comments-opened=\"0\" data-image-meta=\"{&quot;aperture&quot;:&quot;0&quot;,&quot;credit&quot;:&quot;&quot;,&quot;camera&quot;:&quot;&quot;,&quot;caption&quot;:&quot;&quot;,&quot;created_timestamp&quot;:&quot;0&quot;,&quot;copyright&quot;:&quot;&quot;,&quot;focal_length&quot;:&quot;0&quot;,&quot;iso&quot;:&quot;0&quot;,&quot;shutter_speed&quot;:&quot;0&quot;,&quot;title&quot;:&quot;&quot;,&quot;orientation&quot;:&quot;0&quot;}\" data-image-title=\"chefs-mujeres\" data-image-description=\"\" data-image-caption=\"&lt;p&gt;Marell, Alicia Illanes y Elizabeth Calahorrano&lt;\/p&gt;\n\" data-large-file=\"https:\/\/i0.wp.com\/le-fort.org\/cocina\/wp-content\/uploads\/2018\/08\/chefs-mujeres.jpg?fit=1200%2C675&amp;ssl=1\" class=\"size-large wp-image-13151\" src=\"https:\/\/i0.wp.com\/www.le-fort.org\/wp-content\/uploads\/2018\/08\/chefs-mujeres-1280x720.jpg?resize=654%2C368&#038;ssl=1\" alt=\"Chefs Mujeres Orellana\" width=\"654\" height=\"368\" srcset=\"https:\/\/i0.wp.com\/le-fort.org\/cocina\/wp-content\/uploads\/2018\/08\/chefs-mujeres.jpg?w=1280&amp;ssl=1 1280w, https:\/\/i0.wp.com\/le-fort.org\/cocina\/wp-content\/uploads\/2018\/08\/chefs-mujeres.jpg?resize=600%2C338&amp;ssl=1 600w, https:\/\/i0.wp.com\/le-fort.org\/cocina\/wp-content\/uploads\/2018\/08\/chefs-mujeres.jpg?resize=2%2C1&amp;ssl=1 2w\" sizes=\"auto, (max-width: 654px) 100vw, 654px\" \/><figcaption id=\"caption-attachment-13151\" class=\"wp-caption-text\">Marell, Alicia Illanes y Elizabeth Calahorrano<\/figcaption><\/figure>\n<p>Despu\u00e9s de la exposici\u00f3n y degustaci\u00f3n (deliciosa) expusimos sobre la Gu\u00eda de T\u00e9cnicas Culinarias y el proyecto de promoci\u00f3n de turismo culinario sostenible.<\/p>\n<figure id=\"attachment_13161\" aria-describedby=\"caption-attachment-13161\" style=\"width: 654px\" class=\"wp-caption aligncenter\"><img data-recalc-dims=\"1\" loading=\"lazy\" decoding=\"async\" data-attachment-id=\"13161\" data-permalink=\"https:\/\/le-fort.org\/cocina\/de-visita-en-orellana\/asistentes-5\/\" data-orig-file=\"https:\/\/i0.wp.com\/le-fort.org\/cocina\/wp-content\/uploads\/2018\/08\/asistentes.jpg?fit=1280%2C720&amp;ssl=1\" data-orig-size=\"1280,720\" data-comments-opened=\"0\" data-image-meta=\"{&quot;aperture&quot;:&quot;0&quot;,&quot;credit&quot;:&quot;&quot;,&quot;camera&quot;:&quot;&quot;,&quot;caption&quot;:&quot;&quot;,&quot;created_timestamp&quot;:&quot;0&quot;,&quot;copyright&quot;:&quot;&quot;,&quot;focal_length&quot;:&quot;0&quot;,&quot;iso&quot;:&quot;0&quot;,&quot;shutter_speed&quot;:&quot;0&quot;,&quot;title&quot;:&quot;&quot;,&quot;orientation&quot;:&quot;0&quot;}\" data-image-title=\"asistentes\" data-image-description=\"\" data-image-caption=\"&lt;p&gt;Excelente asistencia.&lt;\/p&gt;\n\" data-large-file=\"https:\/\/i0.wp.com\/le-fort.org\/cocina\/wp-content\/uploads\/2018\/08\/asistentes.jpg?fit=1200%2C675&amp;ssl=1\" class=\"size-large wp-image-13161\" src=\"https:\/\/i0.wp.com\/www.le-fort.org\/wp-content\/uploads\/2018\/08\/asistentes-1280x720.jpg?resize=654%2C368&#038;ssl=1\" alt=\"\" width=\"654\" height=\"368\" srcset=\"https:\/\/i0.wp.com\/le-fort.org\/cocina\/wp-content\/uploads\/2018\/08\/asistentes.jpg?w=1280&amp;ssl=1 1280w, https:\/\/i0.wp.com\/le-fort.org\/cocina\/wp-content\/uploads\/2018\/08\/asistentes.jpg?resize=600%2C338&amp;ssl=1 600w, https:\/\/i0.wp.com\/le-fort.org\/cocina\/wp-content\/uploads\/2018\/08\/asistentes.jpg?resize=2%2C1&amp;ssl=1 2w\" sizes=\"auto, (max-width: 654px) 100vw, 654px\" \/><figcaption id=\"caption-attachment-13161\" class=\"wp-caption-text\">Excelente asistencia.<\/figcaption><\/figure>\n<p>Fue una excelente ma\u00f1ana. Esperamos haber sembrado bien y luego vino el viaje a casa de vuelta.<\/p>\n<figure id=\"attachment_13163\" aria-describedby=\"caption-attachment-13163\" style=\"width: 654px\" class=\"wp-caption aligncenter\"><img data-recalc-dims=\"1\" loading=\"lazy\" decoding=\"async\" data-attachment-id=\"13163\" data-permalink=\"https:\/\/le-fort.org\/cocina\/de-visita-en-orellana\/dramatis-3\/\" data-orig-file=\"https:\/\/i0.wp.com\/le-fort.org\/cocina\/wp-content\/uploads\/2018\/08\/dramatis.jpg?fit=1280%2C720&amp;ssl=1\" data-orig-size=\"1280,720\" data-comments-opened=\"0\" data-image-meta=\"{&quot;aperture&quot;:&quot;0&quot;,&quot;credit&quot;:&quot;&quot;,&quot;camera&quot;:&quot;&quot;,&quot;caption&quot;:&quot;&quot;,&quot;created_timestamp&quot;:&quot;0&quot;,&quot;copyright&quot;:&quot;&quot;,&quot;focal_length&quot;:&quot;0&quot;,&quot;iso&quot;:&quot;0&quot;,&quot;shutter_speed&quot;:&quot;0&quot;,&quot;title&quot;:&quot;&quot;,&quot;orientation&quot;:&quot;0&quot;}\" data-image-title=\"dramatis\" data-image-description=\"\" data-image-caption=\"&lt;p&gt;Dramatis personae. Foto: Galo S\u00e1nchez&lt;\/p&gt;\n\" data-large-file=\"https:\/\/i0.wp.com\/le-fort.org\/cocina\/wp-content\/uploads\/2018\/08\/dramatis.jpg?fit=1200%2C675&amp;ssl=1\" class=\"size-large wp-image-13163\" src=\"https:\/\/i0.wp.com\/www.le-fort.org\/wp-content\/uploads\/2018\/08\/dramatis-1280x720.jpg?resize=654%2C368&#038;ssl=1\" alt=\"\" width=\"654\" height=\"368\" srcset=\"https:\/\/i0.wp.com\/le-fort.org\/cocina\/wp-content\/uploads\/2018\/08\/dramatis.jpg?w=1280&amp;ssl=1 1280w, https:\/\/i0.wp.com\/le-fort.org\/cocina\/wp-content\/uploads\/2018\/08\/dramatis.jpg?resize=600%2C338&amp;ssl=1 600w, https:\/\/i0.wp.com\/le-fort.org\/cocina\/wp-content\/uploads\/2018\/08\/dramatis.jpg?resize=2%2C1&amp;ssl=1 2w\" sizes=\"auto, (max-width: 654px) 100vw, 654px\" \/><figcaption id=\"caption-attachment-13163\" class=\"wp-caption-text\">Dramatis personae. Foto: Galo S\u00e1nchez<\/figcaption><\/figure>\n<p>Como siempre, muchas gracias por la invitaci\u00f3n.<\/p>\n<p>&nbsp;<\/p>\n<p>&nbsp;<\/p>\n","protected":false},"excerpt":{"rendered":"<p>Viaje a la provincia de Orellana, trabajando con la Asociaci\u00f3n de Chefs del Ecuador.<\/p>\n","protected":false},"author":1,"featured_media":13167,"comment_status":"closed","ping_status":"closed","sticky":false,"template":"","format":"standard","meta":{"_jetpack_newsletter_access":"","_jetpack_dont_email_post_to_subs":false,"_jetpack_newsletter_tier_id":0,"_jetpack_memberships_contains_paywalled_content":false,"_jetpack_memberships_contains_paid_content":false,"footnotes":""},"categories":[1],"tags":[711,779,778,659,775,660],"class_list":["post-13148","post","type-post","status-publish","format-standard","has-post-thumbnail","hentry","category-general","tag-asociacion-de-chefs-del-ecuador","tag-gastronomia-de-orellana","tag-gastronomia-del-ecuador","tag-marell","tag-orellana","tag-rodrigo","entry","has-media"],"jetpack_featured_media_url":"https:\/\/i0.wp.com\/le-fort.org\/cocina\/wp-content\/uploads\/2018\/08\/orellana-hd.jpg?fit=1500%2C500&ssl=1","jetpack_shortlink":"https:\/\/wp.me\/pghKer-3q4","jetpack_sharing_enabled":true,"jetpack-related-posts":[{"id":16456,"url":"https:\/\/le-fort.org\/cocina\/cocina-molecular-en-la-amazonia-coca-chefs\/","url_meta":{"origin":13148,"position":0},"title":"Cocina Molecular en la Amazon\u00eda: Coca Chefs","author":"Le-Fort.org","date":"28 de Marzo, 2022","format":false,"excerpt":"Espumas, geles, sous vide y trabajo te\u00f3rico y conceptual en la provincia de Orellana, Ecuador.","rel":"","context":"En &quot;General&quot;","block_context":{"text":"General","link":"https:\/\/le-fort.org\/cocina\/categoria\/general\/"},"img":{"alt_text":"","src":"https:\/\/i0.wp.com\/le-fort.org\/cocina\/wp-content\/uploads\/2022\/03\/molecular-hd.jpg?fit=1200%2C400&ssl=1&resize=350%2C200","width":350,"height":200,"srcset":"https:\/\/i0.wp.com\/le-fort.org\/cocina\/wp-content\/uploads\/2022\/03\/molecular-hd.jpg?fit=1200%2C400&ssl=1&resize=350%2C200 1x, https:\/\/i0.wp.com\/le-fort.org\/cocina\/wp-content\/uploads\/2022\/03\/molecular-hd.jpg?fit=1200%2C400&ssl=1&resize=525%2C300 1.5x, https:\/\/i0.wp.com\/le-fort.org\/cocina\/wp-content\/uploads\/2022\/03\/molecular-hd.jpg?fit=1200%2C400&ssl=1&resize=700%2C400 2x, https:\/\/i0.wp.com\/le-fort.org\/cocina\/wp-content\/uploads\/2022\/03\/molecular-hd.jpg?fit=1200%2C400&ssl=1&resize=1050%2C600 3x"},"classes":[]},{"id":12185,"url":"https:\/\/le-fort.org\/cocina\/cacao-blanco\/","url_meta":{"origin":13148,"position":1},"title":"El Cacao Blanco o Patas Muyo","author":"Le-Fort.org","date":"27 de Marzo, 2018","format":false,"excerpt":"Te contamos algo sobre el cacao blanco, uno de los alimentos de la gastronom\u00eda amaz\u00f3nica, particularmente apreciado en la provincia de Orellana, en Ecuador.","rel":"","context":"En &quot;Ecuador&quot;","block_context":{"text":"Ecuador","link":"https:\/\/le-fort.org\/cocina\/categoria\/ecuador\/"},"img":{"alt_text":"","src":"https:\/\/i0.wp.com\/le-fort.org\/cocina\/wp-content\/uploads\/2018\/03\/cacao-blanco-hd.jpg?fit=1200%2C400&ssl=1&resize=350%2C200","width":350,"height":200,"srcset":"https:\/\/i0.wp.com\/le-fort.org\/cocina\/wp-content\/uploads\/2018\/03\/cacao-blanco-hd.jpg?fit=1200%2C400&ssl=1&resize=350%2C200 1x, https:\/\/i0.wp.com\/le-fort.org\/cocina\/wp-content\/uploads\/2018\/03\/cacao-blanco-hd.jpg?fit=1200%2C400&ssl=1&resize=525%2C300 1.5x, https:\/\/i0.wp.com\/le-fort.org\/cocina\/wp-content\/uploads\/2018\/03\/cacao-blanco-hd.jpg?fit=1200%2C400&ssl=1&resize=700%2C400 2x, https:\/\/i0.wp.com\/le-fort.org\/cocina\/wp-content\/uploads\/2018\/03\/cacao-blanco-hd.jpg?fit=1200%2C400&ssl=1&resize=1050%2C600 3x"},"classes":[]},{"id":13921,"url":"https:\/\/le-fort.org\/cocina\/renovando-la-imagen-de-la-cocina-ecuatoriana\/","url_meta":{"origin":13148,"position":2},"title":"Renovando la Imagen de la Cocina Ecuatoriana","author":"Le-Fort.org","date":"2 de Abril, 2019","format":false,"excerpt":"En estos d\u00edas se ha visto una interesante iniciativa por parte del Ministerio de Turismo de Ecuador, la Asociaci\u00f3n de Chefs del Ecuador y GT26 por mejorar la imagen que se tiene de la gastronom\u00eda del Ecuador. Nuestra impresi\u00f3n -como extranjeros en Ecuador- de la presentaci\u00f3n de los platos ecuatorianos,\u2026","rel":"","context":"En &quot;Ecuador&quot;","block_context":{"text":"Ecuador","link":"https:\/\/le-fort.org\/cocina\/categoria\/ecuador\/"},"img":{"alt_text":"","src":"https:\/\/i0.wp.com\/le-fort.org\/cocina\/wp-content\/uploads\/2019\/04\/base-4mundos.jpeg?fit=1200%2C605&ssl=1&resize=350%2C200","width":350,"height":200,"srcset":"https:\/\/i0.wp.com\/le-fort.org\/cocina\/wp-content\/uploads\/2019\/04\/base-4mundos.jpeg?fit=1200%2C605&ssl=1&resize=350%2C200 1x, https:\/\/i0.wp.com\/le-fort.org\/cocina\/wp-content\/uploads\/2019\/04\/base-4mundos.jpeg?fit=1200%2C605&ssl=1&resize=525%2C300 1.5x, https:\/\/i0.wp.com\/le-fort.org\/cocina\/wp-content\/uploads\/2019\/04\/base-4mundos.jpeg?fit=1200%2C605&ssl=1&resize=700%2C400 2x, https:\/\/i0.wp.com\/le-fort.org\/cocina\/wp-content\/uploads\/2019\/04\/base-4mundos.jpeg?fit=1200%2C605&ssl=1&resize=1050%2C600 3x"},"classes":[]},{"id":12595,"url":"https:\/\/le-fort.org\/cocina\/mapa-gastronomico-del-ecuador-publicado\/","url_meta":{"origin":13148,"position":3},"title":"Mapa Gastron\u00f3mico del Ecuador Publicado","author":"Le-Fort.org","date":"2 de Junio, 2018","format":false,"excerpt":"Hace unos meses les cont\u00e1bamos que tuvimos la oportunidad de colaborar en una sesi\u00f3n fotogr\u00e1fica en el MINTUR como parte de la Asociaci\u00f3n de Chefs del Ecuador. Pues bien, el Mapa Gastron\u00f3mico del Ecuador ha sido publicado. El mapa detalla una serie de productos de importancia gastron\u00f3mica en Ecuador y\u2026","rel":"","context":"En &quot;Ecuador&quot;","block_context":{"text":"Ecuador","link":"https:\/\/le-fort.org\/cocina\/categoria\/ecuador\/"},"img":{"alt_text":"","src":"https:\/\/i0.wp.com\/le-fort.org\/cocina\/wp-content\/uploads\/2018\/06\/chicha-jora-hd.jpg?fit=1200%2C400&ssl=1&resize=350%2C200","width":350,"height":200,"srcset":"https:\/\/i0.wp.com\/le-fort.org\/cocina\/wp-content\/uploads\/2018\/06\/chicha-jora-hd.jpg?fit=1200%2C400&ssl=1&resize=350%2C200 1x, https:\/\/i0.wp.com\/le-fort.org\/cocina\/wp-content\/uploads\/2018\/06\/chicha-jora-hd.jpg?fit=1200%2C400&ssl=1&resize=525%2C300 1.5x, https:\/\/i0.wp.com\/le-fort.org\/cocina\/wp-content\/uploads\/2018\/06\/chicha-jora-hd.jpg?fit=1200%2C400&ssl=1&resize=700%2C400 2x, https:\/\/i0.wp.com\/le-fort.org\/cocina\/wp-content\/uploads\/2018\/06\/chicha-jora-hd.jpg?fit=1200%2C400&ssl=1&resize=1050%2C600 3x"},"classes":[]},{"id":12143,"url":"https:\/\/le-fort.org\/cocina\/sanduches-del-mundo-coca\/","url_meta":{"origin":13148,"position":4},"title":"S\u00e1nduches en Coca","author":"Maestro Sanguchero","date":"24 de Marzo, 2018","format":false,"excerpt":"Curso de S\u00e1nduches del mundo en Coca, Orellana. Fue una clase muy agradable y productiva.","rel":"","context":"En &quot;Educaci\u00f3n&quot;","block_context":{"text":"Educaci\u00f3n","link":"https:\/\/le-fort.org\/cocina\/categoria\/educacion\/"},"img":{"alt_text":"","src":"https:\/\/i0.wp.com\/le-fort.org\/cocina\/wp-content\/uploads\/2018\/03\/sanduche-coca-hd.jpg?fit=1200%2C400&ssl=1&resize=350%2C200","width":350,"height":200,"srcset":"https:\/\/i0.wp.com\/le-fort.org\/cocina\/wp-content\/uploads\/2018\/03\/sanduche-coca-hd.jpg?fit=1200%2C400&ssl=1&resize=350%2C200 1x, https:\/\/i0.wp.com\/le-fort.org\/cocina\/wp-content\/uploads\/2018\/03\/sanduche-coca-hd.jpg?fit=1200%2C400&ssl=1&resize=525%2C300 1.5x, https:\/\/i0.wp.com\/le-fort.org\/cocina\/wp-content\/uploads\/2018\/03\/sanduche-coca-hd.jpg?fit=1200%2C400&ssl=1&resize=700%2C400 2x, https:\/\/i0.wp.com\/le-fort.org\/cocina\/wp-content\/uploads\/2018\/03\/sanduche-coca-hd.jpg?fit=1200%2C400&ssl=1&resize=1050%2C600 3x"},"classes":[]},{"id":11954,"url":"https:\/\/le-fort.org\/cocina\/mapa-gastronomico-del-ecuador\/","url_meta":{"origin":13148,"position":5},"title":"Mapa Gastron\u00f3mico del Ecuador","author":"Le-Fort.org","date":"6 de Marzo, 2018","format":false,"excerpt":"Sesi\u00f3n de producci\u00f3n fotogr\u00e1fica para el Mapa Gastron\u00f3mico del Ecuador del MINTUR, con el apoyo de la Asociaci\u00f3n de Chefs del Ecuador.","rel":"","context":"En &quot;Ecuador&quot;","block_context":{"text":"Ecuador","link":"https:\/\/le-fort.org\/cocina\/categoria\/ecuador\/"},"img":{"alt_text":"","src":"https:\/\/i0.wp.com\/le-fort.org\/cocina\/wp-content\/uploads\/2018\/03\/mintur-hd.jpg?fit=1200%2C400&ssl=1&resize=350%2C200","width":350,"height":200,"srcset":"https:\/\/i0.wp.com\/le-fort.org\/cocina\/wp-content\/uploads\/2018\/03\/mintur-hd.jpg?fit=1200%2C400&ssl=1&resize=350%2C200 1x, https:\/\/i0.wp.com\/le-fort.org\/cocina\/wp-content\/uploads\/2018\/03\/mintur-hd.jpg?fit=1200%2C400&ssl=1&resize=525%2C300 1.5x, https:\/\/i0.wp.com\/le-fort.org\/cocina\/wp-content\/uploads\/2018\/03\/mintur-hd.jpg?fit=1200%2C400&ssl=1&resize=700%2C400 2x, https:\/\/i0.wp.com\/le-fort.org\/cocina\/wp-content\/uploads\/2018\/03\/mintur-hd.jpg?fit=1200%2C400&ssl=1&resize=1050%2C600 3x"},"classes":[]}],"_links":{"self":[{"href":"https:\/\/le-fort.org\/cocina\/wp-json\/wp\/v2\/posts\/13148","targetHints":{"allow":["GET"]}}],"collection":[{"href":"https:\/\/le-fort.org\/cocina\/wp-json\/wp\/v2\/posts"}],"about":[{"href":"https:\/\/le-fort.org\/cocina\/wp-json\/wp\/v2\/types\/post"}],"author":[{"embeddable":true,"href":"https:\/\/le-fort.org\/cocina\/wp-json\/wp\/v2\/users\/1"}],"replies":[{"embeddable":true,"href":"https:\/\/le-fort.org\/cocina\/wp-json\/wp\/v2\/comments?post=13148"}],"version-history":[{"count":3,"href":"https:\/\/le-fort.org\/cocina\/wp-json\/wp\/v2\/posts\/13148\/revisions"}],"predecessor-version":[{"id":13868,"href":"https:\/\/le-fort.org\/cocina\/wp-json\/wp\/v2\/posts\/13148\/revisions\/13868"}],"wp:featuredmedia":[{"embeddable":true,"href":"https:\/\/le-fort.org\/cocina\/wp-json\/wp\/v2\/media\/13167"}],"wp:attachment":[{"href":"https:\/\/le-fort.org\/cocina\/wp-json\/wp\/v2\/media?parent=13148"}],"wp:term":[{"taxonomy":"category","embeddable":true,"href":"https:\/\/le-fort.org\/cocina\/wp-json\/wp\/v2\/categories?post=13148"},{"taxonomy":"post_tag","embeddable":true,"href":"https:\/\/le-fort.org\/cocina\/wp-json\/wp\/v2\/tags?post=13148"}],"curies":[{"name":"wp","href":"https:\/\/api.w.org\/{rel}","templated":true}]}}