{"id":13442,"date":"2018-11-14T08:30:01","date_gmt":"2018-11-14T13:30:01","guid":{"rendered":"https:\/\/www.le-fort.org\/?p=13442"},"modified":"2020-10-27T11:57:23","modified_gmt":"2020-10-27T16:57:23","slug":"sous-vide-salsa","status":"publish","type":"post","link":"https:\/\/le-fort.org\/cocina\/sous-vide-salsa\/","title":{"rendered":"Guisos Sous Vide en su Salsa"},"content":{"rendered":"<p>El l\u00edquido de gobierno es el l\u00edquido que acompa\u00f1a al g\u00e9nero en la bolsa de cocci\u00f3n lenta. Puede no existir, como en las aplicaciones m\u00e1s cl\u00e1sicas del sous vide en que el g\u00e9nero va literalmente al vac\u00edo, o se puede poner interesante.<!--more--><\/p>\n<p>En este caso, se pone interesante. Viendo <a href=\"https:\/\/shop.chefsteps.com\/collections\/joule-ready\" target=\"_blank\" rel=\"noopener noreferrer\">la nueva l\u00ednea de productos Joule ready, de ChefSteps<\/a>, nos inspiramos para utilizar la salsa de un guiso como l\u00edquido de gobierno. \u00bfQu\u00e9 mejor que hacer la prueba con uno de nuestros favoritos, el <a href=\"https:\/\/www.le-fort.org\/rogan-josh-clasico\/\">Rogan Josh<\/a>?<\/p>\n<figure id=\"attachment_13446\" aria-describedby=\"caption-attachment-13446\" style=\"width: 654px\" class=\"wp-caption aligncenter\"><img data-recalc-dims=\"1\" loading=\"lazy\" decoding=\"async\" data-attachment-id=\"13446\" data-permalink=\"https:\/\/le-fort.org\/cocina\/sous-vide-salsa\/roganjosh-2\/\" data-orig-file=\"https:\/\/i0.wp.com\/le-fort.org\/cocina\/wp-content\/uploads\/2018\/11\/roganjosh.jpg?fit=1440%2C720&amp;ssl=1\" data-orig-size=\"1440,720\" data-comments-opened=\"0\" data-image-meta=\"{&quot;aperture&quot;:&quot;0&quot;,&quot;credit&quot;:&quot;&quot;,&quot;camera&quot;:&quot;&quot;,&quot;caption&quot;:&quot;&quot;,&quot;created_timestamp&quot;:&quot;0&quot;,&quot;copyright&quot;:&quot;&quot;,&quot;focal_length&quot;:&quot;0&quot;,&quot;iso&quot;:&quot;0&quot;,&quot;shutter_speed&quot;:&quot;0&quot;,&quot;title&quot;:&quot;&quot;,&quot;orientation&quot;:&quot;0&quot;}\" data-image-title=\"roganjosh\" data-image-description=\"\" data-image-caption=\"&lt;p&gt;Rogan Josh&lt;\/p&gt;\n\" data-large-file=\"https:\/\/i0.wp.com\/le-fort.org\/cocina\/wp-content\/uploads\/2018\/11\/roganjosh.jpg?fit=1200%2C600&amp;ssl=1\" class=\"size-large wp-image-13446\" src=\"https:\/\/i0.wp.com\/www.le-fort.org\/wp-content\/uploads\/2018\/11\/roganjosh-1280x640.jpg?resize=654%2C327&#038;ssl=1\" alt=\"Rogan Josh Sous Vide\" width=\"654\" height=\"327\" srcset=\"https:\/\/i0.wp.com\/le-fort.org\/cocina\/wp-content\/uploads\/2018\/11\/roganjosh.jpg?resize=1280%2C640&amp;ssl=1 1280w, https:\/\/i0.wp.com\/le-fort.org\/cocina\/wp-content\/uploads\/2018\/11\/roganjosh.jpg?resize=600%2C300&amp;ssl=1 600w, https:\/\/i0.wp.com\/le-fort.org\/cocina\/wp-content\/uploads\/2018\/11\/roganjosh.jpg?resize=2%2C1&amp;ssl=1 2w, https:\/\/i0.wp.com\/le-fort.org\/cocina\/wp-content\/uploads\/2018\/11\/roganjosh.jpg?w=1440&amp;ssl=1 1440w\" sizes=\"auto, (max-width: 654px) 100vw, 654px\" \/><figcaption id=\"caption-attachment-13446\" class=\"wp-caption-text\">Rogan Josh<\/figcaption><\/figure>\n<p>La salsa del Rogan Josh la preparamos con las especias tostadas y molidas, el sofrito de cebolla, jengibre y ajo tambi\u00e9n licuado, algo de pasta de tomate, algo de agua y un toque de Xantana.<\/p>\n<figure id=\"attachment_13443\" aria-describedby=\"caption-attachment-13443\" style=\"width: 654px\" class=\"wp-caption aligncenter\"><img data-recalc-dims=\"1\" loading=\"lazy\" decoding=\"async\" data-attachment-id=\"13443\" data-permalink=\"https:\/\/le-fort.org\/cocina\/sous-vide-salsa\/especias-8\/\" data-orig-file=\"https:\/\/i0.wp.com\/le-fort.org\/cocina\/wp-content\/uploads\/2018\/11\/especias.jpg?fit=1440%2C720&amp;ssl=1\" data-orig-size=\"1440,720\" data-comments-opened=\"0\" data-image-meta=\"{&quot;aperture&quot;:&quot;0&quot;,&quot;credit&quot;:&quot;&quot;,&quot;camera&quot;:&quot;&quot;,&quot;caption&quot;:&quot;&quot;,&quot;created_timestamp&quot;:&quot;0&quot;,&quot;copyright&quot;:&quot;&quot;,&quot;focal_length&quot;:&quot;0&quot;,&quot;iso&quot;:&quot;0&quot;,&quot;shutter_speed&quot;:&quot;0&quot;,&quot;title&quot;:&quot;&quot;,&quot;orientation&quot;:&quot;0&quot;}\" data-image-title=\"especias\" data-image-description=\"\" data-image-caption=\"&lt;p&gt;Preparando Rogan Josh&lt;\/p&gt;\n\" data-large-file=\"https:\/\/i0.wp.com\/le-fort.org\/cocina\/wp-content\/uploads\/2018\/11\/especias.jpg?fit=1200%2C600&amp;ssl=1\" class=\"size-large wp-image-13443\" src=\"https:\/\/i0.wp.com\/www.le-fort.org\/wp-content\/uploads\/2018\/11\/especias-1280x640.jpg?resize=654%2C327&#038;ssl=1\" alt=\"Salsa para Rogan Josh Sous Vide\" width=\"654\" height=\"327\" srcset=\"https:\/\/i0.wp.com\/le-fort.org\/cocina\/wp-content\/uploads\/2018\/11\/especias.jpg?resize=1280%2C640&amp;ssl=1 1280w, https:\/\/i0.wp.com\/le-fort.org\/cocina\/wp-content\/uploads\/2018\/11\/especias.jpg?resize=600%2C300&amp;ssl=1 600w, https:\/\/i0.wp.com\/le-fort.org\/cocina\/wp-content\/uploads\/2018\/11\/especias.jpg?resize=2%2C1&amp;ssl=1 2w, https:\/\/i0.wp.com\/le-fort.org\/cocina\/wp-content\/uploads\/2018\/11\/especias.jpg?w=1440&amp;ssl=1 1440w\" sizes=\"auto, (max-width: 654px) 100vw, 654px\" \/><figcaption id=\"caption-attachment-13443\" class=\"wp-caption-text\">Preparando Rogan Josh<\/figcaption><\/figure>\n<h2>Rogan Josh <em>sous vide<\/em><\/h2>\n<p>Decidimos que quer\u00edamos la carne en punto medio: 58\u00b0C as\u00ed es que programamos el controlador <em>sous vide<\/em> para 2 horas a 58\u00b0C.<\/p>\n<figure id=\"attachment_13447\" aria-describedby=\"caption-attachment-13447\" style=\"width: 654px\" class=\"wp-caption aligncenter\"><img data-recalc-dims=\"1\" loading=\"lazy\" decoding=\"async\" data-attachment-id=\"13447\" data-permalink=\"https:\/\/le-fort.org\/cocina\/sous-vide-salsa\/sousvide\/\" data-orig-file=\"https:\/\/i0.wp.com\/le-fort.org\/cocina\/wp-content\/uploads\/2018\/11\/sousvide.jpg?fit=1440%2C720&amp;ssl=1\" data-orig-size=\"1440,720\" data-comments-opened=\"0\" data-image-meta=\"{&quot;aperture&quot;:&quot;0&quot;,&quot;credit&quot;:&quot;&quot;,&quot;camera&quot;:&quot;&quot;,&quot;caption&quot;:&quot;&quot;,&quot;created_timestamp&quot;:&quot;0&quot;,&quot;copyright&quot;:&quot;&quot;,&quot;focal_length&quot;:&quot;0&quot;,&quot;iso&quot;:&quot;0&quot;,&quot;shutter_speed&quot;:&quot;0&quot;,&quot;title&quot;:&quot;&quot;,&quot;orientation&quot;:&quot;0&quot;}\" data-image-title=\"sousvide\" data-image-description=\"\" data-image-caption=\"&lt;p&gt;Controlador sous vide programado&lt;\/p&gt;\n\" data-large-file=\"https:\/\/i0.wp.com\/le-fort.org\/cocina\/wp-content\/uploads\/2018\/11\/sousvide.jpg?fit=1200%2C600&amp;ssl=1\" class=\"size-large wp-image-13447\" src=\"https:\/\/i0.wp.com\/www.le-fort.org\/wp-content\/uploads\/2018\/11\/sousvide-1280x640.jpg?resize=654%2C327&#038;ssl=1\" alt=\"Controlador sous vide\" width=\"654\" height=\"327\" srcset=\"https:\/\/i0.wp.com\/le-fort.org\/cocina\/wp-content\/uploads\/2018\/11\/sousvide.jpg?resize=1280%2C640&amp;ssl=1 1280w, https:\/\/i0.wp.com\/le-fort.org\/cocina\/wp-content\/uploads\/2018\/11\/sousvide.jpg?resize=600%2C300&amp;ssl=1 600w, https:\/\/i0.wp.com\/le-fort.org\/cocina\/wp-content\/uploads\/2018\/11\/sousvide.jpg?resize=2%2C1&amp;ssl=1 2w, https:\/\/i0.wp.com\/le-fort.org\/cocina\/wp-content\/uploads\/2018\/11\/sousvide.jpg?w=1440&amp;ssl=1 1440w\" sizes=\"auto, (max-width: 654px) 100vw, 654px\" \/><figcaption id=\"caption-attachment-13447\" class=\"wp-caption-text\">Controlador <em>sous vide<\/em> programado<\/figcaption><\/figure>\n<p>Preparamos la salsa del Rogan Josh estilo kashmir, con el color rojo producto del pimiento y no del tomate (bueno: confesamos haber puesto un poco de tomate), y aparte, picamos y doramos la carne de res (no usamos cordero esta vez).<\/p>\n<p>En una bolsa Ziploc, pusimos la carne picada y dorada, la salsa (estabilizada con un 0,15% de Xantana) y el desglaseado de la sart\u00e9n en que doramos la carne.<\/p>\n<p>Dos horas de cocci\u00f3n <a href=\"https:\/\/www.le-fort.org\/naan-pan-indio\/\">en las que aprovechamos de preparar <em>Tawa naan<\/em><\/a>.<\/p>\n<figure id=\"attachment_13445\" aria-describedby=\"caption-attachment-13445\" style=\"width: 654px\" class=\"wp-caption aligncenter\"><img data-recalc-dims=\"1\" loading=\"lazy\" decoding=\"async\" data-attachment-id=\"13445\" data-permalink=\"https:\/\/le-fort.org\/cocina\/sous-vide-salsa\/naan\/\" data-orig-file=\"https:\/\/i0.wp.com\/le-fort.org\/cocina\/wp-content\/uploads\/2018\/11\/naan.jpg?fit=1440%2C720&amp;ssl=1\" data-orig-size=\"1440,720\" data-comments-opened=\"0\" data-image-meta=\"{&quot;aperture&quot;:&quot;0&quot;,&quot;credit&quot;:&quot;&quot;,&quot;camera&quot;:&quot;&quot;,&quot;caption&quot;:&quot;&quot;,&quot;created_timestamp&quot;:&quot;0&quot;,&quot;copyright&quot;:&quot;&quot;,&quot;focal_length&quot;:&quot;0&quot;,&quot;iso&quot;:&quot;0&quot;,&quot;shutter_speed&quot;:&quot;0&quot;,&quot;title&quot;:&quot;&quot;,&quot;orientation&quot;:&quot;0&quot;}\" data-image-title=\"naan\" data-image-description=\"\" data-image-caption=\"&lt;p&gt;Naan preparado con calma.&lt;\/p&gt;\n\" data-large-file=\"https:\/\/i0.wp.com\/le-fort.org\/cocina\/wp-content\/uploads\/2018\/11\/naan.jpg?fit=1200%2C600&amp;ssl=1\" class=\"size-large wp-image-13445\" src=\"https:\/\/i0.wp.com\/www.le-fort.org\/wp-content\/uploads\/2018\/11\/naan-1280x640.jpg?resize=654%2C327&#038;ssl=1\" alt=\"Naan\" width=\"654\" height=\"327\" srcset=\"https:\/\/i0.wp.com\/le-fort.org\/cocina\/wp-content\/uploads\/2018\/11\/naan.jpg?resize=1280%2C640&amp;ssl=1 1280w, https:\/\/i0.wp.com\/le-fort.org\/cocina\/wp-content\/uploads\/2018\/11\/naan.jpg?resize=600%2C300&amp;ssl=1 600w, https:\/\/i0.wp.com\/le-fort.org\/cocina\/wp-content\/uploads\/2018\/11\/naan.jpg?resize=2%2C1&amp;ssl=1 2w, https:\/\/i0.wp.com\/le-fort.org\/cocina\/wp-content\/uploads\/2018\/11\/naan.jpg?w=1440&amp;ssl=1 1440w\" sizes=\"auto, (max-width: 654px) 100vw, 654px\" \/><figcaption id=\"caption-attachment-13445\" class=\"wp-caption-text\">Naan preparado con calma.<\/figcaption><\/figure>\n<p><a href=\"https:\/\/www.le-fort.org\/como-hacer-arroz-blanco-receta-de-marell\/\">Tambi\u00e9n dejamos listo un arroz blanco<\/a>.<\/p>\n<p>A las dos horas simplemente servimos los platos. Es sumamente simple y c\u00f3modo, y se viene una serie de experimentos preparando l\u00edquidos de gobierno con anticipaci\u00f3n. La lista corta es:<\/p>\n<ul>\n<li><a href=\"https:\/\/www.le-fort.org\/vindaloo-de-cerdo\/\">Vindaloo<\/a><\/li>\n<li><a href=\"https:\/\/www.le-fort.org\/pasta-de-curry-massaman\/\">Curry Massaman<\/a><\/li>\n<li><a href=\"https:\/\/www.le-fort.org\/pollo-tikka-masala\/\">Tikka Masala<\/a><\/li>\n<\/ul>\n<p>Por supuesto, les contaremos c\u00f3mo nos va.<\/p>\n<p><img data-recalc-dims=\"1\" loading=\"lazy\" decoding=\"async\" data-attachment-id=\"9427\" data-permalink=\"https:\/\/le-fort.org\/cocina\/rogan-josh-clasico\/rogan-hd\/\" data-orig-file=\"https:\/\/i0.wp.com\/le-fort.org\/cocina\/wp-content\/uploads\/2017\/05\/rogan-hd.jpg?fit=1500%2C500&amp;ssl=1\" data-orig-size=\"1500,500\" data-comments-opened=\"0\" data-image-meta=\"{&quot;aperture&quot;:&quot;0&quot;,&quot;credit&quot;:&quot;&quot;,&quot;camera&quot;:&quot;&quot;,&quot;caption&quot;:&quot;&quot;,&quot;created_timestamp&quot;:&quot;0&quot;,&quot;copyright&quot;:&quot;&quot;,&quot;focal_length&quot;:&quot;0&quot;,&quot;iso&quot;:&quot;0&quot;,&quot;shutter_speed&quot;:&quot;0&quot;,&quot;title&quot;:&quot;&quot;,&quot;orientation&quot;:&quot;0&quot;}\" data-image-title=\"rogan-hd\" data-image-description=\"\" data-image-caption=\"\" data-large-file=\"https:\/\/i0.wp.com\/le-fort.org\/cocina\/wp-content\/uploads\/2017\/05\/rogan-hd.jpg?fit=1200%2C400&amp;ssl=1\" class=\"aligncenter wp-image-9427 size-full\" src=\"https:\/\/i0.wp.com\/www.le-fort.org\/wp-content\/uploads\/2017\/05\/rogan-hd.jpg?resize=1200%2C400&#038;ssl=1\" alt=\"\" width=\"1200\" height=\"400\" srcset=\"https:\/\/i0.wp.com\/le-fort.org\/cocina\/wp-content\/uploads\/2017\/05\/rogan-hd.jpg?w=1500&amp;ssl=1 1500w, https:\/\/i0.wp.com\/le-fort.org\/cocina\/wp-content\/uploads\/2017\/05\/rogan-hd.jpg?resize=600%2C200&amp;ssl=1 600w, https:\/\/i0.wp.com\/le-fort.org\/cocina\/wp-content\/uploads\/2017\/05\/rogan-hd.jpg?resize=1280%2C427&amp;ssl=1 1280w, https:\/\/i0.wp.com\/le-fort.org\/cocina\/wp-content\/uploads\/2017\/05\/rogan-hd.jpg?resize=700%2C233&amp;ssl=1 700w, https:\/\/i0.wp.com\/le-fort.org\/cocina\/wp-content\/uploads\/2017\/05\/rogan-hd.jpg?resize=332%2C111&amp;ssl=1 332w\" sizes=\"auto, (max-width: 1200px) 100vw, 1200px\" \/><\/p>\n<p><img data-recalc-dims=\"1\" loading=\"lazy\" decoding=\"async\" data-attachment-id=\"8455\" data-permalink=\"https:\/\/le-fort.org\/cocina\/vindaloo-de-cerdo\/vindaloo-hd-3\/\" data-orig-file=\"https:\/\/i0.wp.com\/le-fort.org\/cocina\/wp-content\/uploads\/2014\/08\/vindaloo-hd-1.jpg?fit=1500%2C500&amp;ssl=1\" data-orig-size=\"1500,500\" data-comments-opened=\"0\" data-image-meta=\"{&quot;aperture&quot;:&quot;0&quot;,&quot;credit&quot;:&quot;&quot;,&quot;camera&quot;:&quot;&quot;,&quot;caption&quot;:&quot;&quot;,&quot;created_timestamp&quot;:&quot;0&quot;,&quot;copyright&quot;:&quot;&quot;,&quot;focal_length&quot;:&quot;0&quot;,&quot;iso&quot;:&quot;0&quot;,&quot;shutter_speed&quot;:&quot;0&quot;,&quot;title&quot;:&quot;&quot;,&quot;orientation&quot;:&quot;0&quot;}\" data-image-title=\"vindaloo-hd\" data-image-description=\"\" data-image-caption=\"\" data-large-file=\"https:\/\/i0.wp.com\/le-fort.org\/cocina\/wp-content\/uploads\/2014\/08\/vindaloo-hd-1.jpg?fit=1200%2C400&amp;ssl=1\" class=\"aligncenter wp-image-8455 size-full\" src=\"https:\/\/i0.wp.com\/www.le-fort.org\/wp-content\/uploads\/2014\/08\/vindaloo-hd-1.jpg?resize=1200%2C400&#038;ssl=1\" alt=\"\" width=\"1200\" height=\"400\" srcset=\"https:\/\/i0.wp.com\/le-fort.org\/cocina\/wp-content\/uploads\/2014\/08\/vindaloo-hd-1.jpg?w=1500&amp;ssl=1 1500w, https:\/\/i0.wp.com\/le-fort.org\/cocina\/wp-content\/uploads\/2014\/08\/vindaloo-hd-1.jpg?resize=600%2C200&amp;ssl=1 600w, https:\/\/i0.wp.com\/le-fort.org\/cocina\/wp-content\/uploads\/2014\/08\/vindaloo-hd-1.jpg?resize=1280%2C427&amp;ssl=1 1280w\" sizes=\"auto, (max-width: 1200px) 100vw, 1200px\" \/><\/p>\n<p><img data-recalc-dims=\"1\" loading=\"lazy\" decoding=\"async\" data-attachment-id=\"9510\" data-permalink=\"https:\/\/le-fort.org\/cocina\/pollo-tikka-masala\/tikkamasala-hd-2\/\" data-orig-file=\"https:\/\/i0.wp.com\/le-fort.org\/cocina\/wp-content\/uploads\/2017\/06\/tikkamasala-hd-1.jpg?fit=1500%2C500&amp;ssl=1\" data-orig-size=\"1500,500\" data-comments-opened=\"0\" data-image-meta=\"{&quot;aperture&quot;:&quot;0&quot;,&quot;credit&quot;:&quot;&quot;,&quot;camera&quot;:&quot;&quot;,&quot;caption&quot;:&quot;&quot;,&quot;created_timestamp&quot;:&quot;0&quot;,&quot;copyright&quot;:&quot;&quot;,&quot;focal_length&quot;:&quot;0&quot;,&quot;iso&quot;:&quot;0&quot;,&quot;shutter_speed&quot;:&quot;0&quot;,&quot;title&quot;:&quot;&quot;,&quot;orientation&quot;:&quot;0&quot;}\" data-image-title=\"tikkamasala-hd\" data-image-description=\"\" data-image-caption=\"\" data-large-file=\"https:\/\/i0.wp.com\/le-fort.org\/cocina\/wp-content\/uploads\/2017\/06\/tikkamasala-hd-1.jpg?fit=1200%2C400&amp;ssl=1\" class=\"aligncenter size-full wp-image-9510\" src=\"https:\/\/i0.wp.com\/www.le-fort.org\/wp-content\/uploads\/2017\/06\/tikkamasala-hd-1.jpg?resize=1200%2C400&#038;ssl=1\" alt=\"\" width=\"1200\" height=\"400\" srcset=\"https:\/\/i0.wp.com\/le-fort.org\/cocina\/wp-content\/uploads\/2017\/06\/tikkamasala-hd-1.jpg?w=1500&amp;ssl=1 1500w, https:\/\/i0.wp.com\/le-fort.org\/cocina\/wp-content\/uploads\/2017\/06\/tikkamasala-hd-1.jpg?resize=600%2C200&amp;ssl=1 600w, https:\/\/i0.wp.com\/le-fort.org\/cocina\/wp-content\/uploads\/2017\/06\/tikkamasala-hd-1.jpg?resize=1280%2C427&amp;ssl=1 1280w\" sizes=\"auto, (max-width: 1200px) 100vw, 1200px\" \/><\/p>\n","protected":false},"excerpt":{"rendered":"<p>Tradici\u00f3n y modernidad.<\/p>\n","protected":false},"author":1,"featured_media":13444,"comment_status":"closed","ping_status":"closed","sticky":false,"template":"","format":"standard","meta":{"_jetpack_newsletter_access":"","_jetpack_dont_email_post_to_subs":false,"_jetpack_newsletter_tier_id":0,"_jetpack_memberships_contains_paywalled_content":false,"_jetpack_memberships_contains_paid_content":false,"footnotes":""},"categories":[1],"tags":[12,655],"class_list":["post-13442","post","type-post","status-publish","format-standard","has-post-thumbnail","hentry","category-general","tag-comida-india","tag-sous-vide","entry","has-media"],"jetpack_featured_media_url":"https:\/\/i0.wp.com\/le-fort.org\/cocina\/wp-content\/uploads\/2018\/11\/josh-hd.jpg?fit=1500%2C500&ssl=1","jetpack_shortlink":"https:\/\/wp.me\/pghKer-3uO","jetpack_sharing_enabled":true,"jetpack-related-posts":[{"id":527,"url":"https:\/\/le-fort.org\/cocina\/receta-de-rogan-josh-comida-india\/","url_meta":{"origin":13442,"position":0},"title":"Rogan Josh","author":"Le-Fort.org","date":"28 de Julio, 2011","format":false,"excerpt":"Rogan Josh, plato de cocina india estilo Mughlai, del norte. Es un plato de cordero (o res) en una salsa roja especiada. Es un ecelente plato introductorio porque se peude preparar de forma que no sea demasiado especiado.","rel":"","context":"En &quot;Comida&quot;","block_context":{"text":"Comida","link":"https:\/\/le-fort.org\/cocina\/categoria\/cocina-comida\/"},"img":{"alt_text":"","src":"https:\/\/i0.wp.com\/le-fort.org\/cocina\/wp-content\/uploads\/2011\/07\/rogan-josh-hd.jpg?fit=1200%2C400&ssl=1&resize=350%2C200","width":350,"height":200,"srcset":"https:\/\/i0.wp.com\/le-fort.org\/cocina\/wp-content\/uploads\/2011\/07\/rogan-josh-hd.jpg?fit=1200%2C400&ssl=1&resize=350%2C200 1x, https:\/\/i0.wp.com\/le-fort.org\/cocina\/wp-content\/uploads\/2011\/07\/rogan-josh-hd.jpg?fit=1200%2C400&ssl=1&resize=525%2C300 1.5x, https:\/\/i0.wp.com\/le-fort.org\/cocina\/wp-content\/uploads\/2011\/07\/rogan-josh-hd.jpg?fit=1200%2C400&ssl=1&resize=700%2C400 2x, https:\/\/i0.wp.com\/le-fort.org\/cocina\/wp-content\/uploads\/2011\/07\/rogan-josh-hd.jpg?fit=1200%2C400&ssl=1&resize=1050%2C600 3x"},"classes":[]},{"id":9421,"url":"https:\/\/le-fort.org\/cocina\/rogan-josh-clasico\/","url_meta":{"origin":13442,"position":1},"title":"Rogan Josh Cl\u00e1sico: El Secreto est\u00e1 en el Hinojo","author":"Le-Fort.org","date":"9 de Mayo, 2017","format":false,"excerpt":"Rogan Josh receta cl\u00e1sica, la sin tomate.","rel":"","context":"En &quot;Recetas&quot;","block_context":{"text":"Recetas","link":"https:\/\/le-fort.org\/cocina\/categoria\/recetas\/"},"img":{"alt_text":"","src":"https:\/\/i0.wp.com\/le-fort.org\/cocina\/wp-content\/uploads\/2017\/05\/rogan-hd.jpg?fit=1200%2C400&ssl=1&resize=350%2C200","width":350,"height":200,"srcset":"https:\/\/i0.wp.com\/le-fort.org\/cocina\/wp-content\/uploads\/2017\/05\/rogan-hd.jpg?fit=1200%2C400&ssl=1&resize=350%2C200 1x, https:\/\/i0.wp.com\/le-fort.org\/cocina\/wp-content\/uploads\/2017\/05\/rogan-hd.jpg?fit=1200%2C400&ssl=1&resize=525%2C300 1.5x, https:\/\/i0.wp.com\/le-fort.org\/cocina\/wp-content\/uploads\/2017\/05\/rogan-hd.jpg?fit=1200%2C400&ssl=1&resize=700%2C400 2x, https:\/\/i0.wp.com\/le-fort.org\/cocina\/wp-content\/uploads\/2017\/05\/rogan-hd.jpg?fit=1200%2C400&ssl=1&resize=1050%2C600 3x"},"classes":[]},{"id":5597,"url":"https:\/\/le-fort.org\/cocina\/comiendo-indio-con-amigos\/","url_meta":{"origin":13442,"position":2},"title":"Comiendo Indio con Amigos","author":"Le-Fort.org","date":"17 de Agosto, 2014","format":false,"excerpt":"Sugerencias de men\u00fa de cocina india para gente con poca o ninguna experiencia comiendo indio.","rel":"","context":"En &quot;Disquisiciones&quot;","block_context":{"text":"Disquisiciones","link":"https:\/\/le-fort.org\/cocina\/categoria\/disquisiciones\/"},"img":{"alt_text":"","src":"https:\/\/i0.wp.com\/le-fort.org\/cocina\/wp-content\/uploads\/2011\/07\/hd-saag-paneer.jpg?fit=600%2C225&ssl=1&resize=350%2C200","width":350,"height":200,"srcset":"https:\/\/i0.wp.com\/le-fort.org\/cocina\/wp-content\/uploads\/2011\/07\/hd-saag-paneer.jpg?fit=600%2C225&ssl=1&resize=350%2C200 1x, https:\/\/i0.wp.com\/le-fort.org\/cocina\/wp-content\/uploads\/2011\/07\/hd-saag-paneer.jpg?fit=600%2C225&ssl=1&resize=525%2C300 1.5x"},"classes":[]},{"id":16002,"url":"https:\/\/le-fort.org\/cocina\/soluciones\/","url_meta":{"origin":13442,"position":3},"title":"Soluciones","author":"Rod","date":"8 de Agosto, 2021","format":false,"excerpt":"\u00bfQu\u00e9 son las soluciones y qu\u00e9 propiedades tienen?","rel":"","context":"En &quot;F\u00edsico Qu\u00edmica Alimentaria&quot;","block_context":{"text":"F\u00edsico Qu\u00edmica Alimentaria","link":"https:\/\/le-fort.org\/cocina\/categoria\/fisico-quimica-alimentaria\/"},"img":{"alt_text":"","src":"https:\/\/i0.wp.com\/le-fort.org\/cocina\/wp-content\/uploads\/2018\/11\/josh-hd.jpg?fit=1200%2C400&ssl=1&resize=350%2C200","width":350,"height":200,"srcset":"https:\/\/i0.wp.com\/le-fort.org\/cocina\/wp-content\/uploads\/2018\/11\/josh-hd.jpg?fit=1200%2C400&ssl=1&resize=350%2C200 1x, https:\/\/i0.wp.com\/le-fort.org\/cocina\/wp-content\/uploads\/2018\/11\/josh-hd.jpg?fit=1200%2C400&ssl=1&resize=525%2C300 1.5x, https:\/\/i0.wp.com\/le-fort.org\/cocina\/wp-content\/uploads\/2018\/11\/josh-hd.jpg?fit=1200%2C400&ssl=1&resize=700%2C400 2x, https:\/\/i0.wp.com\/le-fort.org\/cocina\/wp-content\/uploads\/2018\/11\/josh-hd.jpg?fit=1200%2C400&ssl=1&resize=1050%2C600 3x"},"classes":[]},{"id":8122,"url":"https:\/\/le-fort.org\/cocina\/pechuga-pollo-sous-vide\/","url_meta":{"origin":13442,"position":4},"title":"Pechuga de Pollo Sous Vide","author":"Le-Fort.org","date":"5 de Junio, 2016","format":false,"excerpt":"Tuvimos amigos a almorzar, y decidimos someterlos a uno de nuestros tantos experimentos. Preparamos pechugas\u00a0de pollo sous vide. Sous vide es otra t\u00e9cnica simple con nombre dif\u00edcil. Quiere decir \"al vac\u00edo\" en franc\u00e9s y hace referencia al empacado de lo que cocinaremos, que idealmente est\u00e1 en bolsas al vac\u00edo, si\u2026","rel":"","context":"En &quot;T\u00e9cnicas&quot;","block_context":{"text":"T\u00e9cnicas","link":"https:\/\/le-fort.org\/cocina\/categoria\/tecnicas\/"},"img":{"alt_text":"","src":"https:\/\/i0.wp.com\/le-fort.org\/cocina\/wp-content\/uploads\/2016\/06\/sous-vide-hd.jpg?fit=1200%2C400&ssl=1&resize=350%2C200","width":350,"height":200,"srcset":"https:\/\/i0.wp.com\/le-fort.org\/cocina\/wp-content\/uploads\/2016\/06\/sous-vide-hd.jpg?fit=1200%2C400&ssl=1&resize=350%2C200 1x, https:\/\/i0.wp.com\/le-fort.org\/cocina\/wp-content\/uploads\/2016\/06\/sous-vide-hd.jpg?fit=1200%2C400&ssl=1&resize=525%2C300 1.5x, https:\/\/i0.wp.com\/le-fort.org\/cocina\/wp-content\/uploads\/2016\/06\/sous-vide-hd.jpg?fit=1200%2C400&ssl=1&resize=700%2C400 2x, https:\/\/i0.wp.com\/le-fort.org\/cocina\/wp-content\/uploads\/2016\/06\/sous-vide-hd.jpg?fit=1200%2C400&ssl=1&resize=1050%2C600 3x"},"classes":[]},{"id":8214,"url":"https:\/\/le-fort.org\/cocina\/bistec-sous-vide\/","url_meta":{"origin":13442,"position":5},"title":"Bistec Sous Vide","author":"Le-Fort.org","date":"28 de Junio, 2016","format":false,"excerpt":"El bistec cocinado al vac\u00edo (sous vide) es una interesante forma de prepararlo: blando, jugoso y m\u00e1s cocido de lo que su color sugiere.","rel":"","context":"En &quot;T\u00e9cnicas&quot;","block_context":{"text":"T\u00e9cnicas","link":"https:\/\/le-fort.org\/cocina\/categoria\/tecnicas\/"},"img":{"alt_text":"","src":"https:\/\/i0.wp.com\/le-fort.org\/cocina\/wp-content\/uploads\/2016\/06\/bistec-hd.jpg?fit=1200%2C400&ssl=1&resize=350%2C200","width":350,"height":200,"srcset":"https:\/\/i0.wp.com\/le-fort.org\/cocina\/wp-content\/uploads\/2016\/06\/bistec-hd.jpg?fit=1200%2C400&ssl=1&resize=350%2C200 1x, https:\/\/i0.wp.com\/le-fort.org\/cocina\/wp-content\/uploads\/2016\/06\/bistec-hd.jpg?fit=1200%2C400&ssl=1&resize=525%2C300 1.5x, https:\/\/i0.wp.com\/le-fort.org\/cocina\/wp-content\/uploads\/2016\/06\/bistec-hd.jpg?fit=1200%2C400&ssl=1&resize=700%2C400 2x, https:\/\/i0.wp.com\/le-fort.org\/cocina\/wp-content\/uploads\/2016\/06\/bistec-hd.jpg?fit=1200%2C400&ssl=1&resize=1050%2C600 3x"},"classes":[]}],"_links":{"self":[{"href":"https:\/\/le-fort.org\/cocina\/wp-json\/wp\/v2\/posts\/13442","targetHints":{"allow":["GET"]}}],"collection":[{"href":"https:\/\/le-fort.org\/cocina\/wp-json\/wp\/v2\/posts"}],"about":[{"href":"https:\/\/le-fort.org\/cocina\/wp-json\/wp\/v2\/types\/post"}],"author":[{"embeddable":true,"href":"https:\/\/le-fort.org\/cocina\/wp-json\/wp\/v2\/users\/1"}],"replies":[{"embeddable":true,"href":"https:\/\/le-fort.org\/cocina\/wp-json\/wp\/v2\/comments?post=13442"}],"version-history":[{"count":5,"href":"https:\/\/le-fort.org\/cocina\/wp-json\/wp\/v2\/posts\/13442\/revisions"}],"predecessor-version":[{"id":15122,"href":"https:\/\/le-fort.org\/cocina\/wp-json\/wp\/v2\/posts\/13442\/revisions\/15122"}],"wp:featuredmedia":[{"embeddable":true,"href":"https:\/\/le-fort.org\/cocina\/wp-json\/wp\/v2\/media\/13444"}],"wp:attachment":[{"href":"https:\/\/le-fort.org\/cocina\/wp-json\/wp\/v2\/media?parent=13442"}],"wp:term":[{"taxonomy":"category","embeddable":true,"href":"https:\/\/le-fort.org\/cocina\/wp-json\/wp\/v2\/categories?post=13442"},{"taxonomy":"post_tag","embeddable":true,"href":"https:\/\/le-fort.org\/cocina\/wp-json\/wp\/v2\/tags?post=13442"}],"curies":[{"name":"wp","href":"https:\/\/api.w.org\/{rel}","templated":true}]}}