{"id":13630,"date":"2019-02-11T15:27:55","date_gmt":"2019-02-11T20:27:55","guid":{"rendered":"https:\/\/www.le-fort.org\/?p=13630"},"modified":"2020-10-27T11:56:48","modified_gmt":"2020-10-27T16:56:48","slug":"cocina-india-vegetariana-en-loja","status":"publish","type":"post","link":"https:\/\/le-fort.org\/cocina\/cocina-india-vegetariana-en-loja\/","title":{"rendered":"Cocina India Vegetariana en Loja"},"content":{"rendered":"<p>El s\u00e1bado 9 de febrero de 2019 hicimos un peque\u00f1o taller de cocina india vegetariana en Loja.<!--more--><\/p>\n<figure id=\"attachment_13663\" aria-describedby=\"caption-attachment-13663\" style=\"width: 1280px\" class=\"wp-caption aligncenter\"><img data-recalc-dims=\"1\" loading=\"lazy\" decoding=\"async\" data-attachment-id=\"13663\" data-permalink=\"https:\/\/le-fort.org\/cocina\/cocina-india-vegetariana-en-loja\/whatsapp-image-2019-02-10-at-10-08-271\/\" data-orig-file=\"https:\/\/i0.wp.com\/le-fort.org\/cocina\/wp-content\/uploads\/2019\/02\/WhatsApp-Image-2019-02-10-at-10.08.271.jpeg?fit=1280%2C720&amp;ssl=1\" data-orig-size=\"1280,720\" data-comments-opened=\"0\" data-image-meta=\"{&quot;aperture&quot;:&quot;0&quot;,&quot;credit&quot;:&quot;&quot;,&quot;camera&quot;:&quot;&quot;,&quot;caption&quot;:&quot;&quot;,&quot;created_timestamp&quot;:&quot;0&quot;,&quot;copyright&quot;:&quot;&quot;,&quot;focal_length&quot;:&quot;0&quot;,&quot;iso&quot;:&quot;0&quot;,&quot;shutter_speed&quot;:&quot;0&quot;,&quot;title&quot;:&quot;&quot;,&quot;orientation&quot;:&quot;0&quot;}\" data-image-title=\"Samosas, Naan, chapati, chutney\" data-image-description=\"\" data-image-caption=\"&lt;p&gt;\u00bfAlguien quiere samosas?&lt;\/p&gt;\n\" data-large-file=\"https:\/\/i0.wp.com\/le-fort.org\/cocina\/wp-content\/uploads\/2019\/02\/WhatsApp-Image-2019-02-10-at-10.08.271.jpeg?fit=1200%2C675&amp;ssl=1\" class=\"size-full wp-image-13663\" src=\"https:\/\/i0.wp.com\/www.le-fort.org\/wp-content\/uploads\/2019\/02\/WhatsApp-Image-2019-02-10-at-10.08.271.jpeg?resize=1200%2C675&#038;ssl=1\" alt=\"Samosas\" width=\"1200\" height=\"675\" srcset=\"https:\/\/i0.wp.com\/le-fort.org\/cocina\/wp-content\/uploads\/2019\/02\/WhatsApp-Image-2019-02-10-at-10.08.271.jpeg?w=1280&amp;ssl=1 1280w, https:\/\/i0.wp.com\/le-fort.org\/cocina\/wp-content\/uploads\/2019\/02\/WhatsApp-Image-2019-02-10-at-10.08.271.jpeg?resize=600%2C338&amp;ssl=1 600w, https:\/\/i0.wp.com\/le-fort.org\/cocina\/wp-content\/uploads\/2019\/02\/WhatsApp-Image-2019-02-10-at-10.08.271.jpeg?resize=2%2C1&amp;ssl=1 2w\" sizes=\"auto, (max-width: 1200px) 100vw, 1200px\" \/><figcaption id=\"caption-attachment-13663\" class=\"wp-caption-text\">\u00bfAlguien quiere samosas?<\/figcaption><\/figure>\n<p>Preparamos dos tipos de pan, Naan y Chapati; Raita de pepino;\u00a0<em>chutney<\/em> de cilantro; samosas; <em>saag paneer<\/em>; <em>chana dal<\/em>; <em>kasmiri pulao<\/em>, <em>lassi<\/em> para beber (de rosas y de sal); y <em>gajar ki kheer<\/em> de postre. No estuvo mal \u00bfverdad?<\/p>\n<figure id=\"attachment_13667\" aria-describedby=\"caption-attachment-13667\" style=\"width: 1280px\" class=\"wp-caption aligncenter\"><img data-recalc-dims=\"1\" loading=\"lazy\" decoding=\"async\" data-attachment-id=\"13667\" data-permalink=\"https:\/\/le-fort.org\/cocina\/cocina-india-vegetariana-en-loja\/whatsapp-image-2019-02-10-at-10-08-30\/\" data-orig-file=\"https:\/\/i0.wp.com\/le-fort.org\/cocina\/wp-content\/uploads\/2019\/02\/WhatsApp-Image-2019-02-10-at-10.08.30.jpeg?fit=1280%2C720&amp;ssl=1\" data-orig-size=\"1280,720\" data-comments-opened=\"0\" data-image-meta=\"{&quot;aperture&quot;:&quot;0&quot;,&quot;credit&quot;:&quot;&quot;,&quot;camera&quot;:&quot;&quot;,&quot;caption&quot;:&quot;&quot;,&quot;created_timestamp&quot;:&quot;0&quot;,&quot;copyright&quot;:&quot;&quot;,&quot;focal_length&quot;:&quot;0&quot;,&quot;iso&quot;:&quot;0&quot;,&quot;shutter_speed&quot;:&quot;0&quot;,&quot;title&quot;:&quot;&quot;,&quot;orientation&quot;:&quot;0&quot;}\" data-image-title=\"Amasando y revolviendo\" data-image-description=\"\" data-image-caption=\"&lt;p&gt;Amasando y revolviendo&lt;\/p&gt;\n\" data-large-file=\"https:\/\/i0.wp.com\/le-fort.org\/cocina\/wp-content\/uploads\/2019\/02\/WhatsApp-Image-2019-02-10-at-10.08.30.jpeg?fit=1200%2C675&amp;ssl=1\" class=\"size-full wp-image-13667\" src=\"https:\/\/i0.wp.com\/www.le-fort.org\/wp-content\/uploads\/2019\/02\/WhatsApp-Image-2019-02-10-at-10.08.30.jpeg?resize=1200%2C675&#038;ssl=1\" alt=\"Cocina india vegetariana en Loja. Amasando y revolviendo\" width=\"1200\" height=\"675\" srcset=\"https:\/\/i0.wp.com\/le-fort.org\/cocina\/wp-content\/uploads\/2019\/02\/WhatsApp-Image-2019-02-10-at-10.08.30.jpeg?w=1280&amp;ssl=1 1280w, https:\/\/i0.wp.com\/le-fort.org\/cocina\/wp-content\/uploads\/2019\/02\/WhatsApp-Image-2019-02-10-at-10.08.30.jpeg?resize=600%2C338&amp;ssl=1 600w, https:\/\/i0.wp.com\/le-fort.org\/cocina\/wp-content\/uploads\/2019\/02\/WhatsApp-Image-2019-02-10-at-10.08.30.jpeg?resize=2%2C1&amp;ssl=1 2w\" sizes=\"auto, (max-width: 1200px) 100vw, 1200px\" \/><figcaption id=\"caption-attachment-13667\" class=\"wp-caption-text\">Amasando y revolviendo<\/figcaption><\/figure>\n<figure id=\"attachment_13665\" aria-describedby=\"caption-attachment-13665\" style=\"width: 1280px\" class=\"wp-caption aligncenter\"><img data-recalc-dims=\"1\" loading=\"lazy\" decoding=\"async\" data-attachment-id=\"13665\" data-permalink=\"https:\/\/le-fort.org\/cocina\/cocina-india-vegetariana-en-loja\/whatsapp-image-2019-02-10-at-10-08-28\/\" data-orig-file=\"https:\/\/i0.wp.com\/le-fort.org\/cocina\/wp-content\/uploads\/2019\/02\/WhatsApp-Image-2019-02-10-at-10.08.28.jpeg?fit=1280%2C720&amp;ssl=1\" data-orig-size=\"1280,720\" data-comments-opened=\"0\" data-image-meta=\"{&quot;aperture&quot;:&quot;0&quot;,&quot;credit&quot;:&quot;&quot;,&quot;camera&quot;:&quot;&quot;,&quot;caption&quot;:&quot;&quot;,&quot;created_timestamp&quot;:&quot;0&quot;,&quot;copyright&quot;:&quot;&quot;,&quot;focal_length&quot;:&quot;0&quot;,&quot;iso&quot;:&quot;0&quot;,&quot;shutter_speed&quot;:&quot;0&quot;,&quot;title&quot;:&quot;&quot;,&quot;orientation&quot;:&quot;0&quot;}\" data-image-title=\"Amasando y posando\" data-image-description=\"\" data-image-caption=\"&lt;p&gt;Amasando y posando&lt;\/p&gt;\n\" data-large-file=\"https:\/\/i0.wp.com\/le-fort.org\/cocina\/wp-content\/uploads\/2019\/02\/WhatsApp-Image-2019-02-10-at-10.08.28.jpeg?fit=1200%2C675&amp;ssl=1\" class=\"size-full wp-image-13665\" src=\"https:\/\/i0.wp.com\/www.le-fort.org\/wp-content\/uploads\/2019\/02\/WhatsApp-Image-2019-02-10-at-10.08.28.jpeg?resize=1200%2C675&#038;ssl=1\" alt=\"Amasando y posando: cocina india vegetariana\" width=\"1200\" height=\"675\" srcset=\"https:\/\/i0.wp.com\/le-fort.org\/cocina\/wp-content\/uploads\/2019\/02\/WhatsApp-Image-2019-02-10-at-10.08.28.jpeg?w=1280&amp;ssl=1 1280w, https:\/\/i0.wp.com\/le-fort.org\/cocina\/wp-content\/uploads\/2019\/02\/WhatsApp-Image-2019-02-10-at-10.08.28.jpeg?resize=600%2C338&amp;ssl=1 600w, https:\/\/i0.wp.com\/le-fort.org\/cocina\/wp-content\/uploads\/2019\/02\/WhatsApp-Image-2019-02-10-at-10.08.28.jpeg?resize=2%2C1&amp;ssl=1 2w\" sizes=\"auto, (max-width: 1200px) 100vw, 1200px\" \/><figcaption id=\"caption-attachment-13665\" class=\"wp-caption-text\">Amasando y posando<\/figcaption><\/figure>\n<p>Lo pasamos muy bien y comimos rico. Nos vemos en el siguiente.<\/p>\n","protected":false},"excerpt":{"rendered":"<p>Taller de cocina india vegetariana<\/p>\n","protected":false},"author":1,"featured_media":10562,"comment_status":"closed","ping_status":"closed","sticky":false,"template":"","format":"standard","meta":{"_jetpack_newsletter_access":"","_jetpack_dont_email_post_to_subs":false,"_jetpack_newsletter_tier_id":0,"_jetpack_memberships_contains_paywalled_content":false,"_jetpack_memberships_contains_paid_content":false,"footnotes":""},"categories":[251],"tags":[746,12,822,56],"class_list":["post-13630","post","type-post","status-publish","format-standard","has-post-thumbnail","hentry","category-educacion","tag-civ","tag-comida-india","tag-loja","tag-vegetariano","entry","has-media"],"jetpack_featured_media_url":"https:\/\/i0.wp.com\/le-fort.org\/cocina\/wp-content\/uploads\/2013\/10\/naan-2-hd.jpg?fit=1500%2C500&ssl=1","jetpack_shortlink":"https:\/\/wp.me\/pghKer-3xQ","jetpack_sharing_enabled":true,"jetpack-related-posts":[{"id":9139,"url":"https:\/\/le-fort.org\/cocina\/clase-comida-india-vegetariana\/","url_meta":{"origin":13630,"position":0},"title":"Cocina India Vegetariana en La Libertad","author":"Le-Fort.org","date":"24 de Enero, 2017","format":false,"excerpt":"Curso de cocina india vegetariana.","rel":"","context":"En &quot;Educaci\u00f3n&quot;","block_context":{"text":"Educaci\u00f3n","link":"https:\/\/le-fort.org\/cocina\/categoria\/educacion\/"},"img":{"alt_text":"","src":"https:\/\/i0.wp.com\/le-fort.org\/cocina\/wp-content\/uploads\/2017\/01\/india-hd.jpg?fit=1200%2C400&ssl=1&resize=350%2C200","width":350,"height":200,"srcset":"https:\/\/i0.wp.com\/le-fort.org\/cocina\/wp-content\/uploads\/2017\/01\/india-hd.jpg?fit=1200%2C400&ssl=1&resize=350%2C200 1x, https:\/\/i0.wp.com\/le-fort.org\/cocina\/wp-content\/uploads\/2017\/01\/india-hd.jpg?fit=1200%2C400&ssl=1&resize=525%2C300 1.5x, https:\/\/i0.wp.com\/le-fort.org\/cocina\/wp-content\/uploads\/2017\/01\/india-hd.jpg?fit=1200%2C400&ssl=1&resize=700%2C400 2x, https:\/\/i0.wp.com\/le-fort.org\/cocina\/wp-content\/uploads\/2017\/01\/india-hd.jpg?fit=1200%2C400&ssl=1&resize=1050%2C600 3x"},"classes":[]},{"id":11659,"url":"https:\/\/le-fort.org\/cocina\/taller-comida-india-vegetariana-cuenca\/","url_meta":{"origin":13630,"position":1},"title":"Taller de Comida India Vegetariana en Cuenca","author":"Le-Fort.org","date":"3 de Febrero, 2018","format":false,"excerpt":"Taller biling\u00fce","rel":"","context":"En &quot;Educaci\u00f3n&quot;","block_context":{"text":"Educaci\u00f3n","link":"https:\/\/le-fort.org\/cocina\/categoria\/educacion\/"},"img":{"alt_text":"","src":"https:\/\/i0.wp.com\/le-fort.org\/cocina\/wp-content\/uploads\/2018\/02\/anis-hd.jpg?fit=1200%2C400&ssl=1&resize=350%2C200","width":350,"height":200,"srcset":"https:\/\/i0.wp.com\/le-fort.org\/cocina\/wp-content\/uploads\/2018\/02\/anis-hd.jpg?fit=1200%2C400&ssl=1&resize=350%2C200 1x, https:\/\/i0.wp.com\/le-fort.org\/cocina\/wp-content\/uploads\/2018\/02\/anis-hd.jpg?fit=1200%2C400&ssl=1&resize=525%2C300 1.5x, https:\/\/i0.wp.com\/le-fort.org\/cocina\/wp-content\/uploads\/2018\/02\/anis-hd.jpg?fit=1200%2C400&ssl=1&resize=700%2C400 2x, https:\/\/i0.wp.com\/le-fort.org\/cocina\/wp-content\/uploads\/2018\/02\/anis-hd.jpg?fit=1200%2C400&ssl=1&resize=1050%2C600 3x"},"classes":[]},{"id":15075,"url":"https:\/\/le-fort.org\/cocina\/semana-nacional-del-curry-2020\/","url_meta":{"origin":13630,"position":2},"title":"Semana Nacional del Curry: Siete D\u00edas para Experimentar","author":"Le-Fort.org","date":"5 de Octubre, 2020","format":false,"excerpt":"La semana del 5 al 11 de octubre de 2020 es nada menos que la semana nacional del curry (enlace). Es del Reino Unido, no de nuestros pa\u00edses, pero es una excusa perfecta en un tema que no requiere excusas. Hemos preparado menos curry del que nos gustar\u00eda porque hemos\u2026","rel":"","context":"En &quot;General&quot;","block_context":{"text":"General","link":"https:\/\/le-fort.org\/cocina\/categoria\/general\/"},"img":{"alt_text":"","src":"https:\/\/i0.wp.com\/le-fort.org\/cocina\/wp-content\/uploads\/2018\/02\/anis-hd.jpg?fit=1200%2C400&ssl=1&resize=350%2C200","width":350,"height":200,"srcset":"https:\/\/i0.wp.com\/le-fort.org\/cocina\/wp-content\/uploads\/2018\/02\/anis-hd.jpg?fit=1200%2C400&ssl=1&resize=350%2C200 1x, https:\/\/i0.wp.com\/le-fort.org\/cocina\/wp-content\/uploads\/2018\/02\/anis-hd.jpg?fit=1200%2C400&ssl=1&resize=525%2C300 1.5x, https:\/\/i0.wp.com\/le-fort.org\/cocina\/wp-content\/uploads\/2018\/02\/anis-hd.jpg?fit=1200%2C400&ssl=1&resize=700%2C400 2x, https:\/\/i0.wp.com\/le-fort.org\/cocina\/wp-content\/uploads\/2018\/02\/anis-hd.jpg?fit=1200%2C400&ssl=1&resize=1050%2C600 3x"},"classes":[]},{"id":834,"url":"https:\/\/le-fort.org\/cocina\/receta-de-samosas-vegetarianas\/","url_meta":{"origin":13630,"position":3},"title":"Samosas Vegetarianas","author":"Le-Fort.org","date":"14 de Agosto, 2011","format":false,"excerpt":"Receta de samosas vegetarianas. Empanaditas de la cocina india rellenas de papas, arvejas, y pasas.","rel":"","context":"En &quot;Comida&quot;","block_context":{"text":"Comida","link":"https:\/\/le-fort.org\/cocina\/categoria\/cocina-comida\/"},"img":{"alt_text":"","src":"https:\/\/i0.wp.com\/le-fort.org\/cocina\/wp-content\/uploads\/2011\/08\/samosas-hd.jpg?fit=1200%2C400&ssl=1&resize=350%2C200","width":350,"height":200,"srcset":"https:\/\/i0.wp.com\/le-fort.org\/cocina\/wp-content\/uploads\/2011\/08\/samosas-hd.jpg?fit=1200%2C400&ssl=1&resize=350%2C200 1x, https:\/\/i0.wp.com\/le-fort.org\/cocina\/wp-content\/uploads\/2011\/08\/samosas-hd.jpg?fit=1200%2C400&ssl=1&resize=525%2C300 1.5x, https:\/\/i0.wp.com\/le-fort.org\/cocina\/wp-content\/uploads\/2011\/08\/samosas-hd.jpg?fit=1200%2C400&ssl=1&resize=700%2C400 2x, https:\/\/i0.wp.com\/le-fort.org\/cocina\/wp-content\/uploads\/2011\/08\/samosas-hd.jpg?fit=1200%2C400&ssl=1&resize=1050%2C600 3x"},"classes":[]},{"id":14622,"url":"https:\/\/le-fort.org\/cocina\/pizza-oct-2019-loja\/","url_meta":{"origin":13630,"position":4},"title":"Taller Pizza Octubre 2019 en Loja","author":"Le-Fort.org","date":"2 de Noviembre, 2019","format":false,"excerpt":"Taller de pizza en Loja: Pizza Margherita, Pizza NYC, Fugazza argentina y pizza vegetariana (para que no digan que no comemos vegetales).","rel":"","context":"En &quot;General&quot;","block_context":{"text":"General","link":"https:\/\/le-fort.org\/cocina\/categoria\/general\/"},"img":{"alt_text":"","src":"https:\/\/i0.wp.com\/le-fort.org\/cocina\/wp-content\/uploads\/2019\/11\/pizza-hd-nyc.jpg?fit=1200%2C400&ssl=1&resize=350%2C200","width":350,"height":200,"srcset":"https:\/\/i0.wp.com\/le-fort.org\/cocina\/wp-content\/uploads\/2019\/11\/pizza-hd-nyc.jpg?fit=1200%2C400&ssl=1&resize=350%2C200 1x, https:\/\/i0.wp.com\/le-fort.org\/cocina\/wp-content\/uploads\/2019\/11\/pizza-hd-nyc.jpg?fit=1200%2C400&ssl=1&resize=525%2C300 1.5x, https:\/\/i0.wp.com\/le-fort.org\/cocina\/wp-content\/uploads\/2019\/11\/pizza-hd-nyc.jpg?fit=1200%2C400&ssl=1&resize=700%2C400 2x, https:\/\/i0.wp.com\/le-fort.org\/cocina\/wp-content\/uploads\/2019\/11\/pizza-hd-nyc.jpg?fit=1200%2C400&ssl=1&resize=1050%2C600 3x"},"classes":[]},{"id":509,"url":"https:\/\/le-fort.org\/cocina\/receta-saag-paneer-espinaca-quesillo\/","url_meta":{"origin":13630,"position":5},"title":"Receta de Saag Paneer (espinaca con quesillo)","author":"Le-Fort.org","date":"28 de Julio, 2011","format":false,"excerpt":"Receta de Saag Paneer, plato indio de espinaca con quesillo. Es un curry vegetariano.","rel":"","context":"En &quot;Comida&quot;","block_context":{"text":"Comida","link":"https:\/\/le-fort.org\/cocina\/categoria\/cocina-comida\/"},"img":{"alt_text":"","src":"https:\/\/i0.wp.com\/le-fort.org\/cocina\/wp-content\/uploads\/2011\/07\/hd-saag-paneer.jpg?fit=600%2C225&ssl=1&resize=350%2C200","width":350,"height":200,"srcset":"https:\/\/i0.wp.com\/le-fort.org\/cocina\/wp-content\/uploads\/2011\/07\/hd-saag-paneer.jpg?fit=600%2C225&ssl=1&resize=350%2C200 1x, https:\/\/i0.wp.com\/le-fort.org\/cocina\/wp-content\/uploads\/2011\/07\/hd-saag-paneer.jpg?fit=600%2C225&ssl=1&resize=525%2C300 1.5x"},"classes":[]}],"_links":{"self":[{"href":"https:\/\/le-fort.org\/cocina\/wp-json\/wp\/v2\/posts\/13630","targetHints":{"allow":["GET"]}}],"collection":[{"href":"https:\/\/le-fort.org\/cocina\/wp-json\/wp\/v2\/posts"}],"about":[{"href":"https:\/\/le-fort.org\/cocina\/wp-json\/wp\/v2\/types\/post"}],"author":[{"embeddable":true,"href":"https:\/\/le-fort.org\/cocina\/wp-json\/wp\/v2\/users\/1"}],"replies":[{"embeddable":true,"href":"https:\/\/le-fort.org\/cocina\/wp-json\/wp\/v2\/comments?post=13630"}],"version-history":[{"count":4,"href":"https:\/\/le-fort.org\/cocina\/wp-json\/wp\/v2\/posts\/13630\/revisions"}],"predecessor-version":[{"id":15121,"href":"https:\/\/le-fort.org\/cocina\/wp-json\/wp\/v2\/posts\/13630\/revisions\/15121"}],"wp:featuredmedia":[{"embeddable":true,"href":"https:\/\/le-fort.org\/cocina\/wp-json\/wp\/v2\/media\/10562"}],"wp:attachment":[{"href":"https:\/\/le-fort.org\/cocina\/wp-json\/wp\/v2\/media?parent=13630"}],"wp:term":[{"taxonomy":"category","embeddable":true,"href":"https:\/\/le-fort.org\/cocina\/wp-json\/wp\/v2\/categories?post=13630"},{"taxonomy":"post_tag","embeddable":true,"href":"https:\/\/le-fort.org\/cocina\/wp-json\/wp\/v2\/tags?post=13630"}],"curies":[{"name":"wp","href":"https:\/\/api.w.org\/{rel}","templated":true}]}}