{"id":13636,"date":"2019-02-11T14:20:04","date_gmt":"2019-02-11T19:20:04","guid":{"rendered":"https:\/\/www.le-fort.org\/?p=13636"},"modified":"2024-01-13T22:33:28","modified_gmt":"2024-01-14T03:33:28","slug":"mote-pillo","status":"publish","type":"post","link":"https:\/\/le-fort.org\/cocina\/mote-pillo\/","title":{"rendered":"Mote Pillo: Mote, Huevos y poco M\u00e1s"},"content":{"rendered":"<p>El mote pillo, en conjunto con el mote sucio y el <a href=\"https:\/\/www.le-fort.org\/motepata\/\">mote pata<\/a> son los platos emblem\u00e1ticos de la provincia del Azuay en Ecuador.<!--more--><\/p>\n<p><img data-recalc-dims=\"1\" loading=\"lazy\" decoding=\"async\" data-attachment-id=\"13645\" data-permalink=\"https:\/\/le-fort.org\/cocina\/mote-pillo\/mote-pillo-2\/\" data-orig-file=\"https:\/\/i0.wp.com\/le-fort.org\/cocina\/wp-content\/uploads\/2019\/02\/mote-pillo.jpg?fit=1280%2C720&amp;ssl=1\" data-orig-size=\"1280,720\" data-comments-opened=\"0\" data-image-meta=\"{&quot;aperture&quot;:&quot;0&quot;,&quot;credit&quot;:&quot;&quot;,&quot;camera&quot;:&quot;&quot;,&quot;caption&quot;:&quot;&quot;,&quot;created_timestamp&quot;:&quot;0&quot;,&quot;copyright&quot;:&quot;&quot;,&quot;focal_length&quot;:&quot;0&quot;,&quot;iso&quot;:&quot;0&quot;,&quot;shutter_speed&quot;:&quot;0&quot;,&quot;title&quot;:&quot;&quot;,&quot;orientation&quot;:&quot;0&quot;}\" data-image-title=\"mote-pillo\" data-image-description=\"\" data-image-caption=\"\" data-large-file=\"https:\/\/i0.wp.com\/le-fort.org\/cocina\/wp-content\/uploads\/2019\/02\/mote-pillo.jpg?fit=1200%2C675&amp;ssl=1\" class=\"aligncenter size-full wp-image-13645\" src=\"https:\/\/i0.wp.com\/www.le-fort.org\/wp-content\/uploads\/2019\/02\/mote-pillo.jpg?resize=1200%2C675&#038;ssl=1\" alt=\"Mote pillo Ecuador\" width=\"1200\" height=\"675\" srcset=\"https:\/\/i0.wp.com\/le-fort.org\/cocina\/wp-content\/uploads\/2019\/02\/mote-pillo.jpg?w=1280&amp;ssl=1 1280w, https:\/\/i0.wp.com\/le-fort.org\/cocina\/wp-content\/uploads\/2019\/02\/mote-pillo.jpg?resize=600%2C338&amp;ssl=1 600w, https:\/\/i0.wp.com\/le-fort.org\/cocina\/wp-content\/uploads\/2019\/02\/mote-pillo.jpg?resize=2%2C1&amp;ssl=1 2w\" sizes=\"auto, (max-width: 1200px) 100vw, 1200px\" \/><\/p>\n<p>Esto es una verdad indiscutible, a diferencia de otros platos provinciales del <a href=\"https:\/\/www.le-fort.org\/mapa-gastronomico-del-ecuador-publicado\/\">Mapa Gastron\u00f3mico del Ecuador<\/a> que no dejaron contento a todo el mundo. El mote es rey en el Azuay (junto con el cuy). <a href=\"https:\/\/link.springer.com\/article\/10.1007\/s44187-023-00061-9\" target=\"_blank\" rel=\"noopener\">El mote pillo es la preparaci\u00f3n n\u00b0 25 con mayor consenso cultural en Ecuador<\/a>.<\/p>\n<p><img data-recalc-dims=\"1\" loading=\"lazy\" decoding=\"async\" data-attachment-id=\"12596\" data-permalink=\"https:\/\/le-fort.org\/cocina\/mapa-gastronomico-del-ecuador-publicado\/mapa-gastronomico\/\" data-orig-file=\"https:\/\/i0.wp.com\/le-fort.org\/cocina\/wp-content\/uploads\/2018\/06\/mapa-gastronomico.jpg?fit=566%2C800&amp;ssl=1\" data-orig-size=\"566,800\" data-comments-opened=\"0\" data-image-meta=\"{&quot;aperture&quot;:&quot;0&quot;,&quot;credit&quot;:&quot;&quot;,&quot;camera&quot;:&quot;&quot;,&quot;caption&quot;:&quot;&quot;,&quot;created_timestamp&quot;:&quot;0&quot;,&quot;copyright&quot;:&quot;&quot;,&quot;focal_length&quot;:&quot;0&quot;,&quot;iso&quot;:&quot;0&quot;,&quot;shutter_speed&quot;:&quot;0&quot;,&quot;title&quot;:&quot;&quot;,&quot;orientation&quot;:&quot;0&quot;}\" data-image-title=\"mapa-gastronomico\" data-image-description=\"\" data-image-caption=\"\" data-large-file=\"https:\/\/i0.wp.com\/le-fort.org\/cocina\/wp-content\/uploads\/2018\/06\/mapa-gastronomico.jpg?fit=566%2C800&amp;ssl=1\" class=\"alignright wp-image-12596\" src=\"https:\/\/i0.wp.com\/www.le-fort.org\/wp-content\/uploads\/2018\/06\/mapa-gastronomico-425x600.jpg?resize=240%2C339&#038;ssl=1\" alt=\"\" width=\"240\" height=\"339\" srcset=\"https:\/\/i0.wp.com\/le-fort.org\/cocina\/wp-content\/uploads\/2018\/06\/mapa-gastronomico.jpg?resize=425%2C600&amp;ssl=1 425w, https:\/\/i0.wp.com\/le-fort.org\/cocina\/wp-content\/uploads\/2018\/06\/mapa-gastronomico.jpg?w=566&amp;ssl=1 566w\" sizes=\"auto, (max-width: 240px) 100vw, 240px\" \/><\/p>\n<p>El Mote pillo es un plato t\u00edpico y muy apreciado no s\u00f3lo en Azuay sino tambi\u00e9n en las provincias de Ca\u00f1ar y Loja. Est\u00e1 consignado como un plato de desayuno y tambi\u00e9n como guarnici\u00f3n para carnes. Seg\u00fan el libro <em>Ashanga: Cocina Morlaca<\/em>, de Nydia V\u00e1squez de Fern\u00e1ndez de C\u00f3rdova (p. 134), su nombre ser\u00eda un quichuismo de las palabras <em>mote<\/em> y <em>pilluna<\/em>, que quiere decir envolver o mezclar. Es decir: &#8220;mote envuelto&#8221; en el huevo.<\/p>\n<p>El peligro del mote pillo es la consistencia. Es f\u00e1cil que se nos pase la mano con la cocci\u00f3n de los ingredientes y obtener como resultado una suerte de huevo revuelto con mote que no es la idea del plato: el plato juega con las texturas del huevo y la leche para cubrir cada grano de mote en una especie de salsa h\u00fameda pero consistente. Un mal mote pillo es una preparaci\u00f3n triste y seca, y debemos evitarlo.<\/p>\n<p>Uno de nuestros mote pillo favoritos es el que preparan nuestros amigos del restaurante <a href=\"https:\/\/www.facebook.com\/losmolinosdelbatan\/\" target=\"_blank\" rel=\"noopener\">Los Molinos del Bat\u00e1n<\/a>, en la cidad de Cuenca, y esta receta est\u00e1 basada en la que nos dieron ellos y en la del ya mencionado <em>Ashanga<\/em>. Es un poco distinta de <a href=\"http:\/\/chefs.ec\/mote-pillo\/\" target=\"_blank\" rel=\"noopener\">otras versiones<\/a>.<\/p>\n<figure id=\"attachment_13639\" aria-describedby=\"caption-attachment-13639\" style=\"width: 960px\" class=\"wp-caption aligncenter\"><a href=\"http:\/\/chefs.ec\/asociacion\/asociaciones-provinciales\/azuay\/\"><img data-recalc-dims=\"1\" loading=\"lazy\" decoding=\"async\" data-attachment-id=\"13639\" data-permalink=\"https:\/\/le-fort.org\/cocina\/mote-pillo\/azuay\/\" data-orig-file=\"https:\/\/i0.wp.com\/le-fort.org\/cocina\/wp-content\/uploads\/2019\/02\/azuay.jpg?fit=960%2C960&amp;ssl=1\" data-orig-size=\"960,960\" data-comments-opened=\"0\" data-image-meta=\"{&quot;aperture&quot;:&quot;0&quot;,&quot;credit&quot;:&quot;&quot;,&quot;camera&quot;:&quot;&quot;,&quot;caption&quot;:&quot;&quot;,&quot;created_timestamp&quot;:&quot;0&quot;,&quot;copyright&quot;:&quot;&quot;,&quot;focal_length&quot;:&quot;0&quot;,&quot;iso&quot;:&quot;0&quot;,&quot;shutter_speed&quot;:&quot;0&quot;,&quot;title&quot;:&quot;&quot;,&quot;orientation&quot;:&quot;0&quot;}\" data-image-title=\"azuay\" data-image-description=\"\" data-image-caption=\"&lt;p&gt;Fuente: Asociaci\u00f3n de Chefs del Ecuador&lt;\/p&gt;\n\" data-large-file=\"https:\/\/i0.wp.com\/le-fort.org\/cocina\/wp-content\/uploads\/2019\/02\/azuay.jpg?fit=960%2C960&amp;ssl=1\" class=\"wp-image-13639 size-full\" src=\"https:\/\/i0.wp.com\/www.le-fort.org\/wp-content\/uploads\/2019\/02\/azuay.jpg?resize=960%2C960&#038;ssl=1\" alt=\"Mote azuayo\" width=\"960\" height=\"960\" srcset=\"https:\/\/i0.wp.com\/le-fort.org\/cocina\/wp-content\/uploads\/2019\/02\/azuay.jpg?w=960&amp;ssl=1 960w, https:\/\/i0.wp.com\/le-fort.org\/cocina\/wp-content\/uploads\/2019\/02\/azuay.jpg?resize=150%2C150&amp;ssl=1 150w, https:\/\/i0.wp.com\/le-fort.org\/cocina\/wp-content\/uploads\/2019\/02\/azuay.jpg?resize=600%2C600&amp;ssl=1 600w, https:\/\/i0.wp.com\/le-fort.org\/cocina\/wp-content\/uploads\/2019\/02\/azuay.jpg?resize=1%2C1&amp;ssl=1 1w\" sizes=\"auto, (max-width: 960px) 100vw, 960px\" \/><\/a><figcaption id=\"caption-attachment-13639\" class=\"wp-caption-text\">Fuente: Asociaci\u00f3n de Chefs del Ecuador<\/figcaption><\/figure>\n<h2>Ingredientes del Mote Pillo<\/h2>\n<p>La simpleza del mote pillo puede ser enga\u00f1osa. Para 4 porciones requeriremos:<\/p>\n<ul>\n<li>500g Mote cocido<\/li>\n<li>120ml Leche<\/li>\n<li>3 Huevos<\/li>\n<li>1 Diente de ajo<\/li>\n<li>1\/2cdta comino<\/li>\n<li>1cda Manteca de chancho<\/li>\n<li>2 cdas Cebolla larga picada (parte verde)<\/li>\n<li>1 cdaCebolla larga picada (parte blanca)<\/li>\n<li>1cda Manteca o aceite de achiote<\/li>\n<\/ul>\n<h2>Procedimiento<\/h2>\n<ol>\n<li>Preparar un sofrito con la parte blanca de la cebolla, el ajo, el comino y la manteca de achiote.<\/li>\n<li>A\u00f1adir el mote y rehogar unos minutos.<\/li>\n<li>Agregar la leche\u00a0 y revolver suavemente hasta que la leche se haya absorbido casi por completo<\/li>\n<li>A\u00f1adir el huevo previamente batido y la sal, y cocinar hasta que tenga la consistencia correcta. Se recomienda retirar del fuego cuando a\u00fan se ve un poco cremoso, para que llegue a la mesa en su punto.<\/li>\n<li>Servir con la cebolla verde picada en crudo sobre el plato.<\/li>\n<\/ol>\n<p>&nbsp;<\/p>\n","protected":false},"excerpt":{"rendered":"<p>Como preparar mote pillo cuencano con una receta simple pero que requiere cuidado.<\/p>\n","protected":false},"author":1,"featured_media":13646,"comment_status":"closed","ping_status":"closed","sticky":false,"template":"","format":"standard","meta":{"_jetpack_newsletter_access":"","_jetpack_dont_email_post_to_subs":false,"_jetpack_newsletter_tier_id":0,"_jetpack_memberships_contains_paywalled_content":false,"_jetpack_memberships_contains_paid_content":false,"footnotes":""},"categories":[2],"tags":[262,778,828],"class_list":["post-13636","post","type-post","status-publish","format-standard","has-post-thumbnail","hentry","category-recetas","tag-gastronomia-del-azuay","tag-gastronomia-del-ecuador","tag-mote","entry","has-media"],"jetpack_featured_media_url":"https:\/\/i0.wp.com\/le-fort.org\/cocina\/wp-content\/uploads\/2019\/02\/mote-pillo-hd.jpg?fit=1500%2C500&ssl=1","jetpack_shortlink":"https:\/\/wp.me\/pghKer-3xW","jetpack_sharing_enabled":true,"jetpack-related-posts":[{"id":11789,"url":"https:\/\/le-fort.org\/cocina\/motepata\/","url_meta":{"origin":13636,"position":0},"title":"Motepata","author":"Le-Fort.org","date":"25 de Febrero, 2018","format":false,"excerpt":"El Motepata es una sopa ecuatoriana, emblem\u00e1tica de la provincia del Azuay, que se prepara y consume tradicionalmente para Carnaval. Tiene mote (ma\u00edz) como buen plato azuayo, y como corresponde a una cultura porc\u00f3fila, lleva chancho en diversas formas. Vamos por partes. El Mote El mote (ma\u00edz pelado y cocido)\u2026","rel":"","context":"En &quot;Cavilaciones&quot;","block_context":{"text":"Cavilaciones","link":"https:\/\/le-fort.org\/cocina\/categoria\/cavilaciones\/"},"img":{"alt_text":"","src":"https:\/\/i0.wp.com\/le-fort.org\/cocina\/wp-content\/uploads\/2018\/02\/motepata-hd.jpg?fit=1200%2C400&ssl=1&resize=350%2C200","width":350,"height":200,"srcset":"https:\/\/i0.wp.com\/le-fort.org\/cocina\/wp-content\/uploads\/2018\/02\/motepata-hd.jpg?fit=1200%2C400&ssl=1&resize=350%2C200 1x, https:\/\/i0.wp.com\/le-fort.org\/cocina\/wp-content\/uploads\/2018\/02\/motepata-hd.jpg?fit=1200%2C400&ssl=1&resize=525%2C300 1.5x, https:\/\/i0.wp.com\/le-fort.org\/cocina\/wp-content\/uploads\/2018\/02\/motepata-hd.jpg?fit=1200%2C400&ssl=1&resize=700%2C400 2x, https:\/\/i0.wp.com\/le-fort.org\/cocina\/wp-content\/uploads\/2018\/02\/motepata-hd.jpg?fit=1200%2C400&ssl=1&resize=1050%2C600 3x"},"classes":[]},{"id":11954,"url":"https:\/\/le-fort.org\/cocina\/mapa-gastronomico-del-ecuador\/","url_meta":{"origin":13636,"position":1},"title":"Mapa Gastron\u00f3mico del Ecuador","author":"Le-Fort.org","date":"6 de Marzo, 2018","format":false,"excerpt":"Sesi\u00f3n de producci\u00f3n fotogr\u00e1fica para el Mapa Gastron\u00f3mico del Ecuador del MINTUR, con el apoyo de la Asociaci\u00f3n de Chefs del Ecuador.","rel":"","context":"En &quot;Ecuador&quot;","block_context":{"text":"Ecuador","link":"https:\/\/le-fort.org\/cocina\/categoria\/ecuador\/"},"img":{"alt_text":"","src":"https:\/\/i0.wp.com\/le-fort.org\/cocina\/wp-content\/uploads\/2018\/03\/mintur-hd.jpg?fit=1200%2C400&ssl=1&resize=350%2C200","width":350,"height":200,"srcset":"https:\/\/i0.wp.com\/le-fort.org\/cocina\/wp-content\/uploads\/2018\/03\/mintur-hd.jpg?fit=1200%2C400&ssl=1&resize=350%2C200 1x, https:\/\/i0.wp.com\/le-fort.org\/cocina\/wp-content\/uploads\/2018\/03\/mintur-hd.jpg?fit=1200%2C400&ssl=1&resize=525%2C300 1.5x, https:\/\/i0.wp.com\/le-fort.org\/cocina\/wp-content\/uploads\/2018\/03\/mintur-hd.jpg?fit=1200%2C400&ssl=1&resize=700%2C400 2x, https:\/\/i0.wp.com\/le-fort.org\/cocina\/wp-content\/uploads\/2018\/03\/mintur-hd.jpg?fit=1200%2C400&ssl=1&resize=1050%2C600 3x"},"classes":[]},{"id":6070,"url":"https:\/\/le-fort.org\/cocina\/almuerzo-de-carnaval-cuencano-en-la-yunta\/","url_meta":{"origin":13636,"position":2},"title":"La Yunta","author":"Le-Fort.org","date":"19 de Febrero, 2015","format":false,"excerpt":"Tuvimos oportunidad de probar el men\u00fa cuencano cl\u00e1sico de carnaval (mote pata, fritada, dulces) en La Yunta. Nos encant\u00f3.","rel":"","context":"En &quot;Locales&quot;","block_context":{"text":"Locales","link":"https:\/\/le-fort.org\/cocina\/categoria\/locales\/"},"img":{"alt_text":"","src":"https:\/\/i0.wp.com\/le-fort.org\/cocina\/wp-content\/uploads\/2015\/02\/la-yunta-hd.jpg?fit=1200%2C400&ssl=1&resize=350%2C200","width":350,"height":200,"srcset":"https:\/\/i0.wp.com\/le-fort.org\/cocina\/wp-content\/uploads\/2015\/02\/la-yunta-hd.jpg?fit=1200%2C400&ssl=1&resize=350%2C200 1x, https:\/\/i0.wp.com\/le-fort.org\/cocina\/wp-content\/uploads\/2015\/02\/la-yunta-hd.jpg?fit=1200%2C400&ssl=1&resize=525%2C300 1.5x, https:\/\/i0.wp.com\/le-fort.org\/cocina\/wp-content\/uploads\/2015\/02\/la-yunta-hd.jpg?fit=1200%2C400&ssl=1&resize=700%2C400 2x, https:\/\/i0.wp.com\/le-fort.org\/cocina\/wp-content\/uploads\/2015\/02\/la-yunta-hd.jpg?fit=1200%2C400&ssl=1&resize=1050%2C600 3x"},"classes":[]},{"id":13148,"url":"https:\/\/le-fort.org\/cocina\/de-visita-en-orellana\/","url_meta":{"origin":13636,"position":3},"title":"De Visita en Orellana","author":"Le-Fort.org","date":"30 de Agosto, 2018","format":false,"excerpt":"Viaje a la provincia de Orellana, trabajando con la Asociaci\u00f3n de Chefs del Ecuador.","rel":"","context":"En &quot;General&quot;","block_context":{"text":"General","link":"https:\/\/le-fort.org\/cocina\/categoria\/general\/"},"img":{"alt_text":"","src":"https:\/\/i0.wp.com\/le-fort.org\/cocina\/wp-content\/uploads\/2018\/08\/orellana-hd.jpg?fit=1200%2C400&ssl=1&resize=350%2C200","width":350,"height":200,"srcset":"https:\/\/i0.wp.com\/le-fort.org\/cocina\/wp-content\/uploads\/2018\/08\/orellana-hd.jpg?fit=1200%2C400&ssl=1&resize=350%2C200 1x, https:\/\/i0.wp.com\/le-fort.org\/cocina\/wp-content\/uploads\/2018\/08\/orellana-hd.jpg?fit=1200%2C400&ssl=1&resize=525%2C300 1.5x, https:\/\/i0.wp.com\/le-fort.org\/cocina\/wp-content\/uploads\/2018\/08\/orellana-hd.jpg?fit=1200%2C400&ssl=1&resize=700%2C400 2x, https:\/\/i0.wp.com\/le-fort.org\/cocina\/wp-content\/uploads\/2018\/08\/orellana-hd.jpg?fit=1200%2C400&ssl=1&resize=1050%2C600 3x"},"classes":[]},{"id":6062,"url":"https:\/\/le-fort.org\/cocina\/fritaderia-faby\/","url_meta":{"origin":13636,"position":4},"title":"Fritader\u00eda Faby","author":"Le-Fort.org","date":"13 de Febrero, 2015","format":false,"excerpt":"Almorzamos en la fritader\u00eda Faby en La Libertad y nos gust\u00f3 mucho. Un buen plato de fritada con algo para tomar por menos de USD 5 por persona.","rel":"","context":"En &quot;Locales&quot;","block_context":{"text":"Locales","link":"https:\/\/le-fort.org\/cocina\/categoria\/locales\/"},"img":{"alt_text":"","src":"https:\/\/i0.wp.com\/le-fort.org\/cocina\/wp-content\/uploads\/2015\/02\/fritaderia-faby-hd.jpg?fit=1200%2C400&ssl=1&resize=350%2C200","width":350,"height":200,"srcset":"https:\/\/i0.wp.com\/le-fort.org\/cocina\/wp-content\/uploads\/2015\/02\/fritaderia-faby-hd.jpg?fit=1200%2C400&ssl=1&resize=350%2C200 1x, https:\/\/i0.wp.com\/le-fort.org\/cocina\/wp-content\/uploads\/2015\/02\/fritaderia-faby-hd.jpg?fit=1200%2C400&ssl=1&resize=525%2C300 1.5x, https:\/\/i0.wp.com\/le-fort.org\/cocina\/wp-content\/uploads\/2015\/02\/fritaderia-faby-hd.jpg?fit=1200%2C400&ssl=1&resize=700%2C400 2x, https:\/\/i0.wp.com\/le-fort.org\/cocina\/wp-content\/uploads\/2015\/02\/fritaderia-faby-hd.jpg?fit=1200%2C400&ssl=1&resize=1050%2C600 3x"},"classes":[]},{"id":14468,"url":"https:\/\/le-fort.org\/cocina\/graduacion-de-chefs-panaderos-pasteleros\/","url_meta":{"origin":13636,"position":5},"title":"Graduaci\u00f3n de chefs panaderos pasteleros","author":"Le-Fort.org","date":"29 de Septiembre, 2019","format":false,"excerpt":"Graduaci\u00f3n de Emi Sweet Pastry Academy en Azuay.","rel":"","context":"En &quot;Educaci\u00f3n&quot;","block_context":{"text":"Educaci\u00f3n","link":"https:\/\/le-fort.org\/cocina\/categoria\/educacion\/"},"img":{"alt_text":"","src":"https:\/\/i0.wp.com\/le-fort.org\/cocina\/wp-content\/uploads\/2017\/03\/dobos-hd.jpg?fit=1200%2C400&ssl=1&resize=350%2C200","width":350,"height":200,"srcset":"https:\/\/i0.wp.com\/le-fort.org\/cocina\/wp-content\/uploads\/2017\/03\/dobos-hd.jpg?fit=1200%2C400&ssl=1&resize=350%2C200 1x, https:\/\/i0.wp.com\/le-fort.org\/cocina\/wp-content\/uploads\/2017\/03\/dobos-hd.jpg?fit=1200%2C400&ssl=1&resize=525%2C300 1.5x, https:\/\/i0.wp.com\/le-fort.org\/cocina\/wp-content\/uploads\/2017\/03\/dobos-hd.jpg?fit=1200%2C400&ssl=1&resize=700%2C400 2x, https:\/\/i0.wp.com\/le-fort.org\/cocina\/wp-content\/uploads\/2017\/03\/dobos-hd.jpg?fit=1200%2C400&ssl=1&resize=1050%2C600 3x"},"classes":[]}],"_links":{"self":[{"href":"https:\/\/le-fort.org\/cocina\/wp-json\/wp\/v2\/posts\/13636","targetHints":{"allow":["GET"]}}],"collection":[{"href":"https:\/\/le-fort.org\/cocina\/wp-json\/wp\/v2\/posts"}],"about":[{"href":"https:\/\/le-fort.org\/cocina\/wp-json\/wp\/v2\/types\/post"}],"author":[{"embeddable":true,"href":"https:\/\/le-fort.org\/cocina\/wp-json\/wp\/v2\/users\/1"}],"replies":[{"embeddable":true,"href":"https:\/\/le-fort.org\/cocina\/wp-json\/wp\/v2\/comments?post=13636"}],"version-history":[{"count":5,"href":"https:\/\/le-fort.org\/cocina\/wp-json\/wp\/v2\/posts\/13636\/revisions"}],"predecessor-version":[{"id":16977,"href":"https:\/\/le-fort.org\/cocina\/wp-json\/wp\/v2\/posts\/13636\/revisions\/16977"}],"wp:featuredmedia":[{"embeddable":true,"href":"https:\/\/le-fort.org\/cocina\/wp-json\/wp\/v2\/media\/13646"}],"wp:attachment":[{"href":"https:\/\/le-fort.org\/cocina\/wp-json\/wp\/v2\/media?parent=13636"}],"wp:term":[{"taxonomy":"category","embeddable":true,"href":"https:\/\/le-fort.org\/cocina\/wp-json\/wp\/v2\/categories?post=13636"},{"taxonomy":"post_tag","embeddable":true,"href":"https:\/\/le-fort.org\/cocina\/wp-json\/wp\/v2\/tags?post=13636"}],"curies":[{"name":"wp","href":"https:\/\/api.w.org\/{rel}","templated":true}]}}