{"id":13813,"date":"2019-03-12T09:37:06","date_gmt":"2019-03-12T14:37:06","guid":{"rendered":"https:\/\/www.le-fort.org\/?p=13813"},"modified":"2019-03-12T09:37:06","modified_gmt":"2019-03-12T14:37:06","slug":"sostenibilidad-y-alimentos-en-cariamanga","status":"publish","type":"post","link":"https:\/\/le-fort.org\/cocina\/sostenibilidad-y-alimentos-en-cariamanga\/","title":{"rendered":"Sostenibilidad y Alimentos en Cariamanga"},"content":{"rendered":"<p>El d\u00eda 11 de marzo estuvimos en el <a href=\"http:\/\/www.institutocariamanga.edu.ec\/\" target=\"_blank\" rel=\"noopener noreferrer\">Instituto Tecnol\u00f3gico Superior Cariamanga<\/a> en el marco de las 2<sup>as<\/sup> Jornadas Acad\u00e9micas, conversando con los estudiantes de Agroecolog\u00eda sobre sostenibilidad, inocuidad alimentaria y nutrici\u00f3n.<!--more--><\/p>\n<figure id=\"attachment_13814\" aria-describedby=\"caption-attachment-13814\" style=\"width: 1500px\" class=\"wp-caption aligncenter\"><img data-recalc-dims=\"1\" loading=\"lazy\" decoding=\"async\" data-attachment-id=\"13814\" data-permalink=\"https:\/\/le-fort.org\/cocina\/sostenibilidad-y-alimentos-en-cariamanga\/caria-hd\/\" data-orig-file=\"https:\/\/i0.wp.com\/le-fort.org\/cocina\/wp-content\/uploads\/2019\/03\/caria-hd.jpg?fit=1500%2C500&amp;ssl=1\" data-orig-size=\"1500,500\" data-comments-opened=\"0\" data-image-meta=\"{&quot;aperture&quot;:&quot;0&quot;,&quot;credit&quot;:&quot;&quot;,&quot;camera&quot;:&quot;&quot;,&quot;caption&quot;:&quot;&quot;,&quot;created_timestamp&quot;:&quot;0&quot;,&quot;copyright&quot;:&quot;&quot;,&quot;focal_length&quot;:&quot;0&quot;,&quot;iso&quot;:&quot;0&quot;,&quot;shutter_speed&quot;:&quot;0&quot;,&quot;title&quot;:&quot;&quot;,&quot;orientation&quot;:&quot;0&quot;}\" data-image-title=\"caria-hd\" data-image-description=\"\" data-image-caption=\"&lt;p&gt;Nos encanta visitar Cariamanga&lt;\/p&gt;\n\" data-large-file=\"https:\/\/i0.wp.com\/le-fort.org\/cocina\/wp-content\/uploads\/2019\/03\/caria-hd.jpg?fit=1200%2C400&amp;ssl=1\" class=\"size-full wp-image-13814\" src=\"https:\/\/i0.wp.com\/www.le-fort.org\/wp-content\/uploads\/2019\/03\/caria-hd.jpg?resize=1200%2C400&#038;ssl=1\" alt=\"Nos encanta visitar Cariamanga\" width=\"1200\" height=\"400\" srcset=\"https:\/\/i0.wp.com\/le-fort.org\/cocina\/wp-content\/uploads\/2019\/03\/caria-hd.jpg?w=1500&amp;ssl=1 1500w, https:\/\/i0.wp.com\/le-fort.org\/cocina\/wp-content\/uploads\/2019\/03\/caria-hd.jpg?resize=600%2C200&amp;ssl=1 600w, https:\/\/i0.wp.com\/le-fort.org\/cocina\/wp-content\/uploads\/2019\/03\/caria-hd.jpg?resize=1280%2C427&amp;ssl=1 1280w, https:\/\/i0.wp.com\/le-fort.org\/cocina\/wp-content\/uploads\/2019\/03\/caria-hd.jpg?resize=3%2C1&amp;ssl=1 3w\" sizes=\"auto, (max-width: 1200px) 100vw, 1200px\" \/><figcaption id=\"caption-attachment-13814\" class=\"wp-caption-text\">Nos encanta visitar Cariamanga<\/figcaption><\/figure>\n<p>Asistimos a la inauguraci\u00f3n de las Jornadas y despu\u00e9s estuvimos conversando sobre Turismo Gastron\u00f3mico Sustentable seg\u00fan las iniciativas de la Asociaci\u00f3n de Chefs del Ecuador, enfocado desde la creaci\u00f3n y promoci\u00f3n de productos gastron\u00f3micos de valor agregado basados en la producci\u00f3n local. Nos llevamos sorpresas muy interesantes a partir de la conversaci\u00f3n, ya que Cariamanga y el Norte Chico de Chile comparten productos, lo que nos abre interesantes formas de colaboraci\u00f3n y transferencia.<\/p>\n<figure id=\"attachment_13822\" aria-describedby=\"caption-attachment-13822\" style=\"width: 1280px\" class=\"wp-caption aligncenter\"><img data-recalc-dims=\"1\" loading=\"lazy\" decoding=\"async\" data-attachment-id=\"13822\" data-permalink=\"https:\/\/le-fort.org\/cocina\/sostenibilidad-y-alimentos-en-cariamanga\/holi2\/\" data-orig-file=\"https:\/\/i0.wp.com\/le-fort.org\/cocina\/wp-content\/uploads\/2019\/03\/holi2.jpg?fit=1280%2C720&amp;ssl=1\" data-orig-size=\"1280,720\" data-comments-opened=\"0\" data-image-meta=\"{&quot;aperture&quot;:&quot;0&quot;,&quot;credit&quot;:&quot;&quot;,&quot;camera&quot;:&quot;&quot;,&quot;caption&quot;:&quot;&quot;,&quot;created_timestamp&quot;:&quot;0&quot;,&quot;copyright&quot;:&quot;&quot;,&quot;focal_length&quot;:&quot;0&quot;,&quot;iso&quot;:&quot;0&quot;,&quot;shutter_speed&quot;:&quot;0&quot;,&quot;title&quot;:&quot;&quot;,&quot;orientation&quot;:&quot;0&quot;}\" data-image-title=\"holi2\" data-image-description=\"\" data-image-caption=\"&lt;p&gt;Saludo inicial (faltaban algunos asistentes todav\u00eda)&lt;\/p&gt;\n\" data-large-file=\"https:\/\/i0.wp.com\/le-fort.org\/cocina\/wp-content\/uploads\/2019\/03\/holi2.jpg?fit=1200%2C675&amp;ssl=1\" class=\"size-full wp-image-13822\" src=\"https:\/\/i0.wp.com\/www.le-fort.org\/wp-content\/uploads\/2019\/03\/holi2.jpg?resize=1200%2C675&#038;ssl=1\" alt=\"Agroecolog\u00eda Cariamanga\" width=\"1200\" height=\"675\" srcset=\"https:\/\/i0.wp.com\/le-fort.org\/cocina\/wp-content\/uploads\/2019\/03\/holi2.jpg?w=1280&amp;ssl=1 1280w, https:\/\/i0.wp.com\/le-fort.org\/cocina\/wp-content\/uploads\/2019\/03\/holi2.jpg?resize=600%2C338&amp;ssl=1 600w, https:\/\/i0.wp.com\/le-fort.org\/cocina\/wp-content\/uploads\/2019\/03\/holi2.jpg?resize=2%2C1&amp;ssl=1 2w\" sizes=\"auto, (max-width: 1200px) 100vw, 1200px\" \/><figcaption id=\"caption-attachment-13822\" class=\"wp-caption-text\">Saludo inicial (faltaban algunos asistentes todav\u00eda)<\/figcaption><\/figure>\n<p>Luego tuvimos un <em>Coffee Break<\/em> con caf\u00e9, horchata y tamales. Excelente.<\/p>\n<figure id=\"attachment_13819\" aria-describedby=\"caption-attachment-13819\" style=\"width: 1920px\" class=\"wp-caption aligncenter\"><img data-recalc-dims=\"1\" loading=\"lazy\" decoding=\"async\" data-attachment-id=\"13819\" data-permalink=\"https:\/\/le-fort.org\/cocina\/sostenibilidad-y-alimentos-en-cariamanga\/pano-2\/\" data-orig-file=\"https:\/\/i0.wp.com\/le-fort.org\/cocina\/wp-content\/uploads\/2019\/03\/pano.jpg?fit=1920%2C696&amp;ssl=1\" data-orig-size=\"1920,696\" data-comments-opened=\"0\" data-image-meta=\"{&quot;aperture&quot;:&quot;0&quot;,&quot;credit&quot;:&quot;&quot;,&quot;camera&quot;:&quot;&quot;,&quot;caption&quot;:&quot;&quot;,&quot;created_timestamp&quot;:&quot;0&quot;,&quot;copyright&quot;:&quot;&quot;,&quot;focal_length&quot;:&quot;0&quot;,&quot;iso&quot;:&quot;0&quot;,&quot;shutter_speed&quot;:&quot;0&quot;,&quot;title&quot;:&quot;&quot;,&quot;orientation&quot;:&quot;0&quot;}\" data-image-title=\"Vista al recreo\" data-image-description=\"\" data-image-caption=\"&lt;p&gt;Esta es la vista que ten\u00edamos al recreo&lt;\/p&gt;\n\" data-large-file=\"https:\/\/i0.wp.com\/le-fort.org\/cocina\/wp-content\/uploads\/2019\/03\/pano.jpg?fit=1200%2C435&amp;ssl=1\" class=\"size-full wp-image-13819\" src=\"https:\/\/i0.wp.com\/www.le-fort.org\/wp-content\/uploads\/2019\/03\/pano.jpg?resize=1200%2C435&#038;ssl=1\" alt=\"Vista Ahuaca Cariamanga\" width=\"1200\" height=\"435\" srcset=\"https:\/\/i0.wp.com\/le-fort.org\/cocina\/wp-content\/uploads\/2019\/03\/pano.jpg?w=1920&amp;ssl=1 1920w, https:\/\/i0.wp.com\/le-fort.org\/cocina\/wp-content\/uploads\/2019\/03\/pano.jpg?resize=600%2C218&amp;ssl=1 600w, https:\/\/i0.wp.com\/le-fort.org\/cocina\/wp-content\/uploads\/2019\/03\/pano.jpg?resize=1280%2C464&amp;ssl=1 1280w, https:\/\/i0.wp.com\/le-fort.org\/cocina\/wp-content\/uploads\/2019\/03\/pano.jpg?resize=3%2C1&amp;ssl=1 3w\" sizes=\"auto, (max-width: 1200px) 100vw, 1200px\" \/><figcaption id=\"caption-attachment-13819\" class=\"wp-caption-text\">Esta es la vista que ten\u00edamos al recreo<\/figcaption><\/figure>\n<p>A la vuelta del recreo, tuvimos la conversaci\u00f3n sobre inocuidad alimentaria, que siempre es una conversaci\u00f3n importante, sobre todo a la luz de lo conversado en la primera sesi\u00f3n.<\/p>\n<figure id=\"attachment_13823\" aria-describedby=\"caption-attachment-13823\" style=\"width: 1280px\" class=\"wp-caption aligncenter\"><img data-recalc-dims=\"1\" loading=\"lazy\" decoding=\"async\" data-attachment-id=\"13823\" data-permalink=\"https:\/\/le-fort.org\/cocina\/sostenibilidad-y-alimentos-en-cariamanga\/clase-2\/\" data-orig-file=\"https:\/\/i0.wp.com\/le-fort.org\/cocina\/wp-content\/uploads\/2019\/03\/clase-1.jpg?fit=1280%2C720&amp;ssl=1\" data-orig-size=\"1280,720\" data-comments-opened=\"0\" data-image-meta=\"{&quot;aperture&quot;:&quot;0&quot;,&quot;credit&quot;:&quot;&quot;,&quot;camera&quot;:&quot;&quot;,&quot;caption&quot;:&quot;&quot;,&quot;created_timestamp&quot;:&quot;0&quot;,&quot;copyright&quot;:&quot;&quot;,&quot;focal_length&quot;:&quot;0&quot;,&quot;iso&quot;:&quot;0&quot;,&quot;shutter_speed&quot;:&quot;0&quot;,&quot;title&quot;:&quot;&quot;,&quot;orientation&quot;:&quot;0&quot;}\" data-image-title=\"clase\" data-image-description=\"\" data-image-caption=\"&lt;p&gt;Marell en clases&lt;\/p&gt;\n\" data-large-file=\"https:\/\/i0.wp.com\/le-fort.org\/cocina\/wp-content\/uploads\/2019\/03\/clase-1.jpg?fit=1200%2C675&amp;ssl=1\" class=\"size-full wp-image-13823\" src=\"https:\/\/i0.wp.com\/www.le-fort.org\/wp-content\/uploads\/2019\/03\/clase-1.jpg?resize=1200%2C675&#038;ssl=1\" alt=\"Clases agroecolog\u00eda Cariamanga\" width=\"1200\" height=\"675\" srcset=\"https:\/\/i0.wp.com\/le-fort.org\/cocina\/wp-content\/uploads\/2019\/03\/clase-1.jpg?w=1280&amp;ssl=1 1280w, https:\/\/i0.wp.com\/le-fort.org\/cocina\/wp-content\/uploads\/2019\/03\/clase-1.jpg?resize=600%2C338&amp;ssl=1 600w, https:\/\/i0.wp.com\/le-fort.org\/cocina\/wp-content\/uploads\/2019\/03\/clase-1.jpg?resize=2%2C1&amp;ssl=1 2w\" sizes=\"auto, (max-width: 1200px) 100vw, 1200px\" \/><figcaption id=\"caption-attachment-13823\" class=\"wp-caption-text\">Marell en clases<\/figcaption><\/figure>\n<p>La pausa del almuerzo estuvo excelente. Rodrigo propuso dormir siesta en vez de hacer clases, pero no tuvo \u00e9xito. Adem\u00e1s tocaba nutrici\u00f3n, que es un tema que apasiona a todo el mundo.<\/p>\n<p>Hablamos de nutrici\u00f3n, una vez m\u00e1s enfocado desde el producto agropecuario, y terminamos enfrascados en una conversaci\u00f3n muy animada sobre bebidas energ\u00e9ticas, papas fritas y zarandaja. Por supuesto, el tiempo se nos hizo corto.<\/p>\n<figure id=\"attachment_13817\" aria-describedby=\"caption-attachment-13817\" style=\"width: 1280px\" class=\"wp-caption aligncenter\"><img data-recalc-dims=\"1\" loading=\"lazy\" decoding=\"async\" data-attachment-id=\"13817\" data-permalink=\"https:\/\/le-fort.org\/cocina\/sostenibilidad-y-alimentos-en-cariamanga\/dramatis-4\/\" data-orig-file=\"https:\/\/i0.wp.com\/le-fort.org\/cocina\/wp-content\/uploads\/2019\/03\/dramatis.png?fit=1280%2C720&amp;ssl=1\" data-orig-size=\"1280,720\" data-comments-opened=\"0\" data-image-meta=\"{&quot;aperture&quot;:&quot;0&quot;,&quot;credit&quot;:&quot;&quot;,&quot;camera&quot;:&quot;&quot;,&quot;caption&quot;:&quot;&quot;,&quot;created_timestamp&quot;:&quot;0&quot;,&quot;copyright&quot;:&quot;&quot;,&quot;focal_length&quot;:&quot;0&quot;,&quot;iso&quot;:&quot;0&quot;,&quot;shutter_speed&quot;:&quot;0&quot;,&quot;title&quot;:&quot;&quot;,&quot;orientation&quot;:&quot;0&quot;}\" data-image-title=\"dramatis\" data-image-description=\"\" data-image-caption=\"&lt;p&gt;Profes&lt;\/p&gt;\n\" data-large-file=\"https:\/\/i0.wp.com\/le-fort.org\/cocina\/wp-content\/uploads\/2019\/03\/dramatis.png?fit=1200%2C675&amp;ssl=1\" class=\"size-full wp-image-13817\" src=\"https:\/\/i0.wp.com\/www.le-fort.org\/wp-content\/uploads\/2019\/03\/dramatis.png?resize=1200%2C675&#038;ssl=1\" alt=\"Profesores Cariamanga\" width=\"1200\" height=\"675\" srcset=\"https:\/\/i0.wp.com\/le-fort.org\/cocina\/wp-content\/uploads\/2019\/03\/dramatis.png?w=1280&amp;ssl=1 1280w, https:\/\/i0.wp.com\/le-fort.org\/cocina\/wp-content\/uploads\/2019\/03\/dramatis.png?resize=600%2C338&amp;ssl=1 600w, https:\/\/i0.wp.com\/le-fort.org\/cocina\/wp-content\/uploads\/2019\/03\/dramatis.png?resize=2%2C1&amp;ssl=1 2w\" sizes=\"auto, (max-width: 1200px) 100vw, 1200px\" \/><figcaption id=\"caption-attachment-13817\" class=\"wp-caption-text\">Profes<\/figcaption><\/figure>\n<p>Quedamos muy agradecidos y contentos con la invitaci\u00f3n, al ITS Cariamanga y a nuestra amiga Mary Soto. Esperamos volver pronto a seguir conversando y haciendo cosas.<\/p>\n<figure id=\"attachment_13821\" aria-describedby=\"caption-attachment-13821\" style=\"width: 1280px\" class=\"wp-caption aligncenter\"><img data-recalc-dims=\"1\" loading=\"lazy\" decoding=\"async\" data-attachment-id=\"13821\" data-permalink=\"https:\/\/le-fort.org\/cocina\/sostenibilidad-y-alimentos-en-cariamanga\/todos-2\/\" data-orig-file=\"https:\/\/i0.wp.com\/le-fort.org\/cocina\/wp-content\/uploads\/2019\/03\/todos.jpg?fit=1280%2C720&amp;ssl=1\" data-orig-size=\"1280,720\" data-comments-opened=\"0\" data-image-meta=\"{&quot;aperture&quot;:&quot;0&quot;,&quot;credit&quot;:&quot;&quot;,&quot;camera&quot;:&quot;&quot;,&quot;caption&quot;:&quot;&quot;,&quot;created_timestamp&quot;:&quot;0&quot;,&quot;copyright&quot;:&quot;&quot;,&quot;focal_length&quot;:&quot;0&quot;,&quot;iso&quot;:&quot;0&quot;,&quot;shutter_speed&quot;:&quot;0&quot;,&quot;title&quot;:&quot;&quot;,&quot;orientation&quot;:&quot;0&quot;}\" data-image-title=\"todos\" data-image-description=\"\" data-image-caption=\"&lt;p&gt;Asistentes&lt;\/p&gt;\n\" data-large-file=\"https:\/\/i0.wp.com\/le-fort.org\/cocina\/wp-content\/uploads\/2019\/03\/todos.jpg?fit=1200%2C675&amp;ssl=1\" class=\"size-full wp-image-13821\" src=\"https:\/\/i0.wp.com\/www.le-fort.org\/wp-content\/uploads\/2019\/03\/todos.jpg?resize=1200%2C675&#038;ssl=1\" alt=\"Agroecolog\u00eda Cariamanga\" width=\"1200\" height=\"675\" srcset=\"https:\/\/i0.wp.com\/le-fort.org\/cocina\/wp-content\/uploads\/2019\/03\/todos.jpg?w=1280&amp;ssl=1 1280w, https:\/\/i0.wp.com\/le-fort.org\/cocina\/wp-content\/uploads\/2019\/03\/todos.jpg?resize=600%2C338&amp;ssl=1 600w, https:\/\/i0.wp.com\/le-fort.org\/cocina\/wp-content\/uploads\/2019\/03\/todos.jpg?resize=2%2C1&amp;ssl=1 2w\" sizes=\"auto, (max-width: 1200px) 100vw, 1200px\" \/><figcaption id=\"caption-attachment-13821\" class=\"wp-caption-text\">Asistentes<\/figcaption><\/figure>\n<p>&nbsp;<\/p>\n<p>&nbsp;<\/p>\n","protected":false},"excerpt":{"rendered":"<p>Sostenibilidad, inocuidad y nutrici\u00f3n, adem\u00e1s de valor agregado en el ITS Cariamanga.<\/p>\n","protected":false},"author":1,"featured_media":13824,"comment_status":"closed","ping_status":"closed","sticky":false,"template":"","format":"standard","meta":{"_jetpack_newsletter_access":"","_jetpack_dont_email_post_to_subs":false,"_jetpack_newsletter_tier_id":0,"_jetpack_memberships_contains_paywalled_content":false,"_jetpack_memberships_contains_paid_content":false,"footnotes":""},"categories":[251],"tags":[869,867,868],"class_list":["post-13813","post","type-post","status-publish","format-standard","has-post-thumbnail","hentry","category-educacion","tag-agroecologia","tag-cariamanga","tag-sostenibilidad","entry","has-media"],"jetpack_featured_media_url":"https:\/\/i0.wp.com\/le-fort.org\/cocina\/wp-content\/uploads\/2019\/03\/ahuaca-hd.jpg?fit=1500%2C500&ssl=1","jetpack_shortlink":"https:\/\/wp.me\/pghKer-3AN","jetpack_sharing_enabled":true,"jetpack-related-posts":[{"id":14348,"url":"https:\/\/le-fort.org\/cocina\/manipulacion-nutricion-azogues\/","url_meta":{"origin":13813,"position":0},"title":"Manipulaci\u00f3n, Nutrici\u00f3n y Cocina de Aprovechamiento en Azogues","author":"Le-Fort.org","date":"22 de Agosto, 2019","format":false,"excerpt":"Los d\u00edas 19, 20 y 21 de agosto estuvimos en la ciudad de Azogues impartiendo un curso de manipulaci\u00f3n de alimentos, nutrici\u00f3n y sostenibilidad y cocina de aprovechamiento en la C\u00e1mara de Comercio de Industrias de Azogues. Fue un placer volver despu\u00e9s de casi un a\u00f1o. Nos encant\u00f3 el nivel\u2026","rel":"","context":"En &quot;Educaci\u00f3n&quot;","block_context":{"text":"Educaci\u00f3n","link":"https:\/\/le-fort.org\/cocina\/categoria\/educacion\/"},"img":{"alt_text":"","src":"https:\/\/i0.wp.com\/le-fort.org\/cocina\/wp-content\/uploads\/2019\/08\/azogues-hd.jpg?fit=1200%2C400&ssl=1&resize=350%2C200","width":350,"height":200,"srcset":"https:\/\/i0.wp.com\/le-fort.org\/cocina\/wp-content\/uploads\/2019\/08\/azogues-hd.jpg?fit=1200%2C400&ssl=1&resize=350%2C200 1x, https:\/\/i0.wp.com\/le-fort.org\/cocina\/wp-content\/uploads\/2019\/08\/azogues-hd.jpg?fit=1200%2C400&ssl=1&resize=525%2C300 1.5x, https:\/\/i0.wp.com\/le-fort.org\/cocina\/wp-content\/uploads\/2019\/08\/azogues-hd.jpg?fit=1200%2C400&ssl=1&resize=700%2C400 2x, https:\/\/i0.wp.com\/le-fort.org\/cocina\/wp-content\/uploads\/2019\/08\/azogues-hd.jpg?fit=1200%2C400&ssl=1&resize=1050%2C600 3x"},"classes":[]},{"id":15772,"url":"https:\/\/le-fort.org\/cocina\/curso-feed-the-planet-manta\/","url_meta":{"origin":13813,"position":1},"title":"Curso Feed the Planet Manta","author":"Le-Fort.org","date":"20 de Agosto, 2021","format":false,"excerpt":"Sostenibilidad para profesionales culinarios. Manta, gracias al GAD Manta y a la Escuela Gastron\u00f3mica de Manab\u00ed.","rel":"","context":"En &quot;Cursos&quot;","block_context":{"text":"Cursos","link":"https:\/\/le-fort.org\/cocina\/categoria\/cursos\/"},"img":{"alt_text":"","src":"https:\/\/i0.wp.com\/le-fort.org\/cocina\/wp-content\/uploads\/2021\/08\/feed-the-planet-hd.jpg?fit=1200%2C400&ssl=1&resize=350%2C200","width":350,"height":200,"srcset":"https:\/\/i0.wp.com\/le-fort.org\/cocina\/wp-content\/uploads\/2021\/08\/feed-the-planet-hd.jpg?fit=1200%2C400&ssl=1&resize=350%2C200 1x, https:\/\/i0.wp.com\/le-fort.org\/cocina\/wp-content\/uploads\/2021\/08\/feed-the-planet-hd.jpg?fit=1200%2C400&ssl=1&resize=525%2C300 1.5x, https:\/\/i0.wp.com\/le-fort.org\/cocina\/wp-content\/uploads\/2021\/08\/feed-the-planet-hd.jpg?fit=1200%2C400&ssl=1&resize=700%2C400 2x, https:\/\/i0.wp.com\/le-fort.org\/cocina\/wp-content\/uploads\/2021\/08\/feed-the-planet-hd.jpg?fit=1200%2C400&ssl=1&resize=1050%2C600 3x"},"classes":[]},{"id":12131,"url":"https:\/\/le-fort.org\/cocina\/5-claves-inocuidad-alimentaria-puyo\/","url_meta":{"origin":13813,"position":2},"title":"Inocuidad en Puyo","author":"Le-Fort.org","date":"21 de Marzo, 2018","format":false,"excerpt":"Breve charla en Puyo sobre las 5 claves de la inocuidad alimentaria en un curso del MINTUR invitados amablemente por Cocachefs.","rel":"","context":"En &quot;Educaci\u00f3n&quot;","block_context":{"text":"Educaci\u00f3n","link":"https:\/\/le-fort.org\/cocina\/categoria\/educacion\/"},"img":{"alt_text":"","src":"https:\/\/i0.wp.com\/le-fort.org\/cocina\/wp-content\/uploads\/2018\/03\/puyo-hd.jpg?fit=1200%2C400&ssl=1&resize=350%2C200","width":350,"height":200,"srcset":"https:\/\/i0.wp.com\/le-fort.org\/cocina\/wp-content\/uploads\/2018\/03\/puyo-hd.jpg?fit=1200%2C400&ssl=1&resize=350%2C200 1x, https:\/\/i0.wp.com\/le-fort.org\/cocina\/wp-content\/uploads\/2018\/03\/puyo-hd.jpg?fit=1200%2C400&ssl=1&resize=525%2C300 1.5x, https:\/\/i0.wp.com\/le-fort.org\/cocina\/wp-content\/uploads\/2018\/03\/puyo-hd.jpg?fit=1200%2C400&ssl=1&resize=700%2C400 2x, https:\/\/i0.wp.com\/le-fort.org\/cocina\/wp-content\/uploads\/2018\/03\/puyo-hd.jpg?fit=1200%2C400&ssl=1&resize=1050%2C600 3x"},"classes":[]},{"id":14737,"url":"https:\/\/le-fort.org\/cocina\/heroes-de-la-comida-en-catamayo\/","url_meta":{"origin":13813,"position":3},"title":"H\u00e9roes de la Comida en Catamayo","author":"Le-Fort.org","date":"2 de Diciembre, 2019","format":false,"excerpt":"Taller H\u00e9roes de la Comida de Feed the Planet a trav\u00e9s de Worldchefs en Catamayo, Loja, Ecuador. Objetivos de Desarrollo Sostenible.","rel":"","context":"En &quot;Educaci\u00f3n&quot;","block_context":{"text":"Educaci\u00f3n","link":"https:\/\/le-fort.org\/cocina\/categoria\/educacion\/"},"img":{"alt_text":"H\u00e9roes de la comida. Catamayo, 2019","src":"https:\/\/i0.wp.com\/le-fort.org\/cocina\/wp-content\/uploads\/2019\/12\/heroes-hd.jpg?fit=1200%2C400&ssl=1&resize=350%2C200","width":350,"height":200,"srcset":"https:\/\/i0.wp.com\/le-fort.org\/cocina\/wp-content\/uploads\/2019\/12\/heroes-hd.jpg?fit=1200%2C400&ssl=1&resize=350%2C200 1x, https:\/\/i0.wp.com\/le-fort.org\/cocina\/wp-content\/uploads\/2019\/12\/heroes-hd.jpg?fit=1200%2C400&ssl=1&resize=525%2C300 1.5x, https:\/\/i0.wp.com\/le-fort.org\/cocina\/wp-content\/uploads\/2019\/12\/heroes-hd.jpg?fit=1200%2C400&ssl=1&resize=700%2C400 2x, https:\/\/i0.wp.com\/le-fort.org\/cocina\/wp-content\/uploads\/2019\/12\/heroes-hd.jpg?fit=1200%2C400&ssl=1&resize=1050%2C600 3x"},"classes":[]},{"id":12174,"url":"https:\/\/le-fort.org\/cocina\/nutricion-e-inocuidad-joya-los-sachas\/","url_meta":{"origin":13813,"position":4},"title":"Nutrici\u00f3n e Inocuidad en Joya de los Sachas","author":"Le-Fort.org","date":"25 de Marzo, 2018","format":false,"excerpt":"Charla sobre nutrici\u00f3n e inocuidad alimentaria en Joya de los Sachas, gracias a Coca chefs y el GAD Municipal de Joya de los Sachas.","rel":"","context":"En &quot;Educaci\u00f3n&quot;","block_context":{"text":"Educaci\u00f3n","link":"https:\/\/le-fort.org\/cocina\/categoria\/educacion\/"},"img":{"alt_text":"","src":"https:\/\/i0.wp.com\/le-fort.org\/cocina\/wp-content\/uploads\/2018\/03\/sachas-hd-1.jpg?fit=1200%2C400&ssl=1&resize=350%2C200","width":350,"height":200,"srcset":"https:\/\/i0.wp.com\/le-fort.org\/cocina\/wp-content\/uploads\/2018\/03\/sachas-hd-1.jpg?fit=1200%2C400&ssl=1&resize=350%2C200 1x, https:\/\/i0.wp.com\/le-fort.org\/cocina\/wp-content\/uploads\/2018\/03\/sachas-hd-1.jpg?fit=1200%2C400&ssl=1&resize=525%2C300 1.5x, https:\/\/i0.wp.com\/le-fort.org\/cocina\/wp-content\/uploads\/2018\/03\/sachas-hd-1.jpg?fit=1200%2C400&ssl=1&resize=700%2C400 2x, https:\/\/i0.wp.com\/le-fort.org\/cocina\/wp-content\/uploads\/2018\/03\/sachas-hd-1.jpg?fit=1200%2C400&ssl=1&resize=1050%2C600 3x"},"classes":[]},{"id":14187,"url":"https:\/\/le-fort.org\/cocina\/sostenibilidad-para-profesionales-culinarios-de-worldchefs\/","url_meta":{"origin":13813,"position":5},"title":"Sostenibilidad para Profesionales Culinarios, de WorldChefs","author":"Le-Fort.org","date":"14 de Junio, 2019","format":false,"excerpt":"Curso de Sostenibilidad para profesionales culinarios de WorldChefs, como parte de la iniciativa Feed the Planet: Desperdicio cero, energ\u00eda, agua, etc.","rel":"","context":"En &quot;Educaci\u00f3n&quot;","block_context":{"text":"Educaci\u00f3n","link":"https:\/\/le-fort.org\/cocina\/categoria\/educacion\/"},"img":{"alt_text":"","src":"https:\/\/i0.wp.com\/le-fort.org\/cocina\/wp-content\/uploads\/2018\/06\/wasser-hd.jpg?fit=1200%2C400&ssl=1&resize=350%2C200","width":350,"height":200,"srcset":"https:\/\/i0.wp.com\/le-fort.org\/cocina\/wp-content\/uploads\/2018\/06\/wasser-hd.jpg?fit=1200%2C400&ssl=1&resize=350%2C200 1x, https:\/\/i0.wp.com\/le-fort.org\/cocina\/wp-content\/uploads\/2018\/06\/wasser-hd.jpg?fit=1200%2C400&ssl=1&resize=525%2C300 1.5x, https:\/\/i0.wp.com\/le-fort.org\/cocina\/wp-content\/uploads\/2018\/06\/wasser-hd.jpg?fit=1200%2C400&ssl=1&resize=700%2C400 2x, https:\/\/i0.wp.com\/le-fort.org\/cocina\/wp-content\/uploads\/2018\/06\/wasser-hd.jpg?fit=1200%2C400&ssl=1&resize=1050%2C600 3x"},"classes":[]}],"_links":{"self":[{"href":"https:\/\/le-fort.org\/cocina\/wp-json\/wp\/v2\/posts\/13813","targetHints":{"allow":["GET"]}}],"collection":[{"href":"https:\/\/le-fort.org\/cocina\/wp-json\/wp\/v2\/posts"}],"about":[{"href":"https:\/\/le-fort.org\/cocina\/wp-json\/wp\/v2\/types\/post"}],"author":[{"embeddable":true,"href":"https:\/\/le-fort.org\/cocina\/wp-json\/wp\/v2\/users\/1"}],"replies":[{"embeddable":true,"href":"https:\/\/le-fort.org\/cocina\/wp-json\/wp\/v2\/comments?post=13813"}],"version-history":[{"count":2,"href":"https:\/\/le-fort.org\/cocina\/wp-json\/wp\/v2\/posts\/13813\/revisions"}],"predecessor-version":[{"id":13826,"href":"https:\/\/le-fort.org\/cocina\/wp-json\/wp\/v2\/posts\/13813\/revisions\/13826"}],"wp:featuredmedia":[{"embeddable":true,"href":"https:\/\/le-fort.org\/cocina\/wp-json\/wp\/v2\/media\/13824"}],"wp:attachment":[{"href":"https:\/\/le-fort.org\/cocina\/wp-json\/wp\/v2\/media?parent=13813"}],"wp:term":[{"taxonomy":"category","embeddable":true,"href":"https:\/\/le-fort.org\/cocina\/wp-json\/wp\/v2\/categories?post=13813"},{"taxonomy":"post_tag","embeddable":true,"href":"https:\/\/le-fort.org\/cocina\/wp-json\/wp\/v2\/tags?post=13813"}],"curies":[{"name":"wp","href":"https:\/\/api.w.org\/{rel}","templated":true}]}}