{"id":139,"date":"2020-09-24T13:49:22","date_gmt":"2020-09-24T18:49:22","guid":{"rendered":"https:\/\/comer.me\/?p=139"},"modified":"2020-09-24T13:49:22","modified_gmt":"2020-09-24T18:49:22","slug":"las-especias-nos-mantuvieron-a-salvo","status":"publish","type":"post","link":"https:\/\/le-fort.org\/cocina\/las-especias-nos-mantuvieron-a-salvo\/","title":{"rendered":"Las Especias nos Mantuvieron a Salvo"},"content":{"rendered":"<p>Recomendamos este interesante art\u00edculo. <!--more--><\/p>\n<p style=\"text-align: center;\"><a href=\"https:\/\/theconversation.com\/cocinar-nos-hizo-humanos-pero-las-especias-nos-mantuvieron-a-salvo-146604\" target=\"_blank\" rel=\"noopener noreferrer\">Cocinar nos hizo humanos, pero las especias nos mantuvieron a salvo<\/a><\/p>\n<p>A partir de \u00e9l, desarrollaremos unas actividades.<\/p>\n<h2>Actividades<\/h2>\n<ol>\n<li>Leer el art\u00edculo<\/li>\n<li>\u00bfCu\u00e1ntas de las especias de la Figura 1 del art\u00edculo hay en tu despensa?<\/li>\n<li>\u00bfCu\u00e1ntas de ellas conoces?<\/li>\n<\/ol>\n","protected":false},"excerpt":{"rendered":"<p>Recomendamos este interesante art\u00edculo.<\/p>\n","protected":false},"author":4,"featured_media":141,"comment_status":"open","ping_status":"open","sticky":false,"template":"","format":"standard","meta":{"_jetpack_newsletter_access":"","_jetpack_dont_email_post_to_subs":false,"_jetpack_newsletter_tier_id":0,"_jetpack_memberships_contains_paywalled_content":false,"_jetpack_memberships_contains_paid_content":false,"footnotes":""},"categories":[912],"tags":[918,354,928,936],"class_list":["post-139","post","type-post","status-publish","format-standard","has-post-thumbnail","hentry","category-rectas-tecnicas","tag-bimestre-1","tag-especias","tag-lectura","tag-semana-2","entry","has-media"],"jetpack_featured_media_url":"https:\/\/i0.wp.com\/le-fort.org\/cocina\/wp-content\/uploads\/2020\/09\/especias-lebkuchen-hd.jpg?fit=1500%2C500&ssl=1","jetpack_shortlink":"https:\/\/wp.me\/pghKer-2f","jetpack_sharing_enabled":true,"jetpack-related-posts":[{"id":222,"url":"https:\/\/le-fort.org\/cocina\/cacao-en-la-antiguedad-en-ecuador\/","url_meta":{"origin":139,"position":0},"title":"Cacao en la Antig\u00fcedad en Ecuador","author":"Rod","date":"31 de Octubre, 2018","format":false,"excerpt":"Se encontr\u00f3 cacao de 5.300 a\u00f1os de edad en Ecuador. Esto cambia todo el panorama hist\u00f3rico que cre\u00edamos conocer.","rel":"","context":"En &quot;Ingredientes&quot;","block_context":{"text":"Ingredientes","link":"https:\/\/le-fort.org\/cocina\/categoria\/ingredientes\/"},"img":{"alt_text":"","src":"https:\/\/i0.wp.com\/le-fort.org\/cocina\/wp-content\/uploads\/2018\/10\/cacao-hd.jpg?fit=1200%2C400&ssl=1&resize=350%2C200","width":350,"height":200,"srcset":"https:\/\/i0.wp.com\/le-fort.org\/cocina\/wp-content\/uploads\/2018\/10\/cacao-hd.jpg?fit=1200%2C400&ssl=1&resize=350%2C200 1x, https:\/\/i0.wp.com\/le-fort.org\/cocina\/wp-content\/uploads\/2018\/10\/cacao-hd.jpg?fit=1200%2C400&ssl=1&resize=525%2C300 1.5x, https:\/\/i0.wp.com\/le-fort.org\/cocina\/wp-content\/uploads\/2018\/10\/cacao-hd.jpg?fit=1200%2C400&ssl=1&resize=700%2C400 2x, https:\/\/i0.wp.com\/le-fort.org\/cocina\/wp-content\/uploads\/2018\/10\/cacao-hd.jpg?fit=1200%2C400&ssl=1&resize=1050%2C600 3x"},"classes":[]},{"id":13484,"url":"https:\/\/le-fort.org\/cocina\/especias-de-navidad\/","url_meta":{"origin":139,"position":1},"title":"Especias de Navidad","author":"Le-Fort.org","date":"22 de Noviembre, 2018","format":false,"excerpt":"Receta de mezcla de especias de navidad alemanas (Lebkuchengew\u00fcrz)","rel":"","context":"En &quot;Recetas&quot;","block_context":{"text":"Recetas","link":"https:\/\/le-fort.org\/cocina\/categoria\/recetas\/"},"img":{"alt_text":"","src":"https:\/\/i0.wp.com\/le-fort.org\/cocina\/wp-content\/uploads\/2018\/11\/especias-lebkuchen-hd.jpg?fit=1200%2C400&ssl=1&resize=350%2C200","width":350,"height":200,"srcset":"https:\/\/i0.wp.com\/le-fort.org\/cocina\/wp-content\/uploads\/2018\/11\/especias-lebkuchen-hd.jpg?fit=1200%2C400&ssl=1&resize=350%2C200 1x, https:\/\/i0.wp.com\/le-fort.org\/cocina\/wp-content\/uploads\/2018\/11\/especias-lebkuchen-hd.jpg?fit=1200%2C400&ssl=1&resize=525%2C300 1.5x, https:\/\/i0.wp.com\/le-fort.org\/cocina\/wp-content\/uploads\/2018\/11\/especias-lebkuchen-hd.jpg?fit=1200%2C400&ssl=1&resize=700%2C400 2x, https:\/\/i0.wp.com\/le-fort.org\/cocina\/wp-content\/uploads\/2018\/11\/especias-lebkuchen-hd.jpg?fit=1200%2C400&ssl=1&resize=1050%2C600 3x"},"classes":[]},{"id":1674,"url":"https:\/\/le-fort.org\/cocina\/receta-de-garam-masala\/","url_meta":{"origin":139,"position":2},"title":"Garam Masala","author":"Le-Fort.org","date":"5 de Diciembre, 2011","format":false,"excerpt":"Receta de Garam Masala, mezcla de especias muy com\u00fan \u2013y apreciada\u2013 en cocina de la india","rel":"","context":"En &quot;Comida&quot;","block_context":{"text":"Comida","link":"https:\/\/le-fort.org\/cocina\/categoria\/cocina-comida\/"},"img":{"alt_text":"","src":"https:\/\/i0.wp.com\/le-fort.org\/cocina\/wp-content\/uploads\/2011\/12\/garam-masala-entero-hd.jpg?fit=1200%2C400&ssl=1&resize=350%2C200","width":350,"height":200,"srcset":"https:\/\/i0.wp.com\/le-fort.org\/cocina\/wp-content\/uploads\/2011\/12\/garam-masala-entero-hd.jpg?fit=1200%2C400&ssl=1&resize=350%2C200 1x, https:\/\/i0.wp.com\/le-fort.org\/cocina\/wp-content\/uploads\/2011\/12\/garam-masala-entero-hd.jpg?fit=1200%2C400&ssl=1&resize=525%2C300 1.5x, https:\/\/i0.wp.com\/le-fort.org\/cocina\/wp-content\/uploads\/2011\/12\/garam-masala-entero-hd.jpg?fit=1200%2C400&ssl=1&resize=700%2C400 2x, https:\/\/i0.wp.com\/le-fort.org\/cocina\/wp-content\/uploads\/2011\/12\/garam-masala-entero-hd.jpg?fit=1200%2C400&ssl=1&resize=1050%2C600 3x"},"classes":[]},{"id":30,"url":"https:\/\/le-fort.org\/cocina\/masala-chai-te-con-especias\/","url_meta":{"origin":139,"position":3},"title":"Masala Chai: T\u00e9 con especias","author":"Le-Fort.org","date":"29 de Abril, 2013","format":false,"excerpt":"Receta de Masala Chai, t\u00e9 especiado de origen indio.","rel":"","context":"En &quot;Recetas&quot;","block_context":{"text":"Recetas","link":"https:\/\/le-fort.org\/cocina\/categoria\/recetas\/"},"img":{"alt_text":"","src":"https:\/\/i0.wp.com\/le-fort.org\/cocina\/wp-content\/uploads\/2013\/04\/hd1.jpg?fit=800%2C300&ssl=1&resize=350%2C200","width":350,"height":200,"srcset":"https:\/\/i0.wp.com\/le-fort.org\/cocina\/wp-content\/uploads\/2013\/04\/hd1.jpg?fit=800%2C300&ssl=1&resize=350%2C200 1x, https:\/\/i0.wp.com\/le-fort.org\/cocina\/wp-content\/uploads\/2013\/04\/hd1.jpg?fit=800%2C300&ssl=1&resize=525%2C300 1.5x, https:\/\/i0.wp.com\/le-fort.org\/cocina\/wp-content\/uploads\/2013\/04\/hd1.jpg?fit=800%2C300&ssl=1&resize=700%2C400 2x"},"classes":[]},{"id":5684,"url":"https:\/\/le-fort.org\/cocina\/especias-cocina-india\/","url_meta":{"origin":139,"position":4},"title":"Especias para Cocina India","author":"Le-Fort.org","date":"12 de Enero, 2016","format":false,"excerpt":"Algunas especias esenciales para cocinar comida india.","rel":"","context":"En &quot;Ingredientes&quot;","block_context":{"text":"Ingredientes","link":"https:\/\/le-fort.org\/cocina\/categoria\/ingredientes\/"},"img":{"alt_text":"","src":"https:\/\/i0.wp.com\/le-fort.org\/cocina\/wp-content\/uploads\/2014\/03\/panch-phoron-hd.jpg?fit=1200%2C400&ssl=1&resize=350%2C200","width":350,"height":200,"srcset":"https:\/\/i0.wp.com\/le-fort.org\/cocina\/wp-content\/uploads\/2014\/03\/panch-phoron-hd.jpg?fit=1200%2C400&ssl=1&resize=350%2C200 1x, https:\/\/i0.wp.com\/le-fort.org\/cocina\/wp-content\/uploads\/2014\/03\/panch-phoron-hd.jpg?fit=1200%2C400&ssl=1&resize=525%2C300 1.5x, https:\/\/i0.wp.com\/le-fort.org\/cocina\/wp-content\/uploads\/2014\/03\/panch-phoron-hd.jpg?fit=1200%2C400&ssl=1&resize=700%2C400 2x, https:\/\/i0.wp.com\/le-fort.org\/cocina\/wp-content\/uploads\/2014\/03\/panch-phoron-hd.jpg?fit=1200%2C400&ssl=1&resize=1050%2C600 3x"},"classes":[]},{"id":4895,"url":"https:\/\/le-fort.org\/cocina\/la-semilla-de-eneldo\/","url_meta":{"origin":139,"position":5},"title":"Eneldo (Semilla)","author":"Le-Fort.org","date":"19 de Agosto, 2013","format":false,"excerpt":"La semilla de eneldo es un ingrediente no muy frecuente pero esencial para la manufactura de pickles (encurtidos) y muy bueno con papas y en la elaboraci\u00f3n de panes.","rel":"","context":"En &quot;Condimentos y Especias&quot;","block_context":{"text":"Condimentos y Especias","link":"https:\/\/le-fort.org\/cocina\/categoria\/condimentos-especias\/"},"img":{"alt_text":"","src":"https:\/\/i0.wp.com\/le-fort.org\/cocina\/wp-content\/uploads\/2013\/08\/eneldo-hd.jpg?fit=1200%2C400&ssl=1&resize=350%2C200","width":350,"height":200,"srcset":"https:\/\/i0.wp.com\/le-fort.org\/cocina\/wp-content\/uploads\/2013\/08\/eneldo-hd.jpg?fit=1200%2C400&ssl=1&resize=350%2C200 1x, https:\/\/i0.wp.com\/le-fort.org\/cocina\/wp-content\/uploads\/2013\/08\/eneldo-hd.jpg?fit=1200%2C400&ssl=1&resize=525%2C300 1.5x, https:\/\/i0.wp.com\/le-fort.org\/cocina\/wp-content\/uploads\/2013\/08\/eneldo-hd.jpg?fit=1200%2C400&ssl=1&resize=700%2C400 2x, https:\/\/i0.wp.com\/le-fort.org\/cocina\/wp-content\/uploads\/2013\/08\/eneldo-hd.jpg?fit=1200%2C400&ssl=1&resize=1050%2C600 3x"},"classes":[]}],"_links":{"self":[{"href":"https:\/\/le-fort.org\/cocina\/wp-json\/wp\/v2\/posts\/139","targetHints":{"allow":["GET"]}}],"collection":[{"href":"https:\/\/le-fort.org\/cocina\/wp-json\/wp\/v2\/posts"}],"about":[{"href":"https:\/\/le-fort.org\/cocina\/wp-json\/wp\/v2\/types\/post"}],"author":[{"embeddable":true,"href":"https:\/\/le-fort.org\/cocina\/wp-json\/wp\/v2\/users\/4"}],"replies":[{"embeddable":true,"href":"https:\/\/le-fort.org\/cocina\/wp-json\/wp\/v2\/comments?post=139"}],"version-history":[{"count":0,"href":"https:\/\/le-fort.org\/cocina\/wp-json\/wp\/v2\/posts\/139\/revisions"}],"wp:featuredmedia":[{"embeddable":true,"href":"https:\/\/le-fort.org\/cocina\/wp-json\/wp\/v2\/media\/141"}],"wp:attachment":[{"href":"https:\/\/le-fort.org\/cocina\/wp-json\/wp\/v2\/media?parent=139"}],"wp:term":[{"taxonomy":"category","embeddable":true,"href":"https:\/\/le-fort.org\/cocina\/wp-json\/wp\/v2\/categories?post=139"},{"taxonomy":"post_tag","embeddable":true,"href":"https:\/\/le-fort.org\/cocina\/wp-json\/wp\/v2\/tags?post=139"}],"curies":[{"name":"wp","href":"https:\/\/api.w.org\/{rel}","templated":true}]}}