{"id":14003,"date":"2019-04-14T19:38:29","date_gmt":"2019-04-15T00:38:29","guid":{"rendered":"https:\/\/www.le-fort.org\/?p=14003"},"modified":"2019-04-14T19:40:16","modified_gmt":"2019-04-15T00:40:16","slug":"bocaditos-loja","status":"publish","type":"post","link":"https:\/\/le-fort.org\/cocina\/bocaditos-loja\/","title":{"rendered":"Bocaditos de Sal en Loja"},"content":{"rendered":"<p>El s\u00e1bado 13 de abril de 2019 realizamos un taller de picaditas de sal (o sea bocaditos) en la ciudad de Loja.<!--more--><\/p>\n<p>Recibimos para la clase a caras nuevas y caras conocidas.<\/p>\n<figure id=\"attachment_14009\" aria-describedby=\"caption-attachment-14009\" style=\"width: 1920px\" class=\"wp-caption aligncenter\"><img data-recalc-dims=\"1\" loading=\"lazy\" decoding=\"async\" data-attachment-id=\"14009\" data-permalink=\"https:\/\/le-fort.org\/cocina\/bocaditos-loja\/canapes-3\/\" data-orig-file=\"https:\/\/i0.wp.com\/le-fort.org\/cocina\/wp-content\/uploads\/2019\/04\/canapes-3.jpg?fit=1920%2C1080&amp;ssl=1\" data-orig-size=\"1920,1080\" data-comments-opened=\"0\" data-image-meta=\"{&quot;aperture&quot;:&quot;0&quot;,&quot;credit&quot;:&quot;&quot;,&quot;camera&quot;:&quot;&quot;,&quot;caption&quot;:&quot;&quot;,&quot;created_timestamp&quot;:&quot;0&quot;,&quot;copyright&quot;:&quot;&quot;,&quot;focal_length&quot;:&quot;0&quot;,&quot;iso&quot;:&quot;0&quot;,&quot;shutter_speed&quot;:&quot;0&quot;,&quot;title&quot;:&quot;&quot;,&quot;orientation&quot;:&quot;0&quot;}\" data-image-title=\"canapes-3\" data-image-description=\"\" data-image-caption=\"&lt;p&gt;Canap\u00e9s: siempre bienvenidos&lt;\/p&gt;\n\" data-large-file=\"https:\/\/i0.wp.com\/le-fort.org\/cocina\/wp-content\/uploads\/2019\/04\/canapes-3.jpg?fit=1200%2C675&amp;ssl=1\" class=\"size-full wp-image-14009\" src=\"https:\/\/i0.wp.com\/www.le-fort.org\/wp-content\/uploads\/2019\/04\/canapes-3.jpg?resize=1200%2C675&#038;ssl=1\" alt=\"bocaditos de sal en Loja: canap\u00e9s\" width=\"1200\" height=\"675\" srcset=\"https:\/\/i0.wp.com\/le-fort.org\/cocina\/wp-content\/uploads\/2019\/04\/canapes-3.jpg?w=1920&amp;ssl=1 1920w, https:\/\/i0.wp.com\/le-fort.org\/cocina\/wp-content\/uploads\/2019\/04\/canapes-3.jpg?resize=600%2C338&amp;ssl=1 600w, https:\/\/i0.wp.com\/le-fort.org\/cocina\/wp-content\/uploads\/2019\/04\/canapes-3.jpg?resize=1280%2C720&amp;ssl=1 1280w, https:\/\/i0.wp.com\/le-fort.org\/cocina\/wp-content\/uploads\/2019\/04\/canapes-3.jpg?resize=2%2C1&amp;ssl=1 2w\" sizes=\"auto, (max-width: 1200px) 100vw, 1200px\" \/><figcaption id=\"caption-attachment-14009\" class=\"wp-caption-text\">Canap\u00e9s: siempre bienvenidos<\/figcaption><\/figure>\n<h2>Bocaditos de Sal<\/h2>\n<p>En el taller realizamos y degustamos los siguientes bocaditos:<\/p>\n<p>Canap\u00e9s de <a href=\"https:\/\/www.le-fort.org\/pasta-de-jamon-y-pepinillos\/\">pasta rusa<\/a>, huevo-anchoa y tomate-aj\u00ed.<\/p>\n<figure id=\"attachment_14010\" aria-describedby=\"caption-attachment-14010\" style=\"width: 1920px\" class=\"wp-caption aligncenter\"><img data-recalc-dims=\"1\" loading=\"lazy\" decoding=\"async\" data-attachment-id=\"14010\" data-permalink=\"https:\/\/le-fort.org\/cocina\/bocaditos-loja\/canapes-tomate\/\" data-orig-file=\"https:\/\/i0.wp.com\/le-fort.org\/cocina\/wp-content\/uploads\/2019\/04\/canapes-tomate.jpg?fit=1920%2C1080&amp;ssl=1\" data-orig-size=\"1920,1080\" data-comments-opened=\"0\" data-image-meta=\"{&quot;aperture&quot;:&quot;0&quot;,&quot;credit&quot;:&quot;&quot;,&quot;camera&quot;:&quot;&quot;,&quot;caption&quot;:&quot;&quot;,&quot;created_timestamp&quot;:&quot;0&quot;,&quot;copyright&quot;:&quot;&quot;,&quot;focal_length&quot;:&quot;0&quot;,&quot;iso&quot;:&quot;0&quot;,&quot;shutter_speed&quot;:&quot;0&quot;,&quot;title&quot;:&quot;&quot;,&quot;orientation&quot;:&quot;0&quot;}\" data-image-title=\"canapes-tomate\" data-image-description=\"\" data-image-caption=\"&lt;p&gt;Canap\u00e9s tomate-aj\u00ed&lt;\/p&gt;\n\" data-large-file=\"https:\/\/i0.wp.com\/le-fort.org\/cocina\/wp-content\/uploads\/2019\/04\/canapes-tomate.jpg?fit=1200%2C675&amp;ssl=1\" class=\"size-full wp-image-14010\" src=\"https:\/\/i0.wp.com\/www.le-fort.org\/wp-content\/uploads\/2019\/04\/canapes-tomate.jpg?resize=1200%2C675&#038;ssl=1\" alt=\"bocaditos de sal en Loja: canap\u00e9s\" width=\"1200\" height=\"675\" srcset=\"https:\/\/i0.wp.com\/le-fort.org\/cocina\/wp-content\/uploads\/2019\/04\/canapes-tomate.jpg?w=1920&amp;ssl=1 1920w, https:\/\/i0.wp.com\/le-fort.org\/cocina\/wp-content\/uploads\/2019\/04\/canapes-tomate.jpg?resize=600%2C338&amp;ssl=1 600w, https:\/\/i0.wp.com\/le-fort.org\/cocina\/wp-content\/uploads\/2019\/04\/canapes-tomate.jpg?resize=1280%2C720&amp;ssl=1 1280w, https:\/\/i0.wp.com\/le-fort.org\/cocina\/wp-content\/uploads\/2019\/04\/canapes-tomate.jpg?resize=2%2C1&amp;ssl=1 2w\" sizes=\"auto, (max-width: 1200px) 100vw, 1200px\" \/><figcaption id=\"caption-attachment-14010\" class=\"wp-caption-text\">Canap\u00e9s tomate-aj\u00ed<\/figcaption><\/figure>\n<p><em>Vol-au vents<\/em>, de ave pimiento, y de champi\u00f1ones a la provenzal.<\/p>\n<figure id=\"attachment_14022\" aria-describedby=\"caption-attachment-14022\" style=\"width: 1920px\" class=\"wp-caption aligncenter\"><img data-recalc-dims=\"1\" loading=\"lazy\" decoding=\"async\" data-attachment-id=\"14022\" data-permalink=\"https:\/\/le-fort.org\/cocina\/bocaditos-loja\/volauvents-2\/\" data-orig-file=\"https:\/\/i0.wp.com\/le-fort.org\/cocina\/wp-content\/uploads\/2019\/04\/volauvents-2.jpg?fit=1920%2C1080&amp;ssl=1\" data-orig-size=\"1920,1080\" data-comments-opened=\"0\" data-image-meta=\"{&quot;aperture&quot;:&quot;0&quot;,&quot;credit&quot;:&quot;&quot;,&quot;camera&quot;:&quot;&quot;,&quot;caption&quot;:&quot;&quot;,&quot;created_timestamp&quot;:&quot;0&quot;,&quot;copyright&quot;:&quot;&quot;,&quot;focal_length&quot;:&quot;0&quot;,&quot;iso&quot;:&quot;0&quot;,&quot;shutter_speed&quot;:&quot;0&quot;,&quot;title&quot;:&quot;&quot;,&quot;orientation&quot;:&quot;0&quot;}\" data-image-title=\"volauvents-2\" data-image-description=\"\" data-image-caption=\"&lt;p&gt;Vola-au-vents, o volovanes&lt;\/p&gt;\n\" data-large-file=\"https:\/\/i0.wp.com\/le-fort.org\/cocina\/wp-content\/uploads\/2019\/04\/volauvents-2.jpg?fit=1200%2C675&amp;ssl=1\" class=\"size-full wp-image-14022\" src=\"https:\/\/i0.wp.com\/www.le-fort.org\/wp-content\/uploads\/2019\/04\/volauvents-2.jpg?resize=1200%2C675&#038;ssl=1\" alt=\"bocaditos de sal en Loja: volovanes\" width=\"1200\" height=\"675\" srcset=\"https:\/\/i0.wp.com\/le-fort.org\/cocina\/wp-content\/uploads\/2019\/04\/volauvents-2.jpg?w=1920&amp;ssl=1 1920w, https:\/\/i0.wp.com\/le-fort.org\/cocina\/wp-content\/uploads\/2019\/04\/volauvents-2.jpg?resize=600%2C338&amp;ssl=1 600w, https:\/\/i0.wp.com\/le-fort.org\/cocina\/wp-content\/uploads\/2019\/04\/volauvents-2.jpg?resize=1280%2C720&amp;ssl=1 1280w, https:\/\/i0.wp.com\/le-fort.org\/cocina\/wp-content\/uploads\/2019\/04\/volauvents-2.jpg?resize=2%2C1&amp;ssl=1 2w\" sizes=\"auto, (max-width: 1200px) 100vw, 1200px\" \/><figcaption id=\"caption-attachment-14022\" class=\"wp-caption-text\"><em>Vola-au-vents<\/em>, o volovanes<\/figcaption><\/figure>\n<p>Brochetas caprese y satay<\/p>\n<figure id=\"attachment_14006\" aria-describedby=\"caption-attachment-14006\" style=\"width: 1920px\" class=\"wp-caption aligncenter\"><img data-recalc-dims=\"1\" loading=\"lazy\" decoding=\"async\" data-attachment-id=\"14006\" data-permalink=\"https:\/\/le-fort.org\/cocina\/bocaditos-loja\/brochetas\/\" data-orig-file=\"https:\/\/i0.wp.com\/le-fort.org\/cocina\/wp-content\/uploads\/2019\/04\/brochetas.jpg?fit=1920%2C1080&amp;ssl=1\" data-orig-size=\"1920,1080\" data-comments-opened=\"0\" data-image-meta=\"{&quot;aperture&quot;:&quot;0&quot;,&quot;credit&quot;:&quot;&quot;,&quot;camera&quot;:&quot;&quot;,&quot;caption&quot;:&quot;&quot;,&quot;created_timestamp&quot;:&quot;0&quot;,&quot;copyright&quot;:&quot;&quot;,&quot;focal_length&quot;:&quot;0&quot;,&quot;iso&quot;:&quot;0&quot;,&quot;shutter_speed&quot;:&quot;0&quot;,&quot;title&quot;:&quot;&quot;,&quot;orientation&quot;:&quot;0&quot;}\" data-image-title=\"brochetas\" data-image-description=\"\" data-image-caption=\"&lt;p&gt;Brochetas&lt;\/p&gt;\n\" data-large-file=\"https:\/\/i0.wp.com\/le-fort.org\/cocina\/wp-content\/uploads\/2019\/04\/brochetas.jpg?fit=1200%2C675&amp;ssl=1\" class=\"size-full wp-image-14006\" src=\"https:\/\/i0.wp.com\/www.le-fort.org\/wp-content\/uploads\/2019\/04\/brochetas.jpg?resize=1200%2C675&#038;ssl=1\" alt=\"bocaditos de sal en Loja: brochetas\" width=\"1200\" height=\"675\" srcset=\"https:\/\/i0.wp.com\/le-fort.org\/cocina\/wp-content\/uploads\/2019\/04\/brochetas.jpg?w=1920&amp;ssl=1 1920w, https:\/\/i0.wp.com\/le-fort.org\/cocina\/wp-content\/uploads\/2019\/04\/brochetas.jpg?resize=600%2C338&amp;ssl=1 600w, https:\/\/i0.wp.com\/le-fort.org\/cocina\/wp-content\/uploads\/2019\/04\/brochetas.jpg?resize=1280%2C720&amp;ssl=1 1280w, https:\/\/i0.wp.com\/le-fort.org\/cocina\/wp-content\/uploads\/2019\/04\/brochetas.jpg?resize=2%2C1&amp;ssl=1 2w\" sizes=\"auto, (max-width: 1200px) 100vw, 1200px\" \/><figcaption id=\"caption-attachment-14006\" class=\"wp-caption-text\">Brochetas<\/figcaption><\/figure>\n<p>Empanaditas de queso y <a href=\"https:\/\/www.le-fort.org\/receta-de-samosas-vegetarianas\/\">samosas<\/a><\/p>\n<figure id=\"attachment_14013\" aria-describedby=\"caption-attachment-14013\" style=\"width: 1920px\" class=\"wp-caption aligncenter\"><img data-recalc-dims=\"1\" loading=\"lazy\" decoding=\"async\" data-attachment-id=\"14013\" data-permalink=\"https:\/\/le-fort.org\/cocina\/bocaditos-loja\/empanaditas\/\" data-orig-file=\"https:\/\/i0.wp.com\/le-fort.org\/cocina\/wp-content\/uploads\/2019\/04\/empanaditas.jpg?fit=1920%2C1080&amp;ssl=1\" data-orig-size=\"1920,1080\" data-comments-opened=\"0\" data-image-meta=\"{&quot;aperture&quot;:&quot;0&quot;,&quot;credit&quot;:&quot;&quot;,&quot;camera&quot;:&quot;&quot;,&quot;caption&quot;:&quot;&quot;,&quot;created_timestamp&quot;:&quot;0&quot;,&quot;copyright&quot;:&quot;&quot;,&quot;focal_length&quot;:&quot;0&quot;,&quot;iso&quot;:&quot;0&quot;,&quot;shutter_speed&quot;:&quot;0&quot;,&quot;title&quot;:&quot;&quot;,&quot;orientation&quot;:&quot;0&quot;}\" data-image-title=\"empanaditas\" data-image-description=\"\" data-image-caption=\"&lt;p&gt;Empanaditas de queso&lt;\/p&gt;\n\" data-large-file=\"https:\/\/i0.wp.com\/le-fort.org\/cocina\/wp-content\/uploads\/2019\/04\/empanaditas.jpg?fit=1200%2C675&amp;ssl=1\" class=\"size-full wp-image-14013\" src=\"https:\/\/i0.wp.com\/www.le-fort.org\/wp-content\/uploads\/2019\/04\/empanaditas.jpg?resize=1200%2C675&#038;ssl=1\" alt=\"bocaditos de sal en Loja: empanaditas\" width=\"1200\" height=\"675\" srcset=\"https:\/\/i0.wp.com\/le-fort.org\/cocina\/wp-content\/uploads\/2019\/04\/empanaditas.jpg?w=1920&amp;ssl=1 1920w, https:\/\/i0.wp.com\/le-fort.org\/cocina\/wp-content\/uploads\/2019\/04\/empanaditas.jpg?resize=600%2C338&amp;ssl=1 600w, https:\/\/i0.wp.com\/le-fort.org\/cocina\/wp-content\/uploads\/2019\/04\/empanaditas.jpg?resize=1280%2C720&amp;ssl=1 1280w, https:\/\/i0.wp.com\/le-fort.org\/cocina\/wp-content\/uploads\/2019\/04\/empanaditas.jpg?resize=2%2C1&amp;ssl=1 2w\" sizes=\"auto, (max-width: 1200px) 100vw, 1200px\" \/><figcaption id=\"caption-attachment-14013\" class=\"wp-caption-text\">Empanaditas de queso<\/figcaption><\/figure>\n<p>Como hasta ahora, realizamos el taller con el aval de la <a href=\"http:\/\/chefs.ec?src=lefortorg\">Asociaci\u00f3n de Chefs del Ecuador<\/a>, y como hasta ahora tambi\u00e9n, lo pasamos muy bien.<\/p>\n<figure id=\"attachment_14016\" aria-describedby=\"caption-attachment-14016\" style=\"width: 1920px\" class=\"wp-caption aligncenter\"><img data-recalc-dims=\"1\" loading=\"lazy\" decoding=\"async\" data-attachment-id=\"14016\" data-permalink=\"https:\/\/le-fort.org\/cocina\/bocaditos-loja\/fotos\/\" data-orig-file=\"https:\/\/i0.wp.com\/le-fort.org\/cocina\/wp-content\/uploads\/2019\/04\/fotos.jpg?fit=1920%2C1080&amp;ssl=1\" data-orig-size=\"1920,1080\" data-comments-opened=\"0\" data-image-meta=\"{&quot;aperture&quot;:&quot;0&quot;,&quot;credit&quot;:&quot;&quot;,&quot;camera&quot;:&quot;&quot;,&quot;caption&quot;:&quot;&quot;,&quot;created_timestamp&quot;:&quot;0&quot;,&quot;copyright&quot;:&quot;&quot;,&quot;focal_length&quot;:&quot;0&quot;,&quot;iso&quot;:&quot;0&quot;,&quot;shutter_speed&quot;:&quot;0&quot;,&quot;title&quot;:&quot;&quot;,&quot;orientation&quot;:&quot;0&quot;}\" data-image-title=\"fotos\" data-image-description=\"\" data-image-caption=\"\" data-large-file=\"https:\/\/i0.wp.com\/le-fort.org\/cocina\/wp-content\/uploads\/2019\/04\/fotos.jpg?fit=1200%2C675&amp;ssl=1\" class=\"wp-image-14016 size-full\" src=\"https:\/\/i0.wp.com\/www.le-fort.org\/wp-content\/uploads\/2019\/04\/fotos.jpg?resize=1200%2C675&#038;ssl=1\" alt=\"bocaditos de sal en Loja: fotos\" width=\"1200\" height=\"675\" srcset=\"https:\/\/i0.wp.com\/le-fort.org\/cocina\/wp-content\/uploads\/2019\/04\/fotos.jpg?w=1920&amp;ssl=1 1920w, https:\/\/i0.wp.com\/le-fort.org\/cocina\/wp-content\/uploads\/2019\/04\/fotos.jpg?resize=600%2C338&amp;ssl=1 600w, https:\/\/i0.wp.com\/le-fort.org\/cocina\/wp-content\/uploads\/2019\/04\/fotos.jpg?resize=1280%2C720&amp;ssl=1 1280w, https:\/\/i0.wp.com\/le-fort.org\/cocina\/wp-content\/uploads\/2019\/04\/fotos.jpg?resize=2%2C1&amp;ssl=1 2w\" sizes=\"auto, (max-width: 1200px) 100vw, 1200px\" \/><figcaption id=\"caption-attachment-14016\" class=\"wp-caption-text\">Fotografiando <em><span style=\"text-decoration: underline;\">vol au vents<\/span><\/em><\/figcaption><\/figure>\n<figure id=\"attachment_14015\" aria-describedby=\"caption-attachment-14015\" style=\"width: 1920px\" class=\"wp-caption aligncenter\"><img data-recalc-dims=\"1\" loading=\"lazy\" decoding=\"async\" data-attachment-id=\"14015\" data-permalink=\"https:\/\/le-fort.org\/cocina\/bocaditos-loja\/fotitos\/\" data-orig-file=\"https:\/\/i0.wp.com\/le-fort.org\/cocina\/wp-content\/uploads\/2019\/04\/fotitos.jpg?fit=1920%2C1080&amp;ssl=1\" data-orig-size=\"1920,1080\" data-comments-opened=\"0\" data-image-meta=\"{&quot;aperture&quot;:&quot;0&quot;,&quot;credit&quot;:&quot;&quot;,&quot;camera&quot;:&quot;&quot;,&quot;caption&quot;:&quot;&quot;,&quot;created_timestamp&quot;:&quot;0&quot;,&quot;copyright&quot;:&quot;&quot;,&quot;focal_length&quot;:&quot;0&quot;,&quot;iso&quot;:&quot;0&quot;,&quot;shutter_speed&quot;:&quot;0&quot;,&quot;title&quot;:&quot;&quot;,&quot;orientation&quot;:&quot;0&quot;}\" data-image-title=\"fotitos\" data-image-description=\"\" data-image-caption=\"\" data-large-file=\"https:\/\/i0.wp.com\/le-fort.org\/cocina\/wp-content\/uploads\/2019\/04\/fotitos.jpg?fit=1200%2C675&amp;ssl=1\" class=\"wp-image-14015 size-full\" src=\"https:\/\/i0.wp.com\/www.le-fort.org\/wp-content\/uploads\/2019\/04\/fotitos.jpg?resize=1200%2C675&#038;ssl=1\" alt=\"bocaditos de sal en Loja: fotografiando\" width=\"1200\" height=\"675\" srcset=\"https:\/\/i0.wp.com\/le-fort.org\/cocina\/wp-content\/uploads\/2019\/04\/fotitos.jpg?w=1920&amp;ssl=1 1920w, https:\/\/i0.wp.com\/le-fort.org\/cocina\/wp-content\/uploads\/2019\/04\/fotitos.jpg?resize=600%2C338&amp;ssl=1 600w, https:\/\/i0.wp.com\/le-fort.org\/cocina\/wp-content\/uploads\/2019\/04\/fotitos.jpg?resize=1280%2C720&amp;ssl=1 1280w, https:\/\/i0.wp.com\/le-fort.org\/cocina\/wp-content\/uploads\/2019\/04\/fotitos.jpg?resize=2%2C1&amp;ssl=1 2w\" sizes=\"auto, (max-width: 1200px) 100vw, 1200px\" \/><figcaption id=\"caption-attachment-14015\" class=\"wp-caption-text\">Trabajando y fotografiando<\/figcaption><\/figure>\n<p>Nos vemos en el pr\u00f3ximo taller<\/p>\n<p><img data-recalc-dims=\"1\" loading=\"lazy\" decoding=\"async\" data-attachment-id=\"14017\" data-permalink=\"https:\/\/le-fort.org\/cocina\/bocaditos-loja\/picaditas-de-sal\/\" data-orig-file=\"https:\/\/i0.wp.com\/le-fort.org\/cocina\/wp-content\/uploads\/2019\/04\/picaditas-de-sal.jpg?fit=1240%2C1754&amp;ssl=1\" data-orig-size=\"1240,1754\" data-comments-opened=\"0\" data-image-meta=\"{&quot;aperture&quot;:&quot;0&quot;,&quot;credit&quot;:&quot;&quot;,&quot;camera&quot;:&quot;&quot;,&quot;caption&quot;:&quot;&quot;,&quot;created_timestamp&quot;:&quot;0&quot;,&quot;copyright&quot;:&quot;&quot;,&quot;focal_length&quot;:&quot;0&quot;,&quot;iso&quot;:&quot;0&quot;,&quot;shutter_speed&quot;:&quot;0&quot;,&quot;title&quot;:&quot;&quot;,&quot;orientation&quot;:&quot;0&quot;}\" data-image-title=\"picaditas de sal\" data-image-description=\"\" data-image-caption=\"\" data-large-file=\"https:\/\/i0.wp.com\/le-fort.org\/cocina\/wp-content\/uploads\/2019\/04\/picaditas-de-sal.jpg?fit=679%2C960&amp;ssl=1\" class=\"aligncenter size-large wp-image-14017\" src=\"https:\/\/i0.wp.com\/www.le-fort.org\/wp-content\/uploads\/2019\/04\/picaditas-de-sal-679x960.jpg?resize=654%2C925&#038;ssl=1\" alt=\"Portada documento bocaditos de sal en loja\" width=\"654\" height=\"925\" srcset=\"https:\/\/i0.wp.com\/le-fort.org\/cocina\/wp-content\/uploads\/2019\/04\/picaditas-de-sal.jpg?resize=679%2C960&amp;ssl=1 679w, https:\/\/i0.wp.com\/le-fort.org\/cocina\/wp-content\/uploads\/2019\/04\/picaditas-de-sal.jpg?resize=424%2C600&amp;ssl=1 424w, https:\/\/i0.wp.com\/le-fort.org\/cocina\/wp-content\/uploads\/2019\/04\/picaditas-de-sal.jpg?resize=1%2C1&amp;ssl=1 1w, https:\/\/i0.wp.com\/le-fort.org\/cocina\/wp-content\/uploads\/2019\/04\/picaditas-de-sal.jpg?w=1240&amp;ssl=1 1240w\" sizes=\"auto, (max-width: 654px) 100vw, 654px\" \/><\/p>\n<h2>Participantes en el taller de bocaditos de sal en Loja<\/h2>\n<p>Para validar el certificado de asistencia, que enlaza a esta p\u00e1gina a trav\u00e9s de un c\u00f3digo QR, publicamos la lista de asistentes:<\/p>\n<ul>\n<li>Vicente Castillo Logro\u00f1o<\/li>\n<li>Petita Ullaguari<\/li>\n<li>Nidia Elizabeth Tamayo Cordero<\/li>\n<li>Dalinda Mina Segura<\/li>\n<\/ul>\n<p>&nbsp;<\/p>\n","protected":false},"excerpt":{"rendered":"<p>El s\u00e1bado 13 de abril de 2019 realizamos un taller de picaditas de sal (o sea bocaditos) en la ciudad de Loja.<\/p>\n","protected":false},"author":1,"featured_media":14018,"comment_status":"closed","ping_status":"closed","sticky":false,"template":"","format":"standard","meta":{"_jetpack_newsletter_access":"","_jetpack_dont_email_post_to_subs":false,"_jetpack_newsletter_tier_id":0,"_jetpack_memberships_contains_paywalled_content":false,"_jetpack_memberships_contains_paid_content":false,"footnotes":""},"categories":[251],"tags":[874,875,136,876,822,371,877],"class_list":["post-14003","post","type-post","status-publish","format-standard","has-post-thumbnail","hentry","category-educacion","tag-bocaditos","tag-bocaditos-de-sal","tag-brochetas","tag-canape","tag-loja","tag-piqueos","tag-vol-au-vent","entry","has-media"],"jetpack_featured_media_url":"https:\/\/i0.wp.com\/le-fort.org\/cocina\/wp-content\/uploads\/2019\/04\/picaditas-hd.jpg?fit=1500%2C500&ssl=1","jetpack_shortlink":"https:\/\/wp.me\/pghKer-3DR","jetpack_sharing_enabled":true,"jetpack-related-posts":[{"id":14680,"url":"https:\/\/le-fort.org\/cocina\/bocaditos-en-cuenca\/","url_meta":{"origin":14003,"position":0},"title":"Bocaditos en Cuenca","author":"Le-Fort.org","date":"23 de Noviembre, 2019","format":false,"excerpt":"Realizamos dos talleres de bocaditos en la ciudad de Cuenca este noviembre: Bocaditos de dulce el 22 de noviembre, y de sal el 23 de noviembre. Bocaditos de Dulce El viernes preparamos bocaditos de dulce. Tartaletas, brochetas de fruta, hojaldres, shots y m\u00e1s. Bocaditos de sal El d\u00eda s\u00e1bado preparamos\u2026","rel":"","context":"En &quot;Educaci\u00f3n&quot;","block_context":{"text":"Educaci\u00f3n","link":"https:\/\/le-fort.org\/cocina\/categoria\/educacion\/"},"img":{"alt_text":"","src":"https:\/\/i0.wp.com\/le-fort.org\/cocina\/wp-content\/uploads\/2019\/06\/tartaletas-hd.jpg?fit=1200%2C400&ssl=1&resize=350%2C200","width":350,"height":200,"srcset":"https:\/\/i0.wp.com\/le-fort.org\/cocina\/wp-content\/uploads\/2019\/06\/tartaletas-hd.jpg?fit=1200%2C400&ssl=1&resize=350%2C200 1x, https:\/\/i0.wp.com\/le-fort.org\/cocina\/wp-content\/uploads\/2019\/06\/tartaletas-hd.jpg?fit=1200%2C400&ssl=1&resize=525%2C300 1.5x, https:\/\/i0.wp.com\/le-fort.org\/cocina\/wp-content\/uploads\/2019\/06\/tartaletas-hd.jpg?fit=1200%2C400&ssl=1&resize=700%2C400 2x, https:\/\/i0.wp.com\/le-fort.org\/cocina\/wp-content\/uploads\/2019\/06\/tartaletas-hd.jpg?fit=1200%2C400&ssl=1&resize=1050%2C600 3x"},"classes":[]},{"id":11693,"url":"https:\/\/le-fort.org\/cocina\/bocaditos-empanadas-la-libertad\/","url_meta":{"origin":14003,"position":1},"title":"Bocaditos y Empanadas en La Libertad","author":"Le-Fort.org","date":"23 de Agosto, 2016","format":false,"excerpt":"Tuvimos el agrado de participar en un curso de bocaditos y empanadas dictado en la Escuela de Alta Cocina Arte Chef en La Libertad, organizado por la Prefectura de Santa Elena. El Chef Patricio Iza aport\u00f3 su vasta experiencia en los bocaditos y nosotros, de la mano del conocimiento de\u2026","rel":"","context":"En &quot;Educaci\u00f3n&quot;","block_context":{"text":"Educaci\u00f3n","link":"https:\/\/le-fort.org\/cocina\/categoria\/educacion\/"},"img":{"alt_text":"","src":"https:\/\/i0.wp.com\/le-fort.org\/cocina\/wp-content\/uploads\/2018\/02\/empanadas-bocaditos-hd.jpg?fit=1200%2C400&ssl=1&resize=350%2C200","width":350,"height":200,"srcset":"https:\/\/i0.wp.com\/le-fort.org\/cocina\/wp-content\/uploads\/2018\/02\/empanadas-bocaditos-hd.jpg?fit=1200%2C400&ssl=1&resize=350%2C200 1x, https:\/\/i0.wp.com\/le-fort.org\/cocina\/wp-content\/uploads\/2018\/02\/empanadas-bocaditos-hd.jpg?fit=1200%2C400&ssl=1&resize=525%2C300 1.5x, https:\/\/i0.wp.com\/le-fort.org\/cocina\/wp-content\/uploads\/2018\/02\/empanadas-bocaditos-hd.jpg?fit=1200%2C400&ssl=1&resize=700%2C400 2x, https:\/\/i0.wp.com\/le-fort.org\/cocina\/wp-content\/uploads\/2018\/02\/empanadas-bocaditos-hd.jpg?fit=1200%2C400&ssl=1&resize=1050%2C600 3x"},"classes":[]},{"id":3548,"url":"https:\/\/le-fort.org\/cocina\/khasta-kachori-bocaditos-fritos-de-masa-y-porotos-mung\/","url_meta":{"origin":14003,"position":2},"title":"Khasta Kachori: Bocaditos Fritos de Masa y Porotos Mung","author":"Le-Fort.org","date":"10 de Mayo, 2013","format":false,"excerpt":"Los khasta kachori son bocaditos fritos de masa de harina de trigo rellena con porotos especiados. Son parte de la comida india y son originarios de Rajast\u00e1n.","rel":"","context":"En &quot;Comida&quot;","block_context":{"text":"Comida","link":"https:\/\/le-fort.org\/cocina\/categoria\/cocina-comida\/"},"img":{"alt_text":"","src":"https:\/\/i0.wp.com\/le-fort.org\/cocina\/wp-content\/uploads\/2013\/05\/hd3.jpg?fit=614%2C225&ssl=1&resize=350%2C200","width":350,"height":200,"srcset":"https:\/\/i0.wp.com\/le-fort.org\/cocina\/wp-content\/uploads\/2013\/05\/hd3.jpg?fit=614%2C225&ssl=1&resize=350%2C200 1x, https:\/\/i0.wp.com\/le-fort.org\/cocina\/wp-content\/uploads\/2013\/05\/hd3.jpg?fit=614%2C225&ssl=1&resize=525%2C300 1.5x"},"classes":[]},{"id":8248,"url":"https:\/\/le-fort.org\/cocina\/taller-gastronomia-manantial-guangala\/","url_meta":{"origin":14003,"position":3},"title":"Manantial de Guangala","author":"Le-Fort.org","date":"1 de Julio, 2016","format":false,"excerpt":"Colaboramos con la Escuela de Alta Cocina Arte Chef en Manantial de Guangala, Santa Elena.","rel":"","context":"En &quot;Educaci\u00f3n&quot;","block_context":{"text":"Educaci\u00f3n","link":"https:\/\/le-fort.org\/cocina\/categoria\/educacion\/"},"img":{"alt_text":"","src":"https:\/\/i0.wp.com\/le-fort.org\/cocina\/wp-content\/uploads\/2016\/06\/guangala-hd-3.jpg?fit=1200%2C400&ssl=1&resize=350%2C200","width":350,"height":200,"srcset":"https:\/\/i0.wp.com\/le-fort.org\/cocina\/wp-content\/uploads\/2016\/06\/guangala-hd-3.jpg?fit=1200%2C400&ssl=1&resize=350%2C200 1x, https:\/\/i0.wp.com\/le-fort.org\/cocina\/wp-content\/uploads\/2016\/06\/guangala-hd-3.jpg?fit=1200%2C400&ssl=1&resize=525%2C300 1.5x, https:\/\/i0.wp.com\/le-fort.org\/cocina\/wp-content\/uploads\/2016\/06\/guangala-hd-3.jpg?fit=1200%2C400&ssl=1&resize=700%2C400 2x, https:\/\/i0.wp.com\/le-fort.org\/cocina\/wp-content\/uploads\/2016\/06\/guangala-hd-3.jpg?fit=1200%2C400&ssl=1&resize=1050%2C600 3x"},"classes":[]},{"id":14309,"url":"https:\/\/le-fort.org\/cocina\/carnes-salsas-loja\/","url_meta":{"origin":14003,"position":4},"title":"Taller de Carnes y Salsas en Loja","author":"Le-Fort.org","date":"3 de Agosto, 2019","format":false,"excerpt":"Taller de carnes y salsas en Loja. Parrilla y horno. Comimos mucho y muy bien :)","rel":"","context":"En &quot;Educaci\u00f3n&quot;","block_context":{"text":"Educaci\u00f3n","link":"https:\/\/le-fort.org\/cocina\/categoria\/educacion\/"},"img":{"alt_text":"","src":"https:\/\/i0.wp.com\/le-fort.org\/cocina\/wp-content\/uploads\/2019\/08\/asado-hd.jpg?fit=1200%2C400&ssl=1&resize=350%2C200","width":350,"height":200,"srcset":"https:\/\/i0.wp.com\/le-fort.org\/cocina\/wp-content\/uploads\/2019\/08\/asado-hd.jpg?fit=1200%2C400&ssl=1&resize=350%2C200 1x, https:\/\/i0.wp.com\/le-fort.org\/cocina\/wp-content\/uploads\/2019\/08\/asado-hd.jpg?fit=1200%2C400&ssl=1&resize=525%2C300 1.5x, https:\/\/i0.wp.com\/le-fort.org\/cocina\/wp-content\/uploads\/2019\/08\/asado-hd.jpg?fit=1200%2C400&ssl=1&resize=700%2C400 2x, https:\/\/i0.wp.com\/le-fort.org\/cocina\/wp-content\/uploads\/2019\/08\/asado-hd.jpg?fit=1200%2C400&ssl=1&resize=1050%2C600 3x"},"classes":[]},{"id":13608,"url":"https:\/\/le-fort.org\/cocina\/empanadas-chilenas-en-loja\/","url_meta":{"origin":14003,"position":5},"title":"Empanadas Chilenas en Loja","author":"Le-Fort.org","date":"2 de Febrero, 2019","format":false,"excerpt":"Taller de empanadas Chilenas en Loja","rel":"","context":"En &quot;Educaci\u00f3n&quot;","block_context":{"text":"Educaci\u00f3n","link":"https:\/\/le-fort.org\/cocina\/categoria\/educacion\/"},"img":{"alt_text":"","src":"https:\/\/i0.wp.com\/le-fort.org\/cocina\/wp-content\/uploads\/2019\/02\/empanadas-de-queso-hd.jpg?fit=1200%2C400&ssl=1&resize=350%2C200","width":350,"height":200,"srcset":"https:\/\/i0.wp.com\/le-fort.org\/cocina\/wp-content\/uploads\/2019\/02\/empanadas-de-queso-hd.jpg?fit=1200%2C400&ssl=1&resize=350%2C200 1x, https:\/\/i0.wp.com\/le-fort.org\/cocina\/wp-content\/uploads\/2019\/02\/empanadas-de-queso-hd.jpg?fit=1200%2C400&ssl=1&resize=525%2C300 1.5x, https:\/\/i0.wp.com\/le-fort.org\/cocina\/wp-content\/uploads\/2019\/02\/empanadas-de-queso-hd.jpg?fit=1200%2C400&ssl=1&resize=700%2C400 2x, https:\/\/i0.wp.com\/le-fort.org\/cocina\/wp-content\/uploads\/2019\/02\/empanadas-de-queso-hd.jpg?fit=1200%2C400&ssl=1&resize=1050%2C600 3x"},"classes":[]}],"_links":{"self":[{"href":"https:\/\/le-fort.org\/cocina\/wp-json\/wp\/v2\/posts\/14003","targetHints":{"allow":["GET"]}}],"collection":[{"href":"https:\/\/le-fort.org\/cocina\/wp-json\/wp\/v2\/posts"}],"about":[{"href":"https:\/\/le-fort.org\/cocina\/wp-json\/wp\/v2\/types\/post"}],"author":[{"embeddable":true,"href":"https:\/\/le-fort.org\/cocina\/wp-json\/wp\/v2\/users\/1"}],"replies":[{"embeddable":true,"href":"https:\/\/le-fort.org\/cocina\/wp-json\/wp\/v2\/comments?post=14003"}],"version-history":[{"count":5,"href":"https:\/\/le-fort.org\/cocina\/wp-json\/wp\/v2\/posts\/14003\/revisions"}],"predecessor-version":[{"id":14027,"href":"https:\/\/le-fort.org\/cocina\/wp-json\/wp\/v2\/posts\/14003\/revisions\/14027"}],"wp:featuredmedia":[{"embeddable":true,"href":"https:\/\/le-fort.org\/cocina\/wp-json\/wp\/v2\/media\/14018"}],"wp:attachment":[{"href":"https:\/\/le-fort.org\/cocina\/wp-json\/wp\/v2\/media?parent=14003"}],"wp:term":[{"taxonomy":"category","embeddable":true,"href":"https:\/\/le-fort.org\/cocina\/wp-json\/wp\/v2\/categories?post=14003"},{"taxonomy":"post_tag","embeddable":true,"href":"https:\/\/le-fort.org\/cocina\/wp-json\/wp\/v2\/tags?post=14003"}],"curies":[{"name":"wp","href":"https:\/\/api.w.org\/{rel}","templated":true}]}}