{"id":1441,"date":"2014-11-07T15:39:14","date_gmt":"2014-11-07T18:39:14","guid":{"rendered":"http:\/\/www.sanguchologia.org\/?p=1441"},"modified":"2017-12-21T23:54:30","modified_gmt":"2017-12-22T04:54:30","slug":"la-mechada-nacional","status":"publish","type":"post","link":"https:\/\/le-fort.org\/cocina\/la-mechada-nacional\/","title":{"rendered":"La Mechada Nacional"},"content":{"rendered":"<p>Nueva rese\u00f1a de Gonzalo Duarte, esta vez de la <em><strong>Mechada Nacional<\/strong><\/em>. Como su nombre lo indica se dedican a la mechada o como le dicen en Colombia, desmechada).<!--more--><\/p>\n<blockquote>\n<p dir=\"ltr\">Hoy me vine en moto a la pega, y como estaciono en otro lado, me cruc\u00e9 con un nuevo local, llamado La Mechada Nacional. Fui a almorzar y me com\u00ed una mechada de cerdo chacarera.<\/p>\n<p dir=\"ltr\">El local abri\u00f3 hoy, as\u00ed que es una escoba nueva. Tienen mechada ( propiamente tal, en mechas) de vacuno, cerdo y pollo que pueden ser italiana, Luco, chacarera o chilena (como la ensalada) y pan italiano o marraqueta.<br \/>\nEl esp\u00edritu es de comida r\u00e1pida,\u00a0 parecido al Hogs, a precio bastante razonable: s\u00e1ndwich + bebida entre $3500 y $4000. El tama\u00f1o es decente para no morir de sue\u00f1o despu\u00e9s de almuerzo.<\/p>\n<p dir=\"ltr\">Lo mejor: el pan &#8220;Mas fresco que el pan de ma\u00f1ana&#8221; La mechada nada de mal. El aj\u00ed sabroso y no pica.<\/p>\n<p dir=\"ltr\">Claramente voy a volver.<\/p>\n<p dir=\"ltr\">El local est\u00e1 en el paseo las palmas por el lado de Nva.Providencia y tiene una peque\u00f1a barra para comer de pie dentro del local, y unas mesitas afuera.<\/p>\n<\/blockquote>\n<figure id=\"attachment_1442\" aria-describedby=\"caption-attachment-1442\" style=\"width: 700px\" class=\"wp-caption aligncenter\"><img data-recalc-dims=\"1\" loading=\"lazy\" decoding=\"async\" class=\"size-full wp-image-1442\" src=\"https:\/\/i0.wp.com\/www.le-fort.org\/wp-content\/uploads\/2014\/11\/mechada-nacional.jpg?resize=700%2C500&#038;ssl=1\" alt=\"Mechada, o desmechada de la Mechada Nacional\" width=\"700\" height=\"500\" \/><figcaption id=\"caption-attachment-1442\" class=\"wp-caption-text\">Mechada, o desmechada de la Mechada Nacional<\/figcaption><\/figure>\n","protected":false},"excerpt":{"rendered":"<p>S\u00e1nguches de mechada en pan italiano o marraqueta de La Mechada Nacional. Rese\u00f1a de Gonzalo Duarte.<\/p>\n","protected":false},"author":6,"featured_media":11043,"comment_status":"open","ping_status":"closed","sticky":false,"template":"","format":"standard","meta":{"_jetpack_newsletter_access":"","_jetpack_dont_email_post_to_subs":false,"_jetpack_newsletter_tier_id":0,"_jetpack_memberships_contains_paywalled_content":false,"_jetpack_memberships_contains_paid_content":false,"footnotes":""},"categories":[387,419,416,379],"tags":[404,594,596,602,543],"class_list":["post-1441","post","type-post","status-publish","format-standard","has-post-thumbnail","hentry","category-chile","category-lugares","category-mechada","category-vacuno","tag-chacarero","tag-corresponsales","tag-gonzalo-duarte","tag-la-mechada-nacional","tag-villano-invitado","entry","has-media"],"jetpack_featured_media_url":"https:\/\/i0.wp.com\/le-fort.org\/cocina\/wp-content\/uploads\/2014\/11\/mechada-nacional.jpg?fit=700%2C500&ssl=1","jetpack_shortlink":"https:\/\/wp.me\/pghKer-nf","jetpack_sharing_enabled":true,"jetpack-related-posts":[{"id":281,"url":"https:\/\/le-fort.org\/cocina\/mechada-italiana-mechada-palta-tomate-mayo\/","url_meta":{"origin":1441,"position":0},"title":"Mechada Italiana: Mechada palta tomate mayo","author":"Maestro Sanguchero","date":"7 de Enero, 2010","format":false,"excerpt":"La foto no ayuda demasiado, pero la mechada italiana es una excelente cosa. La carne mechada es carne a la que se le han insertado verduras, tales como zanahoria y ajo y quiz\u00e1 tocino. y cocida en caldo o salsa de tomates. Los s\u00e1ndwiches de mechada van desde aquellos que\u2026","rel":"","context":"En &quot;Mechada&quot;","block_context":{"text":"Mechada","link":"https:\/\/le-fort.org\/cocina\/categoria\/mechada\/"},"img":{"alt_text":"","src":"","width":0,"height":0},"classes":[]},{"id":1679,"url":"https:\/\/le-fort.org\/cocina\/mechada-luco-casera-en-pan-de-molde\/","url_meta":{"origin":1441,"position":1},"title":"Mechada Luco Casera: En Pan de Molde","author":"Maestro Sanguchero","date":"28 de Marzo, 2015","format":false,"excerpt":"Hay ocasiones en que los astros se alinean. Nuestros amigos Ricardo y Yadira de La Ideota Guest House vinieron a visitarnos con una hermosa pieza de carne llamada Sal\u00f3n, que es ideal para preparar carne mechada. La carne fue mechada con ajo y zanahoria y cocida en olla a presi\u00f3n\u2026","rel":"","context":"En &quot;Mechada&quot;","block_context":{"text":"Mechada","link":"https:\/\/le-fort.org\/cocina\/categoria\/mechada\/"},"img":{"alt_text":"","src":"https:\/\/i0.wp.com\/le-fort.org\/cocina\/wp-content\/uploads\/2015\/03\/mechada-luco-hd-1.jpg?fit=1200%2C400&ssl=1&resize=350%2C200","width":350,"height":200,"srcset":"https:\/\/i0.wp.com\/le-fort.org\/cocina\/wp-content\/uploads\/2015\/03\/mechada-luco-hd-1.jpg?fit=1200%2C400&ssl=1&resize=350%2C200 1x, https:\/\/i0.wp.com\/le-fort.org\/cocina\/wp-content\/uploads\/2015\/03\/mechada-luco-hd-1.jpg?fit=1200%2C400&ssl=1&resize=525%2C300 1.5x, https:\/\/i0.wp.com\/le-fort.org\/cocina\/wp-content\/uploads\/2015\/03\/mechada-luco-hd-1.jpg?fit=1200%2C400&ssl=1&resize=700%2C400 2x, https:\/\/i0.wp.com\/le-fort.org\/cocina\/wp-content\/uploads\/2015\/03\/mechada-luco-hd-1.jpg?fit=1200%2C400&ssl=1&resize=1050%2C600 3x"},"classes":[]},{"id":582,"url":"https:\/\/le-fort.org\/cocina\/mechada-luco-casera\/","url_meta":{"origin":1441,"position":2},"title":"Mechada Luco Casera","author":"Maestro Sanguchero","date":"1 de Enero, 2013","format":false,"excerpt":"Mechada Luco Casera, con carne mechada en casa, pan hecho en casa, queso y mantequilla.","rel":"","context":"En &quot;Hecho en casa&quot;","block_context":{"text":"Hecho en casa","link":"https:\/\/le-fort.org\/cocina\/categoria\/hecho-en-casa\/"},"img":{"alt_text":"Ingredientes","src":"https:\/\/i0.wp.com\/www.le-fort.org\/wp-content\/uploads\/2013\/01\/2013-01-01_10-17-51_15.jpg?resize=350%2C200&ssl=1","width":350,"height":200,"srcset":"https:\/\/i0.wp.com\/www.le-fort.org\/wp-content\/uploads\/2013\/01\/2013-01-01_10-17-51_15.jpg?resize=350%2C200&ssl=1 1x, https:\/\/i0.wp.com\/www.le-fort.org\/wp-content\/uploads\/2013\/01\/2013-01-01_10-17-51_15.jpg?resize=525%2C300&ssl=1 1.5x"},"classes":[]},{"id":344,"url":"https:\/\/le-fort.org\/cocina\/mechada-luco-pimenton-la-busqueda-continua\/","url_meta":{"origin":1441,"position":3},"title":"Mechada Luco Piment\u00f3n. La b\u00fasqueda contin\u00faa","author":"Maestro Sanguchero","date":"10 de Enero, 2012","format":false,"excerpt":"Coment\u00e1bamos de la mala idea que fue el Barros Luco Piment\u00f3n. En su ejecuci\u00f3n, no en principio. Otra vuelta de tuerca fue much\u00edsimo mejor. Mechada Luco Piment\u00f3n en marraqueta, en un Domin\u00f3. De esas entradas como por casualidad hambrienta en un Domin\u00f3 previamente desconocido (11 de septiembre casi con Guardia\u2026","rel":"","context":"En &quot;Mechada&quot;","block_context":{"text":"Mechada","link":"https:\/\/le-fort.org\/cocina\/categoria\/mechada\/"},"img":{"alt_text":"","src":"","width":0,"height":0},"classes":[]},{"id":455,"url":"https:\/\/le-fort.org\/cocina\/mechada-rodeo-del-domino-seca-pero-buena\/","url_meta":{"origin":1441,"position":4},"title":"Mechada Rodeo del Domin\u00f3. Seca pero buena","author":"Maestro Sanguchero","date":"2 de Abril, 2012","format":false,"excerpt":"Pasamos con mi amada al Domin\u00f3 (Hu\u00e9rfanos con Teatinos). Grande, un poco desordenado, y la gente que nos atendi\u00f3, un siete. Pedimos, entre otras cosas para reponernos, una Mechada Rodeo. Power, como todo Rodeo. Mechada, queso caliente, tocino, salsa BBQ. Quedo un poquit\u00edn seca. Con el hambre que ten\u00edamos, lo\u2026","rel":"","context":"En &quot;Chile&quot;","block_context":{"text":"Chile","link":"https:\/\/le-fort.org\/cocina\/categoria\/chile\/"},"img":{"alt_text":"","src":"https:\/\/i0.wp.com\/www.le-fort.org\/wp-content\/uploads\/2012\/04\/mechada-rodeo-domino.jpg?resize=350%2C200&ssl=1","width":350,"height":200,"srcset":"https:\/\/i0.wp.com\/www.le-fort.org\/wp-content\/uploads\/2012\/04\/mechada-rodeo-domino.jpg?resize=350%2C200&ssl=1 1x, https:\/\/i0.wp.com\/www.le-fort.org\/wp-content\/uploads\/2012\/04\/mechada-rodeo-domino.jpg?resize=525%2C300&ssl=1 1.5x, https:\/\/i0.wp.com\/www.le-fort.org\/wp-content\/uploads\/2012\/04\/mechada-rodeo-domino.jpg?resize=700%2C400&ssl=1 2x"},"classes":[]},{"id":331,"url":"https:\/\/le-fort.org\/cocina\/mechada-luco-del-imperio\/","url_meta":{"origin":1441,"position":5},"title":"Mechada Luco del Imperio","author":"Maestro Sanguchero","date":"13 de Diciembre, 2011","format":false,"excerpt":"Gracias al post de sanguches conoc\u00ed la existencia del Imperio. Mi padre trabaja cerca, por lo que se lo mencion\u00e9, y s\u00ed: lo conoc\u00eda. Es un lugar de prestigio entre quienes trabajan en la zona. Hoy me invit\u00f3 a almorzar all\u00e1, como parte de mi educaci\u00f3n. Caminamos hasta el lugar,\u2026","rel":"","context":"En &quot;Chile&quot;","block_context":{"text":"Chile","link":"https:\/\/le-fort.org\/cocina\/categoria\/chile\/"},"img":{"alt_text":"","src":"","width":0,"height":0},"classes":[]}],"_links":{"self":[{"href":"https:\/\/le-fort.org\/cocina\/wp-json\/wp\/v2\/posts\/1441","targetHints":{"allow":["GET"]}}],"collection":[{"href":"https:\/\/le-fort.org\/cocina\/wp-json\/wp\/v2\/posts"}],"about":[{"href":"https:\/\/le-fort.org\/cocina\/wp-json\/wp\/v2\/types\/post"}],"author":[{"embeddable":true,"href":"https:\/\/le-fort.org\/cocina\/wp-json\/wp\/v2\/users\/6"}],"replies":[{"embeddable":true,"href":"https:\/\/le-fort.org\/cocina\/wp-json\/wp\/v2\/comments?post=1441"}],"version-history":[{"count":0,"href":"https:\/\/le-fort.org\/cocina\/wp-json\/wp\/v2\/posts\/1441\/revisions"}],"wp:featuredmedia":[{"embeddable":true,"href":"https:\/\/le-fort.org\/cocina\/wp-json\/wp\/v2\/media\/11043"}],"wp:attachment":[{"href":"https:\/\/le-fort.org\/cocina\/wp-json\/wp\/v2\/media?parent=1441"}],"wp:term":[{"taxonomy":"category","embeddable":true,"href":"https:\/\/le-fort.org\/cocina\/wp-json\/wp\/v2\/categories?post=1441"},{"taxonomy":"post_tag","embeddable":true,"href":"https:\/\/le-fort.org\/cocina\/wp-json\/wp\/v2\/tags?post=1441"}],"curies":[{"name":"wp","href":"https:\/\/api.w.org\/{rel}","templated":true}]}}