{"id":14415,"date":"2019-09-07T10:22:11","date_gmt":"2019-09-07T15:22:11","guid":{"rendered":"https:\/\/www.le-fort.org\/?p=14415"},"modified":"2019-09-07T10:22:11","modified_gmt":"2019-09-07T15:22:11","slug":"masa-de-pizza-artesanal","status":"publish","type":"post","link":"https:\/\/le-fort.org\/cocina\/masa-de-pizza-artesanal\/","title":{"rendered":"Masa de Pizza Artesanal"},"content":{"rendered":"<p>Las modas van y las modas vienen, e incluso algo aparentemente tan invariable como la pizza sufre &#8220;las flechas y pedradas de la \u00e1spera fortuna&#8221;, como dec\u00edan por ah\u00ed. Sub\u00e1monos al carro de las modas y revisemos una masa que est\u00e1 cada vez m\u00e1s de moda, con justa raz\u00f3n: la masa de pizza artesanal.<!--more--><\/p>\n<figure id=\"attachment_14420\" aria-describedby=\"caption-attachment-14420\" style=\"width: 1920px\" class=\"wp-caption aligncenter\"><img data-recalc-dims=\"1\" loading=\"lazy\" decoding=\"async\" data-attachment-id=\"14420\" data-permalink=\"https:\/\/le-fort.org\/cocina\/masa-de-pizza-artesanal\/masa-de-pizza-artesanal\/\" data-orig-file=\"https:\/\/i0.wp.com\/le-fort.org\/cocina\/wp-content\/uploads\/2019\/09\/masa-de-pizza-artesanal.jpg?fit=1920%2C1080&amp;ssl=1\" data-orig-size=\"1920,1080\" data-comments-opened=\"0\" data-image-meta=\"{&quot;aperture&quot;:&quot;0&quot;,&quot;credit&quot;:&quot;&quot;,&quot;camera&quot;:&quot;&quot;,&quot;caption&quot;:&quot;&quot;,&quot;created_timestamp&quot;:&quot;0&quot;,&quot;copyright&quot;:&quot;&quot;,&quot;focal_length&quot;:&quot;0&quot;,&quot;iso&quot;:&quot;0&quot;,&quot;shutter_speed&quot;:&quot;0&quot;,&quot;title&quot;:&quot;&quot;,&quot;orientation&quot;:&quot;0&quot;}\" data-image-title=\"masa-de-pizza-artesanal\" data-image-description=\"\" data-image-caption=\"&lt;p&gt;Lista para comer&lt;\/p&gt;\n\" data-large-file=\"https:\/\/i0.wp.com\/le-fort.org\/cocina\/wp-content\/uploads\/2019\/09\/masa-de-pizza-artesanal.jpg?fit=1200%2C675&amp;ssl=1\" class=\"size-full wp-image-14420\" src=\"https:\/\/i0.wp.com\/www.le-fort.org\/wp-content\/uploads\/2019\/09\/masa-de-pizza-artesanal.jpg?resize=1200%2C675&#038;ssl=1\" alt=\"Pizza de masa de pizza artesanal\" width=\"1200\" height=\"675\" srcset=\"https:\/\/i0.wp.com\/le-fort.org\/cocina\/wp-content\/uploads\/2019\/09\/masa-de-pizza-artesanal.jpg?w=1920&amp;ssl=1 1920w, https:\/\/i0.wp.com\/le-fort.org\/cocina\/wp-content\/uploads\/2019\/09\/masa-de-pizza-artesanal.jpg?resize=600%2C338&amp;ssl=1 600w, https:\/\/i0.wp.com\/le-fort.org\/cocina\/wp-content\/uploads\/2019\/09\/masa-de-pizza-artesanal.jpg?resize=1280%2C720&amp;ssl=1 1280w, https:\/\/i0.wp.com\/le-fort.org\/cocina\/wp-content\/uploads\/2019\/09\/masa-de-pizza-artesanal.jpg?resize=2%2C1&amp;ssl=1 2w\" sizes=\"auto, (max-width: 1200px) 100vw, 1200px\" \/><figcaption id=\"caption-attachment-14420\" class=\"wp-caption-text\">Lista para comer<\/figcaption><\/figure>\n<h2>\u00bfQu\u00e9 es la masa de pizza artesanal?<\/h2>\n<p>La masa de pizza artesanal no es sino una masa de pizza que cumple dos condiciones:<\/p>\n<ol>\n<li>Alta hidrataci\u00f3n. Esta receta es al 70%<\/li>\n<li>Fermentaci\u00f3n lenta, para dar tiempo al desarrollo de sabor y textura<\/li>\n<\/ol>\n<p>Nosotros utilizamos un prefermento en este caso: masa madre, y qued\u00f3 excelente. Creemos que para la pr\u00f3xima utilizaremos m\u00e1s bien un poolish, ya que el \u00e1cido de la masa madre no fue un aporte. Qued\u00f3 maravillosa, no nos malentiendan, pero creemos que mejorar\u00e1 con un prefermento no \u00e1cido. Por supuesto, reportaremos.<\/p>\n<h2>Receta de masa de pizza artesanal<\/h2>\n<p>Esta receta es para una pizza de 30-35cm de di\u00e1metro<\/p>\n<h3>Ingredientes<\/h3>\n<ul>\n<li>100g de prefermento, ya sea masa madre o <em>poolish<\/em><\/li>\n<li>200g de harina<\/li>\n<li>125ml de agua<\/li>\n<li>5g de sal<\/li>\n<li>1g levadura<\/li>\n<\/ul>\n<h3>Procedimiento<\/h3>\n<ol>\n<li>Mezclar todos los ingredientes<\/li>\n<li>Dejar reposar 30 minutos<\/li>\n<li>Amasar seg\u00fan el m\u00e9todo Bertinet<\/li>\n<li>Dejar leudar 6 horas a temperatura fresca<\/li>\n<li>Disponer en la lata de pizza<\/li>\n<li>Dejar leudar 1 hora\n<p><figure id=\"attachment_14421\" aria-describedby=\"caption-attachment-14421\" style=\"width: 1920px\" class=\"wp-caption aligncenter\"><img data-recalc-dims=\"1\" loading=\"lazy\" decoding=\"async\" data-attachment-id=\"14421\" data-permalink=\"https:\/\/le-fort.org\/cocina\/masa-de-pizza-artesanal\/masa-17\/\" data-orig-file=\"https:\/\/i0.wp.com\/le-fort.org\/cocina\/wp-content\/uploads\/2019\/09\/masa.jpg?fit=1920%2C1080&amp;ssl=1\" data-orig-size=\"1920,1080\" data-comments-opened=\"0\" data-image-meta=\"{&quot;aperture&quot;:&quot;0&quot;,&quot;credit&quot;:&quot;&quot;,&quot;camera&quot;:&quot;&quot;,&quot;caption&quot;:&quot;&quot;,&quot;created_timestamp&quot;:&quot;0&quot;,&quot;copyright&quot;:&quot;&quot;,&quot;focal_length&quot;:&quot;0&quot;,&quot;iso&quot;:&quot;0&quot;,&quot;shutter_speed&quot;:&quot;0&quot;,&quot;title&quot;:&quot;&quot;,&quot;orientation&quot;:&quot;0&quot;}\" data-image-title=\"masa\" data-image-description=\"\" data-image-caption=\"&lt;p&gt;Es una masa casi l\u00edquida&lt;\/p&gt;\n\" data-large-file=\"https:\/\/i0.wp.com\/le-fort.org\/cocina\/wp-content\/uploads\/2019\/09\/masa.jpg?fit=1200%2C675&amp;ssl=1\" class=\"size-full wp-image-14421\" src=\"https:\/\/i0.wp.com\/www.le-fort.org\/wp-content\/uploads\/2019\/09\/masa.jpg?resize=1200%2C675&#038;ssl=1\" alt=\"masa de pizza artesanal\" width=\"1200\" height=\"675\" srcset=\"https:\/\/i0.wp.com\/le-fort.org\/cocina\/wp-content\/uploads\/2019\/09\/masa.jpg?w=1920&amp;ssl=1 1920w, https:\/\/i0.wp.com\/le-fort.org\/cocina\/wp-content\/uploads\/2019\/09\/masa.jpg?resize=600%2C338&amp;ssl=1 600w, https:\/\/i0.wp.com\/le-fort.org\/cocina\/wp-content\/uploads\/2019\/09\/masa.jpg?resize=1280%2C720&amp;ssl=1 1280w, https:\/\/i0.wp.com\/le-fort.org\/cocina\/wp-content\/uploads\/2019\/09\/masa.jpg?resize=2%2C1&amp;ssl=1 2w\" sizes=\"auto, (max-width: 1200px) 100vw, 1200px\" \/><figcaption id=\"caption-attachment-14421\" class=\"wp-caption-text\">Es una masa casi l\u00edquida<\/figcaption><\/figure><\/li>\n<li>Mientras la masa leuda, precalentar el horno<\/li>\n<li>Cubrir y cocinar<\/li>\n<\/ol>\n<p>El resultado es hermoso. alv\u00e9olo de distintos tama\u00f1os, t\u00edpico del prefermento. Crujiente por fuera y blanda por dentro. Muy recomendable.<\/p>\n<figure id=\"attachment_14424\" aria-describedby=\"caption-attachment-14424\" style=\"width: 1920px\" class=\"wp-caption aligncenter\"><img data-recalc-dims=\"1\" loading=\"lazy\" decoding=\"async\" data-attachment-id=\"14424\" data-permalink=\"https:\/\/le-fort.org\/cocina\/masa-de-pizza-artesanal\/tajada-lado\/\" data-orig-file=\"https:\/\/i0.wp.com\/le-fort.org\/cocina\/wp-content\/uploads\/2019\/09\/tajada-lado.jpg?fit=1920%2C1080&amp;ssl=1\" data-orig-size=\"1920,1080\" data-comments-opened=\"0\" data-image-meta=\"{&quot;aperture&quot;:&quot;0&quot;,&quot;credit&quot;:&quot;&quot;,&quot;camera&quot;:&quot;&quot;,&quot;caption&quot;:&quot;&quot;,&quot;created_timestamp&quot;:&quot;0&quot;,&quot;copyright&quot;:&quot;&quot;,&quot;focal_length&quot;:&quot;0&quot;,&quot;iso&quot;:&quot;0&quot;,&quot;shutter_speed&quot;:&quot;0&quot;,&quot;title&quot;:&quot;&quot;,&quot;orientation&quot;:&quot;0&quot;}\" data-image-title=\"tajada-lado\" data-image-description=\"\" data-image-caption=\"\" data-large-file=\"https:\/\/i0.wp.com\/le-fort.org\/cocina\/wp-content\/uploads\/2019\/09\/tajada-lado.jpg?fit=1200%2C675&amp;ssl=1\" class=\"wp-image-14424 size-full\" src=\"https:\/\/i0.wp.com\/www.le-fort.org\/wp-content\/uploads\/2019\/09\/tajada-lado.jpg?resize=1200%2C675&#038;ssl=1\" alt=\"tajada de pizza de masa de pizza artesanal\" width=\"1200\" height=\"675\" srcset=\"https:\/\/i0.wp.com\/le-fort.org\/cocina\/wp-content\/uploads\/2019\/09\/tajada-lado.jpg?w=1920&amp;ssl=1 1920w, https:\/\/i0.wp.com\/le-fort.org\/cocina\/wp-content\/uploads\/2019\/09\/tajada-lado.jpg?resize=600%2C338&amp;ssl=1 600w, https:\/\/i0.wp.com\/le-fort.org\/cocina\/wp-content\/uploads\/2019\/09\/tajada-lado.jpg?resize=1280%2C720&amp;ssl=1 1280w, https:\/\/i0.wp.com\/le-fort.org\/cocina\/wp-content\/uploads\/2019\/09\/tajada-lado.jpg?resize=2%2C1&amp;ssl=1 2w\" sizes=\"auto, (max-width: 1200px) 100vw, 1200px\" \/><figcaption id=\"caption-attachment-14424\" class=\"wp-caption-text\">Tajada de pizza<\/figcaption><\/figure>\n<p>El horneado es un poco distinto, y se beneficia de un horno caliente, lo m\u00e1s caliente posible para que la masa pierda el agua &#8220;extra&#8221; que tiene.<\/p>\n<p>Esta pizza es muy similar a la <a href=\"https:\/\/www.le-fort.org\/fugazza-argentina\/\">fugazza<\/a>. con cebolla, queso, or\u00e9gano y pimienta. Muy simple.<\/p>\n<h2>M\u00e9todo Bertinet<\/h2>\n<p>Aqu\u00ed un video que explica el m\u00e9todo Bertinet. Por supuesto no es nuestro.<\/p>\n<p><span class=\"embed-youtube\" style=\"text-align:center; display: block;\"><iframe loading=\"lazy\" class=\"youtube-player\" width=\"1200\" height=\"675\" src=\"https:\/\/www.youtube.com\/embed\/dd1qnQyEBQg?version=3&#038;rel=1&#038;showsearch=0&#038;showinfo=1&#038;iv_load_policy=1&#038;fs=1&#038;hl=es-CL&#038;autohide=2&#038;wmode=transparent\" allowfullscreen=\"true\" style=\"border:0;\" sandbox=\"allow-scripts allow-same-origin allow-popups allow-presentation allow-popups-to-escape-sandbox\"><\/iframe><\/span><\/p>\n<p><a href=\"https:\/\/www.kingarthurflour.com\/recipes\/artisan-no-knead-pizza-crust-recipe\" target=\"_blank\" rel=\"noopener noreferrer\">Aqu\u00ed hay otra receta interesante<\/a>.<\/p>\n<p>Si la preparas, por favor cu\u00e9ntanos c\u00f3mo te qued\u00f3.<\/p>\n<p><img data-recalc-dims=\"1\" loading=\"lazy\" decoding=\"async\" data-attachment-id=\"14423\" data-permalink=\"https:\/\/le-fort.org\/cocina\/masa-de-pizza-artesanal\/tajada-13\/\" data-orig-file=\"https:\/\/i0.wp.com\/le-fort.org\/cocina\/wp-content\/uploads\/2019\/09\/tajada.jpg?fit=1920%2C1080&amp;ssl=1\" data-orig-size=\"1920,1080\" data-comments-opened=\"0\" data-image-meta=\"{&quot;aperture&quot;:&quot;0&quot;,&quot;credit&quot;:&quot;&quot;,&quot;camera&quot;:&quot;&quot;,&quot;caption&quot;:&quot;&quot;,&quot;created_timestamp&quot;:&quot;0&quot;,&quot;copyright&quot;:&quot;&quot;,&quot;focal_length&quot;:&quot;0&quot;,&quot;iso&quot;:&quot;0&quot;,&quot;shutter_speed&quot;:&quot;0&quot;,&quot;title&quot;:&quot;&quot;,&quot;orientation&quot;:&quot;0&quot;}\" data-image-title=\"tajada\" data-image-description=\"\" data-image-caption=\"\" data-large-file=\"https:\/\/i0.wp.com\/le-fort.org\/cocina\/wp-content\/uploads\/2019\/09\/tajada.jpg?fit=1200%2C675&amp;ssl=1\" class=\"aligncenter size-full wp-image-14423\" src=\"https:\/\/i0.wp.com\/www.le-fort.org\/wp-content\/uploads\/2019\/09\/tajada.jpg?resize=1200%2C675&#038;ssl=1\" alt=\"masa de pizza artesanal\" width=\"1200\" height=\"675\" srcset=\"https:\/\/i0.wp.com\/le-fort.org\/cocina\/wp-content\/uploads\/2019\/09\/tajada.jpg?w=1920&amp;ssl=1 1920w, https:\/\/i0.wp.com\/le-fort.org\/cocina\/wp-content\/uploads\/2019\/09\/tajada.jpg?resize=600%2C338&amp;ssl=1 600w, https:\/\/i0.wp.com\/le-fort.org\/cocina\/wp-content\/uploads\/2019\/09\/tajada.jpg?resize=1280%2C720&amp;ssl=1 1280w, https:\/\/i0.wp.com\/le-fort.org\/cocina\/wp-content\/uploads\/2019\/09\/tajada.jpg?resize=2%2C1&amp;ssl=1 2w\" sizes=\"auto, (max-width: 1200px) 100vw, 1200px\" \/><\/p>\n<p>&nbsp;<\/p>\n","protected":false},"excerpt":{"rendered":"<p>Las modas van y las modas vienen, e incluso algo aparentemente tan invariable como la pizza sufre &#8220;las flechas y pedradas de la \u00e1spera fortuna&#8221;, como dec\u00edan por ah\u00ed. Sub\u00e1monos al carro de las modas y revisemos una masa que est\u00e1 cada vez m\u00e1s de moda, con justa raz\u00f3n: la masa de pizza artesanal.<\/p>\n","protected":false},"author":1,"featured_media":14419,"comment_status":"closed","ping_status":"closed","sticky":false,"template":"","format":"standard","meta":{"_jetpack_newsletter_access":"","_jetpack_dont_email_post_to_subs":false,"_jetpack_newsletter_tier_id":0,"_jetpack_memberships_contains_paywalled_content":false,"_jetpack_memberships_contains_paid_content":false,"footnotes":""},"categories":[2],"tags":[688,72],"class_list":["post-14415","post","type-post","status-publish","format-standard","has-post-thumbnail","hentry","category-recetas","tag-masa-madre","tag-pizza","entry","has-media"],"jetpack_featured_media_url":"https:\/\/i0.wp.com\/le-fort.org\/cocina\/wp-content\/uploads\/2019\/09\/pizza-artesanal-hd.jpg?fit=1500%2C500&ssl=1","jetpack_shortlink":"https:\/\/wp.me\/pghKer-3Kv","jetpack_sharing_enabled":true,"jetpack-related-posts":[{"id":7855,"url":"https:\/\/le-fort.org\/cocina\/masa-clasica-pizza\/","url_meta":{"origin":14415,"position":0},"title":"Masa de Pizza","author":"Le-Fort.org","date":"12 de Mayo, 2016","format":false,"excerpt":"Receta de masa de pizza cl\u00e1sica, de fermentaci\u00f3n lenta. Base de muchas recetas de masa de pizza cl\u00e1sicas y modernas.","rel":"","context":"En &quot;Recetas&quot;","block_context":{"text":"Recetas","link":"https:\/\/le-fort.org\/cocina\/categoria\/recetas\/"},"img":{"alt_text":"","src":"https:\/\/i0.wp.com\/le-fort.org\/cocina\/wp-content\/uploads\/2016\/05\/masa-hd.jpg?fit=1200%2C400&ssl=1&resize=350%2C200","width":350,"height":200,"srcset":"https:\/\/i0.wp.com\/le-fort.org\/cocina\/wp-content\/uploads\/2016\/05\/masa-hd.jpg?fit=1200%2C400&ssl=1&resize=350%2C200 1x, https:\/\/i0.wp.com\/le-fort.org\/cocina\/wp-content\/uploads\/2016\/05\/masa-hd.jpg?fit=1200%2C400&ssl=1&resize=525%2C300 1.5x, https:\/\/i0.wp.com\/le-fort.org\/cocina\/wp-content\/uploads\/2016\/05\/masa-hd.jpg?fit=1200%2C400&ssl=1&resize=700%2C400 2x, https:\/\/i0.wp.com\/le-fort.org\/cocina\/wp-content\/uploads\/2016\/05\/masa-hd.jpg?fit=1200%2C400&ssl=1&resize=1050%2C600 3x"},"classes":[]},{"id":10206,"url":"https:\/\/le-fort.org\/cocina\/masa-pizza-sin-gluten\/","url_meta":{"origin":14415,"position":1},"title":"Masa de Pizza sin Gluten","author":"Le-Fort.org","date":"3 de Noviembre, 2017","format":false,"excerpt":"Receta de masa de pizza sin gluten. Funciona perfecto. Lo \u00fanico es que se dora poco. Seguiremos investigando.","rel":"","context":"En &quot;Recetas&quot;","block_context":{"text":"Recetas","link":"https:\/\/le-fort.org\/cocina\/categoria\/recetas\/"},"img":{"alt_text":"","src":"https:\/\/i0.wp.com\/le-fort.org\/cocina\/wp-content\/uploads\/2017\/11\/pizza-sin-gluten.jpg?fit=1200%2C400&ssl=1&resize=350%2C200","width":350,"height":200,"srcset":"https:\/\/i0.wp.com\/le-fort.org\/cocina\/wp-content\/uploads\/2017\/11\/pizza-sin-gluten.jpg?fit=1200%2C400&ssl=1&resize=350%2C200 1x, https:\/\/i0.wp.com\/le-fort.org\/cocina\/wp-content\/uploads\/2017\/11\/pizza-sin-gluten.jpg?fit=1200%2C400&ssl=1&resize=525%2C300 1.5x, https:\/\/i0.wp.com\/le-fort.org\/cocina\/wp-content\/uploads\/2017\/11\/pizza-sin-gluten.jpg?fit=1200%2C400&ssl=1&resize=700%2C400 2x, https:\/\/i0.wp.com\/le-fort.org\/cocina\/wp-content\/uploads\/2017\/11\/pizza-sin-gluten.jpg?fit=1200%2C400&ssl=1&resize=1050%2C600 3x"},"classes":[]},{"id":1590,"url":"https:\/\/le-fort.org\/cocina\/receta-de-pizza\/","url_meta":{"origin":14415,"position":2},"title":"Receta de Pizza","author":"Le-Fort.org","date":"13 de Noviembre, 2011","format":false,"excerpt":"Receta de pizza, partiendo con la masa, de ah\u00ed en adelante. Sugerencias de rellenos.","rel":"","context":"En &quot;Comida&quot;","block_context":{"text":"Comida","link":"https:\/\/le-fort.org\/cocina\/categoria\/cocina-comida\/"},"img":{"alt_text":"","src":"https:\/\/i0.wp.com\/le-fort.org\/cocina\/wp-content\/uploads\/2011\/11\/p.jpg?fit=614%2C225&ssl=1&resize=350%2C200","width":350,"height":200,"srcset":"https:\/\/i0.wp.com\/le-fort.org\/cocina\/wp-content\/uploads\/2011\/11\/p.jpg?fit=614%2C225&ssl=1&resize=350%2C200 1x, https:\/\/i0.wp.com\/le-fort.org\/cocina\/wp-content\/uploads\/2011\/11\/p.jpg?fit=614%2C225&ssl=1&resize=525%2C300 1.5x"},"classes":[]},{"id":5766,"url":"https:\/\/le-fort.org\/cocina\/pizza-al-pesto-vegetariana\/","url_meta":{"origin":14415,"position":3},"title":"Pizza Al Pesto (Vegetariana)","author":"Le-Fort.org","date":"28 de Septiembre, 2014","format":false,"excerpt":"Receta de pizza al pesto vegetariana, con berenjena, cebolla roja y tomate.","rel":"","context":"En &quot;Recetas&quot;","block_context":{"text":"Recetas","link":"https:\/\/le-fort.org\/cocina\/categoria\/recetas\/"},"img":{"alt_text":"","src":"https:\/\/i0.wp.com\/le-fort.org\/cocina\/wp-content\/uploads\/2014\/09\/pizza-pesto-hd.jpg?fit=1200%2C400&ssl=1&resize=350%2C200","width":350,"height":200,"srcset":"https:\/\/i0.wp.com\/le-fort.org\/cocina\/wp-content\/uploads\/2014\/09\/pizza-pesto-hd.jpg?fit=1200%2C400&ssl=1&resize=350%2C200 1x, https:\/\/i0.wp.com\/le-fort.org\/cocina\/wp-content\/uploads\/2014\/09\/pizza-pesto-hd.jpg?fit=1200%2C400&ssl=1&resize=525%2C300 1.5x, https:\/\/i0.wp.com\/le-fort.org\/cocina\/wp-content\/uploads\/2014\/09\/pizza-pesto-hd.jpg?fit=1200%2C400&ssl=1&resize=700%2C400 2x, https:\/\/i0.wp.com\/le-fort.org\/cocina\/wp-content\/uploads\/2014\/09\/pizza-pesto-hd.jpg?fit=1200%2C400&ssl=1&resize=1050%2C600 3x"},"classes":[]},{"id":4023,"url":"https:\/\/le-fort.org\/cocina\/pizza-otra-receta\/","url_meta":{"origin":14415,"position":4},"title":"Pizza \u2013 Otra Receta","author":"Le-Fort.org","date":"1 de Junio, 2013","format":false,"excerpt":"Receta de Pizza vegetariana (siempre y cuando la levadura no est\u00e9 prohibida) Utiliza harina de ma\u00edz en la masa para que no quede tan dura.","rel":"","context":"En &quot;Recetas&quot;","block_context":{"text":"Recetas","link":"https:\/\/le-fort.org\/cocina\/categoria\/recetas\/"},"img":{"alt_text":"","src":"https:\/\/i0.wp.com\/le-fort.org\/cocina\/wp-content\/uploads\/2013\/06\/piza-hd.jpg?fit=600%2C225&ssl=1&resize=350%2C200","width":350,"height":200,"srcset":"https:\/\/i0.wp.com\/le-fort.org\/cocina\/wp-content\/uploads\/2013\/06\/piza-hd.jpg?fit=600%2C225&ssl=1&resize=350%2C200 1x, https:\/\/i0.wp.com\/le-fort.org\/cocina\/wp-content\/uploads\/2013\/06\/piza-hd.jpg?fit=600%2C225&ssl=1&resize=525%2C300 1.5x"},"classes":[]},{"id":7622,"url":"https:\/\/le-fort.org\/cocina\/pizza-a-la-norma\/","url_meta":{"origin":14415,"position":5},"title":"Pizza a la Norma","author":"Le-Fort.org","date":"1 de Marzo, 2016","format":false,"excerpt":"Un destino com\u00fan de las pizzas en nuestra casa es el de ser un digno final de las sobras de salsa, como en este ejemplo de Pizza a la Norma. La verdad es que prepararamos \u00f1oquis a la Norma y qued\u00f3 un poco se salsa. Como no hay que botar\u2026","rel":"","context":"En &quot;Recetas&quot;","block_context":{"text":"Recetas","link":"https:\/\/le-fort.org\/cocina\/categoria\/recetas\/"},"img":{"alt_text":"","src":"https:\/\/i0.wp.com\/le-fort.org\/cocina\/wp-content\/uploads\/2016\/03\/pizza-norma-hd.jpg?fit=1200%2C400&ssl=1&resize=350%2C200","width":350,"height":200,"srcset":"https:\/\/i0.wp.com\/le-fort.org\/cocina\/wp-content\/uploads\/2016\/03\/pizza-norma-hd.jpg?fit=1200%2C400&ssl=1&resize=350%2C200 1x, https:\/\/i0.wp.com\/le-fort.org\/cocina\/wp-content\/uploads\/2016\/03\/pizza-norma-hd.jpg?fit=1200%2C400&ssl=1&resize=525%2C300 1.5x, https:\/\/i0.wp.com\/le-fort.org\/cocina\/wp-content\/uploads\/2016\/03\/pizza-norma-hd.jpg?fit=1200%2C400&ssl=1&resize=700%2C400 2x, https:\/\/i0.wp.com\/le-fort.org\/cocina\/wp-content\/uploads\/2016\/03\/pizza-norma-hd.jpg?fit=1200%2C400&ssl=1&resize=1050%2C600 3x"},"classes":[]}],"_links":{"self":[{"href":"https:\/\/le-fort.org\/cocina\/wp-json\/wp\/v2\/posts\/14415","targetHints":{"allow":["GET"]}}],"collection":[{"href":"https:\/\/le-fort.org\/cocina\/wp-json\/wp\/v2\/posts"}],"about":[{"href":"https:\/\/le-fort.org\/cocina\/wp-json\/wp\/v2\/types\/post"}],"author":[{"embeddable":true,"href":"https:\/\/le-fort.org\/cocina\/wp-json\/wp\/v2\/users\/1"}],"replies":[{"embeddable":true,"href":"https:\/\/le-fort.org\/cocina\/wp-json\/wp\/v2\/comments?post=14415"}],"version-history":[{"count":5,"href":"https:\/\/le-fort.org\/cocina\/wp-json\/wp\/v2\/posts\/14415\/revisions"}],"predecessor-version":[{"id":14427,"href":"https:\/\/le-fort.org\/cocina\/wp-json\/wp\/v2\/posts\/14415\/revisions\/14427"}],"wp:featuredmedia":[{"embeddable":true,"href":"https:\/\/le-fort.org\/cocina\/wp-json\/wp\/v2\/media\/14419"}],"wp:attachment":[{"href":"https:\/\/le-fort.org\/cocina\/wp-json\/wp\/v2\/media?parent=14415"}],"wp:term":[{"taxonomy":"category","embeddable":true,"href":"https:\/\/le-fort.org\/cocina\/wp-json\/wp\/v2\/categories?post=14415"},{"taxonomy":"post_tag","embeddable":true,"href":"https:\/\/le-fort.org\/cocina\/wp-json\/wp\/v2\/tags?post=14415"}],"curies":[{"name":"wp","href":"https:\/\/api.w.org\/{rel}","templated":true}]}}