{"id":14508,"date":"2019-10-13T19:38:46","date_gmt":"2019-10-14T00:38:46","guid":{"rendered":"https:\/\/www.le-fort.org\/?p=14508"},"modified":"2019-10-13T19:38:46","modified_gmt":"2019-10-14T00:38:46","slug":"culmina-curso-de-panaderia-en-loja","status":"publish","type":"post","link":"https:\/\/le-fort.org\/cocina\/culmina-curso-de-panaderia-en-loja\/","title":{"rendered":"Culmina curso de Panader\u00eda en Loja"},"content":{"rendered":"<p>Curso de panader\u00eda en Loja. Concluimos ya la primera parte de nuestro curso de panader\u00eda y reposter\u00eda en la ciudad de Loja. A lo largo de ocho semanas comenzamos desde cero, eliminando el almid\u00f3n para dejar el gluten y preparar <em>seitan<\/em>, y terminamos elaborando una serie de panes de diversos or\u00edgenes y composiciones: desde panes y m\u00e9todos cl\u00e1sicos, hasta panes propios ecuatorianos. A este m\u00f3dulo le sigue un m\u00f3dulo de reposter\u00eda.<br \/>\n<!--more--><\/p>\n<figure id=\"attachment_14523\" aria-describedby=\"caption-attachment-14523\" style=\"width: 1280px\" class=\"wp-caption aligncenter\"><img data-recalc-dims=\"1\" loading=\"lazy\" decoding=\"async\" data-attachment-id=\"14523\" data-permalink=\"https:\/\/le-fort.org\/cocina\/culmina-curso-de-panaderia-en-loja\/croissant\/\" data-orig-file=\"https:\/\/i0.wp.com\/le-fort.org\/cocina\/wp-content\/uploads\/2019\/10\/croissant.jpg?fit=1280%2C720&amp;ssl=1\" data-orig-size=\"1280,720\" data-comments-opened=\"0\" data-image-meta=\"{&quot;aperture&quot;:&quot;0&quot;,&quot;credit&quot;:&quot;&quot;,&quot;camera&quot;:&quot;&quot;,&quot;caption&quot;:&quot;&quot;,&quot;created_timestamp&quot;:&quot;0&quot;,&quot;copyright&quot;:&quot;&quot;,&quot;focal_length&quot;:&quot;0&quot;,&quot;iso&quot;:&quot;0&quot;,&quot;shutter_speed&quot;:&quot;0&quot;,&quot;title&quot;:&quot;&quot;,&quot;orientation&quot;:&quot;0&quot;}\" data-image-title=\"croissant\" data-image-description=\"\" data-image-caption=\"&lt;p&gt;El croissant es un imperdible, incluyendo el mito de la victoria sobre los turcos en el sitio de Viena.&lt;\/p&gt;\n\" data-large-file=\"https:\/\/i0.wp.com\/le-fort.org\/cocina\/wp-content\/uploads\/2019\/10\/croissant.jpg?fit=1200%2C675&amp;ssl=1\" class=\"size-full wp-image-14523\" src=\"https:\/\/i0.wp.com\/www.le-fort.org\/wp-content\/uploads\/2019\/10\/croissant.jpg?resize=1200%2C675&#038;ssl=1\" alt=\"Croissant: curso de Panader\u00eda en Loja\" width=\"1200\" height=\"675\" srcset=\"https:\/\/i0.wp.com\/le-fort.org\/cocina\/wp-content\/uploads\/2019\/10\/croissant.jpg?w=1280&amp;ssl=1 1280w, https:\/\/i0.wp.com\/le-fort.org\/cocina\/wp-content\/uploads\/2019\/10\/croissant.jpg?resize=600%2C338&amp;ssl=1 600w, https:\/\/i0.wp.com\/le-fort.org\/cocina\/wp-content\/uploads\/2019\/10\/croissant.jpg?resize=2%2C1&amp;ssl=1 2w\" sizes=\"auto, (max-width: 1200px) 100vw, 1200px\" \/><figcaption id=\"caption-attachment-14523\" class=\"wp-caption-text\">El <em>croissant<\/em> es un imperdible, incluyendo el mito de la victoria sobre los turcos en el sitio de Viena.<\/figcaption><\/figure>\n<p>Trabajamos con dos excelentes grupos de estudiantes, en la semana e intensivos de d\u00eda s\u00e1bado. Tenemos que agradecer tambi\u00e9n al chef <a href=\"https:\/\/www.facebook.com\/aangelrafael\" target=\"_blank\" rel=\"noopener noreferrer\">\u00c1ngel Lema<\/a> por su valiosa ayuda y demostraciones en clases.<\/p>\n<figure id=\"attachment_14519\" aria-describedby=\"caption-attachment-14519\" style=\"width: 1280px\" class=\"wp-caption aligncenter\"><img data-recalc-dims=\"1\" loading=\"lazy\" decoding=\"async\" data-attachment-id=\"14519\" data-permalink=\"https:\/\/le-fort.org\/cocina\/culmina-curso-de-panaderia-en-loja\/semana\/\" data-orig-file=\"https:\/\/i0.wp.com\/le-fort.org\/cocina\/wp-content\/uploads\/2019\/10\/semana.jpg?fit=1280%2C720&amp;ssl=1\" data-orig-size=\"1280,720\" data-comments-opened=\"0\" data-image-meta=\"{&quot;aperture&quot;:&quot;0&quot;,&quot;credit&quot;:&quot;&quot;,&quot;camera&quot;:&quot;&quot;,&quot;caption&quot;:&quot;&quot;,&quot;created_timestamp&quot;:&quot;0&quot;,&quot;copyright&quot;:&quot;&quot;,&quot;focal_length&quot;:&quot;0&quot;,&quot;iso&quot;:&quot;0&quot;,&quot;shutter_speed&quot;:&quot;0&quot;,&quot;title&quot;:&quot;&quot;,&quot;orientation&quot;:&quot;0&quot;}\" data-image-title=\"semana\" data-image-description=\"\" data-image-caption=\"&lt;p&gt;Matzoh en la primera clase, con el grupo de la semana.&lt;\/p&gt;\n\" data-large-file=\"https:\/\/i0.wp.com\/le-fort.org\/cocina\/wp-content\/uploads\/2019\/10\/semana.jpg?fit=1200%2C675&amp;ssl=1\" class=\"size-full wp-image-14519\" src=\"https:\/\/i0.wp.com\/www.le-fort.org\/wp-content\/uploads\/2019\/10\/semana.jpg?resize=1200%2C675&#038;ssl=1\" alt=\"Grupo de lunes y martes\" width=\"1200\" height=\"675\" srcset=\"https:\/\/i0.wp.com\/le-fort.org\/cocina\/wp-content\/uploads\/2019\/10\/semana.jpg?w=1280&amp;ssl=1 1280w, https:\/\/i0.wp.com\/le-fort.org\/cocina\/wp-content\/uploads\/2019\/10\/semana.jpg?resize=600%2C338&amp;ssl=1 600w, https:\/\/i0.wp.com\/le-fort.org\/cocina\/wp-content\/uploads\/2019\/10\/semana.jpg?resize=2%2C1&amp;ssl=1 2w\" sizes=\"auto, (max-width: 1200px) 100vw, 1200px\" \/><figcaption id=\"caption-attachment-14519\" class=\"wp-caption-text\"><em>Matzoh<\/em> en la primera clase, con el grupo de la semana. Por razones de fuerza mayor, no todos pudieron terminar el m\u00f3dulo y lo lamentamos.<\/figcaption><\/figure>\n<p>A lo largo de dos meses hicimos un recorrido por diversos panes y t\u00e9cnicas, desde panes historicos como el <em>matzoh<\/em> hebreo hasta panes propios del Austro ecuatoriano, pasando por cl\u00e1sicos como el <em>croissant<\/em> y la <em>baguette<\/em>.<\/p>\n<figure id=\"attachment_14518\" aria-describedby=\"caption-attachment-14518\" style=\"width: 1280px\" class=\"wp-caption aligncenter\"><img data-recalc-dims=\"1\" loading=\"lazy\" decoding=\"async\" data-attachment-id=\"14518\" data-permalink=\"https:\/\/le-fort.org\/cocina\/culmina-curso-de-panaderia-en-loja\/sabado\/\" data-orig-file=\"https:\/\/i0.wp.com\/le-fort.org\/cocina\/wp-content\/uploads\/2019\/10\/sabado.jpg?fit=1280%2C720&amp;ssl=1\" data-orig-size=\"1280,720\" data-comments-opened=\"0\" data-image-meta=\"{&quot;aperture&quot;:&quot;0&quot;,&quot;credit&quot;:&quot;&quot;,&quot;camera&quot;:&quot;&quot;,&quot;caption&quot;:&quot;&quot;,&quot;created_timestamp&quot;:&quot;0&quot;,&quot;copyright&quot;:&quot;&quot;,&quot;focal_length&quot;:&quot;0&quot;,&quot;iso&quot;:&quot;0&quot;,&quot;shutter_speed&quot;:&quot;0&quot;,&quot;title&quot;:&quot;&quot;,&quot;orientation&quot;:&quot;0&quot;}\" data-image-title=\"sabado\" data-image-description=\"\" data-image-caption=\"\" data-large-file=\"https:\/\/i0.wp.com\/le-fort.org\/cocina\/wp-content\/uploads\/2019\/10\/sabado.jpg?fit=1200%2C675&amp;ssl=1\" class=\"wp-image-14518 size-full\" src=\"https:\/\/i0.wp.com\/www.le-fort.org\/wp-content\/uploads\/2019\/10\/sabado.jpg?resize=1200%2C675&#038;ssl=1\" alt=\"Grupo de s\u00e1bados curso de panader\u00eda en loja\" width=\"1200\" height=\"675\" srcset=\"https:\/\/i0.wp.com\/le-fort.org\/cocina\/wp-content\/uploads\/2019\/10\/sabado.jpg?w=1280&amp;ssl=1 1280w, https:\/\/i0.wp.com\/le-fort.org\/cocina\/wp-content\/uploads\/2019\/10\/sabado.jpg?resize=600%2C338&amp;ssl=1 600w, https:\/\/i0.wp.com\/le-fort.org\/cocina\/wp-content\/uploads\/2019\/10\/sabado.jpg?resize=2%2C1&amp;ssl=1 2w\" sizes=\"auto, (max-width: 1200px) 100vw, 1200px\" \/><figcaption id=\"caption-attachment-14518\" class=\"wp-caption-text\">Panes de producci\u00f3n con el grupo de d\u00eda s\u00e1bado.<\/figcaption><\/figure>\n<h2>Contenido del curso de panader\u00eda en Loja<\/h2>\n<p>Revisamos una serie de panes y m\u00e9todos: <a href=\"https:\/\/www.le-fort.org\/pan-de-masa-madre\/\">masa madre<\/a> de la de verdad, con bacterias l\u00e1cticas y levaduras silvestres; panes de agua incluyendo <em>baguette<\/em>, <em>ciabatta <\/em>y otros; panes de hamburguesa y hot-dog; enquesillados, gusanos, embajadores y otros panes ecuatorianos; <em>croissants<\/em>; y terminamos con algo de panader\u00eda navide\u00f1a en la forma de trenza rusa y pan de pascua.<\/p>\n<figure id=\"attachment_14520\" aria-describedby=\"caption-attachment-14520\" style=\"width: 1280px\" class=\"wp-caption aligncenter\"><img data-recalc-dims=\"1\" loading=\"lazy\" decoding=\"async\" data-attachment-id=\"14520\" data-permalink=\"https:\/\/le-fort.org\/cocina\/culmina-curso-de-panaderia-en-loja\/sour\/\" data-orig-file=\"https:\/\/i0.wp.com\/le-fort.org\/cocina\/wp-content\/uploads\/2019\/10\/sour.jpg?fit=1280%2C720&amp;ssl=1\" data-orig-size=\"1280,720\" data-comments-opened=\"0\" data-image-meta=\"{&quot;aperture&quot;:&quot;0&quot;,&quot;credit&quot;:&quot;&quot;,&quot;camera&quot;:&quot;&quot;,&quot;caption&quot;:&quot;&quot;,&quot;created_timestamp&quot;:&quot;0&quot;,&quot;copyright&quot;:&quot;&quot;,&quot;focal_length&quot;:&quot;0&quot;,&quot;iso&quot;:&quot;0&quot;,&quot;shutter_speed&quot;:&quot;0&quot;,&quot;title&quot;:&quot;&quot;,&quot;orientation&quot;:&quot;0&quot;}\" data-image-title=\"sour\" data-image-description=\"\" data-image-caption=\"&lt;p&gt;Pan campesino con masa madre&lt;\/p&gt;\n\" data-large-file=\"https:\/\/i0.wp.com\/le-fort.org\/cocina\/wp-content\/uploads\/2019\/10\/sour.jpg?fit=1200%2C675&amp;ssl=1\" class=\"size-full wp-image-14520\" src=\"https:\/\/i0.wp.com\/www.le-fort.org\/wp-content\/uploads\/2019\/10\/sour.jpg?resize=1200%2C675&#038;ssl=1\" alt=\"curso de panader\u00eda en loja campesino\" width=\"1200\" height=\"675\" srcset=\"https:\/\/i0.wp.com\/le-fort.org\/cocina\/wp-content\/uploads\/2019\/10\/sour.jpg?w=1280&amp;ssl=1 1280w, https:\/\/i0.wp.com\/le-fort.org\/cocina\/wp-content\/uploads\/2019\/10\/sour.jpg?resize=600%2C338&amp;ssl=1 600w, https:\/\/i0.wp.com\/le-fort.org\/cocina\/wp-content\/uploads\/2019\/10\/sour.jpg?resize=2%2C1&amp;ssl=1 2w\" sizes=\"auto, (max-width: 1200px) 100vw, 1200px\" \/><figcaption id=\"caption-attachment-14520\" class=\"wp-caption-text\">Pan campesino con masa madre<\/figcaption><\/figure>\n<p>Fue un m\u00f3dulo muy interesante, y tenemos claro que en tan corto tiempo s\u00f3lo podemos aspirar a entregar herramientas b\u00e1sicas y una comprensi\u00f3n del proceso de la panader\u00eda. Tambi\u00e9n tenemos claro que el camino es muy largo y que cada uno de nosotros lo va realizando y que requiere tiempo y pr\u00e1ctica.<\/p>\n<figure id=\"attachment_14511\" aria-describedby=\"caption-attachment-14511\" style=\"width: 1280px\" class=\"wp-caption aligncenter\"><img data-recalc-dims=\"1\" loading=\"lazy\" decoding=\"async\" data-attachment-id=\"14511\" data-permalink=\"https:\/\/le-fort.org\/cocina\/culmina-curso-de-panaderia-en-loja\/challah-4\/\" data-orig-file=\"https:\/\/i0.wp.com\/le-fort.org\/cocina\/wp-content\/uploads\/2019\/10\/challah-1.jpg?fit=1280%2C720&amp;ssl=1\" data-orig-size=\"1280,720\" data-comments-opened=\"0\" data-image-meta=\"{&quot;aperture&quot;:&quot;0&quot;,&quot;credit&quot;:&quot;&quot;,&quot;camera&quot;:&quot;&quot;,&quot;caption&quot;:&quot;&quot;,&quot;created_timestamp&quot;:&quot;0&quot;,&quot;copyright&quot;:&quot;&quot;,&quot;focal_length&quot;:&quot;0&quot;,&quot;iso&quot;:&quot;0&quot;,&quot;shutter_speed&quot;:&quot;0&quot;,&quot;title&quot;:&quot;&quot;,&quot;orientation&quot;:&quot;0&quot;}\" data-image-title=\"challah\" data-image-description=\"\" data-image-caption=\"&lt;p&gt;Aprovechamos de preparar challah, porque nos toc\u00f3 Rosh Hashanah justo en clases. \u00a1Shan\u00e1 Tov\u00e1!&lt;\/p&gt;\n\" data-large-file=\"https:\/\/i0.wp.com\/le-fort.org\/cocina\/wp-content\/uploads\/2019\/10\/challah-1.jpg?fit=1200%2C675&amp;ssl=1\" class=\"size-full wp-image-14511\" src=\"https:\/\/i0.wp.com\/www.le-fort.org\/wp-content\/uploads\/2019\/10\/challah-1.jpg?resize=1200%2C675&#038;ssl=1\" alt=\"curso de panader\u00eda en loja: Challah\" width=\"1200\" height=\"675\" srcset=\"https:\/\/i0.wp.com\/le-fort.org\/cocina\/wp-content\/uploads\/2019\/10\/challah-1.jpg?w=1280&amp;ssl=1 1280w, https:\/\/i0.wp.com\/le-fort.org\/cocina\/wp-content\/uploads\/2019\/10\/challah-1.jpg?resize=600%2C338&amp;ssl=1 600w, https:\/\/i0.wp.com\/le-fort.org\/cocina\/wp-content\/uploads\/2019\/10\/challah-1.jpg?resize=2%2C1&amp;ssl=1 2w\" sizes=\"auto, (max-width: 1200px) 100vw, 1200px\" \/><figcaption id=\"caption-attachment-14511\" class=\"wp-caption-text\">Aprovechamos de preparar <em>challah<\/em>, porque nos toc\u00f3 Rosh Hashanah justo en clases. \u00a1Shan\u00e1 Tov\u00e1!<\/figcaption><\/figure>\n<p>En t\u00e9rminos de t\u00e9cnica, uno de los elementos importantes del curso fue el m\u00e9todo <a href=\"https:\/\/www.amazon.es\/Crust-Richard-Bertinet\/dp\/0857831089\" target=\"_blank\" rel=\"noopener noreferrer\">Bertinet<\/a>, con el que trabajamos masas de alta hidrataci\u00f3n sin morir en el intento, y obtuvimos unos s\u00e1nduches en <em>ciabatta<\/em> memorables.<\/p>\n<figure id=\"attachment_14514\" aria-describedby=\"caption-attachment-14514\" style=\"width: 1280px\" class=\"wp-caption aligncenter\"><img data-recalc-dims=\"1\" loading=\"lazy\" decoding=\"async\" data-attachment-id=\"14514\" data-permalink=\"https:\/\/le-fort.org\/cocina\/culmina-curso-de-panaderia-en-loja\/molde-4\/\" data-orig-file=\"https:\/\/i0.wp.com\/le-fort.org\/cocina\/wp-content\/uploads\/2019\/10\/molde.jpg?fit=1280%2C720&amp;ssl=1\" data-orig-size=\"1280,720\" data-comments-opened=\"0\" data-image-meta=\"{&quot;aperture&quot;:&quot;0&quot;,&quot;credit&quot;:&quot;&quot;,&quot;camera&quot;:&quot;&quot;,&quot;caption&quot;:&quot;&quot;,&quot;created_timestamp&quot;:&quot;0&quot;,&quot;copyright&quot;:&quot;&quot;,&quot;focal_length&quot;:&quot;0&quot;,&quot;iso&quot;:&quot;0&quot;,&quot;shutter_speed&quot;:&quot;0&quot;,&quot;title&quot;:&quot;&quot;,&quot;orientation&quot;:&quot;0&quot;}\" data-image-title=\"molde\" data-image-description=\"\" data-image-caption=\"&lt;p&gt;El pan de molde de masa madre tiene otra estructura.&lt;\/p&gt;\n\" data-large-file=\"https:\/\/i0.wp.com\/le-fort.org\/cocina\/wp-content\/uploads\/2019\/10\/molde.jpg?fit=1200%2C675&amp;ssl=1\" class=\"size-full wp-image-14514\" src=\"https:\/\/i0.wp.com\/www.le-fort.org\/wp-content\/uploads\/2019\/10\/molde.jpg?resize=1200%2C675&#038;ssl=1\" alt=\"Curso de Panader\u00eda en Loja: pan d emolde\" width=\"1200\" height=\"675\" srcset=\"https:\/\/i0.wp.com\/le-fort.org\/cocina\/wp-content\/uploads\/2019\/10\/molde.jpg?w=1280&amp;ssl=1 1280w, https:\/\/i0.wp.com\/le-fort.org\/cocina\/wp-content\/uploads\/2019\/10\/molde.jpg?resize=600%2C338&amp;ssl=1 600w, https:\/\/i0.wp.com\/le-fort.org\/cocina\/wp-content\/uploads\/2019\/10\/molde.jpg?resize=2%2C1&amp;ssl=1 2w\" sizes=\"auto, (max-width: 1200px) 100vw, 1200px\" \/><figcaption id=\"caption-attachment-14514\" class=\"wp-caption-text\">El pan de molde de masa madre tiene otra estructura.<\/figcaption><\/figure>\n<figure id=\"attachment_14509\" aria-describedby=\"caption-attachment-14509\" style=\"width: 1280px\" class=\"wp-caption aligncenter\"><img data-recalc-dims=\"1\" loading=\"lazy\" decoding=\"async\" data-attachment-id=\"14509\" data-permalink=\"https:\/\/le-fort.org\/cocina\/culmina-curso-de-panaderia-en-loja\/baguette\/\" data-orig-file=\"https:\/\/i0.wp.com\/le-fort.org\/cocina\/wp-content\/uploads\/2019\/10\/baguette.jpg?fit=1280%2C720&amp;ssl=1\" data-orig-size=\"1280,720\" data-comments-opened=\"0\" data-image-meta=\"{&quot;aperture&quot;:&quot;0&quot;,&quot;credit&quot;:&quot;&quot;,&quot;camera&quot;:&quot;&quot;,&quot;caption&quot;:&quot;&quot;,&quot;created_timestamp&quot;:&quot;0&quot;,&quot;copyright&quot;:&quot;&quot;,&quot;focal_length&quot;:&quot;0&quot;,&quot;iso&quot;:&quot;0&quot;,&quot;shutter_speed&quot;:&quot;0&quot;,&quot;title&quot;:&quot;&quot;,&quot;orientation&quot;:&quot;0&quot;}\" data-image-title=\"baguette\" data-image-description=\"\" data-image-caption=\"&lt;p&gt;El baguette no puede faltar en un curso de esta naturaleza&lt;\/p&gt;\n\" data-large-file=\"https:\/\/i0.wp.com\/le-fort.org\/cocina\/wp-content\/uploads\/2019\/10\/baguette.jpg?fit=1200%2C675&amp;ssl=1\" class=\"size-full wp-image-14509\" src=\"https:\/\/i0.wp.com\/www.le-fort.org\/wp-content\/uploads\/2019\/10\/baguette.jpg?resize=1200%2C675&#038;ssl=1\" alt=\"Curso de Panader\u00eda en Loja: baguette\" width=\"1200\" height=\"675\" srcset=\"https:\/\/i0.wp.com\/le-fort.org\/cocina\/wp-content\/uploads\/2019\/10\/baguette.jpg?w=1280&amp;ssl=1 1280w, https:\/\/i0.wp.com\/le-fort.org\/cocina\/wp-content\/uploads\/2019\/10\/baguette.jpg?resize=600%2C338&amp;ssl=1 600w, https:\/\/i0.wp.com\/le-fort.org\/cocina\/wp-content\/uploads\/2019\/10\/baguette.jpg?resize=2%2C1&amp;ssl=1 2w\" sizes=\"auto, (max-width: 1200px) 100vw, 1200px\" \/><figcaption id=\"caption-attachment-14509\" class=\"wp-caption-text\">El <em>baguette<\/em> no puede faltar en un curso de esta naturaleza.<\/figcaption><\/figure>\n<figure id=\"attachment_14512\" aria-describedby=\"caption-attachment-14512\" style=\"width: 1280px\" class=\"wp-caption aligncenter\"><img data-recalc-dims=\"1\" loading=\"lazy\" decoding=\"async\" data-attachment-id=\"14512\" data-permalink=\"https:\/\/le-fort.org\/cocina\/culmina-curso-de-panaderia-en-loja\/gusano\/\" data-orig-file=\"https:\/\/i0.wp.com\/le-fort.org\/cocina\/wp-content\/uploads\/2019\/10\/gusano.jpg?fit=1280%2C720&amp;ssl=1\" data-orig-size=\"1280,720\" data-comments-opened=\"0\" data-image-meta=\"{&quot;aperture&quot;:&quot;0&quot;,&quot;credit&quot;:&quot;&quot;,&quot;camera&quot;:&quot;&quot;,&quot;caption&quot;:&quot;&quot;,&quot;created_timestamp&quot;:&quot;0&quot;,&quot;copyright&quot;:&quot;&quot;,&quot;focal_length&quot;:&quot;0&quot;,&quot;iso&quot;:&quot;0&quot;,&quot;shutter_speed&quot;:&quot;0&quot;,&quot;title&quot;:&quot;&quot;,&quot;orientation&quot;:&quot;0&quot;}\" data-image-title=\"gusano\" data-image-description=\"\" data-image-caption=\"&lt;p&gt;Gusanos rellenos de quesillo y de mermelada&lt;\/p&gt;\n\" data-large-file=\"https:\/\/i0.wp.com\/le-fort.org\/cocina\/wp-content\/uploads\/2019\/10\/gusano.jpg?fit=1200%2C675&amp;ssl=1\" class=\"size-full wp-image-14512\" src=\"https:\/\/i0.wp.com\/www.le-fort.org\/wp-content\/uploads\/2019\/10\/gusano.jpg?resize=1200%2C675&#038;ssl=1\" alt=\"Curso de Panader\u00eda en Loja: gusanos\" width=\"1200\" height=\"675\" srcset=\"https:\/\/i0.wp.com\/le-fort.org\/cocina\/wp-content\/uploads\/2019\/10\/gusano.jpg?w=1280&amp;ssl=1 1280w, https:\/\/i0.wp.com\/le-fort.org\/cocina\/wp-content\/uploads\/2019\/10\/gusano.jpg?resize=600%2C338&amp;ssl=1 600w, https:\/\/i0.wp.com\/le-fort.org\/cocina\/wp-content\/uploads\/2019\/10\/gusano.jpg?resize=2%2C1&amp;ssl=1 2w\" sizes=\"auto, (max-width: 1200px) 100vw, 1200px\" \/><figcaption id=\"caption-attachment-14512\" class=\"wp-caption-text\">Gusanos rellenos de quesillo y de mermelada<\/figcaption><\/figure>\n<figure id=\"attachment_14516\" aria-describedby=\"caption-attachment-14516\" style=\"width: 1280px\" class=\"wp-caption aligncenter\"><img data-recalc-dims=\"1\" loading=\"lazy\" decoding=\"async\" data-attachment-id=\"14516\" data-permalink=\"https:\/\/le-fort.org\/cocina\/culmina-curso-de-panaderia-en-loja\/quesillo\/\" data-orig-file=\"https:\/\/i0.wp.com\/le-fort.org\/cocina\/wp-content\/uploads\/2019\/10\/quesillo.jpg?fit=1280%2C720&amp;ssl=1\" data-orig-size=\"1280,720\" data-comments-opened=\"0\" data-image-meta=\"{&quot;aperture&quot;:&quot;0&quot;,&quot;credit&quot;:&quot;&quot;,&quot;camera&quot;:&quot;&quot;,&quot;caption&quot;:&quot;&quot;,&quot;created_timestamp&quot;:&quot;0&quot;,&quot;copyright&quot;:&quot;&quot;,&quot;focal_length&quot;:&quot;0&quot;,&quot;iso&quot;:&quot;0&quot;,&quot;shutter_speed&quot;:&quot;0&quot;,&quot;title&quot;:&quot;&quot;,&quot;orientation&quot;:&quot;0&quot;}\" data-image-title=\"quesillo\" data-image-description=\"\" data-image-caption=\"&lt;p&gt;Quesillo y achiote&lt;\/p&gt;\n\" data-large-file=\"https:\/\/i0.wp.com\/le-fort.org\/cocina\/wp-content\/uploads\/2019\/10\/quesillo.jpg?fit=1200%2C675&amp;ssl=1\" class=\"size-full wp-image-14516\" src=\"https:\/\/i0.wp.com\/www.le-fort.org\/wp-content\/uploads\/2019\/10\/quesillo.jpg?resize=1200%2C675&#038;ssl=1\" alt=\"curso de panader\u00eda en Loja: quesillo\" width=\"1200\" height=\"675\" srcset=\"https:\/\/i0.wp.com\/le-fort.org\/cocina\/wp-content\/uploads\/2019\/10\/quesillo.jpg?w=1280&amp;ssl=1 1280w, https:\/\/i0.wp.com\/le-fort.org\/cocina\/wp-content\/uploads\/2019\/10\/quesillo.jpg?resize=600%2C338&amp;ssl=1 600w, https:\/\/i0.wp.com\/le-fort.org\/cocina\/wp-content\/uploads\/2019\/10\/quesillo.jpg?resize=2%2C1&amp;ssl=1 2w\" sizes=\"auto, (max-width: 1200px) 100vw, 1200px\" \/><figcaption id=\"caption-attachment-14516\" class=\"wp-caption-text\">Quesillo y achiote<\/figcaption><\/figure>\n<p>Nos quedamos con ganas de seguir preparando y hablando de panes, historias, t\u00e9cnicas, etc., pero el tiempo no perdona, y ya es hora de comenzar el m\u00f3dulo de reposter\u00eda. As\u00ed no hay dieta que aguante!<\/p>\n<figure id=\"attachment_14517\" aria-describedby=\"caption-attachment-14517\" style=\"width: 1280px\" class=\"wp-caption aligncenter\"><img data-recalc-dims=\"1\" loading=\"lazy\" decoding=\"async\" data-attachment-id=\"14517\" data-permalink=\"https:\/\/le-fort.org\/cocina\/culmina-curso-de-panaderia-en-loja\/russenzopf\/\" data-orig-file=\"https:\/\/i0.wp.com\/le-fort.org\/cocina\/wp-content\/uploads\/2019\/10\/russenzopf.jpg?fit=1280%2C720&amp;ssl=1\" data-orig-size=\"1280,720\" data-comments-opened=\"0\" data-image-meta=\"{&quot;aperture&quot;:&quot;0&quot;,&quot;credit&quot;:&quot;&quot;,&quot;camera&quot;:&quot;&quot;,&quot;caption&quot;:&quot;&quot;,&quot;created_timestamp&quot;:&quot;0&quot;,&quot;copyright&quot;:&quot;&quot;,&quot;focal_length&quot;:&quot;0&quot;,&quot;iso&quot;:&quot;0&quot;,&quot;shutter_speed&quot;:&quot;0&quot;,&quot;title&quot;:&quot;&quot;,&quot;orientation&quot;:&quot;0&quot;}\" data-image-title=\"russenzopf\" data-image-description=\"\" data-image-caption=\"&lt;p&gt;Como broche de oro, una trenza rusa con relleno de mazap\u00e1n de almendras. Deliciosa.&lt;\/p&gt;\n\" data-large-file=\"https:\/\/i0.wp.com\/le-fort.org\/cocina\/wp-content\/uploads\/2019\/10\/russenzopf.jpg?fit=1200%2C675&amp;ssl=1\" class=\"size-full wp-image-14517\" src=\"https:\/\/i0.wp.com\/www.le-fort.org\/wp-content\/uploads\/2019\/10\/russenzopf.jpg?resize=1200%2C675&#038;ssl=1\" alt=\"Curso de Panader\u00eda en Loja: Russenzopf\" width=\"1200\" height=\"675\" srcset=\"https:\/\/i0.wp.com\/le-fort.org\/cocina\/wp-content\/uploads\/2019\/10\/russenzopf.jpg?w=1280&amp;ssl=1 1280w, https:\/\/i0.wp.com\/le-fort.org\/cocina\/wp-content\/uploads\/2019\/10\/russenzopf.jpg?resize=600%2C338&amp;ssl=1 600w, https:\/\/i0.wp.com\/le-fort.org\/cocina\/wp-content\/uploads\/2019\/10\/russenzopf.jpg?resize=2%2C1&amp;ssl=1 2w\" sizes=\"auto, (max-width: 1200px) 100vw, 1200px\" \/><figcaption id=\"caption-attachment-14517\" class=\"wp-caption-text\">Como broche de oro, una trenza rusa con relleno de mazap\u00e1n de almendras. Deliciosa.<\/figcaption><\/figure>\n<p>&nbsp;<\/p>\n","protected":false},"excerpt":{"rendered":"<p>Curso de panader\u00eda en Loja. Concluimos ya la primera parte de nuestro curso de panader\u00eda y reposter\u00eda en la ciudad de Loja. A lo largo de ocho semanas comenzamos desde cero, eliminando el almid\u00f3n para dejar el gluten y preparar seitan, y terminamos elaborando una serie de panes de diversos or\u00edgenes y composiciones: desde panes [&hellip;]<\/p>\n","protected":false},"author":1,"featured_media":14515,"comment_status":"closed","ping_status":"closed","sticky":false,"template":"","format":"standard","meta":{"_jetpack_newsletter_access":"","_jetpack_dont_email_post_to_subs":false,"_jetpack_newsletter_tier_id":0,"_jetpack_memberships_contains_paywalled_content":false,"_jetpack_memberships_contains_paid_content":false,"footnotes":""},"categories":[251],"tags":[689,118],"class_list":["post-14508","post","type-post","status-publish","format-standard","has-post-thumbnail","hentry","category-educacion","tag-clases","tag-panaderia","entry","has-media"],"jetpack_featured_media_url":"https:\/\/i0.wp.com\/le-fort.org\/cocina\/wp-content\/uploads\/2019\/10\/panaderia-hd.jpg?fit=1500%2C500&ssl=1","jetpack_shortlink":"https:\/\/wp.me\/pghKer-3M0","jetpack_sharing_enabled":true,"jetpack-related-posts":[{"id":16446,"url":"https:\/\/le-fort.org\/cocina\/panaderia-en-portoviejo\/","url_meta":{"origin":14508,"position":0},"title":"Panader\u00eda en Portoviejo","author":"Le-Fort.org","date":"18 de Marzo, 2022","format":false,"excerpt":"Con las manos en la masa en Manab\u00ed","rel":"","context":"En &quot;Educaci\u00f3n&quot;","block_context":{"text":"Educaci\u00f3n","link":"https:\/\/le-fort.org\/cocina\/categoria\/educacion\/"},"img":{"alt_text":"","src":"https:\/\/i0.wp.com\/le-fort.org\/cocina\/wp-content\/uploads\/2022\/03\/panaderia-portoviejo-hd.jpg?fit=1200%2C400&ssl=1&resize=350%2C200","width":350,"height":200,"srcset":"https:\/\/i0.wp.com\/le-fort.org\/cocina\/wp-content\/uploads\/2022\/03\/panaderia-portoviejo-hd.jpg?fit=1200%2C400&ssl=1&resize=350%2C200 1x, https:\/\/i0.wp.com\/le-fort.org\/cocina\/wp-content\/uploads\/2022\/03\/panaderia-portoviejo-hd.jpg?fit=1200%2C400&ssl=1&resize=525%2C300 1.5x, https:\/\/i0.wp.com\/le-fort.org\/cocina\/wp-content\/uploads\/2022\/03\/panaderia-portoviejo-hd.jpg?fit=1200%2C400&ssl=1&resize=700%2C400 2x, https:\/\/i0.wp.com\/le-fort.org\/cocina\/wp-content\/uploads\/2022\/03\/panaderia-portoviejo-hd.jpg?fit=1200%2C400&ssl=1&resize=1050%2C600 3x"},"classes":[]},{"id":7655,"url":"https:\/\/le-fort.org\/cocina\/clases-de-panaderia-y-pasteleria-en-cadeate\/","url_meta":{"origin":14508,"position":1},"title":"Tecnificaci\u00f3n en Cadeate: Panader\u00eda y Pasteler\u00eda","author":"Le-Fort.org","date":"10 de Marzo, 2016","format":false,"excerpt":"Tuvimos la oportunidad de participar en una capacitaci\u00f3n con clases de panader\u00eda y pasteler\u00eda en la comunidad de Cadeate, en Santa Elena, Ecuador como parte de la Asociaci\u00f3n de Chefs del Ecuador. \u00a0Fue una excelente experiencia que resume todo lo que nos gusta de compartir la comida. El curso fue\u2026","rel":"","context":"En &quot;Educaci\u00f3n&quot;","block_context":{"text":"Educaci\u00f3n","link":"https:\/\/le-fort.org\/cocina\/categoria\/educacion\/"},"img":{"alt_text":"","src":"https:\/\/i0.wp.com\/le-fort.org\/cocina\/wp-content\/uploads\/2016\/03\/cadeate-hd.jpg?fit=1200%2C400&ssl=1&resize=350%2C200","width":350,"height":200,"srcset":"https:\/\/i0.wp.com\/le-fort.org\/cocina\/wp-content\/uploads\/2016\/03\/cadeate-hd.jpg?fit=1200%2C400&ssl=1&resize=350%2C200 1x, https:\/\/i0.wp.com\/le-fort.org\/cocina\/wp-content\/uploads\/2016\/03\/cadeate-hd.jpg?fit=1200%2C400&ssl=1&resize=525%2C300 1.5x, https:\/\/i0.wp.com\/le-fort.org\/cocina\/wp-content\/uploads\/2016\/03\/cadeate-hd.jpg?fit=1200%2C400&ssl=1&resize=700%2C400 2x, https:\/\/i0.wp.com\/le-fort.org\/cocina\/wp-content\/uploads\/2016\/03\/cadeate-hd.jpg?fit=1200%2C400&ssl=1&resize=1050%2C600 3x"},"classes":[]},{"id":14054,"url":"https:\/\/le-fort.org\/cocina\/barista-loja-ii\/","url_meta":{"origin":14508,"position":2},"title":"Estudiando para barista en Loja, Curso de barismo parte II","author":"Le-Fort.org","date":"16 de Abril, 2019","format":false,"excerpt":"Curso de barismo en Loja: espresso, Latte art y otros.","rel":"","context":"En &quot;Caf\u00e9&quot;","block_context":{"text":"Caf\u00e9","link":"https:\/\/le-fort.org\/cocina\/categoria\/cafe\/"},"img":{"alt_text":"","src":"https:\/\/i0.wp.com\/le-fort.org\/cocina\/wp-content\/uploads\/2018\/11\/barismo-hd.jpg?fit=1200%2C400&ssl=1&resize=350%2C200","width":350,"height":200,"srcset":"https:\/\/i0.wp.com\/le-fort.org\/cocina\/wp-content\/uploads\/2018\/11\/barismo-hd.jpg?fit=1200%2C400&ssl=1&resize=350%2C200 1x, https:\/\/i0.wp.com\/le-fort.org\/cocina\/wp-content\/uploads\/2018\/11\/barismo-hd.jpg?fit=1200%2C400&ssl=1&resize=525%2C300 1.5x, https:\/\/i0.wp.com\/le-fort.org\/cocina\/wp-content\/uploads\/2018\/11\/barismo-hd.jpg?fit=1200%2C400&ssl=1&resize=700%2C400 2x, https:\/\/i0.wp.com\/le-fort.org\/cocina\/wp-content\/uploads\/2018\/11\/barismo-hd.jpg?fit=1200%2C400&ssl=1&resize=1050%2C600 3x"},"classes":[]},{"id":14045,"url":"https:\/\/le-fort.org\/cocina\/barista-loja-i\/","url_meta":{"origin":14508,"position":3},"title":"Estudiando para Barista en Loja, parte I","author":"Le-Fort.org","date":"29 de Noviembre, 2018","format":false,"excerpt":"La vida no es s\u00f3lo ense\u00f1ar. Para ello hay que estudiar constantemente, y en ese esp\u00edritu es que Marell se est\u00e1 capacitando como barista en la ciudad de Loja. El primer curso de barismo fue Barismo Nivel I y fue dictado en el Instituto Superior Tecnol\u00f3gico Loja, con asistencia de\u2026","rel":"","context":"En &quot;Caf\u00e9&quot;","block_context":{"text":"Caf\u00e9","link":"https:\/\/le-fort.org\/cocina\/categoria\/cafe\/"},"img":{"alt_text":"","src":"https:\/\/i0.wp.com\/le-fort.org\/cocina\/wp-content\/uploads\/2018\/11\/cafe-hd.jpg?fit=1200%2C400&ssl=1&resize=350%2C200","width":350,"height":200,"srcset":"https:\/\/i0.wp.com\/le-fort.org\/cocina\/wp-content\/uploads\/2018\/11\/cafe-hd.jpg?fit=1200%2C400&ssl=1&resize=350%2C200 1x, https:\/\/i0.wp.com\/le-fort.org\/cocina\/wp-content\/uploads\/2018\/11\/cafe-hd.jpg?fit=1200%2C400&ssl=1&resize=525%2C300 1.5x, https:\/\/i0.wp.com\/le-fort.org\/cocina\/wp-content\/uploads\/2018\/11\/cafe-hd.jpg?fit=1200%2C400&ssl=1&resize=700%2C400 2x, https:\/\/i0.wp.com\/le-fort.org\/cocina\/wp-content\/uploads\/2018\/11\/cafe-hd.jpg?fit=1200%2C400&ssl=1&resize=1050%2C600 3x"},"classes":[]},{"id":13630,"url":"https:\/\/le-fort.org\/cocina\/cocina-india-vegetariana-en-loja\/","url_meta":{"origin":14508,"position":4},"title":"Cocina India Vegetariana en Loja","author":"Le-Fort.org","date":"11 de Febrero, 2019","format":false,"excerpt":"Taller de cocina india vegetariana","rel":"","context":"En &quot;Educaci\u00f3n&quot;","block_context":{"text":"Educaci\u00f3n","link":"https:\/\/le-fort.org\/cocina\/categoria\/educacion\/"},"img":{"alt_text":"","src":"https:\/\/i0.wp.com\/le-fort.org\/cocina\/wp-content\/uploads\/2013\/10\/naan-2-hd.jpg?fit=1200%2C400&ssl=1&resize=350%2C200","width":350,"height":200,"srcset":"https:\/\/i0.wp.com\/le-fort.org\/cocina\/wp-content\/uploads\/2013\/10\/naan-2-hd.jpg?fit=1200%2C400&ssl=1&resize=350%2C200 1x, https:\/\/i0.wp.com\/le-fort.org\/cocina\/wp-content\/uploads\/2013\/10\/naan-2-hd.jpg?fit=1200%2C400&ssl=1&resize=525%2C300 1.5x, https:\/\/i0.wp.com\/le-fort.org\/cocina\/wp-content\/uploads\/2013\/10\/naan-2-hd.jpg?fit=1200%2C400&ssl=1&resize=700%2C400 2x, https:\/\/i0.wp.com\/le-fort.org\/cocina\/wp-content\/uploads\/2013\/10\/naan-2-hd.jpg?fit=1200%2C400&ssl=1&resize=1050%2C600 3x"},"classes":[]},{"id":14846,"url":"https:\/\/le-fort.org\/cocina\/pan-de-molde\/","url_meta":{"origin":14508,"position":5},"title":"Pan de Molde","author":"Le-Fort.org","date":"20 de Marzo, 2020","format":false,"excerpt":"El pan de molde es una excelente receta para estos d\u00edas de aislamiento social y cuarentena, en los que saber hacer pan es una habilidad \u00fatil. Compartimos con ustedes esta receta de un pan f\u00e1cil, delicioso y bajo en grasa. Qu\u00e9date en casa y cu\u00eddate a ti y a los\u2026","rel":"","context":"En &quot;Panes&quot;","block_context":{"text":"Panes","link":"https:\/\/le-fort.org\/cocina\/categoria\/panes\/"},"img":{"alt_text":"","src":"https:\/\/i0.wp.com\/le-fort.org\/cocina\/wp-content\/uploads\/2020\/03\/pan.jpg?fit=1200%2C675&ssl=1&resize=350%2C200","width":350,"height":200,"srcset":"https:\/\/i0.wp.com\/le-fort.org\/cocina\/wp-content\/uploads\/2020\/03\/pan.jpg?fit=1200%2C675&ssl=1&resize=350%2C200 1x, https:\/\/i0.wp.com\/le-fort.org\/cocina\/wp-content\/uploads\/2020\/03\/pan.jpg?fit=1200%2C675&ssl=1&resize=525%2C300 1.5x, https:\/\/i0.wp.com\/le-fort.org\/cocina\/wp-content\/uploads\/2020\/03\/pan.jpg?fit=1200%2C675&ssl=1&resize=700%2C400 2x, https:\/\/i0.wp.com\/le-fort.org\/cocina\/wp-content\/uploads\/2020\/03\/pan.jpg?fit=1200%2C675&ssl=1&resize=1050%2C600 3x"},"classes":[]}],"_links":{"self":[{"href":"https:\/\/le-fort.org\/cocina\/wp-json\/wp\/v2\/posts\/14508","targetHints":{"allow":["GET"]}}],"collection":[{"href":"https:\/\/le-fort.org\/cocina\/wp-json\/wp\/v2\/posts"}],"about":[{"href":"https:\/\/le-fort.org\/cocina\/wp-json\/wp\/v2\/types\/post"}],"author":[{"embeddable":true,"href":"https:\/\/le-fort.org\/cocina\/wp-json\/wp\/v2\/users\/1"}],"replies":[{"embeddable":true,"href":"https:\/\/le-fort.org\/cocina\/wp-json\/wp\/v2\/comments?post=14508"}],"version-history":[{"count":5,"href":"https:\/\/le-fort.org\/cocina\/wp-json\/wp\/v2\/posts\/14508\/revisions"}],"predecessor-version":[{"id":14527,"href":"https:\/\/le-fort.org\/cocina\/wp-json\/wp\/v2\/posts\/14508\/revisions\/14527"}],"wp:featuredmedia":[{"embeddable":true,"href":"https:\/\/le-fort.org\/cocina\/wp-json\/wp\/v2\/media\/14515"}],"wp:attachment":[{"href":"https:\/\/le-fort.org\/cocina\/wp-json\/wp\/v2\/media?parent=14508"}],"wp:term":[{"taxonomy":"category","embeddable":true,"href":"https:\/\/le-fort.org\/cocina\/wp-json\/wp\/v2\/categories?post=14508"},{"taxonomy":"post_tag","embeddable":true,"href":"https:\/\/le-fort.org\/cocina\/wp-json\/wp\/v2\/tags?post=14508"}],"curies":[{"name":"wp","href":"https:\/\/api.w.org\/{rel}","templated":true}]}}