{"id":14540,"date":"2019-10-19T19:41:13","date_gmt":"2019-10-20T00:41:13","guid":{"rendered":"https:\/\/www.le-fort.org\/?p=14540"},"modified":"2019-12-02T17:29:32","modified_gmt":"2019-12-02T22:29:32","slug":"heroes-de-la-comida-en-loja","status":"publish","type":"post","link":"https:\/\/le-fort.org\/cocina\/heroes-de-la-comida-en-loja\/","title":{"rendered":"H\u00e9roes de la Comida en Loja"},"content":{"rendered":"<p>Como una celebraci\u00f3n anticipada del d\u00eda del Chef, realizamos el taller <strong>H\u00e9roes de la Comida<\/strong> en la ciudad de Loja, en el Colegio T\u00e9cnico Daniel \u00c1lvarez Burneo, a estudiantes de Producci\u00f3n Agropecuaria y de Procesamiento de Alimentos.<!--more--><\/p>\n<figure id=\"attachment_14545\" aria-describedby=\"caption-attachment-14545\" style=\"width: 1920px\" class=\"wp-caption aligncenter\"><img data-recalc-dims=\"1\" loading=\"lazy\" decoding=\"async\" data-attachment-id=\"14545\" data-permalink=\"https:\/\/le-fort.org\/cocina\/heroes-de-la-comida-en-loja\/captura-de-pantalla-2019-10-17-12-27-54\/\" data-orig-file=\"https:\/\/i0.wp.com\/le-fort.org\/cocina\/wp-content\/uploads\/2019\/10\/Captura-de-pantalla-2019-10-17-12.27.54.png?fit=1920%2C1080&amp;ssl=1\" data-orig-size=\"1920,1080\" data-comments-opened=\"0\" data-image-meta=\"{&quot;aperture&quot;:&quot;0&quot;,&quot;credit&quot;:&quot;&quot;,&quot;camera&quot;:&quot;&quot;,&quot;caption&quot;:&quot;&quot;,&quot;created_timestamp&quot;:&quot;0&quot;,&quot;copyright&quot;:&quot;&quot;,&quot;focal_length&quot;:&quot;0&quot;,&quot;iso&quot;:&quot;0&quot;,&quot;shutter_speed&quot;:&quot;0&quot;,&quot;title&quot;:&quot;&quot;,&quot;orientation&quot;:&quot;0&quot;}\" data-image-title=\"Captura de pantalla 2019-10-17 12.27.54\" data-image-description=\"\" data-image-caption=\"&lt;p&gt;Objetivos de Desarrollo Sostenible&lt;\/p&gt;\n\" data-large-file=\"https:\/\/i0.wp.com\/le-fort.org\/cocina\/wp-content\/uploads\/2019\/10\/Captura-de-pantalla-2019-10-17-12.27.54.png?fit=1200%2C675&amp;ssl=1\" class=\"wp-image-14545 size-full\" src=\"https:\/\/i0.wp.com\/www.le-fort.org\/wp-content\/uploads\/2019\/10\/Captura-de-pantalla-2019-10-17-12.27.54.png?resize=1200%2C675&#038;ssl=1\" alt=\"Objetivos H\u00e9roes de la comida\" width=\"1200\" height=\"675\" srcset=\"https:\/\/i0.wp.com\/le-fort.org\/cocina\/wp-content\/uploads\/2019\/10\/Captura-de-pantalla-2019-10-17-12.27.54.png?w=1920&amp;ssl=1 1920w, https:\/\/i0.wp.com\/le-fort.org\/cocina\/wp-content\/uploads\/2019\/10\/Captura-de-pantalla-2019-10-17-12.27.54.png?resize=600%2C338&amp;ssl=1 600w, https:\/\/i0.wp.com\/le-fort.org\/cocina\/wp-content\/uploads\/2019\/10\/Captura-de-pantalla-2019-10-17-12.27.54.png?resize=1280%2C720&amp;ssl=1 1280w, https:\/\/i0.wp.com\/le-fort.org\/cocina\/wp-content\/uploads\/2019\/10\/Captura-de-pantalla-2019-10-17-12.27.54.png?resize=2%2C1&amp;ssl=1 2w\" sizes=\"auto, (max-width: 1200px) 100vw, 1200px\" \/><figcaption id=\"caption-attachment-14545\" class=\"wp-caption-text\">Educaci\u00f3n en los Objetivos globales de desarrollo sustentable<\/figcaption><\/figure>\n<p>El taller es de un poco m\u00e1s de una hora de duraci\u00f3n y ense\u00f1a los <a href=\"https:\/\/www.un.org\/sustainabledevelopment\/es\/objetivos-de-desarrollo-sostenible\/\" target=\"_blank\" rel=\"noopener noreferrer\">objetivos globales de desarrollo sustentable<\/a>, con \u00e9nfasis en el punto <strong>12.3: Reducir el desperdicio alimentario a la mitad<\/strong>.<\/p>\n<h2>Nuestros H\u00e9roes de la comida<\/h2>\n<figure id=\"attachment_14542\" aria-describedby=\"caption-attachment-14542\" style=\"width: 1500px\" class=\"wp-caption aligncenter\"><img data-recalc-dims=\"1\" loading=\"lazy\" decoding=\"async\" data-attachment-id=\"14542\" data-permalink=\"https:\/\/le-fort.org\/cocina\/heroes-de-la-comida-en-loja\/diachef-hd\/\" data-orig-file=\"https:\/\/i0.wp.com\/le-fort.org\/cocina\/wp-content\/uploads\/2019\/10\/diachef-hd.jpg?fit=1500%2C500&amp;ssl=1\" data-orig-size=\"1500,500\" data-comments-opened=\"0\" data-image-meta=\"{&quot;aperture&quot;:&quot;0&quot;,&quot;credit&quot;:&quot;&quot;,&quot;camera&quot;:&quot;&quot;,&quot;caption&quot;:&quot;&quot;,&quot;created_timestamp&quot;:&quot;0&quot;,&quot;copyright&quot;:&quot;&quot;,&quot;focal_length&quot;:&quot;0&quot;,&quot;iso&quot;:&quot;0&quot;,&quot;shutter_speed&quot;:&quot;0&quot;,&quot;title&quot;:&quot;&quot;,&quot;orientation&quot;:&quot;0&quot;}\" data-image-title=\"diachef-hd\" data-image-description=\"\" data-image-caption=\"\" data-large-file=\"https:\/\/i0.wp.com\/le-fort.org\/cocina\/wp-content\/uploads\/2019\/10\/diachef-hd.jpg?fit=1200%2C400&amp;ssl=1\" class=\"wp-image-14542 size-full\" src=\"https:\/\/i0.wp.com\/www.le-fort.org\/wp-content\/uploads\/2019\/10\/diachef-hd.jpg?resize=1200%2C400&#038;ssl=1\" alt=\"H\u00e9roes de la comida\" width=\"1200\" height=\"400\" srcset=\"https:\/\/i0.wp.com\/le-fort.org\/cocina\/wp-content\/uploads\/2019\/10\/diachef-hd.jpg?w=1500&amp;ssl=1 1500w, https:\/\/i0.wp.com\/le-fort.org\/cocina\/wp-content\/uploads\/2019\/10\/diachef-hd.jpg?resize=600%2C200&amp;ssl=1 600w, https:\/\/i0.wp.com\/le-fort.org\/cocina\/wp-content\/uploads\/2019\/10\/diachef-hd.jpg?resize=1280%2C427&amp;ssl=1 1280w, https:\/\/i0.wp.com\/le-fort.org\/cocina\/wp-content\/uploads\/2019\/10\/diachef-hd.jpg?resize=3%2C1&amp;ssl=1 3w\" sizes=\"auto, (max-width: 1200px) 100vw, 1200px\" \/><figcaption id=\"caption-attachment-14542\" class=\"wp-caption-text\">50 nuevos h\u00e9roes de la comida (falta uno que tom\u00f3 amablemente la foto)<\/figcaption><\/figure>\n<p>Nuestros nuevos h\u00e9roes participaron con entusiasmo y arte, dibujando su cena del d\u00eda anterior, reflexionando sobre la distancia recorrida por sus alimentos, el pl\u00e1stico utilizado en su empaque y el comercio justo que -esperamos- sea parte de toda la producci\u00f3n alimentaria.<\/p>\n<p><img data-recalc-dims=\"1\" loading=\"lazy\" decoding=\"async\" data-attachment-id=\"14544\" data-permalink=\"https:\/\/le-fort.org\/cocina\/heroes-de-la-comida-en-loja\/ejercicio\/\" data-orig-file=\"https:\/\/i0.wp.com\/le-fort.org\/cocina\/wp-content\/uploads\/2019\/10\/ejercicio.jpg?fit=1280%2C720&amp;ssl=1\" data-orig-size=\"1280,720\" data-comments-opened=\"0\" data-image-meta=\"{&quot;aperture&quot;:&quot;0&quot;,&quot;credit&quot;:&quot;&quot;,&quot;camera&quot;:&quot;&quot;,&quot;caption&quot;:&quot;&quot;,&quot;created_timestamp&quot;:&quot;0&quot;,&quot;copyright&quot;:&quot;&quot;,&quot;focal_length&quot;:&quot;0&quot;,&quot;iso&quot;:&quot;0&quot;,&quot;shutter_speed&quot;:&quot;0&quot;,&quot;title&quot;:&quot;&quot;,&quot;orientation&quot;:&quot;0&quot;}\" data-image-title=\"ejercicio\" data-image-description=\"\" data-image-caption=\"\" data-large-file=\"https:\/\/i0.wp.com\/le-fort.org\/cocina\/wp-content\/uploads\/2019\/10\/ejercicio.jpg?fit=1200%2C675&amp;ssl=1\" class=\"aligncenter size-full wp-image-14544\" src=\"https:\/\/i0.wp.com\/www.le-fort.org\/wp-content\/uploads\/2019\/10\/ejercicio.jpg?resize=1200%2C675&#038;ssl=1\" alt=\"H\u00e9roes de la comida: ejercicio\" width=\"1200\" height=\"675\" srcset=\"https:\/\/i0.wp.com\/le-fort.org\/cocina\/wp-content\/uploads\/2019\/10\/ejercicio.jpg?w=1280&amp;ssl=1 1280w, https:\/\/i0.wp.com\/le-fort.org\/cocina\/wp-content\/uploads\/2019\/10\/ejercicio.jpg?resize=600%2C338&amp;ssl=1 600w, https:\/\/i0.wp.com\/le-fort.org\/cocina\/wp-content\/uploads\/2019\/10\/ejercicio.jpg?resize=2%2C1&amp;ssl=1 2w\" sizes=\"auto, (max-width: 1200px) 100vw, 1200px\" \/><\/p>\n<p>Se autoevaluaron al respecto, y luego se trabaj\u00f3 en desarrollar y seleccionar iniciativas de consumo responsable. Cada participante escogi\u00f3 las tres que m\u00e1s le interesaron y se comprometi\u00f3 con ellas, y tambi\u00e9n a ense\u00f1ar sobre consumo sustentable a sus cercanos.<\/p>\n<p><img data-recalc-dims=\"1\" loading=\"lazy\" decoding=\"async\" data-attachment-id=\"14547\" data-permalink=\"https:\/\/le-fort.org\/cocina\/heroes-de-la-comida-en-loja\/marell-proyector\/\" data-orig-file=\"https:\/\/i0.wp.com\/le-fort.org\/cocina\/wp-content\/uploads\/2019\/10\/marell-proyector.jpg?fit=1280%2C720&amp;ssl=1\" data-orig-size=\"1280,720\" data-comments-opened=\"0\" data-image-meta=\"{&quot;aperture&quot;:&quot;0&quot;,&quot;credit&quot;:&quot;&quot;,&quot;camera&quot;:&quot;&quot;,&quot;caption&quot;:&quot;&quot;,&quot;created_timestamp&quot;:&quot;0&quot;,&quot;copyright&quot;:&quot;&quot;,&quot;focal_length&quot;:&quot;0&quot;,&quot;iso&quot;:&quot;0&quot;,&quot;shutter_speed&quot;:&quot;0&quot;,&quot;title&quot;:&quot;&quot;,&quot;orientation&quot;:&quot;0&quot;}\" data-image-title=\"marell-proyector\" data-image-description=\"\" data-image-caption=\"\" data-large-file=\"https:\/\/i0.wp.com\/le-fort.org\/cocina\/wp-content\/uploads\/2019\/10\/marell-proyector.jpg?fit=1200%2C675&amp;ssl=1\" class=\"aligncenter size-full wp-image-14547\" src=\"https:\/\/i0.wp.com\/www.le-fort.org\/wp-content\/uploads\/2019\/10\/marell-proyector.jpg?resize=1200%2C675&#038;ssl=1\" alt=\"H\u00e9roes de la comida: comercio justo\" width=\"1200\" height=\"675\" srcset=\"https:\/\/i0.wp.com\/le-fort.org\/cocina\/wp-content\/uploads\/2019\/10\/marell-proyector.jpg?w=1280&amp;ssl=1 1280w, https:\/\/i0.wp.com\/le-fort.org\/cocina\/wp-content\/uploads\/2019\/10\/marell-proyector.jpg?resize=600%2C338&amp;ssl=1 600w, https:\/\/i0.wp.com\/le-fort.org\/cocina\/wp-content\/uploads\/2019\/10\/marell-proyector.jpg?resize=2%2C1&amp;ssl=1 2w\" sizes=\"auto, (max-width: 1200px) 100vw, 1200px\" \/><\/p>\n<h2>Consumo y producci\u00f3n sostenible<\/h2>\n<p>El objetivo n\u00famero 12 tiene las siguientes metas:<\/p>\n<blockquote><p><b>12.1<\/b>\u00a0Aplicar el Marco Decenal de Programas sobre Modalidades de Consumo y Producci\u00f3n Sostenibles, con la participaci\u00f3n de todos los pa\u00edses y bajo el liderazgo de los pa\u00edses desarrollados, teniendo en cuenta el grado de desarrollo y las capacidades de los pa\u00edses en desarrollo<\/p>\n<p><b>12.2<\/b>\u00a0De aqu\u00ed a 2030, lograr la gesti\u00f3n sostenible y el uso eficiente de los recursos naturales<\/p>\n<p><b>12.3<\/b>\u00a0De aqu\u00ed a 2030, reducir a la mitad el desperdicio de alimentos per capita mundial en la venta al por menor y a nivel de los consumidores y reducir las p\u00e9rdidas de alimentos en las cadenas de producci\u00f3n y suministro, incluidas las p\u00e9rdidas posteriores a la cosecha<\/p>\n<p><b>12.4<\/b>\u00a0De aqu\u00ed a 2020, lograr la gesti\u00f3n ecol\u00f3gicamente racional de los productos qu\u00edmicos y de todos los desechos a lo largo de su ciclo de vida, de conformidad con los marcos internacionales convenidos, y reducir significativamente su liberaci\u00f3n a la atm\u00f3sfera, el agua y el suelo a fin de minimizar sus efectos adversos en la salud humana y el medio ambiente<\/p>\n<p><b>12.5<\/b>\u00a0De aqu\u00ed a 2030, reducir considerablemente la generaci\u00f3n de desechos mediante actividades de prevenci\u00f3n, reducci\u00f3n, reciclado y reutilizaci\u00f3n<\/p>\n<p><b>12.6<\/b>\u00a0Alentar a las empresas, en especial las grandes empresas y las empresas transnacionales, a que adopten pr\u00e1cticas sostenibles e incorporen informaci\u00f3n sobre la sostenibilidad en su ciclo de presentaci\u00f3n de informes<\/p>\n<p><b>12.7<\/b>\u00a0Promover pr\u00e1cticas de adquisici\u00f3n p\u00fablica que sean sostenibles, de conformidad con las pol\u00edticas y prioridades nacionales<\/p>\n<p><b>12.8<\/b>\u00a0De aqu\u00ed a 2030, asegurar que las personas de todo el mundo tengan la informaci\u00f3n y los conocimientos pertinentes para el desarrollo sostenible y los estilos de vida en armon\u00eda con la naturaleza<\/p>\n<p><b>12.a<\/b>\u00a0Ayudar a los pa\u00edses en desarrollo a fortalecer su capacidad cient\u00edfica y tecnol\u00f3gica para avanzar hacia modalidades de consumo y producci\u00f3n m\u00e1s sostenibles<\/p>\n<p><b>12.b<\/b>\u00a0Elaborar y aplicar instrumentos para vigilar los efectos en el desarrollo sostenible, a fin de lograr un turismo sostenible que cree puestos de trabajo y promueva la cultura y los productos locales<\/p>\n<p><b>12.c<\/b> Racionalizar los subsidios ineficientes a los combustibles f\u00f3siles que fomentan el consumo antiecon\u00f3mico eliminando las distorsiones del mercado, de acuerdo con las circunstancias nacionales, incluso mediante la reestructuraci\u00f3n de los sistemas tributarios y la eliminaci\u00f3n gradual de los subsidios perjudiciales, cuando existan, para reflejar su impacto ambiental, teniendo plenamente en cuenta las necesidades y condiciones espec\u00edficas de los pa\u00edses en desarrollo y minimizando los posibles efectos adversos en su desarrollo, de manera que se proteja a los pobres y a las comunidades afectadas.<\/p><\/blockquote>\n<p>La meta en que nos centramos es la 12.3. <em>De aqu\u00ed a 2030, reducir a la mitad el desperdicio de alimentos per capita mundial en la venta al por menor y a nivel de los consumidores y reducir las p\u00e9rdidas de alimentos en las cadenas de producci\u00f3n y suministro, incluidas las p\u00e9rdidas posteriores a la cosecha<\/em>. Esperamos que con este breve taller, m\u00e1s personas est\u00e9n mirando sus alimentos y su producci\u00f3n en forma un poco distinta.<\/p>\n<p><img data-recalc-dims=\"1\" loading=\"lazy\" decoding=\"async\" data-attachment-id=\"14543\" data-permalink=\"https:\/\/le-fort.org\/cocina\/heroes-de-la-comida-en-loja\/marell-8\/\" data-orig-file=\"https:\/\/i0.wp.com\/le-fort.org\/cocina\/wp-content\/uploads\/2019\/10\/marell.jpg?fit=1280%2C720&amp;ssl=1\" data-orig-size=\"1280,720\" data-comments-opened=\"0\" data-image-meta=\"{&quot;aperture&quot;:&quot;0&quot;,&quot;credit&quot;:&quot;&quot;,&quot;camera&quot;:&quot;&quot;,&quot;caption&quot;:&quot;&quot;,&quot;created_timestamp&quot;:&quot;0&quot;,&quot;copyright&quot;:&quot;&quot;,&quot;focal_length&quot;:&quot;0&quot;,&quot;iso&quot;:&quot;0&quot;,&quot;shutter_speed&quot;:&quot;0&quot;,&quot;title&quot;:&quot;&quot;,&quot;orientation&quot;:&quot;0&quot;}\" data-image-title=\"marell\" data-image-description=\"\" data-image-caption=\"\" data-large-file=\"https:\/\/i0.wp.com\/le-fort.org\/cocina\/wp-content\/uploads\/2019\/10\/marell.jpg?fit=1200%2C675&amp;ssl=1\" class=\"aligncenter size-full wp-image-14543\" src=\"https:\/\/i0.wp.com\/www.le-fort.org\/wp-content\/uploads\/2019\/10\/marell.jpg?resize=1200%2C675&#038;ssl=1\" alt=\"Marell y los h\u00e9roes de la comida\" width=\"1200\" height=\"675\" srcset=\"https:\/\/i0.wp.com\/le-fort.org\/cocina\/wp-content\/uploads\/2019\/10\/marell.jpg?w=1280&amp;ssl=1 1280w, https:\/\/i0.wp.com\/le-fort.org\/cocina\/wp-content\/uploads\/2019\/10\/marell.jpg?resize=600%2C338&amp;ssl=1 600w, https:\/\/i0.wp.com\/le-fort.org\/cocina\/wp-content\/uploads\/2019\/10\/marell.jpg?resize=2%2C1&amp;ssl=1 2w\" sizes=\"auto, (max-width: 1200px) 100vw, 1200px\" \/><\/p>\n","protected":false},"excerpt":{"rendered":"<p>Taller &#8220;H\u00e9roes de la comida&#8221; de UNICEF, Worldchefs en un colegio de Loja a 50 j\u00f3venes, para difundir los objetivos globales de desarrollo sustentable.<\/p>\n","protected":false},"author":1,"featured_media":14542,"comment_status":"closed","ping_status":"closed","sticky":false,"template":"","format":"standard","meta":{"_jetpack_newsletter_access":"","_jetpack_dont_email_post_to_subs":false,"_jetpack_newsletter_tier_id":0,"_jetpack_memberships_contains_paywalled_content":false,"_jetpack_memberships_contains_paid_content":false,"footnotes":""},"categories":[1],"tags":[884,897,868,789],"class_list":["post-14540","post","type-post","status-publish","format-standard","has-post-thumbnail","hentry","category-general","tag-feed-the-planet","tag-heroes-de-la-comida","tag-sostenibilidad","tag-worldchefs","entry","has-media"],"jetpack_featured_media_url":"https:\/\/i0.wp.com\/le-fort.org\/cocina\/wp-content\/uploads\/2019\/10\/diachef-hd.jpg?fit=1500%2C500&ssl=1","jetpack_shortlink":"https:\/\/wp.me\/pghKer-3Mw","jetpack_sharing_enabled":true,"jetpack-related-posts":[{"id":14737,"url":"https:\/\/le-fort.org\/cocina\/heroes-de-la-comida-en-catamayo\/","url_meta":{"origin":14540,"position":0},"title":"H\u00e9roes de la Comida en Catamayo","author":"Le-Fort.org","date":"2 de Diciembre, 2019","format":false,"excerpt":"Taller H\u00e9roes de la Comida de Feed the Planet a trav\u00e9s de Worldchefs en Catamayo, Loja, Ecuador. Objetivos de Desarrollo Sostenible.","rel":"","context":"En &quot;Educaci\u00f3n&quot;","block_context":{"text":"Educaci\u00f3n","link":"https:\/\/le-fort.org\/cocina\/categoria\/educacion\/"},"img":{"alt_text":"H\u00e9roes de la comida. Catamayo, 2019","src":"https:\/\/i0.wp.com\/le-fort.org\/cocina\/wp-content\/uploads\/2019\/12\/heroes-hd.jpg?fit=1200%2C400&ssl=1&resize=350%2C200","width":350,"height":200,"srcset":"https:\/\/i0.wp.com\/le-fort.org\/cocina\/wp-content\/uploads\/2019\/12\/heroes-hd.jpg?fit=1200%2C400&ssl=1&resize=350%2C200 1x, https:\/\/i0.wp.com\/le-fort.org\/cocina\/wp-content\/uploads\/2019\/12\/heroes-hd.jpg?fit=1200%2C400&ssl=1&resize=525%2C300 1.5x, https:\/\/i0.wp.com\/le-fort.org\/cocina\/wp-content\/uploads\/2019\/12\/heroes-hd.jpg?fit=1200%2C400&ssl=1&resize=700%2C400 2x, https:\/\/i0.wp.com\/le-fort.org\/cocina\/wp-content\/uploads\/2019\/12\/heroes-hd.jpg?fit=1200%2C400&ssl=1&resize=1050%2C600 3x"},"classes":[]},{"id":13608,"url":"https:\/\/le-fort.org\/cocina\/empanadas-chilenas-en-loja\/","url_meta":{"origin":14540,"position":1},"title":"Empanadas Chilenas en Loja","author":"Le-Fort.org","date":"2 de Febrero, 2019","format":false,"excerpt":"Taller de empanadas Chilenas en Loja","rel":"","context":"En &quot;Educaci\u00f3n&quot;","block_context":{"text":"Educaci\u00f3n","link":"https:\/\/le-fort.org\/cocina\/categoria\/educacion\/"},"img":{"alt_text":"","src":"https:\/\/i0.wp.com\/le-fort.org\/cocina\/wp-content\/uploads\/2019\/02\/empanadas-de-queso-hd.jpg?fit=1200%2C400&ssl=1&resize=350%2C200","width":350,"height":200,"srcset":"https:\/\/i0.wp.com\/le-fort.org\/cocina\/wp-content\/uploads\/2019\/02\/empanadas-de-queso-hd.jpg?fit=1200%2C400&ssl=1&resize=350%2C200 1x, https:\/\/i0.wp.com\/le-fort.org\/cocina\/wp-content\/uploads\/2019\/02\/empanadas-de-queso-hd.jpg?fit=1200%2C400&ssl=1&resize=525%2C300 1.5x, https:\/\/i0.wp.com\/le-fort.org\/cocina\/wp-content\/uploads\/2019\/02\/empanadas-de-queso-hd.jpg?fit=1200%2C400&ssl=1&resize=700%2C400 2x, https:\/\/i0.wp.com\/le-fort.org\/cocina\/wp-content\/uploads\/2019\/02\/empanadas-de-queso-hd.jpg?fit=1200%2C400&ssl=1&resize=1050%2C600 3x"},"classes":[]},{"id":14003,"url":"https:\/\/le-fort.org\/cocina\/bocaditos-loja\/","url_meta":{"origin":14540,"position":2},"title":"Bocaditos de Sal en Loja","author":"Le-Fort.org","date":"14 de Abril, 2019","format":false,"excerpt":"El s\u00e1bado 13 de abril de 2019 realizamos un taller de picaditas de sal (o sea bocaditos) en la ciudad de Loja. Recibimos para la clase a caras nuevas y caras conocidas. Bocaditos de Sal En el taller realizamos y degustamos los siguientes bocaditos: Canap\u00e9s de pasta rusa, huevo-anchoa y\u2026","rel":"","context":"En &quot;Educaci\u00f3n&quot;","block_context":{"text":"Educaci\u00f3n","link":"https:\/\/le-fort.org\/cocina\/categoria\/educacion\/"},"img":{"alt_text":"","src":"https:\/\/i0.wp.com\/le-fort.org\/cocina\/wp-content\/uploads\/2019\/04\/picaditas-hd.jpg?fit=1200%2C400&ssl=1&resize=350%2C200","width":350,"height":200,"srcset":"https:\/\/i0.wp.com\/le-fort.org\/cocina\/wp-content\/uploads\/2019\/04\/picaditas-hd.jpg?fit=1200%2C400&ssl=1&resize=350%2C200 1x, https:\/\/i0.wp.com\/le-fort.org\/cocina\/wp-content\/uploads\/2019\/04\/picaditas-hd.jpg?fit=1200%2C400&ssl=1&resize=525%2C300 1.5x, https:\/\/i0.wp.com\/le-fort.org\/cocina\/wp-content\/uploads\/2019\/04\/picaditas-hd.jpg?fit=1200%2C400&ssl=1&resize=700%2C400 2x, https:\/\/i0.wp.com\/le-fort.org\/cocina\/wp-content\/uploads\/2019\/04\/picaditas-hd.jpg?fit=1200%2C400&ssl=1&resize=1050%2C600 3x"},"classes":[]},{"id":14187,"url":"https:\/\/le-fort.org\/cocina\/sostenibilidad-para-profesionales-culinarios-de-worldchefs\/","url_meta":{"origin":14540,"position":3},"title":"Sostenibilidad para Profesionales Culinarios, de WorldChefs","author":"Le-Fort.org","date":"14 de Junio, 2019","format":false,"excerpt":"Curso de Sostenibilidad para profesionales culinarios de WorldChefs, como parte de la iniciativa Feed the Planet: Desperdicio cero, energ\u00eda, agua, etc.","rel":"","context":"En &quot;Educaci\u00f3n&quot;","block_context":{"text":"Educaci\u00f3n","link":"https:\/\/le-fort.org\/cocina\/categoria\/educacion\/"},"img":{"alt_text":"","src":"https:\/\/i0.wp.com\/le-fort.org\/cocina\/wp-content\/uploads\/2018\/06\/wasser-hd.jpg?fit=1200%2C400&ssl=1&resize=350%2C200","width":350,"height":200,"srcset":"https:\/\/i0.wp.com\/le-fort.org\/cocina\/wp-content\/uploads\/2018\/06\/wasser-hd.jpg?fit=1200%2C400&ssl=1&resize=350%2C200 1x, https:\/\/i0.wp.com\/le-fort.org\/cocina\/wp-content\/uploads\/2018\/06\/wasser-hd.jpg?fit=1200%2C400&ssl=1&resize=525%2C300 1.5x, https:\/\/i0.wp.com\/le-fort.org\/cocina\/wp-content\/uploads\/2018\/06\/wasser-hd.jpg?fit=1200%2C400&ssl=1&resize=700%2C400 2x, https:\/\/i0.wp.com\/le-fort.org\/cocina\/wp-content\/uploads\/2018\/06\/wasser-hd.jpg?fit=1200%2C400&ssl=1&resize=1050%2C600 3x"},"classes":[]},{"id":14622,"url":"https:\/\/le-fort.org\/cocina\/pizza-oct-2019-loja\/","url_meta":{"origin":14540,"position":4},"title":"Taller Pizza Octubre 2019 en Loja","author":"Le-Fort.org","date":"2 de Noviembre, 2019","format":false,"excerpt":"Taller de pizza en Loja: Pizza Margherita, Pizza NYC, Fugazza argentina y pizza vegetariana (para que no digan que no comemos vegetales).","rel":"","context":"En &quot;General&quot;","block_context":{"text":"General","link":"https:\/\/le-fort.org\/cocina\/categoria\/general\/"},"img":{"alt_text":"","src":"https:\/\/i0.wp.com\/le-fort.org\/cocina\/wp-content\/uploads\/2019\/11\/pizza-hd-nyc.jpg?fit=1200%2C400&ssl=1&resize=350%2C200","width":350,"height":200,"srcset":"https:\/\/i0.wp.com\/le-fort.org\/cocina\/wp-content\/uploads\/2019\/11\/pizza-hd-nyc.jpg?fit=1200%2C400&ssl=1&resize=350%2C200 1x, https:\/\/i0.wp.com\/le-fort.org\/cocina\/wp-content\/uploads\/2019\/11\/pizza-hd-nyc.jpg?fit=1200%2C400&ssl=1&resize=525%2C300 1.5x, https:\/\/i0.wp.com\/le-fort.org\/cocina\/wp-content\/uploads\/2019\/11\/pizza-hd-nyc.jpg?fit=1200%2C400&ssl=1&resize=700%2C400 2x, https:\/\/i0.wp.com\/le-fort.org\/cocina\/wp-content\/uploads\/2019\/11\/pizza-hd-nyc.jpg?fit=1200%2C400&ssl=1&resize=1050%2C600 3x"},"classes":[]},{"id":14244,"url":"https:\/\/le-fort.org\/cocina\/tartas-tartaletas-y-pie-en-loja\/","url_meta":{"origin":14540,"position":5},"title":"Tartas, Tartaletas y Pie en Loja","author":"Le-Fort.org","date":"29 de Junio, 2019","format":false,"excerpt":"Taller de tartaletas, tartas y pie en Loja.","rel":"","context":"En &quot;Educaci\u00f3n&quot;","block_context":{"text":"Educaci\u00f3n","link":"https:\/\/le-fort.org\/cocina\/categoria\/educacion\/"},"img":{"alt_text":"","src":"https:\/\/i0.wp.com\/le-fort.org\/cocina\/wp-content\/uploads\/2019\/06\/tartaletas-hd.jpg?fit=1200%2C400&ssl=1&resize=350%2C200","width":350,"height":200,"srcset":"https:\/\/i0.wp.com\/le-fort.org\/cocina\/wp-content\/uploads\/2019\/06\/tartaletas-hd.jpg?fit=1200%2C400&ssl=1&resize=350%2C200 1x, https:\/\/i0.wp.com\/le-fort.org\/cocina\/wp-content\/uploads\/2019\/06\/tartaletas-hd.jpg?fit=1200%2C400&ssl=1&resize=525%2C300 1.5x, https:\/\/i0.wp.com\/le-fort.org\/cocina\/wp-content\/uploads\/2019\/06\/tartaletas-hd.jpg?fit=1200%2C400&ssl=1&resize=700%2C400 2x, https:\/\/i0.wp.com\/le-fort.org\/cocina\/wp-content\/uploads\/2019\/06\/tartaletas-hd.jpg?fit=1200%2C400&ssl=1&resize=1050%2C600 3x"},"classes":[]}],"_links":{"self":[{"href":"https:\/\/le-fort.org\/cocina\/wp-json\/wp\/v2\/posts\/14540","targetHints":{"allow":["GET"]}}],"collection":[{"href":"https:\/\/le-fort.org\/cocina\/wp-json\/wp\/v2\/posts"}],"about":[{"href":"https:\/\/le-fort.org\/cocina\/wp-json\/wp\/v2\/types\/post"}],"author":[{"embeddable":true,"href":"https:\/\/le-fort.org\/cocina\/wp-json\/wp\/v2\/users\/1"}],"replies":[{"embeddable":true,"href":"https:\/\/le-fort.org\/cocina\/wp-json\/wp\/v2\/comments?post=14540"}],"version-history":[{"count":2,"href":"https:\/\/le-fort.org\/cocina\/wp-json\/wp\/v2\/posts\/14540\/revisions"}],"predecessor-version":[{"id":14548,"href":"https:\/\/le-fort.org\/cocina\/wp-json\/wp\/v2\/posts\/14540\/revisions\/14548"}],"wp:featuredmedia":[{"embeddable":true,"href":"https:\/\/le-fort.org\/cocina\/wp-json\/wp\/v2\/media\/14542"}],"wp:attachment":[{"href":"https:\/\/le-fort.org\/cocina\/wp-json\/wp\/v2\/media?parent=14540"}],"wp:term":[{"taxonomy":"category","embeddable":true,"href":"https:\/\/le-fort.org\/cocina\/wp-json\/wp\/v2\/categories?post=14540"},{"taxonomy":"post_tag","embeddable":true,"href":"https:\/\/le-fort.org\/cocina\/wp-json\/wp\/v2\/tags?post=14540"}],"curies":[{"name":"wp","href":"https:\/\/api.w.org\/{rel}","templated":true}]}}