{"id":14598,"date":"2019-10-28T07:36:01","date_gmt":"2019-10-28T12:36:01","guid":{"rendered":"https:\/\/www.le-fort.org\/?p=14598"},"modified":"2023-02-15T22:31:23","modified_gmt":"2023-02-16T03:31:23","slug":"talleres-fin-de-ano-2019-loja","status":"publish","type":"post","link":"https:\/\/le-fort.org\/cocina\/talleres-fin-de-ano-2019-loja\/","title":{"rendered":"Talleres Fin de A\u00f1o 2019"},"content":{"rendered":"<p>Se acerca fin de a\u00f1o, y les queremos contar los talleres que tenemos programados de aqu\u00ed al fin del 2019.<\/p>\n<p><!--more--><\/p>\n<h2>Talleres de Octubre<\/h2>\n<ul>\n<li>Mi\u00e9rcoles 30 de octubre: <a href=\"https:\/\/www.le-fort.org\/pizza-oct-2019-loja\/\"><strong>Pizza<\/strong><\/a><\/li>\n<\/ul>\n<p><img data-recalc-dims=\"1\" loading=\"lazy\" decoding=\"async\" data-attachment-id=\"7778\" data-permalink=\"https:\/\/le-fort.org\/cocina\/curso-pizza-fue-exito\/pizza-hd-2\/\" data-orig-file=\"https:\/\/i0.wp.com\/le-fort.org\/cocina\/wp-content\/uploads\/2016\/04\/pizza-hd.jpg?fit=1200%2C400&amp;ssl=1\" data-orig-size=\"1200,400\" data-comments-opened=\"0\" data-image-meta=\"{&quot;aperture&quot;:&quot;0&quot;,&quot;credit&quot;:&quot;&quot;,&quot;camera&quot;:&quot;&quot;,&quot;caption&quot;:&quot;&quot;,&quot;created_timestamp&quot;:&quot;0&quot;,&quot;copyright&quot;:&quot;&quot;,&quot;focal_length&quot;:&quot;0&quot;,&quot;iso&quot;:&quot;0&quot;,&quot;shutter_speed&quot;:&quot;0&quot;,&quot;title&quot;:&quot;&quot;,&quot;orientation&quot;:&quot;0&quot;}\" data-image-title=\"pizza-hd\" data-image-description=\"\" data-image-caption=\"\" data-large-file=\"https:\/\/i0.wp.com\/le-fort.org\/cocina\/wp-content\/uploads\/2016\/04\/pizza-hd.jpg?fit=1200%2C400&amp;ssl=1\" class=\"aligncenter size-full wp-image-7778\" src=\"https:\/\/i0.wp.com\/www.le-fort.org\/wp-content\/uploads\/2016\/04\/pizza-hd.jpg?resize=1200%2C400&#038;ssl=1\" alt=\"\" width=\"1200\" height=\"400\" srcset=\"https:\/\/i0.wp.com\/le-fort.org\/cocina\/wp-content\/uploads\/2016\/04\/pizza-hd.jpg?w=1200&amp;ssl=1 1200w, https:\/\/i0.wp.com\/le-fort.org\/cocina\/wp-content\/uploads\/2016\/04\/pizza-hd.jpg?resize=600%2C200&amp;ssl=1 600w\" sizes=\"auto, (max-width: 1200px) 100vw, 1200px\" \/><\/p>\n<h2>Talleres de Noviembre<\/h2>\n<p>&nbsp;<\/p>\n<ul>\n<li>Mi\u00e9rcoles 6 de noviembre: <strong>Galletas de navidad<\/strong><\/li>\n<li>Jueves 7 de noviembre: <strong>Cena navide\u00f1a 1<\/strong><\/li>\n<li>S\u00e1bado 23 de noviembre: <strong>Cena navide\u00f1a 2 <\/strong>\u2014 Cuenca<\/li>\n<li>Mi\u00e9rcoles 27 de noviembre: <strong>Casita de jengibre<\/strong><strong>\u00a0<\/strong><\/li>\n<li>Jueves 28 de noviembre: <a href=\"https:\/\/www.le-fort.org\/taller-de-encurtidos\/\"><strong>Encurtidos<\/strong><\/a><\/li>\n<li>S\u00e1bado 30 de noviembre: <strong>Cena navide\u00f1a 3<\/strong><\/li>\n<\/ul>\n<p><img data-recalc-dims=\"1\" loading=\"lazy\" decoding=\"async\" data-attachment-id=\"7091\" data-permalink=\"https:\/\/le-fort.org\/cocina\/pan-de-pascua-ii\/pan-de-pascua-hd-3\/\" data-orig-file=\"https:\/\/i0.wp.com\/le-fort.org\/cocina\/wp-content\/uploads\/2015\/12\/pan-de-pascua-hd.jpg?fit=1200%2C400&amp;ssl=1\" data-orig-size=\"1200,400\" data-comments-opened=\"0\" data-image-meta=\"{&quot;aperture&quot;:&quot;0&quot;,&quot;credit&quot;:&quot;&quot;,&quot;camera&quot;:&quot;&quot;,&quot;caption&quot;:&quot;&quot;,&quot;created_timestamp&quot;:&quot;0&quot;,&quot;copyright&quot;:&quot;&quot;,&quot;focal_length&quot;:&quot;0&quot;,&quot;iso&quot;:&quot;0&quot;,&quot;shutter_speed&quot;:&quot;0&quot;,&quot;title&quot;:&quot;&quot;,&quot;orientation&quot;:&quot;0&quot;}\" data-image-title=\"pan-de-pascua-hd\" data-image-description=\"\" data-image-caption=\"\" data-large-file=\"https:\/\/i0.wp.com\/le-fort.org\/cocina\/wp-content\/uploads\/2015\/12\/pan-de-pascua-hd.jpg?fit=1200%2C400&amp;ssl=1\" class=\"aligncenter size-full wp-image-7091\" src=\"https:\/\/i0.wp.com\/www.le-fort.org\/wp-content\/uploads\/2015\/12\/pan-de-pascua-hd.jpg?resize=1200%2C400&#038;ssl=1\" alt=\"\" width=\"1200\" height=\"400\" srcset=\"https:\/\/i0.wp.com\/le-fort.org\/cocina\/wp-content\/uploads\/2015\/12\/pan-de-pascua-hd.jpg?w=1200&amp;ssl=1 1200w, https:\/\/i0.wp.com\/le-fort.org\/cocina\/wp-content\/uploads\/2015\/12\/pan-de-pascua-hd.jpg?resize=600%2C200&amp;ssl=1 600w\" sizes=\"auto, (max-width: 1200px) 100vw, 1200px\" \/><\/p>\n<h2>Talleres de Diciembre<\/h2>\n<ul>\n<li>Mi\u00e9rcoles 4 de diciembre: <strong>Galletas de navidad<\/strong><\/li>\n<li>Jueves 5 de diciembre: <strong>Pastas, salsas y lasa\u00f1a<\/strong><\/li>\n<li>S\u00e1bado 7 de diciembre: <strong>Decoraci\u00f3n de galletas de navidad con glaseado real<\/strong><\/li>\n<li>Mi\u00e9rcoles 11 de diciembre: <strong><em>Stollen<\/em> y pan de pascua<\/strong><\/li>\n<li>Jueves 12 de diciembre: <strong>Asados al horno<\/strong><\/li>\n<li>S\u00e1bado 14 de diciembre: <strong>Licores navide\u00f1os<\/strong><\/li>\n<\/ul>\n<p><img data-recalc-dims=\"1\" loading=\"lazy\" decoding=\"async\" data-attachment-id=\"10672\" data-permalink=\"https:\/\/le-fort.org\/cocina\/?attachment_id=10672\" data-orig-file=\"https:\/\/i0.wp.com\/le-fort.org\/cocina\/wp-content\/uploads\/2017\/12\/stollen-hd.jpg?fit=2100%2C700&amp;ssl=1\" data-orig-size=\"2100,700\" data-comments-opened=\"0\" data-image-meta=\"{&quot;aperture&quot;:&quot;0&quot;,&quot;credit&quot;:&quot;&quot;,&quot;camera&quot;:&quot;&quot;,&quot;caption&quot;:&quot;&quot;,&quot;created_timestamp&quot;:&quot;0&quot;,&quot;copyright&quot;:&quot;&quot;,&quot;focal_length&quot;:&quot;0&quot;,&quot;iso&quot;:&quot;0&quot;,&quot;shutter_speed&quot;:&quot;0&quot;,&quot;title&quot;:&quot;&quot;,&quot;orientation&quot;:&quot;0&quot;}\" data-image-title=\"stollen-hd\" data-image-description=\"\" data-image-caption=\"\" data-large-file=\"https:\/\/i0.wp.com\/le-fort.org\/cocina\/wp-content\/uploads\/2017\/12\/stollen-hd.jpg?fit=1200%2C400&amp;ssl=1\" class=\"aligncenter size-full wp-image-10672\" src=\"https:\/\/i0.wp.com\/www.le-fort.org\/wp-content\/uploads\/2017\/12\/stollen-hd.jpg?resize=1200%2C400&#038;ssl=1\" alt=\"\" width=\"1200\" height=\"400\" srcset=\"https:\/\/i0.wp.com\/le-fort.org\/cocina\/wp-content\/uploads\/2017\/12\/stollen-hd.jpg?w=2100&amp;ssl=1 2100w, https:\/\/i0.wp.com\/le-fort.org\/cocina\/wp-content\/uploads\/2017\/12\/stollen-hd.jpg?resize=600%2C200&amp;ssl=1 600w, https:\/\/i0.wp.com\/le-fort.org\/cocina\/wp-content\/uploads\/2017\/12\/stollen-hd.jpg?resize=1280%2C427&amp;ssl=1 1280w\" sizes=\"auto, (max-width: 1200px) 100vw, 1200px\" \/><\/p>\n","protected":false},"excerpt":{"rendered":"<p>Programa de talleres culinarios de fin de a\u00f1o 2019 para la ciudad de Loja.<\/p>\n","protected":false},"author":1,"featured_media":10877,"comment_status":"closed","ping_status":"closed","sticky":false,"template":"","format":"standard","meta":{"_jetpack_newsletter_access":"","_jetpack_dont_email_post_to_subs":false,"_jetpack_newsletter_tier_id":0,"_jetpack_memberships_contains_paywalled_content":false,"_jetpack_memberships_contains_paid_content":false,"footnotes":""},"categories":[1],"tags":[],"class_list":["post-14598","post","type-post","status-publish","format-standard","has-post-thumbnail","hentry","category-general","entry","has-media"],"jetpack_featured_media_url":"https:\/\/i0.wp.com\/le-fort.org\/cocina\/wp-content\/uploads\/2017\/12\/hanukkah-hd.jpg?fit=2100%2C700&ssl=1","jetpack_shortlink":"https:\/\/wp.me\/pghKer-3Ns","jetpack_sharing_enabled":true,"jetpack-related-posts":[{"id":13460,"url":"https:\/\/le-fort.org\/cocina\/casa-de-jengibre\/","url_meta":{"origin":14598,"position":0},"title":"Casa de Jengibre","author":"Le-Fort.org","date":"17 de Noviembre, 2018","format":false,"excerpt":"Varios videos que muestran c\u00f3mo preparar una casa de Jengibre para fiestas de fin de a\u00f1o.","rel":"","context":"En &quot;Reposter\u00eda&quot;","block_context":{"text":"Reposter\u00eda","link":"https:\/\/le-fort.org\/cocina\/categoria\/reposteria\/"},"img":{"alt_text":"","src":"https:\/\/i0.wp.com\/le-fort.org\/cocina\/wp-content\/uploads\/2018\/11\/casita-hd.jpg?fit=1200%2C400&ssl=1&resize=350%2C200","width":350,"height":200,"srcset":"https:\/\/i0.wp.com\/le-fort.org\/cocina\/wp-content\/uploads\/2018\/11\/casita-hd.jpg?fit=1200%2C400&ssl=1&resize=350%2C200 1x, https:\/\/i0.wp.com\/le-fort.org\/cocina\/wp-content\/uploads\/2018\/11\/casita-hd.jpg?fit=1200%2C400&ssl=1&resize=525%2C300 1.5x, https:\/\/i0.wp.com\/le-fort.org\/cocina\/wp-content\/uploads\/2018\/11\/casita-hd.jpg?fit=1200%2C400&ssl=1&resize=700%2C400 2x, https:\/\/i0.wp.com\/le-fort.org\/cocina\/wp-content\/uploads\/2018\/11\/casita-hd.jpg?fit=1200%2C400&ssl=1&resize=1050%2C600 3x"},"classes":[]},{"id":14680,"url":"https:\/\/le-fort.org\/cocina\/bocaditos-en-cuenca\/","url_meta":{"origin":14598,"position":1},"title":"Bocaditos en Cuenca","author":"Le-Fort.org","date":"23 de Noviembre, 2019","format":false,"excerpt":"Realizamos dos talleres de bocaditos en la ciudad de Cuenca este noviembre: Bocaditos de dulce el 22 de noviembre, y de sal el 23 de noviembre. Bocaditos de Dulce El viernes preparamos bocaditos de dulce. Tartaletas, brochetas de fruta, hojaldres, shots y m\u00e1s. Bocaditos de sal El d\u00eda s\u00e1bado preparamos\u2026","rel":"","context":"En &quot;Educaci\u00f3n&quot;","block_context":{"text":"Educaci\u00f3n","link":"https:\/\/le-fort.org\/cocina\/categoria\/educacion\/"},"img":{"alt_text":"","src":"https:\/\/i0.wp.com\/le-fort.org\/cocina\/wp-content\/uploads\/2019\/06\/tartaletas-hd.jpg?fit=1200%2C400&ssl=1&resize=350%2C200","width":350,"height":200,"srcset":"https:\/\/i0.wp.com\/le-fort.org\/cocina\/wp-content\/uploads\/2019\/06\/tartaletas-hd.jpg?fit=1200%2C400&ssl=1&resize=350%2C200 1x, https:\/\/i0.wp.com\/le-fort.org\/cocina\/wp-content\/uploads\/2019\/06\/tartaletas-hd.jpg?fit=1200%2C400&ssl=1&resize=525%2C300 1.5x, https:\/\/i0.wp.com\/le-fort.org\/cocina\/wp-content\/uploads\/2019\/06\/tartaletas-hd.jpg?fit=1200%2C400&ssl=1&resize=700%2C400 2x, https:\/\/i0.wp.com\/le-fort.org\/cocina\/wp-content\/uploads\/2019\/06\/tartaletas-hd.jpg?fit=1200%2C400&ssl=1&resize=1050%2C600 3x"},"classes":[]},{"id":10823,"url":"https:\/\/le-fort.org\/cocina\/resumen-del-2017\/","url_meta":{"origin":14598,"position":2},"title":"Resumen del 2017","author":"Le-Fort.org","date":"24 de Diciembre, 2017","format":false,"excerpt":"El 2017 fue un buen a\u00f1o en lo que se refiere al quehacer gastron\u00f3mico en la cocina, en el aula y en la mesa. Participamos en bellos proyectos y eventos, conocimos gente buena e interesante y fue un a\u00f1o de cambios y crecimiento, tambi\u00e9n de metas cumplidas. Algunos puntos altos\u2026","rel":"","context":"En &quot;Cavilaciones&quot;","block_context":{"text":"Cavilaciones","link":"https:\/\/le-fort.org\/cocina\/categoria\/cavilaciones\/"},"img":{"alt_text":"","src":"https:\/\/i0.wp.com\/le-fort.org\/cocina\/wp-content\/uploads\/2017\/07\/ambato-hd.jpg?fit=1200%2C400&ssl=1&resize=350%2C200","width":350,"height":200,"srcset":"https:\/\/i0.wp.com\/le-fort.org\/cocina\/wp-content\/uploads\/2017\/07\/ambato-hd.jpg?fit=1200%2C400&ssl=1&resize=350%2C200 1x, https:\/\/i0.wp.com\/le-fort.org\/cocina\/wp-content\/uploads\/2017\/07\/ambato-hd.jpg?fit=1200%2C400&ssl=1&resize=525%2C300 1.5x, https:\/\/i0.wp.com\/le-fort.org\/cocina\/wp-content\/uploads\/2017\/07\/ambato-hd.jpg?fit=1200%2C400&ssl=1&resize=700%2C400 2x, https:\/\/i0.wp.com\/le-fort.org\/cocina\/wp-content\/uploads\/2017\/07\/ambato-hd.jpg?fit=1200%2C400&ssl=1&resize=1050%2C600 3x"},"classes":[]},{"id":14622,"url":"https:\/\/le-fort.org\/cocina\/pizza-oct-2019-loja\/","url_meta":{"origin":14598,"position":3},"title":"Taller Pizza Octubre 2019 en Loja","author":"Le-Fort.org","date":"2 de Noviembre, 2019","format":false,"excerpt":"Taller de pizza en Loja: Pizza Margherita, Pizza NYC, Fugazza argentina y pizza vegetariana (para que no digan que no comemos vegetales).","rel":"","context":"En &quot;General&quot;","block_context":{"text":"General","link":"https:\/\/le-fort.org\/cocina\/categoria\/general\/"},"img":{"alt_text":"","src":"https:\/\/i0.wp.com\/le-fort.org\/cocina\/wp-content\/uploads\/2019\/11\/pizza-hd-nyc.jpg?fit=1200%2C400&ssl=1&resize=350%2C200","width":350,"height":200,"srcset":"https:\/\/i0.wp.com\/le-fort.org\/cocina\/wp-content\/uploads\/2019\/11\/pizza-hd-nyc.jpg?fit=1200%2C400&ssl=1&resize=350%2C200 1x, https:\/\/i0.wp.com\/le-fort.org\/cocina\/wp-content\/uploads\/2019\/11\/pizza-hd-nyc.jpg?fit=1200%2C400&ssl=1&resize=525%2C300 1.5x, https:\/\/i0.wp.com\/le-fort.org\/cocina\/wp-content\/uploads\/2019\/11\/pizza-hd-nyc.jpg?fit=1200%2C400&ssl=1&resize=700%2C400 2x, https:\/\/i0.wp.com\/le-fort.org\/cocina\/wp-content\/uploads\/2019\/11\/pizza-hd-nyc.jpg?fit=1200%2C400&ssl=1&resize=1050%2C600 3x"},"classes":[]},{"id":14634,"url":"https:\/\/le-fort.org\/cocina\/copa-culinaria-portoviejo-2019\/","url_meta":{"origin":14598,"position":4},"title":"Copa Culinaria Portoviejo 2019","author":"Le-Fort.org","date":"2 de Noviembre, 2019","format":false,"excerpt":"Copa Culinaria Portoviejo 2019, en la que participaron las finalistas de las 7 parroquias rurales de Portoviejo. Fue un privilegio haber sido invitados.","rel":"","context":"En &quot;General&quot;","block_context":{"text":"General","link":"https:\/\/le-fort.org\/cocina\/categoria\/general\/"},"img":{"alt_text":"","src":"https:\/\/i0.wp.com\/le-fort.org\/cocina\/wp-content\/uploads\/2019\/11\/premio-hd.jpg?fit=1200%2C400&ssl=1&resize=350%2C200","width":350,"height":200,"srcset":"https:\/\/i0.wp.com\/le-fort.org\/cocina\/wp-content\/uploads\/2019\/11\/premio-hd.jpg?fit=1200%2C400&ssl=1&resize=350%2C200 1x, https:\/\/i0.wp.com\/le-fort.org\/cocina\/wp-content\/uploads\/2019\/11\/premio-hd.jpg?fit=1200%2C400&ssl=1&resize=525%2C300 1.5x, https:\/\/i0.wp.com\/le-fort.org\/cocina\/wp-content\/uploads\/2019\/11\/premio-hd.jpg?fit=1200%2C400&ssl=1&resize=700%2C400 2x, https:\/\/i0.wp.com\/le-fort.org\/cocina\/wp-content\/uploads\/2019\/11\/premio-hd.jpg?fit=1200%2C400&ssl=1&resize=1050%2C600 3x"},"classes":[]},{"id":6958,"url":"https:\/\/le-fort.org\/cocina\/mazapan-de-almendra\/","url_meta":{"origin":14598,"position":5},"title":"Mazap\u00e1n de Almendra","author":"Le-Fort.org","date":"6 de Noviembre, 2015","format":false,"excerpt":"Receta de mazap\u00e1n de almendra, a partir de almendras, az\u00facar, clara de huevo y esencias.","rel":"","context":"En &quot;Recetas&quot;","block_context":{"text":"Recetas","link":"https:\/\/le-fort.org\/cocina\/categoria\/recetas\/"},"img":{"alt_text":"","src":"https:\/\/i0.wp.com\/le-fort.org\/cocina\/wp-content\/uploads\/2015\/11\/mazapan-hd.jpg?fit=1200%2C400&ssl=1&resize=350%2C200","width":350,"height":200,"srcset":"https:\/\/i0.wp.com\/le-fort.org\/cocina\/wp-content\/uploads\/2015\/11\/mazapan-hd.jpg?fit=1200%2C400&ssl=1&resize=350%2C200 1x, https:\/\/i0.wp.com\/le-fort.org\/cocina\/wp-content\/uploads\/2015\/11\/mazapan-hd.jpg?fit=1200%2C400&ssl=1&resize=525%2C300 1.5x, https:\/\/i0.wp.com\/le-fort.org\/cocina\/wp-content\/uploads\/2015\/11\/mazapan-hd.jpg?fit=1200%2C400&ssl=1&resize=700%2C400 2x, https:\/\/i0.wp.com\/le-fort.org\/cocina\/wp-content\/uploads\/2015\/11\/mazapan-hd.jpg?fit=1200%2C400&ssl=1&resize=1050%2C600 3x"},"classes":[]}],"_links":{"self":[{"href":"https:\/\/le-fort.org\/cocina\/wp-json\/wp\/v2\/posts\/14598","targetHints":{"allow":["GET"]}}],"collection":[{"href":"https:\/\/le-fort.org\/cocina\/wp-json\/wp\/v2\/posts"}],"about":[{"href":"https:\/\/le-fort.org\/cocina\/wp-json\/wp\/v2\/types\/post"}],"author":[{"embeddable":true,"href":"https:\/\/le-fort.org\/cocina\/wp-json\/wp\/v2\/users\/1"}],"replies":[{"embeddable":true,"href":"https:\/\/le-fort.org\/cocina\/wp-json\/wp\/v2\/comments?post=14598"}],"version-history":[{"count":5,"href":"https:\/\/le-fort.org\/cocina\/wp-json\/wp\/v2\/posts\/14598\/revisions"}],"predecessor-version":[{"id":16825,"href":"https:\/\/le-fort.org\/cocina\/wp-json\/wp\/v2\/posts\/14598\/revisions\/16825"}],"wp:featuredmedia":[{"embeddable":true,"href":"https:\/\/le-fort.org\/cocina\/wp-json\/wp\/v2\/media\/10877"}],"wp:attachment":[{"href":"https:\/\/le-fort.org\/cocina\/wp-json\/wp\/v2\/media?parent=14598"}],"wp:term":[{"taxonomy":"category","embeddable":true,"href":"https:\/\/le-fort.org\/cocina\/wp-json\/wp\/v2\/categories?post=14598"},{"taxonomy":"post_tag","embeddable":true,"href":"https:\/\/le-fort.org\/cocina\/wp-json\/wp\/v2\/tags?post=14598"}],"curies":[{"name":"wp","href":"https:\/\/api.w.org\/{rel}","templated":true}]}}