{"id":14674,"date":"2019-11-22T15:40:52","date_gmt":"2019-11-22T20:40:52","guid":{"rendered":"https:\/\/www.le-fort.org\/?p=14674"},"modified":"2019-11-22T15:51:55","modified_gmt":"2019-11-22T20:51:55","slug":"plasticos-de-un-solo-uso-en-bares-escolares","status":"publish","type":"post","link":"https:\/\/le-fort.org\/cocina\/plasticos-de-un-solo-uso-en-bares-escolares\/","title":{"rendered":"Alternativas a pl\u00e1sticos de un Solo Uso en Bares Escolares"},"content":{"rendered":"<p>Nos reunimos en DASAM Distribuidora para discutir estrategias para encontrar Alternativas a pl\u00e1sticos de un solo uso en Bares Escolares seg\u00fan el <a href=\"https:\/\/educacion.gob.ec\/wp-content\/uploads\/downloads\/2018\/10\/ACUERDO-Nro.MINEDUC-MINEDUC-ME-2018-00097-A.pdf\">Acuerdo Ministerial MINEDUC-MINEDUC-2018-00097-A<\/a>.<!--more--><\/p>\n<p>Revisamos los Objetivos de Desarrollo Sostenible 2030 de las Naciones Unidas, cu\u00e1les de esos objetivos nos tocaban desde los bares escolares, y c\u00f3mo el acuerdo ministerial se nutre de estos objetivos.<\/p>\n<p><img data-recalc-dims=\"1\" loading=\"lazy\" decoding=\"async\" data-attachment-id=\"14545\" data-permalink=\"https:\/\/le-fort.org\/cocina\/heroes-de-la-comida-en-loja\/captura-de-pantalla-2019-10-17-12-27-54\/\" data-orig-file=\"https:\/\/i0.wp.com\/le-fort.org\/cocina\/wp-content\/uploads\/2019\/10\/Captura-de-pantalla-2019-10-17-12.27.54.png?fit=1920%2C1080&amp;ssl=1\" data-orig-size=\"1920,1080\" data-comments-opened=\"0\" data-image-meta=\"{&quot;aperture&quot;:&quot;0&quot;,&quot;credit&quot;:&quot;&quot;,&quot;camera&quot;:&quot;&quot;,&quot;caption&quot;:&quot;&quot;,&quot;created_timestamp&quot;:&quot;0&quot;,&quot;copyright&quot;:&quot;&quot;,&quot;focal_length&quot;:&quot;0&quot;,&quot;iso&quot;:&quot;0&quot;,&quot;shutter_speed&quot;:&quot;0&quot;,&quot;title&quot;:&quot;&quot;,&quot;orientation&quot;:&quot;0&quot;}\" data-image-title=\"Captura de pantalla 2019-10-17 12.27.54\" data-image-description=\"\" data-image-caption=\"&lt;p&gt;Objetivos de Desarrollo Sostenible&lt;\/p&gt;\n\" data-large-file=\"https:\/\/i0.wp.com\/le-fort.org\/cocina\/wp-content\/uploads\/2019\/10\/Captura-de-pantalla-2019-10-17-12.27.54.png?fit=1200%2C675&amp;ssl=1\" class=\"aligncenter size-full wp-image-14545\" src=\"https:\/\/i0.wp.com\/www.le-fort.org\/wp-content\/uploads\/2019\/10\/Captura-de-pantalla-2019-10-17-12.27.54.png?resize=1200%2C675&#038;ssl=1\" alt=\"Objetivos\" width=\"1200\" height=\"675\" srcset=\"https:\/\/i0.wp.com\/le-fort.org\/cocina\/wp-content\/uploads\/2019\/10\/Captura-de-pantalla-2019-10-17-12.27.54.png?w=1920&amp;ssl=1 1920w, https:\/\/i0.wp.com\/le-fort.org\/cocina\/wp-content\/uploads\/2019\/10\/Captura-de-pantalla-2019-10-17-12.27.54.png?resize=600%2C338&amp;ssl=1 600w, https:\/\/i0.wp.com\/le-fort.org\/cocina\/wp-content\/uploads\/2019\/10\/Captura-de-pantalla-2019-10-17-12.27.54.png?resize=1280%2C720&amp;ssl=1 1280w, https:\/\/i0.wp.com\/le-fort.org\/cocina\/wp-content\/uploads\/2019\/10\/Captura-de-pantalla-2019-10-17-12.27.54.png?resize=2%2C1&amp;ssl=1 2w\" sizes=\"auto, (max-width: 1200px) 100vw, 1200px\" \/><\/p>\n<p>Revisamos qu\u00e9 preocupaciones ten\u00eda cada asistente con sus bares, revisamos alternativas, hablamos sobre las ventajes econ\u00f3micas de pasar de desechable a reutilizable, y recalcamos la importancia de las tres R.<\/p>\n<figure id=\"attachment_14677\" aria-describedby=\"caption-attachment-14677\" style=\"width: 1280px\" class=\"wp-caption aligncenter\"><img data-recalc-dims=\"1\" loading=\"lazy\" decoding=\"async\" data-attachment-id=\"14677\" data-permalink=\"https:\/\/le-fort.org\/cocina\/plasticos-de-un-solo-uso-en-bares-escolares\/conversand-2o\/\" data-orig-file=\"https:\/\/i0.wp.com\/le-fort.org\/cocina\/wp-content\/uploads\/2019\/11\/conversand-2o.jpg?fit=1280%2C720&amp;ssl=1\" data-orig-size=\"1280,720\" data-comments-opened=\"0\" data-image-meta=\"{&quot;aperture&quot;:&quot;0&quot;,&quot;credit&quot;:&quot;&quot;,&quot;camera&quot;:&quot;&quot;,&quot;caption&quot;:&quot;&quot;,&quot;created_timestamp&quot;:&quot;0&quot;,&quot;copyright&quot;:&quot;&quot;,&quot;focal_length&quot;:&quot;0&quot;,&quot;iso&quot;:&quot;0&quot;,&quot;shutter_speed&quot;:&quot;0&quot;,&quot;title&quot;:&quot;&quot;,&quot;orientation&quot;:&quot;0&quot;}\" data-image-title=\"conversand-2o\" data-image-description=\"\" data-image-caption=\"&lt;p&gt;Los vasos desechables de la foto fueron reutilizados.&lt;\/p&gt;\n\" data-large-file=\"https:\/\/i0.wp.com\/le-fort.org\/cocina\/wp-content\/uploads\/2019\/11\/conversand-2o.jpg?fit=1200%2C675&amp;ssl=1\" class=\"size-full wp-image-14677\" src=\"https:\/\/i0.wp.com\/www.le-fort.org\/wp-content\/uploads\/2019\/11\/conversand-2o.jpg?resize=1200%2C675&#038;ssl=1\" alt=\"Bares escolares\" width=\"1200\" height=\"675\" srcset=\"https:\/\/i0.wp.com\/le-fort.org\/cocina\/wp-content\/uploads\/2019\/11\/conversand-2o.jpg?w=1280&amp;ssl=1 1280w, https:\/\/i0.wp.com\/le-fort.org\/cocina\/wp-content\/uploads\/2019\/11\/conversand-2o.jpg?resize=600%2C338&amp;ssl=1 600w, https:\/\/i0.wp.com\/le-fort.org\/cocina\/wp-content\/uploads\/2019\/11\/conversand-2o.jpg?resize=1140%2C641&amp;ssl=1 1140w\" sizes=\"auto, (max-width: 1200px) 100vw, 1200px\" \/><figcaption id=\"caption-attachment-14677\" class=\"wp-caption-text\">Los vasos desechables de la foto fueron reutilizados.<\/figcaption><\/figure>\n<h2>Asistentes<\/h2>\n<p>Asistieron a este taller.<\/p>\n<ul>\n<li>Ana Pel\u00e1ez<\/li>\n<li>Ximena Paredes<\/li>\n<li>Juan Manuel Juela<\/li>\n<li>Mar\u00eda Paz Alvarado<\/li>\n<li>Joffie Armando Cajamarca R.<\/li>\n<li>Alejandra Murillo<\/li>\n<li>Hugo Cajamarca Rubio<\/li>\n<li>Augusto V\u00e9lez<\/li>\n<\/ul>\n<figure id=\"attachment_14676\" aria-describedby=\"caption-attachment-14676\" style=\"width: 1280px\" class=\"wp-caption aligncenter\"><img data-recalc-dims=\"1\" loading=\"lazy\" decoding=\"async\" data-attachment-id=\"14676\" data-permalink=\"https:\/\/le-fort.org\/cocina\/plasticos-de-un-solo-uso-en-bares-escolares\/asistentes-8\/\" data-orig-file=\"https:\/\/i0.wp.com\/le-fort.org\/cocina\/wp-content\/uploads\/2019\/11\/asistentes.jpeg?fit=1280%2C720&amp;ssl=1\" data-orig-size=\"1280,720\" data-comments-opened=\"0\" data-image-meta=\"{&quot;aperture&quot;:&quot;0&quot;,&quot;credit&quot;:&quot;&quot;,&quot;camera&quot;:&quot;&quot;,&quot;caption&quot;:&quot;&quot;,&quot;created_timestamp&quot;:&quot;0&quot;,&quot;copyright&quot;:&quot;&quot;,&quot;focal_length&quot;:&quot;0&quot;,&quot;iso&quot;:&quot;0&quot;,&quot;shutter_speed&quot;:&quot;0&quot;,&quot;title&quot;:&quot;&quot;,&quot;orientation&quot;:&quot;0&quot;}\" data-image-title=\"asistentes\" data-image-description=\"\" data-image-caption=\"&lt;p&gt;Gracias por asistir y sus buenas ideas!&lt;\/p&gt;\n\" data-large-file=\"https:\/\/i0.wp.com\/le-fort.org\/cocina\/wp-content\/uploads\/2019\/11\/asistentes.jpeg?fit=1200%2C675&amp;ssl=1\" class=\"size-full wp-image-14676\" src=\"https:\/\/i0.wp.com\/www.le-fort.org\/wp-content\/uploads\/2019\/11\/asistentes.jpeg?resize=1200%2C675&#038;ssl=1\" alt=\"\" width=\"1200\" height=\"675\" srcset=\"https:\/\/i0.wp.com\/le-fort.org\/cocina\/wp-content\/uploads\/2019\/11\/asistentes.jpeg?w=1280&amp;ssl=1 1280w, https:\/\/i0.wp.com\/le-fort.org\/cocina\/wp-content\/uploads\/2019\/11\/asistentes.jpeg?resize=600%2C338&amp;ssl=1 600w, https:\/\/i0.wp.com\/le-fort.org\/cocina\/wp-content\/uploads\/2019\/11\/asistentes.jpeg?resize=1140%2C641&amp;ssl=1 1140w\" sizes=\"auto, (max-width: 1200px) 100vw, 1200px\" \/><figcaption id=\"caption-attachment-14676\" class=\"wp-caption-text\">Gracias por asistir y sus buenas ideas!<\/figcaption><\/figure>\n","protected":false},"excerpt":{"rendered":"<p>Discusi\u00f3n de estrategias para encontrar Alternativas a pl\u00e1sticos de un solo uso en Bares Escolares seg\u00fan el Acuerdo Ministerial MINEDUC-MINEDUC-2018-00097-A.<\/p>\n","protected":false},"author":1,"featured_media":14678,"comment_status":"closed","ping_status":"closed","sticky":false,"template":"","format":"standard","meta":{"_jetpack_newsletter_access":"","_jetpack_dont_email_post_to_subs":false,"_jetpack_newsletter_tier_id":0,"_jetpack_memberships_contains_paywalled_content":false,"_jetpack_memberships_contains_paid_content":false,"footnotes":""},"categories":[1],"tags":[],"class_list":["post-14674","post","type-post","status-publish","format-standard","has-post-thumbnail","hentry","category-general","entry","has-media"],"jetpack_featured_media_url":"https:\/\/i0.wp.com\/le-fort.org\/cocina\/wp-content\/uploads\/2019\/11\/leute-hd.jpg?fit=1500%2C500&ssl=1","jetpack_shortlink":"https:\/\/wp.me\/pghKer-3OG","jetpack_sharing_enabled":true,"jetpack-related-posts":[{"id":13079,"url":"https:\/\/le-fort.org\/cocina\/pollo-al-limon-bares-escolares\/","url_meta":{"origin":14674,"position":0},"title":"Pollo al Lim\u00f3n (Bares Escolares)","author":"Le-Fort.org","date":"16 de Agosto, 2018","format":false,"excerpt":"Receta base de pollo para men\u00fa saludable de bares escolares","rel":"","context":"En &quot;Recetas&quot;","block_context":{"text":"Recetas","link":"https:\/\/le-fort.org\/cocina\/categoria\/recetas\/"},"img":{"alt_text":"","src":"https:\/\/i0.wp.com\/le-fort.org\/cocina\/wp-content\/uploads\/2011\/08\/tandoori.jpg?fit=1000%2C288&ssl=1&resize=350%2C200","width":350,"height":200,"srcset":"https:\/\/i0.wp.com\/le-fort.org\/cocina\/wp-content\/uploads\/2011\/08\/tandoori.jpg?fit=1000%2C288&ssl=1&resize=350%2C200 1x, https:\/\/i0.wp.com\/le-fort.org\/cocina\/wp-content\/uploads\/2011\/08\/tandoori.jpg?fit=1000%2C288&ssl=1&resize=525%2C300 1.5x, https:\/\/i0.wp.com\/le-fort.org\/cocina\/wp-content\/uploads\/2011\/08\/tandoori.jpg?fit=1000%2C288&ssl=1&resize=700%2C400 2x"},"classes":[]},{"id":14458,"url":"https:\/\/le-fort.org\/cocina\/eas\/","url_meta":{"origin":14674,"position":1},"title":"Estrategias de Alimentaci\u00f3n Saludable para Bares Escolares","author":"Le-Fort.org","date":"26 de Septiembre, 2019","format":false,"excerpt":"Curso de Bares Escolares en la ciudad de Cuenca.","rel":"","context":"En &quot;Educaci\u00f3n&quot;","block_context":{"text":"Educaci\u00f3n","link":"https:\/\/le-fort.org\/cocina\/categoria\/educacion\/"},"img":{"alt_text":"","src":"https:\/\/i0.wp.com\/le-fort.org\/cocina\/wp-content\/uploads\/2019\/03\/salsas-hd.jpg?fit=1200%2C400&ssl=1&resize=350%2C200","width":350,"height":200,"srcset":"https:\/\/i0.wp.com\/le-fort.org\/cocina\/wp-content\/uploads\/2019\/03\/salsas-hd.jpg?fit=1200%2C400&ssl=1&resize=350%2C200 1x, https:\/\/i0.wp.com\/le-fort.org\/cocina\/wp-content\/uploads\/2019\/03\/salsas-hd.jpg?fit=1200%2C400&ssl=1&resize=525%2C300 1.5x, https:\/\/i0.wp.com\/le-fort.org\/cocina\/wp-content\/uploads\/2019\/03\/salsas-hd.jpg?fit=1200%2C400&ssl=1&resize=700%2C400 2x, https:\/\/i0.wp.com\/le-fort.org\/cocina\/wp-content\/uploads\/2019\/03\/salsas-hd.jpg?fit=1200%2C400&ssl=1&resize=1050%2C600 3x"},"classes":[]},{"id":12629,"url":"https:\/\/le-fort.org\/cocina\/menu-bares-escolares-cuenca\/","url_meta":{"origin":14674,"position":2},"title":"Men\u00fa Saludable para Bares Escolares I","author":"Le-Fort.org","date":"10 de Junio, 2018","format":false,"excerpt":"Dictamos un curso para administradores de bares escolares en DASAM Distribuidora en Cuenca: el curso fue sobre dise\u00f1o de men\u00fa saludable, para variar y ampliar la oferta gastron\u00f3mica a escolares. La asistencia nos sorprendi\u00f3, tanto por el n\u00famero como por el entusiasmo, y tuvimos una clase muy entretenida y un\u2026","rel":"","context":"En &quot;Educaci\u00f3n&quot;","block_context":{"text":"Educaci\u00f3n","link":"https:\/\/le-fort.org\/cocina\/categoria\/educacion\/"},"img":{"alt_text":"","src":"https:\/\/i0.wp.com\/le-fort.org\/cocina\/wp-content\/uploads\/2018\/06\/bares-dasam-1-hd.jpg?fit=1200%2C400&ssl=1&resize=350%2C200","width":350,"height":200,"srcset":"https:\/\/i0.wp.com\/le-fort.org\/cocina\/wp-content\/uploads\/2018\/06\/bares-dasam-1-hd.jpg?fit=1200%2C400&ssl=1&resize=350%2C200 1x, https:\/\/i0.wp.com\/le-fort.org\/cocina\/wp-content\/uploads\/2018\/06\/bares-dasam-1-hd.jpg?fit=1200%2C400&ssl=1&resize=525%2C300 1.5x, https:\/\/i0.wp.com\/le-fort.org\/cocina\/wp-content\/uploads\/2018\/06\/bares-dasam-1-hd.jpg?fit=1200%2C400&ssl=1&resize=700%2C400 2x, https:\/\/i0.wp.com\/le-fort.org\/cocina\/wp-content\/uploads\/2018\/06\/bares-dasam-1-hd.jpg?fit=1200%2C400&ssl=1&resize=1050%2C600 3x"},"classes":[]},{"id":12689,"url":"https:\/\/le-fort.org\/cocina\/menu-saludable-para-bares-escolares-ii\/","url_meta":{"origin":14674,"position":3},"title":"Men\u00fa Saludable para Bares Escolares II","author":"Le-Fort.org","date":"14 de Junio, 2018","format":false,"excerpt":"Inauguramos nuestra peque\u00f1a aula con un taller de men\u00fa saludable para bares escolares: segunda versi\u00f3n. Tuvimos una audiencia de Azogues y de Cuenca muy atenta, muy entretenida, y lo pasamos muy bien. El contenido fue m\u00e1s o menos el mismo del taller anterior. Nutrici\u00f3n. Nunca est\u00e1 de m\u00e1s un repaso\u2026","rel":"","context":"En &quot;Educaci\u00f3n&quot;","block_context":{"text":"Educaci\u00f3n","link":"https:\/\/le-fort.org\/cocina\/categoria\/educacion\/"},"img":{"alt_text":"","src":"https:\/\/i0.wp.com\/le-fort.org\/cocina\/wp-content\/uploads\/2018\/06\/bares-ii-hd.jpg?fit=1200%2C400&ssl=1&resize=350%2C200","width":350,"height":200,"srcset":"https:\/\/i0.wp.com\/le-fort.org\/cocina\/wp-content\/uploads\/2018\/06\/bares-ii-hd.jpg?fit=1200%2C400&ssl=1&resize=350%2C200 1x, https:\/\/i0.wp.com\/le-fort.org\/cocina\/wp-content\/uploads\/2018\/06\/bares-ii-hd.jpg?fit=1200%2C400&ssl=1&resize=525%2C300 1.5x, https:\/\/i0.wp.com\/le-fort.org\/cocina\/wp-content\/uploads\/2018\/06\/bares-ii-hd.jpg?fit=1200%2C400&ssl=1&resize=700%2C400 2x, https:\/\/i0.wp.com\/le-fort.org\/cocina\/wp-content\/uploads\/2018\/06\/bares-ii-hd.jpg?fit=1200%2C400&ssl=1&resize=1050%2C600 3x"},"classes":[]},{"id":12738,"url":"https:\/\/le-fort.org\/cocina\/menu-saludable-para-bares-escolares-iii\/","url_meta":{"origin":14674,"position":4},"title":"Men\u00fa Saludable para Bares Escolares III","author":"Le-Fort.org","date":"16 de Junio, 2018","format":false,"excerpt":"Tuvimos la tercera versi\u00f3n de nuestro taller de men\u00fa saludable para bares escolares, tambi\u00e9n donde nuestros amigos de DASAM Distribuidora, en Cuenca. Lleno total. Tuvimos el agrado de ver caras nuevas, y el mayor agrado de ver caras conocidas, algunas de las cuales se dieron el trabajo de venir desde\u2026","rel":"","context":"En &quot;Educaci\u00f3n&quot;","block_context":{"text":"Educaci\u00f3n","link":"https:\/\/le-fort.org\/cocina\/categoria\/educacion\/"},"img":{"alt_text":"","src":"https:\/\/i0.wp.com\/le-fort.org\/cocina\/wp-content\/uploads\/2018\/06\/bares-iii-hd.jpg?fit=1200%2C400&ssl=1&resize=350%2C200","width":350,"height":200,"srcset":"https:\/\/i0.wp.com\/le-fort.org\/cocina\/wp-content\/uploads\/2018\/06\/bares-iii-hd.jpg?fit=1200%2C400&ssl=1&resize=350%2C200 1x, https:\/\/i0.wp.com\/le-fort.org\/cocina\/wp-content\/uploads\/2018\/06\/bares-iii-hd.jpg?fit=1200%2C400&ssl=1&resize=525%2C300 1.5x, https:\/\/i0.wp.com\/le-fort.org\/cocina\/wp-content\/uploads\/2018\/06\/bares-iii-hd.jpg?fit=1200%2C400&ssl=1&resize=700%2C400 2x, https:\/\/i0.wp.com\/le-fort.org\/cocina\/wp-content\/uploads\/2018\/06\/bares-iii-hd.jpg?fit=1200%2C400&ssl=1&resize=1050%2C600 3x"},"classes":[]},{"id":13426,"url":"https:\/\/le-fort.org\/cocina\/clases-cocina-loja\/","url_meta":{"origin":14674,"position":5},"title":"Estamos en Loja","author":"Le-Fort.org","date":"7 de Noviembre, 2018","format":false,"excerpt":"Desde noviembre del 2018 estamos en la ciudad de Loja. \u00a1Te esperamos!","rel":"","context":"En &quot;Disquisiciones&quot;","block_context":{"text":"Disquisiciones","link":"https:\/\/le-fort.org\/cocina\/categoria\/disquisiciones\/"},"img":{"alt_text":"","src":"https:\/\/i0.wp.com\/le-fort.org\/cocina\/wp-content\/uploads\/2018\/01\/esferificacion2-hd.jpg?fit=1200%2C400&ssl=1&resize=350%2C200","width":350,"height":200,"srcset":"https:\/\/i0.wp.com\/le-fort.org\/cocina\/wp-content\/uploads\/2018\/01\/esferificacion2-hd.jpg?fit=1200%2C400&ssl=1&resize=350%2C200 1x, https:\/\/i0.wp.com\/le-fort.org\/cocina\/wp-content\/uploads\/2018\/01\/esferificacion2-hd.jpg?fit=1200%2C400&ssl=1&resize=525%2C300 1.5x, https:\/\/i0.wp.com\/le-fort.org\/cocina\/wp-content\/uploads\/2018\/01\/esferificacion2-hd.jpg?fit=1200%2C400&ssl=1&resize=700%2C400 2x, https:\/\/i0.wp.com\/le-fort.org\/cocina\/wp-content\/uploads\/2018\/01\/esferificacion2-hd.jpg?fit=1200%2C400&ssl=1&resize=1050%2C600 3x"},"classes":[]}],"_links":{"self":[{"href":"https:\/\/le-fort.org\/cocina\/wp-json\/wp\/v2\/posts\/14674","targetHints":{"allow":["GET"]}}],"collection":[{"href":"https:\/\/le-fort.org\/cocina\/wp-json\/wp\/v2\/posts"}],"about":[{"href":"https:\/\/le-fort.org\/cocina\/wp-json\/wp\/v2\/types\/post"}],"author":[{"embeddable":true,"href":"https:\/\/le-fort.org\/cocina\/wp-json\/wp\/v2\/users\/1"}],"replies":[{"embeddable":true,"href":"https:\/\/le-fort.org\/cocina\/wp-json\/wp\/v2\/comments?post=14674"}],"version-history":[{"count":4,"href":"https:\/\/le-fort.org\/cocina\/wp-json\/wp\/v2\/posts\/14674\/revisions"}],"predecessor-version":[{"id":14683,"href":"https:\/\/le-fort.org\/cocina\/wp-json\/wp\/v2\/posts\/14674\/revisions\/14683"}],"wp:featuredmedia":[{"embeddable":true,"href":"https:\/\/le-fort.org\/cocina\/wp-json\/wp\/v2\/media\/14678"}],"wp:attachment":[{"href":"https:\/\/le-fort.org\/cocina\/wp-json\/wp\/v2\/media?parent=14674"}],"wp:term":[{"taxonomy":"category","embeddable":true,"href":"https:\/\/le-fort.org\/cocina\/wp-json\/wp\/v2\/categories?post=14674"},{"taxonomy":"post_tag","embeddable":true,"href":"https:\/\/le-fort.org\/cocina\/wp-json\/wp\/v2\/tags?post=14674"}],"curies":[{"name":"wp","href":"https:\/\/api.w.org\/{rel}","templated":true}]}}