{"id":14737,"date":"2019-12-02T18:26:52","date_gmt":"2019-12-02T23:26:52","guid":{"rendered":"https:\/\/www.le-fort.org\/?p=14737"},"modified":"2019-12-15T09:00:05","modified_gmt":"2019-12-15T14:00:05","slug":"heroes-de-la-comida-en-catamayo","status":"publish","type":"post","link":"https:\/\/le-fort.org\/cocina\/heroes-de-la-comida-en-catamayo\/","title":{"rendered":"H\u00e9roes de la Comida en Catamayo"},"content":{"rendered":"<p>Ya les hemos hablado sobre los H\u00e9roes de la Comida, taller de <em>Feed the Planet<\/em> sobre alimentaci\u00f3n sostenible para escuelas y colegios, que tenemos el honor de impartir. Esta vez fuimos invitados a la Escuela Gabriela Mistral de Catamayo.<!--more--><\/p>\n<p><img data-recalc-dims=\"1\" loading=\"lazy\" decoding=\"async\" data-attachment-id=\"14742\" data-permalink=\"https:\/\/le-fort.org\/cocina\/heroes-de-la-comida-en-catamayo\/primer-grupo\/\" data-orig-file=\"https:\/\/i0.wp.com\/le-fort.org\/cocina\/wp-content\/uploads\/2019\/12\/primer-grupo.jpg?fit=1280%2C720&amp;ssl=1\" data-orig-size=\"1280,720\" data-comments-opened=\"0\" data-image-meta=\"{&quot;aperture&quot;:&quot;0&quot;,&quot;credit&quot;:&quot;&quot;,&quot;camera&quot;:&quot;&quot;,&quot;caption&quot;:&quot;&quot;,&quot;created_timestamp&quot;:&quot;0&quot;,&quot;copyright&quot;:&quot;&quot;,&quot;focal_length&quot;:&quot;0&quot;,&quot;iso&quot;:&quot;0&quot;,&quot;shutter_speed&quot;:&quot;0&quot;,&quot;title&quot;:&quot;&quot;,&quot;orientation&quot;:&quot;0&quot;}\" data-image-title=\"primer-grupo\" data-image-description=\"\" data-image-caption=\"\" data-large-file=\"https:\/\/i0.wp.com\/le-fort.org\/cocina\/wp-content\/uploads\/2019\/12\/primer-grupo.jpg?fit=1200%2C675&amp;ssl=1\" class=\"aligncenter size-full wp-image-14742\" src=\"https:\/\/i0.wp.com\/www.le-fort.org\/wp-content\/uploads\/2019\/12\/primer-grupo.jpg?resize=1200%2C675&#038;ssl=1\" alt=\"H\u00e9roes de la Comida en Catamayo\" width=\"1200\" height=\"675\" srcset=\"https:\/\/i0.wp.com\/le-fort.org\/cocina\/wp-content\/uploads\/2019\/12\/primer-grupo.jpg?w=1280&amp;ssl=1 1280w, https:\/\/i0.wp.com\/le-fort.org\/cocina\/wp-content\/uploads\/2019\/12\/primer-grupo.jpg?resize=600%2C338&amp;ssl=1 600w, https:\/\/i0.wp.com\/le-fort.org\/cocina\/wp-content\/uploads\/2019\/12\/primer-grupo.jpg?resize=1140%2C641&amp;ssl=1 1140w\" sizes=\"auto, (max-width: 1200px) 100vw, 1200px\" \/><\/p>\n<p>Realizamos el taller a dos grupos distintos de estudiantes de dos paralelos de 7\u00b0 a\u00f1o, y estuvo muy bien.<\/p>\n<figure id=\"attachment_14545\" aria-describedby=\"caption-attachment-14545\" style=\"width: 1920px\" class=\"wp-caption aligncenter\"><img data-recalc-dims=\"1\" loading=\"lazy\" decoding=\"async\" data-attachment-id=\"14545\" data-permalink=\"https:\/\/le-fort.org\/cocina\/heroes-de-la-comida-en-loja\/captura-de-pantalla-2019-10-17-12-27-54\/\" data-orig-file=\"https:\/\/i0.wp.com\/le-fort.org\/cocina\/wp-content\/uploads\/2019\/10\/Captura-de-pantalla-2019-10-17-12.27.54.png?fit=1920%2C1080&amp;ssl=1\" data-orig-size=\"1920,1080\" data-comments-opened=\"0\" data-image-meta=\"{&quot;aperture&quot;:&quot;0&quot;,&quot;credit&quot;:&quot;&quot;,&quot;camera&quot;:&quot;&quot;,&quot;caption&quot;:&quot;&quot;,&quot;created_timestamp&quot;:&quot;0&quot;,&quot;copyright&quot;:&quot;&quot;,&quot;focal_length&quot;:&quot;0&quot;,&quot;iso&quot;:&quot;0&quot;,&quot;shutter_speed&quot;:&quot;0&quot;,&quot;title&quot;:&quot;&quot;,&quot;orientation&quot;:&quot;0&quot;}\" data-image-title=\"Captura de pantalla 2019-10-17 12.27.54\" data-image-description=\"\" data-image-caption=\"&lt;p&gt;Objetivos de Desarrollo Sostenible&lt;\/p&gt;\n\" data-large-file=\"https:\/\/i0.wp.com\/le-fort.org\/cocina\/wp-content\/uploads\/2019\/10\/Captura-de-pantalla-2019-10-17-12.27.54.png?fit=1200%2C675&amp;ssl=1\" class=\"size-full wp-image-14545\" src=\"https:\/\/i0.wp.com\/www.le-fort.org\/wp-content\/uploads\/2019\/10\/Captura-de-pantalla-2019-10-17-12.27.54.png?resize=1200%2C675&#038;ssl=1\" alt=\"Objetivos de Desarrollo Sostenible\" width=\"1200\" height=\"675\" srcset=\"https:\/\/i0.wp.com\/le-fort.org\/cocina\/wp-content\/uploads\/2019\/10\/Captura-de-pantalla-2019-10-17-12.27.54.png?w=1920&amp;ssl=1 1920w, https:\/\/i0.wp.com\/le-fort.org\/cocina\/wp-content\/uploads\/2019\/10\/Captura-de-pantalla-2019-10-17-12.27.54.png?resize=600%2C338&amp;ssl=1 600w, https:\/\/i0.wp.com\/le-fort.org\/cocina\/wp-content\/uploads\/2019\/10\/Captura-de-pantalla-2019-10-17-12.27.54.png?resize=1280%2C720&amp;ssl=1 1280w, https:\/\/i0.wp.com\/le-fort.org\/cocina\/wp-content\/uploads\/2019\/10\/Captura-de-pantalla-2019-10-17-12.27.54.png?resize=2%2C1&amp;ssl=1 2w\" sizes=\"auto, (max-width: 1200px) 100vw, 1200px\" \/><figcaption id=\"caption-attachment-14545\" class=\"wp-caption-text\">Objetivos de Desarrollo Sostenible<\/figcaption><\/figure>\n<p>Conversamos sobre los ODS (Objetivos de Desarrollo Sostenible) de la ONU, alimentos kilom\u00e9tricos, comercio justo, uso de pl\u00e1sticos, y sobre por qu\u00e9 privilegiar alimentos locales desde la sostenibilidad.<\/p>\n<h2>H\u00e9roes de la Comida<\/h2>\n<p>Realizamos la lluvia de ideas y los grupos expusieron sus iniciativas para reducir el desperdicio alimentario, (objetivo 12.3) que es lo que m\u00e1s nos interesa en este taller.<\/p>\n<p>Luego, los estudiantes se comprometieron con las ideas que m\u00e1s les interesaron, y recibieron su certificado de H\u00e9roes.<\/p>\n<p><img data-recalc-dims=\"1\" loading=\"lazy\" decoding=\"async\" data-attachment-id=\"14743\" data-permalink=\"https:\/\/le-fort.org\/cocina\/heroes-de-la-comida-en-catamayo\/final-3\/\" data-orig-file=\"https:\/\/i0.wp.com\/le-fort.org\/cocina\/wp-content\/uploads\/2019\/12\/final.jpg?fit=1280%2C720&amp;ssl=1\" data-orig-size=\"1280,720\" data-comments-opened=\"0\" data-image-meta=\"{&quot;aperture&quot;:&quot;0&quot;,&quot;credit&quot;:&quot;&quot;,&quot;camera&quot;:&quot;&quot;,&quot;caption&quot;:&quot;&quot;,&quot;created_timestamp&quot;:&quot;0&quot;,&quot;copyright&quot;:&quot;&quot;,&quot;focal_length&quot;:&quot;0&quot;,&quot;iso&quot;:&quot;0&quot;,&quot;shutter_speed&quot;:&quot;0&quot;,&quot;title&quot;:&quot;&quot;,&quot;orientation&quot;:&quot;0&quot;}\" data-image-title=\"final\" data-image-description=\"\" data-image-caption=\"\" data-large-file=\"https:\/\/i0.wp.com\/le-fort.org\/cocina\/wp-content\/uploads\/2019\/12\/final.jpg?fit=1200%2C675&amp;ssl=1\" class=\"aligncenter size-full wp-image-14743\" src=\"https:\/\/i0.wp.com\/www.le-fort.org\/wp-content\/uploads\/2019\/12\/final.jpg?resize=1200%2C675&#038;ssl=1\" alt=\"H\u00e9roes de la Comida en Catamayo\" width=\"1200\" height=\"675\" srcset=\"https:\/\/i0.wp.com\/le-fort.org\/cocina\/wp-content\/uploads\/2019\/12\/final.jpg?w=1280&amp;ssl=1 1280w, https:\/\/i0.wp.com\/le-fort.org\/cocina\/wp-content\/uploads\/2019\/12\/final.jpg?resize=600%2C338&amp;ssl=1 600w, https:\/\/i0.wp.com\/le-fort.org\/cocina\/wp-content\/uploads\/2019\/12\/final.jpg?resize=1140%2C641&amp;ssl=1 1140w\" sizes=\"auto, (max-width: 1200px) 100vw, 1200px\" \/><\/p>\n","protected":false},"excerpt":{"rendered":"<p>Taller H\u00e9roes de la Comida de Feed the Planet a trav\u00e9s de Worldchefs en Catamayo, Loja, Ecuador. Objetivos de Desarrollo Sostenible.<\/p>\n","protected":false},"author":1,"featured_media":14741,"comment_status":"closed","ping_status":"closed","sticky":false,"template":"","format":"standard","meta":{"_jetpack_newsletter_access":"","_jetpack_dont_email_post_to_subs":false,"_jetpack_newsletter_tier_id":0,"_jetpack_memberships_contains_paywalled_content":false,"_jetpack_memberships_contains_paid_content":false,"footnotes":""},"categories":[251],"tags":[896,884,897,868,789],"class_list":["post-14737","post","type-post","status-publish","format-standard","has-post-thumbnail","hentry","category-educacion","tag-catamayo","tag-feed-the-planet","tag-heroes-de-la-comida","tag-sostenibilidad","tag-worldchefs","entry","has-media"],"jetpack_featured_media_url":"https:\/\/i0.wp.com\/le-fort.org\/cocina\/wp-content\/uploads\/2019\/12\/heroes-hd.jpg?fit=1500%2C500&ssl=1","jetpack_shortlink":"https:\/\/wp.me\/pghKer-3PH","jetpack_sharing_enabled":true,"jetpack-related-posts":[{"id":15772,"url":"https:\/\/le-fort.org\/cocina\/curso-feed-the-planet-manta\/","url_meta":{"origin":14737,"position":0},"title":"Curso Feed the Planet Manta","author":"Le-Fort.org","date":"20 de Agosto, 2021","format":false,"excerpt":"Sostenibilidad para profesionales culinarios. Manta, gracias al GAD Manta y a la Escuela Gastron\u00f3mica de Manab\u00ed.","rel":"","context":"En &quot;Cursos&quot;","block_context":{"text":"Cursos","link":"https:\/\/le-fort.org\/cocina\/categoria\/cursos\/"},"img":{"alt_text":"","src":"https:\/\/i0.wp.com\/le-fort.org\/cocina\/wp-content\/uploads\/2021\/08\/feed-the-planet-hd.jpg?fit=1200%2C400&ssl=1&resize=350%2C200","width":350,"height":200,"srcset":"https:\/\/i0.wp.com\/le-fort.org\/cocina\/wp-content\/uploads\/2021\/08\/feed-the-planet-hd.jpg?fit=1200%2C400&ssl=1&resize=350%2C200 1x, https:\/\/i0.wp.com\/le-fort.org\/cocina\/wp-content\/uploads\/2021\/08\/feed-the-planet-hd.jpg?fit=1200%2C400&ssl=1&resize=525%2C300 1.5x, https:\/\/i0.wp.com\/le-fort.org\/cocina\/wp-content\/uploads\/2021\/08\/feed-the-planet-hd.jpg?fit=1200%2C400&ssl=1&resize=700%2C400 2x, https:\/\/i0.wp.com\/le-fort.org\/cocina\/wp-content\/uploads\/2021\/08\/feed-the-planet-hd.jpg?fit=1200%2C400&ssl=1&resize=1050%2C600 3x"},"classes":[]},{"id":16671,"url":"https:\/\/le-fort.org\/cocina\/feed-the-planet-portoviejo\/","url_meta":{"origin":14737,"position":1},"title":"Feed the Planet &#8211; Portoviejo","author":"Le-Fort.org","date":"24 de Julio, 2022","format":false,"excerpt":"Curso Feed the Planet en la Universidad T\u00e9cnica de Manab\u00ed, en Portoviejo.","rel":"","context":"En &quot;Educaci\u00f3n&quot;","block_context":{"text":"Educaci\u00f3n","link":"https:\/\/le-fort.org\/cocina\/categoria\/educacion\/"},"img":{"alt_text":"","src":"https:\/\/i0.wp.com\/le-fort.org\/cocina\/wp-content\/uploads\/2021\/08\/feed-the-planet-hd.jpg?fit=1200%2C400&ssl=1&resize=350%2C200","width":350,"height":200,"srcset":"https:\/\/i0.wp.com\/le-fort.org\/cocina\/wp-content\/uploads\/2021\/08\/feed-the-planet-hd.jpg?fit=1200%2C400&ssl=1&resize=350%2C200 1x, https:\/\/i0.wp.com\/le-fort.org\/cocina\/wp-content\/uploads\/2021\/08\/feed-the-planet-hd.jpg?fit=1200%2C400&ssl=1&resize=525%2C300 1.5x, https:\/\/i0.wp.com\/le-fort.org\/cocina\/wp-content\/uploads\/2021\/08\/feed-the-planet-hd.jpg?fit=1200%2C400&ssl=1&resize=700%2C400 2x, https:\/\/i0.wp.com\/le-fort.org\/cocina\/wp-content\/uploads\/2021\/08\/feed-the-planet-hd.jpg?fit=1200%2C400&ssl=1&resize=1050%2C600 3x"},"classes":[]},{"id":14187,"url":"https:\/\/le-fort.org\/cocina\/sostenibilidad-para-profesionales-culinarios-de-worldchefs\/","url_meta":{"origin":14737,"position":2},"title":"Sostenibilidad para Profesionales Culinarios, de WorldChefs","author":"Le-Fort.org","date":"14 de Junio, 2019","format":false,"excerpt":"Curso de Sostenibilidad para profesionales culinarios de WorldChefs, como parte de la iniciativa Feed the Planet: Desperdicio cero, energ\u00eda, agua, etc.","rel":"","context":"En &quot;Educaci\u00f3n&quot;","block_context":{"text":"Educaci\u00f3n","link":"https:\/\/le-fort.org\/cocina\/categoria\/educacion\/"},"img":{"alt_text":"","src":"https:\/\/i0.wp.com\/le-fort.org\/cocina\/wp-content\/uploads\/2018\/06\/wasser-hd.jpg?fit=1200%2C400&ssl=1&resize=350%2C200","width":350,"height":200,"srcset":"https:\/\/i0.wp.com\/le-fort.org\/cocina\/wp-content\/uploads\/2018\/06\/wasser-hd.jpg?fit=1200%2C400&ssl=1&resize=350%2C200 1x, https:\/\/i0.wp.com\/le-fort.org\/cocina\/wp-content\/uploads\/2018\/06\/wasser-hd.jpg?fit=1200%2C400&ssl=1&resize=525%2C300 1.5x, https:\/\/i0.wp.com\/le-fort.org\/cocina\/wp-content\/uploads\/2018\/06\/wasser-hd.jpg?fit=1200%2C400&ssl=1&resize=700%2C400 2x, https:\/\/i0.wp.com\/le-fort.org\/cocina\/wp-content\/uploads\/2018\/06\/wasser-hd.jpg?fit=1200%2C400&ssl=1&resize=1050%2C600 3x"},"classes":[]},{"id":14540,"url":"https:\/\/le-fort.org\/cocina\/heroes-de-la-comida-en-loja\/","url_meta":{"origin":14737,"position":3},"title":"H\u00e9roes de la Comida en Loja","author":"Le-Fort.org","date":"19 de Octubre, 2019","format":false,"excerpt":"Taller \"H\u00e9roes de la comida\" de UNICEF, Worldchefs en un colegio de Loja a 50 j\u00f3venes, para difundir los objetivos globales de desarrollo sustentable.","rel":"","context":"En &quot;General&quot;","block_context":{"text":"General","link":"https:\/\/le-fort.org\/cocina\/categoria\/general\/"},"img":{"alt_text":"H\u00e9roes de la comida","src":"https:\/\/i0.wp.com\/le-fort.org\/cocina\/wp-content\/uploads\/2019\/10\/diachef-hd.jpg?fit=1200%2C400&ssl=1&resize=350%2C200","width":350,"height":200,"srcset":"https:\/\/i0.wp.com\/le-fort.org\/cocina\/wp-content\/uploads\/2019\/10\/diachef-hd.jpg?fit=1200%2C400&ssl=1&resize=350%2C200 1x, https:\/\/i0.wp.com\/le-fort.org\/cocina\/wp-content\/uploads\/2019\/10\/diachef-hd.jpg?fit=1200%2C400&ssl=1&resize=525%2C300 1.5x, https:\/\/i0.wp.com\/le-fort.org\/cocina\/wp-content\/uploads\/2019\/10\/diachef-hd.jpg?fit=1200%2C400&ssl=1&resize=700%2C400 2x, https:\/\/i0.wp.com\/le-fort.org\/cocina\/wp-content\/uploads\/2019\/10\/diachef-hd.jpg?fit=1200%2C400&ssl=1&resize=1050%2C600 3x"},"classes":[]},{"id":14314,"url":"https:\/\/le-fort.org\/cocina\/sostenibilidad-en-santa-elena\/","url_meta":{"origin":14737,"position":4},"title":"Sostenibilidad en Santa Elena","author":"Le-Fort.org","date":"10 de Agosto, 2019","format":false,"excerpt":"Primer curso de Sostenibilidad para profesionales CUlinarios en Ecuador de Feed the Planet\/WorldChefs. Provincia de Santa Elena.","rel":"","context":"En &quot;Educaci\u00f3n&quot;","block_context":{"text":"Educaci\u00f3n","link":"https:\/\/le-fort.org\/cocina\/categoria\/educacion\/"},"img":{"alt_text":"","src":"https:\/\/i0.wp.com\/le-fort.org\/cocina\/wp-content\/uploads\/2019\/08\/sostenibilidad-hd.jpg?fit=1200%2C400&ssl=1&resize=350%2C200","width":350,"height":200,"srcset":"https:\/\/i0.wp.com\/le-fort.org\/cocina\/wp-content\/uploads\/2019\/08\/sostenibilidad-hd.jpg?fit=1200%2C400&ssl=1&resize=350%2C200 1x, https:\/\/i0.wp.com\/le-fort.org\/cocina\/wp-content\/uploads\/2019\/08\/sostenibilidad-hd.jpg?fit=1200%2C400&ssl=1&resize=525%2C300 1.5x, https:\/\/i0.wp.com\/le-fort.org\/cocina\/wp-content\/uploads\/2019\/08\/sostenibilidad-hd.jpg?fit=1200%2C400&ssl=1&resize=700%2C400 2x, https:\/\/i0.wp.com\/le-fort.org\/cocina\/wp-content\/uploads\/2019\/08\/sostenibilidad-hd.jpg?fit=1200%2C400&ssl=1&resize=1050%2C600 3x"},"classes":[]},{"id":15864,"url":"https:\/\/le-fort.org\/cocina\/worldchefs-academy-en-espanol\/","url_meta":{"origin":14737,"position":5},"title":"Worldchefs Academy en Espa\u00f1ol","author":"Le-Fort.org","date":"20 de Noviembre, 2020","format":false,"excerpt":"La academia digital de Worldchefs, llamada Worldchefs Academy, est\u00e1 disponible en espa\u00f1ol. Por ahora est\u00e1 disponible en nuestro idioma el curso pre commis, que es un curso de nivel introductorio para quienes se inician en el tema culinario, y funciona muy bien para adquirir los rudimentos. Al completar el curso\u2026","rel":"","context":"En &quot;Cursos&quot;","block_context":{"text":"Cursos","link":"https:\/\/le-fort.org\/cocina\/categoria\/cursos\/"},"img":{"alt_text":"","src":"https:\/\/i0.wp.com\/le-fort.org\/cocina\/wp-content\/uploads\/2021\/11\/worldchefs-academy-pre-commis-hd.jpg?fit=1200%2C400&ssl=1&resize=350%2C200","width":350,"height":200,"srcset":"https:\/\/i0.wp.com\/le-fort.org\/cocina\/wp-content\/uploads\/2021\/11\/worldchefs-academy-pre-commis-hd.jpg?fit=1200%2C400&ssl=1&resize=350%2C200 1x, https:\/\/i0.wp.com\/le-fort.org\/cocina\/wp-content\/uploads\/2021\/11\/worldchefs-academy-pre-commis-hd.jpg?fit=1200%2C400&ssl=1&resize=525%2C300 1.5x, https:\/\/i0.wp.com\/le-fort.org\/cocina\/wp-content\/uploads\/2021\/11\/worldchefs-academy-pre-commis-hd.jpg?fit=1200%2C400&ssl=1&resize=700%2C400 2x, https:\/\/i0.wp.com\/le-fort.org\/cocina\/wp-content\/uploads\/2021\/11\/worldchefs-academy-pre-commis-hd.jpg?fit=1200%2C400&ssl=1&resize=1050%2C600 3x"},"classes":[]}],"_links":{"self":[{"href":"https:\/\/le-fort.org\/cocina\/wp-json\/wp\/v2\/posts\/14737","targetHints":{"allow":["GET"]}}],"collection":[{"href":"https:\/\/le-fort.org\/cocina\/wp-json\/wp\/v2\/posts"}],"about":[{"href":"https:\/\/le-fort.org\/cocina\/wp-json\/wp\/v2\/types\/post"}],"author":[{"embeddable":true,"href":"https:\/\/le-fort.org\/cocina\/wp-json\/wp\/v2\/users\/1"}],"replies":[{"embeddable":true,"href":"https:\/\/le-fort.org\/cocina\/wp-json\/wp\/v2\/comments?post=14737"}],"version-history":[{"count":4,"href":"https:\/\/le-fort.org\/cocina\/wp-json\/wp\/v2\/posts\/14737\/revisions"}],"predecessor-version":[{"id":14756,"href":"https:\/\/le-fort.org\/cocina\/wp-json\/wp\/v2\/posts\/14737\/revisions\/14756"}],"wp:featuredmedia":[{"embeddable":true,"href":"https:\/\/le-fort.org\/cocina\/wp-json\/wp\/v2\/media\/14741"}],"wp:attachment":[{"href":"https:\/\/le-fort.org\/cocina\/wp-json\/wp\/v2\/media?parent=14737"}],"wp:term":[{"taxonomy":"category","embeddable":true,"href":"https:\/\/le-fort.org\/cocina\/wp-json\/wp\/v2\/categories?post=14737"},{"taxonomy":"post_tag","embeddable":true,"href":"https:\/\/le-fort.org\/cocina\/wp-json\/wp\/v2\/tags?post=14737"}],"curies":[{"name":"wp","href":"https:\/\/api.w.org\/{rel}","templated":true}]}}