{"id":15572,"date":"2021-04-10T08:30:43","date_gmt":"2021-04-10T13:30:43","guid":{"rendered":"https:\/\/www.le-fort.org\/?p=15572"},"modified":"2021-04-10T08:30:43","modified_gmt":"2021-04-10T13:30:43","slug":"banoffee-receta-original","status":"publish","type":"post","link":"https:\/\/le-fort.org\/cocina\/banoffee-receta-original\/","title":{"rendered":"Banoffee &#8211; Receta Original"},"content":{"rendered":"<p>EL Banoffee es un cl\u00e1sico brit\u00e1nico de la d\u00e9cada de 1970. Tambi\u00e9n se encuentra como Banoffi. <a href=\"https:\/\/www.le-fort.org\/banoffee-pie-de-caramelo-banana-y-crema\/\">Ya hemos publicado una receta<\/a>, pero preparando una pr\u00e1ctica para la materia de pasteler\u00eda que damos en la universidad, nos encontramos con esta interesante receta que es nada menos que del creador del <em>pie<\/em>. Lo interesante es que tiene caf\u00e9.<\/p>\n<p><!--more--><\/p>\n<p>Adaptado de la receta de <a href=\"https:\/\/iandowding.co.uk\/banoffi-pie-the-original-recipe\/\">Ian Dowding<\/a>. Para un pie de 25cm de di\u00e1metro y 4cm de alto.<\/p>\n<h2>Ingredientes para el Banoffee<\/h2>\n<p>Para la masa<\/p>\n<ul>\n<li>250g harina<\/li>\n<li>25g az\u00facar impalpable<\/li>\n<li>125g mantequilla fr\u00eda, cortada en dados<\/li>\n<li>1 huevo y una yema<\/li>\n<\/ul>\n<p>Para el relleno<\/p>\n<ul>\n<li>1 tarro y medio (600g) de leche condensada hecho manjar<\/li>\n<li>5 guineos maduros<\/li>\n<\/ul>\n<p>Para cubrir<\/p>\n<ul>\n<li>400ml crema de leche<\/li>\n<li>1cdta de caf\u00e9 instant\u00e1neo en polvo<\/li>\n<li>10g az\u00facar impalpable<\/li>\n<li>1 pizca de caf\u00e9 instant\u00e1neo en polvo<\/li>\n<\/ul>\n<h2>Procedimiento<\/h2>\n<h3>La masa<\/h3>\n<ol>\n<li>Unir harina y az\u00facar en un cuenco. A\u00f1adir la mantequilla y dispersar hasta que parezca miga de pan fina.<\/li>\n<li>A\u00f1adir el huevo y formar una masa. No amasar.<\/li>\n<li>Refrigerar 30 minutos y luego estirar hasta un grosor de 3mm. Cubrir el molde.<\/li>\n<li>Precalentar el horno a 180\u00b0C<\/li>\n<li>Pinchar la base con un tenedor, cubrir con papel de\u00a0 hornop o papel de aluminio y rellenar con frejoles secos u otro peso.<\/li>\n<li>Hornear 15 minutos y remover el peso y el papel.<\/li>\n<li>Hornear hasta dorar.<\/li>\n<li>Retirar del horno y enfriar.<\/li>\n<\/ol>\n<h3>Armado del Banoffee<\/h3>\n<ol>\n<li>Esparcir el dulce de leche sobre la masa<\/li>\n<li>Pelar y laminar los guineos longitudinalmente. Cubrir el dulce de leche con ellos<\/li>\n<li>Montar la crema con el az\u00facar y el caf\u00e9 hasta que forme picos suaves. No sobrebatir<\/li>\n<li>Cubrir los guineos con la crema. Espolvorear la pizca de caf\u00e9 instant\u00e1neo sobre la crema<\/li>\n<\/ol>\n<h2>Cocci\u00f3n de la leche condensada<\/h2>\n<ul>\n<li>Hervir tarros de leche condensada 20 minutos en olla a presi\u00f3n o 3 horas en olla convencional. Alternativamente se puede utilizar manjar o arequipe.<\/li>\n<\/ul>\n<h2>Adaptaci\u00f3n<\/h2>\n<p>Aquellos que no tengan acceso a un horno, pueden preparar la versi\u00f3n con masa de galletas. Se requieren 225g de galletas Mar\u00eda pulverizadas o molidas y 120g de mantequilla fundida. Se amasa todo y se cubre el molde con la masa. Para que solidifique, se deja en refrigeraci\u00f3n 30 minutos.<\/p>\n<p><img data-recalc-dims=\"1\" loading=\"lazy\" decoding=\"async\" data-attachment-id=\"6046\" data-permalink=\"https:\/\/le-fort.org\/cocina\/banoffee-pie-de-caramelo-banana-y-crema\/tajada_2\/\" data-orig-file=\"https:\/\/i0.wp.com\/le-fort.org\/cocina\/wp-content\/uploads\/2015\/02\/tajada_2.jpg?fit=960%2C600&amp;ssl=1\" data-orig-size=\"960,600\" data-comments-opened=\"0\" data-image-meta=\"{&quot;aperture&quot;:&quot;0&quot;,&quot;credit&quot;:&quot;&quot;,&quot;camera&quot;:&quot;&quot;,&quot;caption&quot;:&quot;&quot;,&quot;created_timestamp&quot;:&quot;0&quot;,&quot;copyright&quot;:&quot;&quot;,&quot;focal_length&quot;:&quot;0&quot;,&quot;iso&quot;:&quot;0&quot;,&quot;shutter_speed&quot;:&quot;0&quot;,&quot;title&quot;:&quot;&quot;,&quot;orientation&quot;:&quot;0&quot;}\" data-image-title=\"Una tajada de Banoffee\" data-image-description=\"\" data-image-caption=\"\" data-large-file=\"https:\/\/i0.wp.com\/le-fort.org\/cocina\/wp-content\/uploads\/2015\/02\/tajada_2.jpg?fit=960%2C600&amp;ssl=1\" class=\"aligncenter size-full wp-image-6046\" src=\"https:\/\/i0.wp.com\/www.le-fort.org\/wp-content\/uploads\/2015\/02\/tajada_2.jpg?resize=960%2C600&#038;ssl=1\" alt=\"Tajada de banoffee\" width=\"960\" height=\"600\" srcset=\"https:\/\/i0.wp.com\/le-fort.org\/cocina\/wp-content\/uploads\/2015\/02\/tajada_2.jpg?w=960&amp;ssl=1 960w, https:\/\/i0.wp.com\/le-fort.org\/cocina\/wp-content\/uploads\/2015\/02\/tajada_2.jpg?resize=600%2C375&amp;ssl=1 600w\" sizes=\"auto, (max-width: 960px) 100vw, 960px\" \/><\/p>\n","protected":false},"excerpt":{"rendered":"<p>Receta original del Banoffee o Banofi, tarta de la d\u00e9cada de 1970. Esta versi\u00f3n tiene caf\u00e9 en la crema y usa simplemente dulce de leche.<\/p>\n","protected":false},"author":1,"featured_media":6038,"comment_status":"closed","ping_status":"closed","sticky":false,"template":"","format":"standard","meta":{"_jetpack_newsletter_access":"","_jetpack_dont_email_post_to_subs":false,"_jetpack_newsletter_tier_id":0,"_jetpack_memberships_contains_paywalled_content":false,"_jetpack_memberships_contains_paid_content":false,"footnotes":""},"categories":[25],"tags":[258,49,351,30,654],"class_list":["post-15572","post","type-post","status-publish","format-standard","has-post-thumbnail","hentry","category-reposteria","tag-comida-inglesa","tag-platano","tag-recetas","tag-reposteria","tag-tartas","entry","has-media"],"jetpack_featured_media_url":"https:\/\/i0.wp.com\/le-fort.org\/cocina\/wp-content\/uploads\/2015\/02\/banoffee_hd.jpg?fit=1200%2C400&ssl=1","jetpack_shortlink":"https:\/\/wp.me\/pghKer-43a","jetpack_sharing_enabled":true,"jetpack-related-posts":[{"id":362,"url":"https:\/\/le-fort.org\/cocina\/banoffee\/","url_meta":{"origin":15572,"position":0},"title":"Banoffee","author":"Marell Rojas","date":"9 de Abril, 2021","format":false,"excerpt":"Pie que combina guineo, dulce de leche, crema y caf\u00e9.","rel":"","context":"En &quot;Productos&quot;","block_context":{"text":"Productos","link":"https:\/\/le-fort.org\/cocina\/categoria\/productos\/"},"img":{"alt_text":"","src":"https:\/\/i0.wp.com\/le-fort.org\/cocina\/wp-content\/uploads\/2015\/02\/banoffee_hd.jpg?fit=1200%2C400&ssl=1&resize=350%2C200","width":350,"height":200,"srcset":"https:\/\/i0.wp.com\/le-fort.org\/cocina\/wp-content\/uploads\/2015\/02\/banoffee_hd.jpg?fit=1200%2C400&ssl=1&resize=350%2C200 1x, https:\/\/i0.wp.com\/le-fort.org\/cocina\/wp-content\/uploads\/2015\/02\/banoffee_hd.jpg?fit=1200%2C400&ssl=1&resize=525%2C300 1.5x, https:\/\/i0.wp.com\/le-fort.org\/cocina\/wp-content\/uploads\/2015\/02\/banoffee_hd.jpg?fit=1200%2C400&ssl=1&resize=700%2C400 2x, https:\/\/i0.wp.com\/le-fort.org\/cocina\/wp-content\/uploads\/2015\/02\/banoffee_hd.jpg?fit=1200%2C400&ssl=1&resize=1050%2C600 3x"},"classes":[]},{"id":16050,"url":"https:\/\/le-fort.org\/cocina\/sable-de-limon\/","url_meta":{"origin":15572,"position":1},"title":"Sabl\u00e9 de Lim\u00f3n","author":"Marell Rojas","date":"13 de Mayo, 2020","format":false,"excerpt":"Receta de masa sabl\u00e9 de lim\u00f3n","rel":"","context":"En &quot;Productos&quot;","block_context":{"text":"Productos","link":"https:\/\/le-fort.org\/cocina\/categoria\/productos\/"},"img":{"alt_text":"","src":"https:\/\/i0.wp.com\/le-fort.org\/cocina\/wp-content\/uploads\/2018\/05\/gastrofisica.jpg?fit=337%2C500&ssl=1&resize=350%2C200","width":350,"height":200},"classes":[]},{"id":13999,"url":"https:\/\/le-fort.org\/cocina\/creme-brulee\/","url_meta":{"origin":15572,"position":2},"title":"Cr\u00e8me Br\u00fbl\u00e9e: Lo Dif\u00edcil son las Tildes","author":"Le-Fort.org","date":"13 de Mayo, 2019","format":false,"excerpt":"Receta de Cr\u00eame Brul\u00e9e: R\u00e1pida, sencilla y entretenida.","rel":"","context":"En &quot;Reposter\u00eda&quot;","block_context":{"text":"Reposter\u00eda","link":"https:\/\/le-fort.org\/cocina\/categoria\/reposteria\/"},"img":{"alt_text":"","src":"https:\/\/i0.wp.com\/le-fort.org\/cocina\/wp-content\/uploads\/2019\/04\/brulee-hd.jpg?fit=1200%2C400&ssl=1&resize=350%2C200","width":350,"height":200,"srcset":"https:\/\/i0.wp.com\/le-fort.org\/cocina\/wp-content\/uploads\/2019\/04\/brulee-hd.jpg?fit=1200%2C400&ssl=1&resize=350%2C200 1x, https:\/\/i0.wp.com\/le-fort.org\/cocina\/wp-content\/uploads\/2019\/04\/brulee-hd.jpg?fit=1200%2C400&ssl=1&resize=525%2C300 1.5x, https:\/\/i0.wp.com\/le-fort.org\/cocina\/wp-content\/uploads\/2019\/04\/brulee-hd.jpg?fit=1200%2C400&ssl=1&resize=700%2C400 2x, https:\/\/i0.wp.com\/le-fort.org\/cocina\/wp-content\/uploads\/2019\/04\/brulee-hd.jpg?fit=1200%2C400&ssl=1&resize=1050%2C600 3x"},"classes":[]},{"id":73,"url":"https:\/\/le-fort.org\/cocina\/receta-pie-de-limon-relleno-maicena\/","url_meta":{"origin":15572,"position":3},"title":"Pie de lim\u00f3n con relleno de Maicena","author":"Le-Fort.org","date":"26 de Julio, 2011","format":false,"excerpt":"Receta de Pie de lim\u00f3n con relleno de maicena, menos dulce que el de leche condensada, y m\u00e1s adecuado para los intolerantes a la lactosa.","rel":"","context":"En &quot;Reposter\u00eda&quot;","block_context":{"text":"Reposter\u00eda","link":"https:\/\/le-fort.org\/cocina\/categoria\/reposteria\/"},"img":{"alt_text":"","src":"https:\/\/i0.wp.com\/le-fort.org\/cocina\/wp-content\/uploads\/2011\/07\/pie-limon-hd.jpg?fit=1200%2C400&ssl=1&resize=350%2C200","width":350,"height":200,"srcset":"https:\/\/i0.wp.com\/le-fort.org\/cocina\/wp-content\/uploads\/2011\/07\/pie-limon-hd.jpg?fit=1200%2C400&ssl=1&resize=350%2C200 1x, https:\/\/i0.wp.com\/le-fort.org\/cocina\/wp-content\/uploads\/2011\/07\/pie-limon-hd.jpg?fit=1200%2C400&ssl=1&resize=525%2C300 1.5x, https:\/\/i0.wp.com\/le-fort.org\/cocina\/wp-content\/uploads\/2011\/07\/pie-limon-hd.jpg?fit=1200%2C400&ssl=1&resize=700%2C400 2x, https:\/\/i0.wp.com\/le-fort.org\/cocina\/wp-content\/uploads\/2011\/07\/pie-limon-hd.jpg?fit=1200%2C400&ssl=1&resize=1050%2C600 3x"},"classes":[]},{"id":6026,"url":"https:\/\/le-fort.org\/cocina\/banoffee-pie-de-caramelo-banana-y-crema\/","url_meta":{"origin":15572,"position":4},"title":"Banoffee: Pie de Caramelo, Banana y Crema","author":"Le-Fort.org","date":"1 de Febrero, 2015","format":false,"excerpt":"Receta de Banoffee, un pie de caramelo de leche condensada, banana en rodajas y crema batida muy f\u00e1cil y de r\u00e1pida preparaci\u00f3n.","rel":"","context":"En &quot;Tartas&quot;","block_context":{"text":"Tartas","link":"https:\/\/le-fort.org\/cocina\/categoria\/recetas\/tartas\/"},"img":{"alt_text":"","src":"https:\/\/i0.wp.com\/le-fort.org\/cocina\/wp-content\/uploads\/2015\/02\/banoffee_hd.jpg?fit=1200%2C400&ssl=1&resize=350%2C200","width":350,"height":200,"srcset":"https:\/\/i0.wp.com\/le-fort.org\/cocina\/wp-content\/uploads\/2015\/02\/banoffee_hd.jpg?fit=1200%2C400&ssl=1&resize=350%2C200 1x, https:\/\/i0.wp.com\/le-fort.org\/cocina\/wp-content\/uploads\/2015\/02\/banoffee_hd.jpg?fit=1200%2C400&ssl=1&resize=525%2C300 1.5x, https:\/\/i0.wp.com\/le-fort.org\/cocina\/wp-content\/uploads\/2015\/02\/banoffee_hd.jpg?fit=1200%2C400&ssl=1&resize=700%2C400 2x, https:\/\/i0.wp.com\/le-fort.org\/cocina\/wp-content\/uploads\/2015\/02\/banoffee_hd.jpg?fit=1200%2C400&ssl=1&resize=1050%2C600 3x"},"classes":[]},{"id":1952,"url":"https:\/\/le-fort.org\/cocina\/receta-queque-de-peras\/","url_meta":{"origin":15572,"position":5},"title":"Receta: Queque Volteado de Peras","author":"Le-Fort.org","date":"13 de Mayo, 2012","format":false,"excerpt":"Este queque o bizcocho volteado de peras es tan simple como excelente. Se recomienda con \u00e9nfasis.","rel":"","context":"En &quot;Recetas&quot;","block_context":{"text":"Recetas","link":"https:\/\/le-fort.org\/cocina\/categoria\/recetas\/"},"img":{"alt_text":"","src":"https:\/\/i0.wp.com\/le-fort.org\/cocina\/wp-content\/uploads\/2012\/05\/pera-hd-1.jpg?fit=1200%2C400&ssl=1&resize=350%2C200","width":350,"height":200,"srcset":"https:\/\/i0.wp.com\/le-fort.org\/cocina\/wp-content\/uploads\/2012\/05\/pera-hd-1.jpg?fit=1200%2C400&ssl=1&resize=350%2C200 1x, https:\/\/i0.wp.com\/le-fort.org\/cocina\/wp-content\/uploads\/2012\/05\/pera-hd-1.jpg?fit=1200%2C400&ssl=1&resize=525%2C300 1.5x, https:\/\/i0.wp.com\/le-fort.org\/cocina\/wp-content\/uploads\/2012\/05\/pera-hd-1.jpg?fit=1200%2C400&ssl=1&resize=700%2C400 2x, https:\/\/i0.wp.com\/le-fort.org\/cocina\/wp-content\/uploads\/2012\/05\/pera-hd-1.jpg?fit=1200%2C400&ssl=1&resize=1050%2C600 3x"},"classes":[]}],"_links":{"self":[{"href":"https:\/\/le-fort.org\/cocina\/wp-json\/wp\/v2\/posts\/15572","targetHints":{"allow":["GET"]}}],"collection":[{"href":"https:\/\/le-fort.org\/cocina\/wp-json\/wp\/v2\/posts"}],"about":[{"href":"https:\/\/le-fort.org\/cocina\/wp-json\/wp\/v2\/types\/post"}],"author":[{"embeddable":true,"href":"https:\/\/le-fort.org\/cocina\/wp-json\/wp\/v2\/users\/1"}],"replies":[{"embeddable":true,"href":"https:\/\/le-fort.org\/cocina\/wp-json\/wp\/v2\/comments?post=15572"}],"version-history":[{"count":3,"href":"https:\/\/le-fort.org\/cocina\/wp-json\/wp\/v2\/posts\/15572\/revisions"}],"predecessor-version":[{"id":15576,"href":"https:\/\/le-fort.org\/cocina\/wp-json\/wp\/v2\/posts\/15572\/revisions\/15576"}],"wp:featuredmedia":[{"embeddable":true,"href":"https:\/\/le-fort.org\/cocina\/wp-json\/wp\/v2\/media\/6038"}],"wp:attachment":[{"href":"https:\/\/le-fort.org\/cocina\/wp-json\/wp\/v2\/media?parent=15572"}],"wp:term":[{"taxonomy":"category","embeddable":true,"href":"https:\/\/le-fort.org\/cocina\/wp-json\/wp\/v2\/categories?post=15572"},{"taxonomy":"post_tag","embeddable":true,"href":"https:\/\/le-fort.org\/cocina\/wp-json\/wp\/v2\/tags?post=15572"}],"curies":[{"name":"wp","href":"https:\/\/api.w.org\/{rel}","templated":true}]}}