{"id":15864,"date":"2020-11-20T21:53:22","date_gmt":"2020-11-21T02:53:22","guid":{"rendered":"https:\/\/www.gastronomico.org\/?p=15864"},"modified":"2021-11-20T22:18:31","modified_gmt":"2021-11-21T03:18:31","slug":"worldchefs-academy-en-espanol","status":"publish","type":"post","link":"https:\/\/le-fort.org\/cocina\/worldchefs-academy-en-espanol\/","title":{"rendered":"Worldchefs Academy en Espa\u00f1ol"},"content":{"rendered":"<p>La academia digital de Worldchefs, llamada <strong>Worldchefs Academy<\/strong>, est\u00e1 disponible en espa\u00f1ol.<\/p>\n<p><!--more--><\/p>\n<p>Por ahora est\u00e1 disponible en nuestro idioma el curso pre commis, que es un curso de nivel introductorio para quienes se inician en el tema culinario, y funciona muy bien para adquirir los rudimentos. Al completar el curso se obtiene un certificado digital y una insignia (badge).<\/p>\n<p><img data-recalc-dims=\"1\" loading=\"lazy\" decoding=\"async\" class=\"aligncenter size-thumbnail\" src=\"https:\/\/i0.wp.com\/new.worldchefsacademy.com\/wp-content\/uploads\/2019\/07\/world-chefs-academy-logo-large-1-1024x607.png?resize=1024%2C607&#038;ssl=1\" alt=\"Logo Worldchefs Academy\" width=\"1024\" height=\"607\" \/><\/p>\n<h2>Worldchefs Academy en Espa\u00f1ol<\/h2>\n<p>Para ingresar a la academia y crear una cuenta, <a href=\"https:\/\/app.worldchefsacademy.com\/?lang=es\" target=\"_blank\" rel=\"noopener\">el enlace es este<\/a>.<\/p>\n<p>El curso <em>pre commis<\/em> consta de 12 m\u00f3dulos: 11 de contenido y el n\u00famero 12 es la evaluaci\u00f3n para obtener el certificado.<\/p>\n<ol>\n<li>Fundamentos<\/li>\n<li>Profesionalismo<\/li>\n<li>Higiene y saneamiento<\/li>\n<li>Su puesto de trabajo<\/li>\n<li>Conceptos b\u00e1sicos de degustaci\u00f3n<\/li>\n<li>Equipo de cocina<\/li>\n<li>Grupos de alimentos b\u00e1sicos<\/li>\n<li>M\u00e9todos de cocina<\/li>\n<li>Seguridad alimentaria b\u00e1sica<\/li>\n<li>Nutrici\u00f3n y salud<\/li>\n<li>Hospitalidad y servicio al cliente<\/li>\n<li>Evaluaci\u00f3n<\/li>\n<\/ol>\n<p>Como podemos ver, es un curso de dise\u00f1o amplio, que cubre los principales temas para inciarnos por el camino de la cocina.<\/p>\n<p>Lo recomendamos y lo utilizamos en nuestros cursos en la universidad para estudiantes de primer semestre.<\/p>\n","protected":false},"excerpt":{"rendered":"<p>La academia digital de Worldchefs, llamada Worldchefs Academy, est\u00e1 disponible en espa\u00f1ol.<\/p>\n","protected":false},"author":1,"featured_media":15865,"comment_status":"closed","ping_status":"closed","sticky":false,"template":"","format":"standard","meta":{"_jetpack_newsletter_access":"","_jetpack_dont_email_post_to_subs":false,"_jetpack_newsletter_tier_id":0,"_jetpack_memberships_contains_paywalled_content":false,"_jetpack_memberships_contains_paid_content":false,"footnotes":""},"categories":[830],"tags":[904,789],"class_list":["post-15864","post","type-post","status-publish","format-standard","has-post-thumbnail","hentry","category-cursos","tag-pre-commis","tag-worldchefs","entry","has-media"],"jetpack_featured_media_url":"https:\/\/i0.wp.com\/le-fort.org\/cocina\/wp-content\/uploads\/2021\/11\/worldchefs-academy-pre-commis-hd.jpg?fit=1500%2C500&ssl=1","jetpack_shortlink":"https:\/\/wp.me\/pghKer-47S","jetpack_sharing_enabled":true,"jetpack-related-posts":[{"id":14187,"url":"https:\/\/le-fort.org\/cocina\/sostenibilidad-para-profesionales-culinarios-de-worldchefs\/","url_meta":{"origin":15864,"position":0},"title":"Sostenibilidad para Profesionales Culinarios, de WorldChefs","author":"Le-Fort.org","date":"14 de Junio, 2019","format":false,"excerpt":"Curso de Sostenibilidad para profesionales culinarios de WorldChefs, como parte de la iniciativa Feed the Planet: Desperdicio cero, energ\u00eda, agua, etc.","rel":"","context":"En &quot;Educaci\u00f3n&quot;","block_context":{"text":"Educaci\u00f3n","link":"https:\/\/le-fort.org\/cocina\/categoria\/educacion\/"},"img":{"alt_text":"","src":"https:\/\/i0.wp.com\/le-fort.org\/cocina\/wp-content\/uploads\/2018\/06\/wasser-hd.jpg?fit=1200%2C400&ssl=1&resize=350%2C200","width":350,"height":200,"srcset":"https:\/\/i0.wp.com\/le-fort.org\/cocina\/wp-content\/uploads\/2018\/06\/wasser-hd.jpg?fit=1200%2C400&ssl=1&resize=350%2C200 1x, https:\/\/i0.wp.com\/le-fort.org\/cocina\/wp-content\/uploads\/2018\/06\/wasser-hd.jpg?fit=1200%2C400&ssl=1&resize=525%2C300 1.5x, https:\/\/i0.wp.com\/le-fort.org\/cocina\/wp-content\/uploads\/2018\/06\/wasser-hd.jpg?fit=1200%2C400&ssl=1&resize=700%2C400 2x, https:\/\/i0.wp.com\/le-fort.org\/cocina\/wp-content\/uploads\/2018\/06\/wasser-hd.jpg?fit=1200%2C400&ssl=1&resize=1050%2C600 3x"},"classes":[]},{"id":15772,"url":"https:\/\/le-fort.org\/cocina\/curso-feed-the-planet-manta\/","url_meta":{"origin":15864,"position":1},"title":"Curso Feed the Planet Manta","author":"Le-Fort.org","date":"20 de Agosto, 2021","format":false,"excerpt":"Sostenibilidad para profesionales culinarios. Manta, gracias al GAD Manta y a la Escuela Gastron\u00f3mica de Manab\u00ed.","rel":"","context":"En &quot;Cursos&quot;","block_context":{"text":"Cursos","link":"https:\/\/le-fort.org\/cocina\/categoria\/cursos\/"},"img":{"alt_text":"","src":"https:\/\/i0.wp.com\/le-fort.org\/cocina\/wp-content\/uploads\/2021\/08\/feed-the-planet-hd.jpg?fit=1200%2C400&ssl=1&resize=350%2C200","width":350,"height":200,"srcset":"https:\/\/i0.wp.com\/le-fort.org\/cocina\/wp-content\/uploads\/2021\/08\/feed-the-planet-hd.jpg?fit=1200%2C400&ssl=1&resize=350%2C200 1x, https:\/\/i0.wp.com\/le-fort.org\/cocina\/wp-content\/uploads\/2021\/08\/feed-the-planet-hd.jpg?fit=1200%2C400&ssl=1&resize=525%2C300 1.5x, https:\/\/i0.wp.com\/le-fort.org\/cocina\/wp-content\/uploads\/2021\/08\/feed-the-planet-hd.jpg?fit=1200%2C400&ssl=1&resize=700%2C400 2x, https:\/\/i0.wp.com\/le-fort.org\/cocina\/wp-content\/uploads\/2021\/08\/feed-the-planet-hd.jpg?fit=1200%2C400&ssl=1&resize=1050%2C600 3x"},"classes":[]},{"id":12333,"url":"https:\/\/le-fort.org\/cocina\/guia-de-tecnicas-culinarias\/","url_meta":{"origin":15864,"position":2},"title":"Gu\u00eda de T\u00e9cnicas Culinarias: WorldCHEFS, Nestl\u00e9 y ACE","author":"Le-Fort.org","date":"12 de Abril, 2018","format":false,"excerpt":"La Gu\u00eda de T\u00e9cnicas Culinarias y nuestro granito de arena en su preparaci\u00f3n. Estamos felices y agradecidos de haber tenido la oportunidad de participar en este excelente proyecto.","rel":"","context":"En &quot;Educaci\u00f3n&quot;","block_context":{"text":"Educaci\u00f3n","link":"https:\/\/le-fort.org\/cocina\/categoria\/educacion\/"},"img":{"alt_text":"","src":"https:\/\/i0.wp.com\/le-fort.org\/cocina\/wp-content\/uploads\/2018\/04\/guia-hd.jpg?fit=1200%2C400&ssl=1&resize=350%2C200","width":350,"height":200,"srcset":"https:\/\/i0.wp.com\/le-fort.org\/cocina\/wp-content\/uploads\/2018\/04\/guia-hd.jpg?fit=1200%2C400&ssl=1&resize=350%2C200 1x, https:\/\/i0.wp.com\/le-fort.org\/cocina\/wp-content\/uploads\/2018\/04\/guia-hd.jpg?fit=1200%2C400&ssl=1&resize=525%2C300 1.5x, https:\/\/i0.wp.com\/le-fort.org\/cocina\/wp-content\/uploads\/2018\/04\/guia-hd.jpg?fit=1200%2C400&ssl=1&resize=700%2C400 2x, https:\/\/i0.wp.com\/le-fort.org\/cocina\/wp-content\/uploads\/2018\/04\/guia-hd.jpg?fit=1200%2C400&ssl=1&resize=1050%2C600 3x"},"classes":[]},{"id":14737,"url":"https:\/\/le-fort.org\/cocina\/heroes-de-la-comida-en-catamayo\/","url_meta":{"origin":15864,"position":3},"title":"H\u00e9roes de la Comida en Catamayo","author":"Le-Fort.org","date":"2 de Diciembre, 2019","format":false,"excerpt":"Taller H\u00e9roes de la Comida de Feed the Planet a trav\u00e9s de Worldchefs en Catamayo, Loja, Ecuador. Objetivos de Desarrollo Sostenible.","rel":"","context":"En &quot;Educaci\u00f3n&quot;","block_context":{"text":"Educaci\u00f3n","link":"https:\/\/le-fort.org\/cocina\/categoria\/educacion\/"},"img":{"alt_text":"H\u00e9roes de la comida. Catamayo, 2019","src":"https:\/\/i0.wp.com\/le-fort.org\/cocina\/wp-content\/uploads\/2019\/12\/heroes-hd.jpg?fit=1200%2C400&ssl=1&resize=350%2C200","width":350,"height":200,"srcset":"https:\/\/i0.wp.com\/le-fort.org\/cocina\/wp-content\/uploads\/2019\/12\/heroes-hd.jpg?fit=1200%2C400&ssl=1&resize=350%2C200 1x, https:\/\/i0.wp.com\/le-fort.org\/cocina\/wp-content\/uploads\/2019\/12\/heroes-hd.jpg?fit=1200%2C400&ssl=1&resize=525%2C300 1.5x, https:\/\/i0.wp.com\/le-fort.org\/cocina\/wp-content\/uploads\/2019\/12\/heroes-hd.jpg?fit=1200%2C400&ssl=1&resize=700%2C400 2x, https:\/\/i0.wp.com\/le-fort.org\/cocina\/wp-content\/uploads\/2019\/12\/heroes-hd.jpg?fit=1200%2C400&ssl=1&resize=1050%2C600 3x"},"classes":[]},{"id":16671,"url":"https:\/\/le-fort.org\/cocina\/feed-the-planet-portoviejo\/","url_meta":{"origin":15864,"position":4},"title":"Feed the Planet &#8211; Portoviejo","author":"Le-Fort.org","date":"24 de Julio, 2022","format":false,"excerpt":"Curso Feed the Planet en la Universidad T\u00e9cnica de Manab\u00ed, en Portoviejo.","rel":"","context":"En &quot;Educaci\u00f3n&quot;","block_context":{"text":"Educaci\u00f3n","link":"https:\/\/le-fort.org\/cocina\/categoria\/educacion\/"},"img":{"alt_text":"","src":"https:\/\/i0.wp.com\/le-fort.org\/cocina\/wp-content\/uploads\/2021\/08\/feed-the-planet-hd.jpg?fit=1200%2C400&ssl=1&resize=350%2C200","width":350,"height":200,"srcset":"https:\/\/i0.wp.com\/le-fort.org\/cocina\/wp-content\/uploads\/2021\/08\/feed-the-planet-hd.jpg?fit=1200%2C400&ssl=1&resize=350%2C200 1x, https:\/\/i0.wp.com\/le-fort.org\/cocina\/wp-content\/uploads\/2021\/08\/feed-the-planet-hd.jpg?fit=1200%2C400&ssl=1&resize=525%2C300 1.5x, https:\/\/i0.wp.com\/le-fort.org\/cocina\/wp-content\/uploads\/2021\/08\/feed-the-planet-hd.jpg?fit=1200%2C400&ssl=1&resize=700%2C400 2x, https:\/\/i0.wp.com\/le-fort.org\/cocina\/wp-content\/uploads\/2021\/08\/feed-the-planet-hd.jpg?fit=1200%2C400&ssl=1&resize=1050%2C600 3x"},"classes":[]},{"id":12422,"url":"https:\/\/le-fort.org\/cocina\/guia-de-tecnicas-culinarias-en-santa-elena\/","url_meta":{"origin":15864,"position":5},"title":"Presentaci\u00f3n de la Gu\u00eda de T\u00e9cnicas Culinarias en Santa Elena","author":"Le-Fort.org","date":"26 de Abril, 2018","format":false,"excerpt":"Tuvimos el placer de guiar la presentaci\u00f3n de la Gu\u00eda de T\u00e9cnicas Culinarias en la ciudad de Santa Elena","rel":"","context":"En &quot;General&quot;","block_context":{"text":"General","link":"https:\/\/le-fort.org\/cocina\/categoria\/general\/"},"img":{"alt_text":"","src":"https:\/\/i0.wp.com\/le-fort.org\/cocina\/wp-content\/uploads\/2018\/04\/guina-hd.jpg?fit=1200%2C400&ssl=1&resize=350%2C200","width":350,"height":200,"srcset":"https:\/\/i0.wp.com\/le-fort.org\/cocina\/wp-content\/uploads\/2018\/04\/guina-hd.jpg?fit=1200%2C400&ssl=1&resize=350%2C200 1x, https:\/\/i0.wp.com\/le-fort.org\/cocina\/wp-content\/uploads\/2018\/04\/guina-hd.jpg?fit=1200%2C400&ssl=1&resize=525%2C300 1.5x, https:\/\/i0.wp.com\/le-fort.org\/cocina\/wp-content\/uploads\/2018\/04\/guina-hd.jpg?fit=1200%2C400&ssl=1&resize=700%2C400 2x, https:\/\/i0.wp.com\/le-fort.org\/cocina\/wp-content\/uploads\/2018\/04\/guina-hd.jpg?fit=1200%2C400&ssl=1&resize=1050%2C600 3x"},"classes":[]}],"_links":{"self":[{"href":"https:\/\/le-fort.org\/cocina\/wp-json\/wp\/v2\/posts\/15864","targetHints":{"allow":["GET"]}}],"collection":[{"href":"https:\/\/le-fort.org\/cocina\/wp-json\/wp\/v2\/posts"}],"about":[{"href":"https:\/\/le-fort.org\/cocina\/wp-json\/wp\/v2\/types\/post"}],"author":[{"embeddable":true,"href":"https:\/\/le-fort.org\/cocina\/wp-json\/wp\/v2\/users\/1"}],"replies":[{"embeddable":true,"href":"https:\/\/le-fort.org\/cocina\/wp-json\/wp\/v2\/comments?post=15864"}],"version-history":[{"count":1,"href":"https:\/\/le-fort.org\/cocina\/wp-json\/wp\/v2\/posts\/15864\/revisions"}],"predecessor-version":[{"id":15866,"href":"https:\/\/le-fort.org\/cocina\/wp-json\/wp\/v2\/posts\/15864\/revisions\/15866"}],"wp:featuredmedia":[{"embeddable":true,"href":"https:\/\/le-fort.org\/cocina\/wp-json\/wp\/v2\/media\/15865"}],"wp:attachment":[{"href":"https:\/\/le-fort.org\/cocina\/wp-json\/wp\/v2\/media?parent=15864"}],"wp:term":[{"taxonomy":"category","embeddable":true,"href":"https:\/\/le-fort.org\/cocina\/wp-json\/wp\/v2\/categories?post=15864"},{"taxonomy":"post_tag","embeddable":true,"href":"https:\/\/le-fort.org\/cocina\/wp-json\/wp\/v2\/tags?post=15864"}],"curies":[{"name":"wp","href":"https:\/\/api.w.org\/{rel}","templated":true}]}}