{"id":16045,"date":"2020-05-07T15:02:29","date_gmt":"2020-05-07T20:02:29","guid":{"rendered":"https:\/\/pastry.science\/?p=168"},"modified":"2022-01-05T10:18:41","modified_gmt":"2022-01-05T15:18:41","slug":"crepes-suzette","status":"publish","type":"post","link":"https:\/\/le-fort.org\/cocina\/crepes-suzette\/","title":{"rendered":"Cr\u00eapes Suzette"},"content":{"rendered":"<p>Esta receta de <a href=\"https:\/\/loquecomemos.com\/crepes\/\">cr\u00eapes<\/a> con una salsa de naranja caramelizada son de fines del siglo XIX, y las historias sobre su origen incluyen a una mujer llamada Suzanne, cuyo diminutivo es Suzette. <!--more--><\/p>\n<p>Receta adaptada desde <em>Baking and pastry: mastering the art and craft<\/em> del CIA. P\u00e1gina 241.<\/p>\n<h2>Ingredientes<\/h2>\n<p>Para una porci\u00f3n<\/p>\n<ul>\n<li>7g az\u00facar granulada<\/li>\n<li>28g mantequilla<\/li>\n<li>7g ralladura de naranja<\/li>\n<li>60ml jugo de naranja<\/li>\n<li>3 cr\u00eapes de 15cm de di\u00e1metro<\/li>\n<li>15ml Grand Marnier u otro licor de narnaja<\/li>\n<li>15ml Brandy<\/li>\n<\/ul>\n<h2>Procedimiento<\/h2>\n<ol>\n<li>Fundir el az\u00facar en una sart\u00e9n precalentada<\/li>\n<li>Cuando comience a caramelizar, a\u00f1adir la mantequilla desde un borde de la sart\u00e9n y mover la sart\u00e9n hasta incorporar ambos productos.<\/li>\n<li>A\u00f1adir la ralladura de naranja y cocinar unos segundos<\/li>\n<li>A\u00f1adir el jugo de naranja, moviendo la sart\u00e9n hasta incorporar todo.<\/li>\n<li>Cubrir los cr\u00eapes con la salsa, poni\u00e9ndolos en la sart\u00e9n y luego reservando<\/li>\n<li>Retirar la sart\u00e9n del fuego, a\u00f1adir del Grand Marnier e incorporar<\/li>\n<li>A\u00f1adir el brandy y flambear, agitando hasta que la salsa espese<\/li>\n<li>Disponer las cr\u00eapes en pa\u00f1uelo en un plato, cubrir con la salsa y decorar.<\/li>\n<\/ol>\n<figure id=\"attachment_16212\" aria-describedby=\"caption-attachment-16212\" style=\"width: 600px\" class=\"wp-caption alignnone\"><img data-recalc-dims=\"1\" loading=\"lazy\" decoding=\"async\" data-attachment-id=\"16212\" data-permalink=\"https:\/\/le-fort.org\/cocina\/crepes-suzette\/hdr-17\/\" data-orig-file=\"https:\/\/i0.wp.com\/le-fort.org\/cocina\/wp-content\/uploads\/2020\/05\/suzette.jpg?fit=1920%2C947&amp;ssl=1\" data-orig-size=\"1920,947\" data-comments-opened=\"0\" data-image-meta=\"{&quot;aperture&quot;:&quot;2.2&quot;,&quot;credit&quot;:&quot;&quot;,&quot;camera&quot;:&quot;ANE-LX3&quot;,&quot;caption&quot;:&quot;hdr&quot;,&quot;created_timestamp&quot;:&quot;0&quot;,&quot;copyright&quot;:&quot;&quot;,&quot;focal_length&quot;:&quot;3.8&quot;,&quot;iso&quot;:&quot;250&quot;,&quot;shutter_speed&quot;:&quot;0.033333333333333&quot;,&quot;title&quot;:&quot;hdr&quot;,&quot;orientation&quot;:&quot;0&quot;}\" data-image-title=\"hdr\" data-image-description=\"\" data-image-caption=\"&lt;p&gt;hdr&lt;\/p&gt;\n\" data-large-file=\"https:\/\/i0.wp.com\/le-fort.org\/cocina\/wp-content\/uploads\/2020\/05\/suzette.jpg?fit=1200%2C592&amp;ssl=1\" class=\"size-medium wp-image-16212\" src=\"https:\/\/i0.wp.com\/www.le-fort.org\/wp-content\/uploads\/2020\/05\/suzette-600x296.jpg?resize=600%2C296&#038;ssl=1\" alt=\"\" width=\"600\" height=\"296\" srcset=\"https:\/\/i0.wp.com\/le-fort.org\/cocina\/wp-content\/uploads\/2020\/05\/suzette.jpg?resize=600%2C296&amp;ssl=1 600w, https:\/\/i0.wp.com\/le-fort.org\/cocina\/wp-content\/uploads\/2020\/05\/suzette.jpg?resize=1280%2C631&amp;ssl=1 1280w, https:\/\/i0.wp.com\/le-fort.org\/cocina\/wp-content\/uploads\/2020\/05\/suzette.jpg?resize=1536%2C758&amp;ssl=1 1536w, https:\/\/i0.wp.com\/le-fort.org\/cocina\/wp-content\/uploads\/2020\/05\/suzette.jpg?w=1920&amp;ssl=1 1920w\" sizes=\"auto, (max-width: 600px) 100vw, 600px\" \/><figcaption id=\"caption-attachment-16212\" class=\"wp-caption-text\">hdr<\/figcaption><\/figure>\n<h2>Video<\/h2>\n<p><span class=\"embed-youtube\" style=\"text-align:center; display: block;\"><iframe loading=\"lazy\" class=\"youtube-player\" width=\"1200\" height=\"675\" src=\"https:\/\/www.youtube.com\/embed\/kZyeNv7q3Pc?version=3&#038;rel=1&#038;showsearch=0&#038;showinfo=1&#038;iv_load_policy=1&#038;fs=1&#038;hl=es-CL&#038;autohide=2&#038;wmode=transparent\" allowfullscreen=\"true\" style=\"border:0;\" sandbox=\"allow-scripts allow-same-origin allow-popups allow-presentation allow-popups-to-escape-sandbox\"><\/iframe><\/span><\/p>\n<p><span class=\"embed-youtube\" style=\"text-align:center; display: block;\"><iframe loading=\"lazy\" class=\"youtube-player\" width=\"1200\" height=\"675\" src=\"https:\/\/www.youtube.com\/embed\/xwYvHN4k5cw?version=3&#038;rel=1&#038;showsearch=0&#038;showinfo=1&#038;iv_load_policy=1&#038;fs=1&#038;hl=es-CL&#038;autohide=2&#038;wmode=transparent\" allowfullscreen=\"true\" style=\"border:0;\" sandbox=\"allow-scripts allow-same-origin allow-popups allow-presentation allow-popups-to-escape-sandbox\"><\/iframe><\/span><\/p>\n","protected":false},"excerpt":{"rendered":"<p>Receta de cr\u00eapes Suzette, panqueques con salsa de naranja.<\/p>\n","protected":false},"author":2,"featured_media":16211,"comment_status":"open","ping_status":"open","sticky":false,"template":"","format":"standard","meta":{"_jetpack_newsletter_access":"","_jetpack_dont_email_post_to_subs":false,"_jetpack_newsletter_tier_id":0,"_jetpack_memberships_contains_paywalled_content":false,"_jetpack_memberships_contains_paid_content":false,"footnotes":""},"categories":[948],"tags":[953,643,98,356,941],"class_list":["post-16045","post","type-post","status-publish","format-standard","has-post-thumbnail","hentry","category-postres","tag-b1","tag-crepes","tag-naranja","tag-postres","tag-semana-7","entry","has-media"],"jetpack_featured_media_url":"https:\/\/i0.wp.com\/le-fort.org\/cocina\/wp-content\/uploads\/2020\/05\/suzette-hd.jpg?fit=1500%2C509&ssl=1","jetpack_shortlink":"https:\/\/wp.me\/pghKer-4aN","jetpack_sharing_enabled":true,"jetpack-related-posts":[{"id":7736,"url":"https:\/\/le-fort.org\/cocina\/curso-de-crepes\/","url_meta":{"origin":16045,"position":0},"title":"Curso de Cr\u00eapes","author":"Le-Fort.org","date":"4 de Abril, 2016","format":false,"excerpt":"Tuvimos el agrado de dictar un peque\u00f1o curso de cr\u00eapes a nuestros amigos de La Ideota Guesthouse de Salinas. El curso comenz\u00f3 con una receta b\u00e1sica de, que es una leve adaptaci\u00f3n de la receta de Julia Child: 3 huevos 3\/4 taza de agua 3\/4 taza de leche 1 taza\u2026","rel":"","context":"En &quot;Educaci\u00f3n&quot;","block_context":{"text":"Educaci\u00f3n","link":"https:\/\/le-fort.org\/cocina\/categoria\/educacion\/"},"img":{"alt_text":"","src":"https:\/\/i0.wp.com\/le-fort.org\/cocina\/wp-content\/uploads\/2016\/04\/crepes-hd.jpg?fit=1200%2C400&ssl=1&resize=350%2C200","width":350,"height":200,"srcset":"https:\/\/i0.wp.com\/le-fort.org\/cocina\/wp-content\/uploads\/2016\/04\/crepes-hd.jpg?fit=1200%2C400&ssl=1&resize=350%2C200 1x, https:\/\/i0.wp.com\/le-fort.org\/cocina\/wp-content\/uploads\/2016\/04\/crepes-hd.jpg?fit=1200%2C400&ssl=1&resize=525%2C300 1.5x, https:\/\/i0.wp.com\/le-fort.org\/cocina\/wp-content\/uploads\/2016\/04\/crepes-hd.jpg?fit=1200%2C400&ssl=1&resize=700%2C400 2x, https:\/\/i0.wp.com\/le-fort.org\/cocina\/wp-content\/uploads\/2016\/04\/crepes-hd.jpg?fit=1200%2C400&ssl=1&resize=1050%2C600 3x"},"classes":[]},{"id":158,"url":"https:\/\/le-fort.org\/cocina\/crepes\/","url_meta":{"origin":16045,"position":1},"title":"Cr\u00eapes","author":"Marell Rojas","date":"5 de Mayo, 2020","format":false,"excerpt":"Receta de cr\u00eapes adaptada desde Baking and pastry: mastering the art and craft del CIA.\u00a0P\u00e1gina 241","rel":"","context":"En &quot;Productos&quot;","block_context":{"text":"Productos","link":"https:\/\/le-fort.org\/cocina\/categoria\/productos\/"},"img":{"alt_text":"","src":"https:\/\/i0.wp.com\/le-fort.org\/cocina\/wp-content\/uploads\/2016\/04\/crepes-hd.jpg?fit=1200%2C400&ssl=1&resize=350%2C200","width":350,"height":200,"srcset":"https:\/\/i0.wp.com\/le-fort.org\/cocina\/wp-content\/uploads\/2016\/04\/crepes-hd.jpg?fit=1200%2C400&ssl=1&resize=350%2C200 1x, https:\/\/i0.wp.com\/le-fort.org\/cocina\/wp-content\/uploads\/2016\/04\/crepes-hd.jpg?fit=1200%2C400&ssl=1&resize=525%2C300 1.5x, https:\/\/i0.wp.com\/le-fort.org\/cocina\/wp-content\/uploads\/2016\/04\/crepes-hd.jpg?fit=1200%2C400&ssl=1&resize=700%2C400 2x, https:\/\/i0.wp.com\/le-fort.org\/cocina\/wp-content\/uploads\/2016\/04\/crepes-hd.jpg?fit=1200%2C400&ssl=1&resize=1050%2C600 3x"},"classes":[]},{"id":2092,"url":"https:\/\/le-fort.org\/cocina\/receta-panqueques\/","url_meta":{"origin":16045,"position":2},"title":"Panqueques o Cr\u00eapes","author":"Le-Fort.org","date":"1 de Septiembre, 2012","format":false,"excerpt":"Receta de panqueques (cr\u00eapes) ideales par aun desayuno, o para un almuerzo o una once\u2026 ideales para cuando quieras.","rel":"","context":"En &quot;Comida&quot;","block_context":{"text":"Comida","link":"https:\/\/le-fort.org\/cocina\/categoria\/cocina-comida\/"},"img":{"alt_text":"","src":"https:\/\/i0.wp.com\/le-fort.org\/cocina\/wp-content\/uploads\/2012\/09\/head.jpg?fit=1000%2C288&ssl=1&resize=350%2C200","width":350,"height":200,"srcset":"https:\/\/i0.wp.com\/le-fort.org\/cocina\/wp-content\/uploads\/2012\/09\/head.jpg?fit=1000%2C288&ssl=1&resize=350%2C200 1x, https:\/\/i0.wp.com\/le-fort.org\/cocina\/wp-content\/uploads\/2012\/09\/head.jpg?fit=1000%2C288&ssl=1&resize=525%2C300 1.5x, https:\/\/i0.wp.com\/le-fort.org\/cocina\/wp-content\/uploads\/2012\/09\/head.jpg?fit=1000%2C288&ssl=1&resize=700%2C400 2x"},"classes":[]},{"id":5755,"url":"https:\/\/le-fort.org\/cocina\/mille-crepe-de-ganache-de-nutella\/","url_meta":{"origin":16045,"position":3},"title":"Mille Cr\u00eape de Ganache de Nutella","author":"Le-Fort.org","date":"21 de Septiembre, 2014","format":false,"excerpt":"Mille Cr\u00eape de Ganache de Nutella, una torta r\u00e1pida y f\u00e1cil, sobre todo si eres bueno para hacer panqueques y te gusta la nutella. Pru\u00e9bala y cu\u00e9ntanos qu\u00e9 opinas.","rel":"","context":"En &quot;Chocolate&quot;","block_context":{"text":"Chocolate","link":"https:\/\/le-fort.org\/cocina\/categoria\/chocolate\/"},"img":{"alt_text":"","src":"https:\/\/i0.wp.com\/le-fort.org\/cocina\/wp-content\/uploads\/2014\/09\/mille-crepe-nutella-hd.jpg?fit=1200%2C400&ssl=1&resize=350%2C200","width":350,"height":200,"srcset":"https:\/\/i0.wp.com\/le-fort.org\/cocina\/wp-content\/uploads\/2014\/09\/mille-crepe-nutella-hd.jpg?fit=1200%2C400&ssl=1&resize=350%2C200 1x, https:\/\/i0.wp.com\/le-fort.org\/cocina\/wp-content\/uploads\/2014\/09\/mille-crepe-nutella-hd.jpg?fit=1200%2C400&ssl=1&resize=525%2C300 1.5x, https:\/\/i0.wp.com\/le-fort.org\/cocina\/wp-content\/uploads\/2014\/09\/mille-crepe-nutella-hd.jpg?fit=1200%2C400&ssl=1&resize=700%2C400 2x, https:\/\/i0.wp.com\/le-fort.org\/cocina\/wp-content\/uploads\/2014\/09\/mille-crepe-nutella-hd.jpg?fit=1200%2C400&ssl=1&resize=1050%2C600 3x"},"classes":[]},{"id":2061,"url":"https:\/\/le-fort.org\/cocina\/receta-de-brownies\/","url_meta":{"origin":16045,"position":4},"title":"Receta de Brownies B\u00e1sica y Chocolatosa","author":"Le-Fort.org","date":"2 de Agosto, 2012","format":false,"excerpt":"Los Brownies \u2013negritos en nuestro idioma\u2013 son un h\u00edbrido entre queque y \u00bfcaluga? de chocolate de origen estadounidense. Aqu\u00ed est\u00e1 la receta de los brownies de chocolate.","rel":"","context":"En &quot;Comida&quot;","block_context":{"text":"Comida","link":"https:\/\/le-fort.org\/cocina\/categoria\/cocina-comida\/"},"img":{"alt_text":"","src":"https:\/\/i0.wp.com\/le-fort.org\/cocina\/wp-content\/uploads\/2012\/08\/brownies-800x288.jpg?fit=800%2C288&ssl=1&resize=350%2C200","width":350,"height":200,"srcset":"https:\/\/i0.wp.com\/le-fort.org\/cocina\/wp-content\/uploads\/2012\/08\/brownies-800x288.jpg?fit=800%2C288&ssl=1&resize=350%2C200 1x, https:\/\/i0.wp.com\/le-fort.org\/cocina\/wp-content\/uploads\/2012\/08\/brownies-800x288.jpg?fit=800%2C288&ssl=1&resize=525%2C300 1.5x, https:\/\/i0.wp.com\/le-fort.org\/cocina\/wp-content\/uploads\/2012\/08\/brownies-800x288.jpg?fit=800%2C288&ssl=1&resize=700%2C400 2x"},"classes":[]},{"id":16048,"url":"https:\/\/le-fort.org\/cocina\/tartatletas-de-limon\/","url_meta":{"origin":16045,"position":5},"title":"Tartaletas de Lim\u00f3n","author":"Marell Rojas","date":"13 de Mayo, 2020","format":false,"excerpt":"Receta de tartaletas de lim\u00f3n","rel":"","context":"En &quot;Productos&quot;","block_context":{"text":"Productos","link":"https:\/\/le-fort.org\/cocina\/categoria\/productos\/"},"img":{"alt_text":"","src":"https:\/\/i0.wp.com\/le-fort.org\/cocina\/wp-content\/uploads\/2020\/05\/tarta-hd.jpg?fit=1200%2C400&ssl=1&resize=350%2C200","width":350,"height":200,"srcset":"https:\/\/i0.wp.com\/le-fort.org\/cocina\/wp-content\/uploads\/2020\/05\/tarta-hd.jpg?fit=1200%2C400&ssl=1&resize=350%2C200 1x, https:\/\/i0.wp.com\/le-fort.org\/cocina\/wp-content\/uploads\/2020\/05\/tarta-hd.jpg?fit=1200%2C400&ssl=1&resize=525%2C300 1.5x, https:\/\/i0.wp.com\/le-fort.org\/cocina\/wp-content\/uploads\/2020\/05\/tarta-hd.jpg?fit=1200%2C400&ssl=1&resize=700%2C400 2x, https:\/\/i0.wp.com\/le-fort.org\/cocina\/wp-content\/uploads\/2020\/05\/tarta-hd.jpg?fit=1200%2C400&ssl=1&resize=1050%2C600 3x"},"classes":[]}],"_links":{"self":[{"href":"https:\/\/le-fort.org\/cocina\/wp-json\/wp\/v2\/posts\/16045","targetHints":{"allow":["GET"]}}],"collection":[{"href":"https:\/\/le-fort.org\/cocina\/wp-json\/wp\/v2\/posts"}],"about":[{"href":"https:\/\/le-fort.org\/cocina\/wp-json\/wp\/v2\/types\/post"}],"author":[{"embeddable":true,"href":"https:\/\/le-fort.org\/cocina\/wp-json\/wp\/v2\/users\/2"}],"replies":[{"embeddable":true,"href":"https:\/\/le-fort.org\/cocina\/wp-json\/wp\/v2\/comments?post=16045"}],"version-history":[{"count":4,"href":"https:\/\/le-fort.org\/cocina\/wp-json\/wp\/v2\/posts\/16045\/revisions"}],"predecessor-version":[{"id":16323,"href":"https:\/\/le-fort.org\/cocina\/wp-json\/wp\/v2\/posts\/16045\/revisions\/16323"}],"wp:featuredmedia":[{"embeddable":true,"href":"https:\/\/le-fort.org\/cocina\/wp-json\/wp\/v2\/media\/16211"}],"wp:attachment":[{"href":"https:\/\/le-fort.org\/cocina\/wp-json\/wp\/v2\/media?parent=16045"}],"wp:term":[{"taxonomy":"category","embeddable":true,"href":"https:\/\/le-fort.org\/cocina\/wp-json\/wp\/v2\/categories?post=16045"},{"taxonomy":"post_tag","embeddable":true,"href":"https:\/\/le-fort.org\/cocina\/wp-json\/wp\/v2\/tags?post=16045"}],"curies":[{"name":"wp","href":"https:\/\/api.w.org\/{rel}","templated":true}]}}