{"id":16063,"date":"2021-04-01T19:30:03","date_gmt":"2021-04-02T00:30:03","guid":{"rendered":"https:\/\/pastry.science\/?p=339"},"modified":"2021-04-01T19:30:03","modified_gmt":"2021-04-02T00:30:03","slug":"repaso-moleculas-alimentarias","status":"publish","type":"post","link":"https:\/\/le-fort.org\/cocina\/repaso-moleculas-alimentarias\/","title":{"rendered":"Repaso Mol\u00e9culas Alimentarias"},"content":{"rendered":"<div class=\"google-slides-container\"><iframe loading=\"lazy\" style=\"background-color: #fff;\" src=\"https:\/\/docs.google.com\/presentation\/d\/e\/2PACX-1vSmsheWi5QoudfoVVv_uLT1HhN3Jz9O2iVjhF3vFlZQDMtnp7G9Ect1BBtXkmfhPNxxtlQyiaKxUTAD\/embed?start=false&amp;loop=false&amp;delayms=60000\" width=\"1015\" height=\"600\" frameborder=\"0\" allowfullscreen=\"allowfullscreen\"><\/iframe><\/div>\n","protected":false},"excerpt":{"rendered":"<p>Sobre todo, mol\u00e9culas de textura<\/p>\n","protected":false},"author":2,"featured_media":41,"comment_status":"open","ping_status":"open","sticky":false,"template":"","format":"standard","meta":{"_jetpack_newsletter_access":"","_jetpack_dont_email_post_to_subs":false,"_jetpack_newsletter_tier_id":0,"_jetpack_memberships_contains_paywalled_content":false,"_jetpack_memberships_contains_paid_content":false,"footnotes":""},"categories":[951],"tags":[953,932],"class_list":["post-16063","post","type-post","status-publish","format-standard","has-post-thumbnail","hentry","category-teoria","tag-b1","tag-semana-1","entry","has-media"],"jetpack_featured_media_url":"https:\/\/i0.wp.com\/le-fort.org\/cocina\/wp-content\/uploads\/2013\/04\/logo-texto-240.jpg?fit=240%2C240&ssl=1","jetpack_shortlink":"https:\/\/wp.me\/pghKer-4b5","jetpack_sharing_enabled":true,"jetpack-related-posts":[{"id":343,"url":"https:\/\/le-fort.org\/cocina\/cuatro-moleculas-alimentarias\/","url_meta":{"origin":16063,"position":0},"title":"Cuatro Mol\u00e9culas Alimentarias","author":"Rod","date":"21 de Julio, 2021","format":false,"excerpt":"Agua, Grasas, Carbohidratos, Prote\u00ednas.","rel":"","context":"En &quot;Mol\u00e9culas&quot;","block_context":{"text":"Mol\u00e9culas","link":"https:\/\/le-fort.org\/cocina\/categoria\/moleculas\/"},"img":{"alt_text":"","src":"https:\/\/i0.wp.com\/le-fort.org\/cocina\/wp-content\/uploads\/2021\/01\/ingredientes-hd.jpg?fit=960%2C351&ssl=1&resize=350%2C200","width":350,"height":200,"srcset":"https:\/\/i0.wp.com\/le-fort.org\/cocina\/wp-content\/uploads\/2021\/01\/ingredientes-hd.jpg?fit=960%2C351&ssl=1&resize=350%2C200 1x, https:\/\/i0.wp.com\/le-fort.org\/cocina\/wp-content\/uploads\/2021\/01\/ingredientes-hd.jpg?fit=960%2C351&ssl=1&resize=525%2C300 1.5x, https:\/\/i0.wp.com\/le-fort.org\/cocina\/wp-content\/uploads\/2021\/01\/ingredientes-hd.jpg?fit=960%2C351&ssl=1&resize=700%2C400 2x"},"classes":[]},{"id":15609,"url":"https:\/\/le-fort.org\/cocina\/ma\/","url_meta":{"origin":16063,"position":1},"title":"Mol\u00e9culas Alimentarias: Textura y Sabor","author":"Le-Fort.org","date":"28 de Abril, 2021","format":false,"excerpt":"Conferencia \"Mol\u00e9culas Alimentarias: Textura y sabor\" para el 49\u00b0 aniversario de la ESPOCH.","rel":"","context":"En &quot;Ciencia&quot;","block_context":{"text":"Ciencia","link":"https:\/\/le-fort.org\/cocina\/categoria\/ciencia\/"},"img":{"alt_text":"","src":"https:\/\/i0.wp.com\/le-fort.org\/cocina\/wp-content\/uploads\/2018\/11\/especias-lebkuchen-hd.jpg?fit=1200%2C400&ssl=1&resize=350%2C200","width":350,"height":200,"srcset":"https:\/\/i0.wp.com\/le-fort.org\/cocina\/wp-content\/uploads\/2018\/11\/especias-lebkuchen-hd.jpg?fit=1200%2C400&ssl=1&resize=350%2C200 1x, https:\/\/i0.wp.com\/le-fort.org\/cocina\/wp-content\/uploads\/2018\/11\/especias-lebkuchen-hd.jpg?fit=1200%2C400&ssl=1&resize=525%2C300 1.5x, https:\/\/i0.wp.com\/le-fort.org\/cocina\/wp-content\/uploads\/2018\/11\/especias-lebkuchen-hd.jpg?fit=1200%2C400&ssl=1&resize=700%2C400 2x, https:\/\/i0.wp.com\/le-fort.org\/cocina\/wp-content\/uploads\/2018\/11\/especias-lebkuchen-hd.jpg?fit=1200%2C400&ssl=1&resize=1050%2C600 3x"},"classes":[]},{"id":16064,"url":"https:\/\/le-fort.org\/cocina\/repaso-sistemas-coloidales\/","url_meta":{"origin":16063,"position":2},"title":"Repaso Sistemas Coloidales","author":"Marell Rojas","date":"3 de Abril, 2021","format":false,"excerpt":"Sistemas dispersos","rel":"","context":"En &quot;Teor\u00eda&quot;","block_context":{"text":"Teor\u00eda","link":"https:\/\/le-fort.org\/cocina\/categoria\/teoria\/"},"img":{"alt_text":"","src":"","width":0,"height":0},"classes":[]},{"id":192,"url":"https:\/\/le-fort.org\/cocina\/de-papas-fritas-y-pure\/","url_meta":{"origin":16063,"position":3},"title":"De Papas Fritas y Pur\u00e9","author":"Rod","date":"21 de Octubre, 2020","format":false,"excerpt":"Papas fritas y pur\u00e9 de papas, explicados.","rel":"","context":"En &quot;F\u00edsico Qu\u00edmica Alimentaria&quot;","block_context":{"text":"F\u00edsico Qu\u00edmica Alimentaria","link":"https:\/\/le-fort.org\/cocina\/categoria\/fisico-quimica-alimentaria\/"},"img":{"alt_text":"","src":"https:\/\/i0.wp.com\/img.youtube.com\/vi\/02DUKrMJwSA\/0.jpg?resize=350%2C200","width":350,"height":200},"classes":[]},{"id":470,"url":"https:\/\/le-fort.org\/cocina\/carbohidratos\/","url_meta":{"origin":16063,"position":4},"title":"Carbohidratos","author":"Rod","date":"12 de Agosto, 2021","format":false,"excerpt":"","rel":"","context":"En &quot;Mol\u00e9culas&quot;","block_context":{"text":"Mol\u00e9culas","link":"https:\/\/le-fort.org\/cocina\/categoria\/moleculas\/"},"img":{"alt_text":"","src":"https:\/\/i0.wp.com\/le-fort.org\/cocina\/wp-content\/uploads\/2020\/10\/masa-madre-hd.jpg?fit=1200%2C400&ssl=1&resize=350%2C200","width":350,"height":200,"srcset":"https:\/\/i0.wp.com\/le-fort.org\/cocina\/wp-content\/uploads\/2020\/10\/masa-madre-hd.jpg?fit=1200%2C400&ssl=1&resize=350%2C200 1x, https:\/\/i0.wp.com\/le-fort.org\/cocina\/wp-content\/uploads\/2020\/10\/masa-madre-hd.jpg?fit=1200%2C400&ssl=1&resize=525%2C300 1.5x, https:\/\/i0.wp.com\/le-fort.org\/cocina\/wp-content\/uploads\/2020\/10\/masa-madre-hd.jpg?fit=1200%2C400&ssl=1&resize=700%2C400 2x, https:\/\/i0.wp.com\/le-fort.org\/cocina\/wp-content\/uploads\/2020\/10\/masa-madre-hd.jpg?fit=1200%2C400&ssl=1&resize=1050%2C600 3x"},"classes":[]},{"id":466,"url":"https:\/\/le-fort.org\/cocina\/grasas\/","url_meta":{"origin":16063,"position":5},"title":"Grasas","author":"Rod","date":"12 de Agosto, 2021","format":false,"excerpt":"","rel":"","context":"En &quot;Mol\u00e9culas&quot;","block_context":{"text":"Mol\u00e9culas","link":"https:\/\/le-fort.org\/cocina\/categoria\/moleculas\/"},"img":{"alt_text":"","src":"","width":0,"height":0},"classes":[]}],"_links":{"self":[{"href":"https:\/\/le-fort.org\/cocina\/wp-json\/wp\/v2\/posts\/16063","targetHints":{"allow":["GET"]}}],"collection":[{"href":"https:\/\/le-fort.org\/cocina\/wp-json\/wp\/v2\/posts"}],"about":[{"href":"https:\/\/le-fort.org\/cocina\/wp-json\/wp\/v2\/types\/post"}],"author":[{"embeddable":true,"href":"https:\/\/le-fort.org\/cocina\/wp-json\/wp\/v2\/users\/2"}],"replies":[{"embeddable":true,"href":"https:\/\/le-fort.org\/cocina\/wp-json\/wp\/v2\/comments?post=16063"}],"version-history":[{"count":0,"href":"https:\/\/le-fort.org\/cocina\/wp-json\/wp\/v2\/posts\/16063\/revisions"}],"wp:featuredmedia":[{"embeddable":true,"href":"https:\/\/le-fort.org\/cocina\/wp-json\/wp\/v2\/media\/41"}],"wp:attachment":[{"href":"https:\/\/le-fort.org\/cocina\/wp-json\/wp\/v2\/media?parent=16063"}],"wp:term":[{"taxonomy":"category","embeddable":true,"href":"https:\/\/le-fort.org\/cocina\/wp-json\/wp\/v2\/categories?post=16063"},{"taxonomy":"post_tag","embeddable":true,"href":"https:\/\/le-fort.org\/cocina\/wp-json\/wp\/v2\/tags?post=16063"}],"curies":[{"name":"wp","href":"https:\/\/api.w.org\/{rel}","templated":true}]}}