{"id":16064,"date":"2021-04-03T09:49:04","date_gmt":"2021-04-03T14:49:04","guid":{"rendered":"https:\/\/pastry.science\/?p=349"},"modified":"2021-04-03T09:49:04","modified_gmt":"2021-04-03T14:49:04","slug":"repaso-sistemas-coloidales","status":"publish","type":"post","link":"https:\/\/le-fort.org\/cocina\/repaso-sistemas-coloidales\/","title":{"rendered":"Repaso Sistemas Coloidales"},"content":{"rendered":"<div class=\"google-slides-container\"><iframe loading=\"lazy\" src=\"https:\/\/docs.google.com\/presentation\/d\/e\/2PACX-1vRD_E8CMnFy6UcQLt6tmoxCpGVI4JmxCNYNeowkBmFwYlyN112NSqcVCRkc3ZtNorYM-PfkohADWlLY\/embed?start=false&amp;loop=false&amp;delayms=60000\" width=\"1015\" height=\"600\" frameborder=\"0\" allowfullscreen=\"allowfullscreen\"><span data-mce-type=\"bookmark\" style=\"display: inline-block; width: 0px; overflow: hidden; line-height: 0;\" class=\"mce_SELRES_start\"><\/span><\/iframe><\/div>\n","protected":false},"excerpt":{"rendered":"<p>Sistemas dispersos<\/p>\n","protected":false},"author":2,"featured_media":211,"comment_status":"open","ping_status":"open","sticky":false,"template":"","format":"standard","meta":{"_jetpack_newsletter_access":"","_jetpack_dont_email_post_to_subs":false,"_jetpack_newsletter_tier_id":0,"_jetpack_memberships_contains_paywalled_content":false,"_jetpack_memberships_contains_paid_content":false,"footnotes":""},"categories":[951],"tags":[953,932],"class_list":["post-16064","post","type-post","status-publish","format-standard","has-post-thumbnail","hentry","category-teoria","tag-b1","tag-semana-1","entry","has-media"],"jetpack_featured_media_url":"","jetpack_shortlink":"https:\/\/wp.me\/pghKer-4b6","jetpack_sharing_enabled":true,"jetpack-related-posts":[{"id":654,"url":"https:\/\/le-fort.org\/cocina\/sistemas-dispersos\/","url_meta":{"origin":16064,"position":0},"title":"Sistemas Dispersos","author":"Rod","date":"10 de Diciembre, 2021","format":false,"excerpt":"Ya hemos hablado de las soluciones. \u00bfQu\u00e9 pasa si las part\u00edculas de soluto crecen? Ya no es un soluto. Una soluci\u00f3n es un sistema homog\u00e9neo. Una dispersi\u00f3n o una suspensi\u00f3n no lo son.","rel":"","context":"En &quot;Coloides&quot;","block_context":{"text":"Coloides","link":"https:\/\/le-fort.org\/cocina\/categoria\/coloides\/"},"img":{"alt_text":"","src":"https:\/\/i0.wp.com\/le-fort.org\/cocina\/wp-content\/uploads\/2019\/06\/tartaletas-hd.jpg?fit=1200%2C400&ssl=1&resize=350%2C200","width":350,"height":200,"srcset":"https:\/\/i0.wp.com\/le-fort.org\/cocina\/wp-content\/uploads\/2019\/06\/tartaletas-hd.jpg?fit=1200%2C400&ssl=1&resize=350%2C200 1x, https:\/\/i0.wp.com\/le-fort.org\/cocina\/wp-content\/uploads\/2019\/06\/tartaletas-hd.jpg?fit=1200%2C400&ssl=1&resize=525%2C300 1.5x, https:\/\/i0.wp.com\/le-fort.org\/cocina\/wp-content\/uploads\/2019\/06\/tartaletas-hd.jpg?fit=1200%2C400&ssl=1&resize=700%2C400 2x, https:\/\/i0.wp.com\/le-fort.org\/cocina\/wp-content\/uploads\/2019\/06\/tartaletas-hd.jpg?fit=1200%2C400&ssl=1&resize=1050%2C600 3x"},"classes":[]},{"id":16063,"url":"https:\/\/le-fort.org\/cocina\/repaso-moleculas-alimentarias\/","url_meta":{"origin":16064,"position":1},"title":"Repaso Mol\u00e9culas Alimentarias","author":"Marell Rojas","date":"1 de Abril, 2021","format":false,"excerpt":"Sobre todo, mol\u00e9culas de textura","rel":"","context":"En &quot;Teor\u00eda&quot;","block_context":{"text":"Teor\u00eda","link":"https:\/\/le-fort.org\/cocina\/categoria\/teoria\/"},"img":{"alt_text":"","src":"https:\/\/i0.wp.com\/le-fort.org\/cocina\/wp-content\/uploads\/2013\/04\/logo-texto-240.jpg?fit=240%2C240&ssl=1&resize=350%2C200","width":350,"height":200},"classes":[]},{"id":16047,"url":"https:\/\/le-fort.org\/cocina\/masa-de-galletas-1-2-3\/","url_meta":{"origin":16064,"position":2},"title":"Masa de Galletas 1-2-3","author":"Marell Rojas","date":"10 de Mayo, 2020","format":false,"excerpt":"Receta de masa de galletas 1-2-3","rel":"","context":"En &quot;Productos&quot;","block_context":{"text":"Productos","link":"https:\/\/le-fort.org\/cocina\/categoria\/productos\/"},"img":{"alt_text":"","src":"","width":0,"height":0},"classes":[]},{"id":76,"url":"https:\/\/le-fort.org\/cocina\/pasteleria-del-mundo\/","url_meta":{"origin":16064,"position":3},"title":"Pasteler\u00eda del Mundo","author":"Marell Rojas","date":"6 de Abril, 2020","format":false,"excerpt":"Pasteles en el mapa","rel":"","context":"En &quot;General&quot;","block_context":{"text":"General","link":"https:\/\/le-fort.org\/cocina\/categoria\/general\/"},"img":{"alt_text":"","src":"https:\/\/i0.wp.com\/le-fort.org\/cocina\/wp-content\/uploads\/2018\/04\/IMG_9096-1.jpg?fit=1200%2C800&ssl=1&resize=350%2C200","width":350,"height":200,"srcset":"https:\/\/i0.wp.com\/le-fort.org\/cocina\/wp-content\/uploads\/2018\/04\/IMG_9096-1.jpg?fit=1200%2C800&ssl=1&resize=350%2C200 1x, https:\/\/i0.wp.com\/le-fort.org\/cocina\/wp-content\/uploads\/2018\/04\/IMG_9096-1.jpg?fit=1200%2C800&ssl=1&resize=525%2C300 1.5x, https:\/\/i0.wp.com\/le-fort.org\/cocina\/wp-content\/uploads\/2018\/04\/IMG_9096-1.jpg?fit=1200%2C800&ssl=1&resize=700%2C400 2x, https:\/\/i0.wp.com\/le-fort.org\/cocina\/wp-content\/uploads\/2018\/04\/IMG_9096-1.jpg?fit=1200%2C800&ssl=1&resize=1050%2C600 3x"},"classes":[]},{"id":362,"url":"https:\/\/le-fort.org\/cocina\/banoffee\/","url_meta":{"origin":16064,"position":4},"title":"Banoffee","author":"Marell Rojas","date":"9 de Abril, 2021","format":false,"excerpt":"Pie que combina guineo, dulce de leche, crema y caf\u00e9.","rel":"","context":"En &quot;Productos&quot;","block_context":{"text":"Productos","link":"https:\/\/le-fort.org\/cocina\/categoria\/productos\/"},"img":{"alt_text":"","src":"https:\/\/i0.wp.com\/le-fort.org\/cocina\/wp-content\/uploads\/2015\/02\/banoffee_hd.jpg?fit=1200%2C400&ssl=1&resize=350%2C200","width":350,"height":200,"srcset":"https:\/\/i0.wp.com\/le-fort.org\/cocina\/wp-content\/uploads\/2015\/02\/banoffee_hd.jpg?fit=1200%2C400&ssl=1&resize=350%2C200 1x, https:\/\/i0.wp.com\/le-fort.org\/cocina\/wp-content\/uploads\/2015\/02\/banoffee_hd.jpg?fit=1200%2C400&ssl=1&resize=525%2C300 1.5x, https:\/\/i0.wp.com\/le-fort.org\/cocina\/wp-content\/uploads\/2015\/02\/banoffee_hd.jpg?fit=1200%2C400&ssl=1&resize=700%2C400 2x, https:\/\/i0.wp.com\/le-fort.org\/cocina\/wp-content\/uploads\/2015\/02\/banoffee_hd.jpg?fit=1200%2C400&ssl=1&resize=1050%2C600 3x"},"classes":[]},{"id":9668,"url":"https:\/\/le-fort.org\/cocina\/gomitas\/","url_meta":{"origin":16064,"position":5},"title":"Gomitas","author":"Le-Fort.org","date":"27 de Septiembre, 2017","format":false,"excerpt":"Ejercicio de preparaci\u00f3n de gomitas (gominolas) de un MOOC que estamos tomando","rel":"","context":"En &quot;General&quot;","block_context":{"text":"General","link":"https:\/\/le-fort.org\/cocina\/categoria\/general\/"},"img":{"alt_text":"","src":"https:\/\/i0.wp.com\/le-fort.org\/cocina\/wp-content\/uploads\/2017\/09\/gomitas-hd.jpg?fit=1200%2C400&ssl=1&resize=350%2C200","width":350,"height":200,"srcset":"https:\/\/i0.wp.com\/le-fort.org\/cocina\/wp-content\/uploads\/2017\/09\/gomitas-hd.jpg?fit=1200%2C400&ssl=1&resize=350%2C200 1x, https:\/\/i0.wp.com\/le-fort.org\/cocina\/wp-content\/uploads\/2017\/09\/gomitas-hd.jpg?fit=1200%2C400&ssl=1&resize=525%2C300 1.5x, https:\/\/i0.wp.com\/le-fort.org\/cocina\/wp-content\/uploads\/2017\/09\/gomitas-hd.jpg?fit=1200%2C400&ssl=1&resize=700%2C400 2x, https:\/\/i0.wp.com\/le-fort.org\/cocina\/wp-content\/uploads\/2017\/09\/gomitas-hd.jpg?fit=1200%2C400&ssl=1&resize=1050%2C600 3x"},"classes":[]}],"_links":{"self":[{"href":"https:\/\/le-fort.org\/cocina\/wp-json\/wp\/v2\/posts\/16064","targetHints":{"allow":["GET"]}}],"collection":[{"href":"https:\/\/le-fort.org\/cocina\/wp-json\/wp\/v2\/posts"}],"about":[{"href":"https:\/\/le-fort.org\/cocina\/wp-json\/wp\/v2\/types\/post"}],"author":[{"embeddable":true,"href":"https:\/\/le-fort.org\/cocina\/wp-json\/wp\/v2\/users\/2"}],"replies":[{"embeddable":true,"href":"https:\/\/le-fort.org\/cocina\/wp-json\/wp\/v2\/comments?post=16064"}],"version-history":[{"count":0,"href":"https:\/\/le-fort.org\/cocina\/wp-json\/wp\/v2\/posts\/16064\/revisions"}],"wp:featuredmedia":[{"embeddable":true,"href":"https:\/\/le-fort.org\/cocina\/wp-json\/wp\/v2\/posts\/211"}],"wp:attachment":[{"href":"https:\/\/le-fort.org\/cocina\/wp-json\/wp\/v2\/media?parent=16064"}],"wp:term":[{"taxonomy":"category","embeddable":true,"href":"https:\/\/le-fort.org\/cocina\/wp-json\/wp\/v2\/categories?post=16064"},{"taxonomy":"post_tag","embeddable":true,"href":"https:\/\/le-fort.org\/cocina\/wp-json\/wp\/v2\/tags?post=16064"}],"curies":[{"name":"wp","href":"https:\/\/api.w.org\/{rel}","templated":true}]}}