{"id":16065,"date":"2020-05-31T19:08:34","date_gmt":"2020-06-01T00:08:34","guid":{"rendered":"https:\/\/pastry.science\/?p=500"},"modified":"2021-12-14T22:22:27","modified_gmt":"2021-12-15T03:22:27","slug":"emplatado","status":"publish","type":"post","link":"https:\/\/le-fort.org\/cocina\/emplatado\/","title":{"rendered":"Emplatado"},"content":{"rendered":"<p>Recordemos brevemente <a href=\"https:\/\/www.le-fort.org\/emplatado\/\">los fundamentos del emplatado<\/a>.<\/p>\n<p><!--more--><\/p>\n<h2>Videos<\/h2>\n<p>Algunos videos recopilatorios con ideas para dulce y sal<\/p>\n<p><span class=\"embed-youtube\" style=\"text-align:center; display: block;\"><iframe loading=\"lazy\" class=\"youtube-player\" width=\"1200\" height=\"675\" src=\"https:\/\/www.youtube.com\/embed\/8VdDnKBGJ6Q?version=3&#038;rel=1&#038;showsearch=0&#038;showinfo=1&#038;iv_load_policy=1&#038;fs=1&#038;hl=es-CL&#038;autohide=2&#038;wmode=transparent\" allowfullscreen=\"true\" style=\"border:0;\" sandbox=\"allow-scripts allow-same-origin allow-popups allow-presentation allow-popups-to-escape-sandbox\"><\/iframe><\/span><\/p>\n<p><span class=\"embed-youtube\" style=\"text-align:center; display: block;\"><iframe loading=\"lazy\" class=\"youtube-player\" width=\"1200\" height=\"675\" src=\"https:\/\/www.youtube.com\/embed\/3No26mkcu8I?version=3&#038;rel=1&#038;showsearch=0&#038;showinfo=1&#038;iv_load_policy=1&#038;fs=1&#038;hl=es-CL&#038;autohide=2&#038;wmode=transparent\" allowfullscreen=\"true\" style=\"border:0;\" sandbox=\"allow-scripts allow-same-origin allow-popups allow-presentation allow-popups-to-escape-sandbox\"><\/iframe><\/span><\/p>\n<p><span class=\"embed-youtube\" style=\"text-align:center; display: block;\"><iframe loading=\"lazy\" class=\"youtube-player\" width=\"1200\" height=\"675\" src=\"https:\/\/www.youtube.com\/embed\/DTwJMuxpd2U?version=3&#038;rel=1&#038;showsearch=0&#038;showinfo=1&#038;iv_load_policy=1&#038;fs=1&#038;hl=es-CL&#038;autohide=2&#038;wmode=transparent\" allowfullscreen=\"true\" style=\"border:0;\" sandbox=\"allow-scripts allow-same-origin allow-popups allow-presentation allow-popups-to-escape-sandbox\"><\/iframe><\/span><\/p>\n<p>&nbsp;<\/p>\n","protected":false},"excerpt":{"rendered":"<p>Consideraciones de presentaci\u00f3n<\/p>\n","protected":false},"author":2,"featured_media":0,"comment_status":"open","ping_status":"open","sticky":false,"template":"","format":"standard","meta":{"_jetpack_newsletter_access":"","_jetpack_dont_email_post_to_subs":false,"_jetpack_newsletter_tier_id":0,"_jetpack_memberships_contains_paywalled_content":false,"_jetpack_memberships_contains_paid_content":false,"footnotes":""},"categories":[1],"tags":[954,933],"class_list":["post-16065","post","type-post","status-publish","format-standard","hentry","category-general","tag-b2","tag-semana-10","entry"],"jetpack_featured_media_url":"","jetpack_shortlink":"https:\/\/wp.me\/pghKer-4b7","jetpack_sharing_enabled":true,"jetpack-related-posts":[{"id":521,"url":"https:\/\/le-fort.org\/cocina\/berlines\/","url_meta":{"origin":16065,"position":0},"title":"Berlines","author":"Marell Rojas","date":"5 de Julio, 2021","format":false,"excerpt":"\u00bfCu\u00e1l es tu relleno preferido?","rel":"","context":"En &quot;General&quot;","block_context":{"text":"General","link":"https:\/\/le-fort.org\/cocina\/categoria\/general\/"},"img":{"alt_text":"","src":"https:\/\/i0.wp.com\/img.youtube.com\/vi\/-fQ2jmnRDVU\/0.jpg?resize=350%2C200","width":350,"height":200},"classes":[]},{"id":445,"url":"https:\/\/le-fort.org\/cocina\/apfelstrudel\/","url_meta":{"origin":16065,"position":1},"title":"Apfelstrudel","author":"Marell Rojas","date":"12 de Mayo, 2021","format":false,"excerpt":"El Apfelstrudel, o strudel de manzana es un cl\u00e1sico de la pasteler\u00eda austr\u00edaca y alemana. La receta de la masa de Strudel se encuentra en la p\u00e1gina 243 de la bibliograf\u00eda b\u00e1sica. La receta del Apfelstrudel se encuentra en la p\u00e1gina 664 de la bibliograf\u00eda. El strudel es interesante porque\u2026","rel":"","context":"En &quot;Masas&quot;","block_context":{"text":"Masas","link":"https:\/\/le-fort.org\/cocina\/categoria\/masas\/"},"img":{"alt_text":"Cuadro Batalla de Kahlenberg, 1683","src":"https:\/\/upload.wikimedia.org\/wikipedia\/commons\/thumb\/4\/4c\/Anonym_Entsatz_Wien_1683.jpg\/1024px-Anonym_Entsatz_Wien_1683.jpg","width":350,"height":200,"srcset":"https:\/\/upload.wikimedia.org\/wikipedia\/commons\/thumb\/4\/4c\/Anonym_Entsatz_Wien_1683.jpg\/1024px-Anonym_Entsatz_Wien_1683.jpg 1x, https:\/\/upload.wikimedia.org\/wikipedia\/commons\/thumb\/4\/4c\/Anonym_Entsatz_Wien_1683.jpg\/1024px-Anonym_Entsatz_Wien_1683.jpg 1.5x, https:\/\/upload.wikimedia.org\/wikipedia\/commons\/thumb\/4\/4c\/Anonym_Entsatz_Wien_1683.jpg\/1024px-Anonym_Entsatz_Wien_1683.jpg 2x"},"classes":[]},{"id":167,"url":"https:\/\/le-fort.org\/cocina\/que-es-cocinar\/","url_meta":{"origin":16065,"position":2},"title":"\u00bfQu\u00e9 es Cocinar?","author":"Rod","date":"9 de Octubre, 2020","format":false,"excerpt":"\u00bfQu\u00e9 es cocinar y qu\u00e9 no lo es?","rel":"","context":"En &quot;F\u00edsico Qu\u00edmica Alimentaria&quot;","block_context":{"text":"F\u00edsico Qu\u00edmica Alimentaria","link":"https:\/\/le-fort.org\/cocina\/categoria\/fisico-quimica-alimentaria\/"},"img":{"alt_text":"","src":"https:\/\/i0.wp.com\/le-fort.org\/cocina\/wp-content\/uploads\/2020\/10\/esferificacion-hd.jpg?fit=1200%2C400&ssl=1&resize=350%2C200","width":350,"height":200,"srcset":"https:\/\/i0.wp.com\/le-fort.org\/cocina\/wp-content\/uploads\/2020\/10\/esferificacion-hd.jpg?fit=1200%2C400&ssl=1&resize=350%2C200 1x, https:\/\/i0.wp.com\/le-fort.org\/cocina\/wp-content\/uploads\/2020\/10\/esferificacion-hd.jpg?fit=1200%2C400&ssl=1&resize=525%2C300 1.5x, https:\/\/i0.wp.com\/le-fort.org\/cocina\/wp-content\/uploads\/2020\/10\/esferificacion-hd.jpg?fit=1200%2C400&ssl=1&resize=700%2C400 2x, https:\/\/i0.wp.com\/le-fort.org\/cocina\/wp-content\/uploads\/2020\/10\/esferificacion-hd.jpg?fit=1200%2C400&ssl=1&resize=1050%2C600 3x"},"classes":[]},{"id":16066,"url":"https:\/\/le-fort.org\/cocina\/trampantojos\/","url_meta":{"origin":16065,"position":3},"title":"Trampantojos","author":"Marell Rojas","date":"1 de Julio, 2020","format":false,"excerpt":"Enga\u00f1o al ojo pero no al paladar","rel":"","context":"En &quot;T\u00e9cnica&quot;","block_context":{"text":"T\u00e9cnica","link":"https:\/\/le-fort.org\/cocina\/categoria\/tecnica\/"},"img":{"alt_text":"","src":"https:\/\/i0.wp.com\/img.youtube.com\/vi\/_FMlKUHlqd8\/0.jpg?resize=350%2C200","width":350,"height":200},"classes":[]},{"id":463,"url":"https:\/\/le-fort.org\/cocina\/preparaciones-con-hojaldre\/","url_meta":{"origin":16065,"position":4},"title":"Preparaciones con Hojaldre","author":"Marell Rojas","date":"8 de Julio, 2020","format":false,"excerpt":"Ejemplos de la versatilidad del hojaldre","rel":"","context":"En &quot;Masas&quot;","block_context":{"text":"Masas","link":"https:\/\/le-fort.org\/cocina\/categoria\/masas\/"},"img":{"alt_text":"","src":"https:\/\/i0.wp.com\/img.youtube.com\/vi\/-CiS6LSNGfI\/0.jpg?resize=350%2C200","width":350,"height":200},"classes":[]},{"id":16052,"url":"https:\/\/le-fort.org\/cocina\/torta-opera-2\/","url_meta":{"origin":16065,"position":5},"title":"Torta Opera","author":"Marell Rojas","date":"15 de Mayo, 2020","format":false,"excerpt":"Torta Opera parisina.","rel":"","context":"En &quot;Tortas&quot;","block_context":{"text":"Tortas","link":"https:\/\/le-fort.org\/cocina\/categoria\/tortas\/"},"img":{"alt_text":"","src":"https:\/\/i0.wp.com\/img.youtube.com\/vi\/EhUdwAuJJaQ\/0.jpg?resize=350%2C200","width":350,"height":200},"classes":[]}],"_links":{"self":[{"href":"https:\/\/le-fort.org\/cocina\/wp-json\/wp\/v2\/posts\/16065","targetHints":{"allow":["GET"]}}],"collection":[{"href":"https:\/\/le-fort.org\/cocina\/wp-json\/wp\/v2\/posts"}],"about":[{"href":"https:\/\/le-fort.org\/cocina\/wp-json\/wp\/v2\/types\/post"}],"author":[{"embeddable":true,"href":"https:\/\/le-fort.org\/cocina\/wp-json\/wp\/v2\/users\/2"}],"replies":[{"embeddable":true,"href":"https:\/\/le-fort.org\/cocina\/wp-json\/wp\/v2\/comments?post=16065"}],"version-history":[{"count":1,"href":"https:\/\/le-fort.org\/cocina\/wp-json\/wp\/v2\/posts\/16065\/revisions"}],"predecessor-version":[{"id":16118,"href":"https:\/\/le-fort.org\/cocina\/wp-json\/wp\/v2\/posts\/16065\/revisions\/16118"}],"wp:attachment":[{"href":"https:\/\/le-fort.org\/cocina\/wp-json\/wp\/v2\/media?parent=16065"}],"wp:term":[{"taxonomy":"category","embeddable":true,"href":"https:\/\/le-fort.org\/cocina\/wp-json\/wp\/v2\/categories?post=16065"},{"taxonomy":"post_tag","embeddable":true,"href":"https:\/\/le-fort.org\/cocina\/wp-json\/wp\/v2\/tags?post=16065"}],"curies":[{"name":"wp","href":"https:\/\/api.w.org\/{rel}","templated":true}]}}