{"id":16067,"date":"2021-04-03T18:15:15","date_gmt":"2021-04-03T23:15:15","guid":{"rendered":"https:\/\/pastry.science\/?p=353"},"modified":"2021-04-03T18:15:15","modified_gmt":"2021-04-03T23:15:15","slug":"creme-anglaise","status":"publish","type":"post","link":"https:\/\/le-fort.org\/cocina\/creme-anglaise\/","title":{"rendered":"Cr\u00e8me Anglaise"},"content":{"rendered":"<p>&nbsp;<\/p>\n<p>La crema inglesa, o simplemente salsa de vainilla es la base de un sinn\u00famero de preparaciones en pasteler\u00eda: desde su uso como salsa hasta la base para <em>mousses<\/em>, helados y otras preparaciones.<\/p>\n<p><!--more--><\/p>\n<p>Es delicada, ya que no se puede calentar sobre los 85\u00b0C porque se rompe la emulsi\u00f3n. Es por esto que requiere cuidado, e idealmente un term\u00f3metro.<\/p>\n<p>Adaptada desde The Culinary Institute of America (autor); (2016) <em>Baking and Pastry: Mastering the art and craft<\/em>. Wiley, p. 497.<\/p>\n<h2>Ingredientes<\/h2>\n<p>Para 300g aprox.<\/p>\n<ul>\n<li>90g leche entera<\/li>\n<li>90gr crema de leche 35% grasa<\/li>\n<li>1g sal<\/li>\n<li>45g az\u00facar<\/li>\n<li>55g yemas (4 yemas, aprox.)<\/li>\n<li>3ml extracto de vainilla<\/li>\n<\/ul>\n<h2>Procedimiento<\/h2>\n<ol>\n<li>Combinar leche, crema, sal y la mitad del az\u00facar en un cazo no reactivo y llevar a hervor, revolviendo para disolver el az\u00facar.<\/li>\n<li>Combinar las yemas con el resto del az\u00facar con un batidor franc\u00e9s<\/li>\n<li>Temperar las yemas con 1\/3 de la leche caliente, batiendo constantemente<\/li>\n<li>Verter las yemas temperadas de vuelta al cazo y cocinar a intensidad baja\/media hasta que la crema llegue a los 82\u00b0C o espese hasta napar el dorso de una cuchara.<\/li>\n<li>Cernir sobre un ba\u00f1o Mar\u00eda inverso, y dejar enfriar hasta 4\u00b0C, revolviendo para asegurar un enfriamiento parejo<\/li>\n<li>Filmar a piel y almacenar en refrigeraci\u00f3n.<\/li>\n<\/ol>\n<h2>Variaciones<\/h2>\n<ul>\n<li><strong>Canela<\/strong>: a\u00f1adir un palito de canela a la leche al hervir. Remover del calor y dejar 10 minutos en infusi\u00f3n. cernir a un cazo limpio y continuar desde el punto 2 del procedimiento.<\/li>\n<li><strong>Caf\u00e9<\/strong>: a\u00f1adir 15g de caf\u00e9 molido grueso a la leche al hervir. Remover del calor y dejar 10 minutos en infusi\u00f3n. cernir a un cazo limpio y continuar desde el punto 2 del procedimiento.<\/li>\n<li><strong>Lim\u00f3n<\/strong>: a\u00f1adir 15g de flavedo d elim\u00f3n rallado a la leche al hervir. Remover del calor y dejar 10 minutos en infusi\u00f3n. cernir a un cazo limpio y continuar desde el punto 2 del procedimiento.<\/li>\n<li><strong>Salsa de man\u00ed<\/strong>: a\u00f1adir 75g mantequilla de man\u00ed cremosa o pasta de man\u00ed a 300g de crema inglesa. Mezclar con una batidora de inmersi\u00f3n, filmar a piel y refrigerar<\/li>\n<\/ul>\n<h2><em>Sous vide<\/em><\/h2>\n<p>Se puede preparar crema inglesa mediante el m\u00e9todo sous vide: 85\u00b0C 1hr.<\/p>\n<p><span class=\"embed-youtube\" style=\"text-align:center; display: block;\"><iframe loading=\"lazy\" class=\"youtube-player\" width=\"1200\" height=\"675\" src=\"https:\/\/www.youtube.com\/embed\/uIlZQGW9dS4?version=3&#038;rel=1&#038;showsearch=0&#038;showinfo=1&#038;iv_load_policy=1&#038;fs=1&#038;hl=es-CL&#038;autohide=2&#038;wmode=transparent\" allowfullscreen=\"true\" style=\"border:0;\" sandbox=\"allow-scripts allow-same-origin allow-popups allow-presentation allow-popups-to-escape-sandbox\"><\/iframe><\/span><\/p>\n<h2>Videos<\/h2>\n<p><span class=\"embed-youtube\" style=\"text-align:center; display: block;\"><iframe loading=\"lazy\" class=\"youtube-player\" width=\"1200\" height=\"675\" src=\"https:\/\/www.youtube.com\/embed\/kOrc9E3VCbk?version=3&#038;rel=1&#038;showsearch=0&#038;showinfo=1&#038;iv_load_policy=1&#038;fs=1&#038;hl=es-CL&#038;autohide=2&#038;wmode=transparent\" allowfullscreen=\"true\" style=\"border:0;\" sandbox=\"allow-scripts allow-same-origin allow-popups allow-presentation allow-popups-to-escape-sandbox\"><\/iframe><\/span><\/p>\n<p>&nbsp;<\/p>\n<p><span class=\"embed-youtube\" style=\"text-align:center; display: block;\"><iframe loading=\"lazy\" class=\"youtube-player\" width=\"1200\" height=\"675\" src=\"https:\/\/www.youtube.com\/embed\/v5php-jW_Ig?version=3&#038;rel=1&#038;showsearch=0&#038;showinfo=1&#038;iv_load_policy=1&#038;fs=1&#038;hl=es-CL&#038;autohide=2&#038;wmode=transparent\" allowfullscreen=\"true\" style=\"border:0;\" sandbox=\"allow-scripts allow-same-origin allow-popups allow-presentation allow-popups-to-escape-sandbox\"><\/iframe><\/span><\/p>\n<p><span class=\"embed-youtube\" style=\"text-align:center; display: block;\"><iframe loading=\"lazy\" class=\"youtube-player\" width=\"1200\" height=\"675\" src=\"https:\/\/www.youtube.com\/embed\/tWuUdYH31p4?version=3&#038;rel=1&#038;showsearch=0&#038;showinfo=1&#038;iv_load_policy=1&#038;fs=1&#038;hl=es-CL&#038;autohide=2&#038;wmode=transparent\" allowfullscreen=\"true\" style=\"border:0;\" sandbox=\"allow-scripts allow-same-origin allow-popups allow-presentation allow-popups-to-escape-sandbox\"><\/iframe><\/span><\/p>\n<h2>Relacionado<\/h2>\n<p>Revisar esta receta de <a href=\"https:\/\/www.directoalpaladar.com\/postres\/como-hacer-las-famosas-yemas-de-santa-teresa\" target=\"_blank\" rel=\"noopener\">yemas de Santa Teresa<\/a> y discutir las similitudes y diferencias que tiene con la crema inglesa desde lo culinario y desde la f\u00edsico qu\u00edmica.<\/p>\n","protected":false},"excerpt":{"rendered":"<p>Una de las bases de la pasteler\u00eda<\/p>\n","protected":false},"author":2,"featured_media":80,"comment_status":"open","ping_status":"open","sticky":false,"template":"","format":"standard","meta":{"_jetpack_newsletter_access":"","_jetpack_dont_email_post_to_subs":false,"_jetpack_newsletter_tier_id":0,"_jetpack_memberships_contains_paywalled_content":false,"_jetpack_memberships_contains_paid_content":false,"footnotes":""},"categories":[949],"tags":[953,900,932,864],"class_list":["post-16067","post","type-post","status-publish","format-standard","has-post-thumbnail","hentry","category-productos","tag-b1","tag-cremas","tag-semana-1","tag-vainilla","entry","has-media"],"jetpack_featured_media_url":"https:\/\/i0.wp.com\/le-fort.org\/cocina\/wp-content\/uploads\/2018\/04\/2018-02-15-09.32.32.jpg?fit=4160%2C2340&ssl=1","jetpack_shortlink":"https:\/\/wp.me\/pghKer-4b9","jetpack_sharing_enabled":true,"jetpack-related-posts":[{"id":15825,"url":"https:\/\/le-fort.org\/cocina\/crema-inglesa\/","url_meta":{"origin":16067,"position":0},"title":"Crema Inglesa","author":"Le-Fort.org","date":"24 de Octubre, 2021","format":false,"excerpt":"Receta cl\u00e1sica de crema inglesa para pasteler\u00eda. Es f\u00e1cil pero requiere cuidado. Crema, yemas, vainilla y az\u00facar. Temperado.","rel":"","context":"En &quot;Pasteler\u00eda&quot;","block_context":{"text":"Pasteler\u00eda","link":"https:\/\/le-fort.org\/cocina\/categoria\/pasteleria\/"},"img":{"alt_text":"","src":"https:\/\/i0.wp.com\/le-fort.org\/cocina\/wp-content\/uploads\/2016\/08\/vainilla-hd.jpg?fit=1200%2C400&ssl=1&resize=350%2C200","width":350,"height":200,"srcset":"https:\/\/i0.wp.com\/le-fort.org\/cocina\/wp-content\/uploads\/2016\/08\/vainilla-hd.jpg?fit=1200%2C400&ssl=1&resize=350%2C200 1x, https:\/\/i0.wp.com\/le-fort.org\/cocina\/wp-content\/uploads\/2016\/08\/vainilla-hd.jpg?fit=1200%2C400&ssl=1&resize=525%2C300 1.5x, https:\/\/i0.wp.com\/le-fort.org\/cocina\/wp-content\/uploads\/2016\/08\/vainilla-hd.jpg?fit=1200%2C400&ssl=1&resize=700%2C400 2x, https:\/\/i0.wp.com\/le-fort.org\/cocina\/wp-content\/uploads\/2016\/08\/vainilla-hd.jpg?fit=1200%2C400&ssl=1&resize=1050%2C600 3x"},"classes":[]},{"id":16046,"url":"https:\/\/le-fort.org\/cocina\/crema-pastelera\/","url_meta":{"origin":16067,"position":1},"title":"Crema Pastelera","author":"Marell Rojas","date":"8 de Mayo, 2020","format":false,"excerpt":"Receta de la crema pastelera","rel":"","context":"En &quot;Productos&quot;","block_context":{"text":"Productos","link":"https:\/\/le-fort.org\/cocina\/categoria\/productos\/"},"img":{"alt_text":"","src":"https:\/\/i0.wp.com\/le-fort.org\/cocina\/wp-content\/uploads\/2020\/10\/masa-madre-hd.jpg?fit=1200%2C400&ssl=1&resize=350%2C200","width":350,"height":200,"srcset":"https:\/\/i0.wp.com\/le-fort.org\/cocina\/wp-content\/uploads\/2020\/10\/masa-madre-hd.jpg?fit=1200%2C400&ssl=1&resize=350%2C200 1x, https:\/\/i0.wp.com\/le-fort.org\/cocina\/wp-content\/uploads\/2020\/10\/masa-madre-hd.jpg?fit=1200%2C400&ssl=1&resize=525%2C300 1.5x, https:\/\/i0.wp.com\/le-fort.org\/cocina\/wp-content\/uploads\/2020\/10\/masa-madre-hd.jpg?fit=1200%2C400&ssl=1&resize=700%2C400 2x, https:\/\/i0.wp.com\/le-fort.org\/cocina\/wp-content\/uploads\/2020\/10\/masa-madre-hd.jpg?fit=1200%2C400&ssl=1&resize=1050%2C600 3x"},"classes":[]},{"id":16040,"url":"https:\/\/le-fort.org\/cocina\/creme-brulee-2\/","url_meta":{"origin":16067,"position":2},"title":"Cr\u00e8me br\u00fbl\u00e9e","author":"Marell Rojas","date":"25 de Marzo, 2020","format":false,"excerpt":"Crema y caramelo","rel":"","context":"En &quot;Postres&quot;","block_context":{"text":"Postres","link":"https:\/\/le-fort.org\/cocina\/categoria\/postres\/"},"img":{"alt_text":"","src":"https:\/\/i0.wp.com\/le-fort.org\/cocina\/wp-content\/uploads\/2019\/04\/brulee-hd.jpg?fit=1200%2C400&ssl=1&resize=350%2C200","width":350,"height":200,"srcset":"https:\/\/i0.wp.com\/le-fort.org\/cocina\/wp-content\/uploads\/2019\/04\/brulee-hd.jpg?fit=1200%2C400&ssl=1&resize=350%2C200 1x, https:\/\/i0.wp.com\/le-fort.org\/cocina\/wp-content\/uploads\/2019\/04\/brulee-hd.jpg?fit=1200%2C400&ssl=1&resize=525%2C300 1.5x, https:\/\/i0.wp.com\/le-fort.org\/cocina\/wp-content\/uploads\/2019\/04\/brulee-hd.jpg?fit=1200%2C400&ssl=1&resize=700%2C400 2x, https:\/\/i0.wp.com\/le-fort.org\/cocina\/wp-content\/uploads\/2019\/04\/brulee-hd.jpg?fit=1200%2C400&ssl=1&resize=1050%2C600 3x"},"classes":[]},{"id":13999,"url":"https:\/\/le-fort.org\/cocina\/creme-brulee\/","url_meta":{"origin":16067,"position":3},"title":"Cr\u00e8me Br\u00fbl\u00e9e: Lo Dif\u00edcil son las Tildes","author":"Le-Fort.org","date":"13 de Mayo, 2019","format":false,"excerpt":"Receta de Cr\u00eame Brul\u00e9e: R\u00e1pida, sencilla y entretenida.","rel":"","context":"En &quot;Reposter\u00eda&quot;","block_context":{"text":"Reposter\u00eda","link":"https:\/\/le-fort.org\/cocina\/categoria\/reposteria\/"},"img":{"alt_text":"","src":"https:\/\/i0.wp.com\/le-fort.org\/cocina\/wp-content\/uploads\/2019\/04\/brulee-hd.jpg?fit=1200%2C400&ssl=1&resize=350%2C200","width":350,"height":200,"srcset":"https:\/\/i0.wp.com\/le-fort.org\/cocina\/wp-content\/uploads\/2019\/04\/brulee-hd.jpg?fit=1200%2C400&ssl=1&resize=350%2C200 1x, https:\/\/i0.wp.com\/le-fort.org\/cocina\/wp-content\/uploads\/2019\/04\/brulee-hd.jpg?fit=1200%2C400&ssl=1&resize=525%2C300 1.5x, https:\/\/i0.wp.com\/le-fort.org\/cocina\/wp-content\/uploads\/2019\/04\/brulee-hd.jpg?fit=1200%2C400&ssl=1&resize=700%2C400 2x, https:\/\/i0.wp.com\/le-fort.org\/cocina\/wp-content\/uploads\/2019\/04\/brulee-hd.jpg?fit=1200%2C400&ssl=1&resize=1050%2C600 3x"},"classes":[]},{"id":8179,"url":"https:\/\/le-fort.org\/cocina\/crema-inglesa-sous-vide\/","url_meta":{"origin":16067,"position":4},"title":"Crema Inglesa Sous Vide","author":"Le-Fort.org","date":"23 de Junio, 2016","format":false,"excerpt":"Crema inglesa preparada mediante m\u00e9todo sous vide (al vac\u00edo). Qued\u00f3 muy buena.","rel":"","context":"En &quot;Pasteler\u00eda&quot;","block_context":{"text":"Pasteler\u00eda","link":"https:\/\/le-fort.org\/cocina\/categoria\/pasteleria\/"},"img":{"alt_text":"","src":"https:\/\/i0.wp.com\/le-fort.org\/cocina\/wp-content\/uploads\/2016\/06\/crema-inglesa-hd.jpg?fit=1200%2C400&ssl=1&resize=350%2C200","width":350,"height":200,"srcset":"https:\/\/i0.wp.com\/le-fort.org\/cocina\/wp-content\/uploads\/2016\/06\/crema-inglesa-hd.jpg?fit=1200%2C400&ssl=1&resize=350%2C200 1x, https:\/\/i0.wp.com\/le-fort.org\/cocina\/wp-content\/uploads\/2016\/06\/crema-inglesa-hd.jpg?fit=1200%2C400&ssl=1&resize=525%2C300 1.5x, https:\/\/i0.wp.com\/le-fort.org\/cocina\/wp-content\/uploads\/2016\/06\/crema-inglesa-hd.jpg?fit=1200%2C400&ssl=1&resize=700%2C400 2x, https:\/\/i0.wp.com\/le-fort.org\/cocina\/wp-content\/uploads\/2016\/06\/crema-inglesa-hd.jpg?fit=1200%2C400&ssl=1&resize=1050%2C600 3x"},"classes":[]},{"id":123,"url":"https:\/\/le-fort.org\/cocina\/creme-caramel\/","url_meta":{"origin":16067,"position":5},"title":"Cr\u00e8me Caramel","author":"Marell Rojas","date":"7 de Abril, 2020","format":false,"excerpt":"Receta de la Cr\u00e8me caramel","rel":"","context":"En &quot;Postres&quot;","block_context":{"text":"Postres","link":"https:\/\/le-fort.org\/cocina\/categoria\/postres\/"},"img":{"alt_text":"","src":"https:\/\/i0.wp.com\/le-fort.org\/cocina\/wp-content\/uploads\/2020\/04\/caramel-hd-1.jpg?fit=1200%2C400&ssl=1&resize=350%2C200","width":350,"height":200,"srcset":"https:\/\/i0.wp.com\/le-fort.org\/cocina\/wp-content\/uploads\/2020\/04\/caramel-hd-1.jpg?fit=1200%2C400&ssl=1&resize=350%2C200 1x, https:\/\/i0.wp.com\/le-fort.org\/cocina\/wp-content\/uploads\/2020\/04\/caramel-hd-1.jpg?fit=1200%2C400&ssl=1&resize=525%2C300 1.5x, https:\/\/i0.wp.com\/le-fort.org\/cocina\/wp-content\/uploads\/2020\/04\/caramel-hd-1.jpg?fit=1200%2C400&ssl=1&resize=700%2C400 2x, https:\/\/i0.wp.com\/le-fort.org\/cocina\/wp-content\/uploads\/2020\/04\/caramel-hd-1.jpg?fit=1200%2C400&ssl=1&resize=1050%2C600 3x"},"classes":[]}],"_links":{"self":[{"href":"https:\/\/le-fort.org\/cocina\/wp-json\/wp\/v2\/posts\/16067","targetHints":{"allow":["GET"]}}],"collection":[{"href":"https:\/\/le-fort.org\/cocina\/wp-json\/wp\/v2\/posts"}],"about":[{"href":"https:\/\/le-fort.org\/cocina\/wp-json\/wp\/v2\/types\/post"}],"author":[{"embeddable":true,"href":"https:\/\/le-fort.org\/cocina\/wp-json\/wp\/v2\/users\/2"}],"replies":[{"embeddable":true,"href":"https:\/\/le-fort.org\/cocina\/wp-json\/wp\/v2\/comments?post=16067"}],"version-history":[{"count":0,"href":"https:\/\/le-fort.org\/cocina\/wp-json\/wp\/v2\/posts\/16067\/revisions"}],"wp:featuredmedia":[{"embeddable":true,"href":"https:\/\/le-fort.org\/cocina\/wp-json\/wp\/v2\/media\/80"}],"wp:attachment":[{"href":"https:\/\/le-fort.org\/cocina\/wp-json\/wp\/v2\/media?parent=16067"}],"wp:term":[{"taxonomy":"category","embeddable":true,"href":"https:\/\/le-fort.org\/cocina\/wp-json\/wp\/v2\/categories?post=16067"},{"taxonomy":"post_tag","embeddable":true,"href":"https:\/\/le-fort.org\/cocina\/wp-json\/wp\/v2\/tags?post=16067"}],"curies":[{"name":"wp","href":"https:\/\/api.w.org\/{rel}","templated":true}]}}