{"id":1648,"date":"2015-03-23T21:52:35","date_gmt":"2015-03-24T00:52:35","guid":{"rendered":"http:\/\/www.sanguchologia.org\/?p=1648"},"modified":"2021-12-14T22:28:29","modified_gmt":"2021-12-15T03:28:29","slug":"bocadillo-de-tortilla-de-patatas","status":"publish","type":"post","link":"https:\/\/le-fort.org\/cocina\/bocadillo-de-tortilla-de-patatas\/","title":{"rendered":"Bocadillo de Tortilla de Patatas"},"content":{"rendered":"<p>Es curiosa la nomenclatura sanguchera.<\/p>\n<p>En Espa\u00f1a un sandwich es s\u00f3lo aquel que utiliza pan de molde. Los que utilizan otros panes caen en la categor\u00eda de <strong>bocadillo<\/strong>.<\/p>\n<figure id=\"attachment_1653\" aria-describedby=\"caption-attachment-1653\" style=\"width: 960px\" class=\"wp-caption aligncenter\"><img data-recalc-dims=\"1\" loading=\"lazy\" decoding=\"async\" class=\"size-full wp-image-1653\" src=\"https:\/\/i0.wp.com\/www.le-fort.org\/wp-content\/uploads\/2015\/03\/bocadillo-tortilla-patata-listo.jpg?resize=960%2C600&#038;ssl=1\" alt=\"Bocadillo de tortilla de patata\" width=\"960\" height=\"600\" \/><figcaption id=\"caption-attachment-1653\" class=\"wp-caption-text\">Bocadillo de tortilla de patata<\/figcaption><\/figure>\n<p>Este, pues, es un bocadillo. Y qu\u00e9 m\u00e1s castizo que un bocadillo de tortilla de patata.<!--more--><\/p>\n<p>Preparamos una tortilla de patata siguiendo <a title=\"Receta de tortilla de papas\" href=\"https:\/\/www.loquecomemos.com\/tortila-espanola-tortilla-de-papas\/\">esta receta<\/a>. Si la pereza es m\u00e1s fuerte se puede hacer <a title=\"Tortilla de papas her\u00e9tica\" href=\"http:\/\/www.loquecomemos.com\/tortilla-de-papas-heretica\/\">esta versi\u00f3n<\/a>. En resumen, se pelan y pican las papas y se fr\u00eden en tandas, a\u00f1adiendo cebolla pluma a la mitad de la fritura de cada tanda. Se sala la mezcla de papas y cebolla, se le mezclan unos huevos batidos y se fr\u00ede la tortilla.<\/p>\n<p>Una vez lista la tortilla la dejamos enfriar un poco.<\/p>\n<figure id=\"attachment_1656\" aria-describedby=\"caption-attachment-1656\" style=\"width: 960px\" class=\"wp-caption aligncenter\"><img data-recalc-dims=\"1\" loading=\"lazy\" decoding=\"async\" class=\"size-full wp-image-1656\" src=\"https:\/\/i0.wp.com\/www.le-fort.org\/wp-content\/uploads\/2015\/03\/tortilla.jpg?resize=960%2C600&#038;ssl=1\" alt=\"Tortilla de patatas \" width=\"960\" height=\"600\" \/><figcaption id=\"caption-attachment-1656\" class=\"wp-caption-text\">Tortilla de patatas enfriando para cortarla mejor.<\/figcaption><\/figure>\n<p>Una vez tibia, la cortamos para llenar un pan al que le pusimos un poco de aceite de oliva.<\/p>\n<figure id=\"attachment_1649\" aria-describedby=\"caption-attachment-1649\" style=\"width: 960px\" class=\"wp-caption aligncenter\"><img data-recalc-dims=\"1\" loading=\"lazy\" decoding=\"async\" class=\"size-full wp-image-1649\" src=\"https:\/\/i0.wp.com\/www.le-fort.org\/wp-content\/uploads\/2015\/03\/bocadillo-tortilla-patata-armando-0.jpg?resize=960%2C600&#038;ssl=1\" alt=\"Armando el bocadillo de tortilla de patatas\" width=\"960\" height=\"600\" \/><figcaption id=\"caption-attachment-1649\" class=\"wp-caption-text\">Armando el bocadillo<\/figcaption><\/figure>\n<figure id=\"attachment_1650\" aria-describedby=\"caption-attachment-1650\" style=\"width: 960px\" class=\"wp-caption aligncenter\"><img data-recalc-dims=\"1\" loading=\"lazy\" decoding=\"async\" class=\"size-full wp-image-1650\" src=\"https:\/\/i0.wp.com\/www.le-fort.org\/wp-content\/uploads\/2015\/03\/bocadillo-tortilla-patata-armando.jpg?resize=960%2C600&#038;ssl=1\" alt=\"bocadillo-tortilla-patata-armando\" width=\"960\" height=\"600\" \/><figcaption id=\"caption-attachment-1650\" class=\"wp-caption-text\">El aceite de oliva nunca est\u00e1 de m\u00e1s<\/figcaption><\/figure>\n<p>Aqu\u00ed las opciones son dos: o cerramos el bocadillo, o le ponemos algo para contrarrestar la sequedad propia del pan y de la tortilla.<\/p>\n<figure id=\"attachment_1655\" aria-describedby=\"caption-attachment-1655\" style=\"width: 960px\" class=\"wp-caption aligncenter\"><img data-recalc-dims=\"1\" loading=\"lazy\" decoding=\"async\" class=\"size-full wp-image-1655\" src=\"https:\/\/i0.wp.com\/www.le-fort.org\/wp-content\/uploads\/2015\/03\/bocadillo-tortilla-patata-solo.jpg?resize=960%2C600&#038;ssl=1\" alt=\"Opci\u00f3n uno: bocadillo s\u00f3lo con tortilla de patatas y un poco de aceite de oliva\" width=\"960\" height=\"600\" \/><figcaption id=\"caption-attachment-1655\" class=\"wp-caption-text\">Opci\u00f3n uno: bocadillo s\u00f3lo con tortilla de patatas y un poco de aceite de oliva<\/figcaption><\/figure>\n<figure id=\"attachment_1654\" aria-describedby=\"caption-attachment-1654\" style=\"width: 960px\" class=\"wp-caption aligncenter\"><img data-recalc-dims=\"1\" loading=\"lazy\" decoding=\"async\" class=\"size-full wp-image-1654\" src=\"https:\/\/i0.wp.com\/www.le-fort.org\/wp-content\/uploads\/2015\/03\/bocadillo-tortilla-patata-partido.jpg?resize=960%2C600&#038;ssl=1\" alt=\"Opci\u00f3n dos: bocadillo de tortilla de patatas con tomate\" width=\"960\" height=\"600\" \/><figcaption id=\"caption-attachment-1654\" class=\"wp-caption-text\">Opci\u00f3n dos: bocadillo de tortilla de patatas con tomate<\/figcaption><\/figure>\n<p>A\u00fan con tomate es muy seco.<\/p>\n<p>Nuestra opini\u00f3n es que la tortilla de patatas brilla mejor sola, y que el pan est\u00e1 mejor utilizado en otros menesteres.<\/p>\n<p>Quiz\u00e1 en otras condiciones sea un manjar de dioses. Imagin\u00e1bamos gente con trabajo de gran desgaste f\u00edsico parando a mediod\u00eda para comerse uno de estos, con una buena bota de vino como compa\u00f1\u00eda. Para nosotros, la tortilla de patatas es mejor con ensalada de tomates.<\/p>\n<p>\u00bfQu\u00e9 opinas?<\/p>\n","protected":false},"excerpt":{"rendered":"<p>Es curiosa la nomenclatura sanguchera. En Espa\u00f1a un sandwich es s\u00f3lo aquel que utiliza pan de molde. Los que utilizan otros panes caen en la categor\u00eda de bocadillo. Este, pues, es un bocadillo. Y qu\u00e9 m\u00e1s castizo que un bocadillo de tortilla de patata.<\/p>\n","protected":false},"author":6,"featured_media":1652,"comment_status":"open","ping_status":"closed","sticky":false,"template":"","format":"standard","meta":{"_jetpack_newsletter_access":"","_jetpack_dont_email_post_to_subs":true,"_jetpack_newsletter_tier_id":0,"_jetpack_memberships_contains_paywalled_content":false,"_jetpack_memberships_contains_paid_content":false,"footnotes":""},"categories":[613],"tags":[612,137,56],"class_list":["post-1648","post","type-post","status-publish","format-standard","has-post-thumbnail","hentry","category-espana","tag-bocadillo","tag-tortilla","tag-vegetariano","entry","has-media"],"jetpack_featured_media_url":"","jetpack_shortlink":"https:\/\/wp.me\/pghKer-qA","jetpack_sharing_enabled":true,"jetpack-related-posts":[{"id":4984,"url":"https:\/\/le-fort.org\/cocina\/tortilla-de-papas-heretica\/","url_meta":{"origin":1648,"position":0},"title":"Tortilla de Papas Her\u00e9tica","author":"Le-Fort.org","date":"2 de Noviembre, 2013","format":false,"excerpt":"Receta de tortilla de patatas, tortilla de papas o tortilla espa\u00f1ola her\u00e9tica. R\u00e1pida y muy buena aunque inferior a una tortilla can\u00f3nica.","rel":"","context":"En &quot;Recetas&quot;","block_context":{"text":"Recetas","link":"https:\/\/le-fort.org\/cocina\/categoria\/recetas\/"},"img":{"alt_text":"","src":"https:\/\/i0.wp.com\/le-fort.org\/cocina\/wp-content\/uploads\/2013\/11\/tortilla-de-papas-heretica-hd.jpg?fit=1200%2C400&ssl=1&resize=350%2C200","width":350,"height":200,"srcset":"https:\/\/i0.wp.com\/le-fort.org\/cocina\/wp-content\/uploads\/2013\/11\/tortilla-de-papas-heretica-hd.jpg?fit=1200%2C400&ssl=1&resize=350%2C200 1x, https:\/\/i0.wp.com\/le-fort.org\/cocina\/wp-content\/uploads\/2013\/11\/tortilla-de-papas-heretica-hd.jpg?fit=1200%2C400&ssl=1&resize=525%2C300 1.5x, https:\/\/i0.wp.com\/le-fort.org\/cocina\/wp-content\/uploads\/2013\/11\/tortilla-de-papas-heretica-hd.jpg?fit=1200%2C400&ssl=1&resize=700%2C400 2x, https:\/\/i0.wp.com\/le-fort.org\/cocina\/wp-content\/uploads\/2013\/11\/tortilla-de-papas-heretica-hd.jpg?fit=1200%2C400&ssl=1&resize=1050%2C600 3x"},"classes":[]},{"id":646,"url":"https:\/\/le-fort.org\/cocina\/tortila-espanola-tortilla-de-papas\/","url_meta":{"origin":1648,"position":1},"title":"Tortila espa\u00f1ola (tortilla de papas)","author":"Le-Fort.org","date":"5 de Agosto, 2009","format":false,"excerpt":"Receta de tortilla de papas, hecha con papas fritas en cuadritos y cebolla cortada en pluma.","rel":"","context":"En &quot;Comida&quot;","block_context":{"text":"Comida","link":"https:\/\/le-fort.org\/cocina\/categoria\/cocina-comida\/"},"img":{"alt_text":"","src":"https:\/\/i0.wp.com\/le-fort.org\/cocina\/wp-content\/uploads\/2009\/08\/head.jpg?fit=614%2C225&ssl=1&resize=350%2C200","width":350,"height":200,"srcset":"https:\/\/i0.wp.com\/le-fort.org\/cocina\/wp-content\/uploads\/2009\/08\/head.jpg?fit=614%2C225&ssl=1&resize=350%2C200 1x, https:\/\/i0.wp.com\/le-fort.org\/cocina\/wp-content\/uploads\/2009\/08\/head.jpg?fit=614%2C225&ssl=1&resize=525%2C300 1.5x"},"classes":[]},{"id":15362,"url":"https:\/\/le-fort.org\/cocina\/tortilla-de-papas-rellena-de-jamon-y-queso\/","url_meta":{"origin":1648,"position":2},"title":"Tortilla de Papas Rellena de Jam\u00f3n y Queso","author":"Le-Fort.org","date":"30 de Diciembre, 2020","format":false,"excerpt":"Tortilla de Papas Rellena de Jam\u00f3n y Queso, inspirada por la de las chicas de la tres, vista en Netflix.","rel":"","context":"En &quot;Recetas&quot;","block_context":{"text":"Recetas","link":"https:\/\/le-fort.org\/cocina\/categoria\/recetas\/"},"img":{"alt_text":"","src":"https:\/\/i0.wp.com\/le-fort.org\/cocina\/wp-content\/uploads\/2020\/12\/tortilla-re-llena-hd.jpg?fit=1200%2C400&ssl=1&resize=350%2C200","width":350,"height":200,"srcset":"https:\/\/i0.wp.com\/le-fort.org\/cocina\/wp-content\/uploads\/2020\/12\/tortilla-re-llena-hd.jpg?fit=1200%2C400&ssl=1&resize=350%2C200 1x, https:\/\/i0.wp.com\/le-fort.org\/cocina\/wp-content\/uploads\/2020\/12\/tortilla-re-llena-hd.jpg?fit=1200%2C400&ssl=1&resize=525%2C300 1.5x, https:\/\/i0.wp.com\/le-fort.org\/cocina\/wp-content\/uploads\/2020\/12\/tortilla-re-llena-hd.jpg?fit=1200%2C400&ssl=1&resize=700%2C400 2x, https:\/\/i0.wp.com\/le-fort.org\/cocina\/wp-content\/uploads\/2020\/12\/tortilla-re-llena-hd.jpg?fit=1200%2C400&ssl=1&resize=1050%2C600 3x"},"classes":[]},{"id":16694,"url":"https:\/\/le-fort.org\/cocina\/tortilla-de-chifles-espanola\/","url_meta":{"origin":1648,"position":3},"title":"Tortilla de Chifles: No tan Espa\u00f1ola","author":"Le-Fort.org","date":"3 de Octubre, 2022","format":false,"excerpt":"Receta de tortilla de chifles. No es espa\u00f1ola ni se le parece pero es incre\u00edblemente buena.","rel":"","context":"En &quot;Recetas&quot;","block_context":{"text":"Recetas","link":"https:\/\/le-fort.org\/cocina\/categoria\/recetas\/"},"img":{"alt_text":"","src":"https:\/\/i0.wp.com\/le-fort.org\/cocina\/wp-content\/uploads\/2022\/10\/tortilla-chifles-hd.jpg?fit=1200%2C400&ssl=1&resize=350%2C200","width":350,"height":200,"srcset":"https:\/\/i0.wp.com\/le-fort.org\/cocina\/wp-content\/uploads\/2022\/10\/tortilla-chifles-hd.jpg?fit=1200%2C400&ssl=1&resize=350%2C200 1x, https:\/\/i0.wp.com\/le-fort.org\/cocina\/wp-content\/uploads\/2022\/10\/tortilla-chifles-hd.jpg?fit=1200%2C400&ssl=1&resize=525%2C300 1.5x, https:\/\/i0.wp.com\/le-fort.org\/cocina\/wp-content\/uploads\/2022\/10\/tortilla-chifles-hd.jpg?fit=1200%2C400&ssl=1&resize=700%2C400 2x, https:\/\/i0.wp.com\/le-fort.org\/cocina\/wp-content\/uploads\/2022\/10\/tortilla-chifles-hd.jpg?fit=1200%2C400&ssl=1&resize=1050%2C600 3x"},"classes":[]},{"id":234,"url":"https:\/\/le-fort.org\/cocina\/tortilla-de-papas\/","url_meta":{"origin":1648,"position":4},"title":"Tortilla de Papas","author":"Rod","date":"7 de Diciembre, 2020","format":false,"excerpt":"Un cl\u00e1sico espa\u00f1ol","rel":"","context":"En &quot;Recetas y T\u00e9cnicas&quot;","block_context":{"text":"Recetas y T\u00e9cnicas","link":"https:\/\/le-fort.org\/cocina\/categoria\/rectas-tecnicas\/"},"img":{"alt_text":"","src":"https:\/\/i0.wp.com\/le-fort.org\/cocina\/wp-content\/uploads\/2020\/12\/tortilla-de-papas-heretica-hd.jpg?fit=1200%2C400&ssl=1&resize=350%2C200","width":350,"height":200,"srcset":"https:\/\/i0.wp.com\/le-fort.org\/cocina\/wp-content\/uploads\/2020\/12\/tortilla-de-papas-heretica-hd.jpg?fit=1200%2C400&ssl=1&resize=350%2C200 1x, https:\/\/i0.wp.com\/le-fort.org\/cocina\/wp-content\/uploads\/2020\/12\/tortilla-de-papas-heretica-hd.jpg?fit=1200%2C400&ssl=1&resize=525%2C300 1.5x, https:\/\/i0.wp.com\/le-fort.org\/cocina\/wp-content\/uploads\/2020\/12\/tortilla-de-papas-heretica-hd.jpg?fit=1200%2C400&ssl=1&resize=700%2C400 2x, https:\/\/i0.wp.com\/le-fort.org\/cocina\/wp-content\/uploads\/2020\/12\/tortilla-de-papas-heretica-hd.jpg?fit=1200%2C400&ssl=1&resize=1050%2C600 3x"},"classes":[]},{"id":13299,"url":"https:\/\/le-fort.org\/cocina\/tortillas-de-trigo\/","url_meta":{"origin":1648,"position":5},"title":"Tortillas de Trigo","author":"Le-Fort.org","date":"11 de Octubre, 2018","format":false,"excerpt":"Receta de tortillas de trigo, como las de burritos.","rel":"","context":"En &quot;Recetas&quot;","block_context":{"text":"Recetas","link":"https:\/\/le-fort.org\/cocina\/categoria\/recetas\/"},"img":{"alt_text":"","src":"https:\/\/i0.wp.com\/le-fort.org\/cocina\/wp-content\/uploads\/2018\/10\/tortillas-hd.jpg?fit=1200%2C400&ssl=1&resize=350%2C200","width":350,"height":200,"srcset":"https:\/\/i0.wp.com\/le-fort.org\/cocina\/wp-content\/uploads\/2018\/10\/tortillas-hd.jpg?fit=1200%2C400&ssl=1&resize=350%2C200 1x, https:\/\/i0.wp.com\/le-fort.org\/cocina\/wp-content\/uploads\/2018\/10\/tortillas-hd.jpg?fit=1200%2C400&ssl=1&resize=525%2C300 1.5x, https:\/\/i0.wp.com\/le-fort.org\/cocina\/wp-content\/uploads\/2018\/10\/tortillas-hd.jpg?fit=1200%2C400&ssl=1&resize=700%2C400 2x, https:\/\/i0.wp.com\/le-fort.org\/cocina\/wp-content\/uploads\/2018\/10\/tortillas-hd.jpg?fit=1200%2C400&ssl=1&resize=1050%2C600 3x"},"classes":[]}],"_links":{"self":[{"href":"https:\/\/le-fort.org\/cocina\/wp-json\/wp\/v2\/posts\/1648","targetHints":{"allow":["GET"]}}],"collection":[{"href":"https:\/\/le-fort.org\/cocina\/wp-json\/wp\/v2\/posts"}],"about":[{"href":"https:\/\/le-fort.org\/cocina\/wp-json\/wp\/v2\/types\/post"}],"author":[{"embeddable":true,"href":"https:\/\/le-fort.org\/cocina\/wp-json\/wp\/v2\/users\/6"}],"replies":[{"embeddable":true,"href":"https:\/\/le-fort.org\/cocina\/wp-json\/wp\/v2\/comments?post=1648"}],"version-history":[{"count":1,"href":"https:\/\/le-fort.org\/cocina\/wp-json\/wp\/v2\/posts\/1648\/revisions"}],"predecessor-version":[{"id":16127,"href":"https:\/\/le-fort.org\/cocina\/wp-json\/wp\/v2\/posts\/1648\/revisions\/16127"}],"wp:featuredmedia":[{"embeddable":true,"href":"https:\/\/le-fort.org\/cocina\/wp-json\/"}],"wp:attachment":[{"href":"https:\/\/le-fort.org\/cocina\/wp-json\/wp\/v2\/media?parent=1648"}],"wp:term":[{"taxonomy":"category","embeddable":true,"href":"https:\/\/le-fort.org\/cocina\/wp-json\/wp\/v2\/categories?post=1648"},{"taxonomy":"post_tag","embeddable":true,"href":"https:\/\/le-fort.org\/cocina\/wp-json\/wp\/v2\/tags?post=1648"}],"curies":[{"name":"wp","href":"https:\/\/api.w.org\/{rel}","templated":true}]}}