{"id":16739,"date":"2022-10-29T08:33:29","date_gmt":"2022-10-29T13:33:29","guid":{"rendered":"https:\/\/le-fort.org\/?p=16739"},"modified":"2022-11-17T09:30:09","modified_gmt":"2022-11-17T14:30:09","slug":"empanadas-america-latina-introduccion","status":"publish","type":"post","link":"https:\/\/le-fort.org\/cocina\/empanadas-america-latina-introduccion\/","title":{"rendered":"Empanadas en Am\u00e9rica Latina: Una Introducci\u00f3n"},"content":{"rendered":"<p>Compartimos con ustedes la presentaci\u00f3n que preparamos para el la <a href=\"https:\/\/www.utm.edu.ec\/convencion2022\/\">VI Convenci\u00f3n Cient\u00edfica Internacional UTM 2022<\/a> (CCIUTM2022). IV Congreso Internacional De Ciencias Administrativas Y Econ\u00f3micas; III Jornadas Internacionales de Turismo de la Universidad T\u00e9cnica de Manab\u00ed el 27 de octubre de 2022.<\/p>\n<p><!--more--><\/p>\n<p><iframe loading=\"lazy\" src=\"https:\/\/docs.google.com\/presentation\/d\/e\/2PACX-1vTLxe4Qb-n7atZsq8kArF9dKmfJl6i7SsuD4U3IFjmjLF-Cim9EUi1EiBgLpkfbmF09sodg7qkka7FF\/embed?start=false&amp;loop=false&amp;delayms=30000\" width=\"99%\" height=\"500\" frameborder=\"0\" allowfullscreen=\"allowfullscreen\"><\/iframe><\/p>\n<p>En resumen, la <a href=\"https:\/\/le-fort.org\/etiqueta\/empanadas\/\">empanada<\/a> es omnipresente. Lleg\u00f3 a Am\u00e9rica con los invasores espa\u00f1oles, se &#8220;criolliz\u00f3 con maravillosa fluidez&#8221; y ahora es parte de nuestro patrimonio cultural y gastron\u00f3mico. Para m\u00e1s detalles, recomendamos ver la presentaci\u00f3n.<\/p>\n<p><a href=\"https:\/\/doi.org\/10.6084\/m9.figshare.21572571.v1\">https:\/\/doi.org\/10.6084\/m9.figshare.21572571.v1<\/a><\/p>\n<p>Aqu\u00ed est\u00e1 la grabaci\u00f3n de la introducci\u00f3n.<\/p>\n<div style=\"text-align: center;\"><iframe loading=\"lazy\" style=\"border: none; overflow: hidden;\" src=\"https:\/\/www.facebook.com\/plugins\/video.php?height=314&amp;href=https%3A%2F%2Fwww.facebook.com%2FpatrimonioGastronomicoConversatorio%2Fvideos%2F483563963835595%2F&amp;show_text=false&amp;width=560&amp;t=6868\" width=\"960\" height=\"540\" frameborder=\"0\" scrolling=\"no\" allowfullscreen=\"allowfullscreen\"><\/iframe><\/div>\n<h2>Referencias<\/h2>\n<ul>\n<li>Bayhaq\u012b, Ab\u016b al-Faz\u0324l Mu\u1e25ammad ibn \u1e24usayn, Clifford Edmund Bosworth, and Mohsen Ashtiany. 2011. The History of Beyhaqi: The History of Sultan Mas\u02bbud of Ghazna, 1030-1041. Ilex Foundation Series 6. Boston, Mass.\u202f: Wash., D.C.\u202f: Cambridge, Mass: Ilex Foundation\u202f; Center for Hellenic Studies Trustees for Harvard University\u202f; Distributed by Harvard University Press.<\/li>\n<li>Davidson, Alan, and Tom Jaine. 2006. The Oxford Companion to Food. 2nd ed. Oxford\u202f; New York: Oxford University Press.<\/li>\n<li>Faraudo de Saint Germain, Llu\u00eds, ed. 1952. \u201cEl Llibre de Sent Sov\u00ed, Recetario de Cocina Valenciana Medieval.\u201d Bolet\u00edn de La Real Academia de Buenas Letras de Barcelona 24: 5\u201381.<\/li>\n<li>Lee, MinHo. 2018. \u201c\u2018Porridge(\u7ca5)\u2019 and \u2018Jiaozi(\u9903\u5b50)\u2019 &#8211; History and myths about Chinese ancient Zhang Zhong-Jing(\u5f35\u4ef2\u666f)\u2019s \u2018Food-Therapy(\u98df\u6cbb).\u2019\u201d Proceedings of the Korea Contents Association Conference, 109\u201310.<\/li>\n<li>Plath, Oreste. 2018. Geograf\u00eda gastron\u00f3mica de Chile: art\u00edculos reunidos, 1943-1994. Santiago de Chile: Ediciones Biblioteca Nacional.<\/li>\n<li>Rojas de Perdomo, Luc\u00eda. 2012. Comentarios a la cocina precolombina. Biblioteca b\u00e1sica de cocinas tradicionales de Colombia 2. Bogot\u00e1: Ministerio de Cultura.<\/li>\n<li>Rossells-Montalvo, Beatriz, ed. 2003. La gastronom\u00eda en Potos\u00ed y Charcas: siglos XVIII, XIX y XX\u202f; en torno a la historia de la cocina boliviana\u202f; (800 recetas de la cocina criolla)\u202f; notas sobre la gastronom\u00eda del Oriente de la Rep\u00fablica en el siglo XIX. 2. ed. La Paz: Inst. de Estudios Bolivianos.<\/li>\n<li>Sahag\u00fan, Bernardino de. 1830. Historia general de las cosas de Nueva Espan\u00e3. Impr. del ciudadano A. Vald\u00e9s.<\/li>\n<li>Saldarriaga, Gregorio. 2012. Alimentaci\u00f3n e Identidades En El Nuevo Reino de Granada, Siglos XVI y XVII. Segunda edici\u00f3n. Biblioteca B\u00e1sica de Cocinas Tradicionales de Colombia 5. Bogot\u00e1, Colombia: Ministerio de Cultura.<\/li>\n<\/ul>\n<p><img data-recalc-dims=\"1\" loading=\"lazy\" decoding=\"async\" data-attachment-id=\"16749\" data-permalink=\"https:\/\/le-fort.org\/cocina\/empanadas-america-latina-introduccion\/conversatorios\/\" data-orig-file=\"https:\/\/i0.wp.com\/le-fort.org\/cocina\/wp-content\/uploads\/2022\/10\/conversatorios.jpeg?fit=1280%2C1280&amp;ssl=1\" data-orig-size=\"1280,1280\" data-comments-opened=\"0\" data-image-meta=\"{&quot;aperture&quot;:&quot;0&quot;,&quot;credit&quot;:&quot;&quot;,&quot;camera&quot;:&quot;&quot;,&quot;caption&quot;:&quot;&quot;,&quot;created_timestamp&quot;:&quot;0&quot;,&quot;copyright&quot;:&quot;&quot;,&quot;focal_length&quot;:&quot;0&quot;,&quot;iso&quot;:&quot;0&quot;,&quot;shutter_speed&quot;:&quot;0&quot;,&quot;title&quot;:&quot;&quot;,&quot;orientation&quot;:&quot;0&quot;}\" data-image-title=\"conversatorios\" data-image-description=\"\" data-image-caption=\"\" data-large-file=\"https:\/\/i0.wp.com\/le-fort.org\/cocina\/wp-content\/uploads\/2022\/10\/conversatorios.jpeg?fit=960%2C960&amp;ssl=1\" class=\"aligncenter size-full wp-image-16749\" src=\"https:\/\/i0.wp.com\/le-fort.org\/wp-content\/uploads\/2022\/10\/conversatorios.jpeg?resize=1200%2C1200&#038;ssl=1\" alt=\"Conversatorios envueltos, chichas, empanadas\" width=\"1200\" height=\"1200\" srcset=\"https:\/\/i0.wp.com\/le-fort.org\/cocina\/wp-content\/uploads\/2022\/10\/conversatorios.jpeg?w=1280&amp;ssl=1 1280w, https:\/\/i0.wp.com\/le-fort.org\/cocina\/wp-content\/uploads\/2022\/10\/conversatorios.jpeg?resize=600%2C600&amp;ssl=1 600w, https:\/\/i0.wp.com\/le-fort.org\/cocina\/wp-content\/uploads\/2022\/10\/conversatorios.jpeg?resize=960%2C960&amp;ssl=1 960w, https:\/\/i0.wp.com\/le-fort.org\/cocina\/wp-content\/uploads\/2022\/10\/conversatorios.jpeg?resize=150%2C150&amp;ssl=1 150w\" sizes=\"auto, (max-width: 1200px) 100vw, 1200px\" \/><\/p>\n","protected":false},"excerpt":{"rendered":"<p>Presentaci\u00f3n introductoria al conversatorio Empanadas en Am\u00e9rica Latina<\/p>\n","protected":false},"author":1,"featured_media":13611,"comment_status":"closed","ping_status":"closed","sticky":false,"template":"","format":"standard","meta":{"_jetpack_newsletter_access":"","_jetpack_dont_email_post_to_subs":false,"_jetpack_newsletter_tier_id":0,"_jetpack_memberships_contains_paywalled_content":false,"_jetpack_memberships_contains_paid_content":false,"footnotes":""},"categories":[251],"tags":[894,46,983],"class_list":["post-16739","post","type-post","status-publish","format-standard","has-post-thumbnail","hentry","category-educacion","tag-congreso","tag-empanadas","tag-presentacion","entry","has-media"],"jetpack_featured_media_url":"https:\/\/i0.wp.com\/le-fort.org\/cocina\/wp-content\/uploads\/2019\/02\/empanadas-de-queso-hd.jpg?fit=1500%2C500&ssl=1","jetpack_shortlink":"https:\/\/wp.me\/pghKer-4lZ","jetpack_sharing_enabled":true,"jetpack-related-posts":[{"id":12442,"url":"https:\/\/le-fort.org\/cocina\/taller-de-empanadas-en-dasam\/","url_meta":{"origin":16739,"position":0},"title":"Taller de Empanadas en DASAM","author":"Le-Fort.org","date":"29 de Abril, 2018","format":false,"excerpt":"Las empanadas chilenas causan una reacci\u00f3n fuerte en Cuenca; reacci\u00f3n que compartimos porque nos encantan. Hace un tiempo dimos un taller de empanadas chilenas en DASAM Distribuidora, con tal \u00e9xito que nos pidieron repetirlo. Nosotros felices :) Como siempre, tocamos las empanadas de pino y queso, de horno y fritas.\u2026","rel":"","context":"En &quot;Educaci\u00f3n&quot;","block_context":{"text":"Educaci\u00f3n","link":"https:\/\/le-fort.org\/cocina\/categoria\/educacion\/"},"img":{"alt_text":"","src":"https:\/\/i0.wp.com\/le-fort.org\/cocina\/wp-content\/uploads\/2018\/04\/empanadas-hd.jpg?fit=1200%2C400&ssl=1&resize=350%2C200","width":350,"height":200,"srcset":"https:\/\/i0.wp.com\/le-fort.org\/cocina\/wp-content\/uploads\/2018\/04\/empanadas-hd.jpg?fit=1200%2C400&ssl=1&resize=350%2C200 1x, https:\/\/i0.wp.com\/le-fort.org\/cocina\/wp-content\/uploads\/2018\/04\/empanadas-hd.jpg?fit=1200%2C400&ssl=1&resize=525%2C300 1.5x, https:\/\/i0.wp.com\/le-fort.org\/cocina\/wp-content\/uploads\/2018\/04\/empanadas-hd.jpg?fit=1200%2C400&ssl=1&resize=700%2C400 2x, https:\/\/i0.wp.com\/le-fort.org\/cocina\/wp-content\/uploads\/2018\/04\/empanadas-hd.jpg?fit=1200%2C400&ssl=1&resize=1050%2C600 3x"},"classes":[]},{"id":11890,"url":"https:\/\/le-fort.org\/cocina\/empanadas-la-troncal\/","url_meta":{"origin":16739,"position":1},"title":"Empanadas en la Troncal","author":"Le-Fort.org","date":"1 de Marzo, 2018","format":false,"excerpt":"Dirigimos un taller de empanadas chilenas en La Troncal en las dependencias del hotel Su Majestad. Nos encant\u00f3 el lugar y nos atendieron maravillosamente. Muy recomendable. El taller es el que damos con frecuencia y este lo disfrutamos mucho. Nos encanta pasar por La Troncal y nos gusta mucho ense\u00f1ar\u2026","rel":"","context":"En &quot;Educaci\u00f3n&quot;","block_context":{"text":"Educaci\u00f3n","link":"https:\/\/le-fort.org\/cocina\/categoria\/educacion\/"},"img":{"alt_text":"","src":"https:\/\/i0.wp.com\/le-fort.org\/cocina\/wp-content\/uploads\/2018\/03\/la-troncal-hd.jpg?fit=1200%2C400&ssl=1&resize=350%2C200","width":350,"height":200,"srcset":"https:\/\/i0.wp.com\/le-fort.org\/cocina\/wp-content\/uploads\/2018\/03\/la-troncal-hd.jpg?fit=1200%2C400&ssl=1&resize=350%2C200 1x, https:\/\/i0.wp.com\/le-fort.org\/cocina\/wp-content\/uploads\/2018\/03\/la-troncal-hd.jpg?fit=1200%2C400&ssl=1&resize=525%2C300 1.5x, https:\/\/i0.wp.com\/le-fort.org\/cocina\/wp-content\/uploads\/2018\/03\/la-troncal-hd.jpg?fit=1200%2C400&ssl=1&resize=700%2C400 2x, https:\/\/i0.wp.com\/le-fort.org\/cocina\/wp-content\/uploads\/2018\/03\/la-troncal-hd.jpg?fit=1200%2C400&ssl=1&resize=1050%2C600 3x"},"classes":[]},{"id":11693,"url":"https:\/\/le-fort.org\/cocina\/bocaditos-empanadas-la-libertad\/","url_meta":{"origin":16739,"position":2},"title":"Bocaditos y Empanadas en La Libertad","author":"Le-Fort.org","date":"23 de Agosto, 2016","format":false,"excerpt":"Tuvimos el agrado de participar en un curso de bocaditos y empanadas dictado en la Escuela de Alta Cocina Arte Chef en La Libertad, organizado por la Prefectura de Santa Elena. El Chef Patricio Iza aport\u00f3 su vasta experiencia en los bocaditos y nosotros, de la mano del conocimiento de\u2026","rel":"","context":"En &quot;Educaci\u00f3n&quot;","block_context":{"text":"Educaci\u00f3n","link":"https:\/\/le-fort.org\/cocina\/categoria\/educacion\/"},"img":{"alt_text":"","src":"https:\/\/i0.wp.com\/le-fort.org\/cocina\/wp-content\/uploads\/2018\/02\/empanadas-bocaditos-hd.jpg?fit=1200%2C400&ssl=1&resize=350%2C200","width":350,"height":200,"srcset":"https:\/\/i0.wp.com\/le-fort.org\/cocina\/wp-content\/uploads\/2018\/02\/empanadas-bocaditos-hd.jpg?fit=1200%2C400&ssl=1&resize=350%2C200 1x, https:\/\/i0.wp.com\/le-fort.org\/cocina\/wp-content\/uploads\/2018\/02\/empanadas-bocaditos-hd.jpg?fit=1200%2C400&ssl=1&resize=525%2C300 1.5x, https:\/\/i0.wp.com\/le-fort.org\/cocina\/wp-content\/uploads\/2018\/02\/empanadas-bocaditos-hd.jpg?fit=1200%2C400&ssl=1&resize=700%2C400 2x, https:\/\/i0.wp.com\/le-fort.org\/cocina\/wp-content\/uploads\/2018\/02\/empanadas-bocaditos-hd.jpg?fit=1200%2C400&ssl=1&resize=1050%2C600 3x"},"classes":[]},{"id":11343,"url":"https:\/\/le-fort.org\/cocina\/empanadas-chilenas-en-cuenca\/","url_meta":{"origin":16739,"position":3},"title":"Empanadas Chilenas en Cuenca (I: Trigo Pan)","author":"Le-Fort.org","date":"9 de Enero, 2018","format":false,"excerpt":"Caminando el otro d\u00eda encontramos un caf\u00e9 con buenas empanadas chilenas en Cuenca, Ecuador.\u00a0 Queda en Av. 12 de Abril con Av. Solano, y la verdad es que fue un descubrimiento. El nombre es panader\u00eda trigo pan y lo atienden ecuatorianos que aprendieron de chilenos, y aprendieron muy bien. Ofrecen\u2026","rel":"","context":"En &quot;Ecuador&quot;","block_context":{"text":"Ecuador","link":"https:\/\/le-fort.org\/cocina\/categoria\/ecuador\/"},"img":{"alt_text":"","src":"https:\/\/i0.wp.com\/le-fort.org\/cocina\/wp-content\/uploads\/2018\/01\/empanada-hd.jpg?fit=1200%2C400&ssl=1&resize=350%2C200","width":350,"height":200,"srcset":"https:\/\/i0.wp.com\/le-fort.org\/cocina\/wp-content\/uploads\/2018\/01\/empanada-hd.jpg?fit=1200%2C400&ssl=1&resize=350%2C200 1x, https:\/\/i0.wp.com\/le-fort.org\/cocina\/wp-content\/uploads\/2018\/01\/empanada-hd.jpg?fit=1200%2C400&ssl=1&resize=525%2C300 1.5x, https:\/\/i0.wp.com\/le-fort.org\/cocina\/wp-content\/uploads\/2018\/01\/empanada-hd.jpg?fit=1200%2C400&ssl=1&resize=700%2C400 2x, https:\/\/i0.wp.com\/le-fort.org\/cocina\/wp-content\/uploads\/2018\/01\/empanada-hd.jpg?fit=1200%2C400&ssl=1&resize=1050%2C600 3x"},"classes":[]},{"id":4447,"url":"https:\/\/le-fort.org\/cocina\/la-fuente-chilena-de-ambato\/","url_meta":{"origin":16739,"position":4},"title":"La Fuente Chilena de Ambato","author":"Le-Fort.org","date":"23 de Junio, 2013","format":false,"excerpt":"Por casualidad conocimos la Fuente Chilena en Ambato: Acogedor local, buenos s\u00e1nguches, buenas empanadas y gente muy agradable. Una muy agradable experiencia.","rel":"","context":"En &quot;Locales&quot;","block_context":{"text":"Locales","link":"https:\/\/le-fort.org\/cocina\/categoria\/locales\/"},"img":{"alt_text":"","src":"https:\/\/i0.wp.com\/le-fort.org\/cocina\/wp-content\/uploads\/2013\/06\/empanada-hd.jpg?fit=620%2C250&ssl=1&resize=350%2C200","width":350,"height":200,"srcset":"https:\/\/i0.wp.com\/le-fort.org\/cocina\/wp-content\/uploads\/2013\/06\/empanada-hd.jpg?fit=620%2C250&ssl=1&resize=350%2C200 1x, https:\/\/i0.wp.com\/le-fort.org\/cocina\/wp-content\/uploads\/2013\/06\/empanada-hd.jpg?fit=620%2C250&ssl=1&resize=525%2C300 1.5x"},"classes":[]},{"id":14167,"url":"https:\/\/le-fort.org\/cocina\/empanadas-horno-loja\/","url_meta":{"origin":16739,"position":5},"title":"Empanadas al Horno en Loja","author":"Le-Fort.org","date":"9 de Junio, 2019","format":false,"excerpt":"Empanadas en Loja. Taller de empanadas al horno en Loja, con empanadas chilenas, argentinas, de Israel, etc.","rel":"","context":"En &quot;Educaci\u00f3n&quot;","block_context":{"text":"Educaci\u00f3n","link":"https:\/\/le-fort.org\/cocina\/categoria\/educacion\/"},"img":{"alt_text":"","src":"https:\/\/i0.wp.com\/le-fort.org\/cocina\/wp-content\/uploads\/2019\/06\/empanadas-hd.jpg?fit=1200%2C400&ssl=1&resize=350%2C200","width":350,"height":200,"srcset":"https:\/\/i0.wp.com\/le-fort.org\/cocina\/wp-content\/uploads\/2019\/06\/empanadas-hd.jpg?fit=1200%2C400&ssl=1&resize=350%2C200 1x, https:\/\/i0.wp.com\/le-fort.org\/cocina\/wp-content\/uploads\/2019\/06\/empanadas-hd.jpg?fit=1200%2C400&ssl=1&resize=525%2C300 1.5x, https:\/\/i0.wp.com\/le-fort.org\/cocina\/wp-content\/uploads\/2019\/06\/empanadas-hd.jpg?fit=1200%2C400&ssl=1&resize=700%2C400 2x, https:\/\/i0.wp.com\/le-fort.org\/cocina\/wp-content\/uploads\/2019\/06\/empanadas-hd.jpg?fit=1200%2C400&ssl=1&resize=1050%2C600 3x"},"classes":[]}],"_links":{"self":[{"href":"https:\/\/le-fort.org\/cocina\/wp-json\/wp\/v2\/posts\/16739","targetHints":{"allow":["GET"]}}],"collection":[{"href":"https:\/\/le-fort.org\/cocina\/wp-json\/wp\/v2\/posts"}],"about":[{"href":"https:\/\/le-fort.org\/cocina\/wp-json\/wp\/v2\/types\/post"}],"author":[{"embeddable":true,"href":"https:\/\/le-fort.org\/cocina\/wp-json\/wp\/v2\/users\/1"}],"replies":[{"embeddable":true,"href":"https:\/\/le-fort.org\/cocina\/wp-json\/wp\/v2\/comments?post=16739"}],"version-history":[{"count":6,"href":"https:\/\/le-fort.org\/cocina\/wp-json\/wp\/v2\/posts\/16739\/revisions"}],"predecessor-version":[{"id":16765,"href":"https:\/\/le-fort.org\/cocina\/wp-json\/wp\/v2\/posts\/16739\/revisions\/16765"}],"wp:featuredmedia":[{"embeddable":true,"href":"https:\/\/le-fort.org\/cocina\/wp-json\/wp\/v2\/media\/13611"}],"wp:attachment":[{"href":"https:\/\/le-fort.org\/cocina\/wp-json\/wp\/v2\/media?parent=16739"}],"wp:term":[{"taxonomy":"category","embeddable":true,"href":"https:\/\/le-fort.org\/cocina\/wp-json\/wp\/v2\/categories?post=16739"},{"taxonomy":"post_tag","embeddable":true,"href":"https:\/\/le-fort.org\/cocina\/wp-json\/wp\/v2\/tags?post=16739"}],"curies":[{"name":"wp","href":"https:\/\/api.w.org\/{rel}","templated":true}]}}