{"id":16994,"date":"2024-01-30T20:27:02","date_gmt":"2024-01-31T01:27:02","guid":{"rendered":"https:\/\/le-fort.org\/?p=16994"},"modified":"2024-09-14T08:33:40","modified_gmt":"2024-09-14T13:33:40","slug":"competencias-manipulacion-higienica-de-alimentos-mercado-portoviejo","status":"publish","type":"post","link":"https:\/\/le-fort.org\/cocina\/competencias-manipulacion-higienica-de-alimentos-mercado-portoviejo\/","title":{"rendered":"Competencias en manipulaci\u00f3n higi\u00e9nica de alimentos en el Mercado Plaza Central de Portoviejo"},"content":{"rendered":"<p>Como parte de nuestros estudios acabamos de publicar el art\u00edculo <a href=\"https:\/\/remca.umet.edu.ec\/index.php\/REMCA\/article\/view\/687\" target=\"_blank\" rel=\"noopener\">Competencias en manipulaci\u00f3n higi\u00e9nica de alimentos de los preparadores de alimentos del Mercado Plaza Central de Portoviejo<\/a>. En \u00e9l analizamos los conocimientos, habilidades y actitudes de los administradores de locales del Mercado para detectar necesidades de capacitaci\u00f3n.<\/p>\n<p>Aunque venga de cerca, les recomendamos el art\u00edculo.<\/p>\n<p>Cita<\/p>\n<blockquote><p>Rojas-Le-Fort, M. ., &amp; Duarte-Casar, R. . (2024). Competencias en manipulaci\u00f3n higi\u00e9nica de alimentos de los preparadores de alimentos del Mercado Plaza Central de Portoviejo.\u00a0<i>Revista Metropolitana De Ciencias Aplicadas<\/i>,\u00a0<i>7<\/i>(1), 244-255.\u00a0<a href=\"https:\/\/doi.org\/10.62452\/65m4vz22\">https:\/\/doi.org\/10.62452\/65m4vz22<\/a><\/p><\/blockquote>\n","protected":false},"excerpt":{"rendered":"<p>Art\u00edculo publicado<\/p>\n","protected":false},"author":1,"featured_media":14018,"comment_status":"closed","ping_status":"closed","sticky":false,"template":"","format":"standard","meta":{"_jetpack_newsletter_access":"","_jetpack_dont_email_post_to_subs":false,"_jetpack_newsletter_tier_id":0,"_jetpack_memberships_contains_paywalled_content":false,"_jetpack_memberships_contains_paid_content":false,"footnotes":""},"categories":[251],"tags":[],"class_list":["post-16994","post","type-post","status-publish","format-standard","has-post-thumbnail","hentry","category-educacion","entry","has-media"],"jetpack_featured_media_url":"https:\/\/i0.wp.com\/le-fort.org\/cocina\/wp-content\/uploads\/2019\/04\/picaditas-hd.jpg?fit=1500%2C500&ssl=1","jetpack_shortlink":"https:\/\/wp.me\/pghKer-4q6","jetpack_sharing_enabled":true,"jetpack-related-posts":[{"id":14634,"url":"https:\/\/le-fort.org\/cocina\/copa-culinaria-portoviejo-2019\/","url_meta":{"origin":16994,"position":0},"title":"Copa Culinaria Portoviejo 2019","author":"Le-Fort.org","date":"2 de Noviembre, 2019","format":false,"excerpt":"Copa Culinaria Portoviejo 2019, en la que participaron las finalistas de las 7 parroquias rurales de Portoviejo. Fue un privilegio haber sido invitados.","rel":"","context":"En &quot;General&quot;","block_context":{"text":"General","link":"https:\/\/le-fort.org\/cocina\/categoria\/general\/"},"img":{"alt_text":"","src":"https:\/\/i0.wp.com\/le-fort.org\/cocina\/wp-content\/uploads\/2019\/11\/premio-hd.jpg?fit=1200%2C400&ssl=1&resize=350%2C200","width":350,"height":200,"srcset":"https:\/\/i0.wp.com\/le-fort.org\/cocina\/wp-content\/uploads\/2019\/11\/premio-hd.jpg?fit=1200%2C400&ssl=1&resize=350%2C200 1x, https:\/\/i0.wp.com\/le-fort.org\/cocina\/wp-content\/uploads\/2019\/11\/premio-hd.jpg?fit=1200%2C400&ssl=1&resize=525%2C300 1.5x, https:\/\/i0.wp.com\/le-fort.org\/cocina\/wp-content\/uploads\/2019\/11\/premio-hd.jpg?fit=1200%2C400&ssl=1&resize=700%2C400 2x, https:\/\/i0.wp.com\/le-fort.org\/cocina\/wp-content\/uploads\/2019\/11\/premio-hd.jpg?fit=1200%2C400&ssl=1&resize=1050%2C600 3x"},"classes":[]},{"id":9790,"url":"https:\/\/le-fort.org\/cocina\/inocuidad-alimentaria-en-la-troncal\/","url_meta":{"origin":16994,"position":1},"title":"Inocuidad Alimentaria en La Troncal","author":"Le-Fort.org","date":"22 de Octubre, 2017","format":false,"excerpt":"Curso introductorio de manipulaci\u00f3n de alimentos con \u00e9nfasis en la inocuidad alimentaria en La Troncal, Provincia de Ca\u00f1ar. Organizaci\u00f3n de la Pre C\u00e1mara de Turismo de La Troncal y la JCDA-T","rel":"","context":"En &quot;Ecuador&quot;","block_context":{"text":"Ecuador","link":"https:\/\/le-fort.org\/cocina\/categoria\/ecuador\/"},"img":{"alt_text":"","src":"https:\/\/i0.wp.com\/le-fort.org\/cocina\/wp-content\/uploads\/2017\/10\/inocuidad-hd.jpg?fit=1200%2C400&ssl=1&resize=350%2C200","width":350,"height":200,"srcset":"https:\/\/i0.wp.com\/le-fort.org\/cocina\/wp-content\/uploads\/2017\/10\/inocuidad-hd.jpg?fit=1200%2C400&ssl=1&resize=350%2C200 1x, https:\/\/i0.wp.com\/le-fort.org\/cocina\/wp-content\/uploads\/2017\/10\/inocuidad-hd.jpg?fit=1200%2C400&ssl=1&resize=525%2C300 1.5x, https:\/\/i0.wp.com\/le-fort.org\/cocina\/wp-content\/uploads\/2017\/10\/inocuidad-hd.jpg?fit=1200%2C400&ssl=1&resize=700%2C400 2x, https:\/\/i0.wp.com\/le-fort.org\/cocina\/wp-content\/uploads\/2017\/10\/inocuidad-hd.jpg?fit=1200%2C400&ssl=1&resize=1050%2C600 3x"},"classes":[]},{"id":14348,"url":"https:\/\/le-fort.org\/cocina\/manipulacion-nutricion-azogues\/","url_meta":{"origin":16994,"position":2},"title":"Manipulaci\u00f3n, Nutrici\u00f3n y Cocina de Aprovechamiento en Azogues","author":"Le-Fort.org","date":"22 de Agosto, 2019","format":false,"excerpt":"Los d\u00edas 19, 20 y 21 de agosto estuvimos en la ciudad de Azogues impartiendo un curso de manipulaci\u00f3n de alimentos, nutrici\u00f3n y sostenibilidad y cocina de aprovechamiento en la C\u00e1mara de Comercio de Industrias de Azogues. Fue un placer volver despu\u00e9s de casi un a\u00f1o. Nos encant\u00f3 el nivel\u2026","rel":"","context":"En &quot;Educaci\u00f3n&quot;","block_context":{"text":"Educaci\u00f3n","link":"https:\/\/le-fort.org\/cocina\/categoria\/educacion\/"},"img":{"alt_text":"","src":"https:\/\/i0.wp.com\/le-fort.org\/cocina\/wp-content\/uploads\/2019\/08\/azogues-hd.jpg?fit=1200%2C400&ssl=1&resize=350%2C200","width":350,"height":200,"srcset":"https:\/\/i0.wp.com\/le-fort.org\/cocina\/wp-content\/uploads\/2019\/08\/azogues-hd.jpg?fit=1200%2C400&ssl=1&resize=350%2C200 1x, https:\/\/i0.wp.com\/le-fort.org\/cocina\/wp-content\/uploads\/2019\/08\/azogues-hd.jpg?fit=1200%2C400&ssl=1&resize=525%2C300 1.5x, https:\/\/i0.wp.com\/le-fort.org\/cocina\/wp-content\/uploads\/2019\/08\/azogues-hd.jpg?fit=1200%2C400&ssl=1&resize=700%2C400 2x, https:\/\/i0.wp.com\/le-fort.org\/cocina\/wp-content\/uploads\/2019\/08\/azogues-hd.jpg?fit=1200%2C400&ssl=1&resize=1050%2C600 3x"},"classes":[]},{"id":16446,"url":"https:\/\/le-fort.org\/cocina\/panaderia-en-portoviejo\/","url_meta":{"origin":16994,"position":3},"title":"Panader\u00eda en Portoviejo","author":"Le-Fort.org","date":"18 de Marzo, 2022","format":false,"excerpt":"Con las manos en la masa en Manab\u00ed","rel":"","context":"En &quot;Educaci\u00f3n&quot;","block_context":{"text":"Educaci\u00f3n","link":"https:\/\/le-fort.org\/cocina\/categoria\/educacion\/"},"img":{"alt_text":"","src":"https:\/\/i0.wp.com\/le-fort.org\/cocina\/wp-content\/uploads\/2022\/03\/panaderia-portoviejo-hd.jpg?fit=1200%2C400&ssl=1&resize=350%2C200","width":350,"height":200,"srcset":"https:\/\/i0.wp.com\/le-fort.org\/cocina\/wp-content\/uploads\/2022\/03\/panaderia-portoviejo-hd.jpg?fit=1200%2C400&ssl=1&resize=350%2C200 1x, https:\/\/i0.wp.com\/le-fort.org\/cocina\/wp-content\/uploads\/2022\/03\/panaderia-portoviejo-hd.jpg?fit=1200%2C400&ssl=1&resize=525%2C300 1.5x, https:\/\/i0.wp.com\/le-fort.org\/cocina\/wp-content\/uploads\/2022\/03\/panaderia-portoviejo-hd.jpg?fit=1200%2C400&ssl=1&resize=700%2C400 2x, https:\/\/i0.wp.com\/le-fort.org\/cocina\/wp-content\/uploads\/2022\/03\/panaderia-portoviejo-hd.jpg?fit=1200%2C400&ssl=1&resize=1050%2C600 3x"},"classes":[]},{"id":16671,"url":"https:\/\/le-fort.org\/cocina\/feed-the-planet-portoviejo\/","url_meta":{"origin":16994,"position":4},"title":"Feed the Planet &#8211; Portoviejo","author":"Le-Fort.org","date":"24 de Julio, 2022","format":false,"excerpt":"Curso Feed the Planet en la Universidad T\u00e9cnica de Manab\u00ed, en Portoviejo.","rel":"","context":"En &quot;Educaci\u00f3n&quot;","block_context":{"text":"Educaci\u00f3n","link":"https:\/\/le-fort.org\/cocina\/categoria\/educacion\/"},"img":{"alt_text":"","src":"https:\/\/i0.wp.com\/le-fort.org\/cocina\/wp-content\/uploads\/2021\/08\/feed-the-planet-hd.jpg?fit=1200%2C400&ssl=1&resize=350%2C200","width":350,"height":200,"srcset":"https:\/\/i0.wp.com\/le-fort.org\/cocina\/wp-content\/uploads\/2021\/08\/feed-the-planet-hd.jpg?fit=1200%2C400&ssl=1&resize=350%2C200 1x, https:\/\/i0.wp.com\/le-fort.org\/cocina\/wp-content\/uploads\/2021\/08\/feed-the-planet-hd.jpg?fit=1200%2C400&ssl=1&resize=525%2C300 1.5x, https:\/\/i0.wp.com\/le-fort.org\/cocina\/wp-content\/uploads\/2021\/08\/feed-the-planet-hd.jpg?fit=1200%2C400&ssl=1&resize=700%2C400 2x, https:\/\/i0.wp.com\/le-fort.org\/cocina\/wp-content\/uploads\/2021\/08\/feed-the-planet-hd.jpg?fit=1200%2C400&ssl=1&resize=1050%2C600 3x"},"classes":[]},{"id":11926,"url":"https:\/\/le-fort.org\/cocina\/inocuidad-alimentaria-santa-elena\/","url_meta":{"origin":16994,"position":5},"title":"Curso de Inocuidad Santa Elena","author":"Le-Fort.org","date":"4 de Marzo, 2018","format":false,"excerpt":"Gracias a los Infocentros de la Provincia de Santa Elena y a la Asociaci\u00f3n de Chefs del Ecuador, tuvimos la oportunidad de hacer una peque\u00f1a gira dando un curso de\u00a0inocuidad alimentaria a personas interesadas en aprender y en actualizar sus conocimientos al respecto. Nos movimos mucho por la provincia. Los\u2026","rel":"","context":"En &quot;Educaci\u00f3n&quot;","block_context":{"text":"Educaci\u00f3n","link":"https:\/\/le-fort.org\/cocina\/categoria\/educacion\/"},"img":{"alt_text":"","src":"https:\/\/i0.wp.com\/le-fort.org\/cocina\/wp-content\/uploads\/2018\/03\/santa-elena-hd-1.jpg?fit=1200%2C400&ssl=1&resize=350%2C200","width":350,"height":200,"srcset":"https:\/\/i0.wp.com\/le-fort.org\/cocina\/wp-content\/uploads\/2018\/03\/santa-elena-hd-1.jpg?fit=1200%2C400&ssl=1&resize=350%2C200 1x, https:\/\/i0.wp.com\/le-fort.org\/cocina\/wp-content\/uploads\/2018\/03\/santa-elena-hd-1.jpg?fit=1200%2C400&ssl=1&resize=525%2C300 1.5x, https:\/\/i0.wp.com\/le-fort.org\/cocina\/wp-content\/uploads\/2018\/03\/santa-elena-hd-1.jpg?fit=1200%2C400&ssl=1&resize=700%2C400 2x, https:\/\/i0.wp.com\/le-fort.org\/cocina\/wp-content\/uploads\/2018\/03\/santa-elena-hd-1.jpg?fit=1200%2C400&ssl=1&resize=1050%2C600 3x"},"classes":[]}],"_links":{"self":[{"href":"https:\/\/le-fort.org\/cocina\/wp-json\/wp\/v2\/posts\/16994","targetHints":{"allow":["GET"]}}],"collection":[{"href":"https:\/\/le-fort.org\/cocina\/wp-json\/wp\/v2\/posts"}],"about":[{"href":"https:\/\/le-fort.org\/cocina\/wp-json\/wp\/v2\/types\/post"}],"author":[{"embeddable":true,"href":"https:\/\/le-fort.org\/cocina\/wp-json\/wp\/v2\/users\/1"}],"replies":[{"embeddable":true,"href":"https:\/\/le-fort.org\/cocina\/wp-json\/wp\/v2\/comments?post=16994"}],"version-history":[{"count":2,"href":"https:\/\/le-fort.org\/cocina\/wp-json\/wp\/v2\/posts\/16994\/revisions"}],"predecessor-version":[{"id":17033,"href":"https:\/\/le-fort.org\/cocina\/wp-json\/wp\/v2\/posts\/16994\/revisions\/17033"}],"wp:featuredmedia":[{"embeddable":true,"href":"https:\/\/le-fort.org\/cocina\/wp-json\/wp\/v2\/media\/14018"}],"wp:attachment":[{"href":"https:\/\/le-fort.org\/cocina\/wp-json\/wp\/v2\/media?parent=16994"}],"wp:term":[{"taxonomy":"category","embeddable":true,"href":"https:\/\/le-fort.org\/cocina\/wp-json\/wp\/v2\/categories?post=16994"},{"taxonomy":"post_tag","embeddable":true,"href":"https:\/\/le-fort.org\/cocina\/wp-json\/wp\/v2\/tags?post=16994"}],"curies":[{"name":"wp","href":"https:\/\/api.w.org\/{rel}","templated":true}]}}