{"id":1745,"date":"2013-01-14T11:54:04","date_gmt":"2013-01-14T14:54:04","guid":{"rendered":"http:\/\/www.duarte.cl\/?p=1745"},"modified":"2015-11-05T00:34:25","modified_gmt":"2015-11-05T05:34:25","slug":"especias-pimienta-negra","status":"publish","type":"post","link":"https:\/\/le-fort.org\/cocina\/especias-pimienta-negra\/","title":{"rendered":"Pimienta Negra (Especia)"},"content":{"rendered":"<p><img data-recalc-dims=\"1\" loading=\"lazy\" decoding=\"async\" data-attachment-id=\"4914\" data-permalink=\"https:\/\/le-fort.org\/cocina\/especias-pimienta-negra\/pipernigrum\/\" data-orig-file=\"https:\/\/i0.wp.com\/le-fort.org\/cocina\/wp-content\/uploads\/2013\/01\/pipernigrum.jpg?fit=150%2C146&amp;ssl=1\" data-orig-size=\"150,146\" data-comments-opened=\"0\" data-image-meta=\"{&quot;aperture&quot;:&quot;0&quot;,&quot;credit&quot;:&quot;&quot;,&quot;camera&quot;:&quot;&quot;,&quot;caption&quot;:&quot;&quot;,&quot;created_timestamp&quot;:&quot;0&quot;,&quot;copyright&quot;:&quot;&quot;,&quot;focal_length&quot;:&quot;0&quot;,&quot;iso&quot;:&quot;0&quot;,&quot;shutter_speed&quot;:&quot;0&quot;,&quot;title&quot;:&quot;&quot;,&quot;orientation&quot;:&quot;0&quot;}\" data-image-title=\"pipernigrum\" data-image-description=\"\" data-image-caption=\"\" data-large-file=\"https:\/\/i0.wp.com\/le-fort.org\/cocina\/wp-content\/uploads\/2013\/01\/pipernigrum.jpg?fit=150%2C146&amp;ssl=1\" class=\"alignleft size-full wp-image-4914\" src=\"https:\/\/i0.wp.com\/www.le-fort.org\/wp-content\/uploads\/2013\/01\/pipernigrum.jpg?resize=150%2C146&#038;ssl=1\" alt=\"pipernigrum\" width=\"150\" height=\"146\" \/>La Pimienta Negra (<em>Piper Nigrum\u00a0<\/em>para los amantes del correcaminos) es una especia com\u00fan en nuestras cocinas; que usualmente se encuentra molida en forma de polvo, otras molida en part\u00edculas un poco m\u00e1s grandes, y se encuentra cada vez m\u00e1s entera, de la mano de un molinillo.<\/p>\n<p>Se utiliza tambi\u00e9n la pimienta blanca, que es la misma especie que la negra, pero sin c\u00e1scara. Aqu\u00ed nos gusta m\u00e1s la pimienta negra porque es m\u00e1s fragante.<\/p>\n<p><!--more-->La pimienta negra tiene un mont\u00f3n de historia. Es originaria del sudeste asi\u00e1tico, y lleg\u00f3 en la antig\u00fcedad a Egipto, donde se utilizaba en el proceso de momificaci\u00f3n.<\/p>\n<p>Los romanos eran entusiastas usuarios de la pimienta. Utilizaban dos variedades: la pimienta negra y la pimienta larga (<em>Piper Longum<\/em>). El uso de esta \u00faltima decay\u00f3 despu\u00e9s de que de descubriera y masificara el aj\u00ed. A tanto lleg\u00f3 el aprecio por esta especia que se utilizaba como moneda, y se supone que los rescates exigidos por Alarico y Atila para no destruir Roma inclu\u00edan m\u00e1s de una tonelada de pimienta.<\/p>\n<p>En la Edad Media era un elemento de lujo, utilizado por la nobleza. Hay una noci\u00f3n com\u00fan de que la pimienta se utilizaba para disfrazar el gusto de la carne podrida en tiempos Medievales. Esto es improbable por:<\/p>\n<ol>\n<li>El precio de la pimienta. Pod\u00eda llegar a tener una equivalencia de un gramo de pimienta por un gramo de oro.<\/li>\n<li>En la Edad Media (y mucho antes) la gente conoc\u00eda t\u00e9cnicas de preservaci\u00f3n como el salado y el secado.<\/li>\n<\/ol>\n<p>Quiz\u00e1 se utilizaba para mejorar el sabor de las carnes preservadas.<\/p>\n<p>El valor monetario del comercio de la pimienta impuls\u00f3 los viajes portugueses de descubrimiento del siglo XV, para romper el monopolio que detentaba Italia (que a\u00fan no exist\u00eda). A los portugueses les dur\u00f3 poco, y pronto fueron desplazados por los ingleses y holandeses (lero lero). Hoy en d\u00eda, a precios bastante m\u00e1s razonables, la pimienta es responsable por un 20% del comercio de especias en el mundo.<\/p>\n<p>Pero en nuestra cocina es donde la pimienta es realmente importante.<\/p>\n<p>La pimienta en polvo pica, pero pierde el aroma.<\/p>\n<p>La pimienta blanca pica pero pierde el aroma. El aroma de la pimienta est\u00e1 en la c\u00e1scara y el picante, en la c\u00e1scara y la semilla.<\/p>\n<p>Por eso no hay como un molinillo de pimienta en la cocina. Idealmente, seg\u00fan los habitantes de esta casa, el molinillo debe moler la pimienta en trozos grandes. Incluso \u2013y esta es una de las gracias de la comida india y de algunos encurtidos\u2013 la sorpresa de morder un grano de pimienta entero y sentir el aroma levemente c\u00edtricoy picante expandirse por la boca es una especie de premio\u2026 si a uno le gustan esas sensaciones.<\/p>\n<p>Los usos son legi\u00f3n: en comida salada, la pimienta es omnipresente, a tal nivel que tenemos el verbo <strong>salpimentar<\/strong> en nuestro idioma. Se utiliza tambi\u00e9n en postres. Lo he visto sobre todo con frutillas y recuerdo un chocolate con frutilla y pimienta muy, muy bueno. En brebajes tambi\u00e9n se asoma, principalmente en el delicioso <em>Masala Chai<\/em>, ideal para el fr\u00edo.<\/p>\n<p>No entremos en la parte m\u00e9dica, que hay harto al respecto, pero que no nos incumbe directamente.<\/p>\n<p style=\"text-align: center;\"><img data-recalc-dims=\"1\" loading=\"lazy\" decoding=\"async\" class=\"aligncenter\" title=\"Pimienta Negra\" src=\"https:\/\/i0.wp.com\/www.duarte.cl\/wp-content\/uploads\/2012\/03\/Black-Pepper.jpg?resize=450%2C338\" alt=\"Pimienta Negra\" width=\"450\" height=\"338\" \/><\/p>\n<p>&nbsp;<\/p>\n<p>Y t\u00fa, \u00bfcu\u00e1nta pimienta le pones a tu vida?<\/p>\n","protected":false},"excerpt":{"rendered":"<p>Hablemos sobre la pimienta.<\/p>\n","protected":false},"author":1,"featured_media":6941,"comment_status":"open","ping_status":"closed","sticky":false,"template":"","format":"standard","meta":{"_jetpack_newsletter_access":"","_jetpack_dont_email_post_to_subs":false,"_jetpack_newsletter_tier_id":0,"_jetpack_memberships_contains_paywalled_content":false,"_jetpack_memberships_contains_paid_content":false,"footnotes":""},"categories":[19,14],"tags":[355,354,343,36],"class_list":["post-1745","post","type-post","status-publish","format-standard","has-post-thumbnail","hentry","category-cocina-comida","category-condimentos-especias","tag-cocina-comida","tag-especias","tag-glosario","tag-pimienta","entry","has-media"],"jetpack_featured_media_url":"https:\/\/i0.wp.com\/le-fort.org\/cocina\/wp-content\/uploads\/2013\/01\/pimienta-hd.jpg?fit=1200%2C398&ssl=1","jetpack_shortlink":"https:\/\/wp.me\/pghKer-s9","jetpack_sharing_enabled":true,"jetpack-related-posts":[{"id":5728,"url":"https:\/\/le-fort.org\/cocina\/pimienta-de-jamaica-una-especia-del-nuevo-mundo\/","url_meta":{"origin":1745,"position":0},"title":"Pimienta de Jamaica","author":"Le-Fort.org","date":"8 de Septiembre, 2014","format":false,"excerpt":"La Pimienta de Jamaica se conoce tambi\u00e9n por una serie de otros nombres: pimienta dulce, pimienta de olor, pimienta gorda, todaespecia (traducido del ingl\u00e9s Allspice), pimienta inglesa, malagueta, Tabasca, pimienta de chapa, etc. Es -junto con la vainilla y el aj\u00ed- de las pocas especias de origen americano que se\u2026","rel":"","context":"En &quot;Condimentos y Especias&quot;","block_context":{"text":"Condimentos y Especias","link":"https:\/\/le-fort.org\/cocina\/categoria\/condimentos-especias\/"},"img":{"alt_text":"","src":"https:\/\/i0.wp.com\/le-fort.org\/cocina\/wp-content\/uploads\/2011\/07\/pimienta-de-jamaica-hd.jpg?fit=1200%2C400&ssl=1&resize=350%2C200","width":350,"height":200,"srcset":"https:\/\/i0.wp.com\/le-fort.org\/cocina\/wp-content\/uploads\/2011\/07\/pimienta-de-jamaica-hd.jpg?fit=1200%2C400&ssl=1&resize=350%2C200 1x, https:\/\/i0.wp.com\/le-fort.org\/cocina\/wp-content\/uploads\/2011\/07\/pimienta-de-jamaica-hd.jpg?fit=1200%2C400&ssl=1&resize=525%2C300 1.5x, https:\/\/i0.wp.com\/le-fort.org\/cocina\/wp-content\/uploads\/2011\/07\/pimienta-de-jamaica-hd.jpg?fit=1200%2C400&ssl=1&resize=700%2C400 2x, https:\/\/i0.wp.com\/le-fort.org\/cocina\/wp-content\/uploads\/2011\/07\/pimienta-de-jamaica-hd.jpg?fit=1200%2C400&ssl=1&resize=1050%2C600 3x"},"classes":[]},{"id":1674,"url":"https:\/\/le-fort.org\/cocina\/receta-de-garam-masala\/","url_meta":{"origin":1745,"position":1},"title":"Garam Masala","author":"Le-Fort.org","date":"5 de Diciembre, 2011","format":false,"excerpt":"Receta de Garam Masala, mezcla de especias muy com\u00fan \u2013y apreciada\u2013 en cocina de la india","rel":"","context":"En &quot;Comida&quot;","block_context":{"text":"Comida","link":"https:\/\/le-fort.org\/cocina\/categoria\/cocina-comida\/"},"img":{"alt_text":"","src":"https:\/\/i0.wp.com\/le-fort.org\/cocina\/wp-content\/uploads\/2011\/12\/garam-masala-entero-hd.jpg?fit=1200%2C400&ssl=1&resize=350%2C200","width":350,"height":200,"srcset":"https:\/\/i0.wp.com\/le-fort.org\/cocina\/wp-content\/uploads\/2011\/12\/garam-masala-entero-hd.jpg?fit=1200%2C400&ssl=1&resize=350%2C200 1x, https:\/\/i0.wp.com\/le-fort.org\/cocina\/wp-content\/uploads\/2011\/12\/garam-masala-entero-hd.jpg?fit=1200%2C400&ssl=1&resize=525%2C300 1.5x, https:\/\/i0.wp.com\/le-fort.org\/cocina\/wp-content\/uploads\/2011\/12\/garam-masala-entero-hd.jpg?fit=1200%2C400&ssl=1&resize=700%2C400 2x, https:\/\/i0.wp.com\/le-fort.org\/cocina\/wp-content\/uploads\/2011\/12\/garam-masala-entero-hd.jpg?fit=1200%2C400&ssl=1&resize=1050%2C600 3x"},"classes":[]},{"id":10158,"url":"https:\/\/le-fort.org\/cocina\/shakshuka\/","url_meta":{"origin":1745,"position":2},"title":"Shakshuka","author":"Le-Fort.org","date":"2 de Noviembre, 2017","format":false,"excerpt":"La shakshuka es un plato de huevos y tomate de origen levantino, que es una delicia a la hora del desayuno.","rel":"","context":"En &quot;Recetas&quot;","block_context":{"text":"Recetas","link":"https:\/\/le-fort.org\/cocina\/categoria\/recetas\/"},"img":{"alt_text":"","src":"https:\/\/i0.wp.com\/le-fort.org\/cocina\/wp-content\/uploads\/2017\/11\/shakshuka-hd.jpg?fit=1200%2C400&ssl=1&resize=350%2C200","width":350,"height":200,"srcset":"https:\/\/i0.wp.com\/le-fort.org\/cocina\/wp-content\/uploads\/2017\/11\/shakshuka-hd.jpg?fit=1200%2C400&ssl=1&resize=350%2C200 1x, https:\/\/i0.wp.com\/le-fort.org\/cocina\/wp-content\/uploads\/2017\/11\/shakshuka-hd.jpg?fit=1200%2C400&ssl=1&resize=525%2C300 1.5x, https:\/\/i0.wp.com\/le-fort.org\/cocina\/wp-content\/uploads\/2017\/11\/shakshuka-hd.jpg?fit=1200%2C400&ssl=1&resize=700%2C400 2x, https:\/\/i0.wp.com\/le-fort.org\/cocina\/wp-content\/uploads\/2017\/11\/shakshuka-hd.jpg?fit=1200%2C400&ssl=1&resize=1050%2C600 3x"},"classes":[]},{"id":7049,"url":"https:\/\/le-fort.org\/cocina\/cacio-e-pepe-una-pasta-muy-simple\/","url_meta":{"origin":1745,"position":3},"title":"Cacio e Pepe: Queso y Pimienta","author":"Le-Fort.org","date":"8 de Diciembre, 2015","format":false,"excerpt":"Si te gustan la pimienta negra\u00a0y el queso, esta Pasta Cacio e Pepe te va a encantar. Nosotros la conocimos gracias al twitter de rectaprovincia\u00a0y fueron un \u00e9xito. La l\u00f3gica de este plato es formar una salsa con el agua de cocci\u00f3n de la pasta y un queso que se\u2026","rel":"","context":"En &quot;Recetas&quot;","block_context":{"text":"Recetas","link":"https:\/\/le-fort.org\/cocina\/categoria\/recetas\/"},"img":{"alt_text":"","src":"https:\/\/i0.wp.com\/le-fort.org\/cocina\/wp-content\/uploads\/2015\/12\/cacio-e-pepe-hd.jpg?fit=1200%2C400&ssl=1&resize=350%2C200","width":350,"height":200,"srcset":"https:\/\/i0.wp.com\/le-fort.org\/cocina\/wp-content\/uploads\/2015\/12\/cacio-e-pepe-hd.jpg?fit=1200%2C400&ssl=1&resize=350%2C200 1x, https:\/\/i0.wp.com\/le-fort.org\/cocina\/wp-content\/uploads\/2015\/12\/cacio-e-pepe-hd.jpg?fit=1200%2C400&ssl=1&resize=525%2C300 1.5x, https:\/\/i0.wp.com\/le-fort.org\/cocina\/wp-content\/uploads\/2015\/12\/cacio-e-pepe-hd.jpg?fit=1200%2C400&ssl=1&resize=700%2C400 2x, https:\/\/i0.wp.com\/le-fort.org\/cocina\/wp-content\/uploads\/2015\/12\/cacio-e-pepe-hd.jpg?fit=1200%2C400&ssl=1&resize=1050%2C600 3x"},"classes":[]},{"id":5129,"url":"https:\/\/le-fort.org\/cocina\/diferencias-entre-la-curcuma-y-el-curry\/","url_meta":{"origin":1745,"position":4},"title":"La C\u00farcuma y el Curry","author":"Le-Fort.org","date":"9 de Enero, 2014","format":false,"excerpt":"La c\u00farcuma y el curry no son lo mismo. La c\u00farcuma es un pariente del jengibre, mientras que el curry es una mezcla de especias que contiene c\u00farcuma.","rel":"","context":"En &quot;Ingredientes&quot;","block_context":{"text":"Ingredientes","link":"https:\/\/le-fort.org\/cocina\/categoria\/ingredientes\/"},"img":{"alt_text":"","src":"https:\/\/i0.wp.com\/le-fort.org\/cocina\/wp-content\/uploads\/2014\/01\/curcuma-curry-hd.jpg?fit=1200%2C400&ssl=1&resize=350%2C200","width":350,"height":200,"srcset":"https:\/\/i0.wp.com\/le-fort.org\/cocina\/wp-content\/uploads\/2014\/01\/curcuma-curry-hd.jpg?fit=1200%2C400&ssl=1&resize=350%2C200 1x, https:\/\/i0.wp.com\/le-fort.org\/cocina\/wp-content\/uploads\/2014\/01\/curcuma-curry-hd.jpg?fit=1200%2C400&ssl=1&resize=525%2C300 1.5x, https:\/\/i0.wp.com\/le-fort.org\/cocina\/wp-content\/uploads\/2014\/01\/curcuma-curry-hd.jpg?fit=1200%2C400&ssl=1&resize=700%2C400 2x, https:\/\/i0.wp.com\/le-fort.org\/cocina\/wp-content\/uploads\/2014\/01\/curcuma-curry-hd.jpg?fit=1200%2C400&ssl=1&resize=1050%2C600 3x"},"classes":[]},{"id":9280,"url":"https:\/\/le-fort.org\/cocina\/pepinillos-dill-encurtidos\/","url_meta":{"origin":1745,"position":5},"title":"Pepinillos Dill: Encurtidos","author":"Le-Fort.org","date":"26 de Abril, 2017","format":false,"excerpt":"Receta de pepinillos dill: un pickle (o encurtido) de pepinillos m\u00e1s suave y arom\u00e1tico que el t\u00edpico que encontramos en los supermercados.","rel":"","context":"En &quot;General&quot;","block_context":{"text":"General","link":"https:\/\/le-fort.org\/cocina\/categoria\/general\/"},"img":{"alt_text":"","src":"https:\/\/i0.wp.com\/le-fort.org\/cocina\/wp-content\/uploads\/2017\/04\/pepinillos-hd.jpg?fit=1200%2C400&ssl=1&resize=350%2C200","width":350,"height":200,"srcset":"https:\/\/i0.wp.com\/le-fort.org\/cocina\/wp-content\/uploads\/2017\/04\/pepinillos-hd.jpg?fit=1200%2C400&ssl=1&resize=350%2C200 1x, https:\/\/i0.wp.com\/le-fort.org\/cocina\/wp-content\/uploads\/2017\/04\/pepinillos-hd.jpg?fit=1200%2C400&ssl=1&resize=525%2C300 1.5x, https:\/\/i0.wp.com\/le-fort.org\/cocina\/wp-content\/uploads\/2017\/04\/pepinillos-hd.jpg?fit=1200%2C400&ssl=1&resize=700%2C400 2x, https:\/\/i0.wp.com\/le-fort.org\/cocina\/wp-content\/uploads\/2017\/04\/pepinillos-hd.jpg?fit=1200%2C400&ssl=1&resize=1050%2C600 3x"},"classes":[]}],"_links":{"self":[{"href":"https:\/\/le-fort.org\/cocina\/wp-json\/wp\/v2\/posts\/1745","targetHints":{"allow":["GET"]}}],"collection":[{"href":"https:\/\/le-fort.org\/cocina\/wp-json\/wp\/v2\/posts"}],"about":[{"href":"https:\/\/le-fort.org\/cocina\/wp-json\/wp\/v2\/types\/post"}],"author":[{"embeddable":true,"href":"https:\/\/le-fort.org\/cocina\/wp-json\/wp\/v2\/users\/1"}],"replies":[{"embeddable":true,"href":"https:\/\/le-fort.org\/cocina\/wp-json\/wp\/v2\/comments?post=1745"}],"version-history":[{"count":0,"href":"https:\/\/le-fort.org\/cocina\/wp-json\/wp\/v2\/posts\/1745\/revisions"}],"wp:featuredmedia":[{"embeddable":true,"href":"https:\/\/le-fort.org\/cocina\/wp-json\/wp\/v2\/media\/6941"}],"wp:attachment":[{"href":"https:\/\/le-fort.org\/cocina\/wp-json\/wp\/v2\/media?parent=1745"}],"wp:term":[{"taxonomy":"category","embeddable":true,"href":"https:\/\/le-fort.org\/cocina\/wp-json\/wp\/v2\/categories?post=1745"},{"taxonomy":"post_tag","embeddable":true,"href":"https:\/\/le-fort.org\/cocina\/wp-json\/wp\/v2\/tags?post=1745"}],"curies":[{"name":"wp","href":"https:\/\/api.w.org\/{rel}","templated":true}]}}