{"id":1815,"date":"2012-04-24T18:19:57","date_gmt":"2012-04-24T22:19:57","guid":{"rendered":"http:\/\/www.duarte.cl\/?p=1815"},"modified":"2013-07-14T05:17:06","modified_gmt":"2013-07-14T05:17:06","slug":"queque-de-platano-y-coco","status":"publish","type":"post","link":"https:\/\/le-fort.org\/cocina\/queque-de-platano-y-coco\/","title":{"rendered":"Queque de Pl\u00e1tano y Coco: Receta"},"content":{"rendered":"<p><em>Vox Populi, vox Dei.<\/em><\/p>\n<p>Mentira.<\/p>\n<p>Pero igual qued\u00f3 muy bueno este queque, que es parte de la serie de de investigaci\u00f3n para el pastel de cumplea\u00f1os de Marell (quedan menos de 6 meses, hay que apurarse).<\/p>\n<p><a href=\"https:\/\/i0.wp.com\/www.duarte.cl\/wp-content\/uploads\/2012\/04\/2012-04-23_16-32-14_949.jpg\"><img data-recalc-dims=\"1\" loading=\"lazy\" decoding=\"async\" class=\"aligncenter size-full wp-image-1816\" title=\"Tajada\" alt=\"\" src=\"https:\/\/i0.wp.com\/www.duarte.cl\/wp-content\/uploads\/2012\/04\/2012-04-23_16-32-14_949.jpg?resize=1200%2C676\" width=\"1200\" height=\"676\" \/><\/a><\/p>\n<p>Esta primera versi\u00f3n qued\u00f3 muy buena y dice m\u00e1s o menos as\u00ed:<!--more--><\/p>\n<h2>Ingredientes:<\/h2>\n<ul>\n<li>100 grs. de coco rallado<\/li>\n<li>2 huevos<\/li>\n<li>2 tazas de harina<\/li>\n<li>125 grs. de mantequilla<\/li>\n<li>3\/4 taza az\u00facar<\/li>\n<li>1 taza de leche<\/li>\n<li>2 cucharaditas de polvos de hornear<\/li>\n<li>1 cucharadita de canela<\/li>\n<li>1 cucharadita de nuez moscada<\/li>\n<li>1\/2 taza de az\u00facar, para el caramelo<\/li>\n<li>4 pl\u00e1tanos oritos, o 2 bananos.<\/li>\n<\/ul>\n<h2>Preparaci\u00f3n<\/h2>\n<p><a href=\"https:\/\/i0.wp.com\/www.duarte.cl\/wp-content\/uploads\/2012\/04\/P1270889.jpg\"><img data-recalc-dims=\"1\" loading=\"lazy\" decoding=\"async\" class=\"aligncenter size-full wp-image-1817\" title=\"Queque\" alt=\"\" src=\"https:\/\/i0.wp.com\/www.duarte.cl\/wp-content\/uploads\/2012\/04\/P1270889.jpg?resize=1200%2C900\" width=\"1200\" height=\"900\" \/><\/a>Batir az\u00facar, mantequilla y harina hasta que quede espumoso e incorporado. Cernir sobre esta mezcla harina, especias y polvos de hornear. A\u00f1adir el coco rallado e incorporar bien.<\/p>\n<p>Acaramelar un molde de unos 23 cm. de di\u00e1metro y con el caramelo a\u00fan caliente, disponer las tajadas de pl\u00e1tano. Aqu\u00ed nos encanta c\u00f3mo burbujea la fruta al ponerla en el caramelo caliente y luego el sonido que hace el caramelo al quebrarse.<\/p>\n<p>Verter el batido en el molde y llevar a horno medio por aproximadamente una hora.<\/p>\n<p>Desmoldar dado vuelta, dejar que se enfr\u00ede y devorar.<\/p>\n","protected":false},"excerpt":{"rendered":"<p>Receta de un queque volteado experimental de pl\u00e1tano y coco.<\/p>\n","protected":false},"author":1,"featured_media":4787,"comment_status":"open","ping_status":"closed","sticky":false,"template":"","format":"standard","meta":{"_jetpack_newsletter_access":"","_jetpack_dont_email_post_to_subs":false,"_jetpack_newsletter_tier_id":0,"_jetpack_memberships_contains_paywalled_content":false,"_jetpack_memberships_contains_paid_content":false,"footnotes":""},"categories":[19,2,25],"tags":[43,49,68,351,30],"class_list":["post-1815","post","type-post","status-publish","format-standard","has-post-thumbnail","hentry","category-cocina-comida","category-recetas","category-reposteria","tag-coco","tag-platano","tag-queque","tag-recetas","tag-reposteria","entry","has-media"],"jetpack_featured_media_url":"https:\/\/i0.wp.com\/le-fort.org\/cocina\/wp-content\/uploads\/2012\/04\/platano-queque-hd.jpg?fit=700%2C350&ssl=1","jetpack_shortlink":"https:\/\/wp.me\/pghKer-th","jetpack_sharing_enabled":true,"jetpack-related-posts":[{"id":1529,"url":"https:\/\/le-fort.org\/cocina\/receta-queque-de-platano\/","url_meta":{"origin":1815,"position":0},"title":"Queque de pl\u00e1tano de Diego Mollenhauer: La Receta","author":"Le-Fort.org","date":"13 de Octubre, 2011","format":false,"excerpt":"Receta de un excelente queque de pl\u00e1tano que nos prepar\u00f3 Diego cuando lo fuimos a visitar a \u00e9l y Graciela el 2011 \u2013 tambi\u00e9n le dicen pan de pl\u00e1tano.","rel":"","context":"En &quot;Comida&quot;","block_context":{"text":"Comida","link":"https:\/\/le-fort.org\/cocina\/categoria\/cocina-comida\/"},"img":{"alt_text":"Trozo de queque de pl\u00e1tano y un buen caf\u00e9","src":"https:\/\/i0.wp.com\/www.le-fort.org\/wp-content\/uploads\/2011\/10\/P1230970-520x390.jpg?resize=350%2C200&ssl=1","width":350,"height":200},"classes":[]},{"id":5403,"url":"https:\/\/le-fort.org\/cocina\/queque-vegano-de-chocolate-y-platano\/","url_meta":{"origin":1815,"position":1},"title":"Queque Vegano de Chocolate y Pl\u00e1tano","author":"Le-Fort.org","date":"16 de Abril, 2014","format":false,"excerpt":"Receta de queque vegano de chocolate con pl\u00e1tano. Lo curioso es que tiene un poco de vinagre, pero queda excelente.","rel":"","context":"En &quot;Recetas&quot;","block_context":{"text":"Recetas","link":"https:\/\/le-fort.org\/cocina\/categoria\/recetas\/"},"img":{"alt_text":"","src":"https:\/\/i0.wp.com\/le-fort.org\/cocina\/wp-content\/uploads\/2014\/04\/queque-vegano-platano-chocolate-hd.jpg?fit=1200%2C400&ssl=1&resize=350%2C200","width":350,"height":200,"srcset":"https:\/\/i0.wp.com\/le-fort.org\/cocina\/wp-content\/uploads\/2014\/04\/queque-vegano-platano-chocolate-hd.jpg?fit=1200%2C400&ssl=1&resize=350%2C200 1x, https:\/\/i0.wp.com\/le-fort.org\/cocina\/wp-content\/uploads\/2014\/04\/queque-vegano-platano-chocolate-hd.jpg?fit=1200%2C400&ssl=1&resize=525%2C300 1.5x, https:\/\/i0.wp.com\/le-fort.org\/cocina\/wp-content\/uploads\/2014\/04\/queque-vegano-platano-chocolate-hd.jpg?fit=1200%2C400&ssl=1&resize=700%2C400 2x, https:\/\/i0.wp.com\/le-fort.org\/cocina\/wp-content\/uploads\/2014\/04\/queque-vegano-platano-chocolate-hd.jpg?fit=1200%2C400&ssl=1&resize=1050%2C600 3x"},"classes":[]},{"id":5005,"url":"https:\/\/le-fort.org\/cocina\/queque-volteado-de-pina-anana\/","url_meta":{"origin":1815,"position":2},"title":"Queque Volteado de Pi\u00f1a (Anan\u00e1)","author":"Le-Fort.org","date":"9 de Noviembre, 2013","format":false,"excerpt":"Receta del queque volteado de pi\u00f1a (anan\u00e1). F\u00e1cil, r\u00e1pido y delicioso.","rel":"","context":"En &quot;Recetas&quot;","block_context":{"text":"Recetas","link":"https:\/\/le-fort.org\/cocina\/categoria\/recetas\/"},"img":{"alt_text":"","src":"https:\/\/i0.wp.com\/le-fort.org\/cocina\/wp-content\/uploads\/2013\/11\/queque-volteado-pinna-hd.jpg?fit=1200%2C400&ssl=1&resize=350%2C200","width":350,"height":200,"srcset":"https:\/\/i0.wp.com\/le-fort.org\/cocina\/wp-content\/uploads\/2013\/11\/queque-volteado-pinna-hd.jpg?fit=1200%2C400&ssl=1&resize=350%2C200 1x, https:\/\/i0.wp.com\/le-fort.org\/cocina\/wp-content\/uploads\/2013\/11\/queque-volteado-pinna-hd.jpg?fit=1200%2C400&ssl=1&resize=525%2C300 1.5x, https:\/\/i0.wp.com\/le-fort.org\/cocina\/wp-content\/uploads\/2013\/11\/queque-volteado-pinna-hd.jpg?fit=1200%2C400&ssl=1&resize=700%2C400 2x, https:\/\/i0.wp.com\/le-fort.org\/cocina\/wp-content\/uploads\/2013\/11\/queque-volteado-pinna-hd.jpg?fit=1200%2C400&ssl=1&resize=1050%2C600 3x"},"classes":[]},{"id":1952,"url":"https:\/\/le-fort.org\/cocina\/receta-queque-de-peras\/","url_meta":{"origin":1815,"position":3},"title":"Receta: Queque Volteado de Peras","author":"Le-Fort.org","date":"13 de Mayo, 2012","format":false,"excerpt":"Este queque o bizcocho volteado de peras es tan simple como excelente. Se recomienda con \u00e9nfasis.","rel":"","context":"En &quot;Recetas&quot;","block_context":{"text":"Recetas","link":"https:\/\/le-fort.org\/cocina\/categoria\/recetas\/"},"img":{"alt_text":"","src":"https:\/\/i0.wp.com\/le-fort.org\/cocina\/wp-content\/uploads\/2012\/05\/pera-hd-1.jpg?fit=1200%2C400&ssl=1&resize=350%2C200","width":350,"height":200,"srcset":"https:\/\/i0.wp.com\/le-fort.org\/cocina\/wp-content\/uploads\/2012\/05\/pera-hd-1.jpg?fit=1200%2C400&ssl=1&resize=350%2C200 1x, https:\/\/i0.wp.com\/le-fort.org\/cocina\/wp-content\/uploads\/2012\/05\/pera-hd-1.jpg?fit=1200%2C400&ssl=1&resize=525%2C300 1.5x, https:\/\/i0.wp.com\/le-fort.org\/cocina\/wp-content\/uploads\/2012\/05\/pera-hd-1.jpg?fit=1200%2C400&ssl=1&resize=700%2C400 2x, https:\/\/i0.wp.com\/le-fort.org\/cocina\/wp-content\/uploads\/2012\/05\/pera-hd-1.jpg?fit=1200%2C400&ssl=1&resize=1050%2C600 3x"},"classes":[]},{"id":3155,"url":"https:\/\/le-fort.org\/cocina\/queque-vegano-de-chocolate\/","url_meta":{"origin":1815,"position":4},"title":"Queque Vegano de Chocolate","author":"Le-Fort.org","date":"13 de Febrero, 2013","format":false,"excerpt":"Receta de queque r\u00e1pido y vegano de chocolate.","rel":"","context":"En &quot;Recetas&quot;","block_context":{"text":"Recetas","link":"https:\/\/le-fort.org\/cocina\/categoria\/recetas\/"},"img":{"alt_text":"","src":"https:\/\/i0.wp.com\/le-fort.org\/cocina\/wp-content\/uploads\/2013\/02\/P1280105.jpg?fit=960%2C249&ssl=1&resize=350%2C200","width":350,"height":200,"srcset":"https:\/\/i0.wp.com\/le-fort.org\/cocina\/wp-content\/uploads\/2013\/02\/P1280105.jpg?fit=960%2C249&ssl=1&resize=350%2C200 1x, https:\/\/i0.wp.com\/le-fort.org\/cocina\/wp-content\/uploads\/2013\/02\/P1280105.jpg?fit=960%2C249&ssl=1&resize=525%2C300 1.5x, https:\/\/i0.wp.com\/le-fort.org\/cocina\/wp-content\/uploads\/2013\/02\/P1280105.jpg?fit=960%2C249&ssl=1&resize=700%2C400 2x"},"classes":[]},{"id":2077,"url":"https:\/\/le-fort.org\/cocina\/receta-de-queque-de-limon\/","url_meta":{"origin":1815,"position":5},"title":"Receta de Queque de Lim\u00f3n","author":"Le-Fort.org","date":"27 de Agosto, 2012","format":false,"excerpt":"Receta de un queque de lim\u00f3n arom\u00e1tico, \u00e1cido y no demasiado dulce.","rel":"","context":"En &quot;Comida&quot;","block_context":{"text":"Comida","link":"https:\/\/le-fort.org\/cocina\/categoria\/cocina-comida\/"},"img":{"alt_text":"","src":"https:\/\/i0.wp.com\/le-fort.org\/cocina\/wp-content\/uploads\/2012\/08\/queque-de-limon-header.jpg?fit=614%2C225&ssl=1&resize=350%2C200","width":350,"height":200,"srcset":"https:\/\/i0.wp.com\/le-fort.org\/cocina\/wp-content\/uploads\/2012\/08\/queque-de-limon-header.jpg?fit=614%2C225&ssl=1&resize=350%2C200 1x, https:\/\/i0.wp.com\/le-fort.org\/cocina\/wp-content\/uploads\/2012\/08\/queque-de-limon-header.jpg?fit=614%2C225&ssl=1&resize=525%2C300 1.5x"},"classes":[]}],"_links":{"self":[{"href":"https:\/\/le-fort.org\/cocina\/wp-json\/wp\/v2\/posts\/1815","targetHints":{"allow":["GET"]}}],"collection":[{"href":"https:\/\/le-fort.org\/cocina\/wp-json\/wp\/v2\/posts"}],"about":[{"href":"https:\/\/le-fort.org\/cocina\/wp-json\/wp\/v2\/types\/post"}],"author":[{"embeddable":true,"href":"https:\/\/le-fort.org\/cocina\/wp-json\/wp\/v2\/users\/1"}],"replies":[{"embeddable":true,"href":"https:\/\/le-fort.org\/cocina\/wp-json\/wp\/v2\/comments?post=1815"}],"version-history":[{"count":0,"href":"https:\/\/le-fort.org\/cocina\/wp-json\/wp\/v2\/posts\/1815\/revisions"}],"wp:featuredmedia":[{"embeddable":true,"href":"https:\/\/le-fort.org\/cocina\/wp-json\/wp\/v2\/media\/4787"}],"wp:attachment":[{"href":"https:\/\/le-fort.org\/cocina\/wp-json\/wp\/v2\/media?parent=1815"}],"wp:term":[{"taxonomy":"category","embeddable":true,"href":"https:\/\/le-fort.org\/cocina\/wp-json\/wp\/v2\/categories?post=1815"},{"taxonomy":"post_tag","embeddable":true,"href":"https:\/\/le-fort.org\/cocina\/wp-json\/wp\/v2\/tags?post=1815"}],"curies":[{"name":"wp","href":"https:\/\/api.w.org\/{rel}","templated":true}]}}