{"id":2000,"date":"2012-06-10T14:35:15","date_gmt":"2012-06-10T18:35:15","guid":{"rendered":"http:\/\/www.duarte.cl\/?p=2000"},"modified":"2013-06-09T03:43:19","modified_gmt":"2013-06-09T03:43:19","slug":"receta-flap-jacks-con-manzana-acaramelada","status":"publish","type":"post","link":"https:\/\/le-fort.org\/cocina\/receta-flap-jacks-con-manzana-acaramelada\/","title":{"rendered":"Receta: Flap-Jacks con Manzana Acaramelada"},"content":{"rendered":"<p><img data-recalc-dims=\"1\" loading=\"lazy\" decoding=\"async\" data-attachment-id=\"3609\" data-permalink=\"https:\/\/le-fort.org\/cocina\/receta-flap-jacks-con-manzana-acaramelada\/hd-17\/\" data-orig-file=\"https:\/\/i0.wp.com\/le-fort.org\/cocina\/wp-content\/uploads\/2012\/06\/hd.jpg?fit=600%2C225&amp;ssl=1\" data-orig-size=\"600,225\" data-comments-opened=\"0\" data-image-meta=\"{&quot;aperture&quot;:&quot;0&quot;,&quot;credit&quot;:&quot;&quot;,&quot;camera&quot;:&quot;&quot;,&quot;caption&quot;:&quot;&quot;,&quot;created_timestamp&quot;:&quot;0&quot;,&quot;copyright&quot;:&quot;&quot;,&quot;focal_length&quot;:&quot;0&quot;,&quot;iso&quot;:&quot;0&quot;,&quot;shutter_speed&quot;:&quot;0&quot;,&quot;title&quot;:&quot;&quot;,&quot;orientation&quot;:&quot;0&quot;}\" data-image-title=\"hd\" data-image-description=\"\" data-image-caption=\"\" data-large-file=\"https:\/\/i0.wp.com\/le-fort.org\/cocina\/wp-content\/uploads\/2012\/06\/hd.jpg?fit=600%2C225&amp;ssl=1\" class=\"alignleft size-thumbnail wp-image-3609\" alt=\"hd\" src=\"https:\/\/i0.wp.com\/www.le-fort.org\/wp-content\/uploads\/2012\/06\/hd-150x150.jpg?resize=150%2C150&#038;ssl=1\" width=\"150\" height=\"150\" srcset=\"https:\/\/i0.wp.com\/le-fort.org\/cocina\/wp-content\/uploads\/2012\/06\/hd.jpg?resize=150%2C150&amp;ssl=1 150w, https:\/\/i0.wp.com\/le-fort.org\/cocina\/wp-content\/uploads\/2012\/06\/hd.jpg?zoom=2&amp;resize=150%2C150&amp;ssl=1 300w, https:\/\/i0.wp.com\/le-fort.org\/cocina\/wp-content\/uploads\/2012\/06\/hd.jpg?zoom=3&amp;resize=150%2C150&amp;ssl=1 450w\" sizes=\"auto, (max-width: 150px) 100vw, 150px\" \/>Un desarrollo de inter\u00e9s para los desayunos de domingo en la ma\u00f1ana son estos flap-jacks con manzana acaramelada. Llegamos a ellos mezclando recetas, y esta se queda en nuestro libro de cocina de casa. Se preparan de la siguiente manera:<!--more--><\/p>\n<h2>Ingredientes<\/h2>\n<ul>\n<li>3 manzanas \u00e1cidas, peladas, descorazonadas y cortadas en 16 &#8220;gajos&#8221;<\/li>\n<li>1 taza de az\u00facar<\/li>\n<li>3 cucharadas soperas de mantequilla<\/li>\n<li>3 cucharaditas de canela en polvo (s\u00ed, somos tontos por la canela)<\/li>\n<li>3 huevos<\/li>\n<li>1\u00bd tazas de harina con polvos<\/li>\n<li>1 taza de leche<\/li>\n<li>1 cucharadita de esencia de vainilla<\/li>\n<\/ul>\n<h2>Preparaci\u00f3n<\/h2>\n<p>Poner az\u00facar, mantequilla y manzanas en una sart\u00e9n y calentar hasta que las manzanas se pongan trasl\u00facidas, revolviendo de vez en cuando.<\/p>\n<figure id=\"attachment_3611\" aria-describedby=\"caption-attachment-3611\" style=\"width: 600px\" class=\"wp-caption aligncenter\"><img data-recalc-dims=\"1\" loading=\"lazy\" decoding=\"async\" data-attachment-id=\"3611\" data-permalink=\"https:\/\/le-fort.org\/cocina\/receta-flap-jacks-con-manzana-acaramelada\/sarten\/\" data-orig-file=\"https:\/\/i0.wp.com\/le-fort.org\/cocina\/wp-content\/uploads\/2012\/06\/sarten.jpg?fit=600%2C450&amp;ssl=1\" data-orig-size=\"600,450\" data-comments-opened=\"0\" data-image-meta=\"{&quot;aperture&quot;:&quot;0&quot;,&quot;credit&quot;:&quot;&quot;,&quot;camera&quot;:&quot;&quot;,&quot;caption&quot;:&quot;&quot;,&quot;created_timestamp&quot;:&quot;0&quot;,&quot;copyright&quot;:&quot;&quot;,&quot;focal_length&quot;:&quot;0&quot;,&quot;iso&quot;:&quot;0&quot;,&quot;shutter_speed&quot;:&quot;0&quot;,&quot;title&quot;:&quot;&quot;,&quot;orientation&quot;:&quot;0&quot;}\" data-image-title=\"sarten\" data-image-description=\"\" data-image-caption=\"&lt;p&gt;Manzanas acarameladas&lt;\/p&gt;\n\" data-large-file=\"https:\/\/i0.wp.com\/le-fort.org\/cocina\/wp-content\/uploads\/2012\/06\/sarten.jpg?fit=600%2C450&amp;ssl=1\" class=\"size-full wp-image-3611\" alt=\"Manzanas acarameladas\" src=\"https:\/\/i0.wp.com\/www.le-fort.org\/wp-content\/uploads\/2012\/06\/sarten.jpg?resize=600%2C450&#038;ssl=1\" width=\"600\" height=\"450\" \/><figcaption id=\"caption-attachment-3611\" class=\"wp-caption-text\">Manzanas acarameladas<\/figcaption><\/figure>\n<p>Dejar enfriar.<\/p>\n<p>Mientras se enfr\u00eda, preparar un batido de flap-jacks: como el de panqueques pero m\u00e1s espeso con la harina, huevos y vainilla.<\/p>\n<p>Mezclar bien las manzanas tibias o fr\u00edas con el batido y r\u00e1pidamente (antes de que se vaya el CO.<\/p>\n<p>Fre\u00edr en sart\u00e9n de vuelta y vuelta: uno o dos minuntos por lado.<\/p>\n<p>Comer:<\/p>\n<ul>\n<li>Solos<\/li>\n<li>Con mantequilla<\/li>\n<li>Con az\u00facar<\/li>\n<li>Con az\u00facar y canela<\/li>\n<li>Con helado<\/li>\n<li>Con crema<\/li>\n<li>Con Nutella<\/li>\n<li>Con lo que dicte el entendimiento.<\/li>\n<\/ul>\n<p><img data-recalc-dims=\"1\" loading=\"lazy\" decoding=\"async\" data-attachment-id=\"3612\" data-permalink=\"https:\/\/le-fort.org\/cocina\/receta-flap-jacks-con-manzana-acaramelada\/flapjacks\/\" data-orig-file=\"https:\/\/i0.wp.com\/le-fort.org\/cocina\/wp-content\/uploads\/2012\/06\/flapjacks.jpg?fit=600%2C450&amp;ssl=1\" data-orig-size=\"600,450\" data-comments-opened=\"0\" data-image-meta=\"{&quot;aperture&quot;:&quot;0&quot;,&quot;credit&quot;:&quot;&quot;,&quot;camera&quot;:&quot;&quot;,&quot;caption&quot;:&quot;&quot;,&quot;created_timestamp&quot;:&quot;0&quot;,&quot;copyright&quot;:&quot;&quot;,&quot;focal_length&quot;:&quot;0&quot;,&quot;iso&quot;:&quot;0&quot;,&quot;shutter_speed&quot;:&quot;0&quot;,&quot;title&quot;:&quot;&quot;,&quot;orientation&quot;:&quot;0&quot;}\" data-image-title=\"flapjacks\" data-image-description=\"\" data-image-caption=\"\" data-large-file=\"https:\/\/i0.wp.com\/le-fort.org\/cocina\/wp-content\/uploads\/2012\/06\/flapjacks.jpg?fit=600%2C450&amp;ssl=1\" class=\"aligncenter size-full wp-image-3612\" alt=\"flapjacks\" src=\"https:\/\/i0.wp.com\/www.le-fort.org\/wp-content\/uploads\/2012\/06\/flapjacks.jpg?resize=600%2C450&#038;ssl=1\" width=\"600\" height=\"450\" \/><\/p>\n<div><\/div>\n","protected":false},"excerpt":{"rendered":"<p>Receta de flap-jacks, o sea panqueques gorditos, con manzana acaramelada y canela<\/p>\n","protected":false},"author":1,"featured_media":3609,"comment_status":"open","ping_status":"closed","sticky":false,"template":"","format":"standard","meta":{"_jetpack_newsletter_access":"","_jetpack_dont_email_post_to_subs":false,"_jetpack_newsletter_tier_id":0,"_jetpack_memberships_contains_paywalled_content":false,"_jetpack_memberships_contains_paid_content":false,"footnotes":""},"categories":[19,2],"tags":[22,355,79,85,351],"class_list":["post-2000","post","type-post","status-publish","format-standard","has-post-thumbnail","hentry","category-cocina-comida","category-recetas","tag-canela","tag-cocina-comida","tag-desayuno","tag-panqueques","tag-recetas","entry","has-media"],"jetpack_featured_media_url":"https:\/\/i0.wp.com\/le-fort.org\/cocina\/wp-content\/uploads\/2012\/06\/hd.jpg?fit=600%2C225&ssl=1","jetpack_shortlink":"https:\/\/wp.me\/pghKer-wg","jetpack_sharing_enabled":true,"jetpack-related-posts":[{"id":11759,"url":"https:\/\/le-fort.org\/cocina\/panqueques-de-masa-madre\/","url_meta":{"origin":2000,"position":0},"title":"Panqueques de Masa Madre","author":"Le-Fort.org","date":"10 de Febrero, 2018","format":false,"excerpt":"Receta de panqueques de masa madre, con una textura maravillosa y de muy f\u00e1cil preparaci\u00f3n.","rel":"","context":"En &quot;Recetas&quot;","block_context":{"text":"Recetas","link":"https:\/\/le-fort.org\/cocina\/categoria\/recetas\/"},"img":{"alt_text":"","src":"https:\/\/i0.wp.com\/le-fort.org\/cocina\/wp-content\/uploads\/2018\/02\/panqueques-hd.jpg?fit=1200%2C400&ssl=1&resize=350%2C200","width":350,"height":200,"srcset":"https:\/\/i0.wp.com\/le-fort.org\/cocina\/wp-content\/uploads\/2018\/02\/panqueques-hd.jpg?fit=1200%2C400&ssl=1&resize=350%2C200 1x, https:\/\/i0.wp.com\/le-fort.org\/cocina\/wp-content\/uploads\/2018\/02\/panqueques-hd.jpg?fit=1200%2C400&ssl=1&resize=525%2C300 1.5x, https:\/\/i0.wp.com\/le-fort.org\/cocina\/wp-content\/uploads\/2018\/02\/panqueques-hd.jpg?fit=1200%2C400&ssl=1&resize=700%2C400 2x, https:\/\/i0.wp.com\/le-fort.org\/cocina\/wp-content\/uploads\/2018\/02\/panqueques-hd.jpg?fit=1200%2C400&ssl=1&resize=1050%2C600 3x"},"classes":[]},{"id":2619,"url":"https:\/\/le-fort.org\/cocina\/desayuno-de-campeones\/","url_meta":{"origin":2000,"position":1},"title":"Desayuno de Campeones","author":"Le-Fort.org","date":"10 de Enero, 2013","format":false,"excerpt":"Los panqueques de avena con mermelada r\u00e1pida de mango se recomiendan como desayuno.","rel":"","context":"En &quot;Comida&quot;","block_context":{"text":"Comida","link":"https:\/\/le-fort.org\/cocina\/categoria\/cocina-comida\/"},"img":{"alt_text":"","src":"https:\/\/i0.wp.com\/le-fort.org\/cocina\/wp-content\/uploads\/2013\/01\/hd-mango.jpg?fit=600%2C225&ssl=1&resize=350%2C200","width":350,"height":200,"srcset":"https:\/\/i0.wp.com\/le-fort.org\/cocina\/wp-content\/uploads\/2013\/01\/hd-mango.jpg?fit=600%2C225&ssl=1&resize=350%2C200 1x, https:\/\/i0.wp.com\/le-fort.org\/cocina\/wp-content\/uploads\/2013\/01\/hd-mango.jpg?fit=600%2C225&ssl=1&resize=525%2C300 1.5x"},"classes":[]},{"id":2092,"url":"https:\/\/le-fort.org\/cocina\/receta-panqueques\/","url_meta":{"origin":2000,"position":2},"title":"Panqueques o Cr\u00eapes","author":"Le-Fort.org","date":"1 de Septiembre, 2012","format":false,"excerpt":"Receta de panqueques (cr\u00eapes) ideales par aun desayuno, o para un almuerzo o una once\u2026 ideales para cuando quieras.","rel":"","context":"En &quot;Comida&quot;","block_context":{"text":"Comida","link":"https:\/\/le-fort.org\/cocina\/categoria\/cocina-comida\/"},"img":{"alt_text":"","src":"https:\/\/i0.wp.com\/le-fort.org\/cocina\/wp-content\/uploads\/2012\/09\/head.jpg?fit=1000%2C288&ssl=1&resize=350%2C200","width":350,"height":200,"srcset":"https:\/\/i0.wp.com\/le-fort.org\/cocina\/wp-content\/uploads\/2012\/09\/head.jpg?fit=1000%2C288&ssl=1&resize=350%2C200 1x, https:\/\/i0.wp.com\/le-fort.org\/cocina\/wp-content\/uploads\/2012\/09\/head.jpg?fit=1000%2C288&ssl=1&resize=525%2C300 1.5x, https:\/\/i0.wp.com\/le-fort.org\/cocina\/wp-content\/uploads\/2012\/09\/head.jpg?fit=1000%2C288&ssl=1&resize=700%2C400 2x"},"classes":[]},{"id":1815,"url":"https:\/\/le-fort.org\/cocina\/queque-de-platano-y-coco\/","url_meta":{"origin":2000,"position":3},"title":"Queque de Pl\u00e1tano y Coco: Receta","author":"Le-Fort.org","date":"24 de Abril, 2012","format":false,"excerpt":"Receta de un queque volteado experimental de pl\u00e1tano y coco.","rel":"","context":"En &quot;Comida&quot;","block_context":{"text":"Comida","link":"https:\/\/le-fort.org\/cocina\/categoria\/cocina-comida\/"},"img":{"alt_text":"","src":"https:\/\/i0.wp.com\/le-fort.org\/cocina\/wp-content\/uploads\/2012\/04\/platano-queque-hd.jpg?fit=700%2C350&ssl=1&resize=350%2C200","width":350,"height":200,"srcset":"https:\/\/i0.wp.com\/le-fort.org\/cocina\/wp-content\/uploads\/2012\/04\/platano-queque-hd.jpg?fit=700%2C350&ssl=1&resize=350%2C200 1x, https:\/\/i0.wp.com\/le-fort.org\/cocina\/wp-content\/uploads\/2012\/04\/platano-queque-hd.jpg?fit=700%2C350&ssl=1&resize=525%2C300 1.5x, https:\/\/i0.wp.com\/le-fort.org\/cocina\/wp-content\/uploads\/2012\/04\/platano-queque-hd.jpg?fit=700%2C350&ssl=1&resize=700%2C400 2x"},"classes":[]},{"id":2176,"url":"https:\/\/le-fort.org\/cocina\/receta-rollitos-de-canela\/","url_meta":{"origin":2000,"position":4},"title":"Receta: Rollitos de Canela, o Cinnamon Rolls","author":"Le-Fort.org","date":"27 de Octubre, 2012","format":false,"excerpt":"Receta de los rollitos de canela, ideales para desayunar en d\u00eda domingo. Se pueden glasear o no.","rel":"","context":"En &quot;Comida&quot;","block_context":{"text":"Comida","link":"https:\/\/le-fort.org\/cocina\/categoria\/cocina-comida\/"},"img":{"alt_text":"","src":"https:\/\/i0.wp.com\/le-fort.org\/cocina\/wp-content\/uploads\/2012\/10\/cinnamon-rolls-hd.jpg?fit=1200%2C400&ssl=1&resize=350%2C200","width":350,"height":200,"srcset":"https:\/\/i0.wp.com\/le-fort.org\/cocina\/wp-content\/uploads\/2012\/10\/cinnamon-rolls-hd.jpg?fit=1200%2C400&ssl=1&resize=350%2C200 1x, https:\/\/i0.wp.com\/le-fort.org\/cocina\/wp-content\/uploads\/2012\/10\/cinnamon-rolls-hd.jpg?fit=1200%2C400&ssl=1&resize=525%2C300 1.5x, https:\/\/i0.wp.com\/le-fort.org\/cocina\/wp-content\/uploads\/2012\/10\/cinnamon-rolls-hd.jpg?fit=1200%2C400&ssl=1&resize=700%2C400 2x, https:\/\/i0.wp.com\/le-fort.org\/cocina\/wp-content\/uploads\/2012\/10\/cinnamon-rolls-hd.jpg?fit=1200%2C400&ssl=1&resize=1050%2C600 3x"},"classes":[]},{"id":7736,"url":"https:\/\/le-fort.org\/cocina\/curso-de-crepes\/","url_meta":{"origin":2000,"position":5},"title":"Curso de Cr\u00eapes","author":"Le-Fort.org","date":"4 de Abril, 2016","format":false,"excerpt":"Tuvimos el agrado de dictar un peque\u00f1o curso de cr\u00eapes a nuestros amigos de La Ideota Guesthouse de Salinas. El curso comenz\u00f3 con una receta b\u00e1sica de, que es una leve adaptaci\u00f3n de la receta de Julia Child: 3 huevos 3\/4 taza de agua 3\/4 taza de leche 1 taza\u2026","rel":"","context":"En &quot;Educaci\u00f3n&quot;","block_context":{"text":"Educaci\u00f3n","link":"https:\/\/le-fort.org\/cocina\/categoria\/educacion\/"},"img":{"alt_text":"","src":"https:\/\/i0.wp.com\/le-fort.org\/cocina\/wp-content\/uploads\/2016\/04\/crepes-hd.jpg?fit=1200%2C400&ssl=1&resize=350%2C200","width":350,"height":200,"srcset":"https:\/\/i0.wp.com\/le-fort.org\/cocina\/wp-content\/uploads\/2016\/04\/crepes-hd.jpg?fit=1200%2C400&ssl=1&resize=350%2C200 1x, https:\/\/i0.wp.com\/le-fort.org\/cocina\/wp-content\/uploads\/2016\/04\/crepes-hd.jpg?fit=1200%2C400&ssl=1&resize=525%2C300 1.5x, https:\/\/i0.wp.com\/le-fort.org\/cocina\/wp-content\/uploads\/2016\/04\/crepes-hd.jpg?fit=1200%2C400&ssl=1&resize=700%2C400 2x, https:\/\/i0.wp.com\/le-fort.org\/cocina\/wp-content\/uploads\/2016\/04\/crepes-hd.jpg?fit=1200%2C400&ssl=1&resize=1050%2C600 3x"},"classes":[]}],"_links":{"self":[{"href":"https:\/\/le-fort.org\/cocina\/wp-json\/wp\/v2\/posts\/2000","targetHints":{"allow":["GET"]}}],"collection":[{"href":"https:\/\/le-fort.org\/cocina\/wp-json\/wp\/v2\/posts"}],"about":[{"href":"https:\/\/le-fort.org\/cocina\/wp-json\/wp\/v2\/types\/post"}],"author":[{"embeddable":true,"href":"https:\/\/le-fort.org\/cocina\/wp-json\/wp\/v2\/users\/1"}],"replies":[{"embeddable":true,"href":"https:\/\/le-fort.org\/cocina\/wp-json\/wp\/v2\/comments?post=2000"}],"version-history":[{"count":0,"href":"https:\/\/le-fort.org\/cocina\/wp-json\/wp\/v2\/posts\/2000\/revisions"}],"wp:featuredmedia":[{"embeddable":true,"href":"https:\/\/le-fort.org\/cocina\/wp-json\/wp\/v2\/media\/3609"}],"wp:attachment":[{"href":"https:\/\/le-fort.org\/cocina\/wp-json\/wp\/v2\/media?parent=2000"}],"wp:term":[{"taxonomy":"category","embeddable":true,"href":"https:\/\/le-fort.org\/cocina\/wp-json\/wp\/v2\/categories?post=2000"},{"taxonomy":"post_tag","embeddable":true,"href":"https:\/\/le-fort.org\/cocina\/wp-json\/wp\/v2\/tags?post=2000"}],"curies":[{"name":"wp","href":"https:\/\/api.w.org\/{rel}","templated":true}]}}