{"id":2107,"date":"2012-09-17T13:38:06","date_gmt":"2012-09-17T17:38:06","guid":{"rendered":"http:\/\/www.duarte.cl\/?p=2107"},"modified":"2021-12-14T22:19:25","modified_gmt":"2021-12-15T03:19:25","slug":"fettuccine-alfredo-de-temas-y-variaciones","status":"publish","type":"post","link":"https:\/\/le-fort.org\/cocina\/fettuccine-alfredo-de-temas-y-variaciones\/","title":{"rendered":"Fettuccine Alfredo: de temas y variaciones"},"content":{"rendered":"<p>No creemos en los talibanes de las &#8220;recetas can\u00f3nicas&#8221; \u2013si es que existe semejante cosa. No deja de sorprendernos la variaci\u00f3n de lo que las gentes denominan <em>Fettuccine Alfredo<\/em>, eso s\u00ed. Se ha visto de todo al respecto.<!--more--><\/p>\n<p>Por lo mismo, creemos adecuado preguntarnos &#8220;\u00bfqu\u00e9 <strong>!#@&amp;<\/strong> son los <em>Fettuccine Alfredo<\/em>?&#8221;<\/p>\n<p><img data-recalc-dims=\"1\" loading=\"lazy\" decoding=\"async\" data-attachment-id=\"3792\" data-permalink=\"https:\/\/le-fort.org\/cocina\/fettuccine-alfredo-de-temas-y-variaciones\/listeilor-2\/\" data-orig-file=\"https:\/\/i0.wp.com\/le-fort.org\/cocina\/wp-content\/uploads\/2012\/09\/listeilor.jpg?fit=800%2C600&amp;ssl=1\" data-orig-size=\"800,600\" data-comments-opened=\"0\" data-image-meta=\"{&quot;aperture&quot;:&quot;0&quot;,&quot;credit&quot;:&quot;&quot;,&quot;camera&quot;:&quot;&quot;,&quot;caption&quot;:&quot;&quot;,&quot;created_timestamp&quot;:&quot;0&quot;,&quot;copyright&quot;:&quot;&quot;,&quot;focal_length&quot;:&quot;0&quot;,&quot;iso&quot;:&quot;0&quot;,&quot;shutter_speed&quot;:&quot;0&quot;,&quot;title&quot;:&quot;&quot;,&quot;orientation&quot;:&quot;0&quot;}\" data-image-title=\"Fettucine Alfredo\" data-image-description=\"\" data-image-caption=\"\" data-large-file=\"https:\/\/i0.wp.com\/le-fort.org\/cocina\/wp-content\/uploads\/2012\/09\/listeilor.jpg?fit=800%2C600&amp;ssl=1\" class=\"aligncenter wp-image-3792 size-full\" src=\"https:\/\/i0.wp.com\/www.le-fort.org\/wp-content\/uploads\/2012\/09\/listeilor.jpg?resize=800%2C600&#038;ssl=1\" alt=\"Fettuccine Alfredo, en versi\u00f3n casera\" width=\"800\" height=\"600\" srcset=\"https:\/\/i0.wp.com\/le-fort.org\/cocina\/wp-content\/uploads\/2012\/09\/listeilor.jpg?w=800&amp;ssl=1 800w, https:\/\/i0.wp.com\/le-fort.org\/cocina\/wp-content\/uploads\/2012\/09\/listeilor.jpg?resize=600%2C450&amp;ssl=1 600w\" sizes=\"auto, (max-width: 800px) 100vw, 800px\" \/><\/p>\n<p>Originalmente, los\u00a0<em>Fettuccine Alfredo <\/em>son fettuccine (en vern\u00e1culo: tallarines anchos) con una salsa hecha s\u00f3lo de mantequilla y queso. Los <em>Fettuccine al burro<\/em> no son novedad alguna en la cocina italiana. Antes de que su mente vuele conviene aclarar que <em>burro<\/em> no es sino mantequilla en italiano. No intervienen jumentos ni pollinos en este plato. Tambi\u00e9n hay un gui\u00f1o m\u00e1s que grande al <a href=\"https:\/\/www.le-fort.org\/cacio-e-pepe-una-pasta-muy-simple\/\"><em>Cacio e pepe<\/em><\/a>.<\/p>\n<p>El nombre y la historia se alimentan de un par de famosillos de Hollywood que se enamoraron del plato en un restaurante de Roma llamado <strong>Alfredo<\/strong> (por su due\u00f1o Alfredo Di Lelio) en 1920 y lo &#8220;llevaron&#8221; a USA. No corto ni perezoso, Alfredo di Lelio le sac\u00f3 trote a la foto con los famosillos (Douglas Fairbanks y Mary Pickford) y el cuento de los <em>Fettuccine Alfredo<\/em> se convirti\u00f3 en un hito para los turistas estadounidenses de visita por Roma.<\/p>\n<p>En 1977 se abri\u00f3 un <em>Alfredo&#8217;s<\/em> en Nueva York, d\u00e1ndole un asidero a la historia en tierras de los EE.UU.<\/p>\n<p>En resumen: pasta, mantequilla, queso rallado y <em>show<\/em>.<\/p>\n<p>Las variaciones son legi\u00f3n. Por ejemplo, en el hogar paterno (o materno, que son el mismo), los tallarines Alfredo siempre llevaron jam\u00f3n y crema (dos desviaciones con respecto al original); en otros lados, usan salsa blanca en vez de crema (desviaci\u00f3n y acercamiento a los tallarines <em>Bontout, <\/em>que en algunos lados salen como tallarines Bant\u00fa, en un juego de etnias casi cruel). Adem\u00e1s hay quien les pone pollo, br\u00f3coli, arvejitas&#8230; en fin. Las salsas Alfredo comerciales \u2013Marduk nos libre\u2013 suelen usar almid\u00f3n para espesar.<\/p>\n<p>Los que nos gustan son con crema, mantequilla, queso rallado, nuez moscada y pimienta, y se hacen as\u00ed:<\/p>\n<h2>Ingredientes de los Fettuccine Alfredo<\/h2>\n<ul>\n<li>400 grs. de fettuccine<\/li>\n<li>250 ml. de crema<\/li>\n<li>100 grs. de mantequilla<\/li>\n<li>100 grs. de queso rallado<\/li>\n<li>Pimienta negra reci\u00e9n molida, a gusto (por aqu\u00ed eso equivale a mucha pimienta)<\/li>\n<li>Nuez moscada a gusto<\/li>\n<\/ul>\n<h2>Preparaci\u00f3n<\/h2>\n<p>No tiene mayor ciencia:<\/p>\n<p>Cocer los fettuccine.<\/p>\n<p><a href=\"https:\/\/i0.wp.com\/le-fort.org\/wp-content\/uploads\/2012\/09\/pasta.jpg?ssl=1\"><img data-recalc-dims=\"1\" loading=\"lazy\" decoding=\"async\" data-attachment-id=\"3795\" data-permalink=\"https:\/\/le-fort.org\/cocina\/fettuccine-alfredo-de-temas-y-variaciones\/pasta-2\/\" data-orig-file=\"https:\/\/i0.wp.com\/le-fort.org\/cocina\/wp-content\/uploads\/2012\/09\/pasta.jpg?fit=800%2C600&amp;ssl=1\" data-orig-size=\"800,600\" data-comments-opened=\"0\" data-image-meta=\"{&quot;aperture&quot;:&quot;0&quot;,&quot;credit&quot;:&quot;&quot;,&quot;camera&quot;:&quot;&quot;,&quot;caption&quot;:&quot;&quot;,&quot;created_timestamp&quot;:&quot;0&quot;,&quot;copyright&quot;:&quot;&quot;,&quot;focal_length&quot;:&quot;0&quot;,&quot;iso&quot;:&quot;0&quot;,&quot;shutter_speed&quot;:&quot;0&quot;,&quot;title&quot;:&quot;&quot;,&quot;orientation&quot;:&quot;0&quot;}\" data-image-title=\"pasta\" data-image-description=\"\" data-image-caption=\"\" data-large-file=\"https:\/\/i0.wp.com\/le-fort.org\/cocina\/wp-content\/uploads\/2012\/09\/pasta.jpg?fit=800%2C600&amp;ssl=1\" class=\"aligncenter size-full wp-image-3795\" src=\"https:\/\/i0.wp.com\/www.le-fort.org\/wp-content\/uploads\/2012\/09\/pasta.jpg?resize=800%2C600&#038;ssl=1\" alt=\"pasta\" width=\"800\" height=\"600\" srcset=\"https:\/\/i0.wp.com\/le-fort.org\/cocina\/wp-content\/uploads\/2012\/09\/pasta.jpg?w=800&amp;ssl=1 800w, https:\/\/i0.wp.com\/le-fort.org\/cocina\/wp-content\/uploads\/2012\/09\/pasta.jpg?resize=600%2C450&amp;ssl=1 600w\" sizes=\"auto, (max-width: 800px) 100vw, 800px\" \/><\/a><\/p>\n<p>Derretir la mantequilla y calentar la crema en una olla lo suficientemente grande como para hacer la mezcla.<\/p>\n<p><img data-recalc-dims=\"1\" loading=\"lazy\" decoding=\"async\" data-attachment-id=\"3790\" data-permalink=\"https:\/\/le-fort.org\/cocina\/fettuccine-alfredo-de-temas-y-variaciones\/crema-mantequilla\/\" data-orig-file=\"https:\/\/i0.wp.com\/le-fort.org\/cocina\/wp-content\/uploads\/2012\/09\/crema-mantequilla.jpg?fit=800%2C600&amp;ssl=1\" data-orig-size=\"800,600\" data-comments-opened=\"0\" data-image-meta=\"{&quot;aperture&quot;:&quot;0&quot;,&quot;credit&quot;:&quot;&quot;,&quot;camera&quot;:&quot;&quot;,&quot;caption&quot;:&quot;&quot;,&quot;created_timestamp&quot;:&quot;0&quot;,&quot;copyright&quot;:&quot;&quot;,&quot;focal_length&quot;:&quot;0&quot;,&quot;iso&quot;:&quot;0&quot;,&quot;shutter_speed&quot;:&quot;0&quot;,&quot;title&quot;:&quot;&quot;,&quot;orientation&quot;:&quot;0&quot;}\" data-image-title=\"crema-mantequilla\" data-image-description=\"\" data-image-caption=\"\" data-large-file=\"https:\/\/i0.wp.com\/le-fort.org\/cocina\/wp-content\/uploads\/2012\/09\/crema-mantequilla.jpg?fit=800%2C600&amp;ssl=1\" class=\"aligncenter size-full wp-image-3790\" src=\"https:\/\/i0.wp.com\/www.le-fort.org\/wp-content\/uploads\/2012\/09\/crema-mantequilla.jpg?resize=800%2C600&#038;ssl=1\" alt=\"crema-mantequilla\" width=\"800\" height=\"600\" srcset=\"https:\/\/i0.wp.com\/le-fort.org\/cocina\/wp-content\/uploads\/2012\/09\/crema-mantequilla.jpg?w=800&amp;ssl=1 800w, https:\/\/i0.wp.com\/le-fort.org\/cocina\/wp-content\/uploads\/2012\/09\/crema-mantequilla.jpg?resize=600%2C450&amp;ssl=1 600w\" sizes=\"auto, (max-width: 800px) 100vw, 800px\" \/><\/p>\n<p>A\u00f1adir nuez moscada, pimienta y queso rallado.<\/p>\n<p><a href=\"https:\/\/i0.wp.com\/le-fort.org\/wp-content\/uploads\/2012\/09\/pimienta-nuez.jpg?ssl=1\"><img data-recalc-dims=\"1\" loading=\"lazy\" decoding=\"async\" data-attachment-id=\"3796\" data-permalink=\"https:\/\/le-fort.org\/cocina\/fettuccine-alfredo-de-temas-y-variaciones\/pimienta-nuez\/\" data-orig-file=\"https:\/\/i0.wp.com\/le-fort.org\/cocina\/wp-content\/uploads\/2012\/09\/pimienta-nuez.jpg?fit=800%2C600&amp;ssl=1\" data-orig-size=\"800,600\" data-comments-opened=\"0\" data-image-meta=\"{&quot;aperture&quot;:&quot;0&quot;,&quot;credit&quot;:&quot;&quot;,&quot;camera&quot;:&quot;&quot;,&quot;caption&quot;:&quot;&quot;,&quot;created_timestamp&quot;:&quot;0&quot;,&quot;copyright&quot;:&quot;&quot;,&quot;focal_length&quot;:&quot;0&quot;,&quot;iso&quot;:&quot;0&quot;,&quot;shutter_speed&quot;:&quot;0&quot;,&quot;title&quot;:&quot;&quot;,&quot;orientation&quot;:&quot;0&quot;}\" data-image-title=\"pimienta-nuez\" data-image-description=\"\" data-image-caption=\"\" data-large-file=\"https:\/\/i0.wp.com\/le-fort.org\/cocina\/wp-content\/uploads\/2012\/09\/pimienta-nuez.jpg?fit=800%2C600&amp;ssl=1\" class=\"aligncenter size-full wp-image-3796\" src=\"https:\/\/i0.wp.com\/www.le-fort.org\/wp-content\/uploads\/2012\/09\/pimienta-nuez.jpg?resize=800%2C600&#038;ssl=1\" alt=\"pimienta-nuez\" width=\"800\" height=\"600\" srcset=\"https:\/\/i0.wp.com\/le-fort.org\/cocina\/wp-content\/uploads\/2012\/09\/pimienta-nuez.jpg?w=800&amp;ssl=1 800w, https:\/\/i0.wp.com\/le-fort.org\/cocina\/wp-content\/uploads\/2012\/09\/pimienta-nuez.jpg?resize=600%2C450&amp;ssl=1 600w\" sizes=\"auto, (max-width: 800px) 100vw, 800px\" \/><\/a> <a href=\"https:\/\/i0.wp.com\/le-fort.org\/wp-content\/uploads\/2012\/09\/queso.jpg?ssl=1\"><img data-recalc-dims=\"1\" loading=\"lazy\" decoding=\"async\" data-attachment-id=\"3797\" data-permalink=\"https:\/\/le-fort.org\/cocina\/fettuccine-alfredo-de-temas-y-variaciones\/queso\/\" data-orig-file=\"https:\/\/i0.wp.com\/le-fort.org\/cocina\/wp-content\/uploads\/2012\/09\/queso.jpg?fit=800%2C600&amp;ssl=1\" data-orig-size=\"800,600\" data-comments-opened=\"0\" data-image-meta=\"{&quot;aperture&quot;:&quot;0&quot;,&quot;credit&quot;:&quot;&quot;,&quot;camera&quot;:&quot;&quot;,&quot;caption&quot;:&quot;&quot;,&quot;created_timestamp&quot;:&quot;0&quot;,&quot;copyright&quot;:&quot;&quot;,&quot;focal_length&quot;:&quot;0&quot;,&quot;iso&quot;:&quot;0&quot;,&quot;shutter_speed&quot;:&quot;0&quot;,&quot;title&quot;:&quot;&quot;,&quot;orientation&quot;:&quot;0&quot;}\" data-image-title=\"queso\" data-image-description=\"\" data-image-caption=\"\" data-large-file=\"https:\/\/i0.wp.com\/le-fort.org\/cocina\/wp-content\/uploads\/2012\/09\/queso.jpg?fit=800%2C600&amp;ssl=1\" class=\"aligncenter size-full wp-image-3797\" src=\"https:\/\/i0.wp.com\/www.le-fort.org\/wp-content\/uploads\/2012\/09\/queso.jpg?resize=800%2C600&#038;ssl=1\" alt=\"queso\" width=\"800\" height=\"600\" srcset=\"https:\/\/i0.wp.com\/le-fort.org\/cocina\/wp-content\/uploads\/2012\/09\/queso.jpg?w=800&amp;ssl=1 800w, https:\/\/i0.wp.com\/le-fort.org\/cocina\/wp-content\/uploads\/2012\/09\/queso.jpg?resize=600%2C450&amp;ssl=1 600w\" sizes=\"auto, (max-width: 800px) 100vw, 800px\" \/><\/a><\/p>\n<p>Colar la pasta cuando est\u00e9 un poco menos que lista y transferir a la olla en que tenemos la crema, mantequilla y queso.<\/p>\n<p><a href=\"https:\/\/i0.wp.com\/le-fort.org\/wp-content\/uploads\/2012\/09\/mezcla.jpg?ssl=1\"><img data-recalc-dims=\"1\" loading=\"lazy\" decoding=\"async\" data-attachment-id=\"3793\" data-permalink=\"https:\/\/le-fort.org\/cocina\/fettuccine-alfredo-de-temas-y-variaciones\/mezcla\/\" data-orig-file=\"https:\/\/i0.wp.com\/le-fort.org\/cocina\/wp-content\/uploads\/2012\/09\/mezcla.jpg?fit=800%2C600&amp;ssl=1\" data-orig-size=\"800,600\" data-comments-opened=\"0\" data-image-meta=\"{&quot;aperture&quot;:&quot;0&quot;,&quot;credit&quot;:&quot;&quot;,&quot;camera&quot;:&quot;&quot;,&quot;caption&quot;:&quot;&quot;,&quot;created_timestamp&quot;:&quot;0&quot;,&quot;copyright&quot;:&quot;&quot;,&quot;focal_length&quot;:&quot;0&quot;,&quot;iso&quot;:&quot;0&quot;,&quot;shutter_speed&quot;:&quot;0&quot;,&quot;title&quot;:&quot;&quot;,&quot;orientation&quot;:&quot;0&quot;}\" data-image-title=\"mezcla\" data-image-description=\"\" data-image-caption=\"\" data-large-file=\"https:\/\/i0.wp.com\/le-fort.org\/cocina\/wp-content\/uploads\/2012\/09\/mezcla.jpg?fit=800%2C600&amp;ssl=1\" class=\"aligncenter size-full wp-image-3793\" src=\"https:\/\/i0.wp.com\/www.le-fort.org\/wp-content\/uploads\/2012\/09\/mezcla.jpg?resize=800%2C600&#038;ssl=1\" alt=\"mezcla\" width=\"800\" height=\"600\" srcset=\"https:\/\/i0.wp.com\/le-fort.org\/cocina\/wp-content\/uploads\/2012\/09\/mezcla.jpg?w=800&amp;ssl=1 800w, https:\/\/i0.wp.com\/le-fort.org\/cocina\/wp-content\/uploads\/2012\/09\/mezcla.jpg?resize=600%2C450&amp;ssl=1 600w\" sizes=\"auto, (max-width: 800px) 100vw, 800px\" \/><\/a> <a href=\"https:\/\/i0.wp.com\/le-fort.org\/wp-content\/uploads\/2012\/09\/mezclando.jpg?ssl=1\"><img data-recalc-dims=\"1\" loading=\"lazy\" decoding=\"async\" data-attachment-id=\"3794\" data-permalink=\"https:\/\/le-fort.org\/cocina\/fettuccine-alfredo-de-temas-y-variaciones\/mezclando\/\" data-orig-file=\"https:\/\/i0.wp.com\/le-fort.org\/cocina\/wp-content\/uploads\/2012\/09\/mezclando.jpg?fit=800%2C600&amp;ssl=1\" data-orig-size=\"800,600\" data-comments-opened=\"0\" data-image-meta=\"{&quot;aperture&quot;:&quot;0&quot;,&quot;credit&quot;:&quot;&quot;,&quot;camera&quot;:&quot;&quot;,&quot;caption&quot;:&quot;&quot;,&quot;created_timestamp&quot;:&quot;0&quot;,&quot;copyright&quot;:&quot;&quot;,&quot;focal_length&quot;:&quot;0&quot;,&quot;iso&quot;:&quot;0&quot;,&quot;shutter_speed&quot;:&quot;0&quot;,&quot;title&quot;:&quot;&quot;,&quot;orientation&quot;:&quot;0&quot;}\" data-image-title=\"mezclando\" data-image-description=\"\" data-image-caption=\"\" data-large-file=\"https:\/\/i0.wp.com\/le-fort.org\/cocina\/wp-content\/uploads\/2012\/09\/mezclando.jpg?fit=800%2C600&amp;ssl=1\" class=\"aligncenter wp-image-3794 size-full\" src=\"https:\/\/i0.wp.com\/www.le-fort.org\/wp-content\/uploads\/2012\/09\/mezclando.jpg?resize=800%2C600&#038;ssl=1\" alt=\"mezclando los Fettuccine Alfredo\" width=\"800\" height=\"600\" srcset=\"https:\/\/i0.wp.com\/le-fort.org\/cocina\/wp-content\/uploads\/2012\/09\/mezclando.jpg?w=800&amp;ssl=1 800w, https:\/\/i0.wp.com\/le-fort.org\/cocina\/wp-content\/uploads\/2012\/09\/mezclando.jpg?resize=600%2C450&amp;ssl=1 600w\" sizes=\"auto, (max-width: 800px) 100vw, 800px\" \/><\/a><\/p>\n<p>Mezclar bien, a fuego suave, hasta que todos los ingredientes se mezclen. Ojo con los bloques de queso rallado que se forman y no se mezclan.<\/p>\n<p>Servir, y comer.<\/p>\n<p><a href=\"https:\/\/i0.wp.com\/le-fort.org\/wp-content\/uploads\/2012\/09\/listeilor.jpg?ssl=1\"><img data-recalc-dims=\"1\" loading=\"lazy\" decoding=\"async\" data-attachment-id=\"3792\" data-permalink=\"https:\/\/le-fort.org\/cocina\/fettuccine-alfredo-de-temas-y-variaciones\/listeilor-2\/\" data-orig-file=\"https:\/\/i0.wp.com\/le-fort.org\/cocina\/wp-content\/uploads\/2012\/09\/listeilor.jpg?fit=800%2C600&amp;ssl=1\" data-orig-size=\"800,600\" data-comments-opened=\"0\" data-image-meta=\"{&quot;aperture&quot;:&quot;0&quot;,&quot;credit&quot;:&quot;&quot;,&quot;camera&quot;:&quot;&quot;,&quot;caption&quot;:&quot;&quot;,&quot;created_timestamp&quot;:&quot;0&quot;,&quot;copyright&quot;:&quot;&quot;,&quot;focal_length&quot;:&quot;0&quot;,&quot;iso&quot;:&quot;0&quot;,&quot;shutter_speed&quot;:&quot;0&quot;,&quot;title&quot;:&quot;&quot;,&quot;orientation&quot;:&quot;0&quot;}\" data-image-title=\"Fettucine Alfredo\" data-image-description=\"\" data-image-caption=\"\" data-large-file=\"https:\/\/i0.wp.com\/le-fort.org\/cocina\/wp-content\/uploads\/2012\/09\/listeilor.jpg?fit=800%2C600&amp;ssl=1\" class=\"aligncenter size-full wp-image-3792\" src=\"https:\/\/i0.wp.com\/www.le-fort.org\/wp-content\/uploads\/2012\/09\/listeilor.jpg?resize=800%2C600&#038;ssl=1\" alt=\"Fettucine Alfredo\" width=\"800\" height=\"600\" srcset=\"https:\/\/i0.wp.com\/le-fort.org\/cocina\/wp-content\/uploads\/2012\/09\/listeilor.jpg?w=800&amp;ssl=1 800w, https:\/\/i0.wp.com\/le-fort.org\/cocina\/wp-content\/uploads\/2012\/09\/listeilor.jpg?resize=600%2C450&amp;ssl=1 600w\" sizes=\"auto, (max-width: 800px) 100vw, 800px\" \/><\/a><\/p>\n<p>Y esa es la historia de los <em>Fettuccine Alfredo<\/em>. \u00bfQu\u00e9 variante hac\u00e9is vosotros?<\/p>\n<p>La pr\u00f3xima vez lo haremos con tallarines para no andar contando las &#8220;t&#8221; y las &#8220;c&#8221; al escribir &#8220;fettuccine&#8221;<\/p>\n","protected":false},"excerpt":{"rendered":"<p>La salsa Alfredo es quiz\u00e1 la salsa que m\u00e1s modificaciones ha recibido manteniendo un nombre. Aqu\u00ed les contamos algo de su historia y ofrecemos una receta no del todo can\u00f3nica.<\/p>\n","protected":false},"author":1,"featured_media":3791,"comment_status":"open","ping_status":"closed","sticky":false,"template":"","format":"standard","meta":{"_jetpack_newsletter_access":"","_jetpack_dont_email_post_to_subs":false,"_jetpack_newsletter_tier_id":0,"_jetpack_memberships_contains_paywalled_content":false,"_jetpack_memberships_contains_paid_content":false,"footnotes":""},"categories":[2],"tags":[355,61,36,644,351,64],"class_list":["post-2107","post","type-post","status-publish","format-standard","has-post-thumbnail","hentry","category-recetas","tag-cocina-comida","tag-pasta","tag-pimienta","tag-quesos","tag-recetas","tag-salsas-para-pasta","entry","has-media"],"jetpack_featured_media_url":"https:\/\/i0.wp.com\/le-fort.org\/cocina\/wp-content\/uploads\/2012\/09\/heder.jpg?fit=1000%2C288&ssl=1","jetpack_shortlink":"https:\/\/wp.me\/pghKer-xZ","jetpack_sharing_enabled":true,"jetpack-related-posts":[{"id":5337,"url":"https:\/\/le-fort.org\/cocina\/fettuccine-con-salsa-de-tomate-y-garbanzos\/","url_meta":{"origin":2107,"position":0},"title":"Fettuccine con Salsa de Tomate y Garbanzos","author":"Le-Fort.org","date":"10 de Marzo, 2014","format":false,"excerpt":"Receta de fettuccine con salsa de tomates y garbanzos. Es una salsa muy interesante, que vale la pena probar e iterar, porque da para mucho. La textura de los garbanzos es notable.","rel":"","context":"En &quot;Recetas&quot;","block_context":{"text":"Recetas","link":"https:\/\/le-fort.org\/cocina\/categoria\/recetas\/"},"img":{"alt_text":"","src":"https:\/\/i0.wp.com\/le-fort.org\/cocina\/wp-content\/uploads\/2014\/03\/pasta-con-garbanzos-hs.jpg?fit=1200%2C400&ssl=1&resize=350%2C200","width":350,"height":200,"srcset":"https:\/\/i0.wp.com\/le-fort.org\/cocina\/wp-content\/uploads\/2014\/03\/pasta-con-garbanzos-hs.jpg?fit=1200%2C400&ssl=1&resize=350%2C200 1x, https:\/\/i0.wp.com\/le-fort.org\/cocina\/wp-content\/uploads\/2014\/03\/pasta-con-garbanzos-hs.jpg?fit=1200%2C400&ssl=1&resize=525%2C300 1.5x, https:\/\/i0.wp.com\/le-fort.org\/cocina\/wp-content\/uploads\/2014\/03\/pasta-con-garbanzos-hs.jpg?fit=1200%2C400&ssl=1&resize=700%2C400 2x, https:\/\/i0.wp.com\/le-fort.org\/cocina\/wp-content\/uploads\/2014\/03\/pasta-con-garbanzos-hs.jpg?fit=1200%2C400&ssl=1&resize=1050%2C600 3x"},"classes":[]},{"id":5092,"url":"https:\/\/le-fort.org\/cocina\/lo-mas-leido-del-2013\/","url_meta":{"origin":2107,"position":1},"title":"Lo m\u00e1s le\u00eddo del 2013","author":"Le-Fort.org","date":"31 de Diciembre, 2013","format":false,"excerpt":"Recopilaci\u00f3n de lo m\u00e1s le\u00eddo del a\u00f1o 2013: pastas, pie de lim\u00f3n y cocina orienta.","rel":"","context":"En &quot;Disquisiciones&quot;","block_context":{"text":"Disquisiciones","link":"https:\/\/le-fort.org\/cocina\/categoria\/disquisiciones\/"},"img":{"alt_text":"","src":"https:\/\/i0.wp.com\/le-fort.org\/cocina\/wp-content\/uploads\/2013\/09\/puttanesca-blanca-hd.jpg?fit=1200%2C400&ssl=1&resize=350%2C200","width":350,"height":200,"srcset":"https:\/\/i0.wp.com\/le-fort.org\/cocina\/wp-content\/uploads\/2013\/09\/puttanesca-blanca-hd.jpg?fit=1200%2C400&ssl=1&resize=350%2C200 1x, https:\/\/i0.wp.com\/le-fort.org\/cocina\/wp-content\/uploads\/2013\/09\/puttanesca-blanca-hd.jpg?fit=1200%2C400&ssl=1&resize=525%2C300 1.5x, https:\/\/i0.wp.com\/le-fort.org\/cocina\/wp-content\/uploads\/2013\/09\/puttanesca-blanca-hd.jpg?fit=1200%2C400&ssl=1&resize=700%2C400 2x, https:\/\/i0.wp.com\/le-fort.org\/cocina\/wp-content\/uploads\/2013\/09\/puttanesca-blanca-hd.jpg?fit=1200%2C400&ssl=1&resize=1050%2C600 3x"},"classes":[]},{"id":298,"url":"https:\/\/le-fort.org\/cocina\/salsa-bolonesa\/","url_meta":{"origin":2107,"position":2},"title":"Salsa Bolo\u00f1esa","author":"Rod","date":"25 de Enero, 2021","format":false,"excerpt":"Un cl\u00e1sico m\u00e1s popular fuera de Italia que dentro de ella","rel":"","context":"En &quot;Recetas y T\u00e9cnicas&quot;","block_context":{"text":"Recetas y T\u00e9cnicas","link":"https:\/\/le-fort.org\/cocina\/categoria\/rectas-tecnicas\/"},"img":{"alt_text":"","src":"https:\/\/i0.wp.com\/le-fort.org\/cocina\/wp-content\/uploads\/2021\/01\/bolognesa-hd.jpg?fit=1200%2C400&ssl=1&resize=350%2C200","width":350,"height":200,"srcset":"https:\/\/i0.wp.com\/le-fort.org\/cocina\/wp-content\/uploads\/2021\/01\/bolognesa-hd.jpg?fit=1200%2C400&ssl=1&resize=350%2C200 1x, https:\/\/i0.wp.com\/le-fort.org\/cocina\/wp-content\/uploads\/2021\/01\/bolognesa-hd.jpg?fit=1200%2C400&ssl=1&resize=525%2C300 1.5x, https:\/\/i0.wp.com\/le-fort.org\/cocina\/wp-content\/uploads\/2021\/01\/bolognesa-hd.jpg?fit=1200%2C400&ssl=1&resize=700%2C400 2x, https:\/\/i0.wp.com\/le-fort.org\/cocina\/wp-content\/uploads\/2021\/01\/bolognesa-hd.jpg?fit=1200%2C400&ssl=1&resize=1050%2C600 3x"},"classes":[]},{"id":280,"url":"https:\/\/le-fort.org\/cocina\/pasta-fresca\/","url_meta":{"origin":2107,"position":3},"title":"Pasta Fresca","author":"Rod","date":"11 de Enero, 2021","format":false,"excerpt":"Pasta fresca para fettuccine","rel":"","context":"En &quot;Recetas y T\u00e9cnicas&quot;","block_context":{"text":"Recetas y T\u00e9cnicas","link":"https:\/\/le-fort.org\/cocina\/categoria\/rectas-tecnicas\/"},"img":{"alt_text":"","src":"https:\/\/i0.wp.com\/le-fort.org\/cocina\/wp-content\/uploads\/2021\/01\/pasta-hd.png?fit=1200%2C400&ssl=1&resize=350%2C200","width":350,"height":200,"srcset":"https:\/\/i0.wp.com\/le-fort.org\/cocina\/wp-content\/uploads\/2021\/01\/pasta-hd.png?fit=1200%2C400&ssl=1&resize=350%2C200 1x, https:\/\/i0.wp.com\/le-fort.org\/cocina\/wp-content\/uploads\/2021\/01\/pasta-hd.png?fit=1200%2C400&ssl=1&resize=525%2C300 1.5x, https:\/\/i0.wp.com\/le-fort.org\/cocina\/wp-content\/uploads\/2021\/01\/pasta-hd.png?fit=1200%2C400&ssl=1&resize=700%2C400 2x, https:\/\/i0.wp.com\/le-fort.org\/cocina\/wp-content\/uploads\/2021\/01\/pasta-hd.png?fit=1200%2C400&ssl=1&resize=1050%2C600 3x"},"classes":[]},{"id":6197,"url":"https:\/\/le-fort.org\/cocina\/tallarines-aglio-olio-ajo-y-aceite-de-oliva\/","url_meta":{"origin":2107,"position":4},"title":"Tallarines Aglio &#038; Olio: Ajo y Aceite de Oliva","author":"Le-Fort.org","date":"30 de Abril, 2015","format":false,"excerpt":"Receta de tallarines, ajo, aceite de oliva, perejil, aj\u00ed seco y queso rallado. Muy simple, muy r\u00e1pido y muy bueno. www.loquecomemos.com","rel":"","context":"En &quot;Recetas&quot;","block_context":{"text":"Recetas","link":"https:\/\/le-fort.org\/cocina\/categoria\/recetas\/"},"img":{"alt_text":"","src":"https:\/\/i0.wp.com\/le-fort.org\/cocina\/wp-content\/uploads\/2015\/04\/aglio-olio-hd.jpg?fit=1200%2C400&ssl=1&resize=350%2C200","width":350,"height":200,"srcset":"https:\/\/i0.wp.com\/le-fort.org\/cocina\/wp-content\/uploads\/2015\/04\/aglio-olio-hd.jpg?fit=1200%2C400&ssl=1&resize=350%2C200 1x, https:\/\/i0.wp.com\/le-fort.org\/cocina\/wp-content\/uploads\/2015\/04\/aglio-olio-hd.jpg?fit=1200%2C400&ssl=1&resize=525%2C300 1.5x, https:\/\/i0.wp.com\/le-fort.org\/cocina\/wp-content\/uploads\/2015\/04\/aglio-olio-hd.jpg?fit=1200%2C400&ssl=1&resize=700%2C400 2x, https:\/\/i0.wp.com\/le-fort.org\/cocina\/wp-content\/uploads\/2015\/04\/aglio-olio-hd.jpg?fit=1200%2C400&ssl=1&resize=1050%2C600 3x"},"classes":[]},{"id":6791,"url":"https:\/\/le-fort.org\/cocina\/tallarines-a-la-caruso\/","url_meta":{"origin":2107,"position":5},"title":"Tallarines a la Caruso","author":"Le-Fort.org","date":"5 de Octubre, 2015","format":false,"excerpt":"La salsa Caruso es una salsa para pastas de origen uruguayo, que tiene champi\u00f1ones, jam\u00f3n, nueces y crema, principalmente. Esta versi\u00f3n es con tallarines","rel":"","context":"En &quot;Recetas&quot;","block_context":{"text":"Recetas","link":"https:\/\/le-fort.org\/cocina\/categoria\/recetas\/"},"img":{"alt_text":"","src":"https:\/\/i0.wp.com\/le-fort.org\/cocina\/wp-content\/uploads\/2015\/10\/salsa-caruso-hd.jpg?fit=1200%2C400&ssl=1&resize=350%2C200","width":350,"height":200,"srcset":"https:\/\/i0.wp.com\/le-fort.org\/cocina\/wp-content\/uploads\/2015\/10\/salsa-caruso-hd.jpg?fit=1200%2C400&ssl=1&resize=350%2C200 1x, https:\/\/i0.wp.com\/le-fort.org\/cocina\/wp-content\/uploads\/2015\/10\/salsa-caruso-hd.jpg?fit=1200%2C400&ssl=1&resize=525%2C300 1.5x, https:\/\/i0.wp.com\/le-fort.org\/cocina\/wp-content\/uploads\/2015\/10\/salsa-caruso-hd.jpg?fit=1200%2C400&ssl=1&resize=700%2C400 2x, https:\/\/i0.wp.com\/le-fort.org\/cocina\/wp-content\/uploads\/2015\/10\/salsa-caruso-hd.jpg?fit=1200%2C400&ssl=1&resize=1050%2C600 3x"},"classes":[]}],"_links":{"self":[{"href":"https:\/\/le-fort.org\/cocina\/wp-json\/wp\/v2\/posts\/2107","targetHints":{"allow":["GET"]}}],"collection":[{"href":"https:\/\/le-fort.org\/cocina\/wp-json\/wp\/v2\/posts"}],"about":[{"href":"https:\/\/le-fort.org\/cocina\/wp-json\/wp\/v2\/types\/post"}],"author":[{"embeddable":true,"href":"https:\/\/le-fort.org\/cocina\/wp-json\/wp\/v2\/users\/1"}],"replies":[{"embeddable":true,"href":"https:\/\/le-fort.org\/cocina\/wp-json\/wp\/v2\/comments?post=2107"}],"version-history":[{"count":1,"href":"https:\/\/le-fort.org\/cocina\/wp-json\/wp\/v2\/posts\/2107\/revisions"}],"predecessor-version":[{"id":16103,"href":"https:\/\/le-fort.org\/cocina\/wp-json\/wp\/v2\/posts\/2107\/revisions\/16103"}],"wp:featuredmedia":[{"embeddable":true,"href":"https:\/\/le-fort.org\/cocina\/wp-json\/wp\/v2\/media\/3791"}],"wp:attachment":[{"href":"https:\/\/le-fort.org\/cocina\/wp-json\/wp\/v2\/media?parent=2107"}],"wp:term":[{"taxonomy":"category","embeddable":true,"href":"https:\/\/le-fort.org\/cocina\/wp-json\/wp\/v2\/categories?post=2107"},{"taxonomy":"post_tag","embeddable":true,"href":"https:\/\/le-fort.org\/cocina\/wp-json\/wp\/v2\/tags?post=2107"}],"curies":[{"name":"wp","href":"https:\/\/api.w.org\/{rel}","templated":true}]}}